{"id":10010,"date":"2020-11-20T06:52:19","date_gmt":"2020-11-20T05:52:19","guid":{"rendered":"https:\/\/www.m-q.ch\/?p=10010"},"modified":"2021-02-09T09:20:57","modified_gmt":"2021-02-09T08:20:57","slug":"die-normen-gegen-risiken-wie-covid-19","status":"publish","type":"post","link":"https:\/\/www.m-q.ch\/de\/die-normen-gegen-risiken-wie-covid-19\/","title":{"rendered":"Die Normen gegen Risiken wie COVID-19"},"content":{"rendered":"<p><img loading=\"lazy\" decoding=\"async\" class=\"alignnone wp-image-10011\" src=\"https:\/\/www.m-q.ch\/wp-content\/uploads\/2021\/02\/06.jpg\" alt=\"\" width=\"839\" height=\"658\" srcset=\"https:\/\/www.m-q.ch\/wp-content\/uploads\/2021\/02\/06.jpg 565w, https:\/\/www.m-q.ch\/wp-content\/uploads\/2021\/02\/06-16x12.jpg 16w, https:\/\/www.m-q.ch\/wp-content\/uploads\/2021\/02\/06-223x175.jpg 223w, https:\/\/www.m-q.ch\/wp-content\/uploads\/2021\/02\/06-446x350.jpg 446w, https:\/\/www.m-q.ch\/wp-content\/uploads\/2021\/02\/06-300x235.jpg 300w\" sizes=\"auto, (max-width: 839px) 100vw, 839px\" \/><\/p>\n<p>Um die negativen Auswirkungen des Menschen auf unseren Planeten zu verringern, brauchen wir den politischen Willen, konkrete Massnahmen, aber sicher auch die richtigen Normen und Instrumente. Dazu geh\u00f6ren internationale Standards, sagt die ISO. Die internationalen Normen der ISO, der International Electrotechnical Commission (IEC) und der Internationalen Fernmeldeunion (ITU), ebenso europ\u00e4ische Normen und viele nationale Normen und andere G\u00fctezeichen besch\u00e4ftigen sich mit technischen Herausforderungen und passenden L\u00f6sungen. Eine wichtige Voraussetzung ist allerdings eine gemeing\u00fcltige Normensprache.<\/p>\n<p>Normen gibt es f\u00fcr fast alle Branchen, f\u00fcr Produkte und Dienstleistungen. Der Baubereich zum Beispiel hat viele Schnittstellen und M\u00f6glichkeiten f\u00fcr den Schutz der Umwelt. F\u00fcr die weltweiten Bem\u00fchungen zum Schutz des Planeten brauchen wir nicht nur, aber auch Normen. Sie legen Messmethoden und standardisierte Protokolle fest \u2013 auch \u00fcber politische und sprachliche Grenzen hinweg.<\/p>\n<p>Die internationalen Standards tragen dazu bei, Fachwissen und Expertenwissen in Industrie- und Entwicklungsl\u00e4ndern gleichermassen zu teilen, so decken Normen auch vielf\u00e4ltigste Aspekte des Umweltschutzes, der Biodiversit\u00e4t, der Energieeinsparung, nicht zuletzt auch der der Wasser- und Luftqualit\u00e4t ab. ISO ist \u00fcberzeugt, dass die breite Anwendung international anerkannter Normen mit dazu beitr\u00e4gt, die Umweltauswirkungen industrieller Produktion und Prozesse zu verringern, die Wiederverwendung begrenzter Ressourcen zu erleichtern und auch in Krisen wie den gegenw\u00e4rtigen COVID-19-Wellen f\u00fcr Orientierung zu sorgen.<\/p>\n<p><strong>Wo uns Normen sch\u00fctzen <\/strong><\/p>\n<p>Die ausserordentlichen Ereignisse des Jahres 2020 m\u00f6gen einige Sektoren zum Stillstand gebracht und in vielen anderen zu grossen St\u00f6rungen gef\u00fchrt haben, aber f\u00fcr die ISO steht zu viel auf dem Spiel, als dass man einfach mit der Umsetzung von Normen zuwarten k\u00f6nnte. In der Pressemitteilung zum Weltnormentag 2020 steht ein zentraler Satz: \u00abUm den menschlichen Einfluss auf unseren Planeten zu verringern, brauchen wir den politischen Willen, konkrete Massnahmen und die richtigen Instrumente. Internationale Normen sind ein solches Instrument.\u00bb Doch l\u00e4sst sich unsere Welt mit Normen sch\u00fctzen? Geht das? Das Motto kommt jedoch rechzeitiger denn je von der ISO mit Sitz in Genf.<\/p>\n<p><strong>Die St\u00e4rkung der Normung in Krisenzeiten <\/strong><\/p>\n<p>Die Erde, f\u00fchrt die ISO in der Medienmitteilung zum Weltnormentag aus, sei \u00abwie ein Schiff voller Leben\u00bb in der Weite unseres Sonnensystems. Das Leben auf der Erde h\u00e4ngt direkt von der Energie ab, die von der Sonne kommt. Im letzten Jahrhundert h\u00e4tten jedoch menschliche und grossfl\u00e4chige industrielle Aktivit\u00e4ten unserer modernen Zivilisation Treibhausgase, Abf\u00e4lle und Chemikalien produziert, die es in dieser Art und Menge vorher nicht gab und die nun die Existenz des Planeten Erde bedrohen. Doch nicht nur die Chemikalien, auch unser Umgang mit tierischer Nahrung und die Corona-Pandemie weisen uns dieses Jahr un\u00fcbersehbar und schmerzlich auf die Bedrohung hin. Was tun gegen den Klimawandel? \u00dcberall auf der Erde sp\u00fcren wir die negativen Auswirkungen auf unser Klima und damit auf alle Lebensformen. Auch wenn es Menschen, ja sogar Nationen gibt, die es noch immer nicht wahrhaben wollen: Die Erde heizt sich auf, wir haben Extremwetterlagen, mehr Trockenheit und D\u00fcrre, mehr \u00dcberschwemmungen, mehr Wirbelst\u00fcrme und mehr heftige Starkregen \u2013 dies wird auch hierzulande immer sp\u00fcrbarer. Gleichzeitig erfordern das weltweite Bev\u00f6lkerungswachstum und eine zunehmende Verst\u00e4dterung den verantwortungsvollen Umgang mit begrenzten Ressourcen. Der Verzehr von Wildtieren aus Urwaldgebieten ist \u2013 wie wir durch das Auftauchen immer neuer Viren erkennen \u2013 sicher nicht die L\u00f6sung. Sie liegt in der richtigen Einbettung von Normen.<\/p>\n","protected":false},"excerpt":{"rendered":"<p>Um die negativen Auswirkungen des Menschen auf unseren Planeten zu verringern, brauchen wir den politischen Willen, konkrete Massnahmen, aber sicher auch die richtigen Normen und Instrumente. Dazu geh\u00f6ren internationale Standards, sagt die ISO. Die internationalen Normen der ISO, der International Electrotechnical Commission (IEC) und der Internationalen Fernmeldeunion (ITU), ebenso europ\u00e4ische Normen und viele nationale Normen [&hellip;]<\/p>\n","protected":false},"author":60,"featured_media":10011,"comment_status":"closed","ping_status":"closed","sticky":false,"template":"","format":"standard","meta":{"_acf_changed":false,"footnotes":""},"categories":[4],"tags":[4725],"class_list":["post-10010","post","type-post","status-publish","format-standard","has-post-thumbnail","hentry","category-risikomanagement","tag-11-2020"],"acf":[],"yoast_head":"<!-- This site is optimized with the Yoast SEO plugin v26.2 - https:\/\/yoast.com\/wordpress\/plugins\/seo\/ -->\n<title>Die Normen gegen Risiken wie COVID-19 - MQ Management und Qualit\u00e4t<\/title>\n<meta name=\"description\" content=\"\u00abProtecting the planet with standards\u00bb, so hiess das Motto zum Weltnormentag der Internationalen Organisation f\u00fcr Normung (ISO). Sie hatte ihren Gedenktag am 14. Oktober 2020 unter das Thema Umweltschutz gestellt. Im Fokus stehen dabei nicht unbedingt \u00abnur\u00bb Umweltnormen, sondern auch international anerkannte Normen, die unsere Sicherheit und Gesundheit ber\u00fccksichtigen.\" \/>\n<meta name=\"robots\" content=\"index, follow, max-snippet:-1, max-image-preview:large, max-video-preview:-1\" \/>\n<link rel=\"canonical\" href=\"https:\/\/www.m-q.ch\/de\/die-normen-gegen-risiken-wie-covid-19\/\" \/>\n<meta property=\"og:locale\" content=\"de_DE\" \/>\n<meta property=\"og:type\" content=\"article\" \/>\n<meta property=\"og:title\" content=\"Die Normen gegen Risiken wie COVID-19 - MQ Management und Qualit\u00e4t\" \/>\n<meta property=\"og:description\" content=\"\u00abProtecting the planet with standards\u00bb, so hiess das Motto zum Weltnormentag der Internationalen Organisation f\u00fcr Normung (ISO). Sie hatte ihren Gedenktag am 14. Oktober 2020 unter das Thema Umweltschutz gestellt. Im Fokus stehen dabei nicht unbedingt \u00abnur\u00bb Umweltnormen, sondern auch international anerkannte Normen, die unsere Sicherheit und Gesundheit ber\u00fccksichtigen.\" \/>\n<meta property=\"og:url\" content=\"https:\/\/www.m-q.ch\/de\/die-normen-gegen-risiken-wie-covid-19\/\" \/>\n<meta property=\"og:site_name\" content=\"MQ Management und Qualit\u00e4t\" \/>\n<meta property=\"article:publisher\" content=\"https:\/\/www.facebook.com\/ManagementUndQualitaet\" \/>\n<meta property=\"article:published_time\" content=\"2020-11-20T05:52:19+00:00\" \/>\n<meta property=\"article:modified_time\" content=\"2021-02-09T08:20:57+00:00\" \/>\n<meta property=\"og:image\" content=\"https:\/\/www.m-q.ch\/wp-content\/uploads\/2021\/02\/06.jpg\" \/>\n\t<meta property=\"og:image:width\" content=\"565\" \/>\n\t<meta property=\"og:image:height\" content=\"443\" \/>\n\t<meta property=\"og:image:type\" content=\"image\/jpeg\" \/>\n<meta name=\"author\" content=\"upwork\" \/>\n<meta name=\"twitter:card\" content=\"summary_large_image\" \/>\n<meta name=\"twitter:label1\" content=\"Verfasst von\" \/>\n\t<meta name=\"twitter:data1\" content=\"upwork\" \/>\n\t<meta name=\"twitter:label2\" content=\"Gesch\u00e4tzte Lesezeit\" \/>\n\t<meta name=\"twitter:data2\" content=\"3\u00a0Minuten\" \/>\n<script type=\"application\/ld+json\" class=\"yoast-schema-graph\">{\"@context\":\"https:\/\/schema.org\",\"@graph\":[{\"@type\":\"Article\",\"@id\":\"https:\/\/www.m-q.ch\/die-normen-gegen-risiken-wie-covid-19\/#article\",\"isPartOf\":{\"@id\":\"https:\/\/www.m-q.ch\/die-normen-gegen-risiken-wie-covid-19\/\"},\"author\":{\"name\":\"upwork\",\"@id\":\"https:\/\/www.m-q.ch\/fr\/#\/schema\/person\/6044ff1d138701fac0f63fd4c5c93267\"},\"headline\":\"Die Normen gegen Risiken wie COVID-19\",\"datePublished\":\"2020-11-20T05:52:19+00:00\",\"dateModified\":\"2021-02-09T08:20:57+00:00\",\"mainEntityOfPage\":{\"@id\":\"https:\/\/www.m-q.ch\/die-normen-gegen-risiken-wie-covid-19\/\"},\"wordCount\":569,\"publisher\":{\"@id\":\"https:\/\/www.m-q.ch\/fr\/#organization\"},\"image\":{\"@id\":\"https:\/\/www.m-q.ch\/die-normen-gegen-risiken-wie-covid-19\/#primaryimage\"},\"thumbnailUrl\":\"https:\/\/www.m-q.ch\/wp-content\/uploads\/2021\/02\/06.jpg\",\"keywords\":[\"11\/2020\"],\"articleSection\":[\"Risikomanagement\"],\"inLanguage\":\"de\"},{\"@type\":\"WebPage\",\"@id\":\"https:\/\/www.m-q.ch\/die-normen-gegen-risiken-wie-covid-19\/\",\"url\":\"https:\/\/www.m-q.ch\/die-normen-gegen-risiken-wie-covid-19\/\",\"name\":\"Die Normen gegen Risiken wie COVID-19 - MQ Management und Qualit\u00e4t\",\"isPartOf\":{\"@id\":\"https:\/\/www.m-q.ch\/fr\/#website\"},\"primaryImageOfPage\":{\"@id\":\"https:\/\/www.m-q.ch\/die-normen-gegen-risiken-wie-covid-19\/#primaryimage\"},\"image\":{\"@id\":\"https:\/\/www.m-q.ch\/die-normen-gegen-risiken-wie-covid-19\/#primaryimage\"},\"thumbnailUrl\":\"https:\/\/www.m-q.ch\/wp-content\/uploads\/2021\/02\/06.jpg\",\"datePublished\":\"2020-11-20T05:52:19+00:00\",\"dateModified\":\"2021-02-09T08:20:57+00:00\",\"description\":\"\u00abProtecting the planet with standards\u00bb, so hiess das Motto zum Weltnormentag der Internationalen Organisation f\u00fcr Normung (ISO). Sie hatte ihren Gedenktag am 14. Oktober 2020 unter das Thema Umweltschutz gestellt. Im Fokus stehen dabei nicht unbedingt \u00abnur\u00bb Umweltnormen, sondern auch international anerkannte Normen, die unsere Sicherheit und Gesundheit ber\u00fccksichtigen.\",\"breadcrumb\":{\"@id\":\"https:\/\/www.m-q.ch\/die-normen-gegen-risiken-wie-covid-19\/#breadcrumb\"},\"inLanguage\":\"de\",\"potentialAction\":[{\"@type\":\"ReadAction\",\"target\":[\"https:\/\/www.m-q.ch\/die-normen-gegen-risiken-wie-covid-19\/\"]}]},{\"@type\":\"ImageObject\",\"inLanguage\":\"de\",\"@id\":\"https:\/\/www.m-q.ch\/die-normen-gegen-risiken-wie-covid-19\/#primaryimage\",\"url\":\"https:\/\/www.m-q.ch\/wp-content\/uploads\/2021\/02\/06.jpg\",\"contentUrl\":\"https:\/\/www.m-q.ch\/wp-content\/uploads\/2021\/02\/06.jpg\",\"width\":565,\"height\":443},{\"@type\":\"BreadcrumbList\",\"@id\":\"https:\/\/www.m-q.ch\/die-normen-gegen-risiken-wie-covid-19\/#breadcrumb\",\"itemListElement\":[{\"@type\":\"ListItem\",\"position\":1,\"name\":\"Risikomanagement\",\"item\":\"https:\/\/www.m-q.ch\/kategorie\/risikomanagement\/\"},{\"@type\":\"ListItem\",\"position\":2,\"name\":\"Die Normen gegen Risiken wie COVID-19\"}]},{\"@type\":\"WebSite\",\"@id\":\"https:\/\/www.m-q.ch\/fr\/#website\",\"url\":\"https:\/\/www.m-q.ch\/fr\/\",\"name\":\"MQ Management und Qualit\u00e4t\",\"description\":\"Plattform f\u00fcr integrierte Managementsysteme.\",\"publisher\":{\"@id\":\"https:\/\/www.m-q.ch\/fr\/#organization\"},\"potentialAction\":[{\"@type\":\"SearchAction\",\"target\":{\"@type\":\"EntryPoint\",\"urlTemplate\":\"https:\/\/www.m-q.ch\/fr\/?s={search_term_string}\"},\"query-input\":{\"@type\":\"PropertyValueSpecification\",\"valueRequired\":true,\"valueName\":\"search_term_string\"}}],\"inLanguage\":\"de\"},{\"@type\":\"Organization\",\"@id\":\"https:\/\/www.m-q.ch\/fr\/#organization\",\"name\":\"Galledia Fachmedien AG\",\"url\":\"https:\/\/www.m-q.ch\/fr\/\",\"logo\":{\"@type\":\"ImageObject\",\"inLanguage\":\"de\",\"@id\":\"https:\/\/www.m-q.ch\/fr\/#\/schema\/logo\/image\/\",\"url\":\"https:\/\/www.m-q.ch\/wp-content\/uploads\/2020\/12\/cropped-logo_small.png\",\"contentUrl\":\"https:\/\/www.m-q.ch\/wp-content\/uploads\/2020\/12\/cropped-logo_small.png\",\"width\":512,\"height\":512,\"caption\":\"Galledia Fachmedien AG\"},\"image\":{\"@id\":\"https:\/\/www.m-q.ch\/fr\/#\/schema\/logo\/image\/\"},\"sameAs\":[\"https:\/\/www.facebook.com\/ManagementUndQualitaet\",\"https:\/\/www.linkedin.com\/showcase\/17982321\/admin\/\"]},{\"@type\":\"Person\",\"@id\":\"https:\/\/www.m-q.ch\/fr\/#\/schema\/person\/6044ff1d138701fac0f63fd4c5c93267\",\"name\":\"upwork\",\"image\":{\"@type\":\"ImageObject\",\"inLanguage\":\"de\",\"@id\":\"https:\/\/www.m-q.ch\/fr\/#\/schema\/person\/image\/\",\"url\":\"https:\/\/secure.gravatar.com\/avatar\/fe2de2b04483edb0f28eb7fd34d15d6c?s=96&d=mm&r=g\",\"contentUrl\":\"https:\/\/secure.gravatar.com\/avatar\/fe2de2b04483edb0f28eb7fd34d15d6c?s=96&d=mm&r=g\",\"caption\":\"upwork\"},\"description\":\"uf3J7(qCI6jN0^0y6%%0ti70\",\"url\":\"https:\/\/www.m-q.ch\/de\/author\/upwork\/\"}]}<\/script>\n<!-- \/ Yoast SEO plugin. -->","yoast_head_json":{"title":"Die Normen gegen Risiken wie COVID-19 - MQ Management und Qualit\u00e4t","description":"\u00abProtecting the planet with standards\u00bb, so hiess das Motto zum Weltnormentag der Internationalen Organisation f\u00fcr Normung (ISO). Sie hatte ihren Gedenktag am 14. Oktober 2020 unter das Thema Umweltschutz gestellt. Im Fokus stehen dabei nicht unbedingt \u00abnur\u00bb Umweltnormen, sondern auch international anerkannte Normen, die unsere Sicherheit und Gesundheit ber\u00fccksichtigen.","robots":{"index":"index","follow":"follow","max-snippet":"max-snippet:-1","max-image-preview":"max-image-preview:large","max-video-preview":"max-video-preview:-1"},"canonical":"https:\/\/www.m-q.ch\/de\/die-normen-gegen-risiken-wie-covid-19\/","og_locale":"de_DE","og_type":"article","og_title":"Die Normen gegen Risiken wie COVID-19 - MQ Management und Qualit\u00e4t","og_description":"\u00abProtecting the planet with standards\u00bb, so hiess das Motto zum Weltnormentag der Internationalen Organisation f\u00fcr Normung (ISO). Sie hatte ihren Gedenktag am 14. Oktober 2020 unter das Thema Umweltschutz gestellt. Im Fokus stehen dabei nicht unbedingt \u00abnur\u00bb Umweltnormen, sondern auch international anerkannte Normen, die unsere Sicherheit und Gesundheit ber\u00fccksichtigen.","og_url":"https:\/\/www.m-q.ch\/de\/die-normen-gegen-risiken-wie-covid-19\/","og_site_name":"MQ Management und Qualit\u00e4t","article_publisher":"https:\/\/www.facebook.com\/ManagementUndQualitaet","article_published_time":"2020-11-20T05:52:19+00:00","article_modified_time":"2021-02-09T08:20:57+00:00","og_image":[{"width":565,"height":443,"url":"https:\/\/www.m-q.ch\/wp-content\/uploads\/2021\/02\/06.jpg","type":"image\/jpeg"}],"author":"upwork","twitter_card":"summary_large_image","twitter_misc":{"Verfasst von":"upwork","Gesch\u00e4tzte Lesezeit":"3\u00a0Minuten"},"schema":{"@context":"https:\/\/schema.org","@graph":[{"@type":"Article","@id":"https:\/\/www.m-q.ch\/die-normen-gegen-risiken-wie-covid-19\/#article","isPartOf":{"@id":"https:\/\/www.m-q.ch\/die-normen-gegen-risiken-wie-covid-19\/"},"author":{"name":"upwork","@id":"https:\/\/www.m-q.ch\/fr\/#\/schema\/person\/6044ff1d138701fac0f63fd4c5c93267"},"headline":"Die Normen gegen Risiken wie COVID-19","datePublished":"2020-11-20T05:52:19+00:00","dateModified":"2021-02-09T08:20:57+00:00","mainEntityOfPage":{"@id":"https:\/\/www.m-q.ch\/die-normen-gegen-risiken-wie-covid-19\/"},"wordCount":569,"publisher":{"@id":"https:\/\/www.m-q.ch\/fr\/#organization"},"image":{"@id":"https:\/\/www.m-q.ch\/die-normen-gegen-risiken-wie-covid-19\/#primaryimage"},"thumbnailUrl":"https:\/\/www.m-q.ch\/wp-content\/uploads\/2021\/02\/06.jpg","keywords":["11\/2020"],"articleSection":["Risikomanagement"],"inLanguage":"de"},{"@type":"WebPage","@id":"https:\/\/www.m-q.ch\/die-normen-gegen-risiken-wie-covid-19\/","url":"https:\/\/www.m-q.ch\/die-normen-gegen-risiken-wie-covid-19\/","name":"Die Normen gegen Risiken wie COVID-19 - MQ Management und Qualit\u00e4t","isPartOf":{"@id":"https:\/\/www.m-q.ch\/fr\/#website"},"primaryImageOfPage":{"@id":"https:\/\/www.m-q.ch\/die-normen-gegen-risiken-wie-covid-19\/#primaryimage"},"image":{"@id":"https:\/\/www.m-q.ch\/die-normen-gegen-risiken-wie-covid-19\/#primaryimage"},"thumbnailUrl":"https:\/\/www.m-q.ch\/wp-content\/uploads\/2021\/02\/06.jpg","datePublished":"2020-11-20T05:52:19+00:00","dateModified":"2021-02-09T08:20:57+00:00","description":"\u00abProtecting the planet with standards\u00bb, so hiess das Motto zum Weltnormentag der Internationalen Organisation f\u00fcr Normung (ISO). Sie hatte ihren Gedenktag am 14. Oktober 2020 unter das Thema Umweltschutz gestellt. Im Fokus stehen dabei nicht unbedingt \u00abnur\u00bb Umweltnormen, sondern auch international anerkannte Normen, die unsere Sicherheit und Gesundheit ber\u00fccksichtigen.","breadcrumb":{"@id":"https:\/\/www.m-q.ch\/die-normen-gegen-risiken-wie-covid-19\/#breadcrumb"},"inLanguage":"de","potentialAction":[{"@type":"ReadAction","target":["https:\/\/www.m-q.ch\/die-normen-gegen-risiken-wie-covid-19\/"]}]},{"@type":"ImageObject","inLanguage":"de","@id":"https:\/\/www.m-q.ch\/die-normen-gegen-risiken-wie-covid-19\/#primaryimage","url":"https:\/\/www.m-q.ch\/wp-content\/uploads\/2021\/02\/06.jpg","contentUrl":"https:\/\/www.m-q.ch\/wp-content\/uploads\/2021\/02\/06.jpg","width":565,"height":443},{"@type":"BreadcrumbList","@id":"https:\/\/www.m-q.ch\/die-normen-gegen-risiken-wie-covid-19\/#breadcrumb","itemListElement":[{"@type":"ListItem","position":1,"name":"Risikomanagement","item":"https:\/\/www.m-q.ch\/kategorie\/risikomanagement\/"},{"@type":"ListItem","position":2,"name":"Die Normen gegen Risiken wie COVID-19"}]},{"@type":"WebSite","@id":"https:\/\/www.m-q.ch\/fr\/#website","url":"https:\/\/www.m-q.ch\/fr\/","name":"MQ Management und Qualit\u00e4t","description":"Plattform f\u00fcr integrierte Managementsysteme.","publisher":{"@id":"https:\/\/www.m-q.ch\/fr\/#organization"},"potentialAction":[{"@type":"SearchAction","target":{"@type":"EntryPoint","urlTemplate":"https:\/\/www.m-q.ch\/fr\/?s={search_term_string}"},"query-input":{"@type":"PropertyValueSpecification","valueRequired":true,"valueName":"search_term_string"}}],"inLanguage":"de"},{"@type":"Organization","@id":"https:\/\/www.m-q.ch\/fr\/#organization","name":"Galledia Fachmedien AG","url":"https:\/\/www.m-q.ch\/fr\/","logo":{"@type":"ImageObject","inLanguage":"de","@id":"https:\/\/www.m-q.ch\/fr\/#\/schema\/logo\/image\/","url":"https:\/\/www.m-q.ch\/wp-content\/uploads\/2020\/12\/cropped-logo_small.png","contentUrl":"https:\/\/www.m-q.ch\/wp-content\/uploads\/2020\/12\/cropped-logo_small.png","width":512,"height":512,"caption":"Galledia Fachmedien AG"},"image":{"@id":"https:\/\/www.m-q.ch\/fr\/#\/schema\/logo\/image\/"},"sameAs":["https:\/\/www.facebook.com\/ManagementUndQualitaet","https:\/\/www.linkedin.com\/showcase\/17982321\/admin\/"]},{"@type":"Person","@id":"https:\/\/www.m-q.ch\/fr\/#\/schema\/person\/6044ff1d138701fac0f63fd4c5c93267","name":"upwork","image":{"@type":"ImageObject","inLanguage":"de","@id":"https:\/\/www.m-q.ch\/fr\/#\/schema\/person\/image\/","url":"https:\/\/secure.gravatar.com\/avatar\/fe2de2b04483edb0f28eb7fd34d15d6c?s=96&d=mm&r=g","contentUrl":"https:\/\/secure.gravatar.com\/avatar\/fe2de2b04483edb0f28eb7fd34d15d6c?s=96&d=mm&r=g","caption":"upwork"},"description":"uf3J7(qCI6jN0^0y6%%0ti70","url":"https:\/\/www.m-q.ch\/de\/author\/upwork\/"}]}},"_links":{"self":[{"href":"https:\/\/www.m-q.ch\/de\/wp-json\/wp\/v2\/posts\/10010","targetHints":{"allow":["GET"]}}],"collection":[{"href":"https:\/\/www.m-q.ch\/de\/wp-json\/wp\/v2\/posts"}],"about":[{"href":"https:\/\/www.m-q.ch\/de\/wp-json\/wp\/v2\/types\/post"}],"author":[{"embeddable":true,"href":"https:\/\/www.m-q.ch\/de\/wp-json\/wp\/v2\/users\/60"}],"replies":[{"embeddable":true,"href":"https:\/\/www.m-q.ch\/de\/wp-json\/wp\/v2\/comments?post=10010"}],"version-history":[{"count":3,"href":"https:\/\/www.m-q.ch\/de\/wp-json\/wp\/v2\/posts\/10010\/revisions"}],"predecessor-version":[{"id":10063,"href":"https:\/\/www.m-q.ch\/de\/wp-json\/wp\/v2\/posts\/10010\/revisions\/10063"}],"wp:featuredmedia":[{"embeddable":true,"href":"https:\/\/www.m-q.ch\/de\/wp-json\/wp\/v2\/media\/10011"}],"wp:attachment":[{"href":"https:\/\/www.m-q.ch\/de\/wp-json\/wp\/v2\/media?parent=10010"}],"wp:term":[{"taxonomy":"category","embeddable":true,"href":"https:\/\/www.m-q.ch\/de\/wp-json\/wp\/v2\/categories?post=10010"},{"taxonomy":"post_tag","embeddable":true,"href":"https:\/\/www.m-q.ch\/de\/wp-json\/wp\/v2\/tags?post=10010"}],"curies":[{"name":"wp","href":"https:\/\/api.w.org\/{rel}","templated":true}]}}