{"id":10175,"date":"2020-09-04T11:46:53","date_gmt":"2020-09-04T09:46:53","guid":{"rendered":"https:\/\/www.m-q.ch\/?p=10175"},"modified":"2021-02-11T15:53:23","modified_gmt":"2021-02-11T14:53:23","slug":"la-performance-oui-mais-durable","status":"publish","type":"post","link":"https:\/\/www.m-q.ch\/de\/la-performance-oui-mais-durable\/","title":{"rendered":"La performance oui, mais durable!"},"content":{"rendered":"<p><img loading=\"lazy\" decoding=\"async\" class=\"alignnone  wp-image-10177\" src=\"https:\/\/www.m-q.ch\/wp-content\/uploads\/2021\/02\/01-2.jpg\" alt=\"\" width=\"833\" height=\"639\" srcset=\"https:\/\/www.m-q.ch\/wp-content\/uploads\/2021\/02\/01-2.jpg 343w, https:\/\/www.m-q.ch\/wp-content\/uploads\/2021\/02\/01-2-16x12.jpg 16w, https:\/\/www.m-q.ch\/wp-content\/uploads\/2021\/02\/01-2-228x175.jpg 228w, https:\/\/www.m-q.ch\/wp-content\/uploads\/2021\/02\/01-2-300x230.jpg 300w\" sizes=\"auto, (max-width: 833px) 100vw, 833px\" \/><\/p>\n<p>Obtenir une performance durable ne rel\u00e8ve ni du miracle, ni de la magie, mais d\u2019une rigueur de tous les jours et d\u2019un engagement de tous les acteurs.<\/p>\n<p><strong>Les piliers de la durabilit\u00e9<\/strong><\/p>\n<p>Pour \u00eatre durable, une performance de haut niveau doit s\u2019appuyer sur plusieurs piliers:<\/p>\n<ul>\n<li>Planification strat\u00e9gique durable: La planification strat\u00e9gique ne veut pas dire de prendre des d\u00e9cisions dans le futur mais plut\u00f4t de prendre des d\u00e9cisions aujourd\u2019hui qui auront des cons\u00e9quences dans le futur (Bottom-up et Top-down, Hoshin Kanri \u2026)<\/li>\n<li>Reconfiguration des flux et des processus favorisant une satisfaction durable des parties prenantes.<\/li>\n<li>Pilotage de la performance: comment mettre en place un syst\u00e8me de pilotage de la performance durable? Comment s\u2019organiser et g\u00e9rer au mieux les crises (pand\u00e9mies \u2026)?<\/li>\n<li>Organisation durable: quelle organisation op\u00e9rationnelle favorise la r\u00e9solution de probl\u00e8mes et l\u2019am\u00e9lioration continue?<\/li>\n<li>Management des ressources: responsabilisation, autonomisation, initiative, engagement, motivation, \u00e9panouissement au travail (happiness au travail, pr\u00e9vention du burn-out et bore-out)<\/li>\n<li>D\u00e9ploiement d\u2019une culture de la performance durable: Change Management, apprentissage par l\u2019erreur, gestion participative, formation et communication<\/li>\n<li>Responsabilit\u00e9 soci\u00e9tale et performance durable: n\u00e9cessit\u00e9 de diminuer rapidement les impacts \u00e9cologiques et sociaux n\u00e9gatifs des entreprises, dans une transition vers une \u00e9conomie et une soci\u00e9t\u00e9 de la durabilit\u00e9 (Total Quality and Corporate Responsability, certification soci\u00e9tale B-Corp, Environnement, Lean&amp;Green)<\/li>\n<\/ul>\n<p>Bref: la performance durable est une recherche perp\u00e9tuelle d\u2019\u00e9quilibre entre les aspects \u00e9conomiques, sociaux et environnementaux. Elle se conjugue logiquement avec la responsabilit\u00e9 soci\u00e9tale, parce qu\u2019il devient indispensable de diminuer rapidement les impacts \u00e9cologiques et sociaux n\u00e9gatifs des entreprises, dans une transition vers une \u00e9conomie et une soci\u00e9t\u00e9 de la durabilit\u00e9.<\/p>\n<p>Points forts du programme<\/p>\n<p>L\u2019\u00e9v\u00e9nement s\u2019adresse particuli\u00e8rement aux entreprises industrielles et aux services qui souhaitent avoir une d\u00e9marche durable. Voici les \u00e9l\u00e9ments du programme connus \u00e0 ce jour :<\/p>\n<ul>\n<li>L\u2019association Ecoparc et le programme Eco Entreprise pr\u00e9senteront le panorama des d\u00e9marches de plus de 200 entreprises dans le d\u00e9veloppement durable et la responsabilit\u00e9 sociale ainsi que les tendances. Des conf\u00e9renciers du CHUV, de Polyval, T\u00e9l\u00e9Verbier et eHnv viendront vous pr\u00e9senter leurs d\u00e9marches.<\/li>\n<\/ul>\n<p>Les organisateurs ont \u00e9galement le plaisir d\u2019accueillir :<\/p>\n<ul>\n<li>Thomas Wiesel, humoriste suisse romand. Derri\u00e8re ses faux-semblants de premier de classe, il d\u00e9bite avec un style authentique et minimaliste ses punchlines cisel\u00e9es, n\u2019\u00e9pargnant personne, et surtout pas luim\u00eame.<\/li>\n<li>Jean-Pierre Egger, ancien sportif de haut niveau et participant aux Jeux Olympiques, entra\u00eeneur d\u2019\u00e9lite, formateur et conseiller pour le compte de Swiss Olympic. Il forme les cadres d\u2019entreprises sur le mod\u00e8le du chemin de l\u2019excellence qu\u2019il a d\u00e9velopp\u00e9.<\/li>\n<\/ul>\n<p>De plus amples informations sont disponibles sur le site www.forep.ch et sont mises \u00e0 jour en permanence. Il est aussi possible de visiter la conf\u00e9rence de fa\u00e7on virtuelle, les conditions seront annonc\u00e9es prochainement. Et \u00e9videmment les r\u00e8gles sanitaires en vigueur \u00e0 cette date seront respect\u00e9es.<\/p>\n","protected":false},"excerpt":{"rendered":"<p>Obtenir une performance durable ne rel\u00e8ve ni du miracle, ni de la magie, mais d\u2019une rigueur de tous les jours et d\u2019un engagement de tous les acteurs. Les piliers de la durabilit\u00e9 Pour \u00eatre durable, une performance de haut niveau doit s\u2019appuyer sur plusieurs piliers: Planification strat\u00e9gique durable: La planification strat\u00e9gique ne veut pas dire [&hellip;]<\/p>\n","protected":false},"author":60,"featured_media":10177,"comment_status":"closed","ping_status":"closed","sticky":false,"template":"","format":"standard","meta":{"_acf_changed":false,"footnotes":""},"categories":[4448],"tags":[4764],"class_list":["post-10175","post","type-post","status-publish","format-standard","has-post-thumbnail","hentry","category-allgemein","tag-08-09-2020"],"acf":[],"yoast_head":"<!-- This site is optimized with the Yoast SEO plugin v26.2 - https:\/\/yoast.com\/wordpress\/plugins\/seo\/ -->\n<title>La performance oui, mais durable! - MQ Management und Qualit\u00e4t<\/title>\n<meta name=\"description\" content=\"Le prochain FOREP \u2013 Forum Excellence &amp; Performance \u2013 aura lieu le 29 octobre 2020 \u00e0 la salle La Marive, \u00e0 Yverdon-les-Bains, et portera sur la th\u00e9matique suivante: \u00abLa performance oui, mais durable!\u00bb\" \/>\n<meta name=\"robots\" content=\"index, follow, max-snippet:-1, max-image-preview:large, max-video-preview:-1\" \/>\n<link rel=\"canonical\" href=\"https:\/\/www.m-q.ch\/de\/la-performance-oui-mais-durable\/\" \/>\n<meta property=\"og:locale\" content=\"de_DE\" \/>\n<meta property=\"og:type\" content=\"article\" \/>\n<meta property=\"og:title\" content=\"La performance oui, mais durable! - MQ Management und Qualit\u00e4t\" \/>\n<meta property=\"og:description\" content=\"Le prochain FOREP \u2013 Forum Excellence &amp; Performance \u2013 aura lieu le 29 octobre 2020 \u00e0 la salle La Marive, \u00e0 Yverdon-les-Bains, et portera sur la th\u00e9matique suivante: \u00abLa performance oui, mais durable!\u00bb\" \/>\n<meta property=\"og:url\" content=\"https:\/\/www.m-q.ch\/de\/la-performance-oui-mais-durable\/\" \/>\n<meta property=\"og:site_name\" content=\"MQ Management und Qualit\u00e4t\" \/>\n<meta property=\"article:publisher\" content=\"https:\/\/www.facebook.com\/ManagementUndQualitaet\" \/>\n<meta property=\"article:published_time\" content=\"2020-09-04T09:46:53+00:00\" \/>\n<meta property=\"article:modified_time\" content=\"2021-02-11T14:53:23+00:00\" \/>\n<meta property=\"og:image\" content=\"https:\/\/www.m-q.ch\/wp-content\/uploads\/2021\/02\/01-2.jpg\" \/>\n\t<meta property=\"og:image:width\" content=\"343\" \/>\n\t<meta property=\"og:image:height\" content=\"263\" \/>\n\t<meta property=\"og:image:type\" content=\"image\/jpeg\" \/>\n<meta name=\"author\" content=\"upwork\" \/>\n<meta name=\"twitter:card\" content=\"summary_large_image\" \/>\n<meta name=\"twitter:label1\" content=\"Verfasst von\" \/>\n\t<meta name=\"twitter:data1\" content=\"upwork\" \/>\n\t<meta name=\"twitter:label2\" content=\"Gesch\u00e4tzte Lesezeit\" \/>\n\t<meta name=\"twitter:data2\" content=\"3\u00a0Minuten\" \/>\n<script type=\"application\/ld+json\" class=\"yoast-schema-graph\">{\"@context\":\"https:\/\/schema.org\",\"@graph\":[{\"@type\":\"Article\",\"@id\":\"https:\/\/www.m-q.ch\/la-performance-oui-mais-durable\/#article\",\"isPartOf\":{\"@id\":\"https:\/\/www.m-q.ch\/la-performance-oui-mais-durable\/\"},\"author\":{\"name\":\"upwork\",\"@id\":\"https:\/\/www.m-q.ch\/fr\/#\/schema\/person\/6044ff1d138701fac0f63fd4c5c93267\"},\"headline\":\"La performance oui, mais durable!\",\"datePublished\":\"2020-09-04T09:46:53+00:00\",\"dateModified\":\"2021-02-11T14:53:23+00:00\",\"mainEntityOfPage\":{\"@id\":\"https:\/\/www.m-q.ch\/la-performance-oui-mais-durable\/\"},\"wordCount\":521,\"publisher\":{\"@id\":\"https:\/\/www.m-q.ch\/fr\/#organization\"},\"image\":{\"@id\":\"https:\/\/www.m-q.ch\/la-performance-oui-mais-durable\/#primaryimage\"},\"thumbnailUrl\":\"https:\/\/www.m-q.ch\/wp-content\/uploads\/2021\/02\/01-2.jpg\",\"keywords\":[\"08-09\/2020\"],\"inLanguage\":\"de\"},{\"@type\":\"WebPage\",\"@id\":\"https:\/\/www.m-q.ch\/la-performance-oui-mais-durable\/\",\"url\":\"https:\/\/www.m-q.ch\/la-performance-oui-mais-durable\/\",\"name\":\"La performance oui, mais durable! - MQ Management und Qualit\u00e4t\",\"isPartOf\":{\"@id\":\"https:\/\/www.m-q.ch\/fr\/#website\"},\"primaryImageOfPage\":{\"@id\":\"https:\/\/www.m-q.ch\/la-performance-oui-mais-durable\/#primaryimage\"},\"image\":{\"@id\":\"https:\/\/www.m-q.ch\/la-performance-oui-mais-durable\/#primaryimage\"},\"thumbnailUrl\":\"https:\/\/www.m-q.ch\/wp-content\/uploads\/2021\/02\/01-2.jpg\",\"datePublished\":\"2020-09-04T09:46:53+00:00\",\"dateModified\":\"2021-02-11T14:53:23+00:00\",\"description\":\"Le prochain FOREP \u2013 Forum Excellence & Performance \u2013 aura lieu le 29 octobre 2020 \u00e0 la salle La Marive, \u00e0 Yverdon-les-Bains, et portera sur la th\u00e9matique suivante: \u00abLa performance oui, mais durable!\u00bb\",\"breadcrumb\":{\"@id\":\"https:\/\/www.m-q.ch\/la-performance-oui-mais-durable\/#breadcrumb\"},\"inLanguage\":\"de\",\"potentialAction\":[{\"@type\":\"ReadAction\",\"target\":[\"https:\/\/www.m-q.ch\/la-performance-oui-mais-durable\/\"]}]},{\"@type\":\"ImageObject\",\"inLanguage\":\"de\",\"@id\":\"https:\/\/www.m-q.ch\/la-performance-oui-mais-durable\/#primaryimage\",\"url\":\"https:\/\/www.m-q.ch\/wp-content\/uploads\/2021\/02\/01-2.jpg\",\"contentUrl\":\"https:\/\/www.m-q.ch\/wp-content\/uploads\/2021\/02\/01-2.jpg\",\"width\":343,\"height\":263},{\"@type\":\"BreadcrumbList\",\"@id\":\"https:\/\/www.m-q.ch\/la-performance-oui-mais-durable\/#breadcrumb\",\"itemListElement\":[{\"@type\":\"ListItem\",\"position\":1,\"name\":\"Allgemein\",\"item\":\"https:\/\/www.m-q.ch\/kategorie\/allgemein\/\"},{\"@type\":\"ListItem\",\"position\":2,\"name\":\"La performance oui, mais durable!\"}]},{\"@type\":\"WebSite\",\"@id\":\"https:\/\/www.m-q.ch\/fr\/#website\",\"url\":\"https:\/\/www.m-q.ch\/fr\/\",\"name\":\"MQ Management und Qualit\u00e4t\",\"description\":\"Plattform f\u00fcr integrierte Managementsysteme.\",\"publisher\":{\"@id\":\"https:\/\/www.m-q.ch\/fr\/#organization\"},\"potentialAction\":[{\"@type\":\"SearchAction\",\"target\":{\"@type\":\"EntryPoint\",\"urlTemplate\":\"https:\/\/www.m-q.ch\/fr\/?s={search_term_string}\"},\"query-input\":{\"@type\":\"PropertyValueSpecification\",\"valueRequired\":true,\"valueName\":\"search_term_string\"}}],\"inLanguage\":\"de\"},{\"@type\":\"Organization\",\"@id\":\"https:\/\/www.m-q.ch\/fr\/#organization\",\"name\":\"Galledia Fachmedien AG\",\"url\":\"https:\/\/www.m-q.ch\/fr\/\",\"logo\":{\"@type\":\"ImageObject\",\"inLanguage\":\"de\",\"@id\":\"https:\/\/www.m-q.ch\/fr\/#\/schema\/logo\/image\/\",\"url\":\"https:\/\/www.m-q.ch\/wp-content\/uploads\/2020\/12\/cropped-logo_small.png\",\"contentUrl\":\"https:\/\/www.m-q.ch\/wp-content\/uploads\/2020\/12\/cropped-logo_small.png\",\"width\":512,\"height\":512,\"caption\":\"Galledia Fachmedien AG\"},\"image\":{\"@id\":\"https:\/\/www.m-q.ch\/fr\/#\/schema\/logo\/image\/\"},\"sameAs\":[\"https:\/\/www.facebook.com\/ManagementUndQualitaet\",\"https:\/\/www.linkedin.com\/showcase\/17982321\/admin\/\"]},{\"@type\":\"Person\",\"@id\":\"https:\/\/www.m-q.ch\/fr\/#\/schema\/person\/6044ff1d138701fac0f63fd4c5c93267\",\"name\":\"upwork\",\"image\":{\"@type\":\"ImageObject\",\"inLanguage\":\"de\",\"@id\":\"https:\/\/www.m-q.ch\/fr\/#\/schema\/person\/image\/\",\"url\":\"https:\/\/secure.gravatar.com\/avatar\/fe2de2b04483edb0f28eb7fd34d15d6c?s=96&d=mm&r=g\",\"contentUrl\":\"https:\/\/secure.gravatar.com\/avatar\/fe2de2b04483edb0f28eb7fd34d15d6c?s=96&d=mm&r=g\",\"caption\":\"upwork\"},\"description\":\"uf3J7(qCI6jN0^0y6%%0ti70\",\"url\":\"https:\/\/www.m-q.ch\/de\/author\/upwork\/\"}]}<\/script>\n<!-- \/ Yoast SEO plugin. -->","yoast_head_json":{"title":"La performance oui, mais durable! - MQ Management und Qualit\u00e4t","description":"Le prochain FOREP \u2013 Forum Excellence & Performance \u2013 aura lieu le 29 octobre 2020 \u00e0 la salle La Marive, \u00e0 Yverdon-les-Bains, et portera sur la th\u00e9matique suivante: \u00abLa performance oui, mais durable!\u00bb","robots":{"index":"index","follow":"follow","max-snippet":"max-snippet:-1","max-image-preview":"max-image-preview:large","max-video-preview":"max-video-preview:-1"},"canonical":"https:\/\/www.m-q.ch\/de\/la-performance-oui-mais-durable\/","og_locale":"de_DE","og_type":"article","og_title":"La performance oui, mais durable! - MQ Management und Qualit\u00e4t","og_description":"Le prochain FOREP \u2013 Forum Excellence & Performance \u2013 aura lieu le 29 octobre 2020 \u00e0 la salle La Marive, \u00e0 Yverdon-les-Bains, et portera sur la th\u00e9matique suivante: \u00abLa performance oui, mais durable!\u00bb","og_url":"https:\/\/www.m-q.ch\/de\/la-performance-oui-mais-durable\/","og_site_name":"MQ Management und Qualit\u00e4t","article_publisher":"https:\/\/www.facebook.com\/ManagementUndQualitaet","article_published_time":"2020-09-04T09:46:53+00:00","article_modified_time":"2021-02-11T14:53:23+00:00","og_image":[{"width":343,"height":263,"url":"https:\/\/www.m-q.ch\/wp-content\/uploads\/2021\/02\/01-2.jpg","type":"image\/jpeg"}],"author":"upwork","twitter_card":"summary_large_image","twitter_misc":{"Verfasst von":"upwork","Gesch\u00e4tzte Lesezeit":"3\u00a0Minuten"},"schema":{"@context":"https:\/\/schema.org","@graph":[{"@type":"Article","@id":"https:\/\/www.m-q.ch\/la-performance-oui-mais-durable\/#article","isPartOf":{"@id":"https:\/\/www.m-q.ch\/la-performance-oui-mais-durable\/"},"author":{"name":"upwork","@id":"https:\/\/www.m-q.ch\/fr\/#\/schema\/person\/6044ff1d138701fac0f63fd4c5c93267"},"headline":"La performance oui, mais durable!","datePublished":"2020-09-04T09:46:53+00:00","dateModified":"2021-02-11T14:53:23+00:00","mainEntityOfPage":{"@id":"https:\/\/www.m-q.ch\/la-performance-oui-mais-durable\/"},"wordCount":521,"publisher":{"@id":"https:\/\/www.m-q.ch\/fr\/#organization"},"image":{"@id":"https:\/\/www.m-q.ch\/la-performance-oui-mais-durable\/#primaryimage"},"thumbnailUrl":"https:\/\/www.m-q.ch\/wp-content\/uploads\/2021\/02\/01-2.jpg","keywords":["08-09\/2020"],"inLanguage":"de"},{"@type":"WebPage","@id":"https:\/\/www.m-q.ch\/la-performance-oui-mais-durable\/","url":"https:\/\/www.m-q.ch\/la-performance-oui-mais-durable\/","name":"La performance oui, mais durable! - MQ Management und Qualit\u00e4t","isPartOf":{"@id":"https:\/\/www.m-q.ch\/fr\/#website"},"primaryImageOfPage":{"@id":"https:\/\/www.m-q.ch\/la-performance-oui-mais-durable\/#primaryimage"},"image":{"@id":"https:\/\/www.m-q.ch\/la-performance-oui-mais-durable\/#primaryimage"},"thumbnailUrl":"https:\/\/www.m-q.ch\/wp-content\/uploads\/2021\/02\/01-2.jpg","datePublished":"2020-09-04T09:46:53+00:00","dateModified":"2021-02-11T14:53:23+00:00","description":"Le prochain FOREP \u2013 Forum Excellence & Performance \u2013 aura lieu le 29 octobre 2020 \u00e0 la salle La Marive, \u00e0 Yverdon-les-Bains, et portera sur la th\u00e9matique suivante: \u00abLa performance oui, mais durable!\u00bb","breadcrumb":{"@id":"https:\/\/www.m-q.ch\/la-performance-oui-mais-durable\/#breadcrumb"},"inLanguage":"de","potentialAction":[{"@type":"ReadAction","target":["https:\/\/www.m-q.ch\/la-performance-oui-mais-durable\/"]}]},{"@type":"ImageObject","inLanguage":"de","@id":"https:\/\/www.m-q.ch\/la-performance-oui-mais-durable\/#primaryimage","url":"https:\/\/www.m-q.ch\/wp-content\/uploads\/2021\/02\/01-2.jpg","contentUrl":"https:\/\/www.m-q.ch\/wp-content\/uploads\/2021\/02\/01-2.jpg","width":343,"height":263},{"@type":"BreadcrumbList","@id":"https:\/\/www.m-q.ch\/la-performance-oui-mais-durable\/#breadcrumb","itemListElement":[{"@type":"ListItem","position":1,"name":"Allgemein","item":"https:\/\/www.m-q.ch\/kategorie\/allgemein\/"},{"@type":"ListItem","position":2,"name":"La performance oui, mais durable!"}]},{"@type":"WebSite","@id":"https:\/\/www.m-q.ch\/fr\/#website","url":"https:\/\/www.m-q.ch\/fr\/","name":"MQ Management und Qualit\u00e4t","description":"Plattform f\u00fcr integrierte Managementsysteme.","publisher":{"@id":"https:\/\/www.m-q.ch\/fr\/#organization"},"potentialAction":[{"@type":"SearchAction","target":{"@type":"EntryPoint","urlTemplate":"https:\/\/www.m-q.ch\/fr\/?s={search_term_string}"},"query-input":{"@type":"PropertyValueSpecification","valueRequired":true,"valueName":"search_term_string"}}],"inLanguage":"de"},{"@type":"Organization","@id":"https:\/\/www.m-q.ch\/fr\/#organization","name":"Galledia Fachmedien AG","url":"https:\/\/www.m-q.ch\/fr\/","logo":{"@type":"ImageObject","inLanguage":"de","@id":"https:\/\/www.m-q.ch\/fr\/#\/schema\/logo\/image\/","url":"https:\/\/www.m-q.ch\/wp-content\/uploads\/2020\/12\/cropped-logo_small.png","contentUrl":"https:\/\/www.m-q.ch\/wp-content\/uploads\/2020\/12\/cropped-logo_small.png","width":512,"height":512,"caption":"Galledia Fachmedien AG"},"image":{"@id":"https:\/\/www.m-q.ch\/fr\/#\/schema\/logo\/image\/"},"sameAs":["https:\/\/www.facebook.com\/ManagementUndQualitaet","https:\/\/www.linkedin.com\/showcase\/17982321\/admin\/"]},{"@type":"Person","@id":"https:\/\/www.m-q.ch\/fr\/#\/schema\/person\/6044ff1d138701fac0f63fd4c5c93267","name":"upwork","image":{"@type":"ImageObject","inLanguage":"de","@id":"https:\/\/www.m-q.ch\/fr\/#\/schema\/person\/image\/","url":"https:\/\/secure.gravatar.com\/avatar\/fe2de2b04483edb0f28eb7fd34d15d6c?s=96&d=mm&r=g","contentUrl":"https:\/\/secure.gravatar.com\/avatar\/fe2de2b04483edb0f28eb7fd34d15d6c?s=96&d=mm&r=g","caption":"upwork"},"description":"uf3J7(qCI6jN0^0y6%%0ti70","url":"https:\/\/www.m-q.ch\/de\/author\/upwork\/"}]}},"_links":{"self":[{"href":"https:\/\/www.m-q.ch\/de\/wp-json\/wp\/v2\/posts\/10175","targetHints":{"allow":["GET"]}}],"collection":[{"href":"https:\/\/www.m-q.ch\/de\/wp-json\/wp\/v2\/posts"}],"about":[{"href":"https:\/\/www.m-q.ch\/de\/wp-json\/wp\/v2\/types\/post"}],"author":[{"embeddable":true,"href":"https:\/\/www.m-q.ch\/de\/wp-json\/wp\/v2\/users\/60"}],"replies":[{"embeddable":true,"href":"https:\/\/www.m-q.ch\/de\/wp-json\/wp\/v2\/comments?post=10175"}],"version-history":[{"count":1,"href":"https:\/\/www.m-q.ch\/de\/wp-json\/wp\/v2\/posts\/10175\/revisions"}],"predecessor-version":[{"id":10183,"href":"https:\/\/www.m-q.ch\/de\/wp-json\/wp\/v2\/posts\/10175\/revisions\/10183"}],"wp:featuredmedia":[{"embeddable":true,"href":"https:\/\/www.m-q.ch\/de\/wp-json\/wp\/v2\/media\/10177"}],"wp:attachment":[{"href":"https:\/\/www.m-q.ch\/de\/wp-json\/wp\/v2\/media?parent=10175"}],"wp:term":[{"taxonomy":"category","embeddable":true,"href":"https:\/\/www.m-q.ch\/de\/wp-json\/wp\/v2\/categories?post=10175"},{"taxonomy":"post_tag","embeddable":true,"href":"https:\/\/www.m-q.ch\/de\/wp-json\/wp\/v2\/tags?post=10175"}],"curies":[{"name":"wp","href":"https:\/\/api.w.org\/{rel}","templated":true}]}}