{"id":10185,"date":"2020-09-06T11:58:16","date_gmt":"2020-09-06T09:58:16","guid":{"rendered":"https:\/\/www.m-q.ch\/?p=10185"},"modified":"2021-02-11T15:53:19","modified_gmt":"2021-02-11T14:53:19","slug":"leistung-ja-aber-nachhaltig","status":"publish","type":"post","link":"https:\/\/www.m-q.ch\/de\/leistung-ja-aber-nachhaltig\/","title":{"rendered":"Leistung ja, aber nachhaltig!"},"content":{"rendered":"<p><img loading=\"lazy\" decoding=\"async\" class=\"alignnone  wp-image-10186\" src=\"https:\/\/www.m-q.ch\/wp-content\/uploads\/2021\/02\/02-2.jpg\" alt=\"\" width=\"816\" height=\"1015\" srcset=\"https:\/\/www.m-q.ch\/wp-content\/uploads\/2021\/02\/02-2.jpg 316w, https:\/\/www.m-q.ch\/wp-content\/uploads\/2021\/02\/02-2-10x12.jpg 10w, https:\/\/www.m-q.ch\/wp-content\/uploads\/2021\/02\/02-2-141x175.jpg 141w, https:\/\/www.m-q.ch\/wp-content\/uploads\/2021\/02\/02-2-281x350.jpg 281w, https:\/\/www.m-q.ch\/wp-content\/uploads\/2021\/02\/02-2-300x373.jpg 300w\" sizes=\"auto, (max-width: 816px) 100vw, 816px\" \/><\/p>\n<p>Das Erreichen einer dauerhaften Leistung ist weder ein Wunder noch eine Magie, sondern beruht auf t\u00e4glichem Einsatz und dem Engagement aller Akteure.<\/p>\n<p><strong>S\u00e4ulen der Nachhaltigkeit <\/strong><\/p>\n<p>Um nachhaltig zu sein, muss sich ein hohes Leistungsniveau auf mehrere S\u00e4ulen st\u00fctzen:<\/p>\n<ul>\n<li>Nachhaltige strategische Planung: Strategische Planung bedeutet nicht, Entscheidungen in der Zukunft zu treffen, sondern heute Entscheidungen zu treffen, die Konsequenzen f\u00fcr die Zukunft haben werden (Bottom-up und Top-down, Hoshin Kanri &#8230;).<\/li>\n<li>Rekonfiguration von Abl\u00e4ufen und Prozessen, die eine nachhaltige Zufriedenheit der Stakeholder f\u00f6rdern.<\/li>\n<li>Leistungsmanagement: Wie kann ein nachhaltiges Leistungsmanagementsystem eingerichtet werden? Wie lassen sich Krisen (Pandemien &#8230;) am besten organisieren und bew\u00e4ltigen?<\/li>\n<li>Nachhaltige Organisation: Welche betriebliche Organisation f\u00f6rdert die Probleml\u00f6sung und kontinuierliche Verbesserung?<\/li>\n<li>Ressourcenmanagement: Empowerment, Bef\u00e4higung, Eigeninitiative, Engagement, Motivation, Erf\u00fcllung bei der Arbeit (Arbeitsfreude, Pr\u00e4vention von Burn-out und Bore-out)<\/li>\n<li>Einsatz einer nachhaltigen Leistungskultur: Change Management, Lernen durch Fehler, partizipatives Management, Training und Kommunikation.<\/li>\n<li>Soziale Verantwortung und nachhaltige Leistung von Unternehmen: die Notwendigkeit, die negativen \u00f6kologischen und sozialen Auswirkungen von Unternehmen im \u00dcbergang zu einer nachhaltigen Wirtschaft und Gesellschaft rasch zu reduzieren (Total Quality and Corporate Responsibility, Sozialzertifizierung der B-Corp, Umwelt, Lean&amp;Green)<\/li>\n<\/ul>\n<p>Kurz gesagt: Nachhaltige Leistung ist eine st\u00e4ndige Suche nach einem Gleichgewicht zwischen wirtschaftlichen, sozialen und \u00f6kologischen Aspekten. Sie geht logischerweise Hand in Hand mit sozialer Verantwortung, denn es wird immer wichtiger, die negativen \u00f6kologischen und sozialen Auswirkungen von Unternehmen im \u00dcbergang zu einer nachhaltigen Wirtschaft und Gesellschaft rasch zu reduzieren.<\/p>\n<p><strong>Programm-Highlights <\/strong><\/p>\n<p>Die Veranstaltung richtet sich insbesondere an Industrie- und Dienstleistungsunternehmen, die einen nachhaltigen Ansatz verfolgen wollen. Hier sind die bisher bekannten Elemente des Programms:<\/p>\n<ul>\n<li>Der Verein Ecoparc und die Eco Entreprise pr\u00e4sentieren einen \u00dcberblick der Ans\u00e4tze von mehr als 200 Unternehmen in den Bereichen nachhaltige Entwicklung und soziale Verantwortung sowie Trends. Referenten von CHUV, Polyval, T\u00e9l\u00e9Verbier und eHnv werden ihre Ans\u00e4tze vorstellen.<\/li>\n<\/ul>\n<p>Die Organisatoren freuen sich auch \u00fcber folgende Referenten:<\/p>\n<ul>\n<li>Thomas Wiesel, Kabarettist aus der Romandie. Hinter seiner erstklassigen Mimik feuert er mit einem authentischen und minimalistischen Stil seine ziselierten Pointen ab und verschont dabei niemanden, vor allem nicht sich selbst.<\/li>\n<li>Jean-Pierre Egger, ehemaliger Spitzensportler und Olympiateilnehmer, Elitetrainer, Coach und Berater von Swiss Olympic. Er schult F\u00fchrungskr\u00e4fte von Unternehmen auf dem von ihm entwickelten Weg der Exzellenz.<\/li>\n<\/ul>\n<p>Weitere Informationen sind unter www. forep.ch verf\u00fcgbar und werden laufend aktualisiert. Es ist auch m\u00f6glich, die Konferenz virtuell zu besuchen, die Bedingungen werden in K\u00fcrze bekannt gegeben. Selbstverst\u00e4ndlich werden die zu diesem Zeitpunkt geltenden Hygienevorschriften eingehalten.<\/p>\n","protected":false},"excerpt":{"rendered":"<p>Das Erreichen einer dauerhaften Leistung ist weder ein Wunder noch eine Magie, sondern beruht auf t\u00e4glichem Einsatz und dem Engagement aller Akteure. S\u00e4ulen der Nachhaltigkeit Um nachhaltig zu sein, muss sich ein hohes Leistungsniveau auf mehrere S\u00e4ulen st\u00fctzen: Nachhaltige strategische Planung: Strategische Planung bedeutet nicht, Entscheidungen in der Zukunft zu treffen, sondern heute Entscheidungen zu [&hellip;]<\/p>\n","protected":false},"author":60,"featured_media":10186,"comment_status":"closed","ping_status":"closed","sticky":false,"template":"","format":"standard","meta":{"_acf_changed":false,"footnotes":""},"categories":[4448],"tags":[4764],"class_list":["post-10185","post","type-post","status-publish","format-standard","has-post-thumbnail","hentry","category-allgemein","tag-08-09-2020"],"acf":[],"yoast_head":"<!-- This site is optimized with the Yoast SEO plugin v26.2 - https:\/\/yoast.com\/wordpress\/plugins\/seo\/ -->\n<title>Leistung ja, aber nachhaltig! - MQ Management und Qualit\u00e4t<\/title>\n<meta name=\"description\" content=\"Das kommende FOREP (Forum Excellence &amp; Performance), veranstaltet durch die SAQ unter Federf\u00fchrung der Sektionen aus der Romandie, findet dieses Jahr am 29. Oktober 2020 wiederum in Yverdon-les-Bains statt. Das Thema lautet dieses Mal: Leistung ja, aber nachhaltig.\" \/>\n<meta name=\"robots\" content=\"index, follow, max-snippet:-1, max-image-preview:large, max-video-preview:-1\" \/>\n<link rel=\"canonical\" href=\"https:\/\/www.m-q.ch\/de\/leistung-ja-aber-nachhaltig\/\" \/>\n<meta property=\"og:locale\" content=\"de_DE\" \/>\n<meta property=\"og:type\" content=\"article\" \/>\n<meta property=\"og:title\" content=\"Leistung ja, aber nachhaltig! - MQ Management und Qualit\u00e4t\" \/>\n<meta property=\"og:description\" content=\"Das kommende FOREP (Forum Excellence &amp; Performance), veranstaltet durch die SAQ unter Federf\u00fchrung der Sektionen aus der Romandie, findet dieses Jahr am 29. Oktober 2020 wiederum in Yverdon-les-Bains statt. Das Thema lautet dieses Mal: Leistung ja, aber nachhaltig.\" \/>\n<meta property=\"og:url\" content=\"https:\/\/www.m-q.ch\/de\/leistung-ja-aber-nachhaltig\/\" \/>\n<meta property=\"og:site_name\" content=\"MQ Management und Qualit\u00e4t\" \/>\n<meta property=\"article:publisher\" content=\"https:\/\/www.facebook.com\/ManagementUndQualitaet\" \/>\n<meta property=\"article:published_time\" content=\"2020-09-06T09:58:16+00:00\" \/>\n<meta property=\"article:modified_time\" content=\"2021-02-11T14:53:19+00:00\" \/>\n<meta property=\"og:image\" content=\"https:\/\/www.m-q.ch\/wp-content\/uploads\/2021\/02\/02-2.jpg\" \/>\n\t<meta property=\"og:image:width\" content=\"316\" \/>\n\t<meta property=\"og:image:height\" content=\"393\" \/>\n\t<meta property=\"og:image:type\" content=\"image\/jpeg\" \/>\n<meta name=\"author\" content=\"upwork\" \/>\n<meta name=\"twitter:card\" content=\"summary_large_image\" \/>\n<meta name=\"twitter:label1\" content=\"Verfasst von\" \/>\n\t<meta name=\"twitter:data1\" content=\"upwork\" \/>\n\t<meta name=\"twitter:label2\" content=\"Gesch\u00e4tzte Lesezeit\" \/>\n\t<meta name=\"twitter:data2\" content=\"2\u00a0Minuten\" \/>\n<script type=\"application\/ld+json\" class=\"yoast-schema-graph\">{\"@context\":\"https:\/\/schema.org\",\"@graph\":[{\"@type\":\"Article\",\"@id\":\"https:\/\/www.m-q.ch\/leistung-ja-aber-nachhaltig\/#article\",\"isPartOf\":{\"@id\":\"https:\/\/www.m-q.ch\/leistung-ja-aber-nachhaltig\/\"},\"author\":{\"name\":\"upwork\",\"@id\":\"https:\/\/www.m-q.ch\/fr\/#\/schema\/person\/6044ff1d138701fac0f63fd4c5c93267\"},\"headline\":\"Leistung ja, aber nachhaltig!\",\"datePublished\":\"2020-09-06T09:58:16+00:00\",\"dateModified\":\"2021-02-11T14:53:19+00:00\",\"mainEntityOfPage\":{\"@id\":\"https:\/\/www.m-q.ch\/leistung-ja-aber-nachhaltig\/\"},\"wordCount\":421,\"publisher\":{\"@id\":\"https:\/\/www.m-q.ch\/fr\/#organization\"},\"image\":{\"@id\":\"https:\/\/www.m-q.ch\/leistung-ja-aber-nachhaltig\/#primaryimage\"},\"thumbnailUrl\":\"https:\/\/www.m-q.ch\/wp-content\/uploads\/2021\/02\/02-2.jpg\",\"keywords\":[\"08-09\/2020\"],\"inLanguage\":\"de\"},{\"@type\":\"WebPage\",\"@id\":\"https:\/\/www.m-q.ch\/leistung-ja-aber-nachhaltig\/\",\"url\":\"https:\/\/www.m-q.ch\/leistung-ja-aber-nachhaltig\/\",\"name\":\"Leistung ja, aber nachhaltig! - MQ Management und Qualit\u00e4t\",\"isPartOf\":{\"@id\":\"https:\/\/www.m-q.ch\/fr\/#website\"},\"primaryImageOfPage\":{\"@id\":\"https:\/\/www.m-q.ch\/leistung-ja-aber-nachhaltig\/#primaryimage\"},\"image\":{\"@id\":\"https:\/\/www.m-q.ch\/leistung-ja-aber-nachhaltig\/#primaryimage\"},\"thumbnailUrl\":\"https:\/\/www.m-q.ch\/wp-content\/uploads\/2021\/02\/02-2.jpg\",\"datePublished\":\"2020-09-06T09:58:16+00:00\",\"dateModified\":\"2021-02-11T14:53:19+00:00\",\"description\":\"Das kommende FOREP (Forum Excellence & Performance), veranstaltet durch die SAQ unter Federf\u00fchrung der Sektionen aus der Romandie, findet dieses Jahr am 29. Oktober 2020 wiederum in Yverdon-les-Bains statt. Das Thema lautet dieses Mal: Leistung ja, aber nachhaltig.\",\"breadcrumb\":{\"@id\":\"https:\/\/www.m-q.ch\/leistung-ja-aber-nachhaltig\/#breadcrumb\"},\"inLanguage\":\"de\",\"potentialAction\":[{\"@type\":\"ReadAction\",\"target\":[\"https:\/\/www.m-q.ch\/leistung-ja-aber-nachhaltig\/\"]}]},{\"@type\":\"ImageObject\",\"inLanguage\":\"de\",\"@id\":\"https:\/\/www.m-q.ch\/leistung-ja-aber-nachhaltig\/#primaryimage\",\"url\":\"https:\/\/www.m-q.ch\/wp-content\/uploads\/2021\/02\/02-2.jpg\",\"contentUrl\":\"https:\/\/www.m-q.ch\/wp-content\/uploads\/2021\/02\/02-2.jpg\",\"width\":316,\"height\":393},{\"@type\":\"BreadcrumbList\",\"@id\":\"https:\/\/www.m-q.ch\/leistung-ja-aber-nachhaltig\/#breadcrumb\",\"itemListElement\":[{\"@type\":\"ListItem\",\"position\":1,\"name\":\"Allgemein\",\"item\":\"https:\/\/www.m-q.ch\/kategorie\/allgemein\/\"},{\"@type\":\"ListItem\",\"position\":2,\"name\":\"Leistung ja, aber nachhaltig!\"}]},{\"@type\":\"WebSite\",\"@id\":\"https:\/\/www.m-q.ch\/fr\/#website\",\"url\":\"https:\/\/www.m-q.ch\/fr\/\",\"name\":\"MQ Management und Qualit\u00e4t\",\"description\":\"Plattform f\u00fcr integrierte Managementsysteme.\",\"publisher\":{\"@id\":\"https:\/\/www.m-q.ch\/fr\/#organization\"},\"potentialAction\":[{\"@type\":\"SearchAction\",\"target\":{\"@type\":\"EntryPoint\",\"urlTemplate\":\"https:\/\/www.m-q.ch\/fr\/?s={search_term_string}\"},\"query-input\":{\"@type\":\"PropertyValueSpecification\",\"valueRequired\":true,\"valueName\":\"search_term_string\"}}],\"inLanguage\":\"de\"},{\"@type\":\"Organization\",\"@id\":\"https:\/\/www.m-q.ch\/fr\/#organization\",\"name\":\"Galledia Fachmedien AG\",\"url\":\"https:\/\/www.m-q.ch\/fr\/\",\"logo\":{\"@type\":\"ImageObject\",\"inLanguage\":\"de\",\"@id\":\"https:\/\/www.m-q.ch\/fr\/#\/schema\/logo\/image\/\",\"url\":\"https:\/\/www.m-q.ch\/wp-content\/uploads\/2020\/12\/cropped-logo_small.png\",\"contentUrl\":\"https:\/\/www.m-q.ch\/wp-content\/uploads\/2020\/12\/cropped-logo_small.png\",\"width\":512,\"height\":512,\"caption\":\"Galledia Fachmedien AG\"},\"image\":{\"@id\":\"https:\/\/www.m-q.ch\/fr\/#\/schema\/logo\/image\/\"},\"sameAs\":[\"https:\/\/www.facebook.com\/ManagementUndQualitaet\",\"https:\/\/www.linkedin.com\/showcase\/17982321\/admin\/\"]},{\"@type\":\"Person\",\"@id\":\"https:\/\/www.m-q.ch\/fr\/#\/schema\/person\/6044ff1d138701fac0f63fd4c5c93267\",\"name\":\"upwork\",\"image\":{\"@type\":\"ImageObject\",\"inLanguage\":\"de\",\"@id\":\"https:\/\/www.m-q.ch\/fr\/#\/schema\/person\/image\/\",\"url\":\"https:\/\/secure.gravatar.com\/avatar\/fe2de2b04483edb0f28eb7fd34d15d6c?s=96&d=mm&r=g\",\"contentUrl\":\"https:\/\/secure.gravatar.com\/avatar\/fe2de2b04483edb0f28eb7fd34d15d6c?s=96&d=mm&r=g\",\"caption\":\"upwork\"},\"description\":\"uf3J7(qCI6jN0^0y6%%0ti70\",\"url\":\"https:\/\/www.m-q.ch\/de\/author\/upwork\/\"}]}<\/script>\n<!-- \/ Yoast SEO plugin. -->","yoast_head_json":{"title":"Leistung ja, aber nachhaltig! - MQ Management und Qualit\u00e4t","description":"Das kommende FOREP (Forum Excellence & Performance), veranstaltet durch die SAQ unter Federf\u00fchrung der Sektionen aus der Romandie, findet dieses Jahr am 29. Oktober 2020 wiederum in Yverdon-les-Bains statt. Das Thema lautet dieses Mal: Leistung ja, aber nachhaltig.","robots":{"index":"index","follow":"follow","max-snippet":"max-snippet:-1","max-image-preview":"max-image-preview:large","max-video-preview":"max-video-preview:-1"},"canonical":"https:\/\/www.m-q.ch\/de\/leistung-ja-aber-nachhaltig\/","og_locale":"de_DE","og_type":"article","og_title":"Leistung ja, aber nachhaltig! - MQ Management und Qualit\u00e4t","og_description":"Das kommende FOREP (Forum Excellence & Performance), veranstaltet durch die SAQ unter Federf\u00fchrung der Sektionen aus der Romandie, findet dieses Jahr am 29. Oktober 2020 wiederum in Yverdon-les-Bains statt. Das Thema lautet dieses Mal: Leistung ja, aber nachhaltig.","og_url":"https:\/\/www.m-q.ch\/de\/leistung-ja-aber-nachhaltig\/","og_site_name":"MQ Management und Qualit\u00e4t","article_publisher":"https:\/\/www.facebook.com\/ManagementUndQualitaet","article_published_time":"2020-09-06T09:58:16+00:00","article_modified_time":"2021-02-11T14:53:19+00:00","og_image":[{"width":316,"height":393,"url":"https:\/\/www.m-q.ch\/wp-content\/uploads\/2021\/02\/02-2.jpg","type":"image\/jpeg"}],"author":"upwork","twitter_card":"summary_large_image","twitter_misc":{"Verfasst von":"upwork","Gesch\u00e4tzte Lesezeit":"2\u00a0Minuten"},"schema":{"@context":"https:\/\/schema.org","@graph":[{"@type":"Article","@id":"https:\/\/www.m-q.ch\/leistung-ja-aber-nachhaltig\/#article","isPartOf":{"@id":"https:\/\/www.m-q.ch\/leistung-ja-aber-nachhaltig\/"},"author":{"name":"upwork","@id":"https:\/\/www.m-q.ch\/fr\/#\/schema\/person\/6044ff1d138701fac0f63fd4c5c93267"},"headline":"Leistung ja, aber nachhaltig!","datePublished":"2020-09-06T09:58:16+00:00","dateModified":"2021-02-11T14:53:19+00:00","mainEntityOfPage":{"@id":"https:\/\/www.m-q.ch\/leistung-ja-aber-nachhaltig\/"},"wordCount":421,"publisher":{"@id":"https:\/\/www.m-q.ch\/fr\/#organization"},"image":{"@id":"https:\/\/www.m-q.ch\/leistung-ja-aber-nachhaltig\/#primaryimage"},"thumbnailUrl":"https:\/\/www.m-q.ch\/wp-content\/uploads\/2021\/02\/02-2.jpg","keywords":["08-09\/2020"],"inLanguage":"de"},{"@type":"WebPage","@id":"https:\/\/www.m-q.ch\/leistung-ja-aber-nachhaltig\/","url":"https:\/\/www.m-q.ch\/leistung-ja-aber-nachhaltig\/","name":"Leistung ja, aber nachhaltig! - MQ Management und Qualit\u00e4t","isPartOf":{"@id":"https:\/\/www.m-q.ch\/fr\/#website"},"primaryImageOfPage":{"@id":"https:\/\/www.m-q.ch\/leistung-ja-aber-nachhaltig\/#primaryimage"},"image":{"@id":"https:\/\/www.m-q.ch\/leistung-ja-aber-nachhaltig\/#primaryimage"},"thumbnailUrl":"https:\/\/www.m-q.ch\/wp-content\/uploads\/2021\/02\/02-2.jpg","datePublished":"2020-09-06T09:58:16+00:00","dateModified":"2021-02-11T14:53:19+00:00","description":"Das kommende FOREP (Forum Excellence & Performance), veranstaltet durch die SAQ unter Federf\u00fchrung der Sektionen aus der Romandie, findet dieses Jahr am 29. Oktober 2020 wiederum in Yverdon-les-Bains statt. Das Thema lautet dieses Mal: Leistung ja, aber nachhaltig.","breadcrumb":{"@id":"https:\/\/www.m-q.ch\/leistung-ja-aber-nachhaltig\/#breadcrumb"},"inLanguage":"de","potentialAction":[{"@type":"ReadAction","target":["https:\/\/www.m-q.ch\/leistung-ja-aber-nachhaltig\/"]}]},{"@type":"ImageObject","inLanguage":"de","@id":"https:\/\/www.m-q.ch\/leistung-ja-aber-nachhaltig\/#primaryimage","url":"https:\/\/www.m-q.ch\/wp-content\/uploads\/2021\/02\/02-2.jpg","contentUrl":"https:\/\/www.m-q.ch\/wp-content\/uploads\/2021\/02\/02-2.jpg","width":316,"height":393},{"@type":"BreadcrumbList","@id":"https:\/\/www.m-q.ch\/leistung-ja-aber-nachhaltig\/#breadcrumb","itemListElement":[{"@type":"ListItem","position":1,"name":"Allgemein","item":"https:\/\/www.m-q.ch\/kategorie\/allgemein\/"},{"@type":"ListItem","position":2,"name":"Leistung ja, aber nachhaltig!"}]},{"@type":"WebSite","@id":"https:\/\/www.m-q.ch\/fr\/#website","url":"https:\/\/www.m-q.ch\/fr\/","name":"MQ Management und Qualit\u00e4t","description":"Plattform f\u00fcr integrierte Managementsysteme.","publisher":{"@id":"https:\/\/www.m-q.ch\/fr\/#organization"},"potentialAction":[{"@type":"SearchAction","target":{"@type":"EntryPoint","urlTemplate":"https:\/\/www.m-q.ch\/fr\/?s={search_term_string}"},"query-input":{"@type":"PropertyValueSpecification","valueRequired":true,"valueName":"search_term_string"}}],"inLanguage":"de"},{"@type":"Organization","@id":"https:\/\/www.m-q.ch\/fr\/#organization","name":"Galledia Fachmedien AG","url":"https:\/\/www.m-q.ch\/fr\/","logo":{"@type":"ImageObject","inLanguage":"de","@id":"https:\/\/www.m-q.ch\/fr\/#\/schema\/logo\/image\/","url":"https:\/\/www.m-q.ch\/wp-content\/uploads\/2020\/12\/cropped-logo_small.png","contentUrl":"https:\/\/www.m-q.ch\/wp-content\/uploads\/2020\/12\/cropped-logo_small.png","width":512,"height":512,"caption":"Galledia Fachmedien AG"},"image":{"@id":"https:\/\/www.m-q.ch\/fr\/#\/schema\/logo\/image\/"},"sameAs":["https:\/\/www.facebook.com\/ManagementUndQualitaet","https:\/\/www.linkedin.com\/showcase\/17982321\/admin\/"]},{"@type":"Person","@id":"https:\/\/www.m-q.ch\/fr\/#\/schema\/person\/6044ff1d138701fac0f63fd4c5c93267","name":"upwork","image":{"@type":"ImageObject","inLanguage":"de","@id":"https:\/\/www.m-q.ch\/fr\/#\/schema\/person\/image\/","url":"https:\/\/secure.gravatar.com\/avatar\/fe2de2b04483edb0f28eb7fd34d15d6c?s=96&d=mm&r=g","contentUrl":"https:\/\/secure.gravatar.com\/avatar\/fe2de2b04483edb0f28eb7fd34d15d6c?s=96&d=mm&r=g","caption":"upwork"},"description":"uf3J7(qCI6jN0^0y6%%0ti70","url":"https:\/\/www.m-q.ch\/de\/author\/upwork\/"}]}},"_links":{"self":[{"href":"https:\/\/www.m-q.ch\/de\/wp-json\/wp\/v2\/posts\/10185","targetHints":{"allow":["GET"]}}],"collection":[{"href":"https:\/\/www.m-q.ch\/de\/wp-json\/wp\/v2\/posts"}],"about":[{"href":"https:\/\/www.m-q.ch\/de\/wp-json\/wp\/v2\/types\/post"}],"author":[{"embeddable":true,"href":"https:\/\/www.m-q.ch\/de\/wp-json\/wp\/v2\/users\/60"}],"replies":[{"embeddable":true,"href":"https:\/\/www.m-q.ch\/de\/wp-json\/wp\/v2\/comments?post=10185"}],"version-history":[{"count":1,"href":"https:\/\/www.m-q.ch\/de\/wp-json\/wp\/v2\/posts\/10185\/revisions"}],"predecessor-version":[{"id":10188,"href":"https:\/\/www.m-q.ch\/de\/wp-json\/wp\/v2\/posts\/10185\/revisions\/10188"}],"wp:featuredmedia":[{"embeddable":true,"href":"https:\/\/www.m-q.ch\/de\/wp-json\/wp\/v2\/media\/10186"}],"wp:attachment":[{"href":"https:\/\/www.m-q.ch\/de\/wp-json\/wp\/v2\/media?parent=10185"}],"wp:term":[{"taxonomy":"category","embeddable":true,"href":"https:\/\/www.m-q.ch\/de\/wp-json\/wp\/v2\/categories?post=10185"},{"taxonomy":"post_tag","embeddable":true,"href":"https:\/\/www.m-q.ch\/de\/wp-json\/wp\/v2\/tags?post=10185"}],"curies":[{"name":"wp","href":"https:\/\/api.w.org\/{rel}","templated":true}]}}