{"id":10337,"date":"2020-07-07T07:17:54","date_gmt":"2020-07-07T05:17:54","guid":{"rendered":"https:\/\/www.m-q.ch\/?p=10337"},"modified":"2021-02-10T07:18:21","modified_gmt":"2021-02-10T06:18:21","slug":"wie-es-mit-der-mitarbeiterfuehrung-nach-dem-lockdown-weitergeht","status":"publish","type":"post","link":"https:\/\/www.m-q.ch\/de\/wie-es-mit-der-mitarbeiterfuehrung-nach-dem-lockdown-weitergeht\/","title":{"rendered":"Wie es mit der Mitarbeiterf\u00fchrung nach dem Lockdown weitergeht"},"content":{"rendered":"<p><img loading=\"lazy\" decoding=\"async\" class=\"alignnone wp-image-10338\" src=\"https:\/\/www.m-q.ch\/wp-content\/uploads\/2021\/02\/04-3.jpg\" alt=\"\" width=\"811\" height=\"484\" srcset=\"https:\/\/www.m-q.ch\/wp-content\/uploads\/2021\/02\/04-3.jpg 717w, https:\/\/www.m-q.ch\/wp-content\/uploads\/2021\/02\/04-3-16x10.jpg 16w, https:\/\/www.m-q.ch\/wp-content\/uploads\/2021\/02\/04-3-293x175.jpg 293w, https:\/\/www.m-q.ch\/wp-content\/uploads\/2021\/02\/04-3-586x350.jpg 586w, https:\/\/www.m-q.ch\/wp-content\/uploads\/2021\/02\/04-3-300x179.jpg 300w\" sizes=\"auto, (max-width: 811px) 100vw, 811px\" \/><\/p>\n<p>Die Lebenswelten der Mitarbeiter von Unternehmen sind verschieden, auch ihre biografisch bedingten Erfahrungen und Wertesysteme. Deshalb reagieren sie auch auf dieselben Ereignisse emotional verschieden. Das zeigt sich gerade in Ausnahmesituationen wie der Corona-Krise. W\u00e4hrend die einen in den zur\u00fcckliegenden Wochen unter anderem aufgrund der Bilder aus italienischen Kliniken, \u00fcberspitzt formuliert, ihr baldiges Lebensende bef\u00fcrchteten, genossen andere die Lockdownbedingte Auszeit und das sch\u00f6ne Wetter und dachten: Auch diese Katastrophe geht vor\u00fcber.<\/p>\n<p>Mit diesen Gef\u00fchlsextremen wurden die Personalverantwortlichen bzw. F\u00fchrungskr\u00e4fte in den Wochen nach dem Lockdown meist nur mittelbar konfrontiert, denn h\u00e4ufig waren ihre Mitarbeiter in Kurzarbeit oder im Homeoffice t\u00e4tig. Doch nun kehren sie zunehmend wieder an ihre Arbeitsst\u00e4tten im Betrieb zur\u00fcck.<\/p>\n<p><strong>Tipp 1: Machen Sie sich die Unterschiedlichkeit der Lebens- und Erfahrungswelt der R\u00fcckkehrer bewusst. <\/strong><\/p>\n<p>Hier\u00fcber freuen sich manche \u00abR\u00fcckkehrer\u00bb, andere haben gemischte Gef\u00fchle, wenn nicht gar Angst \u2013 zum Beispiel,<\/p>\n<ul>\n<li>weil sie sich vor einer Infektion am Arbeitsplatz f\u00fcrchten oder<\/li>\n<li>weil zu Hause ihre Kinder sind, deren Schulen noch geschlossen sind, oder<\/li>\n<li>weil sie sich fragen: Wie geht es im Betrieb weiter? Welche Ver\u00e4nderungen kommen auf mich zu? Eventuell sogar Arbeitslosigkeit?<\/li>\n<\/ul>\n<p>Machen Sie sich die Unterschiedlichkeit des Lebens und Erlebens Ihrer Mitarbeiter bewusst, denn nur dann k\u00f6nnen Sie angemessen hierauf reagieren.<\/p>\n<p><strong>Tipp 2: Stellen Sie sich darauf ein, dass Spannungen entstehen und zuweilen die Emotionen hochkochen.<\/strong><\/p>\n<p>Nicht selten wird das unterschiedliche Wahrnehmen und Empfinden zu Spannungen in der Belegschaft f\u00fchren. So berichten Personalverantwortliche zum Beispiel, dass die Mitarbeiter ihrer Unternehmen recht kontrovers dar\u00fcber debattieren, inwieweit in der Nach-Corona-Zeit ein Arbeiten im Homeoffice noch m\u00f6glich sein sollte. Oder dass die Produktionsmitarbeiter sich ver\u00e4rgert dar\u00fcber zeigen, dass sie schon \u00abantanzen\u00bb m\u00fcssen, w\u00e4hrend die B\u00fcromitarbeiter noch im Homeoffice sind.<\/p>\n<p>Auf solche Debatten m\u00fcssen sich die F\u00fchrungskr\u00e4fte und HR-Abteilungen einstellen; ausserdem darauf, dass die Mitarbeiter emotional sensibler als in der Zeit vor dem Lockdown reagieren.<\/p>\n<p><strong> Tipp 3: Rechnen Sie damit, dass Mitarbeiter ihre Gef\u00fchle nicht offen zeigen, sondern \u00abScheingefechte\u00bb f\u00fchren. <\/strong><\/p>\n<p>Mitarbeiter wissen meist aus Erfahrung: Wenn eine Person in Unternehmen Gef\u00fchle zeigt, wird dies von ihren Gespr\u00e4chspartnern oft als Schw\u00e4che interpretiert. Deshalb sind sie bem\u00fcht, am Arbeitsplatz wenig emotionale Betroffenheit zu zeigen. Sie verbergen ihre Empfindungen hinter scheinbar rationalen Argumenten.<\/p>\n<p>Deshalb wird in Unternehmen oft endlos \u00fcber Kleinigkeiten diskutiert. Und erreichen die Personen so ihre Ziele nicht, dann versuchen sie dies h\u00e4ufig \u00fcber Umwege \u2013 zum Beispiel, indem sie bewusst Beschl\u00fcsse fehlinterpretieren und Aufgaben vergessen. Rechnen Sie mit einem solchen Ausweichverhalten.<\/p>\n<p><strong> Tipp 4: Suchen Sie das Gespr\u00e4ch mit Ihren Mitarbeitern und zeigen Sie ihnen, dass Sie ihre Bedenken ernst nehmen.<\/strong><\/p>\n<p>Die Gefahr, dass Mitarbeiter ein Ausweichverhalten zeigen, ist umso gr\u00f6sser, je unsicherer sie ihre Situation empfinden. Suchen Sie deshalb aktiv das Gespr\u00e4ch mit den Mitarbeitern. Sprechen Sie mit ihnen, soweit m\u00f6glich, offen dar\u00fcber, in welcher Situation sich das Unternehmen befindet und was dies f\u00fcr sie bedeutet \u2013 zum Beispiel, indem Sie sagen: \u00abUnser Betrieb hat aktuell die Probleme A und B und steht vor den Herausforderungen C und D. Das heisst f\u00fcr uns, dass \u2026.\u00bb<\/p>\n<p>Stehen Sie zudem dazu, dass auch Sie nur ein Mensch aus Fleisch und Blut sind, zum Beispiel, indem Sie zu den Mitarbeitern sagen: \u00abAuch ich stehe momentan unter Druck. Legt deshalb bitte nicht jedes Wort und jede unwirsche Reaktion von mir auf die Goldwaage.\u00bb<\/p>\n<p>Erkl\u00e4ren Sie ihnen zudem immer wieder, dass auch die Top-Entscheider in Ihrem Unternehmen nur bedingt wissen, wie es weitergeht und sozusagen auf Sicht fahren. Dies sollten Sie speziell dann tun, wenn Planungen mal wieder \u00fcber Bord geworfen werden. Sonst sch\u00fcrt dies die \u00c4ngste und den Unmut der Mitarbeiter.<\/p>\n<p><strong> Tipps 5: Machen Sie sich bewusst, dass es auch Ihre Aufgabe ist, Ihren Mitarbeitern einen emotionalen Halt zu bieten. <\/strong><\/p>\n<p>In manchen Branchen gehen die Top-Entscheider davon aus, dass die Ums\u00e4tze ihrer Unternehmen langfristig um 20 oder gar 30 Prozent sinken. Deshalb stehen bei ihren Meetings auch Themen auf der Agenda wie:<\/p>\n<ul>\n<li>Sollen wir gewisse Gesch\u00e4ftsbereiche schliessen?<\/li>\n<li>M\u00fcssen wir Mitarbeiter entlassen?<\/li>\n<\/ul>\n<p>Dies kommunizieren die Top-Manager jedoch noch nicht \u00f6ffentlich (auch an die ihnen nachgeordneten F\u00fchrungskr\u00e4fte), weil sie sich in folgender Zwangslage befinden: Ein vorzeitiges Publikwerden ihrer Erw\u00e4gungen k\u00f6nnte negative Folgen f\u00fcr das Unternehmen haben \u2013 zum Beispiel f\u00fcr dessen Kundenbeziehungen, Image, Finanzierungsm\u00f6glichkeiten usw.<\/p>\n<p>Also k\u00f6nnen Sie als F\u00fchrungskraft in einer \u00abSandwich-Position\u00bb solche Entscheidungen nicht g\u00e4nzlich ausschliessen. Stehen Sie in den Gespr\u00e4chen mit den Mitarbeitern dazu, dass Sie nicht mit 100-prozentiger Sicherheit wissen, wie es weitergeht; versprechen Sie ihnen aber: \u00abIch informiere euch \u00fcber alle Sachverhalte, die euch betreffen, so fr\u00fch wie mir m\u00f6glich.\u00bb<\/p>\n<p>Seien Sie sich dabei jedoch bewusst: Ihre Funktion als F\u00fchrungskraft ist es auch, Ihren verunsicherten Mitarbeitern Halt zu bieten. Sie sollten also im Mitarbeiterkontakt, soweit m\u00f6glich, auch stets die Zuversicht ausstrahlen: \u00abWir schaffen es, wenn \u2026\u00bb Das erfordert von Ihnen zuweilen eine gewisse Schauspielerei. Versuchen Sie aber bei Ihren \u00f6ffentlichen Verlautbarungen, soweit m\u00f6glich, bei der Wahrheit zu bleiben, auch um Ihre Glaubw\u00fcrdigkeit nicht zu verlieren.<\/p>\n<p><strong>Tipp 6: Machen Sie sich Ihr Wertesystem bewusst und reflektieren Sie regelm\u00e4ssig Ihr Verhalten. <\/strong><\/p>\n<p>Wichtig ist es in den kommenden Wochen und Monaten, dass F\u00fchrungskr\u00e4fte \u2013 gerade weil sie selbst unter Druck stehen \u2013 regelm\u00e4ssig reflektieren:<\/p>\n<ul>\n<li>Was ist mein Wertesystem und was kennzeichnet meine Lebens- und Arbeitssituation? Und:<\/li>\n<li>Wodurch unterscheiden sich diese von meinem Gegen\u00fcber?<\/li>\n<\/ul>\n<p>Sonst ist die Gefahr gross, dass Sie auf Verhaltensweisen oder emotionale \u00c4usserungen Ihres Gegen\u00fcbers, die Sie irritieren, irrational oder mit Killerphrasen reagieren, wie: \u00abNun regen Sie sich mal nicht so auf.\u00bb Solche Aussagen verletzen das Gegen\u00fcber. Sie zerst\u00f6ren letztlich das, was sich F\u00fchrungskr\u00e4fte von ihren Mitarbeitern w\u00fcnschen:<\/p>\n<ul>\n<li>Identifikation mit ihrer Aufgabe sowie dem Unternehmen und<\/li>\n<li>die Bereitschaft, sich hierf\u00fcr zu engagieren.<\/li>\n<\/ul>\n<p>Wichtig ist eine Reflektion des eigenen Wertesystems auch, damit Sie einen inneren Kompass haben, um Ihr Verhalten zu reflektieren und bei Bedarf neu zu justieren. Denn klar ist: Mit Situationen und Herausforderungen, mit denen Sie nicht gerechnet haben, werden Sie in den kommenden Monaten noch oft konfrontiert. Also brauchen Sie einen inneren Kompass. Sonst schwanken Sie nicht nur aus Mitarbeitersicht wie ein Rohr im Wind.<\/p>\n","protected":false},"excerpt":{"rendered":"<p>Die Lebenswelten der Mitarbeiter von Unternehmen sind verschieden, auch ihre biografisch bedingten Erfahrungen und Wertesysteme. Deshalb reagieren sie auch auf dieselben Ereignisse emotional verschieden. Das zeigt sich gerade in Ausnahmesituationen wie der Corona-Krise. W\u00e4hrend die einen in den zur\u00fcckliegenden Wochen unter anderem aufgrund der Bilder aus italienischen Kliniken, \u00fcberspitzt formuliert, ihr baldiges Lebensende bef\u00fcrchteten, genossen [&hellip;]<\/p>\n","protected":false},"author":60,"featured_media":10338,"comment_status":"closed","ping_status":"closed","sticky":false,"template":"","format":"standard","meta":{"_acf_changed":false,"footnotes":""},"categories":[5],"tags":[4739],"class_list":["post-10337","post","type-post","status-publish","format-standard","has-post-thumbnail","hentry","category-business_excellence","tag-07-2020"],"acf":[],"yoast_head":"<!-- This site is optimized with the Yoast SEO plugin v26.2 - https:\/\/yoast.com\/wordpress\/plugins\/seo\/ -->\n<title>Wie es mit der Mitarbeiterf\u00fchrung nach dem Lockdown weitergeht - MQ Management und Qualit\u00e4t<\/title>\n<meta name=\"description\" content=\"Mit der Lockerung des Lockdowns kehren viele Mitarbeiter, die bisher in Kurzarbeit waren oder im Homeoffice arbeiteten, wieder an ihre \u00abnormalen\u00bb Arbeitsst\u00e4tten zur\u00fcck \u2013 oft mit gemischten Gef\u00fchlen. Das macht das F\u00fchren der Mitarbeiter schwierig.\" \/>\n<meta name=\"robots\" content=\"index, follow, max-snippet:-1, max-image-preview:large, max-video-preview:-1\" \/>\n<link rel=\"canonical\" href=\"https:\/\/www.m-q.ch\/de\/wie-es-mit-der-mitarbeiterfuehrung-nach-dem-lockdown-weitergeht\/\" \/>\n<meta property=\"og:locale\" content=\"de_DE\" \/>\n<meta property=\"og:type\" content=\"article\" \/>\n<meta property=\"og:title\" content=\"Wie es mit der Mitarbeiterf\u00fchrung nach dem Lockdown weitergeht - MQ Management und Qualit\u00e4t\" \/>\n<meta property=\"og:description\" content=\"Mit der Lockerung des Lockdowns kehren viele Mitarbeiter, die bisher in Kurzarbeit waren oder im Homeoffice arbeiteten, wieder an ihre \u00abnormalen\u00bb Arbeitsst\u00e4tten zur\u00fcck \u2013 oft mit gemischten Gef\u00fchlen. Das macht das F\u00fchren der Mitarbeiter schwierig.\" \/>\n<meta property=\"og:url\" content=\"https:\/\/www.m-q.ch\/de\/wie-es-mit-der-mitarbeiterfuehrung-nach-dem-lockdown-weitergeht\/\" \/>\n<meta property=\"og:site_name\" content=\"MQ Management und Qualit\u00e4t\" \/>\n<meta property=\"article:publisher\" content=\"https:\/\/www.facebook.com\/ManagementUndQualitaet\" \/>\n<meta property=\"article:published_time\" content=\"2020-07-07T05:17:54+00:00\" \/>\n<meta property=\"article:modified_time\" content=\"2021-02-10T06:18:21+00:00\" \/>\n<meta property=\"og:image\" content=\"https:\/\/www.m-q.ch\/wp-content\/uploads\/2021\/02\/04-3.jpg\" \/>\n\t<meta property=\"og:image:width\" content=\"717\" \/>\n\t<meta property=\"og:image:height\" content=\"428\" \/>\n\t<meta property=\"og:image:type\" content=\"image\/jpeg\" \/>\n<meta name=\"author\" content=\"upwork\" \/>\n<meta name=\"twitter:card\" content=\"summary_large_image\" \/>\n<meta name=\"twitter:label1\" content=\"Verfasst von\" \/>\n\t<meta name=\"twitter:data1\" content=\"upwork\" \/>\n\t<meta name=\"twitter:label2\" content=\"Gesch\u00e4tzte Lesezeit\" \/>\n\t<meta name=\"twitter:data2\" content=\"5\u00a0Minuten\" \/>\n<script type=\"application\/ld+json\" class=\"yoast-schema-graph\">{\"@context\":\"https:\/\/schema.org\",\"@graph\":[{\"@type\":\"Article\",\"@id\":\"https:\/\/www.m-q.ch\/wie-es-mit-der-mitarbeiterfuehrung-nach-dem-lockdown-weitergeht\/#article\",\"isPartOf\":{\"@id\":\"https:\/\/www.m-q.ch\/wie-es-mit-der-mitarbeiterfuehrung-nach-dem-lockdown-weitergeht\/\"},\"author\":{\"name\":\"upwork\",\"@id\":\"https:\/\/www.m-q.ch\/fr\/#\/schema\/person\/6044ff1d138701fac0f63fd4c5c93267\"},\"headline\":\"Wie es mit der Mitarbeiterf\u00fchrung nach dem Lockdown weitergeht\",\"datePublished\":\"2020-07-07T05:17:54+00:00\",\"dateModified\":\"2021-02-10T06:18:21+00:00\",\"mainEntityOfPage\":{\"@id\":\"https:\/\/www.m-q.ch\/wie-es-mit-der-mitarbeiterfuehrung-nach-dem-lockdown-weitergeht\/\"},\"wordCount\":1055,\"publisher\":{\"@id\":\"https:\/\/www.m-q.ch\/fr\/#organization\"},\"image\":{\"@id\":\"https:\/\/www.m-q.ch\/wie-es-mit-der-mitarbeiterfuehrung-nach-dem-lockdown-weitergeht\/#primaryimage\"},\"thumbnailUrl\":\"https:\/\/www.m-q.ch\/wp-content\/uploads\/2021\/02\/04-3.jpg\",\"keywords\":[\"07\/2020\"],\"articleSection\":[\"Business Excellence\"],\"inLanguage\":\"de\"},{\"@type\":\"WebPage\",\"@id\":\"https:\/\/www.m-q.ch\/wie-es-mit-der-mitarbeiterfuehrung-nach-dem-lockdown-weitergeht\/\",\"url\":\"https:\/\/www.m-q.ch\/wie-es-mit-der-mitarbeiterfuehrung-nach-dem-lockdown-weitergeht\/\",\"name\":\"Wie es mit der Mitarbeiterf\u00fchrung nach dem Lockdown weitergeht - MQ Management und Qualit\u00e4t\",\"isPartOf\":{\"@id\":\"https:\/\/www.m-q.ch\/fr\/#website\"},\"primaryImageOfPage\":{\"@id\":\"https:\/\/www.m-q.ch\/wie-es-mit-der-mitarbeiterfuehrung-nach-dem-lockdown-weitergeht\/#primaryimage\"},\"image\":{\"@id\":\"https:\/\/www.m-q.ch\/wie-es-mit-der-mitarbeiterfuehrung-nach-dem-lockdown-weitergeht\/#primaryimage\"},\"thumbnailUrl\":\"https:\/\/www.m-q.ch\/wp-content\/uploads\/2021\/02\/04-3.jpg\",\"datePublished\":\"2020-07-07T05:17:54+00:00\",\"dateModified\":\"2021-02-10T06:18:21+00:00\",\"description\":\"Mit der Lockerung des Lockdowns kehren viele Mitarbeiter, die bisher in Kurzarbeit waren oder im Homeoffice arbeiteten, wieder an ihre \u00abnormalen\u00bb Arbeitsst\u00e4tten zur\u00fcck \u2013 oft mit gemischten Gef\u00fchlen. Das macht das F\u00fchren der Mitarbeiter schwierig.\",\"breadcrumb\":{\"@id\":\"https:\/\/www.m-q.ch\/wie-es-mit-der-mitarbeiterfuehrung-nach-dem-lockdown-weitergeht\/#breadcrumb\"},\"inLanguage\":\"de\",\"potentialAction\":[{\"@type\":\"ReadAction\",\"target\":[\"https:\/\/www.m-q.ch\/wie-es-mit-der-mitarbeiterfuehrung-nach-dem-lockdown-weitergeht\/\"]}]},{\"@type\":\"ImageObject\",\"inLanguage\":\"de\",\"@id\":\"https:\/\/www.m-q.ch\/wie-es-mit-der-mitarbeiterfuehrung-nach-dem-lockdown-weitergeht\/#primaryimage\",\"url\":\"https:\/\/www.m-q.ch\/wp-content\/uploads\/2021\/02\/04-3.jpg\",\"contentUrl\":\"https:\/\/www.m-q.ch\/wp-content\/uploads\/2021\/02\/04-3.jpg\",\"width\":717,\"height\":428},{\"@type\":\"BreadcrumbList\",\"@id\":\"https:\/\/www.m-q.ch\/wie-es-mit-der-mitarbeiterfuehrung-nach-dem-lockdown-weitergeht\/#breadcrumb\",\"itemListElement\":[{\"@type\":\"ListItem\",\"position\":1,\"name\":\"Business Excellence\",\"item\":\"https:\/\/www.m-q.ch\/kategorie\/business_excellence\/\"},{\"@type\":\"ListItem\",\"position\":2,\"name\":\"Wie es mit der Mitarbeiterf\u00fchrung nach dem Lockdown weitergeht\"}]},{\"@type\":\"WebSite\",\"@id\":\"https:\/\/www.m-q.ch\/fr\/#website\",\"url\":\"https:\/\/www.m-q.ch\/fr\/\",\"name\":\"MQ Management und Qualit\u00e4t\",\"description\":\"Plattform f\u00fcr integrierte Managementsysteme.\",\"publisher\":{\"@id\":\"https:\/\/www.m-q.ch\/fr\/#organization\"},\"potentialAction\":[{\"@type\":\"SearchAction\",\"target\":{\"@type\":\"EntryPoint\",\"urlTemplate\":\"https:\/\/www.m-q.ch\/fr\/?s={search_term_string}\"},\"query-input\":{\"@type\":\"PropertyValueSpecification\",\"valueRequired\":true,\"valueName\":\"search_term_string\"}}],\"inLanguage\":\"de\"},{\"@type\":\"Organization\",\"@id\":\"https:\/\/www.m-q.ch\/fr\/#organization\",\"name\":\"Galledia Fachmedien AG\",\"url\":\"https:\/\/www.m-q.ch\/fr\/\",\"logo\":{\"@type\":\"ImageObject\",\"inLanguage\":\"de\",\"@id\":\"https:\/\/www.m-q.ch\/fr\/#\/schema\/logo\/image\/\",\"url\":\"https:\/\/www.m-q.ch\/wp-content\/uploads\/2020\/12\/cropped-logo_small.png\",\"contentUrl\":\"https:\/\/www.m-q.ch\/wp-content\/uploads\/2020\/12\/cropped-logo_small.png\",\"width\":512,\"height\":512,\"caption\":\"Galledia Fachmedien AG\"},\"image\":{\"@id\":\"https:\/\/www.m-q.ch\/fr\/#\/schema\/logo\/image\/\"},\"sameAs\":[\"https:\/\/www.facebook.com\/ManagementUndQualitaet\",\"https:\/\/www.linkedin.com\/showcase\/17982321\/admin\/\"]},{\"@type\":\"Person\",\"@id\":\"https:\/\/www.m-q.ch\/fr\/#\/schema\/person\/6044ff1d138701fac0f63fd4c5c93267\",\"name\":\"upwork\",\"image\":{\"@type\":\"ImageObject\",\"inLanguage\":\"de\",\"@id\":\"https:\/\/www.m-q.ch\/fr\/#\/schema\/person\/image\/\",\"url\":\"https:\/\/secure.gravatar.com\/avatar\/fe2de2b04483edb0f28eb7fd34d15d6c?s=96&d=mm&r=g\",\"contentUrl\":\"https:\/\/secure.gravatar.com\/avatar\/fe2de2b04483edb0f28eb7fd34d15d6c?s=96&d=mm&r=g\",\"caption\":\"upwork\"},\"description\":\"uf3J7(qCI6jN0^0y6%%0ti70\",\"url\":\"https:\/\/www.m-q.ch\/de\/author\/upwork\/\"}]}<\/script>\n<!-- \/ Yoast SEO plugin. -->","yoast_head_json":{"title":"Wie es mit der Mitarbeiterf\u00fchrung nach dem Lockdown weitergeht - MQ Management und Qualit\u00e4t","description":"Mit der Lockerung des Lockdowns kehren viele Mitarbeiter, die bisher in Kurzarbeit waren oder im Homeoffice arbeiteten, wieder an ihre \u00abnormalen\u00bb Arbeitsst\u00e4tten zur\u00fcck \u2013 oft mit gemischten Gef\u00fchlen. Das macht das F\u00fchren der Mitarbeiter schwierig.","robots":{"index":"index","follow":"follow","max-snippet":"max-snippet:-1","max-image-preview":"max-image-preview:large","max-video-preview":"max-video-preview:-1"},"canonical":"https:\/\/www.m-q.ch\/de\/wie-es-mit-der-mitarbeiterfuehrung-nach-dem-lockdown-weitergeht\/","og_locale":"de_DE","og_type":"article","og_title":"Wie es mit der Mitarbeiterf\u00fchrung nach dem Lockdown weitergeht - MQ Management und Qualit\u00e4t","og_description":"Mit der Lockerung des Lockdowns kehren viele Mitarbeiter, die bisher in Kurzarbeit waren oder im Homeoffice arbeiteten, wieder an ihre \u00abnormalen\u00bb Arbeitsst\u00e4tten zur\u00fcck \u2013 oft mit gemischten Gef\u00fchlen. Das macht das F\u00fchren der Mitarbeiter schwierig.","og_url":"https:\/\/www.m-q.ch\/de\/wie-es-mit-der-mitarbeiterfuehrung-nach-dem-lockdown-weitergeht\/","og_site_name":"MQ Management und Qualit\u00e4t","article_publisher":"https:\/\/www.facebook.com\/ManagementUndQualitaet","article_published_time":"2020-07-07T05:17:54+00:00","article_modified_time":"2021-02-10T06:18:21+00:00","og_image":[{"width":717,"height":428,"url":"https:\/\/www.m-q.ch\/wp-content\/uploads\/2021\/02\/04-3.jpg","type":"image\/jpeg"}],"author":"upwork","twitter_card":"summary_large_image","twitter_misc":{"Verfasst von":"upwork","Gesch\u00e4tzte Lesezeit":"5\u00a0Minuten"},"schema":{"@context":"https:\/\/schema.org","@graph":[{"@type":"Article","@id":"https:\/\/www.m-q.ch\/wie-es-mit-der-mitarbeiterfuehrung-nach-dem-lockdown-weitergeht\/#article","isPartOf":{"@id":"https:\/\/www.m-q.ch\/wie-es-mit-der-mitarbeiterfuehrung-nach-dem-lockdown-weitergeht\/"},"author":{"name":"upwork","@id":"https:\/\/www.m-q.ch\/fr\/#\/schema\/person\/6044ff1d138701fac0f63fd4c5c93267"},"headline":"Wie es mit der Mitarbeiterf\u00fchrung nach dem Lockdown weitergeht","datePublished":"2020-07-07T05:17:54+00:00","dateModified":"2021-02-10T06:18:21+00:00","mainEntityOfPage":{"@id":"https:\/\/www.m-q.ch\/wie-es-mit-der-mitarbeiterfuehrung-nach-dem-lockdown-weitergeht\/"},"wordCount":1055,"publisher":{"@id":"https:\/\/www.m-q.ch\/fr\/#organization"},"image":{"@id":"https:\/\/www.m-q.ch\/wie-es-mit-der-mitarbeiterfuehrung-nach-dem-lockdown-weitergeht\/#primaryimage"},"thumbnailUrl":"https:\/\/www.m-q.ch\/wp-content\/uploads\/2021\/02\/04-3.jpg","keywords":["07\/2020"],"articleSection":["Business Excellence"],"inLanguage":"de"},{"@type":"WebPage","@id":"https:\/\/www.m-q.ch\/wie-es-mit-der-mitarbeiterfuehrung-nach-dem-lockdown-weitergeht\/","url":"https:\/\/www.m-q.ch\/wie-es-mit-der-mitarbeiterfuehrung-nach-dem-lockdown-weitergeht\/","name":"Wie es mit der Mitarbeiterf\u00fchrung nach dem Lockdown weitergeht - MQ Management und Qualit\u00e4t","isPartOf":{"@id":"https:\/\/www.m-q.ch\/fr\/#website"},"primaryImageOfPage":{"@id":"https:\/\/www.m-q.ch\/wie-es-mit-der-mitarbeiterfuehrung-nach-dem-lockdown-weitergeht\/#primaryimage"},"image":{"@id":"https:\/\/www.m-q.ch\/wie-es-mit-der-mitarbeiterfuehrung-nach-dem-lockdown-weitergeht\/#primaryimage"},"thumbnailUrl":"https:\/\/www.m-q.ch\/wp-content\/uploads\/2021\/02\/04-3.jpg","datePublished":"2020-07-07T05:17:54+00:00","dateModified":"2021-02-10T06:18:21+00:00","description":"Mit der Lockerung des Lockdowns kehren viele Mitarbeiter, die bisher in Kurzarbeit waren oder im Homeoffice arbeiteten, wieder an ihre \u00abnormalen\u00bb Arbeitsst\u00e4tten zur\u00fcck \u2013 oft mit gemischten Gef\u00fchlen. Das macht das F\u00fchren der Mitarbeiter schwierig.","breadcrumb":{"@id":"https:\/\/www.m-q.ch\/wie-es-mit-der-mitarbeiterfuehrung-nach-dem-lockdown-weitergeht\/#breadcrumb"},"inLanguage":"de","potentialAction":[{"@type":"ReadAction","target":["https:\/\/www.m-q.ch\/wie-es-mit-der-mitarbeiterfuehrung-nach-dem-lockdown-weitergeht\/"]}]},{"@type":"ImageObject","inLanguage":"de","@id":"https:\/\/www.m-q.ch\/wie-es-mit-der-mitarbeiterfuehrung-nach-dem-lockdown-weitergeht\/#primaryimage","url":"https:\/\/www.m-q.ch\/wp-content\/uploads\/2021\/02\/04-3.jpg","contentUrl":"https:\/\/www.m-q.ch\/wp-content\/uploads\/2021\/02\/04-3.jpg","width":717,"height":428},{"@type":"BreadcrumbList","@id":"https:\/\/www.m-q.ch\/wie-es-mit-der-mitarbeiterfuehrung-nach-dem-lockdown-weitergeht\/#breadcrumb","itemListElement":[{"@type":"ListItem","position":1,"name":"Business Excellence","item":"https:\/\/www.m-q.ch\/kategorie\/business_excellence\/"},{"@type":"ListItem","position":2,"name":"Wie es mit der Mitarbeiterf\u00fchrung nach dem Lockdown weitergeht"}]},{"@type":"WebSite","@id":"https:\/\/www.m-q.ch\/fr\/#website","url":"https:\/\/www.m-q.ch\/fr\/","name":"MQ Management und Qualit\u00e4t","description":"Plattform f\u00fcr integrierte Managementsysteme.","publisher":{"@id":"https:\/\/www.m-q.ch\/fr\/#organization"},"potentialAction":[{"@type":"SearchAction","target":{"@type":"EntryPoint","urlTemplate":"https:\/\/www.m-q.ch\/fr\/?s={search_term_string}"},"query-input":{"@type":"PropertyValueSpecification","valueRequired":true,"valueName":"search_term_string"}}],"inLanguage":"de"},{"@type":"Organization","@id":"https:\/\/www.m-q.ch\/fr\/#organization","name":"Galledia Fachmedien AG","url":"https:\/\/www.m-q.ch\/fr\/","logo":{"@type":"ImageObject","inLanguage":"de","@id":"https:\/\/www.m-q.ch\/fr\/#\/schema\/logo\/image\/","url":"https:\/\/www.m-q.ch\/wp-content\/uploads\/2020\/12\/cropped-logo_small.png","contentUrl":"https:\/\/www.m-q.ch\/wp-content\/uploads\/2020\/12\/cropped-logo_small.png","width":512,"height":512,"caption":"Galledia Fachmedien AG"},"image":{"@id":"https:\/\/www.m-q.ch\/fr\/#\/schema\/logo\/image\/"},"sameAs":["https:\/\/www.facebook.com\/ManagementUndQualitaet","https:\/\/www.linkedin.com\/showcase\/17982321\/admin\/"]},{"@type":"Person","@id":"https:\/\/www.m-q.ch\/fr\/#\/schema\/person\/6044ff1d138701fac0f63fd4c5c93267","name":"upwork","image":{"@type":"ImageObject","inLanguage":"de","@id":"https:\/\/www.m-q.ch\/fr\/#\/schema\/person\/image\/","url":"https:\/\/secure.gravatar.com\/avatar\/fe2de2b04483edb0f28eb7fd34d15d6c?s=96&d=mm&r=g","contentUrl":"https:\/\/secure.gravatar.com\/avatar\/fe2de2b04483edb0f28eb7fd34d15d6c?s=96&d=mm&r=g","caption":"upwork"},"description":"uf3J7(qCI6jN0^0y6%%0ti70","url":"https:\/\/www.m-q.ch\/de\/author\/upwork\/"}]}},"_links":{"self":[{"href":"https:\/\/www.m-q.ch\/de\/wp-json\/wp\/v2\/posts\/10337","targetHints":{"allow":["GET"]}}],"collection":[{"href":"https:\/\/www.m-q.ch\/de\/wp-json\/wp\/v2\/posts"}],"about":[{"href":"https:\/\/www.m-q.ch\/de\/wp-json\/wp\/v2\/types\/post"}],"author":[{"embeddable":true,"href":"https:\/\/www.m-q.ch\/de\/wp-json\/wp\/v2\/users\/60"}],"replies":[{"embeddable":true,"href":"https:\/\/www.m-q.ch\/de\/wp-json\/wp\/v2\/comments?post=10337"}],"version-history":[{"count":1,"href":"https:\/\/www.m-q.ch\/de\/wp-json\/wp\/v2\/posts\/10337\/revisions"}],"predecessor-version":[{"id":10339,"href":"https:\/\/www.m-q.ch\/de\/wp-json\/wp\/v2\/posts\/10337\/revisions\/10339"}],"wp:featuredmedia":[{"embeddable":true,"href":"https:\/\/www.m-q.ch\/de\/wp-json\/wp\/v2\/media\/10338"}],"wp:attachment":[{"href":"https:\/\/www.m-q.ch\/de\/wp-json\/wp\/v2\/media?parent=10337"}],"wp:term":[{"taxonomy":"category","embeddable":true,"href":"https:\/\/www.m-q.ch\/de\/wp-json\/wp\/v2\/categories?post=10337"},{"taxonomy":"post_tag","embeddable":true,"href":"https:\/\/www.m-q.ch\/de\/wp-json\/wp\/v2\/tags?post=10337"}],"curies":[{"name":"wp","href":"https:\/\/api.w.org\/{rel}","templated":true}]}}