{"id":10385,"date":"2020-06-02T08:52:34","date_gmt":"2020-06-02T06:52:34","guid":{"rendered":"https:\/\/www.m-q.ch\/?p=10385"},"modified":"2021-02-10T09:09:18","modified_gmt":"2021-02-10T08:09:18","slug":"tag-der-schweizer-qualitaet-2020-auf-digitalen-wegen-2","status":"publish","type":"post","link":"https:\/\/www.m-q.ch\/de\/tag-der-schweizer-qualitaet-2020-auf-digitalen-wegen-2\/","title":{"rendered":"Tag der Schweizer Qualit\u00e4t 2020 auf digitalen Wegen"},"content":{"rendered":"<p><img loading=\"lazy\" decoding=\"async\" class=\"alignnone  wp-image-10389\" src=\"https:\/\/www.m-q.ch\/wp-content\/uploads\/2021\/02\/01-4.jpg\" alt=\"\" width=\"809\" height=\"603\" srcset=\"https:\/\/www.m-q.ch\/wp-content\/uploads\/2021\/02\/01-4.jpg 302w, https:\/\/www.m-q.ch\/wp-content\/uploads\/2021\/02\/01-4-16x12.jpg 16w, https:\/\/www.m-q.ch\/wp-content\/uploads\/2021\/02\/01-4-235x175.jpg 235w, https:\/\/www.m-q.ch\/wp-content\/uploads\/2021\/02\/01-4-300x224.jpg 300w\" sizes=\"auto, (max-width: 809px) 100vw, 809px\" \/><\/p>\n<p>Zum ersten Mal durfte SAQ-Gesch\u00e4ftsf\u00fchrerin Marlyse Roulin zum Tag der Schweizer Qualit\u00e4t (TSQ 2020) begr\u00fcssen. Und auch in anderer Hinsicht handelte es sich um eine Premiere: Der traditionelle Tag der Schweizer Qualit\u00e4t ging als voll digitaler, \u00fcberregionaler Live- Event \u00fcber die B\u00fchne im Berner Kursaal, erlebbar in voller L\u00e4nge via Stream. Es war ein Wagnis \u2013 aber eines, das man als sehr gelungen bezeichnen darf.<\/p>\n<p><strong> \u00abKI: Chance oder Risiko?\u00bb<\/strong><\/p>\n<p>Passend zur Premiere war auch das gew\u00e4hlte Thema: \u00abK\u00fcnstliche Intelligenz (KI): Chance oder Risiko?\u00bb \u2013 Eine Frage, die sich Marlyse Roulin auch bei ihrer Er\u00f6ffnungsansprache stellte. Sie wies dabei vor allem auf die Chancen der neuen Technologien hin. Diese b\u00f6ten sich aber nur, wenn Unternehmen sich verst\u00e4rkt agile Strukturen verschaffen und vom Silodenken wegkommen. Und wichtig sei es, sich \u00fcber die Fortschritte der KI auf dem Laufenden zu halten. Mit dem diesj\u00e4hrigen Tag der Schweizer Qualit\u00e4t lieferte die SAQ einen Beitrag dazu. Auch Bundesrat Guy Parmelin richtete ein ausf\u00fchrliches Grusswort \u00fcber KI an das Publikum an den Bildschirmen.<\/p>\n<p>Im ersten Referat des Vormittags unterzog Dalith Steiger von SwissCognitive das Tagungsthema einem \u00abReality Check\u00bb. KI sei im Wesentlichen eine Erweiterung der zunehmenden Vernetzung von Gegenst\u00e4nden. Es gehe nicht mehr nur um den reinen Austausch von Daten, sondern darum, \u00abetwas aus den Daten zu machen\u00bb. Darin, immer mehr Produkte \u00absmart\u00bb zu machen, liege eine grosse Chance f\u00fcr Unternehmen jeder Gr\u00f6sse. KI erm\u00f6gliche es, den Algorithmen das zu \u00fcberlassen, was Menschen nicht gerne tun, Zeit zu sparen und Gefahren auszuschliessen. Damit \u00f6ffnen sich die Tore f\u00fcr die eigentliche menschliche Kernkompetenz: die Kreativit\u00e4t.<\/p>\n<p>Einige dieser Aspekte wurden in der anschliessenden Podiumsdiskussion nochmals angesprochen. Ewa Ming, Gregory Lukowski und Dalith Steiger sprachen mit Diskussionsleiter Andy Fitze \u00fcber die Frage, was denn KI besser machen k\u00f6nne \u2013 auch hinsichtlich Qualit\u00e4t. Die Teilnehmenden der Diskussion waren sich einig, dass es prim\u00e4r darum gehe, gute von schlechten Daten zu differenzieren. Dalith Steiger wies zudem darauf hin, dass man nicht denken sollte, durch KITechnologie w\u00fcrde die Welt pl\u00f6tzlich von selbst funktionieren. Es brauche nach wie vor kreative und ethische Ans\u00e4tze, um digitale Prozesse zu steuern und zu nutzen.<\/p>\n<p><strong>Warum Normung f\u00fcr KI?<\/strong><\/p>\n<p>Filiz Elmas leitet seit dem 1. Juni 2019 die Gesch\u00e4ftsfeldentwicklung f\u00fcr k\u00fcnstliche Intelligenz (KI) bei DIN. Ihre Aufgabe ist es, in Kooperation mit den verantwortlichen Projektleitern die Synergien aller laufenden KI-Projekte zu erfassen und Projekte so zu gestalten, dass der Nutzen der Normung und Standardisierung f\u00fcr die Wirtschaft, Forschung und Gesellschaft im Bereich KI im Vordergrund steht.<\/p>\n<p>Durch die Live-Stream-Digitalisierung der Gesellschaft ist in j\u00fcngster Zeit deutlich geworden, wie wichtig die weltweite Regelung von Standards im digitalen Kontext sind. Filiz Elmas sprach am TSQ 2020 \u00fcber die Bedeutung von Normen und Standards f\u00fcr KI. \u00abEs braucht ein KI-Strategie bei den Regierungen.\u00bb Desto wichtiger sei die Mitwirkung von informierten DIN-Mitarbeitenden, Normen- und Standardisierungs-Experten, die KI-Landschaft mitzustrukturieren, indem sie neben weiteren beh\u00f6rdlichen Bestimmungen, einen klaren Handlungsrahmen schaffen.<\/p>\n<p><strong>Digitalisierung in der Praxis \u2013 zum Nutzen der Qualit\u00e4t <\/strong><\/p>\n<p>Am Nachmittag ging es dann um Digitalisierung \u2013 nicht nur in Form von KI \u2013 in der Praxis. Zun\u00e4chst lieferte Ruedi Bigler, Meisterlandwirt, Pr\u00e4sident von Aaremilch und Vizepr\u00e4sident der Branchenorganisation Milch, einen Einblick in seinen hochmodernen Bauernbetrieb (siehe S. 6).<\/p>\n<p>Pascale Lenz von IBM zeigte, wie mithilfe verschiedener Tools HR-Aufgaben in einem Grosskonzern bew\u00e4ltigt werden. Auch hier: Es geht um Daten und deren intelligente Analyse. Dank diesen k\u00f6nnen die Mitarbeiter gef\u00f6rdert und auf Karriereschritte vorbereitet werden. Mithilfe von E-Learning-Tools stellt IBM auch die notwendigen Weiterbildungen zur Verf\u00fcgung, damit ihre Angestellten ihre selbst gesteckten Ziele auch erreichen k\u00f6nnen. Dominik Weibel von der eMDe Blechfabrik erl\u00e4uterte darauf die Produktionsprozesse in seinem Unternehmen: Auf Basis von Microsoft SharePoint und in Kombination mit QR-Codes sind weite Teile der Papierf\u00fchrung verkn\u00fcpft, was das Prozessmanagement transparent und von verschiedenen Plattformen unabh\u00e4ngig macht. Dass dank Digitalisierung und KI-Anwendungen Produkte wie z.B. Nahrungsmittel sicherer werden, zeigte im Anschluss Stefan Kellenberger von der B\u00fchler AG in Uzwil. Eine ihrer Maschinen ist in der Lage, 250 000 Reisk\u00f6rner pro Sekunde zu detektieren und jene, die nicht den Qualit\u00e4tskriterien entsprechen, auszusortieren.<\/p>\n<p><strong>Menschliche Kernkompetenz \u00abKreativit\u00e4t\u00bb<\/strong><\/p>\n<p>Gerriet Danz lud am Schluss zu einer \u00abExpedition Innovation\u00bb ein. Er zeigte, dass Wandel ein entscheidender Treiber von Kreativit\u00e4t ist. Anhand von verschiedenen Beispielen demonstrierte er, dass Neues und Erfolgreiches h\u00e4ufig dann entsteht, wenn sich Dinge neu verkn\u00fcpfen lassen. Da k\u00f6nne man von Kindern viel lernen: \u00abDiese beginnen einfach mal, w\u00e4hrend Erwachsene erst mal diskutieren, wie ein Team zusammengesetzt werden soll.\u00bb Mit Kreativit\u00e4t lassen sich Grenzen \u00fcberschreiten.<\/p>\n<p>Dieser inspirierende Vortrag beschloss den aussergew\u00f6hnlichen Tag der Schweizer Qualit\u00e4t 2020. In seinem Schlusswort wies SAQPr\u00e4sident Ruedi Lustenberger darauf hin, dass man Entwicklungen nicht aufhalten kann. \u00abEntwicklung passiert.\u00bb Aber: \u00abDas Denken kann man dem intelligenten Menschen nicht verbieten. Denn ohne menschliche Intelligenz g\u00e4be es auch keine k\u00fcnstliche.\u00bb<\/p>\n<p>Der n\u00e4chste Tag der Schweizer Qualit\u00e4t ist f\u00fcr den 4. Mai 2021 vorgesehen, und zwar zum Thema \u00abCircular Economy\u00bb. Sicher werden einige positive Erfahrungen des diesj\u00e4hrigen Livestreams auch in das Konzept des n\u00e4chsten Events einfliessen. Zu hoffen ist, dass dann auch wieder der pers\u00f6nliche Austausch unter den Anwesenden m\u00f6glich sein wird. Denn Networking per Livestream ist halt nicht dasselbe \u2026<\/p>\n","protected":false},"excerpt":{"rendered":"<p>Zum ersten Mal durfte SAQ-Gesch\u00e4ftsf\u00fchrerin Marlyse Roulin zum Tag der Schweizer Qualit\u00e4t (TSQ 2020) begr\u00fcssen. Und auch in anderer Hinsicht handelte es sich um eine Premiere: Der traditionelle Tag der Schweizer Qualit\u00e4t ging als voll digitaler, \u00fcberregionaler Live- Event \u00fcber die B\u00fchne im Berner Kursaal, erlebbar in voller L\u00e4nge via Stream. Es war ein Wagnis [&hellip;]<\/p>\n","protected":false},"author":60,"featured_media":10389,"comment_status":"closed","ping_status":"closed","sticky":false,"template":"","format":"standard","meta":{"_acf_changed":false,"footnotes":""},"categories":[4448],"tags":[4743],"class_list":["post-10385","post","type-post","status-publish","format-standard","has-post-thumbnail","hentry","category-allgemein","tag-06-2020"],"acf":[],"yoast_head":"<!-- This site is optimized with the Yoast SEO plugin v26.2 - https:\/\/yoast.com\/wordpress\/plugins\/seo\/ -->\n<title>Tag der Schweizer Qualit\u00e4t 2020 auf digitalen Wegen - MQ Management und Qualit\u00e4t<\/title>\n<meta name=\"description\" content=\"Einen Tag der Schweizer Qualit\u00e4t wie jenen vom 13. Mai 2020 gab es so noch nie. Weil aufgrund der Corona-Pandemie-Massnahmenkeine Grossveranstaltungen erlaubt waren, gab es eine Premiere: Die SAQ ging mit der beliebten Tagung erstmals livevia Stream. MQ war dabei und fasst die Highlights zusammen.\" \/>\n<meta name=\"robots\" content=\"index, follow, max-snippet:-1, max-image-preview:large, max-video-preview:-1\" \/>\n<link rel=\"canonical\" href=\"https:\/\/www.m-q.ch\/de\/tag-der-schweizer-qualitaet-2020-auf-digitalen-wegen-2\/\" \/>\n<meta property=\"og:locale\" content=\"de_DE\" \/>\n<meta property=\"og:type\" content=\"article\" \/>\n<meta property=\"og:title\" content=\"Tag der Schweizer Qualit\u00e4t 2020 auf digitalen Wegen - MQ Management und Qualit\u00e4t\" \/>\n<meta property=\"og:description\" content=\"Einen Tag der Schweizer Qualit\u00e4t wie jenen vom 13. Mai 2020 gab es so noch nie. Weil aufgrund der Corona-Pandemie-Massnahmenkeine Grossveranstaltungen erlaubt waren, gab es eine Premiere: Die SAQ ging mit der beliebten Tagung erstmals livevia Stream. MQ war dabei und fasst die Highlights zusammen.\" \/>\n<meta property=\"og:url\" content=\"https:\/\/www.m-q.ch\/de\/tag-der-schweizer-qualitaet-2020-auf-digitalen-wegen-2\/\" \/>\n<meta property=\"og:site_name\" content=\"MQ Management und Qualit\u00e4t\" \/>\n<meta property=\"article:publisher\" content=\"https:\/\/www.facebook.com\/ManagementUndQualitaet\" \/>\n<meta property=\"article:published_time\" content=\"2020-06-02T06:52:34+00:00\" \/>\n<meta property=\"article:modified_time\" content=\"2021-02-10T08:09:18+00:00\" \/>\n<meta property=\"og:image\" content=\"https:\/\/www.m-q.ch\/wp-content\/uploads\/2021\/02\/01-4.jpg\" \/>\n\t<meta property=\"og:image:width\" content=\"302\" \/>\n\t<meta property=\"og:image:height\" content=\"225\" \/>\n\t<meta property=\"og:image:type\" content=\"image\/jpeg\" \/>\n<meta name=\"author\" content=\"upwork\" \/>\n<meta name=\"twitter:card\" content=\"summary_large_image\" \/>\n<meta name=\"twitter:label1\" content=\"Verfasst von\" \/>\n\t<meta name=\"twitter:data1\" content=\"upwork\" \/>\n\t<meta name=\"twitter:label2\" content=\"Gesch\u00e4tzte Lesezeit\" \/>\n\t<meta name=\"twitter:data2\" content=\"4\u00a0Minuten\" \/>\n<script type=\"application\/ld+json\" class=\"yoast-schema-graph\">{\"@context\":\"https:\/\/schema.org\",\"@graph\":[{\"@type\":\"Article\",\"@id\":\"https:\/\/www.m-q.ch\/tag-der-schweizer-qualitaet-2020-auf-digitalen-wegen-2\/#article\",\"isPartOf\":{\"@id\":\"https:\/\/www.m-q.ch\/tag-der-schweizer-qualitaet-2020-auf-digitalen-wegen-2\/\"},\"author\":{\"name\":\"upwork\",\"@id\":\"https:\/\/www.m-q.ch\/fr\/#\/schema\/person\/6044ff1d138701fac0f63fd4c5c93267\"},\"headline\":\"Tag der Schweizer Qualit\u00e4t 2020 auf digitalen Wegen\",\"datePublished\":\"2020-06-02T06:52:34+00:00\",\"dateModified\":\"2021-02-10T08:09:18+00:00\",\"mainEntityOfPage\":{\"@id\":\"https:\/\/www.m-q.ch\/tag-der-schweizer-qualitaet-2020-auf-digitalen-wegen-2\/\"},\"wordCount\":905,\"publisher\":{\"@id\":\"https:\/\/www.m-q.ch\/fr\/#organization\"},\"image\":{\"@id\":\"https:\/\/www.m-q.ch\/tag-der-schweizer-qualitaet-2020-auf-digitalen-wegen-2\/#primaryimage\"},\"thumbnailUrl\":\"https:\/\/www.m-q.ch\/wp-content\/uploads\/2021\/02\/01-4.jpg\",\"keywords\":[\"06\/2020\"],\"inLanguage\":\"de\"},{\"@type\":\"WebPage\",\"@id\":\"https:\/\/www.m-q.ch\/tag-der-schweizer-qualitaet-2020-auf-digitalen-wegen-2\/\",\"url\":\"https:\/\/www.m-q.ch\/tag-der-schweizer-qualitaet-2020-auf-digitalen-wegen-2\/\",\"name\":\"Tag der Schweizer Qualit\u00e4t 2020 auf digitalen Wegen - MQ Management und Qualit\u00e4t\",\"isPartOf\":{\"@id\":\"https:\/\/www.m-q.ch\/fr\/#website\"},\"primaryImageOfPage\":{\"@id\":\"https:\/\/www.m-q.ch\/tag-der-schweizer-qualitaet-2020-auf-digitalen-wegen-2\/#primaryimage\"},\"image\":{\"@id\":\"https:\/\/www.m-q.ch\/tag-der-schweizer-qualitaet-2020-auf-digitalen-wegen-2\/#primaryimage\"},\"thumbnailUrl\":\"https:\/\/www.m-q.ch\/wp-content\/uploads\/2021\/02\/01-4.jpg\",\"datePublished\":\"2020-06-02T06:52:34+00:00\",\"dateModified\":\"2021-02-10T08:09:18+00:00\",\"description\":\"Einen Tag der Schweizer Qualit\u00e4t wie jenen vom 13. Mai 2020 gab es so noch nie. Weil aufgrund der Corona-Pandemie-Massnahmenkeine Grossveranstaltungen erlaubt waren, gab es eine Premiere: Die SAQ ging mit der beliebten Tagung erstmals livevia Stream. MQ war dabei und fasst die Highlights zusammen.\",\"breadcrumb\":{\"@id\":\"https:\/\/www.m-q.ch\/tag-der-schweizer-qualitaet-2020-auf-digitalen-wegen-2\/#breadcrumb\"},\"inLanguage\":\"de\",\"potentialAction\":[{\"@type\":\"ReadAction\",\"target\":[\"https:\/\/www.m-q.ch\/tag-der-schweizer-qualitaet-2020-auf-digitalen-wegen-2\/\"]}]},{\"@type\":\"ImageObject\",\"inLanguage\":\"de\",\"@id\":\"https:\/\/www.m-q.ch\/tag-der-schweizer-qualitaet-2020-auf-digitalen-wegen-2\/#primaryimage\",\"url\":\"https:\/\/www.m-q.ch\/wp-content\/uploads\/2021\/02\/01-4.jpg\",\"contentUrl\":\"https:\/\/www.m-q.ch\/wp-content\/uploads\/2021\/02\/01-4.jpg\",\"width\":302,\"height\":225},{\"@type\":\"BreadcrumbList\",\"@id\":\"https:\/\/www.m-q.ch\/tag-der-schweizer-qualitaet-2020-auf-digitalen-wegen-2\/#breadcrumb\",\"itemListElement\":[{\"@type\":\"ListItem\",\"position\":1,\"name\":\"Allgemein\",\"item\":\"https:\/\/www.m-q.ch\/kategorie\/allgemein\/\"},{\"@type\":\"ListItem\",\"position\":2,\"name\":\"Tag der Schweizer Qualit\u00e4t 2020 auf digitalen Wegen\"}]},{\"@type\":\"WebSite\",\"@id\":\"https:\/\/www.m-q.ch\/fr\/#website\",\"url\":\"https:\/\/www.m-q.ch\/fr\/\",\"name\":\"MQ Management und Qualit\u00e4t\",\"description\":\"Plattform f\u00fcr integrierte Managementsysteme.\",\"publisher\":{\"@id\":\"https:\/\/www.m-q.ch\/fr\/#organization\"},\"potentialAction\":[{\"@type\":\"SearchAction\",\"target\":{\"@type\":\"EntryPoint\",\"urlTemplate\":\"https:\/\/www.m-q.ch\/fr\/?s={search_term_string}\"},\"query-input\":{\"@type\":\"PropertyValueSpecification\",\"valueRequired\":true,\"valueName\":\"search_term_string\"}}],\"inLanguage\":\"de\"},{\"@type\":\"Organization\",\"@id\":\"https:\/\/www.m-q.ch\/fr\/#organization\",\"name\":\"Galledia Fachmedien AG\",\"url\":\"https:\/\/www.m-q.ch\/fr\/\",\"logo\":{\"@type\":\"ImageObject\",\"inLanguage\":\"de\",\"@id\":\"https:\/\/www.m-q.ch\/fr\/#\/schema\/logo\/image\/\",\"url\":\"https:\/\/www.m-q.ch\/wp-content\/uploads\/2020\/12\/cropped-logo_small.png\",\"contentUrl\":\"https:\/\/www.m-q.ch\/wp-content\/uploads\/2020\/12\/cropped-logo_small.png\",\"width\":512,\"height\":512,\"caption\":\"Galledia Fachmedien AG\"},\"image\":{\"@id\":\"https:\/\/www.m-q.ch\/fr\/#\/schema\/logo\/image\/\"},\"sameAs\":[\"https:\/\/www.facebook.com\/ManagementUndQualitaet\",\"https:\/\/www.linkedin.com\/showcase\/17982321\/admin\/\"]},{\"@type\":\"Person\",\"@id\":\"https:\/\/www.m-q.ch\/fr\/#\/schema\/person\/6044ff1d138701fac0f63fd4c5c93267\",\"name\":\"upwork\",\"image\":{\"@type\":\"ImageObject\",\"inLanguage\":\"de\",\"@id\":\"https:\/\/www.m-q.ch\/fr\/#\/schema\/person\/image\/\",\"url\":\"https:\/\/secure.gravatar.com\/avatar\/fe2de2b04483edb0f28eb7fd34d15d6c?s=96&d=mm&r=g\",\"contentUrl\":\"https:\/\/secure.gravatar.com\/avatar\/fe2de2b04483edb0f28eb7fd34d15d6c?s=96&d=mm&r=g\",\"caption\":\"upwork\"},\"description\":\"uf3J7(qCI6jN0^0y6%%0ti70\",\"url\":\"https:\/\/www.m-q.ch\/de\/author\/upwork\/\"}]}<\/script>\n<!-- \/ Yoast SEO plugin. -->","yoast_head_json":{"title":"Tag der Schweizer Qualit\u00e4t 2020 auf digitalen Wegen - MQ Management und Qualit\u00e4t","description":"Einen Tag der Schweizer Qualit\u00e4t wie jenen vom 13. Mai 2020 gab es so noch nie. Weil aufgrund der Corona-Pandemie-Massnahmenkeine Grossveranstaltungen erlaubt waren, gab es eine Premiere: Die SAQ ging mit der beliebten Tagung erstmals livevia Stream. MQ war dabei und fasst die Highlights zusammen.","robots":{"index":"index","follow":"follow","max-snippet":"max-snippet:-1","max-image-preview":"max-image-preview:large","max-video-preview":"max-video-preview:-1"},"canonical":"https:\/\/www.m-q.ch\/de\/tag-der-schweizer-qualitaet-2020-auf-digitalen-wegen-2\/","og_locale":"de_DE","og_type":"article","og_title":"Tag der Schweizer Qualit\u00e4t 2020 auf digitalen Wegen - MQ Management und Qualit\u00e4t","og_description":"Einen Tag der Schweizer Qualit\u00e4t wie jenen vom 13. Mai 2020 gab es so noch nie. Weil aufgrund der Corona-Pandemie-Massnahmenkeine Grossveranstaltungen erlaubt waren, gab es eine Premiere: Die SAQ ging mit der beliebten Tagung erstmals livevia Stream. MQ war dabei und fasst die Highlights zusammen.","og_url":"https:\/\/www.m-q.ch\/de\/tag-der-schweizer-qualitaet-2020-auf-digitalen-wegen-2\/","og_site_name":"MQ Management und Qualit\u00e4t","article_publisher":"https:\/\/www.facebook.com\/ManagementUndQualitaet","article_published_time":"2020-06-02T06:52:34+00:00","article_modified_time":"2021-02-10T08:09:18+00:00","og_image":[{"width":302,"height":225,"url":"https:\/\/www.m-q.ch\/wp-content\/uploads\/2021\/02\/01-4.jpg","type":"image\/jpeg"}],"author":"upwork","twitter_card":"summary_large_image","twitter_misc":{"Verfasst von":"upwork","Gesch\u00e4tzte Lesezeit":"4\u00a0Minuten"},"schema":{"@context":"https:\/\/schema.org","@graph":[{"@type":"Article","@id":"https:\/\/www.m-q.ch\/tag-der-schweizer-qualitaet-2020-auf-digitalen-wegen-2\/#article","isPartOf":{"@id":"https:\/\/www.m-q.ch\/tag-der-schweizer-qualitaet-2020-auf-digitalen-wegen-2\/"},"author":{"name":"upwork","@id":"https:\/\/www.m-q.ch\/fr\/#\/schema\/person\/6044ff1d138701fac0f63fd4c5c93267"},"headline":"Tag der Schweizer Qualit\u00e4t 2020 auf digitalen Wegen","datePublished":"2020-06-02T06:52:34+00:00","dateModified":"2021-02-10T08:09:18+00:00","mainEntityOfPage":{"@id":"https:\/\/www.m-q.ch\/tag-der-schweizer-qualitaet-2020-auf-digitalen-wegen-2\/"},"wordCount":905,"publisher":{"@id":"https:\/\/www.m-q.ch\/fr\/#organization"},"image":{"@id":"https:\/\/www.m-q.ch\/tag-der-schweizer-qualitaet-2020-auf-digitalen-wegen-2\/#primaryimage"},"thumbnailUrl":"https:\/\/www.m-q.ch\/wp-content\/uploads\/2021\/02\/01-4.jpg","keywords":["06\/2020"],"inLanguage":"de"},{"@type":"WebPage","@id":"https:\/\/www.m-q.ch\/tag-der-schweizer-qualitaet-2020-auf-digitalen-wegen-2\/","url":"https:\/\/www.m-q.ch\/tag-der-schweizer-qualitaet-2020-auf-digitalen-wegen-2\/","name":"Tag der Schweizer Qualit\u00e4t 2020 auf digitalen Wegen - MQ Management und Qualit\u00e4t","isPartOf":{"@id":"https:\/\/www.m-q.ch\/fr\/#website"},"primaryImageOfPage":{"@id":"https:\/\/www.m-q.ch\/tag-der-schweizer-qualitaet-2020-auf-digitalen-wegen-2\/#primaryimage"},"image":{"@id":"https:\/\/www.m-q.ch\/tag-der-schweizer-qualitaet-2020-auf-digitalen-wegen-2\/#primaryimage"},"thumbnailUrl":"https:\/\/www.m-q.ch\/wp-content\/uploads\/2021\/02\/01-4.jpg","datePublished":"2020-06-02T06:52:34+00:00","dateModified":"2021-02-10T08:09:18+00:00","description":"Einen Tag der Schweizer Qualit\u00e4t wie jenen vom 13. Mai 2020 gab es so noch nie. Weil aufgrund der Corona-Pandemie-Massnahmenkeine Grossveranstaltungen erlaubt waren, gab es eine Premiere: Die SAQ ging mit der beliebten Tagung erstmals livevia Stream. MQ war dabei und fasst die Highlights zusammen.","breadcrumb":{"@id":"https:\/\/www.m-q.ch\/tag-der-schweizer-qualitaet-2020-auf-digitalen-wegen-2\/#breadcrumb"},"inLanguage":"de","potentialAction":[{"@type":"ReadAction","target":["https:\/\/www.m-q.ch\/tag-der-schweizer-qualitaet-2020-auf-digitalen-wegen-2\/"]}]},{"@type":"ImageObject","inLanguage":"de","@id":"https:\/\/www.m-q.ch\/tag-der-schweizer-qualitaet-2020-auf-digitalen-wegen-2\/#primaryimage","url":"https:\/\/www.m-q.ch\/wp-content\/uploads\/2021\/02\/01-4.jpg","contentUrl":"https:\/\/www.m-q.ch\/wp-content\/uploads\/2021\/02\/01-4.jpg","width":302,"height":225},{"@type":"BreadcrumbList","@id":"https:\/\/www.m-q.ch\/tag-der-schweizer-qualitaet-2020-auf-digitalen-wegen-2\/#breadcrumb","itemListElement":[{"@type":"ListItem","position":1,"name":"Allgemein","item":"https:\/\/www.m-q.ch\/kategorie\/allgemein\/"},{"@type":"ListItem","position":2,"name":"Tag der Schweizer Qualit\u00e4t 2020 auf digitalen Wegen"}]},{"@type":"WebSite","@id":"https:\/\/www.m-q.ch\/fr\/#website","url":"https:\/\/www.m-q.ch\/fr\/","name":"MQ Management und Qualit\u00e4t","description":"Plattform f\u00fcr integrierte Managementsysteme.","publisher":{"@id":"https:\/\/www.m-q.ch\/fr\/#organization"},"potentialAction":[{"@type":"SearchAction","target":{"@type":"EntryPoint","urlTemplate":"https:\/\/www.m-q.ch\/fr\/?s={search_term_string}"},"query-input":{"@type":"PropertyValueSpecification","valueRequired":true,"valueName":"search_term_string"}}],"inLanguage":"de"},{"@type":"Organization","@id":"https:\/\/www.m-q.ch\/fr\/#organization","name":"Galledia Fachmedien AG","url":"https:\/\/www.m-q.ch\/fr\/","logo":{"@type":"ImageObject","inLanguage":"de","@id":"https:\/\/www.m-q.ch\/fr\/#\/schema\/logo\/image\/","url":"https:\/\/www.m-q.ch\/wp-content\/uploads\/2020\/12\/cropped-logo_small.png","contentUrl":"https:\/\/www.m-q.ch\/wp-content\/uploads\/2020\/12\/cropped-logo_small.png","width":512,"height":512,"caption":"Galledia Fachmedien AG"},"image":{"@id":"https:\/\/www.m-q.ch\/fr\/#\/schema\/logo\/image\/"},"sameAs":["https:\/\/www.facebook.com\/ManagementUndQualitaet","https:\/\/www.linkedin.com\/showcase\/17982321\/admin\/"]},{"@type":"Person","@id":"https:\/\/www.m-q.ch\/fr\/#\/schema\/person\/6044ff1d138701fac0f63fd4c5c93267","name":"upwork","image":{"@type":"ImageObject","inLanguage":"de","@id":"https:\/\/www.m-q.ch\/fr\/#\/schema\/person\/image\/","url":"https:\/\/secure.gravatar.com\/avatar\/fe2de2b04483edb0f28eb7fd34d15d6c?s=96&d=mm&r=g","contentUrl":"https:\/\/secure.gravatar.com\/avatar\/fe2de2b04483edb0f28eb7fd34d15d6c?s=96&d=mm&r=g","caption":"upwork"},"description":"uf3J7(qCI6jN0^0y6%%0ti70","url":"https:\/\/www.m-q.ch\/de\/author\/upwork\/"}]}},"_links":{"self":[{"href":"https:\/\/www.m-q.ch\/de\/wp-json\/wp\/v2\/posts\/10385","targetHints":{"allow":["GET"]}}],"collection":[{"href":"https:\/\/www.m-q.ch\/de\/wp-json\/wp\/v2\/posts"}],"about":[{"href":"https:\/\/www.m-q.ch\/de\/wp-json\/wp\/v2\/types\/post"}],"author":[{"embeddable":true,"href":"https:\/\/www.m-q.ch\/de\/wp-json\/wp\/v2\/users\/60"}],"replies":[{"embeddable":true,"href":"https:\/\/www.m-q.ch\/de\/wp-json\/wp\/v2\/comments?post=10385"}],"version-history":[{"count":2,"href":"https:\/\/www.m-q.ch\/de\/wp-json\/wp\/v2\/posts\/10385\/revisions"}],"predecessor-version":[{"id":10394,"href":"https:\/\/www.m-q.ch\/de\/wp-json\/wp\/v2\/posts\/10385\/revisions\/10394"}],"wp:featuredmedia":[{"embeddable":true,"href":"https:\/\/www.m-q.ch\/de\/wp-json\/wp\/v2\/media\/10389"}],"wp:attachment":[{"href":"https:\/\/www.m-q.ch\/de\/wp-json\/wp\/v2\/media?parent=10385"}],"wp:term":[{"taxonomy":"category","embeddable":true,"href":"https:\/\/www.m-q.ch\/de\/wp-json\/wp\/v2\/categories?post=10385"},{"taxonomy":"post_tag","embeddable":true,"href":"https:\/\/www.m-q.ch\/de\/wp-json\/wp\/v2\/tags?post=10385"}],"curies":[{"name":"wp","href":"https:\/\/api.w.org\/{rel}","templated":true}]}}