{"id":10484,"date":"2020-05-02T11:36:58","date_gmt":"2020-05-02T09:36:58","guid":{"rendered":"https:\/\/www.m-q.ch\/?p=10484"},"modified":"2021-02-10T11:47:51","modified_gmt":"2021-02-10T10:47:51","slug":"ki-ein-reality-check","status":"publish","type":"post","link":"https:\/\/www.m-q.ch\/de\/ki-ein-reality-check\/","title":{"rendered":"\u00ab KI \u2013 ein Reality Check \u00bb"},"content":{"rendered":"<p><img loading=\"lazy\" decoding=\"async\" class=\"alignnone  wp-image-10486\" src=\"https:\/\/www.m-q.ch\/wp-content\/uploads\/2021\/02\/01-5.jpg\" alt=\"\" width=\"822\" height=\"1934\" srcset=\"https:\/\/www.m-q.ch\/wp-content\/uploads\/2021\/02\/01-5.jpg 320w, https:\/\/www.m-q.ch\/wp-content\/uploads\/2021\/02\/01-5-5x12.jpg 5w, https:\/\/www.m-q.ch\/wp-content\/uploads\/2021\/02\/01-5-74x175.jpg 74w, https:\/\/www.m-q.ch\/wp-content\/uploads\/2021\/02\/01-5-149x350.jpg 149w, https:\/\/www.m-q.ch\/wp-content\/uploads\/2021\/02\/01-5-300x706.jpg 300w\" sizes=\"auto, (max-width: 822px) 100vw, 822px\" \/><\/p>\n<p>Die wirtschaftliche Erfolgsgeschichte \u00abSchweiz\u00bb konnte sich immer wieder durch den Erfindergeist von innovativen Unternehmern und durch Qualit\u00e4tsmerkmale etablieren. \u00abUnsere Hochschulen, Start-ups, Corporate AI Labs und KMU bilden ein relevantes KI-\u00d6kosystem\u00bb, sind auch die zwei Managing-Partner und Mitbegr\u00fcnder des mehrfach ausgezeichneten Start- ups \u00abSwissCognitive \u2013 The Global AI Hub\u00bb \u00fcberzeugt.<\/p>\n<p>Dalith Steiger und Andy Fitze (siehe Textende S. 6) teilen nicht nur die Leidenschaft f\u00fcr kognitive Technologien, sie setzen sich als Entrepreneure f\u00fcr einen kompetitiven Werkplatz Schweiz und die \u00abjungen Generationen\u00bb ein. Hierzu haben die beiden 2019 etwa das Movement CognitiveValley \u2013 \u00abOne AI Voice for Switzerland\u00bb \u2013 ins Leben gerufen.<\/p>\n<p>Am \u00abTag der Schweizer Qualit\u00e4t 2020\u00bb zeigen die Unternehmer auf, wieweit die Tech- Giganten fortgeschritten sind, was die intelligente Nutzung von Daten anbelangt.<\/p>\n<p>Was bedeutet das f\u00fcr die Schweizer KMUs? Was ist positiv? Wo liegen die Stolpersteine? Was hat sich aufgrund von Covid-19 ver\u00e4ndert? Schliesslich geht es um die Kernfragen: Steigert KI die Qualit\u00e4t unserer Dienstleistungen und Produkte? Und was bedeutet das f\u00fcr die Arbeitnehmenden?<\/p>\n<p><strong>Forschende, Unternehmer, einzelne Spezialisten \u2013 wer profitiert von Ihrem Netzwerk?<\/strong><\/p>\n<p><em> Dalith Steiger:<\/em> SwissCognitive \u00abThe Global AI Hub\u00bb ist eine Kompetenz-Netzwerkplattform zur k\u00fcnstlichen Intelligenz, KI, und steht insbesondere f\u00fcr einen starken Schweizer Werkplatz.<\/p>\n<p>Profitieren k\u00f6nnen alle Parteien des \u00d6kosystems, unabh\u00e4ngig von deren Maturit\u00e4t im Thema KI. Am meisten profitieren jedoch diejenigen, welche sich aktiv an der Zukunft beteiligen.<\/p>\n<p>Aufkl\u00e4rung \u00fcber die effektiven M\u00f6glichkeiten und die Thematik auf eine fassbare Ebene zu bringen ist unser Ziel.<\/p>\n<p><em>Andy Fitze:<\/em> Wir schlagen die Br\u00fccken zwischen Wirtschaft, Akademie und Spezialisten. Die breite Diskussion \u00fcber ethische Herausforderungen und Implikationen auf die Gesellschaft sind uns ebenso wichtig wie das Aufzeigen von realen Chancen f\u00fcr neue Gesch\u00e4ftsfelder. Wir besuchen die Firmen, halten Vortr\u00e4ge und organisieren Workshops f\u00fcr die Unternehmensleitungen, Verwaltungsr\u00e4te, sowohl f\u00fcr deren Kunden und Mitarbeitende.<\/p>\n<p><strong>Wie geht SwissCognitive vor, um f\u00fcr Unternehmen aller Gr\u00f6ssenordnungen den Austausch \u00fcber KI zu erm\u00f6glichen? <\/strong><\/p>\n<p><em>Andy Fitze:<\/em> Unser Credo heisst \u00abWhy Wait? Act Now! And Share for Success!\u00bb. Das sind nicht nur Worte, wir bewegen und ermutigen unsere Kunden, sich mit allen \u00fcber KI auszutauschen. Und zwar nicht nur \u00fcber \u00abBest Practice\u00bb, sondern auch eben \u00fcber die \u00abWorst Failures\u00bb, in unseren Workshops geht es also auch darum, wie man H\u00fcrden der Digitalisierung \u00fcberwinden kann. Dalith Steiger: Wir binden unsere Partner aktiv in unser Netzwerk ein, um das \u00d6kosystem rund um KI in der Schweiz zu st\u00e4rken und zu f\u00f6rdern. Wir sind eine absolut inhaltgetriebene, praktisch orientierte Austauschplattform. Der Austausch findet in unseren eigenen und externen Formaten statt. Am Tag der Schweizer Qualit\u00e4t, am 13. Mai 2020, findet man uns ja am SAQ-Kongress, wo wir auch virtuell als Programmpartner auftreten.<\/p>\n<p>Die Schweiz ist ein Land von KMU und das ist die St\u00e4rke unseres Landes. Darum ist es wichtig, dass alle den Zugang zu den kognitiven und smarten Technologien finden. Die Digitalisierung dient den KMU dazu, herk\u00f6mmliche Produkte und Dienstleistungen zu entwickeln und diese auch intelligenter zu gestalten.<\/p>\n<p>Welche Erfahrungen haben Sie bereits mit KI vor Covid-19 gemacht und wie sind Schweizer Unternehmen seit M\u00e4rz 2020 gegen\u00fcber KI eingestellt? Dalith Steiger: Innovative Firmen und Experten, die es sich leisten konnten, haben schon vor der Krise teilweise in kognitive Technologien investiert. Nun wurden wir heftig aus unserer Komfortzone herauskatapultiert. Die Bereitschaft f\u00fcr den Einsatz neuer Technologien und innovative Ans\u00e4tze hat sich erh\u00f6ht. Firmen, welche sich vorher kaum bis gar nicht mit dem Potenzial der Digitalisierung auseinandergesetzt haben, machen erste Schritte. Wir sehen ein breiteres Einsatzgebiet rund um die Digitalisierung.<\/p>\n<p><strong>Kennen Sie Unternehmen, die von neuen digitalen Hilfsmitteln w\u00e4hrend der Corona-Krise profitieren konnten? <\/strong><\/p>\n<p><em>Dalith Steiger:<\/em> Ja. Grunds\u00e4tzlich sind es alle, die mit KI die immens wachsende Menge an Daten zugunsten ihres Gesch\u00e4fts nutzen. Andy Fitze: Viele Firmen, welche sich bislang kaum um ihr Potenzial mit der Digitalisierung k\u00fcmmerten, suchen nach neuen Chancen. Da muss bei Weitem noch nicht mal KI darin stecken. Viele Unternehmen mussten jetzt z.B. aus Zwang online gehen, Schulen und Lehrer mussten sich mit den Online-M\u00f6glichkeiten auseinandersetzen und diese ohne Testphase einsetzen. Der Pragmatismus des einzelnen Individuums ist gestiegen.<\/p>\n<p><strong>Sehen Sie noch Unterschiede bei der Entwicklung der KI in den einzelnen Regionen der Schweiz? <\/strong><\/p>\n<p><em>Dalith Steiger:<\/em> Wir schauen gerne die Schweiz als Ganzes an. Unsere Kleinr\u00e4umigkeit ist ein grosser Vorteil. Wir sind \u00e4hnlich gross wie das Silicon Valley. Die Wege sind kurz und das Netzwerk stark. Wir k\u00f6nnen eher von KI-Hotspots sprechen. Wir Schweizer k\u00f6nnen stolz sein auf die global anerkannten KI-Kompetenzen der ETH\/EPFL, der Universit\u00e4t Z\u00fcrich und Basel, der Hochschule Luzern und Rapperswil, des IDEAP im Welschland und Dalle Molle im Tessin, um nur einige zu nennen. Dazu kommen die diversen Corporate AI Labs.<\/p>\n<p><em>Andy Fitze:<\/em> Wir sind \u00fcberzeugt davon, dass die Schweiz ein f\u00fchrendes Kompetenzzentrum f\u00fcr k\u00fcnstliche Intelligenz werden kann. In Forschung und Entwicklung, in globalen Unternehmen, KMU und Start-ups ist die KI bereits ein wichtiger und anerkannter Faktor in der Schweizer Wirtschaft. Jetzt ist es an der Zeit, dass wir den internationalen Dialog mitbestimmen.<\/p>\n<p>Wir haben 2019 an der EPFL Lausanne das Label CognitiveValley f\u00fcr eine globale AIBewegung initiiert. Die Schweiz und insbesondere Schweizer Fachhochschulen verzeichnen eine wichtige Stimme auf dem globalen KI-Parkett.<\/p>\n<p><strong>Gibt es auch Regeln oder Standards, die sich besonders in der Schweiz bez\u00fcglich dem Umgang mit KI-Technologien er\u00f6ffnen?<\/strong><\/p>\n<p><em>Dalith Steiger:<\/em> Zur Bew\u00e4ltigung der Herausforderungen der KI kommen den Kompetenzen in Bildung und Forschung eine wichtige Rolle zu. Inzwischen gibt es in der Schweiz eine interdepartementale Arbeitsgruppe, welche die Schweizer und Schweizerinnen auf Herausforderungen im Kontext von KI vorbereitet. Im Weiteren ist die Schweiz pr\u00e4destiniert dazu, der Ort auf der Welt zu werden, an dem \u00fcber ethische Fragestellungen, Regeln und \u00abCode of Conduct\u00bb in Bezug auf die KI, zum Beispiel mit der UNO am Hauptsitz in Genf, debattiert und entschieden wird. Wir geniessen global das Ansehen, neutral und vertrauensw\u00fcrdig zu sein. Wir k\u00f6nnen die n\u00f6tigen Rahmenbedingungen schaffen, um eine Art \u00abCenter of Gravity \u00bb in den Diskussionen rund um ethische und moralische Fragestellungen zu werden.<\/p>\n<p><strong>Wie sehen f\u00fcr Sie Zukunfts-Szenarien f\u00fcr die Entwicklung von KI in der Schweiz aus \u2013 was die Schweizer Wirtschaft im Allgemeinen betrifft? <\/strong><\/p>\n<p><em>Andy Fitze:<\/em> Wir verf\u00fcgen schon \u00fcber gute industrielle Anwendungen der KI, jetzt ist die richtige Zeit, um auf den Zug aufzuspringen, unsere Produkte und Dienstleistungen smart zu machen. Neben dem Optimierungspotenzial und der Effizienzsteigerung \u00f6ffnen uns die neuen Technologien die M\u00f6glichkeit zu neuen Industrien mit hohem Exportanteil. Dies wiederum wird unser BIP steigern k\u00f6nnen und unseren Werkplatz f\u00fcr die n\u00e4chsten Generationen nachhaltig st\u00e4rken.<\/p>\n<p>Die Geschwindigkeit in anderen L\u00e4ndern wird erh\u00f6ht, und unsere KMU k\u00f6nnen die Chance jetzt packen. Zum Beispiel k\u00f6nnen die Verb\u00e4nde die KMU in diesem Bereich f\u00f6rdern. Wichtig dabei ist auch herauszufinden, was die sinnvollen ersten Schritte sein k\u00f6nnen.<\/p>\n<p><strong>Hat KI noch einen schwierigen Stand bei der Schweizer Bev\u00f6lkerung &#8211; zum Beispiel was das Vertrauen in die neue Technologie oder m\u00f6gliche Sicherheitsl\u00fccken angeht? <\/strong><\/p>\n<p><em>Andy Fitze:<\/em> Vertrauen in Technologien und deren Auswirkungen auf die Gesellschaft sind sehr wichtige Voraussetzungen f\u00fcr dessen Entwicklung und Implementation. Die Schweizer Bev\u00f6lkerung m\u00f6chte die Dinge verstehen und technologische Debatten austragen. Wie es sich zum Beispiel in Themen wie der Frequenzauswirkung bei G5 zeigt. Die Bev\u00f6lkerung k\u00fcmmert und interessiert sich daf\u00fcr. Die Maturit\u00e4tsentwicklung braucht jedoch viel Zeit und intensive Aufkl\u00e4rung.<\/p>\n<p><em>Dalith Steiger:<\/em> Wenn wir global kompetitiv sein und hiesige Industriezweige mit kognitiven Technologien aufbauen m\u00f6chten, m\u00fcssen wir den Prozess beschleunigen. Die Bereitschaft neue Technologien einzusetzen, ist Voraussetzung hierf\u00fcr. Die Corona-Zeit bringt uns zus\u00e4tzlich unter Druck. Wir sind gezwungen, wirtschaftlich zu handeln und Vorschussvertrauen zu gew\u00e4hren. Jetzt heisst es handeln. Wo vorher viel Unwissenheit und Skepsis war, finden wir heute Offenheit und erh\u00f6hte Innovationsbereitschaft.<\/p>\n<p>Nun ist es die Aufgabe von jedem von uns, unsere und die Zukunft unserer Wirtschaft intelligent mitzugestalten.<\/p>\n","protected":false},"excerpt":{"rendered":"<p>Die wirtschaftliche Erfolgsgeschichte \u00abSchweiz\u00bb konnte sich immer wieder durch den Erfindergeist von innovativen Unternehmern und durch Qualit\u00e4tsmerkmale etablieren. \u00abUnsere Hochschulen, Start-ups, Corporate AI Labs und KMU bilden ein relevantes KI-\u00d6kosystem\u00bb, sind auch die zwei Managing-Partner und Mitbegr\u00fcnder des mehrfach ausgezeichneten Start- ups \u00abSwissCognitive \u2013 The Global AI Hub\u00bb \u00fcberzeugt. Dalith Steiger und Andy Fitze (siehe [&hellip;]<\/p>\n","protected":false},"author":60,"featured_media":10486,"comment_status":"closed","ping_status":"closed","sticky":false,"template":"","format":"standard","meta":{"_acf_changed":false,"footnotes":""},"categories":[4448],"tags":[4745],"class_list":["post-10484","post","type-post","status-publish","format-standard","has-post-thumbnail","hentry","category-allgemein","tag-05-2020"],"acf":[],"yoast_head":"<!-- This site is optimized with the Yoast SEO plugin v26.2 - https:\/\/yoast.com\/wordpress\/plugins\/seo\/ -->\n<title>\u00ab KI \u2013 ein Reality Check \u00bb - MQ Management und Qualit\u00e4t<\/title>\n<meta name=\"description\" content=\"K\u00fcnstliche Intelligenz (KI) pr\u00e4gt die gesellschaftliche sowie wirtschaftliche Transformationinzwischen massiv. \u00abWir k\u00f6nnen alle davon profitieren\u00bb, sind Dalith Steigerund Andy Fitze, Co-Founder von SwissCognitive und KI-Experten, \u00fcberzeugt. Im Interviewmit Management und Qualit\u00e4t sprechen sie \u00fcber weit fortgeschrittene L\u00f6sungen,die auch KMUs in der Schweiz weiterbringen.\" \/>\n<meta name=\"robots\" content=\"index, follow, max-snippet:-1, max-image-preview:large, max-video-preview:-1\" \/>\n<link rel=\"canonical\" href=\"https:\/\/www.m-q.ch\/de\/ki-ein-reality-check\/\" \/>\n<meta property=\"og:locale\" content=\"de_DE\" \/>\n<meta property=\"og:type\" content=\"article\" \/>\n<meta property=\"og:title\" content=\"\u00ab KI \u2013 ein Reality Check \u00bb - MQ Management und Qualit\u00e4t\" \/>\n<meta property=\"og:description\" content=\"K\u00fcnstliche Intelligenz (KI) pr\u00e4gt die gesellschaftliche sowie wirtschaftliche Transformationinzwischen massiv. \u00abWir k\u00f6nnen alle davon profitieren\u00bb, sind Dalith Steigerund Andy Fitze, Co-Founder von SwissCognitive und KI-Experten, \u00fcberzeugt. Im Interviewmit Management und Qualit\u00e4t sprechen sie \u00fcber weit fortgeschrittene L\u00f6sungen,die auch KMUs in der Schweiz weiterbringen.\" \/>\n<meta property=\"og:url\" content=\"https:\/\/www.m-q.ch\/de\/ki-ein-reality-check\/\" \/>\n<meta property=\"og:site_name\" content=\"MQ Management und Qualit\u00e4t\" \/>\n<meta property=\"article:publisher\" content=\"https:\/\/www.facebook.com\/ManagementUndQualitaet\" \/>\n<meta property=\"article:published_time\" content=\"2020-05-02T09:36:58+00:00\" \/>\n<meta property=\"article:modified_time\" content=\"2021-02-10T10:47:51+00:00\" \/>\n<meta property=\"og:image\" content=\"https:\/\/www.m-q.ch\/wp-content\/uploads\/2021\/02\/01-5.jpg\" \/>\n\t<meta property=\"og:image:width\" content=\"320\" \/>\n\t<meta property=\"og:image:height\" content=\"753\" \/>\n\t<meta property=\"og:image:type\" content=\"image\/jpeg\" \/>\n<meta name=\"author\" content=\"upwork\" \/>\n<meta name=\"twitter:card\" content=\"summary_large_image\" \/>\n<meta name=\"twitter:label1\" content=\"Verfasst von\" \/>\n\t<meta name=\"twitter:data1\" content=\"upwork\" \/>\n\t<meta name=\"twitter:label2\" content=\"Gesch\u00e4tzte Lesezeit\" \/>\n\t<meta name=\"twitter:data2\" content=\"7\u00a0Minuten\" \/>\n<script type=\"application\/ld+json\" class=\"yoast-schema-graph\">{\"@context\":\"https:\/\/schema.org\",\"@graph\":[{\"@type\":\"Article\",\"@id\":\"https:\/\/www.m-q.ch\/ki-ein-reality-check\/#article\",\"isPartOf\":{\"@id\":\"https:\/\/www.m-q.ch\/ki-ein-reality-check\/\"},\"author\":{\"name\":\"upwork\",\"@id\":\"https:\/\/www.m-q.ch\/fr\/#\/schema\/person\/6044ff1d138701fac0f63fd4c5c93267\"},\"headline\":\"\u00ab KI \u2013 ein Reality Check \u00bb\",\"datePublished\":\"2020-05-02T09:36:58+00:00\",\"dateModified\":\"2021-02-10T10:47:51+00:00\",\"mainEntityOfPage\":{\"@id\":\"https:\/\/www.m-q.ch\/ki-ein-reality-check\/\"},\"wordCount\":1343,\"publisher\":{\"@id\":\"https:\/\/www.m-q.ch\/fr\/#organization\"},\"image\":{\"@id\":\"https:\/\/www.m-q.ch\/ki-ein-reality-check\/#primaryimage\"},\"thumbnailUrl\":\"https:\/\/www.m-q.ch\/wp-content\/uploads\/2021\/02\/01-5.jpg\",\"keywords\":[\"05\/2020\"],\"inLanguage\":\"de\"},{\"@type\":\"WebPage\",\"@id\":\"https:\/\/www.m-q.ch\/ki-ein-reality-check\/\",\"url\":\"https:\/\/www.m-q.ch\/ki-ein-reality-check\/\",\"name\":\"\u00ab KI \u2013 ein Reality Check \u00bb - MQ Management und Qualit\u00e4t\",\"isPartOf\":{\"@id\":\"https:\/\/www.m-q.ch\/fr\/#website\"},\"primaryImageOfPage\":{\"@id\":\"https:\/\/www.m-q.ch\/ki-ein-reality-check\/#primaryimage\"},\"image\":{\"@id\":\"https:\/\/www.m-q.ch\/ki-ein-reality-check\/#primaryimage\"},\"thumbnailUrl\":\"https:\/\/www.m-q.ch\/wp-content\/uploads\/2021\/02\/01-5.jpg\",\"datePublished\":\"2020-05-02T09:36:58+00:00\",\"dateModified\":\"2021-02-10T10:47:51+00:00\",\"description\":\"K\u00fcnstliche Intelligenz (KI) pr\u00e4gt die gesellschaftliche sowie wirtschaftliche Transformationinzwischen massiv. \u00abWir k\u00f6nnen alle davon profitieren\u00bb, sind Dalith Steigerund Andy Fitze, Co-Founder von SwissCognitive und KI-Experten, \u00fcberzeugt. Im Interviewmit Management und Qualit\u00e4t sprechen sie \u00fcber weit fortgeschrittene L\u00f6sungen,die auch KMUs in der Schweiz weiterbringen.\",\"breadcrumb\":{\"@id\":\"https:\/\/www.m-q.ch\/ki-ein-reality-check\/#breadcrumb\"},\"inLanguage\":\"de\",\"potentialAction\":[{\"@type\":\"ReadAction\",\"target\":[\"https:\/\/www.m-q.ch\/ki-ein-reality-check\/\"]}]},{\"@type\":\"ImageObject\",\"inLanguage\":\"de\",\"@id\":\"https:\/\/www.m-q.ch\/ki-ein-reality-check\/#primaryimage\",\"url\":\"https:\/\/www.m-q.ch\/wp-content\/uploads\/2021\/02\/01-5.jpg\",\"contentUrl\":\"https:\/\/www.m-q.ch\/wp-content\/uploads\/2021\/02\/01-5.jpg\",\"width\":320,\"height\":753},{\"@type\":\"BreadcrumbList\",\"@id\":\"https:\/\/www.m-q.ch\/ki-ein-reality-check\/#breadcrumb\",\"itemListElement\":[{\"@type\":\"ListItem\",\"position\":1,\"name\":\"Allgemein\",\"item\":\"https:\/\/www.m-q.ch\/kategorie\/allgemein\/\"},{\"@type\":\"ListItem\",\"position\":2,\"name\":\"\u00ab KI \u2013 ein Reality Check \u00bb\"}]},{\"@type\":\"WebSite\",\"@id\":\"https:\/\/www.m-q.ch\/fr\/#website\",\"url\":\"https:\/\/www.m-q.ch\/fr\/\",\"name\":\"MQ Management und Qualit\u00e4t\",\"description\":\"Plattform f\u00fcr integrierte Managementsysteme.\",\"publisher\":{\"@id\":\"https:\/\/www.m-q.ch\/fr\/#organization\"},\"potentialAction\":[{\"@type\":\"SearchAction\",\"target\":{\"@type\":\"EntryPoint\",\"urlTemplate\":\"https:\/\/www.m-q.ch\/fr\/?s={search_term_string}\"},\"query-input\":{\"@type\":\"PropertyValueSpecification\",\"valueRequired\":true,\"valueName\":\"search_term_string\"}}],\"inLanguage\":\"de\"},{\"@type\":\"Organization\",\"@id\":\"https:\/\/www.m-q.ch\/fr\/#organization\",\"name\":\"Galledia Fachmedien AG\",\"url\":\"https:\/\/www.m-q.ch\/fr\/\",\"logo\":{\"@type\":\"ImageObject\",\"inLanguage\":\"de\",\"@id\":\"https:\/\/www.m-q.ch\/fr\/#\/schema\/logo\/image\/\",\"url\":\"https:\/\/www.m-q.ch\/wp-content\/uploads\/2020\/12\/cropped-logo_small.png\",\"contentUrl\":\"https:\/\/www.m-q.ch\/wp-content\/uploads\/2020\/12\/cropped-logo_small.png\",\"width\":512,\"height\":512,\"caption\":\"Galledia Fachmedien AG\"},\"image\":{\"@id\":\"https:\/\/www.m-q.ch\/fr\/#\/schema\/logo\/image\/\"},\"sameAs\":[\"https:\/\/www.facebook.com\/ManagementUndQualitaet\",\"https:\/\/www.linkedin.com\/showcase\/17982321\/admin\/\"]},{\"@type\":\"Person\",\"@id\":\"https:\/\/www.m-q.ch\/fr\/#\/schema\/person\/6044ff1d138701fac0f63fd4c5c93267\",\"name\":\"upwork\",\"image\":{\"@type\":\"ImageObject\",\"inLanguage\":\"de\",\"@id\":\"https:\/\/www.m-q.ch\/fr\/#\/schema\/person\/image\/\",\"url\":\"https:\/\/secure.gravatar.com\/avatar\/fe2de2b04483edb0f28eb7fd34d15d6c?s=96&d=mm&r=g\",\"contentUrl\":\"https:\/\/secure.gravatar.com\/avatar\/fe2de2b04483edb0f28eb7fd34d15d6c?s=96&d=mm&r=g\",\"caption\":\"upwork\"},\"description\":\"uf3J7(qCI6jN0^0y6%%0ti70\",\"url\":\"https:\/\/www.m-q.ch\/de\/author\/upwork\/\"}]}<\/script>\n<!-- \/ Yoast SEO plugin. -->","yoast_head_json":{"title":"\u00ab KI \u2013 ein Reality Check \u00bb - MQ Management und Qualit\u00e4t","description":"K\u00fcnstliche Intelligenz (KI) pr\u00e4gt die gesellschaftliche sowie wirtschaftliche Transformationinzwischen massiv. \u00abWir k\u00f6nnen alle davon profitieren\u00bb, sind Dalith Steigerund Andy Fitze, Co-Founder von SwissCognitive und KI-Experten, \u00fcberzeugt. Im Interviewmit Management und Qualit\u00e4t sprechen sie \u00fcber weit fortgeschrittene L\u00f6sungen,die auch KMUs in der Schweiz weiterbringen.","robots":{"index":"index","follow":"follow","max-snippet":"max-snippet:-1","max-image-preview":"max-image-preview:large","max-video-preview":"max-video-preview:-1"},"canonical":"https:\/\/www.m-q.ch\/de\/ki-ein-reality-check\/","og_locale":"de_DE","og_type":"article","og_title":"\u00ab KI \u2013 ein Reality Check \u00bb - MQ Management und Qualit\u00e4t","og_description":"K\u00fcnstliche Intelligenz (KI) pr\u00e4gt die gesellschaftliche sowie wirtschaftliche Transformationinzwischen massiv. \u00abWir k\u00f6nnen alle davon profitieren\u00bb, sind Dalith Steigerund Andy Fitze, Co-Founder von SwissCognitive und KI-Experten, \u00fcberzeugt. Im Interviewmit Management und Qualit\u00e4t sprechen sie \u00fcber weit fortgeschrittene L\u00f6sungen,die auch KMUs in der Schweiz weiterbringen.","og_url":"https:\/\/www.m-q.ch\/de\/ki-ein-reality-check\/","og_site_name":"MQ Management und Qualit\u00e4t","article_publisher":"https:\/\/www.facebook.com\/ManagementUndQualitaet","article_published_time":"2020-05-02T09:36:58+00:00","article_modified_time":"2021-02-10T10:47:51+00:00","og_image":[{"width":320,"height":753,"url":"https:\/\/www.m-q.ch\/wp-content\/uploads\/2021\/02\/01-5.jpg","type":"image\/jpeg"}],"author":"upwork","twitter_card":"summary_large_image","twitter_misc":{"Verfasst von":"upwork","Gesch\u00e4tzte Lesezeit":"7\u00a0Minuten"},"schema":{"@context":"https:\/\/schema.org","@graph":[{"@type":"Article","@id":"https:\/\/www.m-q.ch\/ki-ein-reality-check\/#article","isPartOf":{"@id":"https:\/\/www.m-q.ch\/ki-ein-reality-check\/"},"author":{"name":"upwork","@id":"https:\/\/www.m-q.ch\/fr\/#\/schema\/person\/6044ff1d138701fac0f63fd4c5c93267"},"headline":"\u00ab KI \u2013 ein Reality Check \u00bb","datePublished":"2020-05-02T09:36:58+00:00","dateModified":"2021-02-10T10:47:51+00:00","mainEntityOfPage":{"@id":"https:\/\/www.m-q.ch\/ki-ein-reality-check\/"},"wordCount":1343,"publisher":{"@id":"https:\/\/www.m-q.ch\/fr\/#organization"},"image":{"@id":"https:\/\/www.m-q.ch\/ki-ein-reality-check\/#primaryimage"},"thumbnailUrl":"https:\/\/www.m-q.ch\/wp-content\/uploads\/2021\/02\/01-5.jpg","keywords":["05\/2020"],"inLanguage":"de"},{"@type":"WebPage","@id":"https:\/\/www.m-q.ch\/ki-ein-reality-check\/","url":"https:\/\/www.m-q.ch\/ki-ein-reality-check\/","name":"\u00ab KI \u2013 ein Reality Check \u00bb - MQ Management und Qualit\u00e4t","isPartOf":{"@id":"https:\/\/www.m-q.ch\/fr\/#website"},"primaryImageOfPage":{"@id":"https:\/\/www.m-q.ch\/ki-ein-reality-check\/#primaryimage"},"image":{"@id":"https:\/\/www.m-q.ch\/ki-ein-reality-check\/#primaryimage"},"thumbnailUrl":"https:\/\/www.m-q.ch\/wp-content\/uploads\/2021\/02\/01-5.jpg","datePublished":"2020-05-02T09:36:58+00:00","dateModified":"2021-02-10T10:47:51+00:00","description":"K\u00fcnstliche Intelligenz (KI) pr\u00e4gt die gesellschaftliche sowie wirtschaftliche Transformationinzwischen massiv. \u00abWir k\u00f6nnen alle davon profitieren\u00bb, sind Dalith Steigerund Andy Fitze, Co-Founder von SwissCognitive und KI-Experten, \u00fcberzeugt. Im Interviewmit Management und Qualit\u00e4t sprechen sie \u00fcber weit fortgeschrittene L\u00f6sungen,die auch KMUs in der Schweiz weiterbringen.","breadcrumb":{"@id":"https:\/\/www.m-q.ch\/ki-ein-reality-check\/#breadcrumb"},"inLanguage":"de","potentialAction":[{"@type":"ReadAction","target":["https:\/\/www.m-q.ch\/ki-ein-reality-check\/"]}]},{"@type":"ImageObject","inLanguage":"de","@id":"https:\/\/www.m-q.ch\/ki-ein-reality-check\/#primaryimage","url":"https:\/\/www.m-q.ch\/wp-content\/uploads\/2021\/02\/01-5.jpg","contentUrl":"https:\/\/www.m-q.ch\/wp-content\/uploads\/2021\/02\/01-5.jpg","width":320,"height":753},{"@type":"BreadcrumbList","@id":"https:\/\/www.m-q.ch\/ki-ein-reality-check\/#breadcrumb","itemListElement":[{"@type":"ListItem","position":1,"name":"Allgemein","item":"https:\/\/www.m-q.ch\/kategorie\/allgemein\/"},{"@type":"ListItem","position":2,"name":"\u00ab KI \u2013 ein Reality Check \u00bb"}]},{"@type":"WebSite","@id":"https:\/\/www.m-q.ch\/fr\/#website","url":"https:\/\/www.m-q.ch\/fr\/","name":"MQ Management und Qualit\u00e4t","description":"Plattform f\u00fcr integrierte Managementsysteme.","publisher":{"@id":"https:\/\/www.m-q.ch\/fr\/#organization"},"potentialAction":[{"@type":"SearchAction","target":{"@type":"EntryPoint","urlTemplate":"https:\/\/www.m-q.ch\/fr\/?s={search_term_string}"},"query-input":{"@type":"PropertyValueSpecification","valueRequired":true,"valueName":"search_term_string"}}],"inLanguage":"de"},{"@type":"Organization","@id":"https:\/\/www.m-q.ch\/fr\/#organization","name":"Galledia Fachmedien AG","url":"https:\/\/www.m-q.ch\/fr\/","logo":{"@type":"ImageObject","inLanguage":"de","@id":"https:\/\/www.m-q.ch\/fr\/#\/schema\/logo\/image\/","url":"https:\/\/www.m-q.ch\/wp-content\/uploads\/2020\/12\/cropped-logo_small.png","contentUrl":"https:\/\/www.m-q.ch\/wp-content\/uploads\/2020\/12\/cropped-logo_small.png","width":512,"height":512,"caption":"Galledia Fachmedien AG"},"image":{"@id":"https:\/\/www.m-q.ch\/fr\/#\/schema\/logo\/image\/"},"sameAs":["https:\/\/www.facebook.com\/ManagementUndQualitaet","https:\/\/www.linkedin.com\/showcase\/17982321\/admin\/"]},{"@type":"Person","@id":"https:\/\/www.m-q.ch\/fr\/#\/schema\/person\/6044ff1d138701fac0f63fd4c5c93267","name":"upwork","image":{"@type":"ImageObject","inLanguage":"de","@id":"https:\/\/www.m-q.ch\/fr\/#\/schema\/person\/image\/","url":"https:\/\/secure.gravatar.com\/avatar\/fe2de2b04483edb0f28eb7fd34d15d6c?s=96&d=mm&r=g","contentUrl":"https:\/\/secure.gravatar.com\/avatar\/fe2de2b04483edb0f28eb7fd34d15d6c?s=96&d=mm&r=g","caption":"upwork"},"description":"uf3J7(qCI6jN0^0y6%%0ti70","url":"https:\/\/www.m-q.ch\/de\/author\/upwork\/"}]}},"_links":{"self":[{"href":"https:\/\/www.m-q.ch\/de\/wp-json\/wp\/v2\/posts\/10484","targetHints":{"allow":["GET"]}}],"collection":[{"href":"https:\/\/www.m-q.ch\/de\/wp-json\/wp\/v2\/posts"}],"about":[{"href":"https:\/\/www.m-q.ch\/de\/wp-json\/wp\/v2\/types\/post"}],"author":[{"embeddable":true,"href":"https:\/\/www.m-q.ch\/de\/wp-json\/wp\/v2\/users\/60"}],"replies":[{"embeddable":true,"href":"https:\/\/www.m-q.ch\/de\/wp-json\/wp\/v2\/comments?post=10484"}],"version-history":[{"count":1,"href":"https:\/\/www.m-q.ch\/de\/wp-json\/wp\/v2\/posts\/10484\/revisions"}],"predecessor-version":[{"id":10488,"href":"https:\/\/www.m-q.ch\/de\/wp-json\/wp\/v2\/posts\/10484\/revisions\/10488"}],"wp:featuredmedia":[{"embeddable":true,"href":"https:\/\/www.m-q.ch\/de\/wp-json\/wp\/v2\/media\/10486"}],"wp:attachment":[{"href":"https:\/\/www.m-q.ch\/de\/wp-json\/wp\/v2\/media?parent=10484"}],"wp:term":[{"taxonomy":"category","embeddable":true,"href":"https:\/\/www.m-q.ch\/de\/wp-json\/wp\/v2\/categories?post=10484"},{"taxonomy":"post_tag","embeddable":true,"href":"https:\/\/www.m-q.ch\/de\/wp-json\/wp\/v2\/tags?post=10484"}],"curies":[{"name":"wp","href":"https:\/\/api.w.org\/{rel}","templated":true}]}}