{"id":10507,"date":"2020-05-11T12:16:32","date_gmt":"2020-05-11T10:16:32","guid":{"rendered":"https:\/\/www.m-q.ch\/?p=10507"},"modified":"2021-02-10T12:22:47","modified_gmt":"2021-02-10T11:22:47","slug":"erforderliche-veraenderungen-gemeinsam-angehen","status":"publish","type":"post","link":"https:\/\/www.m-q.ch\/de\/erforderliche-veraenderungen-gemeinsam-angehen\/","title":{"rendered":"\u00abErforderliche Ver\u00e4nderungen gemeinsam angehen\u00bb"},"content":{"rendered":"<p><img loading=\"lazy\" decoding=\"async\" class=\"alignnone  wp-image-10510\" src=\"https:\/\/www.m-q.ch\/wp-content\/uploads\/2021\/02\/04-5.jpg\" alt=\"\" width=\"812\" height=\"714\" srcset=\"https:\/\/www.m-q.ch\/wp-content\/uploads\/2021\/02\/04-5.jpg 223w, https:\/\/www.m-q.ch\/wp-content\/uploads\/2021\/02\/04-5-14x12.jpg 14w, https:\/\/www.m-q.ch\/wp-content\/uploads\/2021\/02\/04-5-199x175.jpg 199w\" sizes=\"auto, (max-width: 812px) 100vw, 812px\" \/><\/p>\n<p>Begriffe wie F\u00fchrung und Leadership sind eng miteinander verbunden. Denn die F\u00fchrung von Menschen, Firmen und Organisationen ist in einer immer komplexer werdenden Welt unbestritten ein Schl\u00fcsselfaktor. Besonders in dieser Zeit, in der ein aggressives und noch wenig bekanntes Virus beinahe die ganze Welt lahmlegt. Es geht nun wie kaum jemals zuvor um die grossen Herausforderungen des Gestaltens von jenen Rahmenbedingungen, die das \u00dcberleben und die Wettbewerbsf\u00e4higkeit von Unternehmen unterst\u00fctzen und sichern. Die Frage ist schon fast m\u00fcssig: Wie gelingt die Inspiration von Menschen und Akteuren, damit sie Verantwortung \u00fcbernehmen und aus eigenem Antrieb mithelfen, wichtige Ziele umzusetzen? Diese und solche Fragen lassen sich mit Leadership bezeichnen. Leadership verlangt ein Denken \u00fcber das \u00fcbliche Mass hinaus und ist auch jene F\u00e4higkeit, andere zu besonderen Leistungen zu motivieren.<\/p>\n<p><strong>Unternehmenswerte als Charaktereigenschaften <\/strong><\/p>\n<p>Dabei ist Leadership viel mehr als Innovation. Um grosse Ver\u00e4nderungen einzuleiten und auch umzusetzen, ist ein Ideenaustausch unumg\u00e4nglich. Die Ideen und Prozesse m\u00fcssen aber auch richtig kommuniziert und ihre Umsetzbarkeit stets \u00fcberpr\u00fcft und beharrlich vermittelt werden. Es geht bei erfolgreicher F\u00fchrung und Leadership ebenso um Inhalte. Erfahrung, Mut und Glaubw\u00fcrdigkeit sind die Grundlagen f\u00fcr erfolgreiches Leadership. Zusammen mit Demut sind dies alles Werte, die erst echte und gute F\u00fchrungsarbeit erm\u00f6glichen. Unternehmenswerte sind quasi die Charaktereigenschaften einer Organisation oder Unternehmung. Sie stiften Identit\u00e4t und erzeugen Wahrnehmbarkeit. So kann eine selbstverpflichtende Haltung aller F\u00fchrungskr\u00e4fte und Mitarbeiter entstehen. Unternehmungswerte vermitteln, den Mitarbeitern oder Partnern in Praxis und Netzwerken Identit\u00e4t geben: Das f\u00fchrt zu einem durch die Anspr\u00fcche getragenen gemeinsamen Verantwortungsbewusstsein.<\/p>\n<p><strong>Destination Leadership <\/strong><\/p>\n<p>Gerade in Zeiten von Wertewandel oder grossen Ver\u00e4nderungen in schnellen Zeitzyklen wie heute sind Unternehmenswerte eine gute Orientierung. So kann die Strahlkraft einer Marke entstehen. Im Tourismus spielt genau diese Art von Markendenken eine wesentliche Rolle bei der zuk\u00fcnftigen Ausrichtung der Lebens- und Urlaubsr\u00e4ume. Die Destination Leadership bedeutet insbesondere im Alpenraum, nicht nur mit Mut an die systemver\u00e4ndernden Projekte heranzugehen, sondern ein Mass an Demut mitzubringen. Dies ist dem Respekt vor der Sensibilit\u00e4t des alpinen Raumes und seiner Menschen geschuldet, die sich \u00fcber Jahrhunderte jene Bergkompetenz angeeignet haben, um in einem \u00f6kologisch sensiblen Raum zu \u00fcberleben.<\/p>\n<p>Wir sprachen mit Stefan Otz, einem anerkannten Schweizer Tourismusfachmann und Destinationsmanager, zum Thema F\u00fchrung und Leadership. Er machte in seiner langen und erfolgreichen Zeit als Direktor der Tourismusorganisation Interlaken die Region im Berner Oberland zu einer der erfolgreichsten Marken des Landes. Als CEO der Rigi Bahnen leitete er danach eines der wohl traditionsreichsten Tourismusunternehmen der Schweiz, die er in den vergangenen drei Jahren zu Rekordergebnissen f\u00fchrte. Vor knapp drei Monaten \u00fcbernahm Stefan Otz als neuer Inhaber die Tourismusfachschule BERNOBERLAND in Thun.<\/p>\n<p><strong>Herr Otz, k\u00f6nnen Sie uns Ihre Tourismusfachschule in Thun kurz vorstellen? <\/strong><\/p>\n<p><strong>Stefan Otz:<\/strong> \u00abWir sind Tourismus\u00bb, dieser Slogan unserer Schule steht f\u00fcr eine umfassende Weiterbildung f\u00fcr Tourismusprofis von morgen. Aktuell f\u00fchren wir zwei Klassen mit rund 40 Studierenden aus dem Incoming- wie Outgoingbereich. In zwei Jahren erhalten die Teilnehmer unserer H\u00f6heren Fachschule f\u00fcr Tourismus eine praxisbezogene Ausbildung, die sie zur \u00dcbernahme von anspruchsvollen Aufgaben und Verantwortung auf Kaderstufe im Tourismus bef\u00e4higen. Die schweizweit etablierte Ausbildung f\u00fchrt zum gesch\u00fctzten Diplom \u00abdipl. Tourismusfachfrau HF\u00bb bzw. \u00abdipl. Tourismusfachmann HF\u00bb. \u00abVom Wissen zum K\u00f6nnen\u00bb steht dabei f\u00fcr uns im Fokus. Mehr als 30 erfahrene Dozenten vermitteln umfassend ihr grosses Praxiswissen.<\/p>\n<p><strong> Wenige Wochen nach Ihrem Kauf der Schule, knapp vor Ende Februar, liegt der gesamte Tourismus praktisch brach. Was bedeutet das f\u00fcr Ihre Schule konkret? <\/strong><\/p>\n<p>Tats\u00e4chlich: was f\u00fcr ein Start! Da \u00fcbernimmt man eine Schule und drei Wochen sp\u00e4ter wird sie dicht gemacht. Es waren also sofort F\u00fchrung und Leadership gefragt. Wir mussten innert k\u00fcrzester Zeit umstellen und f\u00fchren nun Distanzunterricht und Online-Pr\u00fcfungen durch. Dank der Bereitschaft und der grossen Flexibilit\u00e4t der Studierenden wie auch der Dozenten meistern wir die neue, ungew\u00f6hnliche Lage ganz gut. Nat\u00fcrlich habe ich mir den Start ganz anders vorgestellt. Andererseits ist es aber auch eine grosse Chance f\u00fcr uns als besondere Schule: Wir bilden zuk\u00fcnftige Tourismusprofis aus, die gut ger\u00fcstet den touristischen Wiederaufschwung nach der Pandemie mitgestalten und entsprechend gefragt sein werden. Die Digitalisierung schreitet also noch schneller voran. Es setzen sich demzufolge auch neue Unterrichtsformen durch, und die gilt es zu entwickeln und zu nutzen.<\/p>\n<p><strong>Die Corona-Krise trifft die Tourismus- und Freizeitbranche sozusagen zum d\u00fcmmsten Zeitpunkt. Kann diese notrechtlich verordnete Lahmlegung einer so wichtigen Branche einen Wertewandel herbeif\u00fchren? <\/strong><\/p>\n<p>Das wird sich zeigen. Tourismusforscher und Wissenschaftler sprechen davon, dass der Tourismus zur Heilung des Schocks viel beitragen und sich dabei selbst heilen kann. Einf\u00fchlungsverm\u00f6gen, Wahrnehmen der Probleme und Weiterdenken k\u00f6nnen bewirken, dass die Schweiz sogar gest\u00e4rkt aus der Corona- Krise hervorgeht. Ver\u00e4nderte G\u00e4stebed\u00fcrfnisse bieten Chancen, den Tourismus auch einmal anders zu denken und die Erkenntnisse in neue umweltvertr\u00e4gliche, menschengerechte Angebote umzusetzen. Solche differenzierten Betrachtungsweisen unterst\u00fctze ich und wir versuchen dies auch an unserer Schule zu vermitteln.<\/p>\n<p><strong>Es d\u00fcrfte trotz Ihren positiv-konstruktiven Bewertungen auch im Tourismus zu Ver\u00e4nderungen kommen. Nicht nur Innovationen sind gefragt, sondern auch Leadership. Und: Wer hat die besten \u00dcberlebenschancen und wer wird auf der Strecke bleiben? <\/strong><\/p>\n<p>Krisen sind oft Katalysatoren des Fortschritts. Einige der gr\u00f6ssten Errungenschaften der menschlichen Zivilisation sind nach Kriegen und Seuchen entstanden. Krisen zwingen eben dazu, viele Dinge anders zu machen und neu zu denken. Sie f\u00f6rdern vielfach auch den Zusammenhalt und mobilisieren sogar ungeahnte Energien. Krisen sind neben dem gesellschaftlichen Charaktertest auch eine grosse Chance f\u00fcr unsere Pers\u00f6nlichkeit. Jeder und jede kann durch Resignation in Krisen scheitern, oder durch Mut, Tatkraft und Gemeinsinn \u00fcber sich hinauswachsen. Zudem machen uns erst Krisen so richtig bewusst, was zu bewahren und was ver\u00e4nderungsbed\u00fcrftig ist. Auch im Tourismus wird zuk\u00fcnftig ein allenfalls ver\u00e4nderter Markt \u00fcber Erfolg und Misserfolg entscheiden.<\/p>\n<p><strong> Trotz allem: Der Tourismus ist eine dynamische und faszinierende Branche. Nur in wenigen Gebieten sind so umfassende Kompetenzen gefordert und gefragt wie im Tourismus. Besteht nicht gerade in dieser ruhigen und schwierigen Zeit auch eine Chance, sich \u00fcber Grunds\u00e4tzliches und Wichtiges zum Thema Gedanken zu machen, sich mit neuen Ideen und Szenarien auseinanderzusetzen? <\/strong><\/p>\n<p>Tourismus ist eine Querschnittsbranche mit etlichen Ver\u00e4stelungen in verschiedenen Disziplinen. Dies stellt hohe Anforderungen an die Akteure und deshalb sind gute, fundierte Weiterbildungsangebote f\u00fcr diese Branche von zentraler Bedeutung. In der Phase des momentanen \u00abStillstands\u00bb w\u00fcrde ich keineswegs von einer ruhigen Zeit reden. Was nach dem Corona-Lockdown ansteht, besonders punkto Vorbereitungen, so ist die gesamte Tourismusindustrie aktuell sehr gefordert. Es ist opportun, sich den Tourismus auch einmal anders zu denken. Viele besch\u00e4ftigen sich damit und hinter den Kulissen wird das auch vorangetrieben: Krise als Chance \u2013 Globalisierung hinterfragen. Die Digitalisierung gewinnt an Schub und \u00abthink global, act local\u00bb an Bedeutung. So kann ein Wertewandel stattfinden und das er\u00f6ffnet auch dem Tourismus etliche neue M\u00f6glichkeiten. Die erforderlichen Ver\u00e4nderungen kann man aber nur gemeinsam angehen. Es braucht ein neues Verst\u00e4ndnis von Zusammenarbeit. Heute spricht man von integralen \u00d6kosystemen, die f\u00fcr alle Beteiligten offen sind und nicht bloss durch Einzelne mit partikul\u00e4ren Interessen orchestriert werden d\u00fcrfen.<\/p>\n<p><strong> Sie sind nicht nur Eigent\u00fcmer der Tourismusfachschule BERN-OBERLAND, sondern auch Direktor und Schulleiter. Werden Sie Ihre Lehrpl\u00e4ne der Schule an die neuen Begebenheiten anpassen? Auch den Bereichen Unternehmenswerte, F\u00fchrung und Leadership einen noch gr\u00f6sseren Raum beimessen? <\/strong><\/p>\n<p>Der Vorteil einer kleinen, spezialisierten Schule ist, dass man agil und flexibel auf Trends und Ver\u00e4nderungen reagieren kann. Insofern fliesst bereits heute die aktuelle Situation in den Lehrstoff ein. Auch unsere Dozierenden thematisieren das Thema Covid-19 in ihren Lektionen und begleiten das Vorgesagte in Bezug auf Wertewandel und neue M\u00f6glichkeiten. Bereits vor der weltumspannenden Ausbreitung von Covid-19 haben wir Themen wie Globalisierung, Nachhaltigkeit und Digitalisierung thematisiert und ber\u00fccksichtigt. Ethik, Moral und Wertehaltung sowie F\u00fchrung und Leadership sind ebenfalls fixer Bestandteil in unseren Lernprogrammen. Dazu geh\u00f6ren auch spezifische Kompetenzseminare unter erschwerten Bedingungen wie Zeitdruck, Gruppendynamik, Nachtarbeit usw. an externen Orten.<\/p>\n<p><strong>Man liess Sie nach \u00fcber einem Dutzend erfolgreicher Jahre als Tourismusdirektor in Interlaken nur ungern ziehen. Sie waren sehr beliebt und manche trauerten Ihnen noch lange nach. Nun kehren Sie nach vier Jahren wieder ins Berner Oberland zur\u00fcck. Also so etwas wie ein Heimkommen?<\/strong><\/p>\n<p>Nach 13 Jahren als Tourismusdirektor in Interlaken baut man ein breites Netzwerk auf. Es entstehen Freundschaften, die auch meine dreieinhalbj\u00e4hrige T\u00e4tigkeit auf der Rigi \u00fcberdauert haben. Ich sch\u00e4tze die Region mit ihren Menschen und der vielf\u00e4ltigen Kultur. Thun als Schulstandort wird nicht zu Unrecht als Tor zum Berner Oberland bezeichnet. Insofern darf man durchaus von einem Heimkommen sprechen.<\/p>\n<p><strong>Zum Schluss ein kurzer, knapper Ausblick. <\/strong><\/p>\n<p>Ich sehe die Krise durchaus als grosse Chance. Die Globalisierung wird hinterfragt. Die Schweiz als Ferienland wird zuk\u00fcnftig noch attraktiver f\u00fcr Europ\u00e4er. Auch unsere Schweizer und Schweizerinnen entdecken wieder die Sch\u00f6nheiten unserer alpinen Regionen, des Mittellandes und Juras sowie der St\u00e4dte und Orte.<\/p>\n","protected":false},"excerpt":{"rendered":"<p>Begriffe wie F\u00fchrung und Leadership sind eng miteinander verbunden. Denn die F\u00fchrung von Menschen, Firmen und Organisationen ist in einer immer komplexer werdenden Welt unbestritten ein Schl\u00fcsselfaktor. Besonders in dieser Zeit, in der ein aggressives und noch wenig bekanntes Virus beinahe die ganze Welt lahmlegt. Es geht nun wie kaum jemals zuvor um die grossen [&hellip;]<\/p>\n","protected":false},"author":60,"featured_media":10510,"comment_status":"closed","ping_status":"closed","sticky":false,"template":"","format":"standard","meta":{"_acf_changed":false,"footnotes":""},"categories":[5],"tags":[4745],"class_list":["post-10507","post","type-post","status-publish","format-standard","has-post-thumbnail","hentry","category-business_excellence","tag-05-2020"],"acf":[],"yoast_head":"<!-- This site is optimized with the Yoast SEO plugin v26.2 - https:\/\/yoast.com\/wordpress\/plugins\/seo\/ -->\n<title>\u00abErforderliche Ver\u00e4nderungen gemeinsam angehen\u00bb - MQ Management und Qualit\u00e4t<\/title>\n<meta name=\"description\" content=\"F\u00fchrung und Leadership sind mehr als Innovation. Gerade in der zurzeit lahmgelegtenTourismus- und Freizeitbranche sind Umdenken und neue Wege gefragt. Derbekannte Tourismusfachmann Stefan Otz \u00e4ussert sich dazu \u2013 und zu seiner k\u00fcrzlicherworbenen Tourismusfachschule.\" \/>\n<meta name=\"robots\" content=\"index, follow, max-snippet:-1, max-image-preview:large, max-video-preview:-1\" \/>\n<link rel=\"canonical\" href=\"https:\/\/www.m-q.ch\/de\/erforderliche-veraenderungen-gemeinsam-angehen\/\" \/>\n<meta property=\"og:locale\" content=\"de_DE\" \/>\n<meta property=\"og:type\" content=\"article\" \/>\n<meta property=\"og:title\" content=\"\u00abErforderliche Ver\u00e4nderungen gemeinsam angehen\u00bb - MQ Management und Qualit\u00e4t\" \/>\n<meta property=\"og:description\" content=\"F\u00fchrung und Leadership sind mehr als Innovation. Gerade in der zurzeit lahmgelegtenTourismus- und Freizeitbranche sind Umdenken und neue Wege gefragt. Derbekannte Tourismusfachmann Stefan Otz \u00e4ussert sich dazu \u2013 und zu seiner k\u00fcrzlicherworbenen Tourismusfachschule.\" \/>\n<meta property=\"og:url\" content=\"https:\/\/www.m-q.ch\/de\/erforderliche-veraenderungen-gemeinsam-angehen\/\" \/>\n<meta property=\"og:site_name\" content=\"MQ Management und Qualit\u00e4t\" \/>\n<meta property=\"article:publisher\" content=\"https:\/\/www.facebook.com\/ManagementUndQualitaet\" \/>\n<meta property=\"article:published_time\" content=\"2020-05-11T10:16:32+00:00\" \/>\n<meta property=\"article:modified_time\" content=\"2021-02-10T11:22:47+00:00\" \/>\n<meta property=\"og:image\" content=\"https:\/\/www.m-q.ch\/wp-content\/uploads\/2021\/02\/04-5.jpg\" \/>\n\t<meta property=\"og:image:width\" content=\"223\" \/>\n\t<meta property=\"og:image:height\" content=\"196\" \/>\n\t<meta property=\"og:image:type\" content=\"image\/jpeg\" \/>\n<meta name=\"author\" content=\"upwork\" \/>\n<meta name=\"twitter:card\" content=\"summary_large_image\" \/>\n<meta name=\"twitter:label1\" content=\"Verfasst von\" \/>\n\t<meta name=\"twitter:data1\" content=\"upwork\" \/>\n\t<meta name=\"twitter:label2\" content=\"Gesch\u00e4tzte Lesezeit\" \/>\n\t<meta name=\"twitter:data2\" content=\"8\u00a0Minuten\" \/>\n<script type=\"application\/ld+json\" class=\"yoast-schema-graph\">{\"@context\":\"https:\/\/schema.org\",\"@graph\":[{\"@type\":\"Article\",\"@id\":\"https:\/\/www.m-q.ch\/erforderliche-veraenderungen-gemeinsam-angehen\/#article\",\"isPartOf\":{\"@id\":\"https:\/\/www.m-q.ch\/erforderliche-veraenderungen-gemeinsam-angehen\/\"},\"author\":{\"name\":\"upwork\",\"@id\":\"https:\/\/www.m-q.ch\/fr\/#\/schema\/person\/6044ff1d138701fac0f63fd4c5c93267\"},\"headline\":\"\u00abErforderliche Ver\u00e4nderungen gemeinsam angehen\u00bb\",\"datePublished\":\"2020-05-11T10:16:32+00:00\",\"dateModified\":\"2021-02-10T11:22:47+00:00\",\"mainEntityOfPage\":{\"@id\":\"https:\/\/www.m-q.ch\/erforderliche-veraenderungen-gemeinsam-angehen\/\"},\"wordCount\":1517,\"publisher\":{\"@id\":\"https:\/\/www.m-q.ch\/fr\/#organization\"},\"image\":{\"@id\":\"https:\/\/www.m-q.ch\/erforderliche-veraenderungen-gemeinsam-angehen\/#primaryimage\"},\"thumbnailUrl\":\"https:\/\/www.m-q.ch\/wp-content\/uploads\/2021\/02\/04-5.jpg\",\"keywords\":[\"05\/2020\"],\"articleSection\":[\"Business Excellence\"],\"inLanguage\":\"de\"},{\"@type\":\"WebPage\",\"@id\":\"https:\/\/www.m-q.ch\/erforderliche-veraenderungen-gemeinsam-angehen\/\",\"url\":\"https:\/\/www.m-q.ch\/erforderliche-veraenderungen-gemeinsam-angehen\/\",\"name\":\"\u00abErforderliche Ver\u00e4nderungen gemeinsam angehen\u00bb - MQ Management und Qualit\u00e4t\",\"isPartOf\":{\"@id\":\"https:\/\/www.m-q.ch\/fr\/#website\"},\"primaryImageOfPage\":{\"@id\":\"https:\/\/www.m-q.ch\/erforderliche-veraenderungen-gemeinsam-angehen\/#primaryimage\"},\"image\":{\"@id\":\"https:\/\/www.m-q.ch\/erforderliche-veraenderungen-gemeinsam-angehen\/#primaryimage\"},\"thumbnailUrl\":\"https:\/\/www.m-q.ch\/wp-content\/uploads\/2021\/02\/04-5.jpg\",\"datePublished\":\"2020-05-11T10:16:32+00:00\",\"dateModified\":\"2021-02-10T11:22:47+00:00\",\"description\":\"F\u00fchrung und Leadership sind mehr als Innovation. Gerade in der zurzeit lahmgelegtenTourismus- und Freizeitbranche sind Umdenken und neue Wege gefragt. Derbekannte Tourismusfachmann Stefan Otz \u00e4ussert sich dazu \u2013 und zu seiner k\u00fcrzlicherworbenen Tourismusfachschule.\",\"breadcrumb\":{\"@id\":\"https:\/\/www.m-q.ch\/erforderliche-veraenderungen-gemeinsam-angehen\/#breadcrumb\"},\"inLanguage\":\"de\",\"potentialAction\":[{\"@type\":\"ReadAction\",\"target\":[\"https:\/\/www.m-q.ch\/erforderliche-veraenderungen-gemeinsam-angehen\/\"]}]},{\"@type\":\"ImageObject\",\"inLanguage\":\"de\",\"@id\":\"https:\/\/www.m-q.ch\/erforderliche-veraenderungen-gemeinsam-angehen\/#primaryimage\",\"url\":\"https:\/\/www.m-q.ch\/wp-content\/uploads\/2021\/02\/04-5.jpg\",\"contentUrl\":\"https:\/\/www.m-q.ch\/wp-content\/uploads\/2021\/02\/04-5.jpg\",\"width\":223,\"height\":196},{\"@type\":\"BreadcrumbList\",\"@id\":\"https:\/\/www.m-q.ch\/erforderliche-veraenderungen-gemeinsam-angehen\/#breadcrumb\",\"itemListElement\":[{\"@type\":\"ListItem\",\"position\":1,\"name\":\"Business Excellence\",\"item\":\"https:\/\/www.m-q.ch\/kategorie\/business_excellence\/\"},{\"@type\":\"ListItem\",\"position\":2,\"name\":\"\u00abErforderliche Ver\u00e4nderungen gemeinsam angehen\u00bb\"}]},{\"@type\":\"WebSite\",\"@id\":\"https:\/\/www.m-q.ch\/fr\/#website\",\"url\":\"https:\/\/www.m-q.ch\/fr\/\",\"name\":\"MQ Management und Qualit\u00e4t\",\"description\":\"Plattform f\u00fcr integrierte Managementsysteme.\",\"publisher\":{\"@id\":\"https:\/\/www.m-q.ch\/fr\/#organization\"},\"potentialAction\":[{\"@type\":\"SearchAction\",\"target\":{\"@type\":\"EntryPoint\",\"urlTemplate\":\"https:\/\/www.m-q.ch\/fr\/?s={search_term_string}\"},\"query-input\":{\"@type\":\"PropertyValueSpecification\",\"valueRequired\":true,\"valueName\":\"search_term_string\"}}],\"inLanguage\":\"de\"},{\"@type\":\"Organization\",\"@id\":\"https:\/\/www.m-q.ch\/fr\/#organization\",\"name\":\"Galledia Fachmedien AG\",\"url\":\"https:\/\/www.m-q.ch\/fr\/\",\"logo\":{\"@type\":\"ImageObject\",\"inLanguage\":\"de\",\"@id\":\"https:\/\/www.m-q.ch\/fr\/#\/schema\/logo\/image\/\",\"url\":\"https:\/\/www.m-q.ch\/wp-content\/uploads\/2020\/12\/cropped-logo_small.png\",\"contentUrl\":\"https:\/\/www.m-q.ch\/wp-content\/uploads\/2020\/12\/cropped-logo_small.png\",\"width\":512,\"height\":512,\"caption\":\"Galledia Fachmedien AG\"},\"image\":{\"@id\":\"https:\/\/www.m-q.ch\/fr\/#\/schema\/logo\/image\/\"},\"sameAs\":[\"https:\/\/www.facebook.com\/ManagementUndQualitaet\",\"https:\/\/www.linkedin.com\/showcase\/17982321\/admin\/\"]},{\"@type\":\"Person\",\"@id\":\"https:\/\/www.m-q.ch\/fr\/#\/schema\/person\/6044ff1d138701fac0f63fd4c5c93267\",\"name\":\"upwork\",\"image\":{\"@type\":\"ImageObject\",\"inLanguage\":\"de\",\"@id\":\"https:\/\/www.m-q.ch\/fr\/#\/schema\/person\/image\/\",\"url\":\"https:\/\/secure.gravatar.com\/avatar\/fe2de2b04483edb0f28eb7fd34d15d6c?s=96&d=mm&r=g\",\"contentUrl\":\"https:\/\/secure.gravatar.com\/avatar\/fe2de2b04483edb0f28eb7fd34d15d6c?s=96&d=mm&r=g\",\"caption\":\"upwork\"},\"description\":\"uf3J7(qCI6jN0^0y6%%0ti70\",\"url\":\"https:\/\/www.m-q.ch\/de\/author\/upwork\/\"}]}<\/script>\n<!-- \/ Yoast SEO plugin. -->","yoast_head_json":{"title":"\u00abErforderliche Ver\u00e4nderungen gemeinsam angehen\u00bb - MQ Management und Qualit\u00e4t","description":"F\u00fchrung und Leadership sind mehr als Innovation. Gerade in der zurzeit lahmgelegtenTourismus- und Freizeitbranche sind Umdenken und neue Wege gefragt. Derbekannte Tourismusfachmann Stefan Otz \u00e4ussert sich dazu \u2013 und zu seiner k\u00fcrzlicherworbenen Tourismusfachschule.","robots":{"index":"index","follow":"follow","max-snippet":"max-snippet:-1","max-image-preview":"max-image-preview:large","max-video-preview":"max-video-preview:-1"},"canonical":"https:\/\/www.m-q.ch\/de\/erforderliche-veraenderungen-gemeinsam-angehen\/","og_locale":"de_DE","og_type":"article","og_title":"\u00abErforderliche Ver\u00e4nderungen gemeinsam angehen\u00bb - MQ Management und Qualit\u00e4t","og_description":"F\u00fchrung und Leadership sind mehr als Innovation. Gerade in der zurzeit lahmgelegtenTourismus- und Freizeitbranche sind Umdenken und neue Wege gefragt. Derbekannte Tourismusfachmann Stefan Otz \u00e4ussert sich dazu \u2013 und zu seiner k\u00fcrzlicherworbenen Tourismusfachschule.","og_url":"https:\/\/www.m-q.ch\/de\/erforderliche-veraenderungen-gemeinsam-angehen\/","og_site_name":"MQ Management und Qualit\u00e4t","article_publisher":"https:\/\/www.facebook.com\/ManagementUndQualitaet","article_published_time":"2020-05-11T10:16:32+00:00","article_modified_time":"2021-02-10T11:22:47+00:00","og_image":[{"width":223,"height":196,"url":"https:\/\/www.m-q.ch\/wp-content\/uploads\/2021\/02\/04-5.jpg","type":"image\/jpeg"}],"author":"upwork","twitter_card":"summary_large_image","twitter_misc":{"Verfasst von":"upwork","Gesch\u00e4tzte Lesezeit":"8\u00a0Minuten"},"schema":{"@context":"https:\/\/schema.org","@graph":[{"@type":"Article","@id":"https:\/\/www.m-q.ch\/erforderliche-veraenderungen-gemeinsam-angehen\/#article","isPartOf":{"@id":"https:\/\/www.m-q.ch\/erforderliche-veraenderungen-gemeinsam-angehen\/"},"author":{"name":"upwork","@id":"https:\/\/www.m-q.ch\/fr\/#\/schema\/person\/6044ff1d138701fac0f63fd4c5c93267"},"headline":"\u00abErforderliche Ver\u00e4nderungen gemeinsam angehen\u00bb","datePublished":"2020-05-11T10:16:32+00:00","dateModified":"2021-02-10T11:22:47+00:00","mainEntityOfPage":{"@id":"https:\/\/www.m-q.ch\/erforderliche-veraenderungen-gemeinsam-angehen\/"},"wordCount":1517,"publisher":{"@id":"https:\/\/www.m-q.ch\/fr\/#organization"},"image":{"@id":"https:\/\/www.m-q.ch\/erforderliche-veraenderungen-gemeinsam-angehen\/#primaryimage"},"thumbnailUrl":"https:\/\/www.m-q.ch\/wp-content\/uploads\/2021\/02\/04-5.jpg","keywords":["05\/2020"],"articleSection":["Business Excellence"],"inLanguage":"de"},{"@type":"WebPage","@id":"https:\/\/www.m-q.ch\/erforderliche-veraenderungen-gemeinsam-angehen\/","url":"https:\/\/www.m-q.ch\/erforderliche-veraenderungen-gemeinsam-angehen\/","name":"\u00abErforderliche Ver\u00e4nderungen gemeinsam angehen\u00bb - MQ Management und Qualit\u00e4t","isPartOf":{"@id":"https:\/\/www.m-q.ch\/fr\/#website"},"primaryImageOfPage":{"@id":"https:\/\/www.m-q.ch\/erforderliche-veraenderungen-gemeinsam-angehen\/#primaryimage"},"image":{"@id":"https:\/\/www.m-q.ch\/erforderliche-veraenderungen-gemeinsam-angehen\/#primaryimage"},"thumbnailUrl":"https:\/\/www.m-q.ch\/wp-content\/uploads\/2021\/02\/04-5.jpg","datePublished":"2020-05-11T10:16:32+00:00","dateModified":"2021-02-10T11:22:47+00:00","description":"F\u00fchrung und Leadership sind mehr als Innovation. Gerade in der zurzeit lahmgelegtenTourismus- und Freizeitbranche sind Umdenken und neue Wege gefragt. Derbekannte Tourismusfachmann Stefan Otz \u00e4ussert sich dazu \u2013 und zu seiner k\u00fcrzlicherworbenen Tourismusfachschule.","breadcrumb":{"@id":"https:\/\/www.m-q.ch\/erforderliche-veraenderungen-gemeinsam-angehen\/#breadcrumb"},"inLanguage":"de","potentialAction":[{"@type":"ReadAction","target":["https:\/\/www.m-q.ch\/erforderliche-veraenderungen-gemeinsam-angehen\/"]}]},{"@type":"ImageObject","inLanguage":"de","@id":"https:\/\/www.m-q.ch\/erforderliche-veraenderungen-gemeinsam-angehen\/#primaryimage","url":"https:\/\/www.m-q.ch\/wp-content\/uploads\/2021\/02\/04-5.jpg","contentUrl":"https:\/\/www.m-q.ch\/wp-content\/uploads\/2021\/02\/04-5.jpg","width":223,"height":196},{"@type":"BreadcrumbList","@id":"https:\/\/www.m-q.ch\/erforderliche-veraenderungen-gemeinsam-angehen\/#breadcrumb","itemListElement":[{"@type":"ListItem","position":1,"name":"Business Excellence","item":"https:\/\/www.m-q.ch\/kategorie\/business_excellence\/"},{"@type":"ListItem","position":2,"name":"\u00abErforderliche Ver\u00e4nderungen gemeinsam angehen\u00bb"}]},{"@type":"WebSite","@id":"https:\/\/www.m-q.ch\/fr\/#website","url":"https:\/\/www.m-q.ch\/fr\/","name":"MQ Management und Qualit\u00e4t","description":"Plattform f\u00fcr integrierte Managementsysteme.","publisher":{"@id":"https:\/\/www.m-q.ch\/fr\/#organization"},"potentialAction":[{"@type":"SearchAction","target":{"@type":"EntryPoint","urlTemplate":"https:\/\/www.m-q.ch\/fr\/?s={search_term_string}"},"query-input":{"@type":"PropertyValueSpecification","valueRequired":true,"valueName":"search_term_string"}}],"inLanguage":"de"},{"@type":"Organization","@id":"https:\/\/www.m-q.ch\/fr\/#organization","name":"Galledia Fachmedien AG","url":"https:\/\/www.m-q.ch\/fr\/","logo":{"@type":"ImageObject","inLanguage":"de","@id":"https:\/\/www.m-q.ch\/fr\/#\/schema\/logo\/image\/","url":"https:\/\/www.m-q.ch\/wp-content\/uploads\/2020\/12\/cropped-logo_small.png","contentUrl":"https:\/\/www.m-q.ch\/wp-content\/uploads\/2020\/12\/cropped-logo_small.png","width":512,"height":512,"caption":"Galledia Fachmedien AG"},"image":{"@id":"https:\/\/www.m-q.ch\/fr\/#\/schema\/logo\/image\/"},"sameAs":["https:\/\/www.facebook.com\/ManagementUndQualitaet","https:\/\/www.linkedin.com\/showcase\/17982321\/admin\/"]},{"@type":"Person","@id":"https:\/\/www.m-q.ch\/fr\/#\/schema\/person\/6044ff1d138701fac0f63fd4c5c93267","name":"upwork","image":{"@type":"ImageObject","inLanguage":"de","@id":"https:\/\/www.m-q.ch\/fr\/#\/schema\/person\/image\/","url":"https:\/\/secure.gravatar.com\/avatar\/fe2de2b04483edb0f28eb7fd34d15d6c?s=96&d=mm&r=g","contentUrl":"https:\/\/secure.gravatar.com\/avatar\/fe2de2b04483edb0f28eb7fd34d15d6c?s=96&d=mm&r=g","caption":"upwork"},"description":"uf3J7(qCI6jN0^0y6%%0ti70","url":"https:\/\/www.m-q.ch\/de\/author\/upwork\/"}]}},"_links":{"self":[{"href":"https:\/\/www.m-q.ch\/de\/wp-json\/wp\/v2\/posts\/10507","targetHints":{"allow":["GET"]}}],"collection":[{"href":"https:\/\/www.m-q.ch\/de\/wp-json\/wp\/v2\/posts"}],"about":[{"href":"https:\/\/www.m-q.ch\/de\/wp-json\/wp\/v2\/types\/post"}],"author":[{"embeddable":true,"href":"https:\/\/www.m-q.ch\/de\/wp-json\/wp\/v2\/users\/60"}],"replies":[{"embeddable":true,"href":"https:\/\/www.m-q.ch\/de\/wp-json\/wp\/v2\/comments?post=10507"}],"version-history":[{"count":1,"href":"https:\/\/www.m-q.ch\/de\/wp-json\/wp\/v2\/posts\/10507\/revisions"}],"predecessor-version":[{"id":10512,"href":"https:\/\/www.m-q.ch\/de\/wp-json\/wp\/v2\/posts\/10507\/revisions\/10512"}],"wp:featuredmedia":[{"embeddable":true,"href":"https:\/\/www.m-q.ch\/de\/wp-json\/wp\/v2\/media\/10510"}],"wp:attachment":[{"href":"https:\/\/www.m-q.ch\/de\/wp-json\/wp\/v2\/media?parent=10507"}],"wp:term":[{"taxonomy":"category","embeddable":true,"href":"https:\/\/www.m-q.ch\/de\/wp-json\/wp\/v2\/categories?post=10507"},{"taxonomy":"post_tag","embeddable":true,"href":"https:\/\/www.m-q.ch\/de\/wp-json\/wp\/v2\/tags?post=10507"}],"curies":[{"name":"wp","href":"https:\/\/api.w.org\/{rel}","templated":true}]}}