{"id":10513,"date":"2020-05-13T12:22:56","date_gmt":"2020-05-13T10:22:56","guid":{"rendered":"https:\/\/www.m-q.ch\/?p=10513"},"modified":"2021-02-10T12:27:05","modified_gmt":"2021-02-10T11:27:05","slug":"fachmesse-arbeitssicherheit-schweiz-verschoben","status":"publish","type":"post","link":"https:\/\/www.m-q.ch\/de\/fachmesse-arbeitssicherheit-schweiz-verschoben\/","title":{"rendered":"Fachmesse ArbeitsSicherheit Schweiz verschoben"},"content":{"rendered":"<p><img loading=\"lazy\" decoding=\"async\" class=\"alignnone  wp-image-10514\" src=\"https:\/\/www.m-q.ch\/wp-content\/uploads\/2021\/02\/05-5.jpg\" alt=\"\" width=\"812\" height=\"531\" srcset=\"https:\/\/www.m-q.ch\/wp-content\/uploads\/2021\/02\/05-5.jpg 315w, https:\/\/www.m-q.ch\/wp-content\/uploads\/2021\/02\/05-5-16x10.jpg 16w, https:\/\/www.m-q.ch\/wp-content\/uploads\/2021\/02\/05-5-268x175.jpg 268w, https:\/\/www.m-q.ch\/wp-content\/uploads\/2021\/02\/05-5-300x196.jpg 300w\" sizes=\"auto, (max-width: 812px) 100vw, 812px\" \/><\/p>\n<p>Am 16. April 2020 hat der Bundesrat bekanntlich seine Strategie f\u00fcr die schrittweise Aufhebung der Massnahmen gegen die Ausbreitung der Corona-Pandemie kommuniziert. F\u00fcr die Organisatoren von Grossveranstaltungen ist allerdings noch keine Entspannung in Sicht. Das bedeutet, dass auch im Mai keine Messen und \u00e4hnliche Events zugelassen sein werden. Der Veranstalter der Fachmessen ArbeitsSicherheit Schweiz und Swiss Corporate Fashion, boerding exposition SA, entschied sich nach intensiven Abstimmungen mit den zust\u00e4ndigen Beh\u00f6rden und den Kooperationspartnern deshalb f\u00fcr eine Verschiebung des Anlasses. Zus\u00e4tzlich zum neuen Termin bietet er zus\u00e4tzliche Online- Formate an, so gew\u00e4hrleistet boerding den Austausch der Arbeitssicherheitsbranche und der Corporate-Fashion-Verantwortlichen und liefert wertvollen Input.<\/p>\n<p><strong>Fachmessen werden auf den 10. bis 12. November 2020 verschoben <\/strong><\/p>\n<p>\u2039\u2039Durch den zweij\u00e4hrigen Turnus der beiden Fachmessen arbeitet das gesamte Projektteam bereits seit Fr\u00fchjahr 2018 mit ganzer Kraft und voller Enthusiasmus an den Vorbereitungen. Wir sind in ganz enger Abstimmung mit unseren Partnern und Ausstellern und kommen immer wieder zum selben Ergebnis: Die Messen werden stattfinden \u2013 sobald die Umst\u00e4nde es zulassen\u203a\u203a, fasst die Projektleiterin Kirsten Maul vom Veranstalter boerding exposition SA zusammen. Der neue Termin wurde auf den Zeitraum vom 10. bis 12. November 2020 gelegt, so weit wie m\u00f6glich ans Jahresende, um einer weiteren Verschiebung vorzubeugen. Die langj\u00e4hrige gute Zusammenarbeit mit den Verantwortlichen des Veranstaltungsortes Bern Expo kann auch f\u00fcr den Ersatztermin fortgef\u00fchrt werden. S\u00e4mtliche Buchungen und Tickets behalten so ihre G\u00fcltigkeit. Kirsten Maul verr\u00e4t: \u2039\u2039Wir werden die Zeit zum neuen Termin gut nutzen, um gemeinsam mit unseren Partnern und Ausstellern das Thema Arbeitshygiene voranzutreiben. Dieses Thema wird die gesamte Branche auch in Zukunft begleiten, somit ist dieser Schritt eine logische Konsequenz zur Aufwertung unserer Fachmessen.\u00bb Thomas Eiche, zertifizierter Arbeitshygieniker und vorgesehener Fachreferent an der Messe, erg\u00e4nzt: \u00abEin Pandemieplan in der Ablage wird nicht mehr gen\u00fcgen.\u00bb Aufbauend auf den aktuellen Erfahrungen und Erkenntnissen, m\u00fcssten Unternehmen in der Pandemievorsorge neue Wege suchen. \u00abViele Unternehmen stellen beispielsweise derzeit fest, dass alle Schl\u00fcsselpositionen zu wichtigen Bereichen zusammen im Grossraumb\u00fcro arbeiten und gleichzeitig ausfallen\u00bb, gibt er zu bedenken.<\/p>\n<p><strong> Termine f\u00fcr neues Veranstaltungsformat Online- Konferenzen stehen fest <\/strong><\/p>\n<p>Zur \u00dcberbr\u00fcckung bis zum Pr\u00e4senztermin werden vom 23. bis 25. Juni erstmals Online- Konferenzen stattfinden. Der Veranstalter boerding hat in der j\u00fcngsten Vergangenheit grosse Erfolge mit diesem virtuellen Format erzielen k\u00f6nnen, wie es heisst. In je 30-min\u00fctigen Webinaren vermitteln Experten der Arbeitssicherheit und des Themas Corporate Clothing ihr Know-how, im Anschluss werden sie Fragen von Teilnehmern zu ihrem Fachthema beantworten. \u2039\u2039Wir versprechen allen Partnern, Referenten, Ausstellern und Besuchern eine klare Kommunikation der n\u00e4chsten Schritte. Wir sind weiter motiviert und sicher, dass der Stellenwert unserer Messethemen in Zukunft eine noch gr\u00f6ssere Rolle spielen wird. Wir sind darauf vorbereitet\u203a\u203a, so die Projektleiterin Maul.<\/p>\n<p>Weitere Informationen werden in K\u00fcrze vom Veranstalter bekannt gegeben.<\/p>\n","protected":false},"excerpt":{"rendered":"<p>Am 16. April 2020 hat der Bundesrat bekanntlich seine Strategie f\u00fcr die schrittweise Aufhebung der Massnahmen gegen die Ausbreitung der Corona-Pandemie kommuniziert. F\u00fcr die Organisatoren von Grossveranstaltungen ist allerdings noch keine Entspannung in Sicht. Das bedeutet, dass auch im Mai keine Messen und \u00e4hnliche Events zugelassen sein werden. Der Veranstalter der Fachmessen ArbeitsSicherheit Schweiz und [&hellip;]<\/p>\n","protected":false},"author":60,"featured_media":10514,"comment_status":"closed","ping_status":"closed","sticky":false,"template":"","format":"standard","meta":{"_acf_changed":false,"footnotes":""},"categories":[4],"tags":[4745],"class_list":["post-10513","post","type-post","status-publish","format-standard","has-post-thumbnail","hentry","category-risikomanagement","tag-05-2020"],"acf":[],"yoast_head":"<!-- This site is optimized with the Yoast SEO plugin v26.2 - https:\/\/yoast.com\/wordpress\/plugins\/seo\/ -->\n<title>Fachmesse ArbeitsSicherheit Schweiz verschoben - MQ Management und Qualit\u00e4t<\/title>\n<meta name=\"description\" content=\"Weltweit wirkt sich die Corona-Pandemie massiv auf alle geplanten Veranstaltungender n\u00e4chsten Monate aus. Die Veranstalter der Fachmessen ArbeitsSicherheitSchweiz und Swiss Corporate Fashion verschieben die Pr\u00e4senztermine auf denZeitraum vom 10. bis 12. November 2020. Um den Zeitraum konstruktiv zu\u00fcberbr\u00fccken, bietet das Projektteam kurzfristig eine Online-Konferenz an. Diesevirtuelle Teilausgabe der beiden Veranstaltungen findet vom 23. bis 25. Juni statt.\" \/>\n<meta name=\"robots\" content=\"index, follow, max-snippet:-1, max-image-preview:large, max-video-preview:-1\" \/>\n<link rel=\"canonical\" href=\"https:\/\/www.m-q.ch\/de\/fachmesse-arbeitssicherheit-schweiz-verschoben\/\" \/>\n<meta property=\"og:locale\" content=\"de_DE\" \/>\n<meta property=\"og:type\" content=\"article\" \/>\n<meta property=\"og:title\" content=\"Fachmesse ArbeitsSicherheit Schweiz verschoben - MQ Management und Qualit\u00e4t\" \/>\n<meta property=\"og:description\" content=\"Weltweit wirkt sich die Corona-Pandemie massiv auf alle geplanten Veranstaltungender n\u00e4chsten Monate aus. Die Veranstalter der Fachmessen ArbeitsSicherheitSchweiz und Swiss Corporate Fashion verschieben die Pr\u00e4senztermine auf denZeitraum vom 10. bis 12. November 2020. Um den Zeitraum konstruktiv zu\u00fcberbr\u00fccken, bietet das Projektteam kurzfristig eine Online-Konferenz an. Diesevirtuelle Teilausgabe der beiden Veranstaltungen findet vom 23. bis 25. Juni statt.\" \/>\n<meta property=\"og:url\" content=\"https:\/\/www.m-q.ch\/de\/fachmesse-arbeitssicherheit-schweiz-verschoben\/\" \/>\n<meta property=\"og:site_name\" content=\"MQ Management und Qualit\u00e4t\" \/>\n<meta property=\"article:publisher\" content=\"https:\/\/www.facebook.com\/ManagementUndQualitaet\" \/>\n<meta property=\"article:published_time\" content=\"2020-05-13T10:22:56+00:00\" \/>\n<meta property=\"article:modified_time\" content=\"2021-02-10T11:27:05+00:00\" \/>\n<meta property=\"og:image\" content=\"https:\/\/www.m-q.ch\/wp-content\/uploads\/2021\/02\/05-5.jpg\" \/>\n\t<meta property=\"og:image:width\" content=\"315\" \/>\n\t<meta property=\"og:image:height\" content=\"206\" \/>\n\t<meta property=\"og:image:type\" content=\"image\/jpeg\" \/>\n<meta name=\"author\" content=\"upwork\" \/>\n<meta name=\"twitter:card\" content=\"summary_large_image\" \/>\n<meta name=\"twitter:label1\" content=\"Verfasst von\" \/>\n\t<meta name=\"twitter:data1\" content=\"upwork\" \/>\n\t<meta name=\"twitter:label2\" content=\"Gesch\u00e4tzte Lesezeit\" \/>\n\t<meta name=\"twitter:data2\" content=\"2\u00a0Minuten\" \/>\n<script type=\"application\/ld+json\" class=\"yoast-schema-graph\">{\"@context\":\"https:\/\/schema.org\",\"@graph\":[{\"@type\":\"Article\",\"@id\":\"https:\/\/www.m-q.ch\/fachmesse-arbeitssicherheit-schweiz-verschoben\/#article\",\"isPartOf\":{\"@id\":\"https:\/\/www.m-q.ch\/fachmesse-arbeitssicherheit-schweiz-verschoben\/\"},\"author\":{\"name\":\"upwork\",\"@id\":\"https:\/\/www.m-q.ch\/fr\/#\/schema\/person\/6044ff1d138701fac0f63fd4c5c93267\"},\"headline\":\"Fachmesse ArbeitsSicherheit Schweiz verschoben\",\"datePublished\":\"2020-05-13T10:22:56+00:00\",\"dateModified\":\"2021-02-10T11:27:05+00:00\",\"mainEntityOfPage\":{\"@id\":\"https:\/\/www.m-q.ch\/fachmesse-arbeitssicherheit-schweiz-verschoben\/\"},\"wordCount\":471,\"publisher\":{\"@id\":\"https:\/\/www.m-q.ch\/fr\/#organization\"},\"image\":{\"@id\":\"https:\/\/www.m-q.ch\/fachmesse-arbeitssicherheit-schweiz-verschoben\/#primaryimage\"},\"thumbnailUrl\":\"https:\/\/www.m-q.ch\/wp-content\/uploads\/2021\/02\/05-5.jpg\",\"keywords\":[\"05\/2020\"],\"articleSection\":[\"Risikomanagement\"],\"inLanguage\":\"de\"},{\"@type\":\"WebPage\",\"@id\":\"https:\/\/www.m-q.ch\/fachmesse-arbeitssicherheit-schweiz-verschoben\/\",\"url\":\"https:\/\/www.m-q.ch\/fachmesse-arbeitssicherheit-schweiz-verschoben\/\",\"name\":\"Fachmesse ArbeitsSicherheit Schweiz verschoben - MQ Management und Qualit\u00e4t\",\"isPartOf\":{\"@id\":\"https:\/\/www.m-q.ch\/fr\/#website\"},\"primaryImageOfPage\":{\"@id\":\"https:\/\/www.m-q.ch\/fachmesse-arbeitssicherheit-schweiz-verschoben\/#primaryimage\"},\"image\":{\"@id\":\"https:\/\/www.m-q.ch\/fachmesse-arbeitssicherheit-schweiz-verschoben\/#primaryimage\"},\"thumbnailUrl\":\"https:\/\/www.m-q.ch\/wp-content\/uploads\/2021\/02\/05-5.jpg\",\"datePublished\":\"2020-05-13T10:22:56+00:00\",\"dateModified\":\"2021-02-10T11:27:05+00:00\",\"description\":\"Weltweit wirkt sich die Corona-Pandemie massiv auf alle geplanten Veranstaltungender n\u00e4chsten Monate aus. Die Veranstalter der Fachmessen ArbeitsSicherheitSchweiz und Swiss Corporate Fashion verschieben die Pr\u00e4senztermine auf denZeitraum vom 10. bis 12. November 2020. Um den Zeitraum konstruktiv zu\u00fcberbr\u00fccken, bietet das Projektteam kurzfristig eine Online-Konferenz an. Diesevirtuelle Teilausgabe der beiden Veranstaltungen findet vom 23. bis 25. Juni statt.\",\"breadcrumb\":{\"@id\":\"https:\/\/www.m-q.ch\/fachmesse-arbeitssicherheit-schweiz-verschoben\/#breadcrumb\"},\"inLanguage\":\"de\",\"potentialAction\":[{\"@type\":\"ReadAction\",\"target\":[\"https:\/\/www.m-q.ch\/fachmesse-arbeitssicherheit-schweiz-verschoben\/\"]}]},{\"@type\":\"ImageObject\",\"inLanguage\":\"de\",\"@id\":\"https:\/\/www.m-q.ch\/fachmesse-arbeitssicherheit-schweiz-verschoben\/#primaryimage\",\"url\":\"https:\/\/www.m-q.ch\/wp-content\/uploads\/2021\/02\/05-5.jpg\",\"contentUrl\":\"https:\/\/www.m-q.ch\/wp-content\/uploads\/2021\/02\/05-5.jpg\",\"width\":315,\"height\":206},{\"@type\":\"BreadcrumbList\",\"@id\":\"https:\/\/www.m-q.ch\/fachmesse-arbeitssicherheit-schweiz-verschoben\/#breadcrumb\",\"itemListElement\":[{\"@type\":\"ListItem\",\"position\":1,\"name\":\"Risikomanagement\",\"item\":\"https:\/\/www.m-q.ch\/kategorie\/risikomanagement\/\"},{\"@type\":\"ListItem\",\"position\":2,\"name\":\"Fachmesse ArbeitsSicherheit Schweiz verschoben\"}]},{\"@type\":\"WebSite\",\"@id\":\"https:\/\/www.m-q.ch\/fr\/#website\",\"url\":\"https:\/\/www.m-q.ch\/fr\/\",\"name\":\"MQ Management und Qualit\u00e4t\",\"description\":\"Plattform f\u00fcr integrierte Managementsysteme.\",\"publisher\":{\"@id\":\"https:\/\/www.m-q.ch\/fr\/#organization\"},\"potentialAction\":[{\"@type\":\"SearchAction\",\"target\":{\"@type\":\"EntryPoint\",\"urlTemplate\":\"https:\/\/www.m-q.ch\/fr\/?s={search_term_string}\"},\"query-input\":{\"@type\":\"PropertyValueSpecification\",\"valueRequired\":true,\"valueName\":\"search_term_string\"}}],\"inLanguage\":\"de\"},{\"@type\":\"Organization\",\"@id\":\"https:\/\/www.m-q.ch\/fr\/#organization\",\"name\":\"Galledia Fachmedien AG\",\"url\":\"https:\/\/www.m-q.ch\/fr\/\",\"logo\":{\"@type\":\"ImageObject\",\"inLanguage\":\"de\",\"@id\":\"https:\/\/www.m-q.ch\/fr\/#\/schema\/logo\/image\/\",\"url\":\"https:\/\/www.m-q.ch\/wp-content\/uploads\/2020\/12\/cropped-logo_small.png\",\"contentUrl\":\"https:\/\/www.m-q.ch\/wp-content\/uploads\/2020\/12\/cropped-logo_small.png\",\"width\":512,\"height\":512,\"caption\":\"Galledia Fachmedien AG\"},\"image\":{\"@id\":\"https:\/\/www.m-q.ch\/fr\/#\/schema\/logo\/image\/\"},\"sameAs\":[\"https:\/\/www.facebook.com\/ManagementUndQualitaet\",\"https:\/\/www.linkedin.com\/showcase\/17982321\/admin\/\"]},{\"@type\":\"Person\",\"@id\":\"https:\/\/www.m-q.ch\/fr\/#\/schema\/person\/6044ff1d138701fac0f63fd4c5c93267\",\"name\":\"upwork\",\"image\":{\"@type\":\"ImageObject\",\"inLanguage\":\"de\",\"@id\":\"https:\/\/www.m-q.ch\/fr\/#\/schema\/person\/image\/\",\"url\":\"https:\/\/secure.gravatar.com\/avatar\/fe2de2b04483edb0f28eb7fd34d15d6c?s=96&d=mm&r=g\",\"contentUrl\":\"https:\/\/secure.gravatar.com\/avatar\/fe2de2b04483edb0f28eb7fd34d15d6c?s=96&d=mm&r=g\",\"caption\":\"upwork\"},\"description\":\"uf3J7(qCI6jN0^0y6%%0ti70\",\"url\":\"https:\/\/www.m-q.ch\/de\/author\/upwork\/\"}]}<\/script>\n<!-- \/ Yoast SEO plugin. -->","yoast_head_json":{"title":"Fachmesse ArbeitsSicherheit Schweiz verschoben - MQ Management und Qualit\u00e4t","description":"Weltweit wirkt sich die Corona-Pandemie massiv auf alle geplanten Veranstaltungender n\u00e4chsten Monate aus. Die Veranstalter der Fachmessen ArbeitsSicherheitSchweiz und Swiss Corporate Fashion verschieben die Pr\u00e4senztermine auf denZeitraum vom 10. bis 12. November 2020. Um den Zeitraum konstruktiv zu\u00fcberbr\u00fccken, bietet das Projektteam kurzfristig eine Online-Konferenz an. Diesevirtuelle Teilausgabe der beiden Veranstaltungen findet vom 23. bis 25. Juni statt.","robots":{"index":"index","follow":"follow","max-snippet":"max-snippet:-1","max-image-preview":"max-image-preview:large","max-video-preview":"max-video-preview:-1"},"canonical":"https:\/\/www.m-q.ch\/de\/fachmesse-arbeitssicherheit-schweiz-verschoben\/","og_locale":"de_DE","og_type":"article","og_title":"Fachmesse ArbeitsSicherheit Schweiz verschoben - MQ Management und Qualit\u00e4t","og_description":"Weltweit wirkt sich die Corona-Pandemie massiv auf alle geplanten Veranstaltungender n\u00e4chsten Monate aus. Die Veranstalter der Fachmessen ArbeitsSicherheitSchweiz und Swiss Corporate Fashion verschieben die Pr\u00e4senztermine auf denZeitraum vom 10. bis 12. November 2020. Um den Zeitraum konstruktiv zu\u00fcberbr\u00fccken, bietet das Projektteam kurzfristig eine Online-Konferenz an. Diesevirtuelle Teilausgabe der beiden Veranstaltungen findet vom 23. bis 25. Juni statt.","og_url":"https:\/\/www.m-q.ch\/de\/fachmesse-arbeitssicherheit-schweiz-verschoben\/","og_site_name":"MQ Management und Qualit\u00e4t","article_publisher":"https:\/\/www.facebook.com\/ManagementUndQualitaet","article_published_time":"2020-05-13T10:22:56+00:00","article_modified_time":"2021-02-10T11:27:05+00:00","og_image":[{"width":315,"height":206,"url":"https:\/\/www.m-q.ch\/wp-content\/uploads\/2021\/02\/05-5.jpg","type":"image\/jpeg"}],"author":"upwork","twitter_card":"summary_large_image","twitter_misc":{"Verfasst von":"upwork","Gesch\u00e4tzte Lesezeit":"2\u00a0Minuten"},"schema":{"@context":"https:\/\/schema.org","@graph":[{"@type":"Article","@id":"https:\/\/www.m-q.ch\/fachmesse-arbeitssicherheit-schweiz-verschoben\/#article","isPartOf":{"@id":"https:\/\/www.m-q.ch\/fachmesse-arbeitssicherheit-schweiz-verschoben\/"},"author":{"name":"upwork","@id":"https:\/\/www.m-q.ch\/fr\/#\/schema\/person\/6044ff1d138701fac0f63fd4c5c93267"},"headline":"Fachmesse ArbeitsSicherheit Schweiz verschoben","datePublished":"2020-05-13T10:22:56+00:00","dateModified":"2021-02-10T11:27:05+00:00","mainEntityOfPage":{"@id":"https:\/\/www.m-q.ch\/fachmesse-arbeitssicherheit-schweiz-verschoben\/"},"wordCount":471,"publisher":{"@id":"https:\/\/www.m-q.ch\/fr\/#organization"},"image":{"@id":"https:\/\/www.m-q.ch\/fachmesse-arbeitssicherheit-schweiz-verschoben\/#primaryimage"},"thumbnailUrl":"https:\/\/www.m-q.ch\/wp-content\/uploads\/2021\/02\/05-5.jpg","keywords":["05\/2020"],"articleSection":["Risikomanagement"],"inLanguage":"de"},{"@type":"WebPage","@id":"https:\/\/www.m-q.ch\/fachmesse-arbeitssicherheit-schweiz-verschoben\/","url":"https:\/\/www.m-q.ch\/fachmesse-arbeitssicherheit-schweiz-verschoben\/","name":"Fachmesse ArbeitsSicherheit Schweiz verschoben - MQ Management und Qualit\u00e4t","isPartOf":{"@id":"https:\/\/www.m-q.ch\/fr\/#website"},"primaryImageOfPage":{"@id":"https:\/\/www.m-q.ch\/fachmesse-arbeitssicherheit-schweiz-verschoben\/#primaryimage"},"image":{"@id":"https:\/\/www.m-q.ch\/fachmesse-arbeitssicherheit-schweiz-verschoben\/#primaryimage"},"thumbnailUrl":"https:\/\/www.m-q.ch\/wp-content\/uploads\/2021\/02\/05-5.jpg","datePublished":"2020-05-13T10:22:56+00:00","dateModified":"2021-02-10T11:27:05+00:00","description":"Weltweit wirkt sich die Corona-Pandemie massiv auf alle geplanten Veranstaltungender n\u00e4chsten Monate aus. Die Veranstalter der Fachmessen ArbeitsSicherheitSchweiz und Swiss Corporate Fashion verschieben die Pr\u00e4senztermine auf denZeitraum vom 10. bis 12. November 2020. Um den Zeitraum konstruktiv zu\u00fcberbr\u00fccken, bietet das Projektteam kurzfristig eine Online-Konferenz an. Diesevirtuelle Teilausgabe der beiden Veranstaltungen findet vom 23. bis 25. Juni statt.","breadcrumb":{"@id":"https:\/\/www.m-q.ch\/fachmesse-arbeitssicherheit-schweiz-verschoben\/#breadcrumb"},"inLanguage":"de","potentialAction":[{"@type":"ReadAction","target":["https:\/\/www.m-q.ch\/fachmesse-arbeitssicherheit-schweiz-verschoben\/"]}]},{"@type":"ImageObject","inLanguage":"de","@id":"https:\/\/www.m-q.ch\/fachmesse-arbeitssicherheit-schweiz-verschoben\/#primaryimage","url":"https:\/\/www.m-q.ch\/wp-content\/uploads\/2021\/02\/05-5.jpg","contentUrl":"https:\/\/www.m-q.ch\/wp-content\/uploads\/2021\/02\/05-5.jpg","width":315,"height":206},{"@type":"BreadcrumbList","@id":"https:\/\/www.m-q.ch\/fachmesse-arbeitssicherheit-schweiz-verschoben\/#breadcrumb","itemListElement":[{"@type":"ListItem","position":1,"name":"Risikomanagement","item":"https:\/\/www.m-q.ch\/kategorie\/risikomanagement\/"},{"@type":"ListItem","position":2,"name":"Fachmesse ArbeitsSicherheit Schweiz verschoben"}]},{"@type":"WebSite","@id":"https:\/\/www.m-q.ch\/fr\/#website","url":"https:\/\/www.m-q.ch\/fr\/","name":"MQ Management und Qualit\u00e4t","description":"Plattform f\u00fcr integrierte Managementsysteme.","publisher":{"@id":"https:\/\/www.m-q.ch\/fr\/#organization"},"potentialAction":[{"@type":"SearchAction","target":{"@type":"EntryPoint","urlTemplate":"https:\/\/www.m-q.ch\/fr\/?s={search_term_string}"},"query-input":{"@type":"PropertyValueSpecification","valueRequired":true,"valueName":"search_term_string"}}],"inLanguage":"de"},{"@type":"Organization","@id":"https:\/\/www.m-q.ch\/fr\/#organization","name":"Galledia Fachmedien AG","url":"https:\/\/www.m-q.ch\/fr\/","logo":{"@type":"ImageObject","inLanguage":"de","@id":"https:\/\/www.m-q.ch\/fr\/#\/schema\/logo\/image\/","url":"https:\/\/www.m-q.ch\/wp-content\/uploads\/2020\/12\/cropped-logo_small.png","contentUrl":"https:\/\/www.m-q.ch\/wp-content\/uploads\/2020\/12\/cropped-logo_small.png","width":512,"height":512,"caption":"Galledia Fachmedien AG"},"image":{"@id":"https:\/\/www.m-q.ch\/fr\/#\/schema\/logo\/image\/"},"sameAs":["https:\/\/www.facebook.com\/ManagementUndQualitaet","https:\/\/www.linkedin.com\/showcase\/17982321\/admin\/"]},{"@type":"Person","@id":"https:\/\/www.m-q.ch\/fr\/#\/schema\/person\/6044ff1d138701fac0f63fd4c5c93267","name":"upwork","image":{"@type":"ImageObject","inLanguage":"de","@id":"https:\/\/www.m-q.ch\/fr\/#\/schema\/person\/image\/","url":"https:\/\/secure.gravatar.com\/avatar\/fe2de2b04483edb0f28eb7fd34d15d6c?s=96&d=mm&r=g","contentUrl":"https:\/\/secure.gravatar.com\/avatar\/fe2de2b04483edb0f28eb7fd34d15d6c?s=96&d=mm&r=g","caption":"upwork"},"description":"uf3J7(qCI6jN0^0y6%%0ti70","url":"https:\/\/www.m-q.ch\/de\/author\/upwork\/"}]}},"_links":{"self":[{"href":"https:\/\/www.m-q.ch\/de\/wp-json\/wp\/v2\/posts\/10513","targetHints":{"allow":["GET"]}}],"collection":[{"href":"https:\/\/www.m-q.ch\/de\/wp-json\/wp\/v2\/posts"}],"about":[{"href":"https:\/\/www.m-q.ch\/de\/wp-json\/wp\/v2\/types\/post"}],"author":[{"embeddable":true,"href":"https:\/\/www.m-q.ch\/de\/wp-json\/wp\/v2\/users\/60"}],"replies":[{"embeddable":true,"href":"https:\/\/www.m-q.ch\/de\/wp-json\/wp\/v2\/comments?post=10513"}],"version-history":[{"count":1,"href":"https:\/\/www.m-q.ch\/de\/wp-json\/wp\/v2\/posts\/10513\/revisions"}],"predecessor-version":[{"id":10516,"href":"https:\/\/www.m-q.ch\/de\/wp-json\/wp\/v2\/posts\/10513\/revisions\/10516"}],"wp:featuredmedia":[{"embeddable":true,"href":"https:\/\/www.m-q.ch\/de\/wp-json\/wp\/v2\/media\/10514"}],"wp:attachment":[{"href":"https:\/\/www.m-q.ch\/de\/wp-json\/wp\/v2\/media?parent=10513"}],"wp:term":[{"taxonomy":"category","embeddable":true,"href":"https:\/\/www.m-q.ch\/de\/wp-json\/wp\/v2\/categories?post=10513"},{"taxonomy":"post_tag","embeddable":true,"href":"https:\/\/www.m-q.ch\/de\/wp-json\/wp\/v2\/tags?post=10513"}],"curies":[{"name":"wp","href":"https:\/\/api.w.org\/{rel}","templated":true}]}}