{"id":10681,"date":"2018-06-23T09:25:14","date_gmt":"2018-06-23T07:25:14","guid":{"rendered":"https:\/\/www.m-q.ch\/?p=10681"},"modified":"2021-02-11T09:59:23","modified_gmt":"2021-02-11T08:59:23","slug":"im-zeichen-von-industrie-4-0","status":"publish","type":"post","link":"https:\/\/www.m-q.ch\/de\/im-zeichen-von-industrie-4-0\/","title":{"rendered":"Im Zeichen von Industrie 4.0"},"content":{"rendered":"<p><img loading=\"lazy\" decoding=\"async\" class=\"alignnone size-full wp-image-10691\" src=\"https:\/\/www.m-q.ch\/wp-content\/uploads\/2021\/02\/Im-Zeichen-von-Industrie-4.0.jpg\" alt=\"Im Zeichen von Industrie 4.0\" width=\"878\" height=\"1240\" srcset=\"https:\/\/www.m-q.ch\/wp-content\/uploads\/2021\/02\/Im-Zeichen-von-Industrie-4.0.jpg 878w, https:\/\/www.m-q.ch\/wp-content\/uploads\/2021\/02\/Im-Zeichen-von-Industrie-4.0-768x1085.jpg 768w, https:\/\/www.m-q.ch\/wp-content\/uploads\/2021\/02\/Im-Zeichen-von-Industrie-4.0-8x12.jpg 8w, https:\/\/www.m-q.ch\/wp-content\/uploads\/2021\/02\/Im-Zeichen-von-Industrie-4.0-124x175.jpg 124w, https:\/\/www.m-q.ch\/wp-content\/uploads\/2021\/02\/Im-Zeichen-von-Industrie-4.0-248x350.jpg 248w, https:\/\/www.m-q.ch\/wp-content\/uploads\/2021\/02\/Im-Zeichen-von-Industrie-4.0-566x800.jpg 566w, https:\/\/www.m-q.ch\/wp-content\/uploads\/2021\/02\/Im-Zeichen-von-Industrie-4.0-300x424.jpg 300w\" sizes=\"auto, (max-width: 878px) 100vw, 878px\" \/><\/p>\n<p>&nbsp;<\/p>\n<p>&nbsp;<\/p>\n<p>Auch in diesem Jahr geht der Trend zu Indus-trie 4.0 weiter. Die Systeme werden schneller, einfacher automatisierbar und insbesondere ber\u00fchrungslose Systeme verzeichnen einen grossen Aufschwung.<\/p>\n<p><strong>Mikrokoordinatenmesssystem<\/strong><br \/>\nMit dem neuen \u03bcCMM stellt Alicona an der Control erstmals ein optisches Mikrokoordi-natenmesssystem vor und feierte damit seine Weltpremiere.<\/p>\n<p>&nbsp;<\/p>\n<p>Die Verbindung eines klassischen Koor-dinatenmessger\u00e4ts und der optischen Ober-fl\u00e4chenmesstechnik erm\u00f6glicht mit nur ei-nem Sensor Mass, Lage, Form und Rauheit von Bauteilen zu messen. Das optische Koor-dinatenmessger\u00e4t bietet hohe geometrische Genauigkeit, was die Messung von kleinsten Oberfl\u00e4chendetails inklusive pr\u00e4ziser Be-stimmung der Lage der Einzelmessungen zu-einander erm\u00f6glicht. Die 3D-Genauigkeit gem\u00e4ss ISO 10360-8 liegt bei E\u2009Uni:j:ODS,MPE = (0.8 + L\/600) \u00b5m (L in mm).<\/p>\n<p>&nbsp;<\/p>\n<p>Gem\u00e4ss Alicona umfasst das Spektrum messbarer Oberfl\u00e4chen s\u00e4mtliche industrie-\u00fcblichen Materialien und Verbundwerkstoffe wie Kunststoff, PKD, CFK, Keramik, Chrom, Silizium etc. Dabei k\u00f6nnen sowohl matte als auch polierte und spiegelnde Bauteile gemessen werden. Das Messvolumen betr\u00e4gt 310 mm \u00d7 310 mm \u00d7 310 mm. Luftgelagerte Ach-sen mit Linearantrieb erm\u00f6glichen die ver-schleissfreie Nutzung. Die Objektive k\u00f6nnen automatisch gewechselt werden.<\/p>\n<p><strong>Neuer Kalibrierk\u00f6rper f\u00fcr optische und taktile Systeme<\/strong><br \/>\nDer neue TOPIC-Kalibrierk\u00f6rper \u00abArena\u00bb kann unter anderem f\u00fcr effiziente Zwischenpr\u00fc-fungen gem\u00e4ss ISO 10360-1 von Mikro-Koordinatenmessger\u00e4ten eingesetzt werden. Der Pr\u00fcfk\u00f6rper besteht aus optisch kooperativen Kugeln mit einer hohen Formgenauigkeit. Durch die systematische Anordnung im Raum ist es m\u00f6glich, mit nur einer Aufspannung die erforderlichen Kenngr\u00f6ssen einer Zwischen-wie auch Abnahme- und Best\u00e4tigungspr\u00fcfung gem\u00e4ss ISO 10360-1 zu ermitteln.<\/p>\n<p>&nbsp;<\/p>\n<p>Dieser Kalibrierk\u00f6rper wurde durch die erfolgreiche Zusammenarbeit von Saphirwerk AG, dem Eidgen\u00f6ssischen Institut f\u00fcr Metrolo-gie METAS, der NTB Interstaatliche Hochschu-le f\u00fcr Technik Buchs und den Industriepart-nern ETA SA und SFS intec entwickelt.<\/p>\n<p><strong>Werth Interferometer Probe WIP<\/strong><br \/>\nMit herk\u00f6mmlichen optischen Sensoren sind schmale und tiefliegende Merkmale, wie zum Beispiel Luftspalten an Elektromotoren, oft nicht messbar. Laserabstandssensoren, chro-matische Fokussensoren und konfokale Sen-soren beispielsweise scheitern an der Apertur der Objektive und oft ist der Arbeitsabstand zu gering, um die Merkmale ohne Kollision zu erfassen. Mit der Werth Interferometer Probe (WIP) hat Werth einen hochgenauen optischen Fasersensor im Portfolio, der das Messen \u00fcber Interferenz erm\u00f6glicht.<\/p>\n<p>&nbsp;<\/p>\n<p>Die Messsonde ist eine lichtleitende Glasfaser mit einem Standarddurchmesser von 125 \u03bcm. Kleinere Durchmesser sind eben-falls m\u00f6glich. Die Sondengeometrie l\u00e4sst sich individuell an die Anforderungen der Mess\u00ad aufgabe anpassen, beispielsweise sind gerade oder abgewinkelte Sonden m\u00f6glich. Der An-schliff der Sonde bestimmt den Austrittswin-kel des Messstrahls zwischen 0\u00b0 und 90\u00b0. Sonden mit 90\u00b0-Winkel werden zum Beispiel zur Messung der Mantelfl\u00e4chen kleiner Boh-rungen eingesetzt.<\/p>\n<p>&nbsp;<\/p>\n<p>Mit dem WIP in RS-Ausf\u00fchrung ist eine hochgenaue Rundheitsmessung mit drehba-rer Sonde m\u00f6glich. Bei dieser wird nur die geometriekorrigierte Sensor-Drehachse be-wegt. Damit lassen sich Rundheitsmessun-gen mit Messabweichungen von etwa 100 nm durchf\u00fchren. Alternativ kann die Sonde w\u00e4hrend der Drehung mit den kartesischen Achsen des Koordinatenmessger\u00e4ts auf einer Kreisbahn bewegt werden und damit auch gr\u00f6ssere Geometrieelemente messen.<\/p>\n<p><strong>Software zur Bestimmung der Messunsicherheit (VCMM)<\/strong><br \/>\nEin vollst\u00e4ndiges Messergebnis beinhaltet ne-ben dem Messwert immer auch eine Messun-sicherheit. Diese ist ein wesentlicher Bestand-teil der Qualit\u00e4tssicherung, da ohne die Mess\u00ad unsicherheit eine Beurteilung der Toleranzen nicht m\u00f6glich ist. Die immer h\u00f6her werdende Automatisierung im Zuge von Industrie 4.0 erfordert auch eine Automatisierung der Er-mittlung der Messunsicherheit. Seit Beginn der 1990er-Jahre entwickelt die PTB eine soge-nannte \u00abVirtual Coordinate Measuring Machi-ne\u00bb (VCMM). Seither wurde diese der moder-nen Messtechnik angepasst und optimiert.<\/p>\n<p>&nbsp;<\/p>\n<p>Die Bestimmung der Messunsicherheit einer komplexen 3D-Messaufgabe mit Hilfe von Monte-Carlo-Simulationen ist eine zeit-und kosteneffiziente Methode. Zur Ermitt-lung der Messunsicherheit wird rechnerge-st\u00fctzt in der VCMM eine grosse Anzahl von Wiederholmessungen simuliert. Dabei wer-den die Messungen in einer virtuellen Um-gebung nachgebildet. Dazu werden erfasste Messpunkte, entsprechend vorgegebener Wahrscheinlichkeitsverteilungen und Ein-gangsparametern, variiert und bilden damit eine realistische Punktewolke ab. Diese Da-ten werden nun gleich wie die erste reale Messung ausgewertet. \u00dcber die mehrfache Wiederholung dieses Vorgangs kann nun ei-ne statistische Aussage getroffen werden.<\/p>\n<p>&nbsp;<\/p>\n<p>Zur Verifizierung der aktuellen Version des VCMM (inkl. Scanning) als Verfahren zur Bestimmung der aufgabenspezifischen Mess\u00ad unsicherheit wurden von der PTB koordi-nierte Vergleichsmessungen durchgef\u00fchrt. Dies ist ein wichtiger Schritt zur baldigen Ve-rifizierung des VCMM, sodass es in Messlabo-ren und akkreditierten Kalibrierlaboratorien zur Messunsicherheitsbestimmung einge-setzt werden kann.<\/p>\n<p><strong>GOM-Computertomograf<\/strong><br \/>\nMit der Hilfe von Computertomografie (CT) sind schon heute Messungen m\u00f6glich, die mit anderen Messprinzipien nicht mehr abgedeckt werden k\u00f6nnen. Beispielsweise k\u00f6nnen mittels additiver Fertigung hergestellte Bauteile, deren innere Strukturen weder taktil noch optisch zug\u00e4nglich sind, gemessen werden.<\/p>\n<p>&nbsp;<\/p>\n<p>Neu bietet auch die Firma GOM Com-putertomografie an und ist damit eher sp\u00e4t in das Gebiet eingestiegen. Eine 5-Achs-Kine-matik sorgt f\u00fcr eine automatisierte Bauteil-positionierung. Das System wird \u00fcber eine fotogrammetrische Kalibrierung in allen m\u00f6glichen Messpositionen kalibriert. Ein weiteres Merkmal ist, dass durch eine Luft-umw\u00e4lzung innerhalb des CT im Arbeitsbe-reich die gleiche Temperatur herrscht wie im Lagerbereich ausserhalb des CT. Damit sind kontrollierte Temperaturverh\u00e4ltnisse ohne eine aufwendige Klimatisierung innerhalb des Computertomografen m\u00f6glich. Die Aus-wertung der Daten erfolgt mit der Software GOM Inspect, die bereits seit letztem Jahr auch mit CT-Daten von anderen Herstellern umgehen kann.<\/p>\n<p><strong>CT-System mit integrierter Klimakammer<\/strong><br \/>\nMit dem Diondo In-situ-CT k\u00f6nnen Werk-st\u00fccke unter realistischen Betriebsbedingun-gen untersucht werden. Von diesem kombi-nierten Verfahren profitieren beispielsweise Automobilhersteller: Bei den f\u00fcr die Elektro-mobilit\u00e4t eingesetzten Li-Ion-Batterien stel-len sich aufgrund der hohen Energiedichte sicherheitsrelevante Fragen: Wie wirkt sich die Temperatur auf die innere Struktur und Geometrie aus? Wie ist das Verhalten bei lang<br \/>\nanhaltend\u00ad hohen oder tiefen Temperaturen oder starken Temperaturschwankungen? Die In-situ-CT gew\u00e4hrt einen hochaufl\u00f6senden Blick in das Innere der Batterie. Dies geschieht bei Temperaturen von \u201372 bis +180 \u00b0C.<\/p>\n","protected":false},"excerpt":{"rendered":"<p>&nbsp; &nbsp; Auch in diesem Jahr geht der Trend zu Indus-trie 4.0 weiter. Die Systeme werden schneller, einfacher automatisierbar und insbesondere ber\u00fchrungslose Systeme verzeichnen einen grossen Aufschwung. Mikrokoordinatenmesssystem Mit dem neuen \u03bcCMM stellt Alicona an der Control erstmals ein optisches Mikrokoordi-natenmesssystem vor und feierte damit seine Weltpremiere. &nbsp; Die Verbindung eines klassischen Koor-dinatenmessger\u00e4ts und der [&hellip;]<\/p>\n","protected":false},"author":62,"featured_media":10691,"comment_status":"closed","ping_status":"closed","sticky":false,"template":"","format":"standard","meta":{"_acf_changed":false,"footnotes":""},"categories":[4448],"tags":[4752],"class_list":["post-10681","post","type-post","status-publish","format-standard","has-post-thumbnail","hentry","category-allgemein","tag-06-2018"],"acf":[],"yoast_head":"<!-- This site is optimized with the Yoast SEO plugin v26.2 - https:\/\/yoast.com\/wordpress\/plugins\/seo\/ -->\n<title>Im Zeichen von Industrie 4.0 - MQ Management und Qualit\u00e4t<\/title>\n<meta name=\"description\" content=\"Mit 883 Ausstellern aus 31 L\u00e4ndern wurde die Control 2018 nochmals gr\u00f6sser und konnte damit ihren Stellenwert als internationale Leitmesse f\u00fcr die Qualit\u00e4tssiche-rung festigen. Die Internationalit\u00e4t widerspiegelten auch die 28\u2009241 registrierten Fachbesucher aus 98 Nationen. Wir zeigen hier ein paar interessante Messtechnik-produkte, die in Stuttgart vorgestellt wurden.\" \/>\n<meta name=\"robots\" content=\"index, follow, max-snippet:-1, max-image-preview:large, max-video-preview:-1\" \/>\n<link rel=\"canonical\" href=\"https:\/\/www.m-q.ch\/de\/im-zeichen-von-industrie-4-0\/\" \/>\n<meta property=\"og:locale\" content=\"de_DE\" \/>\n<meta property=\"og:type\" content=\"article\" \/>\n<meta property=\"og:title\" content=\"Im Zeichen von Industrie 4.0 - MQ Management und Qualit\u00e4t\" \/>\n<meta property=\"og:description\" content=\"Mit 883 Ausstellern aus 31 L\u00e4ndern wurde die Control 2018 nochmals gr\u00f6sser und konnte damit ihren Stellenwert als internationale Leitmesse f\u00fcr die Qualit\u00e4tssiche-rung festigen. Die Internationalit\u00e4t widerspiegelten auch die 28\u2009241 registrierten Fachbesucher aus 98 Nationen. Wir zeigen hier ein paar interessante Messtechnik-produkte, die in Stuttgart vorgestellt wurden.\" \/>\n<meta property=\"og:url\" content=\"https:\/\/www.m-q.ch\/de\/im-zeichen-von-industrie-4-0\/\" \/>\n<meta property=\"og:site_name\" content=\"MQ Management und Qualit\u00e4t\" \/>\n<meta property=\"article:publisher\" content=\"https:\/\/www.facebook.com\/ManagementUndQualitaet\" \/>\n<meta property=\"article:published_time\" content=\"2018-06-23T07:25:14+00:00\" \/>\n<meta property=\"article:modified_time\" content=\"2021-02-11T08:59:23+00:00\" \/>\n<meta property=\"og:image\" content=\"https:\/\/www.m-q.ch\/wp-content\/uploads\/2021\/02\/Im-Zeichen-von-Industrie-4.0.jpg\" \/>\n\t<meta property=\"og:image:width\" content=\"878\" \/>\n\t<meta property=\"og:image:height\" content=\"1240\" \/>\n\t<meta property=\"og:image:type\" content=\"image\/jpeg\" \/>\n<meta name=\"author\" content=\"upwork_2\" \/>\n<meta name=\"twitter:card\" content=\"summary_large_image\" \/>\n<meta name=\"twitter:label1\" content=\"Verfasst von\" \/>\n\t<meta name=\"twitter:data1\" content=\"upwork_2\" \/>\n\t<meta name=\"twitter:label2\" content=\"Gesch\u00e4tzte Lesezeit\" \/>\n\t<meta name=\"twitter:data2\" content=\"5\u00a0Minuten\" \/>\n<script type=\"application\/ld+json\" class=\"yoast-schema-graph\">{\"@context\":\"https:\/\/schema.org\",\"@graph\":[{\"@type\":\"Article\",\"@id\":\"https:\/\/www.m-q.ch\/im-zeichen-von-industrie-4-0\/#article\",\"isPartOf\":{\"@id\":\"https:\/\/www.m-q.ch\/im-zeichen-von-industrie-4-0\/\"},\"author\":{\"name\":\"upwork_2\",\"@id\":\"https:\/\/www.m-q.ch\/fr\/#\/schema\/person\/71f647a41e4a3e361e6230f5134f3ba9\"},\"headline\":\"Im Zeichen von Industrie 4.0\",\"datePublished\":\"2018-06-23T07:25:14+00:00\",\"dateModified\":\"2021-02-11T08:59:23+00:00\",\"mainEntityOfPage\":{\"@id\":\"https:\/\/www.m-q.ch\/im-zeichen-von-industrie-4-0\/\"},\"wordCount\":935,\"publisher\":{\"@id\":\"https:\/\/www.m-q.ch\/fr\/#organization\"},\"image\":{\"@id\":\"https:\/\/www.m-q.ch\/im-zeichen-von-industrie-4-0\/#primaryimage\"},\"thumbnailUrl\":\"https:\/\/www.m-q.ch\/wp-content\/uploads\/2021\/02\/Im-Zeichen-von-Industrie-4.0.jpg\",\"keywords\":[\"06\/2018\"],\"inLanguage\":\"de\"},{\"@type\":\"WebPage\",\"@id\":\"https:\/\/www.m-q.ch\/im-zeichen-von-industrie-4-0\/\",\"url\":\"https:\/\/www.m-q.ch\/im-zeichen-von-industrie-4-0\/\",\"name\":\"Im Zeichen von Industrie 4.0 - MQ Management und Qualit\u00e4t\",\"isPartOf\":{\"@id\":\"https:\/\/www.m-q.ch\/fr\/#website\"},\"primaryImageOfPage\":{\"@id\":\"https:\/\/www.m-q.ch\/im-zeichen-von-industrie-4-0\/#primaryimage\"},\"image\":{\"@id\":\"https:\/\/www.m-q.ch\/im-zeichen-von-industrie-4-0\/#primaryimage\"},\"thumbnailUrl\":\"https:\/\/www.m-q.ch\/wp-content\/uploads\/2021\/02\/Im-Zeichen-von-Industrie-4.0.jpg\",\"datePublished\":\"2018-06-23T07:25:14+00:00\",\"dateModified\":\"2021-02-11T08:59:23+00:00\",\"description\":\"Mit 883 Ausstellern aus 31 L\u00e4ndern wurde die Control 2018 nochmals gr\u00f6sser und konnte damit ihren Stellenwert als internationale Leitmesse f\u00fcr die Qualit\u00e4tssiche-rung festigen. Die Internationalit\u00e4t widerspiegelten auch die 28\u2009241 registrierten Fachbesucher aus 98 Nationen. Wir zeigen hier ein paar interessante Messtechnik-produkte, die in Stuttgart vorgestellt wurden.\",\"breadcrumb\":{\"@id\":\"https:\/\/www.m-q.ch\/im-zeichen-von-industrie-4-0\/#breadcrumb\"},\"inLanguage\":\"de\",\"potentialAction\":[{\"@type\":\"ReadAction\",\"target\":[\"https:\/\/www.m-q.ch\/im-zeichen-von-industrie-4-0\/\"]}]},{\"@type\":\"ImageObject\",\"inLanguage\":\"de\",\"@id\":\"https:\/\/www.m-q.ch\/im-zeichen-von-industrie-4-0\/#primaryimage\",\"url\":\"https:\/\/www.m-q.ch\/wp-content\/uploads\/2021\/02\/Im-Zeichen-von-Industrie-4.0.jpg\",\"contentUrl\":\"https:\/\/www.m-q.ch\/wp-content\/uploads\/2021\/02\/Im-Zeichen-von-Industrie-4.0.jpg\",\"width\":878,\"height\":1240,\"caption\":\"Im Zeichen von Industrie 4.0\"},{\"@type\":\"BreadcrumbList\",\"@id\":\"https:\/\/www.m-q.ch\/im-zeichen-von-industrie-4-0\/#breadcrumb\",\"itemListElement\":[{\"@type\":\"ListItem\",\"position\":1,\"name\":\"Allgemein\",\"item\":\"https:\/\/www.m-q.ch\/kategorie\/allgemein\/\"},{\"@type\":\"ListItem\",\"position\":2,\"name\":\"Im Zeichen von Industrie 4.0\"}]},{\"@type\":\"WebSite\",\"@id\":\"https:\/\/www.m-q.ch\/fr\/#website\",\"url\":\"https:\/\/www.m-q.ch\/fr\/\",\"name\":\"MQ Management und Qualit\u00e4t\",\"description\":\"Plattform f\u00fcr integrierte Managementsysteme.\",\"publisher\":{\"@id\":\"https:\/\/www.m-q.ch\/fr\/#organization\"},\"potentialAction\":[{\"@type\":\"SearchAction\",\"target\":{\"@type\":\"EntryPoint\",\"urlTemplate\":\"https:\/\/www.m-q.ch\/fr\/?s={search_term_string}\"},\"query-input\":{\"@type\":\"PropertyValueSpecification\",\"valueRequired\":true,\"valueName\":\"search_term_string\"}}],\"inLanguage\":\"de\"},{\"@type\":\"Organization\",\"@id\":\"https:\/\/www.m-q.ch\/fr\/#organization\",\"name\":\"Galledia Fachmedien AG\",\"url\":\"https:\/\/www.m-q.ch\/fr\/\",\"logo\":{\"@type\":\"ImageObject\",\"inLanguage\":\"de\",\"@id\":\"https:\/\/www.m-q.ch\/fr\/#\/schema\/logo\/image\/\",\"url\":\"https:\/\/www.m-q.ch\/wp-content\/uploads\/2020\/12\/cropped-logo_small.png\",\"contentUrl\":\"https:\/\/www.m-q.ch\/wp-content\/uploads\/2020\/12\/cropped-logo_small.png\",\"width\":512,\"height\":512,\"caption\":\"Galledia Fachmedien AG\"},\"image\":{\"@id\":\"https:\/\/www.m-q.ch\/fr\/#\/schema\/logo\/image\/\"},\"sameAs\":[\"https:\/\/www.facebook.com\/ManagementUndQualitaet\",\"https:\/\/www.linkedin.com\/showcase\/17982321\/admin\/\"]},{\"@type\":\"Person\",\"@id\":\"https:\/\/www.m-q.ch\/fr\/#\/schema\/person\/71f647a41e4a3e361e6230f5134f3ba9\",\"name\":\"upwork_2\",\"image\":{\"@type\":\"ImageObject\",\"inLanguage\":\"de\",\"@id\":\"https:\/\/www.m-q.ch\/fr\/#\/schema\/person\/image\/\",\"url\":\"https:\/\/secure.gravatar.com\/avatar\/777b90ab56092bbf3c85feacda5c1bce?s=96&d=mm&r=g\",\"contentUrl\":\"https:\/\/secure.gravatar.com\/avatar\/777b90ab56092bbf3c85feacda5c1bce?s=96&d=mm&r=g\",\"caption\":\"upwork_2\"},\"url\":\"https:\/\/www.m-q.ch\/de\/author\/upwork_2\/\"}]}<\/script>\n<!-- \/ Yoast SEO plugin. -->","yoast_head_json":{"title":"Im Zeichen von Industrie 4.0 - MQ Management und Qualit\u00e4t","description":"Mit 883 Ausstellern aus 31 L\u00e4ndern wurde die Control 2018 nochmals gr\u00f6sser und konnte damit ihren Stellenwert als internationale Leitmesse f\u00fcr die Qualit\u00e4tssiche-rung festigen. Die Internationalit\u00e4t widerspiegelten auch die 28\u2009241 registrierten Fachbesucher aus 98 Nationen. Wir zeigen hier ein paar interessante Messtechnik-produkte, die in Stuttgart vorgestellt wurden.","robots":{"index":"index","follow":"follow","max-snippet":"max-snippet:-1","max-image-preview":"max-image-preview:large","max-video-preview":"max-video-preview:-1"},"canonical":"https:\/\/www.m-q.ch\/de\/im-zeichen-von-industrie-4-0\/","og_locale":"de_DE","og_type":"article","og_title":"Im Zeichen von Industrie 4.0 - MQ Management und Qualit\u00e4t","og_description":"Mit 883 Ausstellern aus 31 L\u00e4ndern wurde die Control 2018 nochmals gr\u00f6sser und konnte damit ihren Stellenwert als internationale Leitmesse f\u00fcr die Qualit\u00e4tssiche-rung festigen. Die Internationalit\u00e4t widerspiegelten auch die 28\u2009241 registrierten Fachbesucher aus 98 Nationen. Wir zeigen hier ein paar interessante Messtechnik-produkte, die in Stuttgart vorgestellt wurden.","og_url":"https:\/\/www.m-q.ch\/de\/im-zeichen-von-industrie-4-0\/","og_site_name":"MQ Management und Qualit\u00e4t","article_publisher":"https:\/\/www.facebook.com\/ManagementUndQualitaet","article_published_time":"2018-06-23T07:25:14+00:00","article_modified_time":"2021-02-11T08:59:23+00:00","og_image":[{"width":878,"height":1240,"url":"https:\/\/www.m-q.ch\/wp-content\/uploads\/2021\/02\/Im-Zeichen-von-Industrie-4.0.jpg","type":"image\/jpeg"}],"author":"upwork_2","twitter_card":"summary_large_image","twitter_misc":{"Verfasst von":"upwork_2","Gesch\u00e4tzte Lesezeit":"5\u00a0Minuten"},"schema":{"@context":"https:\/\/schema.org","@graph":[{"@type":"Article","@id":"https:\/\/www.m-q.ch\/im-zeichen-von-industrie-4-0\/#article","isPartOf":{"@id":"https:\/\/www.m-q.ch\/im-zeichen-von-industrie-4-0\/"},"author":{"name":"upwork_2","@id":"https:\/\/www.m-q.ch\/fr\/#\/schema\/person\/71f647a41e4a3e361e6230f5134f3ba9"},"headline":"Im Zeichen von Industrie 4.0","datePublished":"2018-06-23T07:25:14+00:00","dateModified":"2021-02-11T08:59:23+00:00","mainEntityOfPage":{"@id":"https:\/\/www.m-q.ch\/im-zeichen-von-industrie-4-0\/"},"wordCount":935,"publisher":{"@id":"https:\/\/www.m-q.ch\/fr\/#organization"},"image":{"@id":"https:\/\/www.m-q.ch\/im-zeichen-von-industrie-4-0\/#primaryimage"},"thumbnailUrl":"https:\/\/www.m-q.ch\/wp-content\/uploads\/2021\/02\/Im-Zeichen-von-Industrie-4.0.jpg","keywords":["06\/2018"],"inLanguage":"de"},{"@type":"WebPage","@id":"https:\/\/www.m-q.ch\/im-zeichen-von-industrie-4-0\/","url":"https:\/\/www.m-q.ch\/im-zeichen-von-industrie-4-0\/","name":"Im Zeichen von Industrie 4.0 - MQ Management und Qualit\u00e4t","isPartOf":{"@id":"https:\/\/www.m-q.ch\/fr\/#website"},"primaryImageOfPage":{"@id":"https:\/\/www.m-q.ch\/im-zeichen-von-industrie-4-0\/#primaryimage"},"image":{"@id":"https:\/\/www.m-q.ch\/im-zeichen-von-industrie-4-0\/#primaryimage"},"thumbnailUrl":"https:\/\/www.m-q.ch\/wp-content\/uploads\/2021\/02\/Im-Zeichen-von-Industrie-4.0.jpg","datePublished":"2018-06-23T07:25:14+00:00","dateModified":"2021-02-11T08:59:23+00:00","description":"Mit 883 Ausstellern aus 31 L\u00e4ndern wurde die Control 2018 nochmals gr\u00f6sser und konnte damit ihren Stellenwert als internationale Leitmesse f\u00fcr die Qualit\u00e4tssiche-rung festigen. Die Internationalit\u00e4t widerspiegelten auch die 28\u2009241 registrierten Fachbesucher aus 98 Nationen. Wir zeigen hier ein paar interessante Messtechnik-produkte, die in Stuttgart vorgestellt wurden.","breadcrumb":{"@id":"https:\/\/www.m-q.ch\/im-zeichen-von-industrie-4-0\/#breadcrumb"},"inLanguage":"de","potentialAction":[{"@type":"ReadAction","target":["https:\/\/www.m-q.ch\/im-zeichen-von-industrie-4-0\/"]}]},{"@type":"ImageObject","inLanguage":"de","@id":"https:\/\/www.m-q.ch\/im-zeichen-von-industrie-4-0\/#primaryimage","url":"https:\/\/www.m-q.ch\/wp-content\/uploads\/2021\/02\/Im-Zeichen-von-Industrie-4.0.jpg","contentUrl":"https:\/\/www.m-q.ch\/wp-content\/uploads\/2021\/02\/Im-Zeichen-von-Industrie-4.0.jpg","width":878,"height":1240,"caption":"Im Zeichen von Industrie 4.0"},{"@type":"BreadcrumbList","@id":"https:\/\/www.m-q.ch\/im-zeichen-von-industrie-4-0\/#breadcrumb","itemListElement":[{"@type":"ListItem","position":1,"name":"Allgemein","item":"https:\/\/www.m-q.ch\/kategorie\/allgemein\/"},{"@type":"ListItem","position":2,"name":"Im Zeichen von Industrie 4.0"}]},{"@type":"WebSite","@id":"https:\/\/www.m-q.ch\/fr\/#website","url":"https:\/\/www.m-q.ch\/fr\/","name":"MQ Management und Qualit\u00e4t","description":"Plattform f\u00fcr integrierte Managementsysteme.","publisher":{"@id":"https:\/\/www.m-q.ch\/fr\/#organization"},"potentialAction":[{"@type":"SearchAction","target":{"@type":"EntryPoint","urlTemplate":"https:\/\/www.m-q.ch\/fr\/?s={search_term_string}"},"query-input":{"@type":"PropertyValueSpecification","valueRequired":true,"valueName":"search_term_string"}}],"inLanguage":"de"},{"@type":"Organization","@id":"https:\/\/www.m-q.ch\/fr\/#organization","name":"Galledia Fachmedien AG","url":"https:\/\/www.m-q.ch\/fr\/","logo":{"@type":"ImageObject","inLanguage":"de","@id":"https:\/\/www.m-q.ch\/fr\/#\/schema\/logo\/image\/","url":"https:\/\/www.m-q.ch\/wp-content\/uploads\/2020\/12\/cropped-logo_small.png","contentUrl":"https:\/\/www.m-q.ch\/wp-content\/uploads\/2020\/12\/cropped-logo_small.png","width":512,"height":512,"caption":"Galledia Fachmedien AG"},"image":{"@id":"https:\/\/www.m-q.ch\/fr\/#\/schema\/logo\/image\/"},"sameAs":["https:\/\/www.facebook.com\/ManagementUndQualitaet","https:\/\/www.linkedin.com\/showcase\/17982321\/admin\/"]},{"@type":"Person","@id":"https:\/\/www.m-q.ch\/fr\/#\/schema\/person\/71f647a41e4a3e361e6230f5134f3ba9","name":"upwork_2","image":{"@type":"ImageObject","inLanguage":"de","@id":"https:\/\/www.m-q.ch\/fr\/#\/schema\/person\/image\/","url":"https:\/\/secure.gravatar.com\/avatar\/777b90ab56092bbf3c85feacda5c1bce?s=96&d=mm&r=g","contentUrl":"https:\/\/secure.gravatar.com\/avatar\/777b90ab56092bbf3c85feacda5c1bce?s=96&d=mm&r=g","caption":"upwork_2"},"url":"https:\/\/www.m-q.ch\/de\/author\/upwork_2\/"}]}},"_links":{"self":[{"href":"https:\/\/www.m-q.ch\/de\/wp-json\/wp\/v2\/posts\/10681","targetHints":{"allow":["GET"]}}],"collection":[{"href":"https:\/\/www.m-q.ch\/de\/wp-json\/wp\/v2\/posts"}],"about":[{"href":"https:\/\/www.m-q.ch\/de\/wp-json\/wp\/v2\/types\/post"}],"author":[{"embeddable":true,"href":"https:\/\/www.m-q.ch\/de\/wp-json\/wp\/v2\/users\/62"}],"replies":[{"embeddable":true,"href":"https:\/\/www.m-q.ch\/de\/wp-json\/wp\/v2\/comments?post=10681"}],"version-history":[{"count":1,"href":"https:\/\/www.m-q.ch\/de\/wp-json\/wp\/v2\/posts\/10681\/revisions"}],"predecessor-version":[{"id":10692,"href":"https:\/\/www.m-q.ch\/de\/wp-json\/wp\/v2\/posts\/10681\/revisions\/10692"}],"wp:featuredmedia":[{"embeddable":true,"href":"https:\/\/www.m-q.ch\/de\/wp-json\/wp\/v2\/media\/10691"}],"wp:attachment":[{"href":"https:\/\/www.m-q.ch\/de\/wp-json\/wp\/v2\/media?parent=10681"}],"wp:term":[{"taxonomy":"category","embeddable":true,"href":"https:\/\/www.m-q.ch\/de\/wp-json\/wp\/v2\/categories?post=10681"},{"taxonomy":"post_tag","embeddable":true,"href":"https:\/\/www.m-q.ch\/de\/wp-json\/wp\/v2\/tags?post=10681"}],"curies":[{"name":"wp","href":"https:\/\/api.w.org\/{rel}","templated":true}]}}