{"id":10725,"date":"2020-04-04T11:14:50","date_gmt":"2020-04-04T09:14:50","guid":{"rendered":"https:\/\/www.m-q.ch\/?p=10725"},"modified":"2021-02-11T11:21:57","modified_gmt":"2021-02-11T10:21:57","slug":"weshalb-wir-einen-ethischen-kompass-brauchen","status":"publish","type":"post","link":"https:\/\/www.m-q.ch\/de\/weshalb-wir-einen-ethischen-kompass-brauchen\/","title":{"rendered":"Weshalb wir einen ethischen Kompass brauchen?"},"content":{"rendered":"<p><img loading=\"lazy\" decoding=\"async\" class=\"alignnone wp-image-10726\" src=\"https:\/\/www.m-q.ch\/wp-content\/uploads\/2021\/02\/01-6.jpg\" alt=\"\" width=\"898\" height=\"374\" srcset=\"https:\/\/www.m-q.ch\/wp-content\/uploads\/2021\/02\/01-6.jpg 686w, https:\/\/www.m-q.ch\/wp-content\/uploads\/2021\/02\/01-6-16x7.jpg 16w, https:\/\/www.m-q.ch\/wp-content\/uploads\/2021\/02\/01-6-375x156.jpg 375w, https:\/\/www.m-q.ch\/wp-content\/uploads\/2021\/02\/01-6-300x125.jpg 300w\" sizes=\"auto, (max-width: 898px) 100vw, 898px\" \/><\/p>\n<p>&nbsp;<\/p>\n<p>Als National Technology Officer und Mitglied der Gesch\u00e4ftsleitung von Microsoft Schweiz unterst\u00fctzt Marc Holitscher ausgew\u00e4hlte Kunden bei der Umsetzung innovativer Gesch\u00e4ftsmodelle. Insbesondere arbeitet er eng mit Firmen der Finanzindustrie zusammen und begleitet diese in der ganzheitlichen Beurteilung relevanter Chancen und Risiken bei der Adoption von Cloud-basierten Szenarien. Zudem verantwortet Marc Holitscher die Positionierung strategischer Themen wie Cybersecurity oder k\u00fcnstliche Intelligenz bei Entscheidungstr\u00e4gern im kommerziellen und \u00f6ffentlichen Bereich.<\/p>\n<p><strong> Herr Holitscher, was verstehen Sie unter k\u00fcnstlicher Intelligenz (KI)? <\/strong><\/p>\n<p>Bei der k\u00fcnstlichen Intelligenz (KI) handelt es sich um eine sogenannte Basistechnologie. Das heisst, sie bildet das Fundament f\u00fcr weiterf\u00fchrende Innovationschritte \u2013 und dies \u00fcber alle Lebens- und Wirtschaftsbereiche hinweg. Der KI-Begriff selbst beschreibt verschiedene Technologien, die in ihrem Zusammenwirken menschliche F\u00e4higkeiten im Sehen, H\u00f6ren, Analysieren, Entscheiden und Handeln erg\u00e4nzen und st\u00e4rken. Das ist nicht zwingend neu, aber drei Faktoren beschleunigen die Entwicklung von KI: grosse Datenmengen, die Cloud und leistungsstarke Algorithmen. KI soll den Menschen unterst\u00fctzen, nicht ersetzen. Unser Ziel ist es daher, dass Mensch und Maschine bestm\u00f6glich zusammenarbeiten.<\/p>\n<p><strong>Welche Branchen sind heute im Bereich der KI besonders gefordert? <\/strong><\/p>\n<p>Es gibt keinen Sektor, der nicht von KI ver\u00e4ndert wird. Wir sind dieser Frage in einer gemeinsamen Studie mit EY nachgegangen: Besonders im Life-Science-Bereich erwarten 96 Prozent aller F\u00fchrungskr\u00e4fte einen hohen oder sehr hohen Einfluss von KI. Aber auch im Dienstleistungsbereich sind die Erwartungen hoch, \u00e4hnlich im Finanzbereich. Analog zu den Firmen, m\u00fcssen sich aber auch Volkswirtschaften an sich vorbereiten. Dies gilt ebenso f\u00fcr die Schweiz. \u00dcber alle Sektoren hinweg erwarten F\u00fchrungskr\u00e4fte positive Impulse f\u00fcr die Kundenbetreuung, die Produktinnovation sowie die verbesserte Effizienz ihrer Unternehmen und f\u00fcr attraktivere Arbeitsbedingungen.<\/p>\n<p><strong>Die KI beinhaltet Chancen f\u00fcr die Zukunft \u2013 wo sehen Sie die Gefahren (aus Sicht Unternehmen und Gesellschaft)? <\/strong><\/p>\n<p>Wir sind uns des Spannungsfelds zwischen Chancen und Herausforderungen der KI bewusst. Unser Ausgangspunkt ist: Der Mensch muss im Zentrum stehen. Die Technologie muss so gestaltet sein, dass sie den menschlichen Einfallsreichtum und die menschlichen F\u00e4higkeiten erg\u00e4nzt und erweitert. Genau darum ist es so wichtig, dass man sich proaktiv mit KI auseinandersetzt und diese in ihren Schattierungen einordnen kann. Dies gilt f\u00fcr Unternehmen ebenso wie Privatpersonen. Ist alles, was technisch machbar ist, auch kommerziell und gesellschaftlich w\u00fcnschbar? Denken Sie beispielsweise an die diskriminierende Wirkung von KI, wenn diese auf einer verzerrten Datenbasis aufsetzt. Wir sehen immer mehr Firmen, die sich diese Fragen stellen und nach prinzipienbasierten Wegen suchen, das eigene Risikomanagement weiterzuentwickeln.<\/p>\n<p><strong>Es gibt heute grosse Vorbehalte und \u00c4ngste in der Gesellschaft gegen\u00fcber KI \u2013 wie kann man beim Konsumenten Vertrauen gewinnen?<\/strong><\/p>\n<p>Die unbedingte Voraussetzung f\u00fcr den am Menschen orientierten Einsatz von KI ist, dass dieser entlang von klar definierten Werten und Regeln geschieht. Microsoft hat hierzu sechs ethische Grunds\u00e4tze definiert. Es sind: Fairness, Zuverl\u00e4ssigkeit, Datenschutz und Sicherheit, Inklusivit\u00e4t, Transparenz und Verantwortlichkeit. Zentrale Bedeutung kommt hierbei der Transparenz zu: Der Mensch muss verstehen, wie eine Entscheidung zustande kommt, nach welchen Kriterien sie gef\u00e4llt wurde. Aktuell investieren wir viel in diesen Aspekt der Erkl\u00e4rbarkeit.<\/p>\n<p><strong>Was empfehlen Sie Unternehmen und der Gesellschaft (Wirtschaft, Politik) bez. des Umgangs mit den Gefahren?<\/strong><\/p>\n<p>Pers\u00f6nlich bedaure ich, dass der \u00f6ffentliche Diskurs zu diesem zukunftsweisenden Thema in der Schweiz praktisch nicht stattfindet. Jetzt ist der Zeitpunkt, an dem bewusste Entscheidungen gef\u00e4llt werden m\u00fcssen, was die Rahmenbedingungen f\u00fcr die Entwicklung und den Einsatz von KI angeht. Es gibt zwar eine Arbeitsgruppe K\u00fcnstliche Intelligenz, die dem Staatssekretariat f\u00fcr Bildung, Forschung und Innovation untersteht. Diese ist aber interdepartemental aufgestellt und es findet kein ausreichender Austausch mit der Privatwirtschaft oder der Zivilgesellschaft statt.<\/p>\n<p>Der Dialog und Wissenstransfer ist gerade f\u00fcr unser Land wichtig, weil die Schweiz mit ihren f\u00fchrenden Universit\u00e4ten und Fachhochschulen sowie als Standort f\u00fcr aufstrebende KI-Unternehmen an sich gut positioniert ist. Wir sollten einen intensiveren Austausch f\u00f6rdern, denn fehlendes Bewusstsein f\u00fcr die Anwendung und Auswirkung der Technologie ist eine der gr\u00f6ssten Herausforderungen.<\/p>\n<p><strong>Wie gehen Sie bei Microsoft als bedeutender globaler Player mit dem Thema KI und Ethik um? Wie nehmen Sie in diesem Kontext Ihre Verantwortung wahr? <\/strong><\/p>\n<p>Wir haben sechs Grunds\u00e4tze erarbeitet, die unserer Meinung nach als Richtschnur f\u00fcr die Entwicklung und den Einsatz von k\u00fcnstlicher Intelligenz dienen sollten. Ich habe diese schon erw\u00e4hnt. Entscheidend dabei ist, dass dies keine Lippenbekenntnisse sind. Es existieren konkrete Prozesse und Kontrollen, welche die Umsetzung dieser Prinzipien in unserer Organisation sicherstellen. So unterziehen wir KI-Projekte grunds\u00e4tzlich einer Beurteilung, ob diese ethisch vertretbar sind oder nicht. Dabei kann es auch dazu kommen, dass wir auf den Gesch\u00e4ftsabschluss verzichten.<\/p>\n<p>Zudem wollen wir die gesellschaftliche Debatte \u00fcber diese Fragen weiter vorantreiben. Dazu geh\u00f6rt beispielsweise die Diskussion, in welchen Anwendungsbereichen wir den Einsatz von k\u00fcnstlicher Intelligenz explizit regulieren wollen. Als Beispiel wird hier immer wieder die Gesichtserkennung genannt.<\/p>\n<p>&nbsp;<\/p>\n","protected":false},"excerpt":{"rendered":"<p>&nbsp; Als National Technology Officer und Mitglied der Gesch\u00e4ftsleitung von Microsoft Schweiz unterst\u00fctzt Marc Holitscher ausgew\u00e4hlte Kunden bei der Umsetzung innovativer Gesch\u00e4ftsmodelle. Insbesondere arbeitet er eng mit Firmen der Finanzindustrie zusammen und begleitet diese in der ganzheitlichen Beurteilung relevanter Chancen und Risiken bei der Adoption von Cloud-basierten Szenarien. Zudem verantwortet Marc Holitscher die Positionierung strategischer [&hellip;]<\/p>\n","protected":false},"author":60,"featured_media":10726,"comment_status":"closed","ping_status":"closed","sticky":false,"template":"","format":"standard","meta":{"_acf_changed":false,"footnotes":""},"categories":[4448],"tags":[4754],"class_list":["post-10725","post","type-post","status-publish","format-standard","has-post-thumbnail","hentry","category-allgemein","tag-04-2020"],"acf":[],"yoast_head":"<!-- This site is optimized with the Yoast SEO plugin v26.2 - https:\/\/yoast.com\/wordpress\/plugins\/seo\/ -->\n<title>Weshalb wir einen ethischen Kompass brauchen? - MQ Management und Qualit\u00e4t<\/title>\n<meta name=\"description\" content=\"Interview zu den zwei vermeintlich gegens\u00e4tzlichen Disziplinen\u00abEthik\u00bb und \u00abK\u00fcnstliche Intelligenz\u00bb mit Marc Holitscher,National Technology Officer bei Microsoft Schweiz.\" \/>\n<meta name=\"robots\" content=\"index, follow, max-snippet:-1, max-image-preview:large, max-video-preview:-1\" \/>\n<link rel=\"canonical\" href=\"https:\/\/www.m-q.ch\/de\/weshalb-wir-einen-ethischen-kompass-brauchen\/\" \/>\n<meta property=\"og:locale\" content=\"de_DE\" \/>\n<meta property=\"og:type\" content=\"article\" \/>\n<meta property=\"og:title\" content=\"Weshalb wir einen ethischen Kompass brauchen? - MQ Management und Qualit\u00e4t\" \/>\n<meta property=\"og:description\" content=\"Interview zu den zwei vermeintlich gegens\u00e4tzlichen Disziplinen\u00abEthik\u00bb und \u00abK\u00fcnstliche Intelligenz\u00bb mit Marc Holitscher,National Technology Officer bei Microsoft Schweiz.\" \/>\n<meta property=\"og:url\" content=\"https:\/\/www.m-q.ch\/de\/weshalb-wir-einen-ethischen-kompass-brauchen\/\" \/>\n<meta property=\"og:site_name\" content=\"MQ Management und Qualit\u00e4t\" \/>\n<meta property=\"article:publisher\" content=\"https:\/\/www.facebook.com\/ManagementUndQualitaet\" \/>\n<meta property=\"article:published_time\" content=\"2020-04-04T09:14:50+00:00\" \/>\n<meta property=\"article:modified_time\" content=\"2021-02-11T10:21:57+00:00\" \/>\n<meta property=\"og:image\" content=\"https:\/\/www.m-q.ch\/wp-content\/uploads\/2021\/02\/01-6.jpg\" \/>\n\t<meta property=\"og:image:width\" content=\"686\" \/>\n\t<meta property=\"og:image:height\" content=\"286\" \/>\n\t<meta property=\"og:image:type\" content=\"image\/jpeg\" \/>\n<meta name=\"author\" content=\"upwork\" \/>\n<meta name=\"twitter:card\" content=\"summary_large_image\" \/>\n<meta name=\"twitter:label1\" content=\"Verfasst von\" \/>\n\t<meta name=\"twitter:data1\" content=\"upwork\" \/>\n\t<meta name=\"twitter:label2\" content=\"Gesch\u00e4tzte Lesezeit\" \/>\n\t<meta name=\"twitter:data2\" content=\"4\u00a0Minuten\" \/>\n<script type=\"application\/ld+json\" class=\"yoast-schema-graph\">{\"@context\":\"https:\/\/schema.org\",\"@graph\":[{\"@type\":\"Article\",\"@id\":\"https:\/\/www.m-q.ch\/weshalb-wir-einen-ethischen-kompass-brauchen\/#article\",\"isPartOf\":{\"@id\":\"https:\/\/www.m-q.ch\/weshalb-wir-einen-ethischen-kompass-brauchen\/\"},\"author\":{\"name\":\"upwork\",\"@id\":\"https:\/\/www.m-q.ch\/fr\/#\/schema\/person\/6044ff1d138701fac0f63fd4c5c93267\"},\"headline\":\"Weshalb wir einen ethischen Kompass brauchen?\",\"datePublished\":\"2020-04-04T09:14:50+00:00\",\"dateModified\":\"2021-02-11T10:21:57+00:00\",\"mainEntityOfPage\":{\"@id\":\"https:\/\/www.m-q.ch\/weshalb-wir-einen-ethischen-kompass-brauchen\/\"},\"wordCount\":826,\"publisher\":{\"@id\":\"https:\/\/www.m-q.ch\/fr\/#organization\"},\"image\":{\"@id\":\"https:\/\/www.m-q.ch\/weshalb-wir-einen-ethischen-kompass-brauchen\/#primaryimage\"},\"thumbnailUrl\":\"https:\/\/www.m-q.ch\/wp-content\/uploads\/2021\/02\/01-6.jpg\",\"keywords\":[\"04\/2020\"],\"inLanguage\":\"de\"},{\"@type\":\"WebPage\",\"@id\":\"https:\/\/www.m-q.ch\/weshalb-wir-einen-ethischen-kompass-brauchen\/\",\"url\":\"https:\/\/www.m-q.ch\/weshalb-wir-einen-ethischen-kompass-brauchen\/\",\"name\":\"Weshalb wir einen ethischen Kompass brauchen? - MQ Management und Qualit\u00e4t\",\"isPartOf\":{\"@id\":\"https:\/\/www.m-q.ch\/fr\/#website\"},\"primaryImageOfPage\":{\"@id\":\"https:\/\/www.m-q.ch\/weshalb-wir-einen-ethischen-kompass-brauchen\/#primaryimage\"},\"image\":{\"@id\":\"https:\/\/www.m-q.ch\/weshalb-wir-einen-ethischen-kompass-brauchen\/#primaryimage\"},\"thumbnailUrl\":\"https:\/\/www.m-q.ch\/wp-content\/uploads\/2021\/02\/01-6.jpg\",\"datePublished\":\"2020-04-04T09:14:50+00:00\",\"dateModified\":\"2021-02-11T10:21:57+00:00\",\"description\":\"Interview zu den zwei vermeintlich gegens\u00e4tzlichen Disziplinen\u00abEthik\u00bb und \u00abK\u00fcnstliche Intelligenz\u00bb mit Marc Holitscher,National Technology Officer bei Microsoft Schweiz.\",\"breadcrumb\":{\"@id\":\"https:\/\/www.m-q.ch\/weshalb-wir-einen-ethischen-kompass-brauchen\/#breadcrumb\"},\"inLanguage\":\"de\",\"potentialAction\":[{\"@type\":\"ReadAction\",\"target\":[\"https:\/\/www.m-q.ch\/weshalb-wir-einen-ethischen-kompass-brauchen\/\"]}]},{\"@type\":\"ImageObject\",\"inLanguage\":\"de\",\"@id\":\"https:\/\/www.m-q.ch\/weshalb-wir-einen-ethischen-kompass-brauchen\/#primaryimage\",\"url\":\"https:\/\/www.m-q.ch\/wp-content\/uploads\/2021\/02\/01-6.jpg\",\"contentUrl\":\"https:\/\/www.m-q.ch\/wp-content\/uploads\/2021\/02\/01-6.jpg\",\"width\":686,\"height\":286},{\"@type\":\"BreadcrumbList\",\"@id\":\"https:\/\/www.m-q.ch\/weshalb-wir-einen-ethischen-kompass-brauchen\/#breadcrumb\",\"itemListElement\":[{\"@type\":\"ListItem\",\"position\":1,\"name\":\"Allgemein\",\"item\":\"https:\/\/www.m-q.ch\/kategorie\/allgemein\/\"},{\"@type\":\"ListItem\",\"position\":2,\"name\":\"Weshalb wir einen ethischen Kompass brauchen?\"}]},{\"@type\":\"WebSite\",\"@id\":\"https:\/\/www.m-q.ch\/fr\/#website\",\"url\":\"https:\/\/www.m-q.ch\/fr\/\",\"name\":\"MQ Management und Qualit\u00e4t\",\"description\":\"Plattform f\u00fcr integrierte Managementsysteme.\",\"publisher\":{\"@id\":\"https:\/\/www.m-q.ch\/fr\/#organization\"},\"potentialAction\":[{\"@type\":\"SearchAction\",\"target\":{\"@type\":\"EntryPoint\",\"urlTemplate\":\"https:\/\/www.m-q.ch\/fr\/?s={search_term_string}\"},\"query-input\":{\"@type\":\"PropertyValueSpecification\",\"valueRequired\":true,\"valueName\":\"search_term_string\"}}],\"inLanguage\":\"de\"},{\"@type\":\"Organization\",\"@id\":\"https:\/\/www.m-q.ch\/fr\/#organization\",\"name\":\"Galledia Fachmedien AG\",\"url\":\"https:\/\/www.m-q.ch\/fr\/\",\"logo\":{\"@type\":\"ImageObject\",\"inLanguage\":\"de\",\"@id\":\"https:\/\/www.m-q.ch\/fr\/#\/schema\/logo\/image\/\",\"url\":\"https:\/\/www.m-q.ch\/wp-content\/uploads\/2020\/12\/cropped-logo_small.png\",\"contentUrl\":\"https:\/\/www.m-q.ch\/wp-content\/uploads\/2020\/12\/cropped-logo_small.png\",\"width\":512,\"height\":512,\"caption\":\"Galledia Fachmedien AG\"},\"image\":{\"@id\":\"https:\/\/www.m-q.ch\/fr\/#\/schema\/logo\/image\/\"},\"sameAs\":[\"https:\/\/www.facebook.com\/ManagementUndQualitaet\",\"https:\/\/www.linkedin.com\/showcase\/17982321\/admin\/\"]},{\"@type\":\"Person\",\"@id\":\"https:\/\/www.m-q.ch\/fr\/#\/schema\/person\/6044ff1d138701fac0f63fd4c5c93267\",\"name\":\"upwork\",\"image\":{\"@type\":\"ImageObject\",\"inLanguage\":\"de\",\"@id\":\"https:\/\/www.m-q.ch\/fr\/#\/schema\/person\/image\/\",\"url\":\"https:\/\/secure.gravatar.com\/avatar\/fe2de2b04483edb0f28eb7fd34d15d6c?s=96&d=mm&r=g\",\"contentUrl\":\"https:\/\/secure.gravatar.com\/avatar\/fe2de2b04483edb0f28eb7fd34d15d6c?s=96&d=mm&r=g\",\"caption\":\"upwork\"},\"description\":\"uf3J7(qCI6jN0^0y6%%0ti70\",\"url\":\"https:\/\/www.m-q.ch\/de\/author\/upwork\/\"}]}<\/script>\n<!-- \/ Yoast SEO plugin. -->","yoast_head_json":{"title":"Weshalb wir einen ethischen Kompass brauchen? - MQ Management und Qualit\u00e4t","description":"Interview zu den zwei vermeintlich gegens\u00e4tzlichen Disziplinen\u00abEthik\u00bb und \u00abK\u00fcnstliche Intelligenz\u00bb mit Marc Holitscher,National Technology Officer bei Microsoft Schweiz.","robots":{"index":"index","follow":"follow","max-snippet":"max-snippet:-1","max-image-preview":"max-image-preview:large","max-video-preview":"max-video-preview:-1"},"canonical":"https:\/\/www.m-q.ch\/de\/weshalb-wir-einen-ethischen-kompass-brauchen\/","og_locale":"de_DE","og_type":"article","og_title":"Weshalb wir einen ethischen Kompass brauchen? - MQ Management und Qualit\u00e4t","og_description":"Interview zu den zwei vermeintlich gegens\u00e4tzlichen Disziplinen\u00abEthik\u00bb und \u00abK\u00fcnstliche Intelligenz\u00bb mit Marc Holitscher,National Technology Officer bei Microsoft Schweiz.","og_url":"https:\/\/www.m-q.ch\/de\/weshalb-wir-einen-ethischen-kompass-brauchen\/","og_site_name":"MQ Management und Qualit\u00e4t","article_publisher":"https:\/\/www.facebook.com\/ManagementUndQualitaet","article_published_time":"2020-04-04T09:14:50+00:00","article_modified_time":"2021-02-11T10:21:57+00:00","og_image":[{"width":686,"height":286,"url":"https:\/\/www.m-q.ch\/wp-content\/uploads\/2021\/02\/01-6.jpg","type":"image\/jpeg"}],"author":"upwork","twitter_card":"summary_large_image","twitter_misc":{"Verfasst von":"upwork","Gesch\u00e4tzte Lesezeit":"4\u00a0Minuten"},"schema":{"@context":"https:\/\/schema.org","@graph":[{"@type":"Article","@id":"https:\/\/www.m-q.ch\/weshalb-wir-einen-ethischen-kompass-brauchen\/#article","isPartOf":{"@id":"https:\/\/www.m-q.ch\/weshalb-wir-einen-ethischen-kompass-brauchen\/"},"author":{"name":"upwork","@id":"https:\/\/www.m-q.ch\/fr\/#\/schema\/person\/6044ff1d138701fac0f63fd4c5c93267"},"headline":"Weshalb wir einen ethischen Kompass brauchen?","datePublished":"2020-04-04T09:14:50+00:00","dateModified":"2021-02-11T10:21:57+00:00","mainEntityOfPage":{"@id":"https:\/\/www.m-q.ch\/weshalb-wir-einen-ethischen-kompass-brauchen\/"},"wordCount":826,"publisher":{"@id":"https:\/\/www.m-q.ch\/fr\/#organization"},"image":{"@id":"https:\/\/www.m-q.ch\/weshalb-wir-einen-ethischen-kompass-brauchen\/#primaryimage"},"thumbnailUrl":"https:\/\/www.m-q.ch\/wp-content\/uploads\/2021\/02\/01-6.jpg","keywords":["04\/2020"],"inLanguage":"de"},{"@type":"WebPage","@id":"https:\/\/www.m-q.ch\/weshalb-wir-einen-ethischen-kompass-brauchen\/","url":"https:\/\/www.m-q.ch\/weshalb-wir-einen-ethischen-kompass-brauchen\/","name":"Weshalb wir einen ethischen Kompass brauchen? - MQ Management und Qualit\u00e4t","isPartOf":{"@id":"https:\/\/www.m-q.ch\/fr\/#website"},"primaryImageOfPage":{"@id":"https:\/\/www.m-q.ch\/weshalb-wir-einen-ethischen-kompass-brauchen\/#primaryimage"},"image":{"@id":"https:\/\/www.m-q.ch\/weshalb-wir-einen-ethischen-kompass-brauchen\/#primaryimage"},"thumbnailUrl":"https:\/\/www.m-q.ch\/wp-content\/uploads\/2021\/02\/01-6.jpg","datePublished":"2020-04-04T09:14:50+00:00","dateModified":"2021-02-11T10:21:57+00:00","description":"Interview zu den zwei vermeintlich gegens\u00e4tzlichen Disziplinen\u00abEthik\u00bb und \u00abK\u00fcnstliche Intelligenz\u00bb mit Marc Holitscher,National Technology Officer bei Microsoft Schweiz.","breadcrumb":{"@id":"https:\/\/www.m-q.ch\/weshalb-wir-einen-ethischen-kompass-brauchen\/#breadcrumb"},"inLanguage":"de","potentialAction":[{"@type":"ReadAction","target":["https:\/\/www.m-q.ch\/weshalb-wir-einen-ethischen-kompass-brauchen\/"]}]},{"@type":"ImageObject","inLanguage":"de","@id":"https:\/\/www.m-q.ch\/weshalb-wir-einen-ethischen-kompass-brauchen\/#primaryimage","url":"https:\/\/www.m-q.ch\/wp-content\/uploads\/2021\/02\/01-6.jpg","contentUrl":"https:\/\/www.m-q.ch\/wp-content\/uploads\/2021\/02\/01-6.jpg","width":686,"height":286},{"@type":"BreadcrumbList","@id":"https:\/\/www.m-q.ch\/weshalb-wir-einen-ethischen-kompass-brauchen\/#breadcrumb","itemListElement":[{"@type":"ListItem","position":1,"name":"Allgemein","item":"https:\/\/www.m-q.ch\/kategorie\/allgemein\/"},{"@type":"ListItem","position":2,"name":"Weshalb wir einen ethischen Kompass brauchen?"}]},{"@type":"WebSite","@id":"https:\/\/www.m-q.ch\/fr\/#website","url":"https:\/\/www.m-q.ch\/fr\/","name":"MQ Management und Qualit\u00e4t","description":"Plattform f\u00fcr integrierte Managementsysteme.","publisher":{"@id":"https:\/\/www.m-q.ch\/fr\/#organization"},"potentialAction":[{"@type":"SearchAction","target":{"@type":"EntryPoint","urlTemplate":"https:\/\/www.m-q.ch\/fr\/?s={search_term_string}"},"query-input":{"@type":"PropertyValueSpecification","valueRequired":true,"valueName":"search_term_string"}}],"inLanguage":"de"},{"@type":"Organization","@id":"https:\/\/www.m-q.ch\/fr\/#organization","name":"Galledia Fachmedien AG","url":"https:\/\/www.m-q.ch\/fr\/","logo":{"@type":"ImageObject","inLanguage":"de","@id":"https:\/\/www.m-q.ch\/fr\/#\/schema\/logo\/image\/","url":"https:\/\/www.m-q.ch\/wp-content\/uploads\/2020\/12\/cropped-logo_small.png","contentUrl":"https:\/\/www.m-q.ch\/wp-content\/uploads\/2020\/12\/cropped-logo_small.png","width":512,"height":512,"caption":"Galledia Fachmedien AG"},"image":{"@id":"https:\/\/www.m-q.ch\/fr\/#\/schema\/logo\/image\/"},"sameAs":["https:\/\/www.facebook.com\/ManagementUndQualitaet","https:\/\/www.linkedin.com\/showcase\/17982321\/admin\/"]},{"@type":"Person","@id":"https:\/\/www.m-q.ch\/fr\/#\/schema\/person\/6044ff1d138701fac0f63fd4c5c93267","name":"upwork","image":{"@type":"ImageObject","inLanguage":"de","@id":"https:\/\/www.m-q.ch\/fr\/#\/schema\/person\/image\/","url":"https:\/\/secure.gravatar.com\/avatar\/fe2de2b04483edb0f28eb7fd34d15d6c?s=96&d=mm&r=g","contentUrl":"https:\/\/secure.gravatar.com\/avatar\/fe2de2b04483edb0f28eb7fd34d15d6c?s=96&d=mm&r=g","caption":"upwork"},"description":"uf3J7(qCI6jN0^0y6%%0ti70","url":"https:\/\/www.m-q.ch\/de\/author\/upwork\/"}]}},"_links":{"self":[{"href":"https:\/\/www.m-q.ch\/de\/wp-json\/wp\/v2\/posts\/10725","targetHints":{"allow":["GET"]}}],"collection":[{"href":"https:\/\/www.m-q.ch\/de\/wp-json\/wp\/v2\/posts"}],"about":[{"href":"https:\/\/www.m-q.ch\/de\/wp-json\/wp\/v2\/types\/post"}],"author":[{"embeddable":true,"href":"https:\/\/www.m-q.ch\/de\/wp-json\/wp\/v2\/users\/60"}],"replies":[{"embeddable":true,"href":"https:\/\/www.m-q.ch\/de\/wp-json\/wp\/v2\/comments?post=10725"}],"version-history":[{"count":2,"href":"https:\/\/www.m-q.ch\/de\/wp-json\/wp\/v2\/posts\/10725\/revisions"}],"predecessor-version":[{"id":10729,"href":"https:\/\/www.m-q.ch\/de\/wp-json\/wp\/v2\/posts\/10725\/revisions\/10729"}],"wp:featuredmedia":[{"embeddable":true,"href":"https:\/\/www.m-q.ch\/de\/wp-json\/wp\/v2\/media\/10726"}],"wp:attachment":[{"href":"https:\/\/www.m-q.ch\/de\/wp-json\/wp\/v2\/media?parent=10725"}],"wp:term":[{"taxonomy":"category","embeddable":true,"href":"https:\/\/www.m-q.ch\/de\/wp-json\/wp\/v2\/categories?post=10725"},{"taxonomy":"post_tag","embeddable":true,"href":"https:\/\/www.m-q.ch\/de\/wp-json\/wp\/v2\/tags?post=10725"}],"curies":[{"name":"wp","href":"https:\/\/api.w.org\/{rel}","templated":true}]}}