{"id":10929,"date":"2020-03-22T15:19:48","date_gmt":"2020-03-22T14:19:48","guid":{"rendered":"https:\/\/www.m-q.ch\/?p=10929"},"modified":"2021-02-11T15:25:00","modified_gmt":"2021-02-11T14:25:00","slug":"die-sicherheitsverbundsuebung-2019-svu-19","status":"publish","type":"post","link":"https:\/\/www.m-q.ch\/de\/die-sicherheitsverbundsuebung-2019-svu-19\/","title":{"rendered":"Die Sicherheitsverbunds\u00fcbung 2019 (SVU 19)"},"content":{"rendered":"<p><img loading=\"lazy\" decoding=\"async\" class=\"alignnone  wp-image-10930\" src=\"https:\/\/www.m-q.ch\/wp-content\/uploads\/2021\/02\/10-6.jpg\" alt=\"\" width=\"859\" height=\"620\" srcset=\"https:\/\/www.m-q.ch\/wp-content\/uploads\/2021\/02\/10-6.jpg 198w, https:\/\/www.m-q.ch\/wp-content\/uploads\/2021\/02\/10-6-16x12.jpg 16w\" sizes=\"auto, (max-width: 859px) 100vw, 859px\" \/><\/p>\n<p>&nbsp;<\/p>\n<p>Mit der Sicherheitsverbunds\u00fcbung SVU 19 wurde \u00fcberpr\u00fcft, wie die involvierten Sicherheitsorganisationen einen Krisenfall bew\u00e4ltigen k\u00f6nnen und wie sie in einer \u00fcber einen l\u00e4ngeren Zeitraum andauernden Bedrohungslage zusammenarbeiten. Das Szenario war eine lang anhaltende Terrorbedrohung durch Angriffe gegen kritische Infrastrukturen, erpresserische Forderungen und drohende Anschl\u00e4ge.<\/p>\n<p>Eine Woche vor Beginn der Stabsrahmen\u00fcbung, am 4. November 2019, fand die Er\u00f6ffnungsveranstaltung der SVU 19 in der Berner Kaserne statt. Hier versammelten sich mehr als 300 Mitglieder der sicherheitspolitischen Instrumente von Bund, Kantonen und Gemeinden. Ziel dieser Er\u00f6ffnungsveranstaltung war war es, alle letzten wichtigen Informationen und technischen Anweisungen zur SVU 19 zu erteilen sowie einen \u00dcberblick \u00fcber die Ausgangssituation zu geben, damit die notwendigen Vorbereitungen abgeschlossen werden konnten.<\/p>\n<p><strong>Die 52-st\u00fcndige \u00dcbung <\/strong><\/p>\n<p>Die Ausgangslage, also das Terrorszenario, erhielten die Teilnehmenden am 11. November 2019. Am Montag um 7 Uhr erfuhren Angeh\u00f6rige der Kantonspolizeien und Verantwortliche der Kantonalen F\u00fchrungsst\u00e4be (KFS) von einem Terroranschlag im Bahnhof Z\u00fcrich. Dieser habe Tage zuvor einen grossen Schaden erlitten. Es seien nicht nur 47 Menschen get\u00f6tet und 78 verletzt worden, ein Grossteil des Schweizer Eisenbahnnetzes sei gel\u00e4hmt. Noch gleichentags versch\u00e4rfte sich die ohnehin schon kritische Situation:<\/p>\n<p>Die \u00dcbungsteilnehmenden mussten sich mit einer Lebensmittelvergiftung durch Botulinumtoxin, die vier Todesf\u00e4lle und 60 Verdachtsf\u00e4lle zur Folge hatte, mit dem \u00dcberflug eines unbekannten Flugzeugs, das eine rasche Identifizierung erforderte, und mit einem grossen Migrationsstrom an der S\u00fcdgrenze der Schweiz auseinandersetzen. Die Herausforderung war gross, zumal die Sicherheitskr\u00e4fte auch f\u00fcr die Vorbereitung des fiktiven Hochsicherheits-Gerichtsverfahrens aufgeboten wurden, das am 13. November 2019 am Bundesstrafgericht in Bellinzona beginnen sollte.<\/p>\n<p>Dieses fiktive Szenario, das mit Unterst\u00fctzung des NDB entwickelt wurde, musste so realistisch wie m\u00f6glich sein, damit die verschiedenen beteiligten Sicherheitskr\u00e4fte eng zusammenarbeiten konnten. Die 61 St\u00e4be und Organisationen von Bund und Kantonen sowie einigen St\u00e4dten und kritischen Infrastrukturen konnten hierdurch ihr Notfall-Krisenmanagement testen.<\/p>\n<p>Die rund 2100 Personen, die an der 52-st\u00fcndigen \u00dcbung teilnahmen, arbeiteten dezentral, d. h. an ihren gewohnten Arbeitspl\u00e4tzen. Die \u00dcbungsleitung arbeitete in einem Ad-hoc-Operationszentrum in der Berner Kaserne. Bestehend aus der Lagebeobachtungs-, der Szenario-, der Kontakt-, der Medien- und Auswertungszelle, stellte sie die F\u00fchrung und die Steuerung der \u00dcbung sicher. W\u00e4hrend der \u00dcbung wurden Besuche in das Operationszentrum organisiert.<\/p>\n<p>Sie begannen am 11. November 2019 mit dem Besuch der politischen Plattform des Sicherheitsverbundes Schweiz. Am 12. November 2019 wurde ein erster Besuch f\u00fcr eine Delegation der Sicherheitspolitischen Kommissionen und ein Mitglied der RK MFZ organisiert, und ein zweiter Besuch f\u00fcr Vertreter ausl\u00e4ndischer Botschaften. Am letzten \u00dcbungstag waren schliesslich die Medienvertreter an der Reihe.<\/p>\n<p><strong>Die Folgen der \u00dcbung <\/strong><\/p>\n<p>Die Aktivit\u00e4ten rund um die SVU 19 endeten mit der Abschlussveranstaltung vom 21. November 2019. An dieser Veranstaltung berichteten die Hauptbeteiligten \u00fcber ihre ersten Eindr\u00fccke von der SVU 19 und beurteilten sie als sehr wertvoll f\u00fcr ihre Krisenvorsorge. Besonders hervorgehoben wurde, dass die Zusammenarbeit zwischen Sicherheitsorganen des Bundes und der Kantone ge\u00fcbt werden konnte.<\/p>\n<p>Bei der Polizei erlaubte die vom Drehbuch eingespielte Bedrohungslage, dass die Koordination zwischen den Polizeikorps sowie dem Bundesamt f\u00fcr Polizei \u00fcberpr\u00fcft und vertieft werden konnte. Beim Bev\u00f6lkerungsschutz betraf dieses Szenario s\u00e4mtliche Partnerorganisationen des Verbundsystems Bev\u00f6lkerungsschutz. Von der RK MZF wurde die Frage aufgeworfen, ob f\u00fcr den Bev\u00f6lkerungsschutz ein Pendant zum F\u00fchrungsstab Polizei n\u00f6tig sei, was von der RK MZF im Nachgang zur \u00dcbung gekl\u00e4rt wird.<\/p>\n<p>Die Armee hatte sich mit drei (fiktiven) Bundesratsbeschl\u00fcssen darauf vorbereitet, die zivilen Beh\u00f6rden mit einem Assistenzdiensteinsatz von bis zu 8500 Armeeangeh\u00f6rigen bei Bedarf zu unterst\u00fctzen.<\/p>\n<p>Von der Politischen Plattform SVS referierten die Pr\u00e4sidenten der KKJPD, Regierungsrat Urs Hofmann, sowie der RK MZF, Staatsrat Norman Gobbi. Beide wiesen darauf hin, dass der Nutzen von solchen Gesamt\u00fcbungen noch optimiert werden k\u00f6nnte, wenn auch die politische Ebene des Bundes einbezogen wird; denn die Kantone ben\u00f6tigen in der politischen Krisenkommunikation die entsprechenden Andockstellen beim Bund. Sie best\u00e4tigten damit den diesbez\u00fcglichen Eindruck des \u00dcbungsleiters Hans-J\u00fcrg K\u00e4ser, der zu Beginn der Veranstaltung bereits darauf hingewiesen hatte, dass der Einbezug der politischen Ebene von Bund und Kantonen f\u00fcr die Abstimmung der Krisenkommunikation unerl\u00e4sslich sei.<\/p>\n<p>Alle w\u00e4hrend der \u00dcbung und des Lageberichts getroffenen Feststellungen werden Gegenstand eines Abschlussberichts sein. Aus diesen Erkenntnissen werden Empfehlungen f\u00fcr m\u00f6gliche Verbesserungen des Krisenmanagements in der Schweiz erarbeitet, die dem Bundesrat sowie der KKJPD und der RK MZF vorgelegt werden. Nach deren Genehmigung wird der Abschlussbericht Ende 2020 ver\u00f6ffentlicht.<\/p>\n<p>Parallel zum Schlussbericht erarbeiten das VBS und die BK gemeinsam eine n\u00e4chste Gesamtplanung grosser \u00dcbungen 2021\u20132027, welche dem Bundesrat und den Kantonen (via KKJPD und RK MZF) ebenfalls bis Ende 2020 unterbreitet wird.<\/p>\n","protected":false},"excerpt":{"rendered":"<p>&nbsp; Mit der Sicherheitsverbunds\u00fcbung SVU 19 wurde \u00fcberpr\u00fcft, wie die involvierten Sicherheitsorganisationen einen Krisenfall bew\u00e4ltigen k\u00f6nnen und wie sie in einer \u00fcber einen l\u00e4ngeren Zeitraum andauernden Bedrohungslage zusammenarbeiten. Das Szenario war eine lang anhaltende Terrorbedrohung durch Angriffe gegen kritische Infrastrukturen, erpresserische Forderungen und drohende Anschl\u00e4ge. Eine Woche vor Beginn der Stabsrahmen\u00fcbung, am 4. November 2019, [&hellip;]<\/p>\n","protected":false},"author":60,"featured_media":10930,"comment_status":"closed","ping_status":"closed","sticky":false,"template":"","format":"standard","meta":{"_acf_changed":false,"footnotes":""},"categories":[4],"tags":[4760],"class_list":["post-10929","post","type-post","status-publish","format-standard","has-post-thumbnail","hentry","category-risikomanagement","tag-03-2020"],"acf":[],"yoast_head":"<!-- This site is optimized with the Yoast SEO plugin v26.2 - https:\/\/yoast.com\/wordpress\/plugins\/seo\/ -->\n<title>Die Sicherheitsverbunds\u00fcbung 2019 (SVU 19) - MQ Management und Qualit\u00e4t<\/title>\n<meta name=\"description\" content=\"Wie kann die Schweiz eine l\u00e4nger andauernde Terrorbedrohung bew\u00e4ltigen? DiesemThema waren die Sicherheitsverbunds\u00fcbung 2019 (SVU 19) und die Gesamtnotfall\u00fcbung2019 (GNU 19) gewidmet, die vom 11. bis 13. November 2019 beziehungsweise12. bis 14. November 2019 stattfanden. Obgleich die offizielle Auswertungzur Sicherheitsverbunds\u00fcbung 2019 (SVU 19) erst Ende 2020 vorgelegt wird,konnten erste Erkenntnisse aus den \u00dcbungen gezogen werden.\" \/>\n<meta name=\"robots\" content=\"index, follow, max-snippet:-1, max-image-preview:large, max-video-preview:-1\" \/>\n<link rel=\"canonical\" href=\"https:\/\/www.m-q.ch\/de\/die-sicherheitsverbundsuebung-2019-svu-19\/\" \/>\n<meta property=\"og:locale\" content=\"de_DE\" \/>\n<meta property=\"og:type\" content=\"article\" \/>\n<meta property=\"og:title\" content=\"Die Sicherheitsverbunds\u00fcbung 2019 (SVU 19) - MQ Management und Qualit\u00e4t\" \/>\n<meta property=\"og:description\" content=\"Wie kann die Schweiz eine l\u00e4nger andauernde Terrorbedrohung bew\u00e4ltigen? DiesemThema waren die Sicherheitsverbunds\u00fcbung 2019 (SVU 19) und die Gesamtnotfall\u00fcbung2019 (GNU 19) gewidmet, die vom 11. bis 13. November 2019 beziehungsweise12. bis 14. November 2019 stattfanden. Obgleich die offizielle Auswertungzur Sicherheitsverbunds\u00fcbung 2019 (SVU 19) erst Ende 2020 vorgelegt wird,konnten erste Erkenntnisse aus den \u00dcbungen gezogen werden.\" \/>\n<meta property=\"og:url\" content=\"https:\/\/www.m-q.ch\/de\/die-sicherheitsverbundsuebung-2019-svu-19\/\" \/>\n<meta property=\"og:site_name\" content=\"MQ Management und Qualit\u00e4t\" \/>\n<meta property=\"article:publisher\" content=\"https:\/\/www.facebook.com\/ManagementUndQualitaet\" \/>\n<meta property=\"article:published_time\" content=\"2020-03-22T14:19:48+00:00\" \/>\n<meta property=\"article:modified_time\" content=\"2021-02-11T14:25:00+00:00\" \/>\n<meta property=\"og:image\" content=\"https:\/\/www.m-q.ch\/wp-content\/uploads\/2021\/02\/10-6.jpg\" \/>\n\t<meta property=\"og:image:width\" content=\"198\" \/>\n\t<meta property=\"og:image:height\" content=\"143\" \/>\n\t<meta property=\"og:image:type\" content=\"image\/jpeg\" \/>\n<meta name=\"author\" content=\"upwork\" \/>\n<meta name=\"twitter:card\" content=\"summary_large_image\" \/>\n<meta name=\"twitter:label1\" content=\"Verfasst von\" \/>\n\t<meta name=\"twitter:data1\" content=\"upwork\" \/>\n\t<meta name=\"twitter:label2\" content=\"Gesch\u00e4tzte Lesezeit\" \/>\n\t<meta name=\"twitter:data2\" content=\"4\u00a0Minuten\" \/>\n<script type=\"application\/ld+json\" class=\"yoast-schema-graph\">{\"@context\":\"https:\/\/schema.org\",\"@graph\":[{\"@type\":\"Article\",\"@id\":\"https:\/\/www.m-q.ch\/die-sicherheitsverbundsuebung-2019-svu-19\/#article\",\"isPartOf\":{\"@id\":\"https:\/\/www.m-q.ch\/die-sicherheitsverbundsuebung-2019-svu-19\/\"},\"author\":{\"name\":\"upwork\",\"@id\":\"https:\/\/www.m-q.ch\/fr\/#\/schema\/person\/6044ff1d138701fac0f63fd4c5c93267\"},\"headline\":\"Die Sicherheitsverbunds\u00fcbung 2019 (SVU 19)\",\"datePublished\":\"2020-03-22T14:19:48+00:00\",\"dateModified\":\"2021-02-11T14:25:00+00:00\",\"mainEntityOfPage\":{\"@id\":\"https:\/\/www.m-q.ch\/die-sicherheitsverbundsuebung-2019-svu-19\/\"},\"wordCount\":774,\"publisher\":{\"@id\":\"https:\/\/www.m-q.ch\/fr\/#organization\"},\"image\":{\"@id\":\"https:\/\/www.m-q.ch\/die-sicherheitsverbundsuebung-2019-svu-19\/#primaryimage\"},\"thumbnailUrl\":\"https:\/\/www.m-q.ch\/wp-content\/uploads\/2021\/02\/10-6.jpg\",\"keywords\":[\"03\/2020\"],\"articleSection\":[\"Risikomanagement\"],\"inLanguage\":\"de\"},{\"@type\":\"WebPage\",\"@id\":\"https:\/\/www.m-q.ch\/die-sicherheitsverbundsuebung-2019-svu-19\/\",\"url\":\"https:\/\/www.m-q.ch\/die-sicherheitsverbundsuebung-2019-svu-19\/\",\"name\":\"Die Sicherheitsverbunds\u00fcbung 2019 (SVU 19) - MQ Management und Qualit\u00e4t\",\"isPartOf\":{\"@id\":\"https:\/\/www.m-q.ch\/fr\/#website\"},\"primaryImageOfPage\":{\"@id\":\"https:\/\/www.m-q.ch\/die-sicherheitsverbundsuebung-2019-svu-19\/#primaryimage\"},\"image\":{\"@id\":\"https:\/\/www.m-q.ch\/die-sicherheitsverbundsuebung-2019-svu-19\/#primaryimage\"},\"thumbnailUrl\":\"https:\/\/www.m-q.ch\/wp-content\/uploads\/2021\/02\/10-6.jpg\",\"datePublished\":\"2020-03-22T14:19:48+00:00\",\"dateModified\":\"2021-02-11T14:25:00+00:00\",\"description\":\"Wie kann die Schweiz eine l\u00e4nger andauernde Terrorbedrohung bew\u00e4ltigen? DiesemThema waren die Sicherheitsverbunds\u00fcbung 2019 (SVU 19) und die Gesamtnotfall\u00fcbung2019 (GNU 19) gewidmet, die vom 11. bis 13. November 2019 beziehungsweise12. bis 14. November 2019 stattfanden. Obgleich die offizielle Auswertungzur Sicherheitsverbunds\u00fcbung 2019 (SVU 19) erst Ende 2020 vorgelegt wird,konnten erste Erkenntnisse aus den \u00dcbungen gezogen werden.\",\"breadcrumb\":{\"@id\":\"https:\/\/www.m-q.ch\/die-sicherheitsverbundsuebung-2019-svu-19\/#breadcrumb\"},\"inLanguage\":\"de\",\"potentialAction\":[{\"@type\":\"ReadAction\",\"target\":[\"https:\/\/www.m-q.ch\/die-sicherheitsverbundsuebung-2019-svu-19\/\"]}]},{\"@type\":\"ImageObject\",\"inLanguage\":\"de\",\"@id\":\"https:\/\/www.m-q.ch\/die-sicherheitsverbundsuebung-2019-svu-19\/#primaryimage\",\"url\":\"https:\/\/www.m-q.ch\/wp-content\/uploads\/2021\/02\/10-6.jpg\",\"contentUrl\":\"https:\/\/www.m-q.ch\/wp-content\/uploads\/2021\/02\/10-6.jpg\",\"width\":198,\"height\":143},{\"@type\":\"BreadcrumbList\",\"@id\":\"https:\/\/www.m-q.ch\/die-sicherheitsverbundsuebung-2019-svu-19\/#breadcrumb\",\"itemListElement\":[{\"@type\":\"ListItem\",\"position\":1,\"name\":\"Risikomanagement\",\"item\":\"https:\/\/www.m-q.ch\/kategorie\/risikomanagement\/\"},{\"@type\":\"ListItem\",\"position\":2,\"name\":\"Die Sicherheitsverbunds\u00fcbung 2019 (SVU 19)\"}]},{\"@type\":\"WebSite\",\"@id\":\"https:\/\/www.m-q.ch\/fr\/#website\",\"url\":\"https:\/\/www.m-q.ch\/fr\/\",\"name\":\"MQ Management und Qualit\u00e4t\",\"description\":\"Plattform f\u00fcr integrierte Managementsysteme.\",\"publisher\":{\"@id\":\"https:\/\/www.m-q.ch\/fr\/#organization\"},\"potentialAction\":[{\"@type\":\"SearchAction\",\"target\":{\"@type\":\"EntryPoint\",\"urlTemplate\":\"https:\/\/www.m-q.ch\/fr\/?s={search_term_string}\"},\"query-input\":{\"@type\":\"PropertyValueSpecification\",\"valueRequired\":true,\"valueName\":\"search_term_string\"}}],\"inLanguage\":\"de\"},{\"@type\":\"Organization\",\"@id\":\"https:\/\/www.m-q.ch\/fr\/#organization\",\"name\":\"Galledia Fachmedien AG\",\"url\":\"https:\/\/www.m-q.ch\/fr\/\",\"logo\":{\"@type\":\"ImageObject\",\"inLanguage\":\"de\",\"@id\":\"https:\/\/www.m-q.ch\/fr\/#\/schema\/logo\/image\/\",\"url\":\"https:\/\/www.m-q.ch\/wp-content\/uploads\/2020\/12\/cropped-logo_small.png\",\"contentUrl\":\"https:\/\/www.m-q.ch\/wp-content\/uploads\/2020\/12\/cropped-logo_small.png\",\"width\":512,\"height\":512,\"caption\":\"Galledia Fachmedien AG\"},\"image\":{\"@id\":\"https:\/\/www.m-q.ch\/fr\/#\/schema\/logo\/image\/\"},\"sameAs\":[\"https:\/\/www.facebook.com\/ManagementUndQualitaet\",\"https:\/\/www.linkedin.com\/showcase\/17982321\/admin\/\"]},{\"@type\":\"Person\",\"@id\":\"https:\/\/www.m-q.ch\/fr\/#\/schema\/person\/6044ff1d138701fac0f63fd4c5c93267\",\"name\":\"upwork\",\"image\":{\"@type\":\"ImageObject\",\"inLanguage\":\"de\",\"@id\":\"https:\/\/www.m-q.ch\/fr\/#\/schema\/person\/image\/\",\"url\":\"https:\/\/secure.gravatar.com\/avatar\/fe2de2b04483edb0f28eb7fd34d15d6c?s=96&d=mm&r=g\",\"contentUrl\":\"https:\/\/secure.gravatar.com\/avatar\/fe2de2b04483edb0f28eb7fd34d15d6c?s=96&d=mm&r=g\",\"caption\":\"upwork\"},\"description\":\"uf3J7(qCI6jN0^0y6%%0ti70\",\"url\":\"https:\/\/www.m-q.ch\/de\/author\/upwork\/\"}]}<\/script>\n<!-- \/ Yoast SEO plugin. -->","yoast_head_json":{"title":"Die Sicherheitsverbunds\u00fcbung 2019 (SVU 19) - MQ Management und Qualit\u00e4t","description":"Wie kann die Schweiz eine l\u00e4nger andauernde Terrorbedrohung bew\u00e4ltigen? DiesemThema waren die Sicherheitsverbunds\u00fcbung 2019 (SVU 19) und die Gesamtnotfall\u00fcbung2019 (GNU 19) gewidmet, die vom 11. bis 13. November 2019 beziehungsweise12. bis 14. November 2019 stattfanden. Obgleich die offizielle Auswertungzur Sicherheitsverbunds\u00fcbung 2019 (SVU 19) erst Ende 2020 vorgelegt wird,konnten erste Erkenntnisse aus den \u00dcbungen gezogen werden.","robots":{"index":"index","follow":"follow","max-snippet":"max-snippet:-1","max-image-preview":"max-image-preview:large","max-video-preview":"max-video-preview:-1"},"canonical":"https:\/\/www.m-q.ch\/de\/die-sicherheitsverbundsuebung-2019-svu-19\/","og_locale":"de_DE","og_type":"article","og_title":"Die Sicherheitsverbunds\u00fcbung 2019 (SVU 19) - MQ Management und Qualit\u00e4t","og_description":"Wie kann die Schweiz eine l\u00e4nger andauernde Terrorbedrohung bew\u00e4ltigen? DiesemThema waren die Sicherheitsverbunds\u00fcbung 2019 (SVU 19) und die Gesamtnotfall\u00fcbung2019 (GNU 19) gewidmet, die vom 11. bis 13. November 2019 beziehungsweise12. bis 14. November 2019 stattfanden. Obgleich die offizielle Auswertungzur Sicherheitsverbunds\u00fcbung 2019 (SVU 19) erst Ende 2020 vorgelegt wird,konnten erste Erkenntnisse aus den \u00dcbungen gezogen werden.","og_url":"https:\/\/www.m-q.ch\/de\/die-sicherheitsverbundsuebung-2019-svu-19\/","og_site_name":"MQ Management und Qualit\u00e4t","article_publisher":"https:\/\/www.facebook.com\/ManagementUndQualitaet","article_published_time":"2020-03-22T14:19:48+00:00","article_modified_time":"2021-02-11T14:25:00+00:00","og_image":[{"width":198,"height":143,"url":"https:\/\/www.m-q.ch\/wp-content\/uploads\/2021\/02\/10-6.jpg","type":"image\/jpeg"}],"author":"upwork","twitter_card":"summary_large_image","twitter_misc":{"Verfasst von":"upwork","Gesch\u00e4tzte Lesezeit":"4\u00a0Minuten"},"schema":{"@context":"https:\/\/schema.org","@graph":[{"@type":"Article","@id":"https:\/\/www.m-q.ch\/die-sicherheitsverbundsuebung-2019-svu-19\/#article","isPartOf":{"@id":"https:\/\/www.m-q.ch\/die-sicherheitsverbundsuebung-2019-svu-19\/"},"author":{"name":"upwork","@id":"https:\/\/www.m-q.ch\/fr\/#\/schema\/person\/6044ff1d138701fac0f63fd4c5c93267"},"headline":"Die Sicherheitsverbunds\u00fcbung 2019 (SVU 19)","datePublished":"2020-03-22T14:19:48+00:00","dateModified":"2021-02-11T14:25:00+00:00","mainEntityOfPage":{"@id":"https:\/\/www.m-q.ch\/die-sicherheitsverbundsuebung-2019-svu-19\/"},"wordCount":774,"publisher":{"@id":"https:\/\/www.m-q.ch\/fr\/#organization"},"image":{"@id":"https:\/\/www.m-q.ch\/die-sicherheitsverbundsuebung-2019-svu-19\/#primaryimage"},"thumbnailUrl":"https:\/\/www.m-q.ch\/wp-content\/uploads\/2021\/02\/10-6.jpg","keywords":["03\/2020"],"articleSection":["Risikomanagement"],"inLanguage":"de"},{"@type":"WebPage","@id":"https:\/\/www.m-q.ch\/die-sicherheitsverbundsuebung-2019-svu-19\/","url":"https:\/\/www.m-q.ch\/die-sicherheitsverbundsuebung-2019-svu-19\/","name":"Die Sicherheitsverbunds\u00fcbung 2019 (SVU 19) - MQ Management und Qualit\u00e4t","isPartOf":{"@id":"https:\/\/www.m-q.ch\/fr\/#website"},"primaryImageOfPage":{"@id":"https:\/\/www.m-q.ch\/die-sicherheitsverbundsuebung-2019-svu-19\/#primaryimage"},"image":{"@id":"https:\/\/www.m-q.ch\/die-sicherheitsverbundsuebung-2019-svu-19\/#primaryimage"},"thumbnailUrl":"https:\/\/www.m-q.ch\/wp-content\/uploads\/2021\/02\/10-6.jpg","datePublished":"2020-03-22T14:19:48+00:00","dateModified":"2021-02-11T14:25:00+00:00","description":"Wie kann die Schweiz eine l\u00e4nger andauernde Terrorbedrohung bew\u00e4ltigen? DiesemThema waren die Sicherheitsverbunds\u00fcbung 2019 (SVU 19) und die Gesamtnotfall\u00fcbung2019 (GNU 19) gewidmet, die vom 11. bis 13. November 2019 beziehungsweise12. bis 14. November 2019 stattfanden. Obgleich die offizielle Auswertungzur Sicherheitsverbunds\u00fcbung 2019 (SVU 19) erst Ende 2020 vorgelegt wird,konnten erste Erkenntnisse aus den \u00dcbungen gezogen werden.","breadcrumb":{"@id":"https:\/\/www.m-q.ch\/die-sicherheitsverbundsuebung-2019-svu-19\/#breadcrumb"},"inLanguage":"de","potentialAction":[{"@type":"ReadAction","target":["https:\/\/www.m-q.ch\/die-sicherheitsverbundsuebung-2019-svu-19\/"]}]},{"@type":"ImageObject","inLanguage":"de","@id":"https:\/\/www.m-q.ch\/die-sicherheitsverbundsuebung-2019-svu-19\/#primaryimage","url":"https:\/\/www.m-q.ch\/wp-content\/uploads\/2021\/02\/10-6.jpg","contentUrl":"https:\/\/www.m-q.ch\/wp-content\/uploads\/2021\/02\/10-6.jpg","width":198,"height":143},{"@type":"BreadcrumbList","@id":"https:\/\/www.m-q.ch\/die-sicherheitsverbundsuebung-2019-svu-19\/#breadcrumb","itemListElement":[{"@type":"ListItem","position":1,"name":"Risikomanagement","item":"https:\/\/www.m-q.ch\/kategorie\/risikomanagement\/"},{"@type":"ListItem","position":2,"name":"Die Sicherheitsverbunds\u00fcbung 2019 (SVU 19)"}]},{"@type":"WebSite","@id":"https:\/\/www.m-q.ch\/fr\/#website","url":"https:\/\/www.m-q.ch\/fr\/","name":"MQ Management und Qualit\u00e4t","description":"Plattform f\u00fcr integrierte Managementsysteme.","publisher":{"@id":"https:\/\/www.m-q.ch\/fr\/#organization"},"potentialAction":[{"@type":"SearchAction","target":{"@type":"EntryPoint","urlTemplate":"https:\/\/www.m-q.ch\/fr\/?s={search_term_string}"},"query-input":{"@type":"PropertyValueSpecification","valueRequired":true,"valueName":"search_term_string"}}],"inLanguage":"de"},{"@type":"Organization","@id":"https:\/\/www.m-q.ch\/fr\/#organization","name":"Galledia Fachmedien AG","url":"https:\/\/www.m-q.ch\/fr\/","logo":{"@type":"ImageObject","inLanguage":"de","@id":"https:\/\/www.m-q.ch\/fr\/#\/schema\/logo\/image\/","url":"https:\/\/www.m-q.ch\/wp-content\/uploads\/2020\/12\/cropped-logo_small.png","contentUrl":"https:\/\/www.m-q.ch\/wp-content\/uploads\/2020\/12\/cropped-logo_small.png","width":512,"height":512,"caption":"Galledia Fachmedien AG"},"image":{"@id":"https:\/\/www.m-q.ch\/fr\/#\/schema\/logo\/image\/"},"sameAs":["https:\/\/www.facebook.com\/ManagementUndQualitaet","https:\/\/www.linkedin.com\/showcase\/17982321\/admin\/"]},{"@type":"Person","@id":"https:\/\/www.m-q.ch\/fr\/#\/schema\/person\/6044ff1d138701fac0f63fd4c5c93267","name":"upwork","image":{"@type":"ImageObject","inLanguage":"de","@id":"https:\/\/www.m-q.ch\/fr\/#\/schema\/person\/image\/","url":"https:\/\/secure.gravatar.com\/avatar\/fe2de2b04483edb0f28eb7fd34d15d6c?s=96&d=mm&r=g","contentUrl":"https:\/\/secure.gravatar.com\/avatar\/fe2de2b04483edb0f28eb7fd34d15d6c?s=96&d=mm&r=g","caption":"upwork"},"description":"uf3J7(qCI6jN0^0y6%%0ti70","url":"https:\/\/www.m-q.ch\/de\/author\/upwork\/"}]}},"_links":{"self":[{"href":"https:\/\/www.m-q.ch\/de\/wp-json\/wp\/v2\/posts\/10929","targetHints":{"allow":["GET"]}}],"collection":[{"href":"https:\/\/www.m-q.ch\/de\/wp-json\/wp\/v2\/posts"}],"about":[{"href":"https:\/\/www.m-q.ch\/de\/wp-json\/wp\/v2\/types\/post"}],"author":[{"embeddable":true,"href":"https:\/\/www.m-q.ch\/de\/wp-json\/wp\/v2\/users\/60"}],"replies":[{"embeddable":true,"href":"https:\/\/www.m-q.ch\/de\/wp-json\/wp\/v2\/comments?post=10929"}],"version-history":[{"count":1,"href":"https:\/\/www.m-q.ch\/de\/wp-json\/wp\/v2\/posts\/10929\/revisions"}],"predecessor-version":[{"id":10932,"href":"https:\/\/www.m-q.ch\/de\/wp-json\/wp\/v2\/posts\/10929\/revisions\/10932"}],"wp:featuredmedia":[{"embeddable":true,"href":"https:\/\/www.m-q.ch\/de\/wp-json\/wp\/v2\/media\/10930"}],"wp:attachment":[{"href":"https:\/\/www.m-q.ch\/de\/wp-json\/wp\/v2\/media?parent=10929"}],"wp:term":[{"taxonomy":"category","embeddable":true,"href":"https:\/\/www.m-q.ch\/de\/wp-json\/wp\/v2\/categories?post=10929"},{"taxonomy":"post_tag","embeddable":true,"href":"https:\/\/www.m-q.ch\/de\/wp-json\/wp\/v2\/tags?post=10929"}],"curies":[{"name":"wp","href":"https:\/\/api.w.org\/{rel}","templated":true}]}}