{"id":10933,"date":"2020-03-25T15:25:14","date_gmt":"2020-03-25T14:25:14","guid":{"rendered":"https:\/\/www.m-q.ch\/?p=10933"},"modified":"2021-02-11T15:28:03","modified_gmt":"2021-02-11T14:28:03","slug":"exercice-du-reseau-national-de-securite-2019-erns-19","status":"publish","type":"post","link":"https:\/\/www.m-q.ch\/de\/exercice-du-reseau-national-de-securite-2019-erns-19\/","title":{"rendered":"Exercice du R\u00e9seau national de s\u00e9curit\u00e9 2019 (ERNS 19)"},"content":{"rendered":"<p><img loading=\"lazy\" decoding=\"async\" class=\"alignnone  wp-image-10935\" src=\"https:\/\/www.m-q.ch\/wp-content\/uploads\/2021\/02\/11-7.jpg\" alt=\"\" width=\"827\" height=\"563\" srcset=\"https:\/\/www.m-q.ch\/wp-content\/uploads\/2021\/02\/11-7.jpg 241w, https:\/\/www.m-q.ch\/wp-content\/uploads\/2021\/02\/11-7-16x12.jpg 16w\" sizes=\"auto, (max-width: 827px) 100vw, 827px\" \/><\/p>\n<p>&nbsp;<\/p>\n<p>Le premier Exercice du R\u00e9seau national de s\u00e9curit\u00e9 a eu lieu en 2014. Les partenaires du R\u00e9seau national de s\u00e9curit\u00e9 (RNS) \u00e9taient confront\u00e9s \u00e0 une p\u00e9nurie d\u2019\u00e9lectricit\u00e9 et une pand\u00e9mie de grippe. L\u2019exercice a permis de tirer des conclusions importantes sur la ma\u00eetrise d\u2019une situation d\u2019urgence complexe ainsi que d\u2019adresser aux responsables seize recommandations en vue d\u2019am\u00e9liorer et de d\u00e9velopper le RNS.<\/p>\n<p><strong> Synergies<\/strong><\/p>\n<p>La planification g\u00e9n\u00e9rale des grands exercices, d\u00e9cid\u00e9e par le Conseil f\u00e9d\u00e9ral en janvier 2016, doit permettre de continuer \u00e0 am\u00e9liorer la collaboration entre les cantons et la Conf\u00e9d\u00e9ra- tion. En profitant des synergies, en \u00e9changeant des exp\u00e9riences et en coordonnant les ressources, il est possible d\u2019accro\u00eetre l\u2019efficacit\u00e9, l\u2019efficience et la qualit\u00e9 des exercices. L\u2019ERNS 19 s\u2019inscrivit dans cette m\u00eame ligne d\u2019exercices g\u00e9n\u00e9raux.<\/p>\n<p>La mise en oeuvre de l\u2019exercice a \u00e9t\u00e9 confi\u00e9e \u00e0 l\u2019\u00e9quipe de base Exercices du R\u00e9seau national de s\u00e9curit\u00e9 dans le domaine de la Politique de s\u00e9curit\u00e9, rattach\u00e9e au Secr\u00e9tariat g\u00e9n\u00e9ral du DDPS. L\u2019ancien conseiller d\u2019Etat Hans-J\u00fcrg K\u00e4ser a \u00e9t\u00e9 nomm\u00e9 directeur de l\u2019exercice.<\/p>\n<p>Le Conseil f\u00e9d\u00e9ral a d\u00e9cid\u00e9 que le sc\u00e9nario de l\u2019ERNS 19 s\u2019inscrivit dans la continuit\u00e9 de celui de l\u2019Exercice de conduite strat\u00e9gique 2017 (ECS 17). Le th\u00e8me fut une menace terroriste durable, \u00e0 travers des attaques \u00e0 l\u2019encontre d\u2019infrastructures critiques, du chantage et des menaces d\u2019attentats. (vbs.admin.ch)<\/p>\n<p>L\u2019ERNS 19 devait notamment v\u00e9rifier comment la Suisse serait en mesure de faire face \u00e0 une menace terroriste durable, si les organes concern\u00e9s pouvaient \u00eatre rapidement \u00e0 pied d\u2019oeuvre et s\u2019ils pouvaient tenir sur la dur\u00e9e. Des objectifs sp\u00e9cifiques furent en outre d\u00e9finis pour les quatre sous-projets (protection de la population, police, arm\u00e9e et communication de crise).<\/p>\n<p>L\u2019\u00e9quipe en charge de la gestion de projet mit \u00e0 disposition jusqu\u2019\u00e0 l\u2019exercice d\u2019\u00e9tat-major en novembre 2019 quatre rapports de situation p\u00e9riodiques.<\/p>\n<p>Ces derniers furent analys\u00e9s par les participants au sein de leur organisation. L\u2019exercice s\u2019est d\u00e9roul\u00e9 de mani\u00e8re d\u00e9centralis\u00e9e dans les bureaux habituels des participants.<\/p>\n","protected":false},"excerpt":{"rendered":"<p>&nbsp; Le premier Exercice du R\u00e9seau national de s\u00e9curit\u00e9 a eu lieu en 2014. Les partenaires du R\u00e9seau national de s\u00e9curit\u00e9 (RNS) \u00e9taient confront\u00e9s \u00e0 une p\u00e9nurie d\u2019\u00e9lectricit\u00e9 et une pand\u00e9mie de grippe. L\u2019exercice a permis de tirer des conclusions importantes sur la ma\u00eetrise d\u2019une situation d\u2019urgence complexe ainsi que d\u2019adresser aux responsables seize recommandations [&hellip;]<\/p>\n","protected":false},"author":60,"featured_media":10935,"comment_status":"closed","ping_status":"closed","sticky":false,"template":"","format":"standard","meta":{"_acf_changed":false,"footnotes":""},"categories":[4],"tags":[4760],"class_list":["post-10933","post","type-post","status-publish","format-standard","has-post-thumbnail","hentry","category-risikomanagement","tag-03-2020"],"acf":[],"yoast_head":"<!-- This site is optimized with the Yoast SEO plugin v26.2 - https:\/\/yoast.com\/wordpress\/plugins\/seo\/ -->\n<title>Exercice du R\u00e9seau national de s\u00e9curit\u00e9 2019 (ERNS 19) - MQ Management und Qualit\u00e4t<\/title>\n<meta name=\"description\" content=\"Le deuxi\u00e8me Exercice du R\u00e9seau national de s\u00e9curit\u00e9 (ERNS) eut lieu en novembre2019. Il avait pour objectif d\u2019analyser et de continuer \u00e0 d\u00e9velopper efficacementles structures, les organisations et les processus. Le concept d\u00e9taill\u00e9 a \u00e9t\u00e9 approuv\u00e9en novembre 2017 par la Plateforme politique.\" \/>\n<meta name=\"robots\" content=\"index, follow, max-snippet:-1, max-image-preview:large, max-video-preview:-1\" \/>\n<link rel=\"canonical\" href=\"https:\/\/www.m-q.ch\/de\/exercice-du-reseau-national-de-securite-2019-erns-19\/\" \/>\n<meta property=\"og:locale\" content=\"de_DE\" \/>\n<meta property=\"og:type\" content=\"article\" \/>\n<meta property=\"og:title\" content=\"Exercice du R\u00e9seau national de s\u00e9curit\u00e9 2019 (ERNS 19) - MQ Management und Qualit\u00e4t\" \/>\n<meta property=\"og:description\" content=\"Le deuxi\u00e8me Exercice du R\u00e9seau national de s\u00e9curit\u00e9 (ERNS) eut lieu en novembre2019. Il avait pour objectif d\u2019analyser et de continuer \u00e0 d\u00e9velopper efficacementles structures, les organisations et les processus. Le concept d\u00e9taill\u00e9 a \u00e9t\u00e9 approuv\u00e9en novembre 2017 par la Plateforme politique.\" \/>\n<meta property=\"og:url\" content=\"https:\/\/www.m-q.ch\/de\/exercice-du-reseau-national-de-securite-2019-erns-19\/\" \/>\n<meta property=\"og:site_name\" content=\"MQ Management und Qualit\u00e4t\" \/>\n<meta property=\"article:publisher\" content=\"https:\/\/www.facebook.com\/ManagementUndQualitaet\" \/>\n<meta property=\"article:published_time\" content=\"2020-03-25T14:25:14+00:00\" \/>\n<meta property=\"article:modified_time\" content=\"2021-02-11T14:28:03+00:00\" \/>\n<meta property=\"og:image\" content=\"https:\/\/www.m-q.ch\/wp-content\/uploads\/2021\/02\/11-7.jpg\" \/>\n\t<meta property=\"og:image:width\" content=\"241\" \/>\n\t<meta property=\"og:image:height\" content=\"164\" \/>\n\t<meta property=\"og:image:type\" content=\"image\/jpeg\" \/>\n<meta name=\"author\" content=\"upwork\" \/>\n<meta name=\"twitter:card\" content=\"summary_large_image\" \/>\n<meta name=\"twitter:label1\" content=\"Verfasst von\" \/>\n\t<meta name=\"twitter:data1\" content=\"upwork\" \/>\n\t<meta name=\"twitter:label2\" content=\"Gesch\u00e4tzte Lesezeit\" \/>\n\t<meta name=\"twitter:data2\" content=\"2\u00a0Minuten\" \/>\n<script type=\"application\/ld+json\" class=\"yoast-schema-graph\">{\"@context\":\"https:\/\/schema.org\",\"@graph\":[{\"@type\":\"Article\",\"@id\":\"https:\/\/www.m-q.ch\/exercice-du-reseau-national-de-securite-2019-erns-19\/#article\",\"isPartOf\":{\"@id\":\"https:\/\/www.m-q.ch\/exercice-du-reseau-national-de-securite-2019-erns-19\/\"},\"author\":{\"name\":\"upwork\",\"@id\":\"https:\/\/www.m-q.ch\/fr\/#\/schema\/person\/6044ff1d138701fac0f63fd4c5c93267\"},\"headline\":\"Exercice du R\u00e9seau national de s\u00e9curit\u00e9 2019 (ERNS 19)\",\"datePublished\":\"2020-03-25T14:25:14+00:00\",\"dateModified\":\"2021-02-11T14:28:03+00:00\",\"mainEntityOfPage\":{\"@id\":\"https:\/\/www.m-q.ch\/exercice-du-reseau-national-de-securite-2019-erns-19\/\"},\"wordCount\":398,\"publisher\":{\"@id\":\"https:\/\/www.m-q.ch\/fr\/#organization\"},\"image\":{\"@id\":\"https:\/\/www.m-q.ch\/exercice-du-reseau-national-de-securite-2019-erns-19\/#primaryimage\"},\"thumbnailUrl\":\"https:\/\/www.m-q.ch\/wp-content\/uploads\/2021\/02\/11-7.jpg\",\"keywords\":[\"03\/2020\"],\"articleSection\":[\"Risikomanagement\"],\"inLanguage\":\"de\"},{\"@type\":\"WebPage\",\"@id\":\"https:\/\/www.m-q.ch\/exercice-du-reseau-national-de-securite-2019-erns-19\/\",\"url\":\"https:\/\/www.m-q.ch\/exercice-du-reseau-national-de-securite-2019-erns-19\/\",\"name\":\"Exercice du R\u00e9seau national de s\u00e9curit\u00e9 2019 (ERNS 19) - MQ Management und Qualit\u00e4t\",\"isPartOf\":{\"@id\":\"https:\/\/www.m-q.ch\/fr\/#website\"},\"primaryImageOfPage\":{\"@id\":\"https:\/\/www.m-q.ch\/exercice-du-reseau-national-de-securite-2019-erns-19\/#primaryimage\"},\"image\":{\"@id\":\"https:\/\/www.m-q.ch\/exercice-du-reseau-national-de-securite-2019-erns-19\/#primaryimage\"},\"thumbnailUrl\":\"https:\/\/www.m-q.ch\/wp-content\/uploads\/2021\/02\/11-7.jpg\",\"datePublished\":\"2020-03-25T14:25:14+00:00\",\"dateModified\":\"2021-02-11T14:28:03+00:00\",\"description\":\"Le deuxi\u00e8me Exercice du R\u00e9seau national de s\u00e9curit\u00e9 (ERNS) eut lieu en novembre2019. Il avait pour objectif d\u2019analyser et de continuer \u00e0 d\u00e9velopper efficacementles structures, les organisations et les processus. Le concept d\u00e9taill\u00e9 a \u00e9t\u00e9 approuv\u00e9en novembre 2017 par la Plateforme politique.\",\"breadcrumb\":{\"@id\":\"https:\/\/www.m-q.ch\/exercice-du-reseau-national-de-securite-2019-erns-19\/#breadcrumb\"},\"inLanguage\":\"de\",\"potentialAction\":[{\"@type\":\"ReadAction\",\"target\":[\"https:\/\/www.m-q.ch\/exercice-du-reseau-national-de-securite-2019-erns-19\/\"]}]},{\"@type\":\"ImageObject\",\"inLanguage\":\"de\",\"@id\":\"https:\/\/www.m-q.ch\/exercice-du-reseau-national-de-securite-2019-erns-19\/#primaryimage\",\"url\":\"https:\/\/www.m-q.ch\/wp-content\/uploads\/2021\/02\/11-7.jpg\",\"contentUrl\":\"https:\/\/www.m-q.ch\/wp-content\/uploads\/2021\/02\/11-7.jpg\",\"width\":241,\"height\":164},{\"@type\":\"BreadcrumbList\",\"@id\":\"https:\/\/www.m-q.ch\/exercice-du-reseau-national-de-securite-2019-erns-19\/#breadcrumb\",\"itemListElement\":[{\"@type\":\"ListItem\",\"position\":1,\"name\":\"Risikomanagement\",\"item\":\"https:\/\/www.m-q.ch\/kategorie\/risikomanagement\/\"},{\"@type\":\"ListItem\",\"position\":2,\"name\":\"Exercice du R\u00e9seau national de s\u00e9curit\u00e9 2019 (ERNS 19)\"}]},{\"@type\":\"WebSite\",\"@id\":\"https:\/\/www.m-q.ch\/fr\/#website\",\"url\":\"https:\/\/www.m-q.ch\/fr\/\",\"name\":\"MQ Management und Qualit\u00e4t\",\"description\":\"Plattform f\u00fcr integrierte Managementsysteme.\",\"publisher\":{\"@id\":\"https:\/\/www.m-q.ch\/fr\/#organization\"},\"potentialAction\":[{\"@type\":\"SearchAction\",\"target\":{\"@type\":\"EntryPoint\",\"urlTemplate\":\"https:\/\/www.m-q.ch\/fr\/?s={search_term_string}\"},\"query-input\":{\"@type\":\"PropertyValueSpecification\",\"valueRequired\":true,\"valueName\":\"search_term_string\"}}],\"inLanguage\":\"de\"},{\"@type\":\"Organization\",\"@id\":\"https:\/\/www.m-q.ch\/fr\/#organization\",\"name\":\"Galledia Fachmedien AG\",\"url\":\"https:\/\/www.m-q.ch\/fr\/\",\"logo\":{\"@type\":\"ImageObject\",\"inLanguage\":\"de\",\"@id\":\"https:\/\/www.m-q.ch\/fr\/#\/schema\/logo\/image\/\",\"url\":\"https:\/\/www.m-q.ch\/wp-content\/uploads\/2020\/12\/cropped-logo_small.png\",\"contentUrl\":\"https:\/\/www.m-q.ch\/wp-content\/uploads\/2020\/12\/cropped-logo_small.png\",\"width\":512,\"height\":512,\"caption\":\"Galledia Fachmedien AG\"},\"image\":{\"@id\":\"https:\/\/www.m-q.ch\/fr\/#\/schema\/logo\/image\/\"},\"sameAs\":[\"https:\/\/www.facebook.com\/ManagementUndQualitaet\",\"https:\/\/www.linkedin.com\/showcase\/17982321\/admin\/\"]},{\"@type\":\"Person\",\"@id\":\"https:\/\/www.m-q.ch\/fr\/#\/schema\/person\/6044ff1d138701fac0f63fd4c5c93267\",\"name\":\"upwork\",\"image\":{\"@type\":\"ImageObject\",\"inLanguage\":\"de\",\"@id\":\"https:\/\/www.m-q.ch\/fr\/#\/schema\/person\/image\/\",\"url\":\"https:\/\/secure.gravatar.com\/avatar\/fe2de2b04483edb0f28eb7fd34d15d6c?s=96&d=mm&r=g\",\"contentUrl\":\"https:\/\/secure.gravatar.com\/avatar\/fe2de2b04483edb0f28eb7fd34d15d6c?s=96&d=mm&r=g\",\"caption\":\"upwork\"},\"description\":\"uf3J7(qCI6jN0^0y6%%0ti70\",\"url\":\"https:\/\/www.m-q.ch\/de\/author\/upwork\/\"}]}<\/script>\n<!-- \/ Yoast SEO plugin. -->","yoast_head_json":{"title":"Exercice du R\u00e9seau national de s\u00e9curit\u00e9 2019 (ERNS 19) - MQ Management und Qualit\u00e4t","description":"Le deuxi\u00e8me Exercice du R\u00e9seau national de s\u00e9curit\u00e9 (ERNS) eut lieu en novembre2019. Il avait pour objectif d\u2019analyser et de continuer \u00e0 d\u00e9velopper efficacementles structures, les organisations et les processus. Le concept d\u00e9taill\u00e9 a \u00e9t\u00e9 approuv\u00e9en novembre 2017 par la Plateforme politique.","robots":{"index":"index","follow":"follow","max-snippet":"max-snippet:-1","max-image-preview":"max-image-preview:large","max-video-preview":"max-video-preview:-1"},"canonical":"https:\/\/www.m-q.ch\/de\/exercice-du-reseau-national-de-securite-2019-erns-19\/","og_locale":"de_DE","og_type":"article","og_title":"Exercice du R\u00e9seau national de s\u00e9curit\u00e9 2019 (ERNS 19) - MQ Management und Qualit\u00e4t","og_description":"Le deuxi\u00e8me Exercice du R\u00e9seau national de s\u00e9curit\u00e9 (ERNS) eut lieu en novembre2019. Il avait pour objectif d\u2019analyser et de continuer \u00e0 d\u00e9velopper efficacementles structures, les organisations et les processus. Le concept d\u00e9taill\u00e9 a \u00e9t\u00e9 approuv\u00e9en novembre 2017 par la Plateforme politique.","og_url":"https:\/\/www.m-q.ch\/de\/exercice-du-reseau-national-de-securite-2019-erns-19\/","og_site_name":"MQ Management und Qualit\u00e4t","article_publisher":"https:\/\/www.facebook.com\/ManagementUndQualitaet","article_published_time":"2020-03-25T14:25:14+00:00","article_modified_time":"2021-02-11T14:28:03+00:00","og_image":[{"width":241,"height":164,"url":"https:\/\/www.m-q.ch\/wp-content\/uploads\/2021\/02\/11-7.jpg","type":"image\/jpeg"}],"author":"upwork","twitter_card":"summary_large_image","twitter_misc":{"Verfasst von":"upwork","Gesch\u00e4tzte Lesezeit":"2\u00a0Minuten"},"schema":{"@context":"https:\/\/schema.org","@graph":[{"@type":"Article","@id":"https:\/\/www.m-q.ch\/exercice-du-reseau-national-de-securite-2019-erns-19\/#article","isPartOf":{"@id":"https:\/\/www.m-q.ch\/exercice-du-reseau-national-de-securite-2019-erns-19\/"},"author":{"name":"upwork","@id":"https:\/\/www.m-q.ch\/fr\/#\/schema\/person\/6044ff1d138701fac0f63fd4c5c93267"},"headline":"Exercice du R\u00e9seau national de s\u00e9curit\u00e9 2019 (ERNS 19)","datePublished":"2020-03-25T14:25:14+00:00","dateModified":"2021-02-11T14:28:03+00:00","mainEntityOfPage":{"@id":"https:\/\/www.m-q.ch\/exercice-du-reseau-national-de-securite-2019-erns-19\/"},"wordCount":398,"publisher":{"@id":"https:\/\/www.m-q.ch\/fr\/#organization"},"image":{"@id":"https:\/\/www.m-q.ch\/exercice-du-reseau-national-de-securite-2019-erns-19\/#primaryimage"},"thumbnailUrl":"https:\/\/www.m-q.ch\/wp-content\/uploads\/2021\/02\/11-7.jpg","keywords":["03\/2020"],"articleSection":["Risikomanagement"],"inLanguage":"de"},{"@type":"WebPage","@id":"https:\/\/www.m-q.ch\/exercice-du-reseau-national-de-securite-2019-erns-19\/","url":"https:\/\/www.m-q.ch\/exercice-du-reseau-national-de-securite-2019-erns-19\/","name":"Exercice du R\u00e9seau national de s\u00e9curit\u00e9 2019 (ERNS 19) - MQ Management und Qualit\u00e4t","isPartOf":{"@id":"https:\/\/www.m-q.ch\/fr\/#website"},"primaryImageOfPage":{"@id":"https:\/\/www.m-q.ch\/exercice-du-reseau-national-de-securite-2019-erns-19\/#primaryimage"},"image":{"@id":"https:\/\/www.m-q.ch\/exercice-du-reseau-national-de-securite-2019-erns-19\/#primaryimage"},"thumbnailUrl":"https:\/\/www.m-q.ch\/wp-content\/uploads\/2021\/02\/11-7.jpg","datePublished":"2020-03-25T14:25:14+00:00","dateModified":"2021-02-11T14:28:03+00:00","description":"Le deuxi\u00e8me Exercice du R\u00e9seau national de s\u00e9curit\u00e9 (ERNS) eut lieu en novembre2019. Il avait pour objectif d\u2019analyser et de continuer \u00e0 d\u00e9velopper efficacementles structures, les organisations et les processus. Le concept d\u00e9taill\u00e9 a \u00e9t\u00e9 approuv\u00e9en novembre 2017 par la Plateforme politique.","breadcrumb":{"@id":"https:\/\/www.m-q.ch\/exercice-du-reseau-national-de-securite-2019-erns-19\/#breadcrumb"},"inLanguage":"de","potentialAction":[{"@type":"ReadAction","target":["https:\/\/www.m-q.ch\/exercice-du-reseau-national-de-securite-2019-erns-19\/"]}]},{"@type":"ImageObject","inLanguage":"de","@id":"https:\/\/www.m-q.ch\/exercice-du-reseau-national-de-securite-2019-erns-19\/#primaryimage","url":"https:\/\/www.m-q.ch\/wp-content\/uploads\/2021\/02\/11-7.jpg","contentUrl":"https:\/\/www.m-q.ch\/wp-content\/uploads\/2021\/02\/11-7.jpg","width":241,"height":164},{"@type":"BreadcrumbList","@id":"https:\/\/www.m-q.ch\/exercice-du-reseau-national-de-securite-2019-erns-19\/#breadcrumb","itemListElement":[{"@type":"ListItem","position":1,"name":"Risikomanagement","item":"https:\/\/www.m-q.ch\/kategorie\/risikomanagement\/"},{"@type":"ListItem","position":2,"name":"Exercice du R\u00e9seau national de s\u00e9curit\u00e9 2019 (ERNS 19)"}]},{"@type":"WebSite","@id":"https:\/\/www.m-q.ch\/fr\/#website","url":"https:\/\/www.m-q.ch\/fr\/","name":"MQ Management und Qualit\u00e4t","description":"Plattform f\u00fcr integrierte Managementsysteme.","publisher":{"@id":"https:\/\/www.m-q.ch\/fr\/#organization"},"potentialAction":[{"@type":"SearchAction","target":{"@type":"EntryPoint","urlTemplate":"https:\/\/www.m-q.ch\/fr\/?s={search_term_string}"},"query-input":{"@type":"PropertyValueSpecification","valueRequired":true,"valueName":"search_term_string"}}],"inLanguage":"de"},{"@type":"Organization","@id":"https:\/\/www.m-q.ch\/fr\/#organization","name":"Galledia Fachmedien AG","url":"https:\/\/www.m-q.ch\/fr\/","logo":{"@type":"ImageObject","inLanguage":"de","@id":"https:\/\/www.m-q.ch\/fr\/#\/schema\/logo\/image\/","url":"https:\/\/www.m-q.ch\/wp-content\/uploads\/2020\/12\/cropped-logo_small.png","contentUrl":"https:\/\/www.m-q.ch\/wp-content\/uploads\/2020\/12\/cropped-logo_small.png","width":512,"height":512,"caption":"Galledia Fachmedien AG"},"image":{"@id":"https:\/\/www.m-q.ch\/fr\/#\/schema\/logo\/image\/"},"sameAs":["https:\/\/www.facebook.com\/ManagementUndQualitaet","https:\/\/www.linkedin.com\/showcase\/17982321\/admin\/"]},{"@type":"Person","@id":"https:\/\/www.m-q.ch\/fr\/#\/schema\/person\/6044ff1d138701fac0f63fd4c5c93267","name":"upwork","image":{"@type":"ImageObject","inLanguage":"de","@id":"https:\/\/www.m-q.ch\/fr\/#\/schema\/person\/image\/","url":"https:\/\/secure.gravatar.com\/avatar\/fe2de2b04483edb0f28eb7fd34d15d6c?s=96&d=mm&r=g","contentUrl":"https:\/\/secure.gravatar.com\/avatar\/fe2de2b04483edb0f28eb7fd34d15d6c?s=96&d=mm&r=g","caption":"upwork"},"description":"uf3J7(qCI6jN0^0y6%%0ti70","url":"https:\/\/www.m-q.ch\/de\/author\/upwork\/"}]}},"_links":{"self":[{"href":"https:\/\/www.m-q.ch\/de\/wp-json\/wp\/v2\/posts\/10933","targetHints":{"allow":["GET"]}}],"collection":[{"href":"https:\/\/www.m-q.ch\/de\/wp-json\/wp\/v2\/posts"}],"about":[{"href":"https:\/\/www.m-q.ch\/de\/wp-json\/wp\/v2\/types\/post"}],"author":[{"embeddable":true,"href":"https:\/\/www.m-q.ch\/de\/wp-json\/wp\/v2\/users\/60"}],"replies":[{"embeddable":true,"href":"https:\/\/www.m-q.ch\/de\/wp-json\/wp\/v2\/comments?post=10933"}],"version-history":[{"count":1,"href":"https:\/\/www.m-q.ch\/de\/wp-json\/wp\/v2\/posts\/10933\/revisions"}],"predecessor-version":[{"id":10936,"href":"https:\/\/www.m-q.ch\/de\/wp-json\/wp\/v2\/posts\/10933\/revisions\/10936"}],"wp:featuredmedia":[{"embeddable":true,"href":"https:\/\/www.m-q.ch\/de\/wp-json\/wp\/v2\/media\/10935"}],"wp:attachment":[{"href":"https:\/\/www.m-q.ch\/de\/wp-json\/wp\/v2\/media?parent=10933"}],"wp:term":[{"taxonomy":"category","embeddable":true,"href":"https:\/\/www.m-q.ch\/de\/wp-json\/wp\/v2\/categories?post=10933"},{"taxonomy":"post_tag","embeddable":true,"href":"https:\/\/www.m-q.ch\/de\/wp-json\/wp\/v2\/tags?post=10933"}],"curies":[{"name":"wp","href":"https:\/\/api.w.org\/{rel}","templated":true}]}}