{"id":10984,"date":"2020-02-21T17:30:33","date_gmt":"2020-02-21T16:30:33","guid":{"rendered":"https:\/\/www.m-q.ch\/?p=10984"},"modified":"2021-02-11T17:33:56","modified_gmt":"2021-02-11T16:33:56","slug":"starkes-thema-bildverarbeitung","status":"publish","type":"post","link":"https:\/\/www.m-q.ch\/de\/starkes-thema-bildverarbeitung\/","title":{"rendered":"Starkes Thema Bildverarbeitung"},"content":{"rendered":"<p><img loading=\"lazy\" decoding=\"async\" class=\"alignnone  wp-image-10985\" src=\"https:\/\/www.m-q.ch\/wp-content\/uploads\/2021\/02\/11-8.jpg\" alt=\"\" width=\"819\" height=\"640\" srcset=\"https:\/\/www.m-q.ch\/wp-content\/uploads\/2021\/02\/11-8.jpg 229w, https:\/\/www.m-q.ch\/wp-content\/uploads\/2021\/02\/11-8-16x12.jpg 16w, https:\/\/www.m-q.ch\/wp-content\/uploads\/2021\/02\/11-8-224x175.jpg 224w\" sizes=\"auto, (max-width: 819px) 100vw, 819px\" \/><\/p>\n<p>&nbsp;<\/p>\n<p>Die Control, die nach eigenen Angaben international wichtigste Business-Plattform und Weltleitmesse in Sachen industrieller QS, bringt die internationalen Marktf\u00fchrer nach Stuttgart. Sie ist l\u00e4ngst zu einem Impulsgeber f\u00fcr den deutschen, europ\u00e4ischen und internationalen Markt geworden. 2020 wird der europ\u00e4ische Bildverarbeitungsverband EMVA zusammen mit der Fachzeitschrift inVISION und dem Messeveranstalter Schall zum f\u00fcnften Mal die Control Vision Talks \u2013 Forum f\u00fcr optische Messtechnik und Bildverarbeitung \u2013 durchf\u00fchren.<\/p>\n<p><strong> Industrielle Bildverarbeitung stark vertreten<\/strong><\/p>\n<p>Die Themengebiete 3D-Bildverarbeitung, optische Messtechnik, Computertomografie (CT) und R\u00f6ntgen sowie Spectral Imaging werden auf dem EMVA-Vortragsforum in Halle 8 einen prominenten Platz erhalten und sowohl Grundlagen als auch neue Technologien abhandeln. Ebenfalls in Halle 8 werden Quick- Response-Systeme (QR) pr\u00e4sentiert, die besonders in Asien verbreitet genutzt und noch immer weiterentwickelt werden.<\/p>\n<p><strong>\u00abNext level quality assurance!\u00bb<\/strong><\/p>\n<p>Der Themenkomplex Qualit\u00e4tssicherung durchdringt alle Produktionsbereiche in allen Branchen. Der Control-Veranstalter h\u00e4lt in Sachen Wandel und Qualit\u00e4tsverbesserung beim Tempo mit und geht mit einem topaktuellen Produkt- und Leistungsangebot, das Anwendern neue Ans\u00e4tze und umfassende Reall\u00f6sungen f\u00fcr alle in der industriellen QS relevanten Problemstellungen bietet, auf die n\u00e4chste Stufe: \u00abNext level quality assurance!\u00bb-Anwender aus allen Branchen finden auf der Control passendes Equipment f\u00fcr eine Null-Fehler-Produktion \u2013 von der mechatronischen Messtechnik \u00fcber IBV-L\u00f6sungen bis hin zu robotergest\u00fctzten und durchg\u00e4ngig digitalisierten QS-L\u00f6sungen f\u00fcr die st\u00fcckzahlflexible Variantenfertigung. Die Fachmesse bringt die Digitalisierung in den Praxisalltag und erm\u00f6glicht Pr\u00fcftechnik-Anwendern den geschlossenen Datenaustausch in vernetzten Abl\u00e4ufen.<\/p>\n<p><strong>Control 2020: hohe Internationalit\u00e4t<\/strong><\/p>\n<p>Das Veranstaltungskonzept der Control unterst\u00fctzt den direkten fachlichen Austausch zwischen Anbietern und Anwendern und sichert den Technologie-Transfer bis tief hinein in den praktischen Produktionsalltag. Teilnehmerstimmen der Fachmesse im Mai 2019 unterstrichen die Bedeutung der Control als global anerkannte und f\u00fchrende Technologie-, Kommunikations- und Business-Plattform rund um das Qualit\u00e4tswesen in der industriellen Produktion. Hier treffen sich die internationalen Marktf\u00fchrer, um mit fachkundigen und interessierten Besuchern aus der Industriepraxis die Null-Fehler-Produktion zu diskutieren und neue L\u00f6sungen zu erarbeiten. 90 Prozent der Fachbesucher sind direkt in Beschaffungsentscheidungen involviert. F\u00fcr zahlreiche ausstellende Unternehmen ist die Control die wichtigste Messe im Jahr \u2013 ein Branchenevent, das mit 33 Prozent Auslandsausstelleranteil zunehmend international geworden ist.<\/p>\n<p>Technologie-Transfer durch hochkar\u00e4tiges Rahmenprogramm Der Messeveranstalter spickt die Fachmesse einmal mehr mit hochkar\u00e4tigen Rahmenveranstaltungen. Bei der Sonderschau des Fraunhofer IPA geht es um \u00abDie Trends in der Qualit\u00e4tssicherung \u2013 Digitalisierung, Automatisierung und KI in der Praxis\u00bb. Messebesucher erhalten die M\u00f6glichkeit, sich gezielt \u00fcber zukunftsweisende Technologien und Einsatzm\u00f6glichkeiten moderner Mess- und Pr\u00fcftechnik zu informieren. Demonstratoren vermitteln einen Eindruck davon, wie Themen der Digitalisierung und Automatisierung unter anderem mit Bild- und Signalverarbeitung und Methoden der k\u00fcnstlichen Intelligenz, etwa maschinelle Lernverfahren, in der Praxis einsetzbar sind. Ausserdem kann der Messebesucher KI-Anwendungen in der eigenen Problemstellung identifizieren und bewerten.<\/p>\n<p><strong>Sonderschauen, Forum und Spezial-Messef\u00fchrer<\/strong><\/p>\n<p>Die Sonderschau \u00abBer\u00fchrungslose Messtechnik \u00bb der Fraunhofer-Allianz Vision wird bereits zum 16. Mal durchgef\u00fchrt und zeigt neueste Entwicklungen und Technologien aus dem Bereich der ber\u00fchrungslosen Messund Pr\u00fcftechnik. Es werden wieder ein Spezialmessef\u00fchrer IBV und Visionssysteme zur Verf\u00fcgung stehen. Nicht zuletzt wird auch das Aussteller-Forum als Kommunikations- Plattform wieder ein Highlight.<\/p>\n","protected":false},"excerpt":{"rendered":"<p>&nbsp; Die Control, die nach eigenen Angaben international wichtigste Business-Plattform und Weltleitmesse in Sachen industrieller QS, bringt die internationalen Marktf\u00fchrer nach Stuttgart. Sie ist l\u00e4ngst zu einem Impulsgeber f\u00fcr den deutschen, europ\u00e4ischen und internationalen Markt geworden. 2020 wird der europ\u00e4ische Bildverarbeitungsverband EMVA zusammen mit der Fachzeitschrift inVISION und dem Messeveranstalter Schall zum f\u00fcnften Mal die [&hellip;]<\/p>\n","protected":false},"author":60,"featured_media":10985,"comment_status":"closed","ping_status":"closed","sticky":false,"template":"","format":"standard","meta":{"_acf_changed":false,"footnotes":""},"categories":[4448],"tags":[4765],"class_list":["post-10984","post","type-post","status-publish","format-standard","has-post-thumbnail","hentry","category-allgemein","tag-01-02-2020"],"acf":[],"yoast_head":"<!-- This site is optimized with the Yoast SEO plugin v26.2 - https:\/\/yoast.com\/wordpress\/plugins\/seo\/ -->\n<title>Starkes Thema Bildverarbeitung - MQ Management und Qualit\u00e4t<\/title>\n<meta name=\"description\" content=\"Die 34. Control \u2013 Internationale Fachmesse f\u00fcr Qualit\u00e4tssicherung \u2013 findet vom5. bis 8. Mai 2020 in Stuttgart statt und fokussiert Visiontechnologie und Bildverarbeitungals thematische Erweiterung von QR-Systemen und -Software in Halle 8.\" \/>\n<meta name=\"robots\" content=\"index, follow, max-snippet:-1, max-image-preview:large, max-video-preview:-1\" \/>\n<link rel=\"canonical\" href=\"https:\/\/www.m-q.ch\/de\/starkes-thema-bildverarbeitung\/\" \/>\n<meta property=\"og:locale\" content=\"de_DE\" \/>\n<meta property=\"og:type\" content=\"article\" \/>\n<meta property=\"og:title\" content=\"Starkes Thema Bildverarbeitung - MQ Management und Qualit\u00e4t\" \/>\n<meta property=\"og:description\" content=\"Die 34. Control \u2013 Internationale Fachmesse f\u00fcr Qualit\u00e4tssicherung \u2013 findet vom5. bis 8. Mai 2020 in Stuttgart statt und fokussiert Visiontechnologie und Bildverarbeitungals thematische Erweiterung von QR-Systemen und -Software in Halle 8.\" \/>\n<meta property=\"og:url\" content=\"https:\/\/www.m-q.ch\/de\/starkes-thema-bildverarbeitung\/\" \/>\n<meta property=\"og:site_name\" content=\"MQ Management und Qualit\u00e4t\" \/>\n<meta property=\"article:publisher\" content=\"https:\/\/www.facebook.com\/ManagementUndQualitaet\" \/>\n<meta property=\"article:published_time\" content=\"2020-02-21T16:30:33+00:00\" \/>\n<meta property=\"article:modified_time\" content=\"2021-02-11T16:33:56+00:00\" \/>\n<meta property=\"og:image\" content=\"https:\/\/www.m-q.ch\/wp-content\/uploads\/2021\/02\/11-8.jpg\" \/>\n\t<meta property=\"og:image:width\" content=\"229\" \/>\n\t<meta property=\"og:image:height\" content=\"179\" \/>\n\t<meta property=\"og:image:type\" content=\"image\/jpeg\" \/>\n<meta name=\"author\" content=\"upwork\" \/>\n<meta name=\"twitter:card\" content=\"summary_large_image\" \/>\n<meta name=\"twitter:label1\" content=\"Verfasst von\" \/>\n\t<meta name=\"twitter:data1\" content=\"upwork\" \/>\n\t<meta name=\"twitter:label2\" content=\"Gesch\u00e4tzte Lesezeit\" \/>\n\t<meta name=\"twitter:data2\" content=\"3\u00a0Minuten\" \/>\n<script type=\"application\/ld+json\" class=\"yoast-schema-graph\">{\"@context\":\"https:\/\/schema.org\",\"@graph\":[{\"@type\":\"Article\",\"@id\":\"https:\/\/www.m-q.ch\/starkes-thema-bildverarbeitung\/#article\",\"isPartOf\":{\"@id\":\"https:\/\/www.m-q.ch\/starkes-thema-bildverarbeitung\/\"},\"author\":{\"name\":\"upwork\",\"@id\":\"https:\/\/www.m-q.ch\/fr\/#\/schema\/person\/6044ff1d138701fac0f63fd4c5c93267\"},\"headline\":\"Starkes Thema Bildverarbeitung\",\"datePublished\":\"2020-02-21T16:30:33+00:00\",\"dateModified\":\"2021-02-11T16:33:56+00:00\",\"mainEntityOfPage\":{\"@id\":\"https:\/\/www.m-q.ch\/starkes-thema-bildverarbeitung\/\"},\"wordCount\":526,\"publisher\":{\"@id\":\"https:\/\/www.m-q.ch\/fr\/#organization\"},\"image\":{\"@id\":\"https:\/\/www.m-q.ch\/starkes-thema-bildverarbeitung\/#primaryimage\"},\"thumbnailUrl\":\"https:\/\/www.m-q.ch\/wp-content\/uploads\/2021\/02\/11-8.jpg\",\"keywords\":[\"01-02\/2020\"],\"inLanguage\":\"de\"},{\"@type\":\"WebPage\",\"@id\":\"https:\/\/www.m-q.ch\/starkes-thema-bildverarbeitung\/\",\"url\":\"https:\/\/www.m-q.ch\/starkes-thema-bildverarbeitung\/\",\"name\":\"Starkes Thema Bildverarbeitung - MQ Management und Qualit\u00e4t\",\"isPartOf\":{\"@id\":\"https:\/\/www.m-q.ch\/fr\/#website\"},\"primaryImageOfPage\":{\"@id\":\"https:\/\/www.m-q.ch\/starkes-thema-bildverarbeitung\/#primaryimage\"},\"image\":{\"@id\":\"https:\/\/www.m-q.ch\/starkes-thema-bildverarbeitung\/#primaryimage\"},\"thumbnailUrl\":\"https:\/\/www.m-q.ch\/wp-content\/uploads\/2021\/02\/11-8.jpg\",\"datePublished\":\"2020-02-21T16:30:33+00:00\",\"dateModified\":\"2021-02-11T16:33:56+00:00\",\"description\":\"Die 34. Control \u2013 Internationale Fachmesse f\u00fcr Qualit\u00e4tssicherung \u2013 findet vom5. bis 8. Mai 2020 in Stuttgart statt und fokussiert Visiontechnologie und Bildverarbeitungals thematische Erweiterung von QR-Systemen und -Software in Halle 8.\",\"breadcrumb\":{\"@id\":\"https:\/\/www.m-q.ch\/starkes-thema-bildverarbeitung\/#breadcrumb\"},\"inLanguage\":\"de\",\"potentialAction\":[{\"@type\":\"ReadAction\",\"target\":[\"https:\/\/www.m-q.ch\/starkes-thema-bildverarbeitung\/\"]}]},{\"@type\":\"ImageObject\",\"inLanguage\":\"de\",\"@id\":\"https:\/\/www.m-q.ch\/starkes-thema-bildverarbeitung\/#primaryimage\",\"url\":\"https:\/\/www.m-q.ch\/wp-content\/uploads\/2021\/02\/11-8.jpg\",\"contentUrl\":\"https:\/\/www.m-q.ch\/wp-content\/uploads\/2021\/02\/11-8.jpg\",\"width\":229,\"height\":179},{\"@type\":\"BreadcrumbList\",\"@id\":\"https:\/\/www.m-q.ch\/starkes-thema-bildverarbeitung\/#breadcrumb\",\"itemListElement\":[{\"@type\":\"ListItem\",\"position\":1,\"name\":\"Allgemein\",\"item\":\"https:\/\/www.m-q.ch\/kategorie\/allgemein\/\"},{\"@type\":\"ListItem\",\"position\":2,\"name\":\"Starkes Thema Bildverarbeitung\"}]},{\"@type\":\"WebSite\",\"@id\":\"https:\/\/www.m-q.ch\/fr\/#website\",\"url\":\"https:\/\/www.m-q.ch\/fr\/\",\"name\":\"MQ Management und Qualit\u00e4t\",\"description\":\"Plattform f\u00fcr integrierte Managementsysteme.\",\"publisher\":{\"@id\":\"https:\/\/www.m-q.ch\/fr\/#organization\"},\"potentialAction\":[{\"@type\":\"SearchAction\",\"target\":{\"@type\":\"EntryPoint\",\"urlTemplate\":\"https:\/\/www.m-q.ch\/fr\/?s={search_term_string}\"},\"query-input\":{\"@type\":\"PropertyValueSpecification\",\"valueRequired\":true,\"valueName\":\"search_term_string\"}}],\"inLanguage\":\"de\"},{\"@type\":\"Organization\",\"@id\":\"https:\/\/www.m-q.ch\/fr\/#organization\",\"name\":\"Galledia Fachmedien AG\",\"url\":\"https:\/\/www.m-q.ch\/fr\/\",\"logo\":{\"@type\":\"ImageObject\",\"inLanguage\":\"de\",\"@id\":\"https:\/\/www.m-q.ch\/fr\/#\/schema\/logo\/image\/\",\"url\":\"https:\/\/www.m-q.ch\/wp-content\/uploads\/2020\/12\/cropped-logo_small.png\",\"contentUrl\":\"https:\/\/www.m-q.ch\/wp-content\/uploads\/2020\/12\/cropped-logo_small.png\",\"width\":512,\"height\":512,\"caption\":\"Galledia Fachmedien AG\"},\"image\":{\"@id\":\"https:\/\/www.m-q.ch\/fr\/#\/schema\/logo\/image\/\"},\"sameAs\":[\"https:\/\/www.facebook.com\/ManagementUndQualitaet\",\"https:\/\/www.linkedin.com\/showcase\/17982321\/admin\/\"]},{\"@type\":\"Person\",\"@id\":\"https:\/\/www.m-q.ch\/fr\/#\/schema\/person\/6044ff1d138701fac0f63fd4c5c93267\",\"name\":\"upwork\",\"image\":{\"@type\":\"ImageObject\",\"inLanguage\":\"de\",\"@id\":\"https:\/\/www.m-q.ch\/fr\/#\/schema\/person\/image\/\",\"url\":\"https:\/\/secure.gravatar.com\/avatar\/fe2de2b04483edb0f28eb7fd34d15d6c?s=96&d=mm&r=g\",\"contentUrl\":\"https:\/\/secure.gravatar.com\/avatar\/fe2de2b04483edb0f28eb7fd34d15d6c?s=96&d=mm&r=g\",\"caption\":\"upwork\"},\"description\":\"uf3J7(qCI6jN0^0y6%%0ti70\",\"url\":\"https:\/\/www.m-q.ch\/de\/author\/upwork\/\"}]}<\/script>\n<!-- \/ Yoast SEO plugin. -->","yoast_head_json":{"title":"Starkes Thema Bildverarbeitung - MQ Management und Qualit\u00e4t","description":"Die 34. Control \u2013 Internationale Fachmesse f\u00fcr Qualit\u00e4tssicherung \u2013 findet vom5. bis 8. Mai 2020 in Stuttgart statt und fokussiert Visiontechnologie und Bildverarbeitungals thematische Erweiterung von QR-Systemen und -Software in Halle 8.","robots":{"index":"index","follow":"follow","max-snippet":"max-snippet:-1","max-image-preview":"max-image-preview:large","max-video-preview":"max-video-preview:-1"},"canonical":"https:\/\/www.m-q.ch\/de\/starkes-thema-bildverarbeitung\/","og_locale":"de_DE","og_type":"article","og_title":"Starkes Thema Bildverarbeitung - MQ Management und Qualit\u00e4t","og_description":"Die 34. Control \u2013 Internationale Fachmesse f\u00fcr Qualit\u00e4tssicherung \u2013 findet vom5. bis 8. Mai 2020 in Stuttgart statt und fokussiert Visiontechnologie und Bildverarbeitungals thematische Erweiterung von QR-Systemen und -Software in Halle 8.","og_url":"https:\/\/www.m-q.ch\/de\/starkes-thema-bildverarbeitung\/","og_site_name":"MQ Management und Qualit\u00e4t","article_publisher":"https:\/\/www.facebook.com\/ManagementUndQualitaet","article_published_time":"2020-02-21T16:30:33+00:00","article_modified_time":"2021-02-11T16:33:56+00:00","og_image":[{"width":229,"height":179,"url":"https:\/\/www.m-q.ch\/wp-content\/uploads\/2021\/02\/11-8.jpg","type":"image\/jpeg"}],"author":"upwork","twitter_card":"summary_large_image","twitter_misc":{"Verfasst von":"upwork","Gesch\u00e4tzte Lesezeit":"3\u00a0Minuten"},"schema":{"@context":"https:\/\/schema.org","@graph":[{"@type":"Article","@id":"https:\/\/www.m-q.ch\/starkes-thema-bildverarbeitung\/#article","isPartOf":{"@id":"https:\/\/www.m-q.ch\/starkes-thema-bildverarbeitung\/"},"author":{"name":"upwork","@id":"https:\/\/www.m-q.ch\/fr\/#\/schema\/person\/6044ff1d138701fac0f63fd4c5c93267"},"headline":"Starkes Thema Bildverarbeitung","datePublished":"2020-02-21T16:30:33+00:00","dateModified":"2021-02-11T16:33:56+00:00","mainEntityOfPage":{"@id":"https:\/\/www.m-q.ch\/starkes-thema-bildverarbeitung\/"},"wordCount":526,"publisher":{"@id":"https:\/\/www.m-q.ch\/fr\/#organization"},"image":{"@id":"https:\/\/www.m-q.ch\/starkes-thema-bildverarbeitung\/#primaryimage"},"thumbnailUrl":"https:\/\/www.m-q.ch\/wp-content\/uploads\/2021\/02\/11-8.jpg","keywords":["01-02\/2020"],"inLanguage":"de"},{"@type":"WebPage","@id":"https:\/\/www.m-q.ch\/starkes-thema-bildverarbeitung\/","url":"https:\/\/www.m-q.ch\/starkes-thema-bildverarbeitung\/","name":"Starkes Thema Bildverarbeitung - MQ Management und Qualit\u00e4t","isPartOf":{"@id":"https:\/\/www.m-q.ch\/fr\/#website"},"primaryImageOfPage":{"@id":"https:\/\/www.m-q.ch\/starkes-thema-bildverarbeitung\/#primaryimage"},"image":{"@id":"https:\/\/www.m-q.ch\/starkes-thema-bildverarbeitung\/#primaryimage"},"thumbnailUrl":"https:\/\/www.m-q.ch\/wp-content\/uploads\/2021\/02\/11-8.jpg","datePublished":"2020-02-21T16:30:33+00:00","dateModified":"2021-02-11T16:33:56+00:00","description":"Die 34. Control \u2013 Internationale Fachmesse f\u00fcr Qualit\u00e4tssicherung \u2013 findet vom5. bis 8. Mai 2020 in Stuttgart statt und fokussiert Visiontechnologie und Bildverarbeitungals thematische Erweiterung von QR-Systemen und -Software in Halle 8.","breadcrumb":{"@id":"https:\/\/www.m-q.ch\/starkes-thema-bildverarbeitung\/#breadcrumb"},"inLanguage":"de","potentialAction":[{"@type":"ReadAction","target":["https:\/\/www.m-q.ch\/starkes-thema-bildverarbeitung\/"]}]},{"@type":"ImageObject","inLanguage":"de","@id":"https:\/\/www.m-q.ch\/starkes-thema-bildverarbeitung\/#primaryimage","url":"https:\/\/www.m-q.ch\/wp-content\/uploads\/2021\/02\/11-8.jpg","contentUrl":"https:\/\/www.m-q.ch\/wp-content\/uploads\/2021\/02\/11-8.jpg","width":229,"height":179},{"@type":"BreadcrumbList","@id":"https:\/\/www.m-q.ch\/starkes-thema-bildverarbeitung\/#breadcrumb","itemListElement":[{"@type":"ListItem","position":1,"name":"Allgemein","item":"https:\/\/www.m-q.ch\/kategorie\/allgemein\/"},{"@type":"ListItem","position":2,"name":"Starkes Thema Bildverarbeitung"}]},{"@type":"WebSite","@id":"https:\/\/www.m-q.ch\/fr\/#website","url":"https:\/\/www.m-q.ch\/fr\/","name":"MQ Management und Qualit\u00e4t","description":"Plattform f\u00fcr integrierte Managementsysteme.","publisher":{"@id":"https:\/\/www.m-q.ch\/fr\/#organization"},"potentialAction":[{"@type":"SearchAction","target":{"@type":"EntryPoint","urlTemplate":"https:\/\/www.m-q.ch\/fr\/?s={search_term_string}"},"query-input":{"@type":"PropertyValueSpecification","valueRequired":true,"valueName":"search_term_string"}}],"inLanguage":"de"},{"@type":"Organization","@id":"https:\/\/www.m-q.ch\/fr\/#organization","name":"Galledia Fachmedien AG","url":"https:\/\/www.m-q.ch\/fr\/","logo":{"@type":"ImageObject","inLanguage":"de","@id":"https:\/\/www.m-q.ch\/fr\/#\/schema\/logo\/image\/","url":"https:\/\/www.m-q.ch\/wp-content\/uploads\/2020\/12\/cropped-logo_small.png","contentUrl":"https:\/\/www.m-q.ch\/wp-content\/uploads\/2020\/12\/cropped-logo_small.png","width":512,"height":512,"caption":"Galledia Fachmedien AG"},"image":{"@id":"https:\/\/www.m-q.ch\/fr\/#\/schema\/logo\/image\/"},"sameAs":["https:\/\/www.facebook.com\/ManagementUndQualitaet","https:\/\/www.linkedin.com\/showcase\/17982321\/admin\/"]},{"@type":"Person","@id":"https:\/\/www.m-q.ch\/fr\/#\/schema\/person\/6044ff1d138701fac0f63fd4c5c93267","name":"upwork","image":{"@type":"ImageObject","inLanguage":"de","@id":"https:\/\/www.m-q.ch\/fr\/#\/schema\/person\/image\/","url":"https:\/\/secure.gravatar.com\/avatar\/fe2de2b04483edb0f28eb7fd34d15d6c?s=96&d=mm&r=g","contentUrl":"https:\/\/secure.gravatar.com\/avatar\/fe2de2b04483edb0f28eb7fd34d15d6c?s=96&d=mm&r=g","caption":"upwork"},"description":"uf3J7(qCI6jN0^0y6%%0ti70","url":"https:\/\/www.m-q.ch\/de\/author\/upwork\/"}]}},"_links":{"self":[{"href":"https:\/\/www.m-q.ch\/de\/wp-json\/wp\/v2\/posts\/10984","targetHints":{"allow":["GET"]}}],"collection":[{"href":"https:\/\/www.m-q.ch\/de\/wp-json\/wp\/v2\/posts"}],"about":[{"href":"https:\/\/www.m-q.ch\/de\/wp-json\/wp\/v2\/types\/post"}],"author":[{"embeddable":true,"href":"https:\/\/www.m-q.ch\/de\/wp-json\/wp\/v2\/users\/60"}],"replies":[{"embeddable":true,"href":"https:\/\/www.m-q.ch\/de\/wp-json\/wp\/v2\/comments?post=10984"}],"version-history":[{"count":1,"href":"https:\/\/www.m-q.ch\/de\/wp-json\/wp\/v2\/posts\/10984\/revisions"}],"predecessor-version":[{"id":10986,"href":"https:\/\/www.m-q.ch\/de\/wp-json\/wp\/v2\/posts\/10984\/revisions\/10986"}],"wp:featuredmedia":[{"embeddable":true,"href":"https:\/\/www.m-q.ch\/de\/wp-json\/wp\/v2\/media\/10985"}],"wp:attachment":[{"href":"https:\/\/www.m-q.ch\/de\/wp-json\/wp\/v2\/media?parent=10984"}],"wp:term":[{"taxonomy":"category","embeddable":true,"href":"https:\/\/www.m-q.ch\/de\/wp-json\/wp\/v2\/categories?post=10984"},{"taxonomy":"post_tag","embeddable":true,"href":"https:\/\/www.m-q.ch\/de\/wp-json\/wp\/v2\/tags?post=10984"}],"curies":[{"name":"wp","href":"https:\/\/api.w.org\/{rel}","templated":true}]}}