{"id":11193,"date":"2016-01-09T15:07:03","date_gmt":"2016-01-09T14:07:03","guid":{"rendered":"https:\/\/www.m-q.ch\/?p=11193"},"modified":"2021-02-12T15:50:07","modified_gmt":"2021-02-12T14:50:07","slug":"die-chance-packen","status":"publish","type":"post","link":"https:\/\/www.m-q.ch\/de\/die-chance-packen\/","title":{"rendered":"Die Chance packen"},"content":{"rendered":"<p><img loading=\"lazy\" decoding=\"async\" class=\"alignnone size-full wp-image-11198\" src=\"https:\/\/www.m-q.ch\/wp-content\/uploads\/2021\/02\/Die-Chance-packen.jpg\" alt=\"Die Chance packen\" width=\"845\" height=\"719\" srcset=\"https:\/\/www.m-q.ch\/wp-content\/uploads\/2021\/02\/Die-Chance-packen.jpg 845w, https:\/\/www.m-q.ch\/wp-content\/uploads\/2021\/02\/Die-Chance-packen-768x653.jpg 768w, https:\/\/www.m-q.ch\/wp-content\/uploads\/2021\/02\/Die-Chance-packen-14x12.jpg 14w, https:\/\/www.m-q.ch\/wp-content\/uploads\/2021\/02\/Die-Chance-packen-206x175.jpg 206w, https:\/\/www.m-q.ch\/wp-content\/uploads\/2021\/02\/Die-Chance-packen-411x350.jpg 411w, https:\/\/www.m-q.ch\/wp-content\/uploads\/2021\/02\/Die-Chance-packen-300x255.jpg 300w\" sizes=\"auto, (max-width: 845px) 100vw, 845px\" \/><\/p>\n<p>&nbsp;<\/p>\n<p>&nbsp;<\/p>\n<p>&nbsp;<\/p>\n<p>ISO ist und bleibt ein Standard, welcher den Kunden in den Mittel punkt stellt. Es geht prim\u00e4r darum,<\/p>\n<ol>\n<li>kontinuierlich Produkte herstellen und liefern oder Dienstleistungen erbringen zu k\u00f6nnen, die die Anforderungen der Kunden und die zutreffenden gesetzlichen und beh\u00f6rdlichen Anforderungen erf\u00fcllen,<\/li>\n<li>Chancen und Risiken unter Ber\u00fccksichtigung des Kontextes wahrzunehmen und zu handeln,<\/li>\n<li>danach zu streben, die Kundenzufriedenheit zu erh\u00f6hen (in Anlehnung an den Anwendungsbereich ISO 9001:2015).<\/li>\n<\/ol>\n<p>&nbsp;<\/p>\n<p>Excellence geht weit \u00fcber diesen Anwendungsbereich hinaus und integriert einen umfassenden Stakeholder-Ansatz. Dies wird bereits bei der Definition von Excellence deutlich: \u00abExzellente Organisationen erzielen dauerhaft herausragende Leistungen, welche die Erwartungen aller ihrer Interessengruppen erf\u00fcllen oder \u00fcbertreffen.\u00bb Das EFQM<\/p>\n<p>&nbsp;<\/p>\n<p style=\"text-align: center\"><em><strong>Excellence ber\u00fccksichtigt neben den Kunden auch Mitarbeitende, Eigent\u00fcmer und die Gesellschaft.<\/strong><\/em><\/p>\n<p>&nbsp;<\/p>\n<p>Excellence Modell ist somit ein zukunftsorientiertes Modell, um festzustellen, wie eine Organisation arbeitet und wie sie Chancen f\u00fcr Verbesserungen fr\u00fchzeitig erkennt und rasch umsetzt.<\/p>\n<p><strong>Wesentliche Neuerungen ISO 9001:2015<\/strong><br \/>\nDie auff\u00e4lligste \u00c4nderung betrifft die Struktur der ISO 9001:2015, die High Level Struktur (siehe Grafik 1). Sie dient als Grundlage f\u00fcr weitere normierte Managementsysteme, wie z.B. Umwelt und Arbeitssicherheit. In der Grafik ist diese erg\u00e4nzt durch den bekannten PDCA-Zyklus.<\/p>\n<p>&nbsp;<\/p>\n<p>Die wesentlichen inhaltlichen Neuerungen betreffen das Kapitel 4, den Kontext der Organisation. Diese Orientierung nach aussen und innen, die Ber\u00fccksichtigung der relevanten Stakeholder und deren relevante Anforderungen sind eine klare Erweiterung, um die Kundenzufriedenheit zu erh\u00f6hen.<\/p>\n<p>&nbsp;<\/p>\n<p>Mit dem Kapitel 5 wird neu die F\u00fchrung der Organisation klarer adressiert. Dadurch werden die strategische F\u00fchrung und das Qualit\u00e4tsmanagement st\u00e4rker miteinander verkn\u00fcpft.<\/p>\n<p>&nbsp;<\/p>\n<p>Im Kapitel 6 Planung wird das risikobasierte Denken verankert, welches sich aus dem Kontext der Organisation ableiten soll. Dieses Konzept wird \u00fcber die Prozesse und dokumentierten Informationen weitergef\u00fchrt. Die Norm fordert jedoch keine formellen Methoden oder einen dokumentierten Risikomanagementprozess.<\/p>\n<p>&nbsp;<\/p>\n<p>Das Kapitel 7 Unterst\u00fctzung beschreibt das Thema Wissen: \u00abDie Organisation muss das Wissen bestimmen, das ben\u00f6tigt wird, um ihre Prozesse durchzuf\u00fchren und um die Konformit\u00e4t von Produkten und Dienstleistungen zu erreichen.\u00bb Auch hier wird keine Forderung nach einem umfassenden Wissensmanagement gestellt.<\/p>\n<p>&nbsp;<\/p>\n<p>Im Kapitel 8 wird das Thema Ent-wicklung viele Organisationen besch\u00e4ftigen. Es geht um die Anpassung oder Weiterentwicklung der Produkte und Dienstleistun<\/p>\n<p>&nbsp;<\/p>\n<p>gen. Diese Anforderung muss in Form eines Entwicklungsprozesses dokumentiert, umgesetzt und \u00fcberpr\u00fcft werden<\/p>\n<p>&nbsp;<\/p>\n<p>Im Kapitel 9 Bewertung der Leis tung ist der Aspekt der Bewertung neu. Diese Bewertung verlangt eine Beurteilung der vorliegenden Zahlen und Daten<\/p>\n<p><strong>EFQM Excellence Modell 2013<\/strong><br \/>\nUm Excellence im beschriebenen Sinn anzustreben, unterscheidet das EFQM Excellence Modell drei Elemente \u00e4hnlich wie die Norm ISO 9001:2015, welche deshalb in Klammern angef\u00fchrt sind: die Grundkonzepte der Excellence (Grunds\u00e4tze der ISO 9001:2015), das Kriterienmodell (Kapitel der Norm) sowie die RADAR-Logik (PDCA-Zyklus).<\/p>\n<p>&nbsp;<\/p>\n<p>Mit den acht Grundkonzepten wird Excellence greifbar. Sie sind<\/p>\n<p>&nbsp;<\/p>\n<p style=\"text-align: center\"><em><strong>Die Ergebniskriterien spezifizieren die Leis tung der Organisation<\/strong><\/em><\/p>\n<p>&nbsp;<\/p>\n<p>somit die Prinzipien f\u00fcr nachhaltigen Erfolg.<\/p>\n<p>&nbsp;<\/p>\n<p>Das Kriterienmodell (siehe Grafik 2) unterteilt sich in f\u00fcnf Bef\u00e4higerkriterien und vier Ergebniskriterien. Die Bef\u00e4higerkriterien gehen der Frage nach, was die Organisation macht oder eben bef\u00e4higt, um nachhaltig erfolgreich zu sein. Die Ergebniskriterien zeigen auf, was die Organisation misst, um sicherzustellen, dass die Strategie umgesetzt wird, die Ziele erreicht werden k\u00f6nnen und somit die Organisation auch in Zukunft erfolgreich sein wird. Diese 9 Kriterien unterteilen sich in 32 Teilkriterien, welche in der Grafik bei den Bef\u00e4higerkriterien stichwortartig aufgef\u00fchrt sind.<\/p>\n<p>&nbsp;<\/p>\n<p>Die RADAR-Logik bildet den Kern des EFQM Excellence Modells, wobei RADAR f\u00fcr Results (Ergebnisse), Approach (Vorgehen), Deployment (Umsetzung), Assess and Refine (Bewertung und Verbesserung) steht. Sie dient der Bewertung der Leistung sowohl in Bezug auf die Bef\u00e4higer- wie auch der Ergebniskriterien.<\/p>\n<p><strong>Ann\u00e4herung ISO 9001:2015 an das EFQM Excellence Modell<\/strong><br \/>\nAuch wenn die oben beschriebenen wesentlichen Neuerungen der ISO 9001:2015 nicht 1:1 im Kriterienmodell abgebildet sind, so l\u00e4sst die nachfolgende Zuordnung eine deutliche Ann\u00e4herung erkennen.<\/p>\n<p>&nbsp;<\/p>\n<p>Der Kontext der Organisation wird im Kriterium 1, F\u00fchrung, und insbesondere durch das pers\u00f6nliche Befassen der F\u00fchrungskr\u00e4fte mit den Interessengruppen ber\u00fccksichtigt. Anschliessend werden diese Informationen im Kriterium 2, Strategie, in einen systematischen Strategieprozess \u00fcber f\u00fchrt. Die Verkn\u00fcpfung zwischen F\u00fchrung und Managementsystem ist explizit im Teilkriterium 1b (Definition, \u00dcberpr\u00fcfung und Verbesserung des Management systems und der Leistung der Organisation) gefordert. Wie die Modellgraphik zeigt, sind auch Risiko- und Wissensmanagement auf der Bef\u00e4higerseite des Kriterienmodells ber\u00fccksichtigt. Die Entwicklung von Produkten und Dienstleistungen wird im Teilkriterium 5b gefordert. Die RADAR-Logik spiegelt den PDCA-Zyklus wider, fordert jedoch zus\u00e4tzlich strategisch relevante und messbare Ergebnisse. Neben den Schl\u00fcsselergebnissen ber\u00fccksichtigt das Kriterienmodell auch kunden-, mitarbeiter- und gesellschaftsbezogene Ergebnisse und erm\u00f6glicht so eine umfassende Bewertung der Leistung der Organisation.<\/p>\n<p>&nbsp;<\/p>\n<p><strong>Reifegradbestimmung durch Assessment<\/strong><br \/>\nUm den Reifegrad eines Managementsystems bewerten zu k\u00f6nnen, hat die EFQM den Assessment-Prozess definiert. Assessments k\u00f6nnen als Selbst- oder extern als Fremdbewertung durchgef\u00fchrt werden (siehe Grafik 3).<\/p>\n<p>&nbsp;<\/p>\n<p>Basis der Selbstbewertung bildet eine Erhebung der vorhandenen Unternehmensdaten und -instrumente anhand des Kriterienmodells. Gleichzeitig wird im Rahmen der sogenannten Schl\u00fcsselinformationen der Kontext der Organisation beschrieben. Anschliessend bewertet das Managementteam die gesammelten Daten mit Hilfe der RADAR-Logik auf Effizienz, Effektivit\u00e4t und Wirkung.<\/p>\n<p>&nbsp;<\/p>\n<p>Mit einer EFQM-Selbstbewertung, die im Idealfall in den strategischen Prozess integriert wird, identifizieren Unternehmen St\u00e4rken sowie Handlungsfelder, lernen was f\u00fcr den Unternehmenserfolg<\/p>\n<p>&nbsp;<\/p>\n<p style=\"text-align: center\"><strong><em>Dank der EFQM-Selbstbewertung individuelle Handlungsfelder erkennen.<\/em><\/strong><\/p>\n<p>&nbsp;<\/p>\n<p>wichtig ist, und k\u00f6nnen auf dieser Basis den Weg der kontinuierlichen Verbesserung in Abstimmung mit der strategischen Ausrichtung definieren und beschreiten.<\/p>\n<p>&nbsp;<\/p>\n<p>Um erfolgreich zu sein, ben\u00f6tigen alle Organisationen, unabh\u00e4ngig von Gr\u00f6sse und Struktur, ein geeignetes Managementsystem. Das EFQM Anerkennungs programm (Stufen der Excellence) macht Erfolge sichtbar. Unternehmen k\u00f6nnen nach einer EFQM-Selbstbewertung strategisch relevante Verbesserungsprojekte und deren Umsetzung extern beurteilen lassen (C2E), sich einem eint\u00e4gigen Assessment stellen (C2E 2 Stern) oder das Managementsystem in Form eines umfassenden Assessments (R4E) bewerten lassen. Reicht es in der heutigen Zeit, Anforderungen zu erf\u00fcllen, oder muss die Organisation nicht st\u00e4ndig besser werden, um auch morgen noch erfolgreich zu sein? Der EFQM-Ansatz bietet die M\u00f6glichkeit, das Unternehmen Schritt f\u00fcr Schritt in Richtung Business Excellence zu entwickeln. Die Ann\u00e4herung der Norm an den EFQM-Ansatz ist eine exzellente Chance, mit einer EFQM-Selbstbewertung die Synergien der beiden g\u00e4ngigsten Werkzeuge zum Thema Qualit\u00e4t zu nutzen.<\/p>\n","protected":false},"excerpt":{"rendered":"<p>&nbsp; &nbsp; &nbsp; ISO ist und bleibt ein Standard, welcher den Kunden in den Mittel punkt stellt. Es geht prim\u00e4r darum, kontinuierlich Produkte herstellen und liefern oder Dienstleistungen erbringen zu k\u00f6nnen, die die Anforderungen der Kunden und die zutreffenden gesetzlichen und beh\u00f6rdlichen Anforderungen erf\u00fcllen, Chancen und Risiken unter Ber\u00fccksichtigung des Kontextes wahrzunehmen und zu handeln, [&hellip;]<\/p>\n","protected":false},"author":66,"featured_media":11198,"comment_status":"closed","ping_status":"closed","sticky":false,"template":"","format":"standard","meta":{"_acf_changed":false,"footnotes":""},"categories":[5],"tags":[4771],"class_list":["post-11193","post","type-post","status-publish","format-standard","has-post-thumbnail","hentry","category-business_excellence","tag-1-2-2016"],"acf":[],"yoast_head":"<!-- This site is optimized with the Yoast SEO plugin v26.2 - https:\/\/yoast.com\/wordpress\/plugins\/seo\/ -->\n<title>Die Chance packen - MQ Management und Qualit\u00e4t<\/title>\n<meta name=\"description\" content=\"Seit September 2015 ist sie auch in der Schweiz publiziert, die Norm ISO 9001:2015. Sie enth\u00e4lt einige wesentliche Neuerungen, um die Kundenorientierung weiterzuentwickeln. Deshalb stehen den ISO- 9001:2008-zertifizierten Unternehmen drei Jahre seit der Lancierung f\u00fcr die Umstellung auf die neuen Anforderungen zur Verf\u00fcgung. Diese Zeit kann f\u00fcr eine Reifegradbestimmung des bestehenden zertifizierten oder nicht-zertifizierten Managementsystems genutzt werden, denn die Ann\u00e4herung der ISO an den EFQM-Ansatz ist deutlich erkennbar.\" \/>\n<meta name=\"robots\" content=\"index, follow, max-snippet:-1, max-image-preview:large, max-video-preview:-1\" \/>\n<link rel=\"canonical\" href=\"https:\/\/www.m-q.ch\/de\/die-chance-packen\/\" \/>\n<meta property=\"og:locale\" content=\"de_DE\" \/>\n<meta property=\"og:type\" content=\"article\" \/>\n<meta property=\"og:title\" content=\"Die Chance packen - MQ Management und Qualit\u00e4t\" \/>\n<meta property=\"og:description\" content=\"Seit September 2015 ist sie auch in der Schweiz publiziert, die Norm ISO 9001:2015. Sie enth\u00e4lt einige wesentliche Neuerungen, um die Kundenorientierung weiterzuentwickeln. Deshalb stehen den ISO- 9001:2008-zertifizierten Unternehmen drei Jahre seit der Lancierung f\u00fcr die Umstellung auf die neuen Anforderungen zur Verf\u00fcgung. Diese Zeit kann f\u00fcr eine Reifegradbestimmung des bestehenden zertifizierten oder nicht-zertifizierten Managementsystems genutzt werden, denn die Ann\u00e4herung der ISO an den EFQM-Ansatz ist deutlich erkennbar.\" \/>\n<meta property=\"og:url\" content=\"https:\/\/www.m-q.ch\/de\/die-chance-packen\/\" \/>\n<meta property=\"og:site_name\" content=\"MQ Management und Qualit\u00e4t\" \/>\n<meta property=\"article:publisher\" content=\"https:\/\/www.facebook.com\/ManagementUndQualitaet\" \/>\n<meta property=\"article:published_time\" content=\"2016-01-09T14:07:03+00:00\" \/>\n<meta property=\"article:modified_time\" content=\"2021-02-12T14:50:07+00:00\" \/>\n<meta property=\"og:image\" content=\"https:\/\/www.m-q.ch\/wp-content\/uploads\/2021\/02\/Die-Chance-packen.jpg\" \/>\n\t<meta property=\"og:image:width\" content=\"845\" \/>\n\t<meta property=\"og:image:height\" content=\"719\" \/>\n\t<meta property=\"og:image:type\" content=\"image\/jpeg\" \/>\n<meta name=\"author\" content=\"upwork_1\" \/>\n<meta name=\"twitter:card\" content=\"summary_large_image\" \/>\n<meta name=\"twitter:label1\" content=\"Verfasst von\" \/>\n\t<meta name=\"twitter:data1\" content=\"upwork_1\" \/>\n\t<meta name=\"twitter:label2\" content=\"Gesch\u00e4tzte Lesezeit\" \/>\n\t<meta name=\"twitter:data2\" content=\"5\u00a0Minuten\" \/>\n<script type=\"application\/ld+json\" class=\"yoast-schema-graph\">{\"@context\":\"https:\/\/schema.org\",\"@graph\":[{\"@type\":\"Article\",\"@id\":\"https:\/\/www.m-q.ch\/die-chance-packen\/#article\",\"isPartOf\":{\"@id\":\"https:\/\/www.m-q.ch\/die-chance-packen\/\"},\"author\":{\"name\":\"upwork_1\",\"@id\":\"https:\/\/www.m-q.ch\/fr\/#\/schema\/person\/0bdf39ca27d0b9b779f5b8af54b3f7d7\"},\"headline\":\"Die Chance packen\",\"datePublished\":\"2016-01-09T14:07:03+00:00\",\"dateModified\":\"2021-02-12T14:50:07+00:00\",\"mainEntityOfPage\":{\"@id\":\"https:\/\/www.m-q.ch\/die-chance-packen\/\"},\"wordCount\":1053,\"publisher\":{\"@id\":\"https:\/\/www.m-q.ch\/fr\/#organization\"},\"image\":{\"@id\":\"https:\/\/www.m-q.ch\/die-chance-packen\/#primaryimage\"},\"thumbnailUrl\":\"https:\/\/www.m-q.ch\/wp-content\/uploads\/2021\/02\/Die-Chance-packen.jpg\",\"keywords\":[\"1\u20132\/2016\"],\"articleSection\":[\"Business Excellence\"],\"inLanguage\":\"de\"},{\"@type\":\"WebPage\",\"@id\":\"https:\/\/www.m-q.ch\/die-chance-packen\/\",\"url\":\"https:\/\/www.m-q.ch\/die-chance-packen\/\",\"name\":\"Die Chance packen - MQ Management und Qualit\u00e4t\",\"isPartOf\":{\"@id\":\"https:\/\/www.m-q.ch\/fr\/#website\"},\"primaryImageOfPage\":{\"@id\":\"https:\/\/www.m-q.ch\/die-chance-packen\/#primaryimage\"},\"image\":{\"@id\":\"https:\/\/www.m-q.ch\/die-chance-packen\/#primaryimage\"},\"thumbnailUrl\":\"https:\/\/www.m-q.ch\/wp-content\/uploads\/2021\/02\/Die-Chance-packen.jpg\",\"datePublished\":\"2016-01-09T14:07:03+00:00\",\"dateModified\":\"2021-02-12T14:50:07+00:00\",\"description\":\"Seit September 2015 ist sie auch in der Schweiz publiziert, die Norm ISO 9001:2015. Sie enth\u00e4lt einige wesentliche Neuerungen, um die Kundenorientierung weiterzuentwickeln. Deshalb stehen den ISO- 9001:2008-zertifizierten Unternehmen drei Jahre seit der Lancierung f\u00fcr die Umstellung auf die neuen Anforderungen zur Verf\u00fcgung. Diese Zeit kann f\u00fcr eine Reifegradbestimmung des bestehenden zertifizierten oder nicht-zertifizierten Managementsystems genutzt werden, denn die Ann\u00e4herung der ISO an den EFQM-Ansatz ist deutlich erkennbar.\",\"breadcrumb\":{\"@id\":\"https:\/\/www.m-q.ch\/die-chance-packen\/#breadcrumb\"},\"inLanguage\":\"de\",\"potentialAction\":[{\"@type\":\"ReadAction\",\"target\":[\"https:\/\/www.m-q.ch\/die-chance-packen\/\"]}]},{\"@type\":\"ImageObject\",\"inLanguage\":\"de\",\"@id\":\"https:\/\/www.m-q.ch\/die-chance-packen\/#primaryimage\",\"url\":\"https:\/\/www.m-q.ch\/wp-content\/uploads\/2021\/02\/Die-Chance-packen.jpg\",\"contentUrl\":\"https:\/\/www.m-q.ch\/wp-content\/uploads\/2021\/02\/Die-Chance-packen.jpg\",\"width\":845,\"height\":719,\"caption\":\"Die Chance packen\"},{\"@type\":\"BreadcrumbList\",\"@id\":\"https:\/\/www.m-q.ch\/die-chance-packen\/#breadcrumb\",\"itemListElement\":[{\"@type\":\"ListItem\",\"position\":1,\"name\":\"Business Excellence\",\"item\":\"https:\/\/www.m-q.ch\/kategorie\/business_excellence\/\"},{\"@type\":\"ListItem\",\"position\":2,\"name\":\"Die Chance packen\"}]},{\"@type\":\"WebSite\",\"@id\":\"https:\/\/www.m-q.ch\/fr\/#website\",\"url\":\"https:\/\/www.m-q.ch\/fr\/\",\"name\":\"MQ Management und Qualit\u00e4t\",\"description\":\"Plattform f\u00fcr integrierte Managementsysteme.\",\"publisher\":{\"@id\":\"https:\/\/www.m-q.ch\/fr\/#organization\"},\"potentialAction\":[{\"@type\":\"SearchAction\",\"target\":{\"@type\":\"EntryPoint\",\"urlTemplate\":\"https:\/\/www.m-q.ch\/fr\/?s={search_term_string}\"},\"query-input\":{\"@type\":\"PropertyValueSpecification\",\"valueRequired\":true,\"valueName\":\"search_term_string\"}}],\"inLanguage\":\"de\"},{\"@type\":\"Organization\",\"@id\":\"https:\/\/www.m-q.ch\/fr\/#organization\",\"name\":\"Galledia Fachmedien AG\",\"url\":\"https:\/\/www.m-q.ch\/fr\/\",\"logo\":{\"@type\":\"ImageObject\",\"inLanguage\":\"de\",\"@id\":\"https:\/\/www.m-q.ch\/fr\/#\/schema\/logo\/image\/\",\"url\":\"https:\/\/www.m-q.ch\/wp-content\/uploads\/2020\/12\/cropped-logo_small.png\",\"contentUrl\":\"https:\/\/www.m-q.ch\/wp-content\/uploads\/2020\/12\/cropped-logo_small.png\",\"width\":512,\"height\":512,\"caption\":\"Galledia Fachmedien AG\"},\"image\":{\"@id\":\"https:\/\/www.m-q.ch\/fr\/#\/schema\/logo\/image\/\"},\"sameAs\":[\"https:\/\/www.facebook.com\/ManagementUndQualitaet\",\"https:\/\/www.linkedin.com\/showcase\/17982321\/admin\/\"]},{\"@type\":\"Person\",\"@id\":\"https:\/\/www.m-q.ch\/fr\/#\/schema\/person\/0bdf39ca27d0b9b779f5b8af54b3f7d7\",\"name\":\"upwork_1\",\"image\":{\"@type\":\"ImageObject\",\"inLanguage\":\"de\",\"@id\":\"https:\/\/www.m-q.ch\/fr\/#\/schema\/person\/image\/\",\"url\":\"https:\/\/secure.gravatar.com\/avatar\/04d4d0fdc5886d535809f17d0eace7f6?s=96&d=mm&r=g\",\"contentUrl\":\"https:\/\/secure.gravatar.com\/avatar\/04d4d0fdc5886d535809f17d0eace7f6?s=96&d=mm&r=g\",\"caption\":\"upwork_1\"},\"url\":\"https:\/\/www.m-q.ch\/de\/author\/upwork_1\/\"}]}<\/script>\n<!-- \/ Yoast SEO plugin. -->","yoast_head_json":{"title":"Die Chance packen - MQ Management und Qualit\u00e4t","description":"Seit September 2015 ist sie auch in der Schweiz publiziert, die Norm ISO 9001:2015. Sie enth\u00e4lt einige wesentliche Neuerungen, um die Kundenorientierung weiterzuentwickeln. Deshalb stehen den ISO- 9001:2008-zertifizierten Unternehmen drei Jahre seit der Lancierung f\u00fcr die Umstellung auf die neuen Anforderungen zur Verf\u00fcgung. Diese Zeit kann f\u00fcr eine Reifegradbestimmung des bestehenden zertifizierten oder nicht-zertifizierten Managementsystems genutzt werden, denn die Ann\u00e4herung der ISO an den EFQM-Ansatz ist deutlich erkennbar.","robots":{"index":"index","follow":"follow","max-snippet":"max-snippet:-1","max-image-preview":"max-image-preview:large","max-video-preview":"max-video-preview:-1"},"canonical":"https:\/\/www.m-q.ch\/de\/die-chance-packen\/","og_locale":"de_DE","og_type":"article","og_title":"Die Chance packen - MQ Management und Qualit\u00e4t","og_description":"Seit September 2015 ist sie auch in der Schweiz publiziert, die Norm ISO 9001:2015. Sie enth\u00e4lt einige wesentliche Neuerungen, um die Kundenorientierung weiterzuentwickeln. Deshalb stehen den ISO- 9001:2008-zertifizierten Unternehmen drei Jahre seit der Lancierung f\u00fcr die Umstellung auf die neuen Anforderungen zur Verf\u00fcgung. Diese Zeit kann f\u00fcr eine Reifegradbestimmung des bestehenden zertifizierten oder nicht-zertifizierten Managementsystems genutzt werden, denn die Ann\u00e4herung der ISO an den EFQM-Ansatz ist deutlich erkennbar.","og_url":"https:\/\/www.m-q.ch\/de\/die-chance-packen\/","og_site_name":"MQ Management und Qualit\u00e4t","article_publisher":"https:\/\/www.facebook.com\/ManagementUndQualitaet","article_published_time":"2016-01-09T14:07:03+00:00","article_modified_time":"2021-02-12T14:50:07+00:00","og_image":[{"width":845,"height":719,"url":"https:\/\/www.m-q.ch\/wp-content\/uploads\/2021\/02\/Die-Chance-packen.jpg","type":"image\/jpeg"}],"author":"upwork_1","twitter_card":"summary_large_image","twitter_misc":{"Verfasst von":"upwork_1","Gesch\u00e4tzte Lesezeit":"5\u00a0Minuten"},"schema":{"@context":"https:\/\/schema.org","@graph":[{"@type":"Article","@id":"https:\/\/www.m-q.ch\/die-chance-packen\/#article","isPartOf":{"@id":"https:\/\/www.m-q.ch\/die-chance-packen\/"},"author":{"name":"upwork_1","@id":"https:\/\/www.m-q.ch\/fr\/#\/schema\/person\/0bdf39ca27d0b9b779f5b8af54b3f7d7"},"headline":"Die Chance packen","datePublished":"2016-01-09T14:07:03+00:00","dateModified":"2021-02-12T14:50:07+00:00","mainEntityOfPage":{"@id":"https:\/\/www.m-q.ch\/die-chance-packen\/"},"wordCount":1053,"publisher":{"@id":"https:\/\/www.m-q.ch\/fr\/#organization"},"image":{"@id":"https:\/\/www.m-q.ch\/die-chance-packen\/#primaryimage"},"thumbnailUrl":"https:\/\/www.m-q.ch\/wp-content\/uploads\/2021\/02\/Die-Chance-packen.jpg","keywords":["1\u20132\/2016"],"articleSection":["Business Excellence"],"inLanguage":"de"},{"@type":"WebPage","@id":"https:\/\/www.m-q.ch\/die-chance-packen\/","url":"https:\/\/www.m-q.ch\/die-chance-packen\/","name":"Die Chance packen - MQ Management und Qualit\u00e4t","isPartOf":{"@id":"https:\/\/www.m-q.ch\/fr\/#website"},"primaryImageOfPage":{"@id":"https:\/\/www.m-q.ch\/die-chance-packen\/#primaryimage"},"image":{"@id":"https:\/\/www.m-q.ch\/die-chance-packen\/#primaryimage"},"thumbnailUrl":"https:\/\/www.m-q.ch\/wp-content\/uploads\/2021\/02\/Die-Chance-packen.jpg","datePublished":"2016-01-09T14:07:03+00:00","dateModified":"2021-02-12T14:50:07+00:00","description":"Seit September 2015 ist sie auch in der Schweiz publiziert, die Norm ISO 9001:2015. Sie enth\u00e4lt einige wesentliche Neuerungen, um die Kundenorientierung weiterzuentwickeln. Deshalb stehen den ISO- 9001:2008-zertifizierten Unternehmen drei Jahre seit der Lancierung f\u00fcr die Umstellung auf die neuen Anforderungen zur Verf\u00fcgung. Diese Zeit kann f\u00fcr eine Reifegradbestimmung des bestehenden zertifizierten oder nicht-zertifizierten Managementsystems genutzt werden, denn die Ann\u00e4herung der ISO an den EFQM-Ansatz ist deutlich erkennbar.","breadcrumb":{"@id":"https:\/\/www.m-q.ch\/die-chance-packen\/#breadcrumb"},"inLanguage":"de","potentialAction":[{"@type":"ReadAction","target":["https:\/\/www.m-q.ch\/die-chance-packen\/"]}]},{"@type":"ImageObject","inLanguage":"de","@id":"https:\/\/www.m-q.ch\/die-chance-packen\/#primaryimage","url":"https:\/\/www.m-q.ch\/wp-content\/uploads\/2021\/02\/Die-Chance-packen.jpg","contentUrl":"https:\/\/www.m-q.ch\/wp-content\/uploads\/2021\/02\/Die-Chance-packen.jpg","width":845,"height":719,"caption":"Die Chance packen"},{"@type":"BreadcrumbList","@id":"https:\/\/www.m-q.ch\/die-chance-packen\/#breadcrumb","itemListElement":[{"@type":"ListItem","position":1,"name":"Business Excellence","item":"https:\/\/www.m-q.ch\/kategorie\/business_excellence\/"},{"@type":"ListItem","position":2,"name":"Die Chance packen"}]},{"@type":"WebSite","@id":"https:\/\/www.m-q.ch\/fr\/#website","url":"https:\/\/www.m-q.ch\/fr\/","name":"MQ Management und Qualit\u00e4t","description":"Plattform f\u00fcr integrierte Managementsysteme.","publisher":{"@id":"https:\/\/www.m-q.ch\/fr\/#organization"},"potentialAction":[{"@type":"SearchAction","target":{"@type":"EntryPoint","urlTemplate":"https:\/\/www.m-q.ch\/fr\/?s={search_term_string}"},"query-input":{"@type":"PropertyValueSpecification","valueRequired":true,"valueName":"search_term_string"}}],"inLanguage":"de"},{"@type":"Organization","@id":"https:\/\/www.m-q.ch\/fr\/#organization","name":"Galledia Fachmedien AG","url":"https:\/\/www.m-q.ch\/fr\/","logo":{"@type":"ImageObject","inLanguage":"de","@id":"https:\/\/www.m-q.ch\/fr\/#\/schema\/logo\/image\/","url":"https:\/\/www.m-q.ch\/wp-content\/uploads\/2020\/12\/cropped-logo_small.png","contentUrl":"https:\/\/www.m-q.ch\/wp-content\/uploads\/2020\/12\/cropped-logo_small.png","width":512,"height":512,"caption":"Galledia Fachmedien AG"},"image":{"@id":"https:\/\/www.m-q.ch\/fr\/#\/schema\/logo\/image\/"},"sameAs":["https:\/\/www.facebook.com\/ManagementUndQualitaet","https:\/\/www.linkedin.com\/showcase\/17982321\/admin\/"]},{"@type":"Person","@id":"https:\/\/www.m-q.ch\/fr\/#\/schema\/person\/0bdf39ca27d0b9b779f5b8af54b3f7d7","name":"upwork_1","image":{"@type":"ImageObject","inLanguage":"de","@id":"https:\/\/www.m-q.ch\/fr\/#\/schema\/person\/image\/","url":"https:\/\/secure.gravatar.com\/avatar\/04d4d0fdc5886d535809f17d0eace7f6?s=96&d=mm&r=g","contentUrl":"https:\/\/secure.gravatar.com\/avatar\/04d4d0fdc5886d535809f17d0eace7f6?s=96&d=mm&r=g","caption":"upwork_1"},"url":"https:\/\/www.m-q.ch\/de\/author\/upwork_1\/"}]}},"_links":{"self":[{"href":"https:\/\/www.m-q.ch\/de\/wp-json\/wp\/v2\/posts\/11193","targetHints":{"allow":["GET"]}}],"collection":[{"href":"https:\/\/www.m-q.ch\/de\/wp-json\/wp\/v2\/posts"}],"about":[{"href":"https:\/\/www.m-q.ch\/de\/wp-json\/wp\/v2\/types\/post"}],"author":[{"embeddable":true,"href":"https:\/\/www.m-q.ch\/de\/wp-json\/wp\/v2\/users\/66"}],"replies":[{"embeddable":true,"href":"https:\/\/www.m-q.ch\/de\/wp-json\/wp\/v2\/comments?post=11193"}],"version-history":[{"count":5,"href":"https:\/\/www.m-q.ch\/de\/wp-json\/wp\/v2\/posts\/11193\/revisions"}],"predecessor-version":[{"id":11221,"href":"https:\/\/www.m-q.ch\/de\/wp-json\/wp\/v2\/posts\/11193\/revisions\/11221"}],"wp:featuredmedia":[{"embeddable":true,"href":"https:\/\/www.m-q.ch\/de\/wp-json\/wp\/v2\/media\/11198"}],"wp:attachment":[{"href":"https:\/\/www.m-q.ch\/de\/wp-json\/wp\/v2\/media?parent=11193"}],"wp:term":[{"taxonomy":"category","embeddable":true,"href":"https:\/\/www.m-q.ch\/de\/wp-json\/wp\/v2\/categories?post=11193"},{"taxonomy":"post_tag","embeddable":true,"href":"https:\/\/www.m-q.ch\/de\/wp-json\/wp\/v2\/tags?post=11193"}],"curies":[{"name":"wp","href":"https:\/\/api.w.org\/{rel}","templated":true}]}}