{"id":11234,"date":"2017-04-09T07:30:56","date_gmt":"2017-04-09T05:30:56","guid":{"rendered":"https:\/\/www.m-q.ch\/?p=11234"},"modified":"2021-02-13T07:42:12","modified_gmt":"2021-02-13T06:42:12","slug":"frauen-und-aeltere-mitarbeitende-foerdern","status":"publish","type":"post","link":"https:\/\/www.m-q.ch\/de\/frauen-und-aeltere-mitarbeitende-foerdern\/","title":{"rendered":"Frauen und \u00e4ltere Mitarbeitende f\u00f6rdern"},"content":{"rendered":"<p><img loading=\"lazy\" decoding=\"async\" class=\"alignnone size-full wp-image-11244\" src=\"https:\/\/www.m-q.ch\/wp-content\/uploads\/2021\/02\/Frauen-und-aeltere-Mitarbeitende-foerdern.jpg\" alt=\"Frauen und \u00e4ltere Mitarbeitende f\u00f6rdern\" width=\"826\" height=\"563\" srcset=\"https:\/\/www.m-q.ch\/wp-content\/uploads\/2021\/02\/Frauen-und-aeltere-Mitarbeitende-foerdern.jpg 826w, https:\/\/www.m-q.ch\/wp-content\/uploads\/2021\/02\/Frauen-und-aeltere-Mitarbeitende-foerdern-768x523.jpg 768w, https:\/\/www.m-q.ch\/wp-content\/uploads\/2021\/02\/Frauen-und-aeltere-Mitarbeitende-foerdern-16x12.jpg 16w, https:\/\/www.m-q.ch\/wp-content\/uploads\/2021\/02\/Frauen-und-aeltere-Mitarbeitende-foerdern-257x175.jpg 257w, https:\/\/www.m-q.ch\/wp-content\/uploads\/2021\/02\/Frauen-und-aeltere-Mitarbeitende-foerdern-513x350.jpg 513w, https:\/\/www.m-q.ch\/wp-content\/uploads\/2021\/02\/Frauen-und-aeltere-Mitarbeitende-foerdern-300x204.jpg 300w\" sizes=\"auto, (max-width: 826px) 100vw, 826px\" \/><\/p>\n<p>&nbsp;<\/p>\n<p>&nbsp;<\/p>\n<p>Das Institut f\u00fcr Finanzdienstleistungen Zug IFZ der Hochschule Luzern hat im vergangenen Jahr zum dritten Mal Daten f\u00fcr den Diversity Index (siehe Kasten) erhoben. Das Ziel des Diversity Index ist es, die Hetero\u00ad genit\u00e4t der Belegschaft in Organisationen zu messen und diese mittels einer Kennzahl abzubilden. In einer Online-Umfrage beantworten die teilnehmenden Unternehmen rund 50 Fragen zur allgemeinen Organi-sation des Unternehmens, zum Diversity Management, zu den Kriteri-en Alter, Geschlecht, Nationalit\u00e4t, Religion sowie Gesundheit.<\/p>\n<p>&nbsp;<\/p>\n<p>F\u00fcr jene Unternehmen, die an der aktuellen Umfrage teilgenom-men haben, erzeugt Diversity Management einen grossen Nutzen (sie-he Abbildung). Einerseits ist Diversity Management f\u00fcr die Personal-politik von grosser Bedeutung. Anderseits kommt klar zum Ausdruck, dass daraus auch Vorteile f\u00fcr das Unternehmen insgesamt resultieren.<\/p>\n<p>&nbsp;<\/p>\n<p>Die Erkenntnisse aus der dritten Erhebung des Diversity Index sind vielf\u00e4ltig. In diesem Artikel liegt der Fokus auf dem Diversity Ma-nagement, dem Geschlecht und dem Alter. Basierend auf den Ergeb-nissen werden f\u00fcr jede Dimension Handlungsempfehlungen bez\u00fcg-lich der Personalrekrutierung formuliert.<\/p>\n<p><strong>Diversity-Kultur: Wie kann Wandel gelingen?<\/strong><br \/>\nUnternehmen, welche sich an der Spitze des dritten Diversity Inde-xes befinden, schneiden gut bez\u00fcglich der Verankerung von Diver-sity im Management und in der Aufbauorganisation ab. Es kommt klar zum Ausdruck, dass eine heterogene Belegschaft und der ent-sprechende Nutzen aus dieser Diversity f\u00fcr die Organisation insbe-<\/p>\n<p>&nbsp;<\/p>\n<p><em><strong>\u00abDiversity-\u00dcberlegungen stellen im Rekrutierungsprozess eine wichtige Komponente dar.\u00bb<\/strong><\/em><\/p>\n<p>&nbsp;<\/p>\n<p>sondere dann zum Tragen kommen, wenn Diversity nachhaltig ge-lebt wird. Das beinhaltet z.B. eine eigene Diversity-Abteilung, wel-che direkt an die Gesch\u00e4ftsleitung rapportiert, oder das explizite Festhalten der Diversity-Prinzipien im Unternehmensleitbild, in der Unternehmensstrategie oder anderen \u00fcbergeordneten Doku-menten mit strategischer Relevanz. Somit ist ein Diversity-Konzept insbesondere dann erfolgreich, wenn das Thema aktiv gelebt und insbesondere von der Unternehmensf\u00fchrung ernst genommen und entsprechend umgesetzt wird. Ebenfalls zentral f\u00fcr ein erfolgrei-ches Diversity Management ist die Kontinuit\u00e4t der Massnahmen, da sich entsprechend positive Effekte nicht innert kurzer Frist realisie-ren lassen.<\/p>\n<p>&nbsp;<\/p>\n<p>Entsprechend stellen Diversity-\u00dcberlegungen im Rekrutie-rungsprozess zweifellos eine wichtige Komponente dar. Jedoch be-schr\u00e4nken sich allf\u00e4llige Massnahmen nicht auf diesen Zeitpunkt. Eine erfolgreich gelebte Diversity-Kultur muss in der gesamten Personalentwicklung reflektiert sein, was sich wiederum positiv auf die Reputation der Organisation auf dem Arbeitsmarkt aus-wirkt.<\/p>\n<p><strong>Tiefer Frauenanteil und kaum M\u00fctter in den Gesch\u00e4ftsleitungen und dem VR<\/strong><br \/>\nBez\u00fcglich der Genderperspektive bringt die Erhebung deutlich zum Ausdruck, dass ab der Hierarchiestufe mit F\u00fchrungsverantwortung aufw\u00e4rts weniger Frauen als M\u00e4nner besch\u00e4ftigt werden. Innerhalb der befragten Firmen liegt der Frauenanteil insgesamt bei rund 37 Prozent, wovon die Mehrheit keine F\u00fchrungsposition innehat. In der Gesch\u00e4ftsleitung (GL) und im Verwaltungsrat (VR) ist der Frauen\u00ad anteil nach wie vor tief.<\/p>\n<p>&nbsp;<\/p>\n<p>Die tiefen Frauenanteile sind erstaunlich. Denn 97 Prozent der befragten Organisationen haben gem\u00e4ss eigenen Angaben Massnah-men zur Vereinbarkeit von Beruf und Familie ergriffen. 59 Prozent verf\u00fcgen zudem \u00fcber Ziele bez\u00fcglich der Geschlechterverteilungen, teilweise gar mit lohnrelevanten Konsequenzen f\u00fcr die Verantwortli-chen bei Nichterf\u00fcllung.<\/p>\n<p>&nbsp;<\/p>\n<p>Bez\u00fcglich der Elternschaft bestehen ebenfalls grosse Ungleichge-wichte. Durchschnittlich rund 33 Prozent der Frauen und 42 Prozent der M\u00e4nner der untersuchten Unternehmen haben Kinder. Bei h\u00f6he-ren Positionen f\u00e4llt der Unterschied noch deutlicher aus: Nur ein Vier-tel der auf den oberen Hierarchiestufen t\u00e4tigen Frauen sind M\u00fctter, aber \u00fcber die H\u00e4lfte der dort arbeitenden M\u00e4nner sind V\u00e4ter. Weiter kehrt jede dritte Frau nach der Mutterschaft nicht zur Arbeit zur\u00fcck. Von den R\u00fcckkehrerinnen arbeiten nach einem Jahr durchschnittlich 86 Prozent noch im gleichen Unternehmen. Trotzdem: Aufgrund die-ser beiden Umfrageergebnisse l\u00e4sst sich folgern, dass im gleichen Un-ternehmen ein Jahr nach der Mutterschaft durchschnittlich nur noch rund 56 Prozent der Frauen arbeiten. Mit dem Verlust dieser Frauen geht wertvolles und oft langj\u00e4hrig aufgebautes unternehmensspezifi-sches Know-how verloren. Insbesondere im Hinblick auf den demo-graphischen Wandel und den sich abzeichnenden Fachkr\u00e4ftemangel sollte diesem Umstand unbedingt entgegengewirkt werden.<\/p>\n<p>&nbsp;<\/p>\n<p>Die Zahlen machen deutlich, dass im Bereich Gender trotz einer Vielzahl eingef\u00fchrter Massnahmen und entsprechender Fortschritte weiteres Aufholpotenzial besteht. Die entsprechenden Massnahmen beziehen sich nur bedingt auf die Rekrutierung von j\u00fcngeren Arbeits-kr\u00e4ften. Vielmehr sollten die Unternehmen vermehrt auch bei der Wei-terentwicklung des Personals ansetzen, Frauen innerhalb der Organi-sation weiter f\u00f6rdern und Stellen mit entsprechender Flexibilit\u00e4t be-reitstellen. Viele Frauen kommen nach wie vor kaum \u00fcber das mittlere<\/p>\n<p>&nbsp;<\/p>\n<p>Management hinaus \u2013 insbesondere, wenn sie M\u00fctter sind. Massnah-men wie flexible Arbeitszeitmodelle und Teilzeit, welche grunds\u00e4tzlich f\u00fcr beide Geschlechter und auch f\u00fcr hoch qualifizierte Arbeitnehmen-de angeboten werden sollten, sind f\u00fcr die Organisationen zentral, um sich k\u00fcnftig als attraktive Arbeitgeberinnen zu positionieren.<\/p>\n<p><strong>Alter: Wissen der \u00e4lteren Mitarbeitenden nutzen<\/strong><br \/>\nDas Durchschnittsalter der Mitarbeitenden (ohne VR) \u00fcber alle be-fragten Organisationen hinweg betr\u00e4gt rund 41 Jahre, wobei F\u00fch-rungspersonen im Schnitt rund 51 Jahre alt sind. Im Hinblick auf die alternde Gesellschaft interessiert insbesondere auch der Anteil der Mitarbeitenden 50+. Dieser Anteil liegt gesamthaft bei rund 25 Pro-zent und bei rund 30 Prozent bei F\u00fchrungspersonen. Alle teilneh-menden Unternehmen haben angegeben, w\u00e4hrend der letzten f\u00fcnf Jahre Arbeitskr\u00e4fte, die 50 Jahre oder \u00e4lter sind, eingestellt zu haben, und \u00fcber 87 Prozent unterst\u00fctzen ihre \u00e4lteren Mitarbeitenden in Be-zug auf den Erhalt ihrer Arbeitsmarktf\u00e4higkeit. Dies ist insbesondere im Zuge der sich anbahnenden Ver\u00e4nderungen in der Arbeitswelt, u.a. im Zusammenhang mit der Digitalisierung und einer h\u00f6heren notwendigen Jobmobilit\u00e4t, sehr wichtig. Bei der Personalrekrutie-rung wiederum sollte der Fokus vermehrt auf \u00e4ltere Mitarbeitende gelegt werden, um deren Wissen f\u00fcr die optimale Unterst\u00fctzung der Nachwuchskr\u00e4fte und zum Wohl der Organisation einsetzen zu k\u00f6n-nen. Die Resultate zeigen, dass Diversity Management klar einen Nutzen stiftet. Jedoch ist das Potenzial noch lange nicht ausgesch\u00f6pft, und diesbez\u00fcglich bedarf es noch viel Aufkl\u00e4rungsarbeit.<\/p>\n<p>&nbsp;<\/p>\n<p>&nbsp;<\/p>\n","protected":false},"excerpt":{"rendered":"<p>&nbsp; &nbsp; Das Institut f\u00fcr Finanzdienstleistungen Zug IFZ der Hochschule Luzern hat im vergangenen Jahr zum dritten Mal Daten f\u00fcr den Diversity Index (siehe Kasten) erhoben. Das Ziel des Diversity Index ist es, die Hetero\u00ad genit\u00e4t der Belegschaft in Organisationen zu messen und diese mittels einer Kennzahl abzubilden. In einer Online-Umfrage beantworten die teilnehmenden Unternehmen [&hellip;]<\/p>\n","protected":false},"author":62,"featured_media":11244,"comment_status":"closed","ping_status":"closed","sticky":false,"template":"","format":"standard","meta":{"_acf_changed":false,"footnotes":""},"categories":[5],"tags":[4772],"class_list":["post-11234","post","type-post","status-publish","format-standard","has-post-thumbnail","hentry","category-business_excellence","tag-04-2017"],"acf":[],"yoast_head":"<!-- This site is optimized with the Yoast SEO plugin v26.2 - https:\/\/yoast.com\/wordpress\/plugins\/seo\/ -->\n<title>Frauen und \u00e4ltere Mitarbeitende f\u00f6rdern - MQ Management und Qualit\u00e4t<\/title>\n<meta name=\"description\" content=\"Der Diversity Index der Hochschule Luzern misst die Heterogenit\u00e4t der Belegschaft eines Unternehmens. Die aktuelle Umfrage bei 37 Betrieben zeigt, dass auch nach Jahren der Gender-Diskussionen eine Mutterschaft vielfach das Ende einer Karriere bedeutet.\" \/>\n<meta name=\"robots\" content=\"index, follow, max-snippet:-1, max-image-preview:large, max-video-preview:-1\" \/>\n<link rel=\"canonical\" href=\"https:\/\/www.m-q.ch\/de\/frauen-und-aeltere-mitarbeitende-foerdern\/\" \/>\n<meta property=\"og:locale\" content=\"de_DE\" \/>\n<meta property=\"og:type\" content=\"article\" \/>\n<meta property=\"og:title\" content=\"Frauen und \u00e4ltere Mitarbeitende f\u00f6rdern - MQ Management und Qualit\u00e4t\" \/>\n<meta property=\"og:description\" content=\"Der Diversity Index der Hochschule Luzern misst die Heterogenit\u00e4t der Belegschaft eines Unternehmens. Die aktuelle Umfrage bei 37 Betrieben zeigt, dass auch nach Jahren der Gender-Diskussionen eine Mutterschaft vielfach das Ende einer Karriere bedeutet.\" \/>\n<meta property=\"og:url\" content=\"https:\/\/www.m-q.ch\/de\/frauen-und-aeltere-mitarbeitende-foerdern\/\" \/>\n<meta property=\"og:site_name\" content=\"MQ Management und Qualit\u00e4t\" \/>\n<meta property=\"article:publisher\" content=\"https:\/\/www.facebook.com\/ManagementUndQualitaet\" \/>\n<meta property=\"article:published_time\" content=\"2017-04-09T05:30:56+00:00\" \/>\n<meta property=\"article:modified_time\" content=\"2021-02-13T06:42:12+00:00\" \/>\n<meta property=\"og:image\" content=\"https:\/\/www.m-q.ch\/wp-content\/uploads\/2021\/02\/Frauen-und-aeltere-Mitarbeitende-foerdern.jpg\" \/>\n\t<meta property=\"og:image:width\" content=\"826\" \/>\n\t<meta property=\"og:image:height\" content=\"563\" \/>\n\t<meta property=\"og:image:type\" content=\"image\/jpeg\" \/>\n<meta name=\"author\" content=\"upwork_2\" \/>\n<meta name=\"twitter:card\" content=\"summary_large_image\" \/>\n<meta name=\"twitter:label1\" content=\"Verfasst von\" \/>\n\t<meta name=\"twitter:data1\" content=\"upwork_2\" \/>\n\t<meta name=\"twitter:label2\" content=\"Gesch\u00e4tzte Lesezeit\" \/>\n\t<meta name=\"twitter:data2\" content=\"5\u00a0Minuten\" \/>\n<script type=\"application\/ld+json\" class=\"yoast-schema-graph\">{\"@context\":\"https:\/\/schema.org\",\"@graph\":[{\"@type\":\"Article\",\"@id\":\"https:\/\/www.m-q.ch\/frauen-und-aeltere-mitarbeitende-foerdern\/#article\",\"isPartOf\":{\"@id\":\"https:\/\/www.m-q.ch\/frauen-und-aeltere-mitarbeitende-foerdern\/\"},\"author\":{\"name\":\"upwork_2\",\"@id\":\"https:\/\/www.m-q.ch\/fr\/#\/schema\/person\/71f647a41e4a3e361e6230f5134f3ba9\"},\"headline\":\"Frauen und \u00e4ltere Mitarbeitende f\u00f6rdern\",\"datePublished\":\"2017-04-09T05:30:56+00:00\",\"dateModified\":\"2021-02-13T06:42:12+00:00\",\"mainEntityOfPage\":{\"@id\":\"https:\/\/www.m-q.ch\/frauen-und-aeltere-mitarbeitende-foerdern\/\"},\"wordCount\":951,\"publisher\":{\"@id\":\"https:\/\/www.m-q.ch\/fr\/#organization\"},\"image\":{\"@id\":\"https:\/\/www.m-q.ch\/frauen-und-aeltere-mitarbeitende-foerdern\/#primaryimage\"},\"thumbnailUrl\":\"https:\/\/www.m-q.ch\/wp-content\/uploads\/2021\/02\/Frauen-und-aeltere-Mitarbeitende-foerdern.jpg\",\"keywords\":[\"04\/2017\"],\"articleSection\":[\"Business Excellence\"],\"inLanguage\":\"de\"},{\"@type\":\"WebPage\",\"@id\":\"https:\/\/www.m-q.ch\/frauen-und-aeltere-mitarbeitende-foerdern\/\",\"url\":\"https:\/\/www.m-q.ch\/frauen-und-aeltere-mitarbeitende-foerdern\/\",\"name\":\"Frauen und \u00e4ltere Mitarbeitende f\u00f6rdern - MQ Management und Qualit\u00e4t\",\"isPartOf\":{\"@id\":\"https:\/\/www.m-q.ch\/fr\/#website\"},\"primaryImageOfPage\":{\"@id\":\"https:\/\/www.m-q.ch\/frauen-und-aeltere-mitarbeitende-foerdern\/#primaryimage\"},\"image\":{\"@id\":\"https:\/\/www.m-q.ch\/frauen-und-aeltere-mitarbeitende-foerdern\/#primaryimage\"},\"thumbnailUrl\":\"https:\/\/www.m-q.ch\/wp-content\/uploads\/2021\/02\/Frauen-und-aeltere-Mitarbeitende-foerdern.jpg\",\"datePublished\":\"2017-04-09T05:30:56+00:00\",\"dateModified\":\"2021-02-13T06:42:12+00:00\",\"description\":\"Der Diversity Index der Hochschule Luzern misst die Heterogenit\u00e4t der Belegschaft eines Unternehmens. Die aktuelle Umfrage bei 37 Betrieben zeigt, dass auch nach Jahren der Gender-Diskussionen eine Mutterschaft vielfach das Ende einer Karriere bedeutet.\",\"breadcrumb\":{\"@id\":\"https:\/\/www.m-q.ch\/frauen-und-aeltere-mitarbeitende-foerdern\/#breadcrumb\"},\"inLanguage\":\"de\",\"potentialAction\":[{\"@type\":\"ReadAction\",\"target\":[\"https:\/\/www.m-q.ch\/frauen-und-aeltere-mitarbeitende-foerdern\/\"]}]},{\"@type\":\"ImageObject\",\"inLanguage\":\"de\",\"@id\":\"https:\/\/www.m-q.ch\/frauen-und-aeltere-mitarbeitende-foerdern\/#primaryimage\",\"url\":\"https:\/\/www.m-q.ch\/wp-content\/uploads\/2021\/02\/Frauen-und-aeltere-Mitarbeitende-foerdern.jpg\",\"contentUrl\":\"https:\/\/www.m-q.ch\/wp-content\/uploads\/2021\/02\/Frauen-und-aeltere-Mitarbeitende-foerdern.jpg\",\"width\":826,\"height\":563,\"caption\":\"Frauen und \u00e4ltere Mitarbeitende f\u00f6rdern\"},{\"@type\":\"BreadcrumbList\",\"@id\":\"https:\/\/www.m-q.ch\/frauen-und-aeltere-mitarbeitende-foerdern\/#breadcrumb\",\"itemListElement\":[{\"@type\":\"ListItem\",\"position\":1,\"name\":\"Business Excellence\",\"item\":\"https:\/\/www.m-q.ch\/kategorie\/business_excellence\/\"},{\"@type\":\"ListItem\",\"position\":2,\"name\":\"Frauen und \u00e4ltere Mitarbeitende f\u00f6rdern\"}]},{\"@type\":\"WebSite\",\"@id\":\"https:\/\/www.m-q.ch\/fr\/#website\",\"url\":\"https:\/\/www.m-q.ch\/fr\/\",\"name\":\"MQ Management und Qualit\u00e4t\",\"description\":\"Plattform f\u00fcr integrierte Managementsysteme.\",\"publisher\":{\"@id\":\"https:\/\/www.m-q.ch\/fr\/#organization\"},\"potentialAction\":[{\"@type\":\"SearchAction\",\"target\":{\"@type\":\"EntryPoint\",\"urlTemplate\":\"https:\/\/www.m-q.ch\/fr\/?s={search_term_string}\"},\"query-input\":{\"@type\":\"PropertyValueSpecification\",\"valueRequired\":true,\"valueName\":\"search_term_string\"}}],\"inLanguage\":\"de\"},{\"@type\":\"Organization\",\"@id\":\"https:\/\/www.m-q.ch\/fr\/#organization\",\"name\":\"Galledia Fachmedien AG\",\"url\":\"https:\/\/www.m-q.ch\/fr\/\",\"logo\":{\"@type\":\"ImageObject\",\"inLanguage\":\"de\",\"@id\":\"https:\/\/www.m-q.ch\/fr\/#\/schema\/logo\/image\/\",\"url\":\"https:\/\/www.m-q.ch\/wp-content\/uploads\/2020\/12\/cropped-logo_small.png\",\"contentUrl\":\"https:\/\/www.m-q.ch\/wp-content\/uploads\/2020\/12\/cropped-logo_small.png\",\"width\":512,\"height\":512,\"caption\":\"Galledia Fachmedien AG\"},\"image\":{\"@id\":\"https:\/\/www.m-q.ch\/fr\/#\/schema\/logo\/image\/\"},\"sameAs\":[\"https:\/\/www.facebook.com\/ManagementUndQualitaet\",\"https:\/\/www.linkedin.com\/showcase\/17982321\/admin\/\"]},{\"@type\":\"Person\",\"@id\":\"https:\/\/www.m-q.ch\/fr\/#\/schema\/person\/71f647a41e4a3e361e6230f5134f3ba9\",\"name\":\"upwork_2\",\"image\":{\"@type\":\"ImageObject\",\"inLanguage\":\"de\",\"@id\":\"https:\/\/www.m-q.ch\/fr\/#\/schema\/person\/image\/\",\"url\":\"https:\/\/secure.gravatar.com\/avatar\/777b90ab56092bbf3c85feacda5c1bce?s=96&d=mm&r=g\",\"contentUrl\":\"https:\/\/secure.gravatar.com\/avatar\/777b90ab56092bbf3c85feacda5c1bce?s=96&d=mm&r=g\",\"caption\":\"upwork_2\"},\"url\":\"https:\/\/www.m-q.ch\/de\/author\/upwork_2\/\"}]}<\/script>\n<!-- \/ Yoast SEO plugin. -->","yoast_head_json":{"title":"Frauen und \u00e4ltere Mitarbeitende f\u00f6rdern - MQ Management und Qualit\u00e4t","description":"Der Diversity Index der Hochschule Luzern misst die Heterogenit\u00e4t der Belegschaft eines Unternehmens. Die aktuelle Umfrage bei 37 Betrieben zeigt, dass auch nach Jahren der Gender-Diskussionen eine Mutterschaft vielfach das Ende einer Karriere bedeutet.","robots":{"index":"index","follow":"follow","max-snippet":"max-snippet:-1","max-image-preview":"max-image-preview:large","max-video-preview":"max-video-preview:-1"},"canonical":"https:\/\/www.m-q.ch\/de\/frauen-und-aeltere-mitarbeitende-foerdern\/","og_locale":"de_DE","og_type":"article","og_title":"Frauen und \u00e4ltere Mitarbeitende f\u00f6rdern - MQ Management und Qualit\u00e4t","og_description":"Der Diversity Index der Hochschule Luzern misst die Heterogenit\u00e4t der Belegschaft eines Unternehmens. Die aktuelle Umfrage bei 37 Betrieben zeigt, dass auch nach Jahren der Gender-Diskussionen eine Mutterschaft vielfach das Ende einer Karriere bedeutet.","og_url":"https:\/\/www.m-q.ch\/de\/frauen-und-aeltere-mitarbeitende-foerdern\/","og_site_name":"MQ Management und Qualit\u00e4t","article_publisher":"https:\/\/www.facebook.com\/ManagementUndQualitaet","article_published_time":"2017-04-09T05:30:56+00:00","article_modified_time":"2021-02-13T06:42:12+00:00","og_image":[{"width":826,"height":563,"url":"https:\/\/www.m-q.ch\/wp-content\/uploads\/2021\/02\/Frauen-und-aeltere-Mitarbeitende-foerdern.jpg","type":"image\/jpeg"}],"author":"upwork_2","twitter_card":"summary_large_image","twitter_misc":{"Verfasst von":"upwork_2","Gesch\u00e4tzte Lesezeit":"5\u00a0Minuten"},"schema":{"@context":"https:\/\/schema.org","@graph":[{"@type":"Article","@id":"https:\/\/www.m-q.ch\/frauen-und-aeltere-mitarbeitende-foerdern\/#article","isPartOf":{"@id":"https:\/\/www.m-q.ch\/frauen-und-aeltere-mitarbeitende-foerdern\/"},"author":{"name":"upwork_2","@id":"https:\/\/www.m-q.ch\/fr\/#\/schema\/person\/71f647a41e4a3e361e6230f5134f3ba9"},"headline":"Frauen und \u00e4ltere Mitarbeitende f\u00f6rdern","datePublished":"2017-04-09T05:30:56+00:00","dateModified":"2021-02-13T06:42:12+00:00","mainEntityOfPage":{"@id":"https:\/\/www.m-q.ch\/frauen-und-aeltere-mitarbeitende-foerdern\/"},"wordCount":951,"publisher":{"@id":"https:\/\/www.m-q.ch\/fr\/#organization"},"image":{"@id":"https:\/\/www.m-q.ch\/frauen-und-aeltere-mitarbeitende-foerdern\/#primaryimage"},"thumbnailUrl":"https:\/\/www.m-q.ch\/wp-content\/uploads\/2021\/02\/Frauen-und-aeltere-Mitarbeitende-foerdern.jpg","keywords":["04\/2017"],"articleSection":["Business Excellence"],"inLanguage":"de"},{"@type":"WebPage","@id":"https:\/\/www.m-q.ch\/frauen-und-aeltere-mitarbeitende-foerdern\/","url":"https:\/\/www.m-q.ch\/frauen-und-aeltere-mitarbeitende-foerdern\/","name":"Frauen und \u00e4ltere Mitarbeitende f\u00f6rdern - MQ Management und Qualit\u00e4t","isPartOf":{"@id":"https:\/\/www.m-q.ch\/fr\/#website"},"primaryImageOfPage":{"@id":"https:\/\/www.m-q.ch\/frauen-und-aeltere-mitarbeitende-foerdern\/#primaryimage"},"image":{"@id":"https:\/\/www.m-q.ch\/frauen-und-aeltere-mitarbeitende-foerdern\/#primaryimage"},"thumbnailUrl":"https:\/\/www.m-q.ch\/wp-content\/uploads\/2021\/02\/Frauen-und-aeltere-Mitarbeitende-foerdern.jpg","datePublished":"2017-04-09T05:30:56+00:00","dateModified":"2021-02-13T06:42:12+00:00","description":"Der Diversity Index der Hochschule Luzern misst die Heterogenit\u00e4t der Belegschaft eines Unternehmens. Die aktuelle Umfrage bei 37 Betrieben zeigt, dass auch nach Jahren der Gender-Diskussionen eine Mutterschaft vielfach das Ende einer Karriere bedeutet.","breadcrumb":{"@id":"https:\/\/www.m-q.ch\/frauen-und-aeltere-mitarbeitende-foerdern\/#breadcrumb"},"inLanguage":"de","potentialAction":[{"@type":"ReadAction","target":["https:\/\/www.m-q.ch\/frauen-und-aeltere-mitarbeitende-foerdern\/"]}]},{"@type":"ImageObject","inLanguage":"de","@id":"https:\/\/www.m-q.ch\/frauen-und-aeltere-mitarbeitende-foerdern\/#primaryimage","url":"https:\/\/www.m-q.ch\/wp-content\/uploads\/2021\/02\/Frauen-und-aeltere-Mitarbeitende-foerdern.jpg","contentUrl":"https:\/\/www.m-q.ch\/wp-content\/uploads\/2021\/02\/Frauen-und-aeltere-Mitarbeitende-foerdern.jpg","width":826,"height":563,"caption":"Frauen und \u00e4ltere Mitarbeitende f\u00f6rdern"},{"@type":"BreadcrumbList","@id":"https:\/\/www.m-q.ch\/frauen-und-aeltere-mitarbeitende-foerdern\/#breadcrumb","itemListElement":[{"@type":"ListItem","position":1,"name":"Business Excellence","item":"https:\/\/www.m-q.ch\/kategorie\/business_excellence\/"},{"@type":"ListItem","position":2,"name":"Frauen und \u00e4ltere Mitarbeitende f\u00f6rdern"}]},{"@type":"WebSite","@id":"https:\/\/www.m-q.ch\/fr\/#website","url":"https:\/\/www.m-q.ch\/fr\/","name":"MQ Management und Qualit\u00e4t","description":"Plattform f\u00fcr integrierte Managementsysteme.","publisher":{"@id":"https:\/\/www.m-q.ch\/fr\/#organization"},"potentialAction":[{"@type":"SearchAction","target":{"@type":"EntryPoint","urlTemplate":"https:\/\/www.m-q.ch\/fr\/?s={search_term_string}"},"query-input":{"@type":"PropertyValueSpecification","valueRequired":true,"valueName":"search_term_string"}}],"inLanguage":"de"},{"@type":"Organization","@id":"https:\/\/www.m-q.ch\/fr\/#organization","name":"Galledia Fachmedien AG","url":"https:\/\/www.m-q.ch\/fr\/","logo":{"@type":"ImageObject","inLanguage":"de","@id":"https:\/\/www.m-q.ch\/fr\/#\/schema\/logo\/image\/","url":"https:\/\/www.m-q.ch\/wp-content\/uploads\/2020\/12\/cropped-logo_small.png","contentUrl":"https:\/\/www.m-q.ch\/wp-content\/uploads\/2020\/12\/cropped-logo_small.png","width":512,"height":512,"caption":"Galledia Fachmedien AG"},"image":{"@id":"https:\/\/www.m-q.ch\/fr\/#\/schema\/logo\/image\/"},"sameAs":["https:\/\/www.facebook.com\/ManagementUndQualitaet","https:\/\/www.linkedin.com\/showcase\/17982321\/admin\/"]},{"@type":"Person","@id":"https:\/\/www.m-q.ch\/fr\/#\/schema\/person\/71f647a41e4a3e361e6230f5134f3ba9","name":"upwork_2","image":{"@type":"ImageObject","inLanguage":"de","@id":"https:\/\/www.m-q.ch\/fr\/#\/schema\/person\/image\/","url":"https:\/\/secure.gravatar.com\/avatar\/777b90ab56092bbf3c85feacda5c1bce?s=96&d=mm&r=g","contentUrl":"https:\/\/secure.gravatar.com\/avatar\/777b90ab56092bbf3c85feacda5c1bce?s=96&d=mm&r=g","caption":"upwork_2"},"url":"https:\/\/www.m-q.ch\/de\/author\/upwork_2\/"}]}},"_links":{"self":[{"href":"https:\/\/www.m-q.ch\/de\/wp-json\/wp\/v2\/posts\/11234","targetHints":{"allow":["GET"]}}],"collection":[{"href":"https:\/\/www.m-q.ch\/de\/wp-json\/wp\/v2\/posts"}],"about":[{"href":"https:\/\/www.m-q.ch\/de\/wp-json\/wp\/v2\/types\/post"}],"author":[{"embeddable":true,"href":"https:\/\/www.m-q.ch\/de\/wp-json\/wp\/v2\/users\/62"}],"replies":[{"embeddable":true,"href":"https:\/\/www.m-q.ch\/de\/wp-json\/wp\/v2\/comments?post=11234"}],"version-history":[{"count":1,"href":"https:\/\/www.m-q.ch\/de\/wp-json\/wp\/v2\/posts\/11234\/revisions"}],"predecessor-version":[{"id":11245,"href":"https:\/\/www.m-q.ch\/de\/wp-json\/wp\/v2\/posts\/11234\/revisions\/11245"}],"wp:featuredmedia":[{"embeddable":true,"href":"https:\/\/www.m-q.ch\/de\/wp-json\/wp\/v2\/media\/11244"}],"wp:attachment":[{"href":"https:\/\/www.m-q.ch\/de\/wp-json\/wp\/v2\/media?parent=11234"}],"wp:term":[{"taxonomy":"category","embeddable":true,"href":"https:\/\/www.m-q.ch\/de\/wp-json\/wp\/v2\/categories?post=11234"},{"taxonomy":"post_tag","embeddable":true,"href":"https:\/\/www.m-q.ch\/de\/wp-json\/wp\/v2\/tags?post=11234"}],"curies":[{"name":"wp","href":"https:\/\/api.w.org\/{rel}","templated":true}]}}