{"id":11240,"date":"2017-04-21T07:31:14","date_gmt":"2017-04-21T05:31:14","guid":{"rendered":"https:\/\/www.m-q.ch\/?p=11240"},"modified":"2021-02-13T08:18:48","modified_gmt":"2021-02-13T07:18:48","slug":"control-2017-meldet-rekordbeteiligung-und-flaechenzuwachs","status":"publish","type":"post","link":"https:\/\/www.m-q.ch\/de\/control-2017-meldet-rekordbeteiligung-und-flaechenzuwachs\/","title":{"rendered":"Control 2017 meldet Rekordbeteiligung und Fl\u00e4chenzuwachs"},"content":{"rendered":"<p><img loading=\"lazy\" decoding=\"async\" class=\"alignnone size-full wp-image-11257\" src=\"https:\/\/www.m-q.ch\/wp-content\/uploads\/2021\/02\/Control-2017-meldet-Rekordbeteiligung-und-Flaechenzuwachs.jpg\" alt=\"Control 2017 meldet Rekordbeteiligung und Fl\u00e4chenzuwachs\" width=\"880\" height=\"569\" srcset=\"https:\/\/www.m-q.ch\/wp-content\/uploads\/2021\/02\/Control-2017-meldet-Rekordbeteiligung-und-Flaechenzuwachs.jpg 880w, https:\/\/www.m-q.ch\/wp-content\/uploads\/2021\/02\/Control-2017-meldet-Rekordbeteiligung-und-Flaechenzuwachs-768x497.jpg 768w, https:\/\/www.m-q.ch\/wp-content\/uploads\/2021\/02\/Control-2017-meldet-Rekordbeteiligung-und-Flaechenzuwachs-16x10.jpg 16w, https:\/\/www.m-q.ch\/wp-content\/uploads\/2021\/02\/Control-2017-meldet-Rekordbeteiligung-und-Flaechenzuwachs-271x175.jpg 271w, https:\/\/www.m-q.ch\/wp-content\/uploads\/2021\/02\/Control-2017-meldet-Rekordbeteiligung-und-Flaechenzuwachs-541x350.jpg 541w, https:\/\/www.m-q.ch\/wp-content\/uploads\/2021\/02\/Control-2017-meldet-Rekordbeteiligung-und-Flaechenzuwachs-300x194.jpg 300w\" sizes=\"auto, (max-width: 880px) 100vw, 880px\" \/><\/p>\n<p>&nbsp;<\/p>\n<p>&nbsp;<\/p>\n<p>&nbsp;<\/p>\n<p>Deutlich mehr als 900 Aussteller aus 30 Natio-nen belegen mit 52.500 m\u00b2 Brutto-Ausstel-lungsfl\u00e4chen die eingeplanten Hallen 3, 4, 5, 6 und 7 komplett und bilden mit ihrem umfas-senden Produkte- und Leistungsprogramm das aktuelle Angebot des Weltmarktes ab. Dies vermeldet der Messeveranstalter P.\u2009E. Schall GmbH &amp; Co. KG. Mit einem neuen Hallen-Lay-out kann die Control nun \u00abblockartig\u00bb und da-mit als kompakte Fachmesse der optimierten Wege auftreten. Mit dem Bezug der Hallen 3, 5 und 7 auf dem einen Hallenstrang sowie den Hallen 4 sowie 6 auf dem anderen Hallen-strang entzerrt sich f\u00fcr die morgens anreisen-den Fachbesucher wie f\u00fcr die Aussteller der Start in den Messetag, weil sich die Besucher-str\u00f6me aus den beiden Eing\u00e4ngen Ost und West jetzt gleichm\u00e4ssiger auf alle Hallen ver-teilen. Parallel zu den Um- und Ausbaumass-nahmen wurde auch die Zufahrts- und Park-platz- Infrastruktur der Landesmesse Stuttgart optimiert. Kombiniert mit der verkehrstech-nischen Anbindung (Direktzufahrten von Au-tobahn und Bundesstrassen, S-Bahn und Flug- hafen) der Landesmesse ergibt sich somit eine komfortable und stressarme Zufahrts- und Zugangssituation. Weitere Marketingmass-nahmen wie die mobile Website \u00abm.control-messe.de\u00bb (direkter Zugang zur mobilen Web-site f\u00fcr Smartphone und Tablet), das Online-Tool \u00abMein Messetag\u00bb (zur optimalen Planung eines effizienten Messebesuchs) oder auch der (kostenfreie) Happy-Friday-Verzehrgutschein f\u00fcr den Freitag als finalem Messetag, und nicht zuletzt die M\u00f6glichkeit der Vorabregistrierung der Fachbesucher per Internet, bilden die komfortable Grundlage f\u00fcr einen erfolgrei-chen Messebesuch mit hohem Erkenntnis-wert.<\/p>\n<p><strong>Zentrales Element Qualit\u00e4tssicherung<\/strong><br \/>\nVor dem Hintergrund einzelner boomender QS-Segmente wie z.\u2009B. der IBV Industriellen Bildverarbeitung und Visionssysteme, robo-tergest\u00fctzter Sub- und Komplettsysteme oder auch optoelektronischer Sensortechnik, pr\u00e4sentiert sich auch das Ausstellungs-Port-folio der 31. Control wieder auf h\u00f6chstem Ni-veau. Dank des schon immer vergleichsweise hohen Digitalisierungsgrades der Kompo-nenten, Baugruppen und Systeme f\u00fcr die in-dustrielle Qualit\u00e4tssicherung zeichnen sich diese Bausteine durch maximale I 4.0-F\u00e4hig-keit aus und bilden damit ein wesentliches Element zur Umsetzung von I 4.0-Strukturen in die Realit\u00e4t.<\/p>\n<p>&nbsp;<\/p>\n<p>Einen wesentlichen Anteil am techno-logischen Stand der industriellen Qualit\u00e4ts\u00ad sicherung haben aber nicht nur die Entwick-ler und Hersteller entsprechender Hard- und Software, sondern vor allem auch For-schungsinstitute, Hochschullabore, Institu\u00adtionen,\u00ad Verb\u00e4nde und wissenschaftliche Ver-einigungen. Oftmals sind sie die Initiatoren f\u00fcr neue L\u00f6sungsans\u00e4tze, Ideengeber f\u00fcr in-novative Entwicklungen und Treiber f\u00fcr Markterweiterungen\/-\u00f6ffnungen. Folgerich-tig bietet die Control \u2013 Internationale Fach-messe f\u00fcr Qualit\u00e4tssicherung \u2013 auch im Jahr 2017 alles auf, was in dieser Branche Rang und Namen hat. N\u00e4mlich zum einen mit mehr als 900 Ausstellern (Control 2016 = 914 Aussteller\u00ad aus 31 Nationen) das Weltange-bot an QS-Hard- und Software, und zum an-deren die Kooperation mit f\u00fchrenden Insti-tutionen und Meinungsbildnern aus allen Segmenten \u2013 eben der industriellen Quali-t\u00e4tssicherung.<\/p>\n<p><strong>F\u00fchrende QS-Kooperationspartner<\/strong><br \/>\nZu nennen w\u00e4ren hier die langj\u00e4hrigen Ko-operationspartner Fraunhofer Institut f\u00fcr Produktionstechnik und Automatisierung (IPA) sowie die Fraunhofer-Allianz Vision. Zur Control 2017 f\u00fchrt das IPA bereits zum zehnten Mal das \u00abEventforum\u00bb durch, das sich aktuell mit dem Themenkomplex \u00abQua-lit\u00e4t im Wandel der Zeit \u2013 Blick auf ein Jahr-zehnt und die Zukunft der Qualit\u00e4tskontrol-le\u00bb befasst. Die Fraunhofer-Allianz Vision ist sogar noch l\u00e4nger an Bord und veranstaltet<\/p>\n<p>&nbsp;<\/p>\n<p><em><strong>\u00abEinen wesentlichen Anteil am technologischen Stand der industriellen Qualit\u00e4tssicherung haben auch diverse Forschungsinstitute.\u00bb<\/strong><\/em><\/p>\n<p>&nbsp;<\/p>\n<p>zur Control 2017 das 13. Mal die Sonderschau \u00abBer\u00fchrungslose Messtechnik\u00bb. Der zweite Fraunhofer-Allianz-Vision-Stand hat diesmal den Schwerpunkt \u00abMonitoring entlang des Produktlebenszyklus mit Bildverarbeitung\u00bb. Der unaufhaltsame Siegeszug der industriel-len Bildverarbeitung (IBV) und Visionssyste-me in allen Segmenten der Qualit\u00e4tssiche-rung wiederum ist mit ein Grund daf\u00fcr, dass die European Machine Vision Association\u00ad EMVA seit der Control 2016 ebenfalls Koope-rationspartner ist, und mit den \u00abControl Vi\u00ad sion Talks\u00bb einen sehr erfolgreichen Start ver-buchen konnte.<\/p>\n<p>&nbsp;<\/p>\n<p>Diesen Erfolg nimmt die EMVA zum Anlass, anl\u00e4sslich der Control 2017 erneut die \u00abControl Vision Talks\u00bb zu organisieren, die sich diesmal um die Technology Topics a.) World of 3D: From 6-DoF to Point Cloud, b.) Optical Metrology: Offline \u2013 At line \u2013 Inline, c.) Metrology throughout the whole spec\u00ad trum: From Infrared to Hyperspectral dre-hen, und damit zielsicher die Interessenlage der Fachbesucher treffen. Zu den weiteren Kooperationspartnern\u00ad z\u00e4hlt u.\u2009a. auch das Unternehmen xpertgate, das f\u00fcr die Recher-che und die Ausarbeitung des bereits zum vierten Mal aufgelegten Control-Spezial-Messef\u00fchrers \u00abBildverarbeitung\u00bb verantwort\u00ad<br \/>\nlich zeichnet.<\/p>\n","protected":false},"excerpt":{"rendered":"<p>&nbsp; &nbsp; &nbsp; Deutlich mehr als 900 Aussteller aus 30 Natio-nen belegen mit 52.500 m\u00b2 Brutto-Ausstel-lungsfl\u00e4chen die eingeplanten Hallen 3, 4, 5, 6 und 7 komplett und bilden mit ihrem umfas-senden Produkte- und Leistungsprogramm das aktuelle Angebot des Weltmarktes ab. Dies vermeldet der Messeveranstalter P.\u2009E. Schall GmbH &amp; Co. KG. Mit einem neuen Hallen-Lay-out kann [&hellip;]<\/p>\n","protected":false},"author":62,"featured_media":11257,"comment_status":"closed","ping_status":"closed","sticky":false,"template":"","format":"standard","meta":{"_acf_changed":false,"footnotes":""},"categories":[4448],"tags":[4772],"class_list":["post-11240","post","type-post","status-publish","format-standard","has-post-thumbnail","hentry","category-allgemein","tag-04-2017"],"acf":[],"yoast_head":"<!-- This site is optimized with the Yoast SEO plugin v26.2 - https:\/\/yoast.com\/wordpress\/plugins\/seo\/ -->\n<title>Control 2017 meldet Rekordbeteiligung und Fl\u00e4chenzuwachs - MQ Management und Qualit\u00e4t<\/title>\n<meta name=\"description\" content=\"Mehr Aussteller als je zuvor, ein Zuwachs an Ausstellungsfl\u00e4che um 10 %, einneues Hallen-Layout, verbesserte Infrastruktur und ein fachlich \u00abrundes\u00bb Rahmenprogramm,die Control \u2013 Internationale Fachmesse f\u00fcr Qualit\u00e4tssicherung desJahres 2017, bleibt die wohl wichtigste Informations- und Business-Plattform f\u00fcralle Belange der industriellen Qualit\u00e4tssicherung.\" \/>\n<meta name=\"robots\" content=\"index, follow, max-snippet:-1, max-image-preview:large, max-video-preview:-1\" \/>\n<link rel=\"canonical\" href=\"https:\/\/www.m-q.ch\/de\/control-2017-meldet-rekordbeteiligung-und-flaechenzuwachs\/\" \/>\n<meta property=\"og:locale\" content=\"de_DE\" \/>\n<meta property=\"og:type\" content=\"article\" \/>\n<meta property=\"og:title\" content=\"Control 2017 meldet Rekordbeteiligung und Fl\u00e4chenzuwachs - MQ Management und Qualit\u00e4t\" \/>\n<meta property=\"og:description\" content=\"Mehr Aussteller als je zuvor, ein Zuwachs an Ausstellungsfl\u00e4che um 10 %, einneues Hallen-Layout, verbesserte Infrastruktur und ein fachlich \u00abrundes\u00bb Rahmenprogramm,die Control \u2013 Internationale Fachmesse f\u00fcr Qualit\u00e4tssicherung desJahres 2017, bleibt die wohl wichtigste Informations- und Business-Plattform f\u00fcralle Belange der industriellen Qualit\u00e4tssicherung.\" \/>\n<meta property=\"og:url\" content=\"https:\/\/www.m-q.ch\/de\/control-2017-meldet-rekordbeteiligung-und-flaechenzuwachs\/\" \/>\n<meta property=\"og:site_name\" content=\"MQ Management und Qualit\u00e4t\" \/>\n<meta property=\"article:publisher\" content=\"https:\/\/www.facebook.com\/ManagementUndQualitaet\" \/>\n<meta property=\"article:published_time\" content=\"2017-04-21T05:31:14+00:00\" \/>\n<meta property=\"article:modified_time\" content=\"2021-02-13T07:18:48+00:00\" \/>\n<meta property=\"og:image\" content=\"https:\/\/www.m-q.ch\/wp-content\/uploads\/2021\/02\/Control-2017-meldet-Rekordbeteiligung-und-Flaechenzuwachs.jpg\" \/>\n\t<meta property=\"og:image:width\" content=\"880\" \/>\n\t<meta property=\"og:image:height\" content=\"569\" \/>\n\t<meta property=\"og:image:type\" content=\"image\/jpeg\" \/>\n<meta name=\"author\" content=\"upwork_2\" \/>\n<meta name=\"twitter:card\" content=\"summary_large_image\" \/>\n<meta name=\"twitter:label1\" content=\"Verfasst von\" \/>\n\t<meta name=\"twitter:data1\" content=\"upwork_2\" \/>\n\t<meta name=\"twitter:label2\" content=\"Gesch\u00e4tzte Lesezeit\" \/>\n\t<meta name=\"twitter:data2\" content=\"3\u00a0Minuten\" \/>\n<script type=\"application\/ld+json\" class=\"yoast-schema-graph\">{\"@context\":\"https:\/\/schema.org\",\"@graph\":[{\"@type\":\"Article\",\"@id\":\"https:\/\/www.m-q.ch\/control-2017-meldet-rekordbeteiligung-und-flaechenzuwachs\/#article\",\"isPartOf\":{\"@id\":\"https:\/\/www.m-q.ch\/control-2017-meldet-rekordbeteiligung-und-flaechenzuwachs\/\"},\"author\":{\"name\":\"upwork_2\",\"@id\":\"https:\/\/www.m-q.ch\/fr\/#\/schema\/person\/71f647a41e4a3e361e6230f5134f3ba9\"},\"headline\":\"Control 2017 meldet Rekordbeteiligung und Fl\u00e4chenzuwachs\",\"datePublished\":\"2017-04-21T05:31:14+00:00\",\"dateModified\":\"2021-02-13T07:18:48+00:00\",\"mainEntityOfPage\":{\"@id\":\"https:\/\/www.m-q.ch\/control-2017-meldet-rekordbeteiligung-und-flaechenzuwachs\/\"},\"wordCount\":688,\"publisher\":{\"@id\":\"https:\/\/www.m-q.ch\/fr\/#organization\"},\"image\":{\"@id\":\"https:\/\/www.m-q.ch\/control-2017-meldet-rekordbeteiligung-und-flaechenzuwachs\/#primaryimage\"},\"thumbnailUrl\":\"https:\/\/www.m-q.ch\/wp-content\/uploads\/2021\/02\/Control-2017-meldet-Rekordbeteiligung-und-Flaechenzuwachs.jpg\",\"keywords\":[\"04\/2017\"],\"inLanguage\":\"de\"},{\"@type\":\"WebPage\",\"@id\":\"https:\/\/www.m-q.ch\/control-2017-meldet-rekordbeteiligung-und-flaechenzuwachs\/\",\"url\":\"https:\/\/www.m-q.ch\/control-2017-meldet-rekordbeteiligung-und-flaechenzuwachs\/\",\"name\":\"Control 2017 meldet Rekordbeteiligung und Fl\u00e4chenzuwachs - MQ Management und Qualit\u00e4t\",\"isPartOf\":{\"@id\":\"https:\/\/www.m-q.ch\/fr\/#website\"},\"primaryImageOfPage\":{\"@id\":\"https:\/\/www.m-q.ch\/control-2017-meldet-rekordbeteiligung-und-flaechenzuwachs\/#primaryimage\"},\"image\":{\"@id\":\"https:\/\/www.m-q.ch\/control-2017-meldet-rekordbeteiligung-und-flaechenzuwachs\/#primaryimage\"},\"thumbnailUrl\":\"https:\/\/www.m-q.ch\/wp-content\/uploads\/2021\/02\/Control-2017-meldet-Rekordbeteiligung-und-Flaechenzuwachs.jpg\",\"datePublished\":\"2017-04-21T05:31:14+00:00\",\"dateModified\":\"2021-02-13T07:18:48+00:00\",\"description\":\"Mehr Aussteller als je zuvor, ein Zuwachs an Ausstellungsfl\u00e4che um 10 %, einneues Hallen-Layout, verbesserte Infrastruktur und ein fachlich \u00abrundes\u00bb Rahmenprogramm,die Control \u2013 Internationale Fachmesse f\u00fcr Qualit\u00e4tssicherung desJahres 2017, bleibt die wohl wichtigste Informations- und Business-Plattform f\u00fcralle Belange der industriellen Qualit\u00e4tssicherung.\",\"breadcrumb\":{\"@id\":\"https:\/\/www.m-q.ch\/control-2017-meldet-rekordbeteiligung-und-flaechenzuwachs\/#breadcrumb\"},\"inLanguage\":\"de\",\"potentialAction\":[{\"@type\":\"ReadAction\",\"target\":[\"https:\/\/www.m-q.ch\/control-2017-meldet-rekordbeteiligung-und-flaechenzuwachs\/\"]}]},{\"@type\":\"ImageObject\",\"inLanguage\":\"de\",\"@id\":\"https:\/\/www.m-q.ch\/control-2017-meldet-rekordbeteiligung-und-flaechenzuwachs\/#primaryimage\",\"url\":\"https:\/\/www.m-q.ch\/wp-content\/uploads\/2021\/02\/Control-2017-meldet-Rekordbeteiligung-und-Flaechenzuwachs.jpg\",\"contentUrl\":\"https:\/\/www.m-q.ch\/wp-content\/uploads\/2021\/02\/Control-2017-meldet-Rekordbeteiligung-und-Flaechenzuwachs.jpg\",\"width\":880,\"height\":569,\"caption\":\"Control 2017 meldet Rekordbeteiligung und Fl\u00e4chenzuwachs\"},{\"@type\":\"BreadcrumbList\",\"@id\":\"https:\/\/www.m-q.ch\/control-2017-meldet-rekordbeteiligung-und-flaechenzuwachs\/#breadcrumb\",\"itemListElement\":[{\"@type\":\"ListItem\",\"position\":1,\"name\":\"Allgemein\",\"item\":\"https:\/\/www.m-q.ch\/kategorie\/allgemein\/\"},{\"@type\":\"ListItem\",\"position\":2,\"name\":\"Control 2017 meldet Rekordbeteiligung und Fl\u00e4chenzuwachs\"}]},{\"@type\":\"WebSite\",\"@id\":\"https:\/\/www.m-q.ch\/fr\/#website\",\"url\":\"https:\/\/www.m-q.ch\/fr\/\",\"name\":\"MQ Management und Qualit\u00e4t\",\"description\":\"Plattform f\u00fcr integrierte Managementsysteme.\",\"publisher\":{\"@id\":\"https:\/\/www.m-q.ch\/fr\/#organization\"},\"potentialAction\":[{\"@type\":\"SearchAction\",\"target\":{\"@type\":\"EntryPoint\",\"urlTemplate\":\"https:\/\/www.m-q.ch\/fr\/?s={search_term_string}\"},\"query-input\":{\"@type\":\"PropertyValueSpecification\",\"valueRequired\":true,\"valueName\":\"search_term_string\"}}],\"inLanguage\":\"de\"},{\"@type\":\"Organization\",\"@id\":\"https:\/\/www.m-q.ch\/fr\/#organization\",\"name\":\"Galledia Fachmedien AG\",\"url\":\"https:\/\/www.m-q.ch\/fr\/\",\"logo\":{\"@type\":\"ImageObject\",\"inLanguage\":\"de\",\"@id\":\"https:\/\/www.m-q.ch\/fr\/#\/schema\/logo\/image\/\",\"url\":\"https:\/\/www.m-q.ch\/wp-content\/uploads\/2020\/12\/cropped-logo_small.png\",\"contentUrl\":\"https:\/\/www.m-q.ch\/wp-content\/uploads\/2020\/12\/cropped-logo_small.png\",\"width\":512,\"height\":512,\"caption\":\"Galledia Fachmedien AG\"},\"image\":{\"@id\":\"https:\/\/www.m-q.ch\/fr\/#\/schema\/logo\/image\/\"},\"sameAs\":[\"https:\/\/www.facebook.com\/ManagementUndQualitaet\",\"https:\/\/www.linkedin.com\/showcase\/17982321\/admin\/\"]},{\"@type\":\"Person\",\"@id\":\"https:\/\/www.m-q.ch\/fr\/#\/schema\/person\/71f647a41e4a3e361e6230f5134f3ba9\",\"name\":\"upwork_2\",\"image\":{\"@type\":\"ImageObject\",\"inLanguage\":\"de\",\"@id\":\"https:\/\/www.m-q.ch\/fr\/#\/schema\/person\/image\/\",\"url\":\"https:\/\/secure.gravatar.com\/avatar\/777b90ab56092bbf3c85feacda5c1bce?s=96&d=mm&r=g\",\"contentUrl\":\"https:\/\/secure.gravatar.com\/avatar\/777b90ab56092bbf3c85feacda5c1bce?s=96&d=mm&r=g\",\"caption\":\"upwork_2\"},\"url\":\"https:\/\/www.m-q.ch\/de\/author\/upwork_2\/\"}]}<\/script>\n<!-- \/ Yoast SEO plugin. -->","yoast_head_json":{"title":"Control 2017 meldet Rekordbeteiligung und Fl\u00e4chenzuwachs - MQ Management und Qualit\u00e4t","description":"Mehr Aussteller als je zuvor, ein Zuwachs an Ausstellungsfl\u00e4che um 10 %, einneues Hallen-Layout, verbesserte Infrastruktur und ein fachlich \u00abrundes\u00bb Rahmenprogramm,die Control \u2013 Internationale Fachmesse f\u00fcr Qualit\u00e4tssicherung desJahres 2017, bleibt die wohl wichtigste Informations- und Business-Plattform f\u00fcralle Belange der industriellen Qualit\u00e4tssicherung.","robots":{"index":"index","follow":"follow","max-snippet":"max-snippet:-1","max-image-preview":"max-image-preview:large","max-video-preview":"max-video-preview:-1"},"canonical":"https:\/\/www.m-q.ch\/de\/control-2017-meldet-rekordbeteiligung-und-flaechenzuwachs\/","og_locale":"de_DE","og_type":"article","og_title":"Control 2017 meldet Rekordbeteiligung und Fl\u00e4chenzuwachs - MQ Management und Qualit\u00e4t","og_description":"Mehr Aussteller als je zuvor, ein Zuwachs an Ausstellungsfl\u00e4che um 10 %, einneues Hallen-Layout, verbesserte Infrastruktur und ein fachlich \u00abrundes\u00bb Rahmenprogramm,die Control \u2013 Internationale Fachmesse f\u00fcr Qualit\u00e4tssicherung desJahres 2017, bleibt die wohl wichtigste Informations- und Business-Plattform f\u00fcralle Belange der industriellen Qualit\u00e4tssicherung.","og_url":"https:\/\/www.m-q.ch\/de\/control-2017-meldet-rekordbeteiligung-und-flaechenzuwachs\/","og_site_name":"MQ Management und Qualit\u00e4t","article_publisher":"https:\/\/www.facebook.com\/ManagementUndQualitaet","article_published_time":"2017-04-21T05:31:14+00:00","article_modified_time":"2021-02-13T07:18:48+00:00","og_image":[{"width":880,"height":569,"url":"https:\/\/www.m-q.ch\/wp-content\/uploads\/2021\/02\/Control-2017-meldet-Rekordbeteiligung-und-Flaechenzuwachs.jpg","type":"image\/jpeg"}],"author":"upwork_2","twitter_card":"summary_large_image","twitter_misc":{"Verfasst von":"upwork_2","Gesch\u00e4tzte Lesezeit":"3\u00a0Minuten"},"schema":{"@context":"https:\/\/schema.org","@graph":[{"@type":"Article","@id":"https:\/\/www.m-q.ch\/control-2017-meldet-rekordbeteiligung-und-flaechenzuwachs\/#article","isPartOf":{"@id":"https:\/\/www.m-q.ch\/control-2017-meldet-rekordbeteiligung-und-flaechenzuwachs\/"},"author":{"name":"upwork_2","@id":"https:\/\/www.m-q.ch\/fr\/#\/schema\/person\/71f647a41e4a3e361e6230f5134f3ba9"},"headline":"Control 2017 meldet Rekordbeteiligung und Fl\u00e4chenzuwachs","datePublished":"2017-04-21T05:31:14+00:00","dateModified":"2021-02-13T07:18:48+00:00","mainEntityOfPage":{"@id":"https:\/\/www.m-q.ch\/control-2017-meldet-rekordbeteiligung-und-flaechenzuwachs\/"},"wordCount":688,"publisher":{"@id":"https:\/\/www.m-q.ch\/fr\/#organization"},"image":{"@id":"https:\/\/www.m-q.ch\/control-2017-meldet-rekordbeteiligung-und-flaechenzuwachs\/#primaryimage"},"thumbnailUrl":"https:\/\/www.m-q.ch\/wp-content\/uploads\/2021\/02\/Control-2017-meldet-Rekordbeteiligung-und-Flaechenzuwachs.jpg","keywords":["04\/2017"],"inLanguage":"de"},{"@type":"WebPage","@id":"https:\/\/www.m-q.ch\/control-2017-meldet-rekordbeteiligung-und-flaechenzuwachs\/","url":"https:\/\/www.m-q.ch\/control-2017-meldet-rekordbeteiligung-und-flaechenzuwachs\/","name":"Control 2017 meldet Rekordbeteiligung und Fl\u00e4chenzuwachs - MQ Management und Qualit\u00e4t","isPartOf":{"@id":"https:\/\/www.m-q.ch\/fr\/#website"},"primaryImageOfPage":{"@id":"https:\/\/www.m-q.ch\/control-2017-meldet-rekordbeteiligung-und-flaechenzuwachs\/#primaryimage"},"image":{"@id":"https:\/\/www.m-q.ch\/control-2017-meldet-rekordbeteiligung-und-flaechenzuwachs\/#primaryimage"},"thumbnailUrl":"https:\/\/www.m-q.ch\/wp-content\/uploads\/2021\/02\/Control-2017-meldet-Rekordbeteiligung-und-Flaechenzuwachs.jpg","datePublished":"2017-04-21T05:31:14+00:00","dateModified":"2021-02-13T07:18:48+00:00","description":"Mehr Aussteller als je zuvor, ein Zuwachs an Ausstellungsfl\u00e4che um 10 %, einneues Hallen-Layout, verbesserte Infrastruktur und ein fachlich \u00abrundes\u00bb Rahmenprogramm,die Control \u2013 Internationale Fachmesse f\u00fcr Qualit\u00e4tssicherung desJahres 2017, bleibt die wohl wichtigste Informations- und Business-Plattform f\u00fcralle Belange der industriellen Qualit\u00e4tssicherung.","breadcrumb":{"@id":"https:\/\/www.m-q.ch\/control-2017-meldet-rekordbeteiligung-und-flaechenzuwachs\/#breadcrumb"},"inLanguage":"de","potentialAction":[{"@type":"ReadAction","target":["https:\/\/www.m-q.ch\/control-2017-meldet-rekordbeteiligung-und-flaechenzuwachs\/"]}]},{"@type":"ImageObject","inLanguage":"de","@id":"https:\/\/www.m-q.ch\/control-2017-meldet-rekordbeteiligung-und-flaechenzuwachs\/#primaryimage","url":"https:\/\/www.m-q.ch\/wp-content\/uploads\/2021\/02\/Control-2017-meldet-Rekordbeteiligung-und-Flaechenzuwachs.jpg","contentUrl":"https:\/\/www.m-q.ch\/wp-content\/uploads\/2021\/02\/Control-2017-meldet-Rekordbeteiligung-und-Flaechenzuwachs.jpg","width":880,"height":569,"caption":"Control 2017 meldet Rekordbeteiligung und Fl\u00e4chenzuwachs"},{"@type":"BreadcrumbList","@id":"https:\/\/www.m-q.ch\/control-2017-meldet-rekordbeteiligung-und-flaechenzuwachs\/#breadcrumb","itemListElement":[{"@type":"ListItem","position":1,"name":"Allgemein","item":"https:\/\/www.m-q.ch\/kategorie\/allgemein\/"},{"@type":"ListItem","position":2,"name":"Control 2017 meldet Rekordbeteiligung und Fl\u00e4chenzuwachs"}]},{"@type":"WebSite","@id":"https:\/\/www.m-q.ch\/fr\/#website","url":"https:\/\/www.m-q.ch\/fr\/","name":"MQ Management und Qualit\u00e4t","description":"Plattform f\u00fcr integrierte Managementsysteme.","publisher":{"@id":"https:\/\/www.m-q.ch\/fr\/#organization"},"potentialAction":[{"@type":"SearchAction","target":{"@type":"EntryPoint","urlTemplate":"https:\/\/www.m-q.ch\/fr\/?s={search_term_string}"},"query-input":{"@type":"PropertyValueSpecification","valueRequired":true,"valueName":"search_term_string"}}],"inLanguage":"de"},{"@type":"Organization","@id":"https:\/\/www.m-q.ch\/fr\/#organization","name":"Galledia Fachmedien AG","url":"https:\/\/www.m-q.ch\/fr\/","logo":{"@type":"ImageObject","inLanguage":"de","@id":"https:\/\/www.m-q.ch\/fr\/#\/schema\/logo\/image\/","url":"https:\/\/www.m-q.ch\/wp-content\/uploads\/2020\/12\/cropped-logo_small.png","contentUrl":"https:\/\/www.m-q.ch\/wp-content\/uploads\/2020\/12\/cropped-logo_small.png","width":512,"height":512,"caption":"Galledia Fachmedien AG"},"image":{"@id":"https:\/\/www.m-q.ch\/fr\/#\/schema\/logo\/image\/"},"sameAs":["https:\/\/www.facebook.com\/ManagementUndQualitaet","https:\/\/www.linkedin.com\/showcase\/17982321\/admin\/"]},{"@type":"Person","@id":"https:\/\/www.m-q.ch\/fr\/#\/schema\/person\/71f647a41e4a3e361e6230f5134f3ba9","name":"upwork_2","image":{"@type":"ImageObject","inLanguage":"de","@id":"https:\/\/www.m-q.ch\/fr\/#\/schema\/person\/image\/","url":"https:\/\/secure.gravatar.com\/avatar\/777b90ab56092bbf3c85feacda5c1bce?s=96&d=mm&r=g","contentUrl":"https:\/\/secure.gravatar.com\/avatar\/777b90ab56092bbf3c85feacda5c1bce?s=96&d=mm&r=g","caption":"upwork_2"},"url":"https:\/\/www.m-q.ch\/de\/author\/upwork_2\/"}]}},"_links":{"self":[{"href":"https:\/\/www.m-q.ch\/de\/wp-json\/wp\/v2\/posts\/11240","targetHints":{"allow":["GET"]}}],"collection":[{"href":"https:\/\/www.m-q.ch\/de\/wp-json\/wp\/v2\/posts"}],"about":[{"href":"https:\/\/www.m-q.ch\/de\/wp-json\/wp\/v2\/types\/post"}],"author":[{"embeddable":true,"href":"https:\/\/www.m-q.ch\/de\/wp-json\/wp\/v2\/users\/62"}],"replies":[{"embeddable":true,"href":"https:\/\/www.m-q.ch\/de\/wp-json\/wp\/v2\/comments?post=11240"}],"version-history":[{"count":1,"href":"https:\/\/www.m-q.ch\/de\/wp-json\/wp\/v2\/posts\/11240\/revisions"}],"predecessor-version":[{"id":11259,"href":"https:\/\/www.m-q.ch\/de\/wp-json\/wp\/v2\/posts\/11240\/revisions\/11259"}],"wp:featuredmedia":[{"embeddable":true,"href":"https:\/\/www.m-q.ch\/de\/wp-json\/wp\/v2\/media\/11257"}],"wp:attachment":[{"href":"https:\/\/www.m-q.ch\/de\/wp-json\/wp\/v2\/media?parent=11240"}],"wp:term":[{"taxonomy":"category","embeddable":true,"href":"https:\/\/www.m-q.ch\/de\/wp-json\/wp\/v2\/categories?post=11240"},{"taxonomy":"post_tag","embeddable":true,"href":"https:\/\/www.m-q.ch\/de\/wp-json\/wp\/v2\/tags?post=11240"}],"curies":[{"name":"wp","href":"https:\/\/api.w.org\/{rel}","templated":true}]}}