{"id":11272,"date":"2017-05-13T08:38:48","date_gmt":"2017-05-13T06:38:48","guid":{"rendered":"https:\/\/www.m-q.ch\/?p=11272"},"modified":"2021-02-13T09:21:21","modified_gmt":"2021-02-13T08:21:21","slug":"neue-dimensionen-der-krisenkommunikation","status":"publish","type":"post","link":"https:\/\/www.m-q.ch\/de\/neue-dimensionen-der-krisenkommunikation\/","title":{"rendered":"Neue Dimensionen der Krisenkommunikation"},"content":{"rendered":"<p><img loading=\"lazy\" decoding=\"async\" class=\"alignnone size-full wp-image-11304\" src=\"https:\/\/www.m-q.ch\/wp-content\/uploads\/2021\/02\/Neue-Dimensionen-der-Krisenkommunikation.jpg\" alt=\"Neue Dimensionen der Krisenkommunikation\" width=\"871\" height=\"566\" srcset=\"https:\/\/www.m-q.ch\/wp-content\/uploads\/2021\/02\/Neue-Dimensionen-der-Krisenkommunikation.jpg 871w, https:\/\/www.m-q.ch\/wp-content\/uploads\/2021\/02\/Neue-Dimensionen-der-Krisenkommunikation-768x499.jpg 768w, https:\/\/www.m-q.ch\/wp-content\/uploads\/2021\/02\/Neue-Dimensionen-der-Krisenkommunikation-16x10.jpg 16w, https:\/\/www.m-q.ch\/wp-content\/uploads\/2021\/02\/Neue-Dimensionen-der-Krisenkommunikation-269x175.jpg 269w, https:\/\/www.m-q.ch\/wp-content\/uploads\/2021\/02\/Neue-Dimensionen-der-Krisenkommunikation-539x350.jpg 539w, https:\/\/www.m-q.ch\/wp-content\/uploads\/2021\/02\/Neue-Dimensionen-der-Krisenkommunikation-300x195.jpg 300w\" sizes=\"auto, (max-width: 871px) 100vw, 871px\" \/><\/p>\n<p>&nbsp;<\/p>\n<p>&nbsp;<\/p>\n<p>&nbsp;<\/p>\n<p>Im Gegensatz zu kursierenden Waren- und Produktefehlern bleiben Image- und Reputati- onsverluste viel l\u00e4nger in Erinnerung. Beson- ders hellh\u00f6rig wird die \u00d6ffentlichkeit bei Fehl- griffen oder \u00dcbertretungen, die f\u00fchrende Ex- ponenten und Konzerne eingehen. Experten sprechen von unterschiedlichen Wahrneh- mungssilos, was die \u00f6ffentliche Meinung zur Krisengewichtung anbetrifft.<\/p>\n<p>&nbsp;<\/p>\n<p>Wo einst Messen als gesellschaftliche Ba- rometer f\u00fcr Kommunikationsprozesse dien- ten, kursieren heute Eilmeldungen auf Twitter und Konsorten. Ein Unternehmen eines H\u00e4nd- lers, welches sich beispielsweise mit Falschde- klarationen \u00fcber angebliches Schweizer Fleisch in eine Krise man\u00f6vriert, erholt sich eher als ein Konzern, der pl\u00f6tzlich mit immateriellen Faktoren wie Viren oder auch nur Ger\u00fcchten konfrontiert wird.<\/p>\n<p>&nbsp;<\/p>\n<p>Quasi als einen Pr\u00e4zedenzfall in Sachen Risk Monitoring vor der Social Media Era gilt etwa die Schmuck- und Uhrenmesse Basel- world. Eine vom Schweizerischen Bundes- amtes f\u00fcr Gesundheit (BAG) erlassene Verf\u00fc- gung sorgte 2003 f\u00fcr heisse K\u00f6pfe. Denn erst eine Weile nach der Veranstaltung konnte die Messeleitung Beschwerde einlegen gegen die verordnete Massnahme des BAG, wegen des aufkommenden SARS Syndroms (Severe Acute Respiratory Syndrome; die Pr\u00e4valenz der Seuche lag bei 150 pro Milliarde Einwoh- ner. Weltweit starben an der SARS im Jahr 2003 gegen 1300 Menschen.), die aus Hong- kong, Singapur oder Bangkok eintreffenden Schmuck- und Uhrenverk\u00e4ufer zu stoppen beziehungsweise abzuweisen.<\/p>\n<p><strong>Die \u00f6ffentliche Meinung <\/strong><br \/>\nDie Quintessenz der MCH Group, welche die Weltmesse inzwischen souver\u00e4n leitet: Das BAG sei im April 2003 zu forsch gegen H\u00e4ndler vorgegangen. Die Baselworld verzeichnete 2003 einen Besucherr\u00fcckgang um 22 Prozent \u2013 Z\u00fcrich floppte scheinbar so extrem, dass man nie wieder in Oerlikon eine Uhrenmesse in die Wege leitete. Insider meinen ebenso: Am negativen Output seien neben den Bundesbeh\u00f6rden auch tendenzi\u00f6se Medien \u00abSchuld\u00bb gewesen. Die verf\u00fcgten Massnahmen des BAG seien weder geeignet noch erforderlich gewesen, um das Ziel \u2013 Minimalisierung der Ansteckungsgefahr; Verhinderung von Panikverhalten \u2013 zu erreichen.<\/p>\n<p>&nbsp;<\/p>\n<p>Journalisten res\u00fcmierten jedoch w\u00e4hrend der Baselworld, dass mehrere Tausend Personen aus betroffenen L\u00e4ndern bereits vor Ort ihre Gesch\u00e4fte durchf\u00fchrten. Zeitungen wie \u00abDie Welt\u00bb thematisierten auch das organisatorische Dilemma des BAG. Ihr pl\u00f6tzliches \u00abBesch\u00e4ftigungs-Verbot\u00bb h\u00e4tte asiatische H\u00e4ndler und Aussteller aus der Messe in andere externe Boutiquen und Hotellobbys vertrieben \u2013 ohne \u00fcber medizinische Kontrolle, ohne \u00fcber Wissen zu ihrem \u00f6rtlichen Verbleiben zu verf\u00fcgen.<\/p>\n<p>&nbsp;<\/p>\n<p>Die Bev\u00f6lkerung, schliesslich auch Schweizer Uhrenhersteller und Presseverantwortliche wussten jedenfalls nicht, wie sie mit dieser Ausnahmesituation \u2013 kurz noch vor der Einf\u00fchrung von Push- und Alarmierungsmeldungen \u2013 umgehen sollten, und doch brodelte es.<\/p>\n<p><strong>Definition einer Krise<\/strong><br \/>\nKommunikation ist immer eine Frage der Per\u00ad spektive. Inwiefern ein Fehler zum Ereignis, gar zum \u00f6ffentlichen Krisenfall hochschnellt, h\u00e4ngt von Stakeholdern wie bei obigem Beispiel von Hygienikern, Experten, Sprechern, Produzen-ten, Konsumenten, sicherlich auch von den Medienvertretern ab.<\/p>\n<p>&nbsp;<\/p>\n<p>Selbstverst\u00e4ndlich ist es evident, zu dif-ferenzieren, welche internen oder externen, absichtlichen oder fahrl\u00e4ssigen Elemente wirklich eine \u00abKrise\u00bb bilden. Jedes Unterneh-men und jede Entit\u00e4t muss f\u00fcr sich selber de-finieren, was eine eigentliche \u00abKrise\u00bb bildet. Selbst eine Risikoanalyse kann in sich grosse Bewertungsl\u00fccken bergen. Viel zu oft werden Risiken nur ungen\u00fcgend systematisch und nicht vor Ort entsprechend den Tatsachen identifiziert. Diese fehlen dann in der Ge-samtbeurteilung. Oder die Risikobeschrei-bung basiert lediglich auf zwei Parametern:<\/p>\n<p>&nbsp;<\/p>\n<p><em>Eintrittswahrscheinlichkeit und Schaden-ausmass.<\/em> \u2013 Da in den meisten Unternehmen vergangenheitsorientierte, vage statistische Werte f\u00fcr die Bezifferung der Eintrittswahr-scheinlichkeit fehlen, werden Sch\u00e4tzungen aus dem Magengef\u00fchl durchgef\u00fchrt. Besser ist die Risikobeschreibung mit verschiedenen Risikoindikatoren und -treibern, wobei der Eintrittswahrscheinlichkeit eine minimere Gewichtung in der Gesamtbeschreibung zu-geteilt wird.<\/p>\n<p><strong>Der Risikomanagement-Prozess nach ONR 49001<\/strong><br \/>\nMedienleute \u2013 wie \u00fcbrigens auch Endkonsu-menten \u2013 tendieren meist dazu, in einem Sze-nario einen regelrechten Systemfehler zu er-kennen. Diese Strategie ist auf fachlicher Ebene kontraproduktiv.<\/p>\n<p>&nbsp;<\/p>\n<p>Hierzu k\u00f6nnte man Peter Sloterdijk zi-tieren, der \u00fcber verr\u00fcckte, bedrohliche Ereig-nisse sagte (\u00abMan sollte nie etwas f\u00fcr unm\u00f6g-lich halten\u00bb, Blick-Interview vom 19.03.2017): \u00abDas ist ein Effekt aus missgl\u00fcckter Verarbei-tung von Nachrichten. Eine Gefahr erleben wir, wenn wir im Busch einem L\u00f6wen begeg-nen. Gefahr bedeutet eine pr\u00e4sente Bedro-hung f\u00fcr Leib und Leben. Ein Risiko jedoch ist die mathematisch ausgedr\u00fcckte Wahrschein-lichkeit eines Schadens.\u00bb<\/p>\n<p>&nbsp;<\/p>\n<p>Offenbar ist jeder Mensch derart durch alte Muster \u00abprogrammiert\u00bb, dass er \u00abRisiko gleich in Gefahr \u00fcbersetzt \u2013 das Risiko im Massstab eins zu einer Million vergr\u00f6ssert\u00bb, erkl\u00e4rt Sloterdijik. Der Philosoph sieht den zeitgen\u00f6ssischen Menschen als jemanden, der Defizite darin zeigt, historische Unterschiede und mediale und psychologische Feinheiten differenzieren zu k\u00f6nnen.<\/p>\n<p><strong>\u00abDer Winterthurer Virus\u00bb\u2013 eine Stereotypisierung<\/strong><br \/>\nDie Schweizer Medien sprachen einst auch vom \u00abWinterthurer Virus\u00bb und bef\u00fcrchteten das Schlimmste, als im Kantonsspital Winterthur (KSW) \u00fcber das letzte November-Wochenende 2004 rund 200 Patienten und Mitarbeitende an einer Lebensmittelvergiftung litten. Es schien als ob, ein Norovirus-Typ das Image des zehnt-gr\u00f6ssten Spitals der Schweiz aufl\u00f6ste.<\/p>\n<p>&nbsp;<\/p>\n<p>Typen des Norovirus treten immer wieder auf. Sie k\u00f6nnen sich \u00fcber den Hand-Mund-Kon-takt verbreiten. Man vermutet, dass es sich teil-weise auch \u00fcber die Luft, sicher \u00fcber menschli-che Fl\u00fcssigkeiten und Tr\u00f6pfchen an Objekte und Menschen \u00fcbertr\u00e4gt. Der verantwortliche Hygi-eniker des KSW, Dr. Reinhard Zbinden, ging da-von aus, dass das Virus von aussen ins Winter-thurer Spital eingeschleust worden war.<\/p>\n<p>&nbsp;<\/p>\n<p>Zbinden schloss dies aus zivilen R\u00fcck-meldungen sowie anhand von sechs Patien-ten, die am Samstag, 27. November \u2013 dem Epidemiestart \u2013, bereits infiziert eingeliefert worden waren. Im Zeitraum vom 27. Novem-ber bis zum 17. Dezember erkrankten am KSW insgesamt 579 Personen am Norovirus. Bei 215 davon handelte es sich um Patienten, die restlichen 364 Infizierten waren Mitar-beiter des Spitals.<\/p>\n<p>&nbsp;<\/p>\n<p>Am meisten Neuerkrankungen ergaben sich kurz nach Erkennen der Epidemie, bevor die Massnahmen dagegen greifen konnten. Die Ausl\u00f6ser der Magendarm-Epidemie kennt man auch heute nicht genau. Waren es ver-seuchte H\u00fchnchen, die im Raum Winterthur ausgeliefert wurden, war es eine allgemein schlechte Hygiene bei Spitalmitarbeitenden?<\/p>\n<p>&nbsp;<\/p>\n<p>Studien gehen davon aus, gegen 40 Prozent des medizinischen Personals w\u00fcrden sich im Normalfall nicht an die Standardvorschrift des regelm\u00e4ssigen H\u00e4ndewaschens halten. Reinhard Zbinden veranlasste fr\u00fchzeitig, Pflegearbeiten hygienisch \u00fcber Einweg-Handschuhe auszu\u00fcben.<\/p>\n<p>&nbsp;<\/p>\n<p>Erkrankte Noro-Patienten wurden unter Quarant\u00e4ne gestellt. Dies stellt f\u00fcr ein Akutspital wie das KSW, mit einer Kapazit\u00e4t von 500 Betten und sonstigen OP-Notf\u00e4llen, ein komplexes Problem dar, welches dann von der Spitalleitung als Krisensituation eingestuft wurde. Nichtsdestotrotz entschied sich die Spitalleitung, die K\u00fcche auf gewohntem Qualit\u00e4tsniveau weiterzuf\u00fchren.<\/p>\n<p>&nbsp;<\/p>\n<p>Andreas Widmer, der Leiter Spitalhygiene des Universit\u00e4tsspitals Basel, unterstreicht: \u00abEs gibt nicht den Norovirus. Alle Noroviren mutieren. Daher kann man sich sogar mehrere Male anstecken.\u00bb Je nachdem sei auch die Empfindlichkeit auf das Virus unterschiedlich. \u2013 Nicht nur Angestellte sollten im Umgang mit solchen Epidemien geschult werden, auch Medienverantwortliche sollten Ursachen und eintretende Effekte zuerst verstehen \u2013 bevor sie Kontroversen in der Bev\u00f6lkerung lostreten.<\/p>\n<p><strong>Digitale St\u00fcrme <\/strong><br \/>\nOb Fehlverhalten von Gemeindevorstehern, Insolvenzen oder vergammelte Lebensmittel: Unternehmensverantwortliche stehen so schnell am medialen Pranger wie noch nie. Die allgemeine Forderung nach Transparenz und die vielf\u00e4ltigen Interaktionsm\u00f6glichkeiten \u00fcber Social Media lassen leitende Angestellte \u00abwie Fische im Aquarium\u00bb erscheinen.<\/p>\n<p>&nbsp;<\/p>\n<p>Es scheint, Geheimnisse zu wahren und Verfehlungen vor der \u00d6ffentlichkeit zu verbergen, wird immer schwieriger. So musste ein Pharma-Chef den astronomischen Preis eines Aids-Medikaments herabsetzen, nachdem heftige Proteste auf ihn und sein Unternehmen niederprasselten. Das zeigt: Es fehlt nicht nur am Preis-, sondern oft auch an einem Issue-Management zur Einsch\u00e4tzung seiner potentiellen Bedarfstr\u00e4ger und Kunden. Dar\u00fcber hinaus sollte man jedoch Krisenmanagement \u00abtrainieren\u00bb.<\/p>\n<p>&nbsp;<\/p>\n<p>Gewiss hilft eine fr\u00fchzeitige Beobachtung aller Kommunikationskan\u00e4le, darunter auch jene der digitalen Medien, um Gefahrenpotenziale fr\u00fchzeitig noch steuern zu k\u00f6nnen. Denn die Digitalisierung hat dazu gef\u00fchrt, dass sich die Kommunikation in der Gesellschaft deutlich ver\u00e4ndert: weg von einer ausschliesslich offiziellen Berichterstattung hin zur fast totalen Interaktion \u00fcber verschiedene Kommunit\u00e4ten und soziale Kan\u00e4le hinweg. Schliesslich gilt:<\/p>\n<p>&nbsp;<\/p>\n<p>Richtiges Issue Monitoring bedeutet, nicht nur Daten kontinuierlich auszuleuchten und zu moderieren, es bedeutet, in aussergew\u00f6hnlichen Krisen m\u00f6glichst so zu kommunizieren, dass die Reputation nicht schwindet.<\/p>\n","protected":false},"excerpt":{"rendered":"<p>&nbsp; &nbsp; &nbsp; Im Gegensatz zu kursierenden Waren- und Produktefehlern bleiben Image- und Reputati- onsverluste viel l\u00e4nger in Erinnerung. Beson- ders hellh\u00f6rig wird die \u00d6ffentlichkeit bei Fehl- griffen oder \u00dcbertretungen, die f\u00fchrende Ex- ponenten und Konzerne eingehen. Experten sprechen von unterschiedlichen Wahrneh- mungssilos, was die \u00f6ffentliche Meinung zur Krisengewichtung anbetrifft. &nbsp; Wo einst Messen als [&hellip;]<\/p>\n","protected":false},"author":62,"featured_media":11304,"comment_status":"closed","ping_status":"closed","sticky":false,"template":"","format":"standard","meta":{"_acf_changed":false,"footnotes":""},"categories":[4],"tags":[4773],"class_list":["post-11272","post","type-post","status-publish","format-standard","has-post-thumbnail","hentry","category-risikomanagement","tag-05-2017"],"acf":[],"yoast_head":"<!-- This site is optimized with the Yoast SEO plugin v26.2 - https:\/\/yoast.com\/wordpress\/plugins\/seo\/ -->\n<title>Neue Dimensionen der Krisenkommunikation - MQ Management und Qualit\u00e4t<\/title>\n<meta name=\"description\" content=\"Dass es Krisen gibt, ist so sicher wie das Amen in der Kirche. Es gibt heute mehrunternehmerische Herausforderungen, geschweige denn Skandale und Wortge-fechte, als man denkt. Nicht nur \u00fcber die \u00fcblichen Medien und Foren, neustenswerden exponierte Unternehmen auch \u00fcber Social-Media-Plattformen unterDruck gesetzt.\" \/>\n<meta name=\"robots\" content=\"index, follow, max-snippet:-1, max-image-preview:large, max-video-preview:-1\" \/>\n<link rel=\"canonical\" href=\"https:\/\/www.m-q.ch\/de\/neue-dimensionen-der-krisenkommunikation\/\" \/>\n<meta property=\"og:locale\" content=\"de_DE\" \/>\n<meta property=\"og:type\" content=\"article\" \/>\n<meta property=\"og:title\" content=\"Neue Dimensionen der Krisenkommunikation - MQ Management und Qualit\u00e4t\" \/>\n<meta property=\"og:description\" content=\"Dass es Krisen gibt, ist so sicher wie das Amen in der Kirche. Es gibt heute mehrunternehmerische Herausforderungen, geschweige denn Skandale und Wortge-fechte, als man denkt. Nicht nur \u00fcber die \u00fcblichen Medien und Foren, neustenswerden exponierte Unternehmen auch \u00fcber Social-Media-Plattformen unterDruck gesetzt.\" \/>\n<meta property=\"og:url\" content=\"https:\/\/www.m-q.ch\/de\/neue-dimensionen-der-krisenkommunikation\/\" \/>\n<meta property=\"og:site_name\" content=\"MQ Management und Qualit\u00e4t\" \/>\n<meta property=\"article:publisher\" content=\"https:\/\/www.facebook.com\/ManagementUndQualitaet\" \/>\n<meta property=\"article:published_time\" content=\"2017-05-13T06:38:48+00:00\" \/>\n<meta property=\"article:modified_time\" content=\"2021-02-13T08:21:21+00:00\" \/>\n<meta property=\"og:image\" content=\"https:\/\/www.m-q.ch\/wp-content\/uploads\/2021\/02\/Neue-Dimensionen-der-Krisenkommunikation.jpg\" \/>\n\t<meta property=\"og:image:width\" content=\"871\" \/>\n\t<meta property=\"og:image:height\" content=\"566\" \/>\n\t<meta property=\"og:image:type\" content=\"image\/jpeg\" \/>\n<meta name=\"author\" content=\"upwork_2\" \/>\n<meta name=\"twitter:card\" content=\"summary_large_image\" \/>\n<meta name=\"twitter:label1\" content=\"Verfasst von\" \/>\n\t<meta name=\"twitter:data1\" content=\"upwork_2\" \/>\n\t<meta name=\"twitter:label2\" content=\"Gesch\u00e4tzte Lesezeit\" \/>\n\t<meta name=\"twitter:data2\" content=\"7\u00a0Minuten\" \/>\n<script type=\"application\/ld+json\" class=\"yoast-schema-graph\">{\"@context\":\"https:\/\/schema.org\",\"@graph\":[{\"@type\":\"Article\",\"@id\":\"https:\/\/www.m-q.ch\/neue-dimensionen-der-krisenkommunikation\/#article\",\"isPartOf\":{\"@id\":\"https:\/\/www.m-q.ch\/neue-dimensionen-der-krisenkommunikation\/\"},\"author\":{\"name\":\"upwork_2\",\"@id\":\"https:\/\/www.m-q.ch\/fr\/#\/schema\/person\/71f647a41e4a3e361e6230f5134f3ba9\"},\"headline\":\"Neue Dimensionen der Krisenkommunikation\",\"datePublished\":\"2017-05-13T06:38:48+00:00\",\"dateModified\":\"2021-02-13T08:21:21+00:00\",\"mainEntityOfPage\":{\"@id\":\"https:\/\/www.m-q.ch\/neue-dimensionen-der-krisenkommunikation\/\"},\"wordCount\":1312,\"publisher\":{\"@id\":\"https:\/\/www.m-q.ch\/fr\/#organization\"},\"image\":{\"@id\":\"https:\/\/www.m-q.ch\/neue-dimensionen-der-krisenkommunikation\/#primaryimage\"},\"thumbnailUrl\":\"https:\/\/www.m-q.ch\/wp-content\/uploads\/2021\/02\/Neue-Dimensionen-der-Krisenkommunikation.jpg\",\"keywords\":[\"05\/2017\"],\"articleSection\":[\"Risikomanagement\"],\"inLanguage\":\"de\"},{\"@type\":\"WebPage\",\"@id\":\"https:\/\/www.m-q.ch\/neue-dimensionen-der-krisenkommunikation\/\",\"url\":\"https:\/\/www.m-q.ch\/neue-dimensionen-der-krisenkommunikation\/\",\"name\":\"Neue Dimensionen der Krisenkommunikation - MQ Management und Qualit\u00e4t\",\"isPartOf\":{\"@id\":\"https:\/\/www.m-q.ch\/fr\/#website\"},\"primaryImageOfPage\":{\"@id\":\"https:\/\/www.m-q.ch\/neue-dimensionen-der-krisenkommunikation\/#primaryimage\"},\"image\":{\"@id\":\"https:\/\/www.m-q.ch\/neue-dimensionen-der-krisenkommunikation\/#primaryimage\"},\"thumbnailUrl\":\"https:\/\/www.m-q.ch\/wp-content\/uploads\/2021\/02\/Neue-Dimensionen-der-Krisenkommunikation.jpg\",\"datePublished\":\"2017-05-13T06:38:48+00:00\",\"dateModified\":\"2021-02-13T08:21:21+00:00\",\"description\":\"Dass es Krisen gibt, ist so sicher wie das Amen in der Kirche. Es gibt heute mehrunternehmerische Herausforderungen, geschweige denn Skandale und Wortge-fechte, als man denkt. Nicht nur \u00fcber die \u00fcblichen Medien und Foren, neustenswerden exponierte Unternehmen auch \u00fcber Social-Media-Plattformen unterDruck gesetzt.\",\"breadcrumb\":{\"@id\":\"https:\/\/www.m-q.ch\/neue-dimensionen-der-krisenkommunikation\/#breadcrumb\"},\"inLanguage\":\"de\",\"potentialAction\":[{\"@type\":\"ReadAction\",\"target\":[\"https:\/\/www.m-q.ch\/neue-dimensionen-der-krisenkommunikation\/\"]}]},{\"@type\":\"ImageObject\",\"inLanguage\":\"de\",\"@id\":\"https:\/\/www.m-q.ch\/neue-dimensionen-der-krisenkommunikation\/#primaryimage\",\"url\":\"https:\/\/www.m-q.ch\/wp-content\/uploads\/2021\/02\/Neue-Dimensionen-der-Krisenkommunikation.jpg\",\"contentUrl\":\"https:\/\/www.m-q.ch\/wp-content\/uploads\/2021\/02\/Neue-Dimensionen-der-Krisenkommunikation.jpg\",\"width\":871,\"height\":566,\"caption\":\"Neue Dimensionen der Krisenkommunikation\"},{\"@type\":\"BreadcrumbList\",\"@id\":\"https:\/\/www.m-q.ch\/neue-dimensionen-der-krisenkommunikation\/#breadcrumb\",\"itemListElement\":[{\"@type\":\"ListItem\",\"position\":1,\"name\":\"Risikomanagement\",\"item\":\"https:\/\/www.m-q.ch\/kategorie\/risikomanagement\/\"},{\"@type\":\"ListItem\",\"position\":2,\"name\":\"Neue Dimensionen der Krisenkommunikation\"}]},{\"@type\":\"WebSite\",\"@id\":\"https:\/\/www.m-q.ch\/fr\/#website\",\"url\":\"https:\/\/www.m-q.ch\/fr\/\",\"name\":\"MQ Management und Qualit\u00e4t\",\"description\":\"Plattform f\u00fcr integrierte Managementsysteme.\",\"publisher\":{\"@id\":\"https:\/\/www.m-q.ch\/fr\/#organization\"},\"potentialAction\":[{\"@type\":\"SearchAction\",\"target\":{\"@type\":\"EntryPoint\",\"urlTemplate\":\"https:\/\/www.m-q.ch\/fr\/?s={search_term_string}\"},\"query-input\":{\"@type\":\"PropertyValueSpecification\",\"valueRequired\":true,\"valueName\":\"search_term_string\"}}],\"inLanguage\":\"de\"},{\"@type\":\"Organization\",\"@id\":\"https:\/\/www.m-q.ch\/fr\/#organization\",\"name\":\"Galledia Fachmedien AG\",\"url\":\"https:\/\/www.m-q.ch\/fr\/\",\"logo\":{\"@type\":\"ImageObject\",\"inLanguage\":\"de\",\"@id\":\"https:\/\/www.m-q.ch\/fr\/#\/schema\/logo\/image\/\",\"url\":\"https:\/\/www.m-q.ch\/wp-content\/uploads\/2020\/12\/cropped-logo_small.png\",\"contentUrl\":\"https:\/\/www.m-q.ch\/wp-content\/uploads\/2020\/12\/cropped-logo_small.png\",\"width\":512,\"height\":512,\"caption\":\"Galledia Fachmedien AG\"},\"image\":{\"@id\":\"https:\/\/www.m-q.ch\/fr\/#\/schema\/logo\/image\/\"},\"sameAs\":[\"https:\/\/www.facebook.com\/ManagementUndQualitaet\",\"https:\/\/www.linkedin.com\/showcase\/17982321\/admin\/\"]},{\"@type\":\"Person\",\"@id\":\"https:\/\/www.m-q.ch\/fr\/#\/schema\/person\/71f647a41e4a3e361e6230f5134f3ba9\",\"name\":\"upwork_2\",\"image\":{\"@type\":\"ImageObject\",\"inLanguage\":\"de\",\"@id\":\"https:\/\/www.m-q.ch\/fr\/#\/schema\/person\/image\/\",\"url\":\"https:\/\/secure.gravatar.com\/avatar\/777b90ab56092bbf3c85feacda5c1bce?s=96&d=mm&r=g\",\"contentUrl\":\"https:\/\/secure.gravatar.com\/avatar\/777b90ab56092bbf3c85feacda5c1bce?s=96&d=mm&r=g\",\"caption\":\"upwork_2\"},\"url\":\"https:\/\/www.m-q.ch\/de\/author\/upwork_2\/\"}]}<\/script>\n<!-- \/ Yoast SEO plugin. -->","yoast_head_json":{"title":"Neue Dimensionen der Krisenkommunikation - MQ Management und Qualit\u00e4t","description":"Dass es Krisen gibt, ist so sicher wie das Amen in der Kirche. Es gibt heute mehrunternehmerische Herausforderungen, geschweige denn Skandale und Wortge-fechte, als man denkt. Nicht nur \u00fcber die \u00fcblichen Medien und Foren, neustenswerden exponierte Unternehmen auch \u00fcber Social-Media-Plattformen unterDruck gesetzt.","robots":{"index":"index","follow":"follow","max-snippet":"max-snippet:-1","max-image-preview":"max-image-preview:large","max-video-preview":"max-video-preview:-1"},"canonical":"https:\/\/www.m-q.ch\/de\/neue-dimensionen-der-krisenkommunikation\/","og_locale":"de_DE","og_type":"article","og_title":"Neue Dimensionen der Krisenkommunikation - MQ Management und Qualit\u00e4t","og_description":"Dass es Krisen gibt, ist so sicher wie das Amen in der Kirche. Es gibt heute mehrunternehmerische Herausforderungen, geschweige denn Skandale und Wortge-fechte, als man denkt. Nicht nur \u00fcber die \u00fcblichen Medien und Foren, neustenswerden exponierte Unternehmen auch \u00fcber Social-Media-Plattformen unterDruck gesetzt.","og_url":"https:\/\/www.m-q.ch\/de\/neue-dimensionen-der-krisenkommunikation\/","og_site_name":"MQ Management und Qualit\u00e4t","article_publisher":"https:\/\/www.facebook.com\/ManagementUndQualitaet","article_published_time":"2017-05-13T06:38:48+00:00","article_modified_time":"2021-02-13T08:21:21+00:00","og_image":[{"width":871,"height":566,"url":"https:\/\/www.m-q.ch\/wp-content\/uploads\/2021\/02\/Neue-Dimensionen-der-Krisenkommunikation.jpg","type":"image\/jpeg"}],"author":"upwork_2","twitter_card":"summary_large_image","twitter_misc":{"Verfasst von":"upwork_2","Gesch\u00e4tzte Lesezeit":"7\u00a0Minuten"},"schema":{"@context":"https:\/\/schema.org","@graph":[{"@type":"Article","@id":"https:\/\/www.m-q.ch\/neue-dimensionen-der-krisenkommunikation\/#article","isPartOf":{"@id":"https:\/\/www.m-q.ch\/neue-dimensionen-der-krisenkommunikation\/"},"author":{"name":"upwork_2","@id":"https:\/\/www.m-q.ch\/fr\/#\/schema\/person\/71f647a41e4a3e361e6230f5134f3ba9"},"headline":"Neue Dimensionen der Krisenkommunikation","datePublished":"2017-05-13T06:38:48+00:00","dateModified":"2021-02-13T08:21:21+00:00","mainEntityOfPage":{"@id":"https:\/\/www.m-q.ch\/neue-dimensionen-der-krisenkommunikation\/"},"wordCount":1312,"publisher":{"@id":"https:\/\/www.m-q.ch\/fr\/#organization"},"image":{"@id":"https:\/\/www.m-q.ch\/neue-dimensionen-der-krisenkommunikation\/#primaryimage"},"thumbnailUrl":"https:\/\/www.m-q.ch\/wp-content\/uploads\/2021\/02\/Neue-Dimensionen-der-Krisenkommunikation.jpg","keywords":["05\/2017"],"articleSection":["Risikomanagement"],"inLanguage":"de"},{"@type":"WebPage","@id":"https:\/\/www.m-q.ch\/neue-dimensionen-der-krisenkommunikation\/","url":"https:\/\/www.m-q.ch\/neue-dimensionen-der-krisenkommunikation\/","name":"Neue Dimensionen der Krisenkommunikation - MQ Management und Qualit\u00e4t","isPartOf":{"@id":"https:\/\/www.m-q.ch\/fr\/#website"},"primaryImageOfPage":{"@id":"https:\/\/www.m-q.ch\/neue-dimensionen-der-krisenkommunikation\/#primaryimage"},"image":{"@id":"https:\/\/www.m-q.ch\/neue-dimensionen-der-krisenkommunikation\/#primaryimage"},"thumbnailUrl":"https:\/\/www.m-q.ch\/wp-content\/uploads\/2021\/02\/Neue-Dimensionen-der-Krisenkommunikation.jpg","datePublished":"2017-05-13T06:38:48+00:00","dateModified":"2021-02-13T08:21:21+00:00","description":"Dass es Krisen gibt, ist so sicher wie das Amen in der Kirche. Es gibt heute mehrunternehmerische Herausforderungen, geschweige denn Skandale und Wortge-fechte, als man denkt. Nicht nur \u00fcber die \u00fcblichen Medien und Foren, neustenswerden exponierte Unternehmen auch \u00fcber Social-Media-Plattformen unterDruck gesetzt.","breadcrumb":{"@id":"https:\/\/www.m-q.ch\/neue-dimensionen-der-krisenkommunikation\/#breadcrumb"},"inLanguage":"de","potentialAction":[{"@type":"ReadAction","target":["https:\/\/www.m-q.ch\/neue-dimensionen-der-krisenkommunikation\/"]}]},{"@type":"ImageObject","inLanguage":"de","@id":"https:\/\/www.m-q.ch\/neue-dimensionen-der-krisenkommunikation\/#primaryimage","url":"https:\/\/www.m-q.ch\/wp-content\/uploads\/2021\/02\/Neue-Dimensionen-der-Krisenkommunikation.jpg","contentUrl":"https:\/\/www.m-q.ch\/wp-content\/uploads\/2021\/02\/Neue-Dimensionen-der-Krisenkommunikation.jpg","width":871,"height":566,"caption":"Neue Dimensionen der Krisenkommunikation"},{"@type":"BreadcrumbList","@id":"https:\/\/www.m-q.ch\/neue-dimensionen-der-krisenkommunikation\/#breadcrumb","itemListElement":[{"@type":"ListItem","position":1,"name":"Risikomanagement","item":"https:\/\/www.m-q.ch\/kategorie\/risikomanagement\/"},{"@type":"ListItem","position":2,"name":"Neue Dimensionen der Krisenkommunikation"}]},{"@type":"WebSite","@id":"https:\/\/www.m-q.ch\/fr\/#website","url":"https:\/\/www.m-q.ch\/fr\/","name":"MQ Management und Qualit\u00e4t","description":"Plattform f\u00fcr integrierte Managementsysteme.","publisher":{"@id":"https:\/\/www.m-q.ch\/fr\/#organization"},"potentialAction":[{"@type":"SearchAction","target":{"@type":"EntryPoint","urlTemplate":"https:\/\/www.m-q.ch\/fr\/?s={search_term_string}"},"query-input":{"@type":"PropertyValueSpecification","valueRequired":true,"valueName":"search_term_string"}}],"inLanguage":"de"},{"@type":"Organization","@id":"https:\/\/www.m-q.ch\/fr\/#organization","name":"Galledia Fachmedien AG","url":"https:\/\/www.m-q.ch\/fr\/","logo":{"@type":"ImageObject","inLanguage":"de","@id":"https:\/\/www.m-q.ch\/fr\/#\/schema\/logo\/image\/","url":"https:\/\/www.m-q.ch\/wp-content\/uploads\/2020\/12\/cropped-logo_small.png","contentUrl":"https:\/\/www.m-q.ch\/wp-content\/uploads\/2020\/12\/cropped-logo_small.png","width":512,"height":512,"caption":"Galledia Fachmedien AG"},"image":{"@id":"https:\/\/www.m-q.ch\/fr\/#\/schema\/logo\/image\/"},"sameAs":["https:\/\/www.facebook.com\/ManagementUndQualitaet","https:\/\/www.linkedin.com\/showcase\/17982321\/admin\/"]},{"@type":"Person","@id":"https:\/\/www.m-q.ch\/fr\/#\/schema\/person\/71f647a41e4a3e361e6230f5134f3ba9","name":"upwork_2","image":{"@type":"ImageObject","inLanguage":"de","@id":"https:\/\/www.m-q.ch\/fr\/#\/schema\/person\/image\/","url":"https:\/\/secure.gravatar.com\/avatar\/777b90ab56092bbf3c85feacda5c1bce?s=96&d=mm&r=g","contentUrl":"https:\/\/secure.gravatar.com\/avatar\/777b90ab56092bbf3c85feacda5c1bce?s=96&d=mm&r=g","caption":"upwork_2"},"url":"https:\/\/www.m-q.ch\/de\/author\/upwork_2\/"}]}},"_links":{"self":[{"href":"https:\/\/www.m-q.ch\/de\/wp-json\/wp\/v2\/posts\/11272","targetHints":{"allow":["GET"]}}],"collection":[{"href":"https:\/\/www.m-q.ch\/de\/wp-json\/wp\/v2\/posts"}],"about":[{"href":"https:\/\/www.m-q.ch\/de\/wp-json\/wp\/v2\/types\/post"}],"author":[{"embeddable":true,"href":"https:\/\/www.m-q.ch\/de\/wp-json\/wp\/v2\/users\/62"}],"replies":[{"embeddable":true,"href":"https:\/\/www.m-q.ch\/de\/wp-json\/wp\/v2\/comments?post=11272"}],"version-history":[{"count":1,"href":"https:\/\/www.m-q.ch\/de\/wp-json\/wp\/v2\/posts\/11272\/revisions"}],"predecessor-version":[{"id":11310,"href":"https:\/\/www.m-q.ch\/de\/wp-json\/wp\/v2\/posts\/11272\/revisions\/11310"}],"wp:featuredmedia":[{"embeddable":true,"href":"https:\/\/www.m-q.ch\/de\/wp-json\/wp\/v2\/media\/11304"}],"wp:attachment":[{"href":"https:\/\/www.m-q.ch\/de\/wp-json\/wp\/v2\/media?parent=11272"}],"wp:term":[{"taxonomy":"category","embeddable":true,"href":"https:\/\/www.m-q.ch\/de\/wp-json\/wp\/v2\/categories?post=11272"},{"taxonomy":"post_tag","embeddable":true,"href":"https:\/\/www.m-q.ch\/de\/wp-json\/wp\/v2\/tags?post=11272"}],"curies":[{"name":"wp","href":"https:\/\/api.w.org\/{rel}","templated":true}]}}