{"id":11275,"date":"2017-05-19T08:38:50","date_gmt":"2017-05-19T06:38:50","guid":{"rendered":"https:\/\/www.m-q.ch\/?p=11275"},"modified":"2021-02-13T09:45:11","modified_gmt":"2021-02-13T08:45:11","slug":"erst-denken-dann-lenken","status":"publish","type":"post","link":"https:\/\/www.m-q.ch\/de\/erst-denken-dann-lenken\/","title":{"rendered":"Erst denken, dann lenken"},"content":{"rendered":"<p><img loading=\"lazy\" decoding=\"async\" class=\"alignnone size-full wp-image-11318\" src=\"https:\/\/www.m-q.ch\/wp-content\/uploads\/2021\/02\/Erst-denken-dann-lenken.jpg\" alt=\"Erst denken, dann lenken\" width=\"869\" height=\"612\" srcset=\"https:\/\/www.m-q.ch\/wp-content\/uploads\/2021\/02\/Erst-denken-dann-lenken.jpg 869w, https:\/\/www.m-q.ch\/wp-content\/uploads\/2021\/02\/Erst-denken-dann-lenken-768x541.jpg 768w, https:\/\/www.m-q.ch\/wp-content\/uploads\/2021\/02\/Erst-denken-dann-lenken-16x12.jpg 16w, https:\/\/www.m-q.ch\/wp-content\/uploads\/2021\/02\/Erst-denken-dann-lenken-248x175.jpg 248w, https:\/\/www.m-q.ch\/wp-content\/uploads\/2021\/02\/Erst-denken-dann-lenken-497x350.jpg 497w, https:\/\/www.m-q.ch\/wp-content\/uploads\/2021\/02\/Erst-denken-dann-lenken-300x211.jpg 300w\" sizes=\"auto, (max-width: 869px) 100vw, 869px\" \/><\/p>\n<p>&nbsp;<\/p>\n<p>&nbsp;<\/p>\n<p>&nbsp;<\/p>\n<p>Das Familienunternehmen HUG produziert mit rund 380 Mitarbeitenden (336 in Vollzeit) j\u00e4hrlich rund 8500 Tonnen fein Gebackenes. Unter anderem ist HUG der global gr\u00f6sste Hersteller von Tartelettes. 40 Millionen St\u00fcck in allen Varianten gingen 2016 hinaus in die Welt. Mit anderen Worten: Die HUG-Marken (HUG, DAR-VIDA und Wernli) repr\u00e4sentieren das klassische Schweizer Erfolgs- KMU.<\/p>\n<p>&nbsp;<\/p>\n<p><em><strong>Hanspeter L\u00fcthi, HUG steht f\u00fcr Herzlich, Unternehmerisch, Gewissenhaft. Was bedeutet das?<\/strong><\/em><br \/>\nUnser Familienunternehmen \u2013 die f\u00fcnfte Generation ist k\u00fcrzlich eingestiegen \u2013 legt grossen Wert auf Qualit\u00e4t, Offenheit und Ehr-lichkeit. Eier, Butter und Mehl beziehen wir aus der Nachbarschaft. Die j\u00e4hrlich verarbei-teten 1000 Tonnen Schokolade sind UTZ-zer-tifiziert. Das gesamte Palmfett stammt aus nachhaltigem Anbau. Wir sind IFS-zertifiziert (International Food Standard), haben ISO 9001, das Bio-Label f\u00fcr gewisse Produkte und produzieren \u00abAus der Region, f\u00fcr die Region\u00bb. Ausserdem unterziehen wir uns Ethik-Audits im Rahmen von SMETA SEDEX Pillar 4 (ethi-sche Nachhaltigkeit in Lieferketten und nach-haltige Produktionssysteme).<\/p>\n<p>&nbsp;<\/p>\n<p><em><strong>Vor einigen Jahren gesellte sich die Wernli AG zur HUG-Familie. Das hatte Folgen f\u00fcrs Dokumentenmanagement. <\/strong><\/em><br \/>\nAls wir Wernli \u00fcbernahmen, galt es, Abteilungen und Prozesse zu harmonisieren. Wir wollten uns n\u00e4herkommen und einheitlich darstellen. Nun hatten wir bei HUG in Malters aber bereits eine Dokumentenlenkung, die gut funktionierte. Wernli in Trimbach nutzte dagegen das Qualit\u00e4tsmanagementprogramm IQSoft der Zofinger IQS AG. Wir waren nicht sicher, ob wir dieses System wollten.<\/p>\n<p>&nbsp;<\/p>\n<p><em><strong>Wie haben Sie evaluiert und entschieden? <\/strong><\/em><br \/>\nWir haben sehr viel verlangt. Wir wollten et-was sehr, sehr Gutes, das die Anwender auch schnell einsetzen k\u00f6nnen. Funktional verlang-ten wir eine grafische Prozessdarstellung und die visuelle Pr\u00e4sentation nach unseren W\u00fcn-schen. Wir wollten die einfache Verwaltung unserer rund 2000 Dokumente inklusive Volltextsuche. Weiter erwarteten wir ein defi-nierbares Dokumentenalter, die frei definier-bare G\u00fcltigkeitsdauer f\u00fcr jedes Dokument so-wie die Nachvollziehbarkeit aller \u00c4nderungen. Auch wichtig: automatischer Schreibschutz, Verteilgruppen pro Dokument, frei w\u00e4hlbare Berechtigungsstufen und manches mehr. Klar f\u00fcr IQSoft sprach die M\u00f6glichkeit des Ausbaus \u00fcber die Dokumentenlenkung hinaus. Wir sch\u00e4tzen es, dass man nach Bedarf einzelne neue Module freischalten kann.<\/p>\n<p>&nbsp;<\/p>\n<p><em><strong>Und so w\u00e4hlte das Familienunternehmen HUG AG das Familienunternehmen IQS AG. <\/strong><\/em><br \/>\nDas war tats\u00e4chlich ein Thema. Wir planen langfristig. Also besuchten wir die IQS AG in Zofingen. Wir lernten einen stark etablierten Familienbetrieb kennen, von dem wir erwar-ten, dass er lange f\u00fcr uns da sein wird.<\/p>\n<p>&nbsp;<\/p>\n<p><em><strong>Wie verlief und verl\u00e4uft die Zusammenarbeit mit der IQS AG?<\/strong><\/em><br \/>\nWir bekamen mit Colin Kost einen erstklassi-gen Ansprechpartner. Man merkt, dass ihm<\/p>\n<p>&nbsp;<\/p>\n<p><em><strong>\u00abWer so etwas gut aufbauen will, soll investieren.\u00bb<\/strong><\/em><\/p>\n<p>&nbsp;<\/p>\n<p>die Arbeit mit uns Freude macht, selbst wenn es um Details geht. Es war und ist eine sehr kreative Partnerschaft. Colin wollte unsere Ideen kennenlernen und umsetzen.<\/p>\n<p>&nbsp;<\/p>\n<p><em><strong>Es heisst, man brauche in der Regel 95% der Zeit zum Definieren und Verstehen von Prozessen und 5% f\u00fcr das Einf\u00fchren des digitalen Systems. Wie bereiteten Sie sich auf die Einf\u00fchrung Ihrer neuen Software vor?<\/strong><\/em><br \/>\nWir haben intern stundenlang in Teams dis-kutiert und so Gehalt geschaffen. Das muss man unbedingt machen, wenn man Prozesse abbilden will. Die freie M\u00f6glichkeit der Dar-stellung mit IQSoft war dabei ein grosser Vor-teil f\u00fcr uns. Die IQS AG sendete uns ein Mus-ter. Das haben wir ausgearbeitet und Colin hat es in kurzer Zeit vor Ort designt. Da konn-ten wir viel lernen.<\/p>\n<p>&nbsp;<\/p>\n<p><em><strong>Eine bedeutende Investition, sich so pers\u00f6nlich beraten zu lassen.<\/strong><\/em><br \/>\nWer so etwas gut aufbauen will, soll investie-ren. Und nach sorgf\u00e4ltiger Vorbereitung f\u00e4ngt man am besten irgendwann an, die Doku-mente einzubauen, auch wenn noch nicht al-les perfekt ist. Wir gehen vorw\u00e4rts und stellen manche Weiche unterwegs. Gewisse Unge-reimtheiten tauchen ja eh erst im Einsatz auf.<\/p>\n<p>&nbsp;<\/p>\n<p><em><strong>Wie sieht der Alltag aus?<\/strong><\/em><br \/>\n<em><strong>Wer ist f\u00fcr was zust\u00e4ndig?<\/strong><\/em><br \/>\nDas System meldet uns montags, welche Do-kumente abgelaufen sind oder welche Prozesse zu \u00fcberpr\u00fcfen sind. Die Prozesseigner sind GL-Mitglieder. Ich selbst bin beratend dabei. Ich bin zudem verantwortlich f\u00fcr die Einhaltung der Normen. Das Q-Team modu-liert Prozesse und gibt sie zusammen mit den entsprechenden Abteilungen frei. Verschie-dene Personen im Unternehmen sind f\u00fcr die Verwaltung von Dokumenten zust\u00e4ndig. Wenn einer etwas anpasst, teilt IQSoft das allen Betroffenen mit.<\/p>\n<p>&nbsp;<\/p>\n<p><em><strong>Bei Ihnen heisst das Qualit\u00e4tsmanagement-System \u00abKompass\u00bb. Warum?<\/strong><\/em><br \/>\nWeil es kein Q-System, sondern ein Manage-ment-System ist und uns bei der Orientierung helfen soll. Das ist mir wichtig! Wir sind an unseren drei Standorten in Malters, Willisau und Trimbach als achtk\u00f6pfiges Team f\u00fcr Qua-lit\u00e4tsfragen zust\u00e4ndig. Aber der Kompass ist f\u00fcr alle Mitarbeitenden offen verf\u00fcgbar. Er ist kein Pr\u00fcfsystem, sondern er beschreibt, was zu tun ist. Aus diesem Grund legen wir auch grossen Wert darauf, dass er visuell attraktiv daherkommt. Wir verstehen den Kompass als Mittel, die HUG-Familie enger zusammenzu-bringen. Ohnehin will ich Einheitlichkeit. So ist zum Beispiel unsere Prozesslandkarte blau, genau wie unsere Homepage.<\/p>\n<p>&nbsp;<\/p>\n<p><em><strong>Wird der Kompass gut angenommen?<\/strong><\/em><br \/>\nEs findet ein reger Austausch unter den Mit-arbeitenden statt. Widerst\u00e4nde gegen ein sol-ches System gibt es aber immer. Ich publizie-re regelm\u00e4ssig Tipps zur Kompass-Nutzung. Ich m\u00f6chte die Leute gewinnen und motivie-ren, den Kompass zu verwenden. Er unter-st\u00fctzt Nachhaltigkeit. Er definiert Hand-lungsfelder und ist ins Gesamtsystem integ-riert. Es soll nicht mehr vorkommen, dass wichtiges Know-how auf irgendeiner pers\u00f6n-lichen Harddisk landet. Werden Dokumente umfassend und zentral bereitgestellt, gibt es bei Personalwechseln keinen Wissensverlust.<\/p>\n<p>&nbsp;<\/p>\n<p><em><strong>Wie geht es weiter?<\/strong><\/em><br \/>\n<em><strong>Was wird noch integriert?<\/strong><\/em><br \/>\nZurzeit umfasst der Kompass ja \u00abnur\u00bb Prozesse, Dokumente und ihre Definitionen. Die sind al-lerdings sehr gut strukturiert. Wir sind jetzt an der laufenden Systemoptimierung. Es geht ja immer noch um die Harmonisierung unserer Betriebe und Abl\u00e4ufe. Gerne integrieren w\u00fcrde ich die Pendenzenverwaltung. Das muss ich heute noch in Excel und anderswo machen. Weitere IQSoft-Module w\u00e4ren also gute Optio-<\/p>\n<p>&nbsp;<\/p>\n<p><em><strong>\u00abEs soll nicht mehr vorkommen, dass wichtiges Know-how auf irgendeiner pers\u00f6nlichen Harddisk landet.\u00bb<\/strong><\/em><\/p>\n<p>&nbsp;<\/p>\n<p>nen. Wie gesagt: Wir haben IQSoft gew\u00e4hlt, da-mit wir jederzeit ausbauen k\u00f6nnen. Die Fern-ziele sind Integration und Vereinfachung. Je weniger Systeme unsere IT zu warten hat \u2013 und es sind ja noch so viele \u2013, umso besser. Und ir-gendwann kommt dann alles gleich daher. Das m\u00f6chte ich sehr gerne erreichen.<\/p>\n","protected":false},"excerpt":{"rendered":"<p>&nbsp; &nbsp; &nbsp; Das Familienunternehmen HUG produziert mit rund 380 Mitarbeitenden (336 in Vollzeit) j\u00e4hrlich rund 8500 Tonnen fein Gebackenes. Unter anderem ist HUG der global gr\u00f6sste Hersteller von Tartelettes. 40 Millionen St\u00fcck in allen Varianten gingen 2016 hinaus in die Welt. Mit anderen Worten: Die HUG-Marken (HUG, DAR-VIDA und Wernli) repr\u00e4sentieren das klassische Schweizer [&hellip;]<\/p>\n","protected":false},"author":62,"featured_media":11318,"comment_status":"closed","ping_status":"closed","sticky":false,"template":"","format":"standard","meta":{"_acf_changed":false,"footnotes":""},"categories":[4448],"tags":[4773],"class_list":["post-11275","post","type-post","status-publish","format-standard","has-post-thumbnail","hentry","category-allgemein","tag-05-2017"],"acf":[],"yoast_head":"<!-- This site is optimized with the Yoast SEO plugin v26.2 - https:\/\/yoast.com\/wordpress\/plugins\/seo\/ -->\n<title>Erst denken, dann lenken - MQ Management und Qualit\u00e4t<\/title>\n<meta name=\"description\" content=\"Gekauft ist eine Qualit\u00e4tsmanagementsoftware sehr schnell. Aber f\u00fcr die Einf\u00fchrung sollte man sich Zeit nehmen. Unser Interview mit Hanspeter L\u00fcthi, Leiter Qualit\u00e4ts-management bei der B\u00e4ckerei HUG AG in Malters.\" \/>\n<meta name=\"robots\" content=\"index, follow, max-snippet:-1, max-image-preview:large, max-video-preview:-1\" \/>\n<link rel=\"canonical\" href=\"https:\/\/www.m-q.ch\/de\/erst-denken-dann-lenken\/\" \/>\n<meta property=\"og:locale\" content=\"de_DE\" \/>\n<meta property=\"og:type\" content=\"article\" \/>\n<meta property=\"og:title\" content=\"Erst denken, dann lenken - MQ Management und Qualit\u00e4t\" \/>\n<meta property=\"og:description\" content=\"Gekauft ist eine Qualit\u00e4tsmanagementsoftware sehr schnell. Aber f\u00fcr die Einf\u00fchrung sollte man sich Zeit nehmen. Unser Interview mit Hanspeter L\u00fcthi, Leiter Qualit\u00e4ts-management bei der B\u00e4ckerei HUG AG in Malters.\" \/>\n<meta property=\"og:url\" content=\"https:\/\/www.m-q.ch\/de\/erst-denken-dann-lenken\/\" \/>\n<meta property=\"og:site_name\" content=\"MQ Management und Qualit\u00e4t\" \/>\n<meta property=\"article:publisher\" content=\"https:\/\/www.facebook.com\/ManagementUndQualitaet\" \/>\n<meta property=\"article:published_time\" content=\"2017-05-19T06:38:50+00:00\" \/>\n<meta property=\"article:modified_time\" content=\"2021-02-13T08:45:11+00:00\" \/>\n<meta property=\"og:image\" content=\"https:\/\/www.m-q.ch\/wp-content\/uploads\/2021\/02\/Erst-denken-dann-lenken.jpg\" \/>\n\t<meta property=\"og:image:width\" content=\"869\" \/>\n\t<meta property=\"og:image:height\" content=\"612\" \/>\n\t<meta property=\"og:image:type\" content=\"image\/jpeg\" \/>\n<meta name=\"author\" content=\"upwork_2\" \/>\n<meta name=\"twitter:card\" content=\"summary_large_image\" \/>\n<meta name=\"twitter:label1\" content=\"Verfasst von\" \/>\n\t<meta name=\"twitter:data1\" content=\"upwork_2\" \/>\n\t<meta name=\"twitter:label2\" content=\"Gesch\u00e4tzte Lesezeit\" \/>\n\t<meta name=\"twitter:data2\" content=\"5\u00a0Minuten\" \/>\n<script type=\"application\/ld+json\" class=\"yoast-schema-graph\">{\"@context\":\"https:\/\/schema.org\",\"@graph\":[{\"@type\":\"Article\",\"@id\":\"https:\/\/www.m-q.ch\/erst-denken-dann-lenken\/#article\",\"isPartOf\":{\"@id\":\"https:\/\/www.m-q.ch\/erst-denken-dann-lenken\/\"},\"author\":{\"name\":\"upwork_2\",\"@id\":\"https:\/\/www.m-q.ch\/fr\/#\/schema\/person\/71f647a41e4a3e361e6230f5134f3ba9\"},\"headline\":\"Erst denken, dann lenken\",\"datePublished\":\"2017-05-19T06:38:50+00:00\",\"dateModified\":\"2021-02-13T08:45:11+00:00\",\"mainEntityOfPage\":{\"@id\":\"https:\/\/www.m-q.ch\/erst-denken-dann-lenken\/\"},\"wordCount\":1026,\"publisher\":{\"@id\":\"https:\/\/www.m-q.ch\/fr\/#organization\"},\"image\":{\"@id\":\"https:\/\/www.m-q.ch\/erst-denken-dann-lenken\/#primaryimage\"},\"thumbnailUrl\":\"https:\/\/www.m-q.ch\/wp-content\/uploads\/2021\/02\/Erst-denken-dann-lenken.jpg\",\"keywords\":[\"05\/2017\"],\"inLanguage\":\"de\"},{\"@type\":\"WebPage\",\"@id\":\"https:\/\/www.m-q.ch\/erst-denken-dann-lenken\/\",\"url\":\"https:\/\/www.m-q.ch\/erst-denken-dann-lenken\/\",\"name\":\"Erst denken, dann lenken - MQ Management und Qualit\u00e4t\",\"isPartOf\":{\"@id\":\"https:\/\/www.m-q.ch\/fr\/#website\"},\"primaryImageOfPage\":{\"@id\":\"https:\/\/www.m-q.ch\/erst-denken-dann-lenken\/#primaryimage\"},\"image\":{\"@id\":\"https:\/\/www.m-q.ch\/erst-denken-dann-lenken\/#primaryimage\"},\"thumbnailUrl\":\"https:\/\/www.m-q.ch\/wp-content\/uploads\/2021\/02\/Erst-denken-dann-lenken.jpg\",\"datePublished\":\"2017-05-19T06:38:50+00:00\",\"dateModified\":\"2021-02-13T08:45:11+00:00\",\"description\":\"Gekauft ist eine Qualit\u00e4tsmanagementsoftware sehr schnell. Aber f\u00fcr die Einf\u00fchrung sollte man sich Zeit nehmen. Unser Interview mit Hanspeter L\u00fcthi, Leiter Qualit\u00e4ts-management bei der B\u00e4ckerei HUG AG in Malters.\",\"breadcrumb\":{\"@id\":\"https:\/\/www.m-q.ch\/erst-denken-dann-lenken\/#breadcrumb\"},\"inLanguage\":\"de\",\"potentialAction\":[{\"@type\":\"ReadAction\",\"target\":[\"https:\/\/www.m-q.ch\/erst-denken-dann-lenken\/\"]}]},{\"@type\":\"ImageObject\",\"inLanguage\":\"de\",\"@id\":\"https:\/\/www.m-q.ch\/erst-denken-dann-lenken\/#primaryimage\",\"url\":\"https:\/\/www.m-q.ch\/wp-content\/uploads\/2021\/02\/Erst-denken-dann-lenken.jpg\",\"contentUrl\":\"https:\/\/www.m-q.ch\/wp-content\/uploads\/2021\/02\/Erst-denken-dann-lenken.jpg\",\"width\":869,\"height\":612,\"caption\":\"Erst denken, dann lenken\"},{\"@type\":\"BreadcrumbList\",\"@id\":\"https:\/\/www.m-q.ch\/erst-denken-dann-lenken\/#breadcrumb\",\"itemListElement\":[{\"@type\":\"ListItem\",\"position\":1,\"name\":\"Allgemein\",\"item\":\"https:\/\/www.m-q.ch\/kategorie\/allgemein\/\"},{\"@type\":\"ListItem\",\"position\":2,\"name\":\"Erst denken, dann lenken\"}]},{\"@type\":\"WebSite\",\"@id\":\"https:\/\/www.m-q.ch\/fr\/#website\",\"url\":\"https:\/\/www.m-q.ch\/fr\/\",\"name\":\"MQ Management und Qualit\u00e4t\",\"description\":\"Plattform f\u00fcr integrierte Managementsysteme.\",\"publisher\":{\"@id\":\"https:\/\/www.m-q.ch\/fr\/#organization\"},\"potentialAction\":[{\"@type\":\"SearchAction\",\"target\":{\"@type\":\"EntryPoint\",\"urlTemplate\":\"https:\/\/www.m-q.ch\/fr\/?s={search_term_string}\"},\"query-input\":{\"@type\":\"PropertyValueSpecification\",\"valueRequired\":true,\"valueName\":\"search_term_string\"}}],\"inLanguage\":\"de\"},{\"@type\":\"Organization\",\"@id\":\"https:\/\/www.m-q.ch\/fr\/#organization\",\"name\":\"Galledia Fachmedien AG\",\"url\":\"https:\/\/www.m-q.ch\/fr\/\",\"logo\":{\"@type\":\"ImageObject\",\"inLanguage\":\"de\",\"@id\":\"https:\/\/www.m-q.ch\/fr\/#\/schema\/logo\/image\/\",\"url\":\"https:\/\/www.m-q.ch\/wp-content\/uploads\/2020\/12\/cropped-logo_small.png\",\"contentUrl\":\"https:\/\/www.m-q.ch\/wp-content\/uploads\/2020\/12\/cropped-logo_small.png\",\"width\":512,\"height\":512,\"caption\":\"Galledia Fachmedien AG\"},\"image\":{\"@id\":\"https:\/\/www.m-q.ch\/fr\/#\/schema\/logo\/image\/\"},\"sameAs\":[\"https:\/\/www.facebook.com\/ManagementUndQualitaet\",\"https:\/\/www.linkedin.com\/showcase\/17982321\/admin\/\"]},{\"@type\":\"Person\",\"@id\":\"https:\/\/www.m-q.ch\/fr\/#\/schema\/person\/71f647a41e4a3e361e6230f5134f3ba9\",\"name\":\"upwork_2\",\"image\":{\"@type\":\"ImageObject\",\"inLanguage\":\"de\",\"@id\":\"https:\/\/www.m-q.ch\/fr\/#\/schema\/person\/image\/\",\"url\":\"https:\/\/secure.gravatar.com\/avatar\/777b90ab56092bbf3c85feacda5c1bce?s=96&d=mm&r=g\",\"contentUrl\":\"https:\/\/secure.gravatar.com\/avatar\/777b90ab56092bbf3c85feacda5c1bce?s=96&d=mm&r=g\",\"caption\":\"upwork_2\"},\"url\":\"https:\/\/www.m-q.ch\/de\/author\/upwork_2\/\"}]}<\/script>\n<!-- \/ Yoast SEO plugin. -->","yoast_head_json":{"title":"Erst denken, dann lenken - MQ Management und Qualit\u00e4t","description":"Gekauft ist eine Qualit\u00e4tsmanagementsoftware sehr schnell. Aber f\u00fcr die Einf\u00fchrung sollte man sich Zeit nehmen. Unser Interview mit Hanspeter L\u00fcthi, Leiter Qualit\u00e4ts-management bei der B\u00e4ckerei HUG AG in Malters.","robots":{"index":"index","follow":"follow","max-snippet":"max-snippet:-1","max-image-preview":"max-image-preview:large","max-video-preview":"max-video-preview:-1"},"canonical":"https:\/\/www.m-q.ch\/de\/erst-denken-dann-lenken\/","og_locale":"de_DE","og_type":"article","og_title":"Erst denken, dann lenken - MQ Management und Qualit\u00e4t","og_description":"Gekauft ist eine Qualit\u00e4tsmanagementsoftware sehr schnell. Aber f\u00fcr die Einf\u00fchrung sollte man sich Zeit nehmen. Unser Interview mit Hanspeter L\u00fcthi, Leiter Qualit\u00e4ts-management bei der B\u00e4ckerei HUG AG in Malters.","og_url":"https:\/\/www.m-q.ch\/de\/erst-denken-dann-lenken\/","og_site_name":"MQ Management und Qualit\u00e4t","article_publisher":"https:\/\/www.facebook.com\/ManagementUndQualitaet","article_published_time":"2017-05-19T06:38:50+00:00","article_modified_time":"2021-02-13T08:45:11+00:00","og_image":[{"width":869,"height":612,"url":"https:\/\/www.m-q.ch\/wp-content\/uploads\/2021\/02\/Erst-denken-dann-lenken.jpg","type":"image\/jpeg"}],"author":"upwork_2","twitter_card":"summary_large_image","twitter_misc":{"Verfasst von":"upwork_2","Gesch\u00e4tzte Lesezeit":"5\u00a0Minuten"},"schema":{"@context":"https:\/\/schema.org","@graph":[{"@type":"Article","@id":"https:\/\/www.m-q.ch\/erst-denken-dann-lenken\/#article","isPartOf":{"@id":"https:\/\/www.m-q.ch\/erst-denken-dann-lenken\/"},"author":{"name":"upwork_2","@id":"https:\/\/www.m-q.ch\/fr\/#\/schema\/person\/71f647a41e4a3e361e6230f5134f3ba9"},"headline":"Erst denken, dann lenken","datePublished":"2017-05-19T06:38:50+00:00","dateModified":"2021-02-13T08:45:11+00:00","mainEntityOfPage":{"@id":"https:\/\/www.m-q.ch\/erst-denken-dann-lenken\/"},"wordCount":1026,"publisher":{"@id":"https:\/\/www.m-q.ch\/fr\/#organization"},"image":{"@id":"https:\/\/www.m-q.ch\/erst-denken-dann-lenken\/#primaryimage"},"thumbnailUrl":"https:\/\/www.m-q.ch\/wp-content\/uploads\/2021\/02\/Erst-denken-dann-lenken.jpg","keywords":["05\/2017"],"inLanguage":"de"},{"@type":"WebPage","@id":"https:\/\/www.m-q.ch\/erst-denken-dann-lenken\/","url":"https:\/\/www.m-q.ch\/erst-denken-dann-lenken\/","name":"Erst denken, dann lenken - MQ Management und Qualit\u00e4t","isPartOf":{"@id":"https:\/\/www.m-q.ch\/fr\/#website"},"primaryImageOfPage":{"@id":"https:\/\/www.m-q.ch\/erst-denken-dann-lenken\/#primaryimage"},"image":{"@id":"https:\/\/www.m-q.ch\/erst-denken-dann-lenken\/#primaryimage"},"thumbnailUrl":"https:\/\/www.m-q.ch\/wp-content\/uploads\/2021\/02\/Erst-denken-dann-lenken.jpg","datePublished":"2017-05-19T06:38:50+00:00","dateModified":"2021-02-13T08:45:11+00:00","description":"Gekauft ist eine Qualit\u00e4tsmanagementsoftware sehr schnell. Aber f\u00fcr die Einf\u00fchrung sollte man sich Zeit nehmen. Unser Interview mit Hanspeter L\u00fcthi, Leiter Qualit\u00e4ts-management bei der B\u00e4ckerei HUG AG in Malters.","breadcrumb":{"@id":"https:\/\/www.m-q.ch\/erst-denken-dann-lenken\/#breadcrumb"},"inLanguage":"de","potentialAction":[{"@type":"ReadAction","target":["https:\/\/www.m-q.ch\/erst-denken-dann-lenken\/"]}]},{"@type":"ImageObject","inLanguage":"de","@id":"https:\/\/www.m-q.ch\/erst-denken-dann-lenken\/#primaryimage","url":"https:\/\/www.m-q.ch\/wp-content\/uploads\/2021\/02\/Erst-denken-dann-lenken.jpg","contentUrl":"https:\/\/www.m-q.ch\/wp-content\/uploads\/2021\/02\/Erst-denken-dann-lenken.jpg","width":869,"height":612,"caption":"Erst denken, dann lenken"},{"@type":"BreadcrumbList","@id":"https:\/\/www.m-q.ch\/erst-denken-dann-lenken\/#breadcrumb","itemListElement":[{"@type":"ListItem","position":1,"name":"Allgemein","item":"https:\/\/www.m-q.ch\/kategorie\/allgemein\/"},{"@type":"ListItem","position":2,"name":"Erst denken, dann lenken"}]},{"@type":"WebSite","@id":"https:\/\/www.m-q.ch\/fr\/#website","url":"https:\/\/www.m-q.ch\/fr\/","name":"MQ Management und Qualit\u00e4t","description":"Plattform f\u00fcr integrierte Managementsysteme.","publisher":{"@id":"https:\/\/www.m-q.ch\/fr\/#organization"},"potentialAction":[{"@type":"SearchAction","target":{"@type":"EntryPoint","urlTemplate":"https:\/\/www.m-q.ch\/fr\/?s={search_term_string}"},"query-input":{"@type":"PropertyValueSpecification","valueRequired":true,"valueName":"search_term_string"}}],"inLanguage":"de"},{"@type":"Organization","@id":"https:\/\/www.m-q.ch\/fr\/#organization","name":"Galledia Fachmedien AG","url":"https:\/\/www.m-q.ch\/fr\/","logo":{"@type":"ImageObject","inLanguage":"de","@id":"https:\/\/www.m-q.ch\/fr\/#\/schema\/logo\/image\/","url":"https:\/\/www.m-q.ch\/wp-content\/uploads\/2020\/12\/cropped-logo_small.png","contentUrl":"https:\/\/www.m-q.ch\/wp-content\/uploads\/2020\/12\/cropped-logo_small.png","width":512,"height":512,"caption":"Galledia Fachmedien AG"},"image":{"@id":"https:\/\/www.m-q.ch\/fr\/#\/schema\/logo\/image\/"},"sameAs":["https:\/\/www.facebook.com\/ManagementUndQualitaet","https:\/\/www.linkedin.com\/showcase\/17982321\/admin\/"]},{"@type":"Person","@id":"https:\/\/www.m-q.ch\/fr\/#\/schema\/person\/71f647a41e4a3e361e6230f5134f3ba9","name":"upwork_2","image":{"@type":"ImageObject","inLanguage":"de","@id":"https:\/\/www.m-q.ch\/fr\/#\/schema\/person\/image\/","url":"https:\/\/secure.gravatar.com\/avatar\/777b90ab56092bbf3c85feacda5c1bce?s=96&d=mm&r=g","contentUrl":"https:\/\/secure.gravatar.com\/avatar\/777b90ab56092bbf3c85feacda5c1bce?s=96&d=mm&r=g","caption":"upwork_2"},"url":"https:\/\/www.m-q.ch\/de\/author\/upwork_2\/"}]}},"_links":{"self":[{"href":"https:\/\/www.m-q.ch\/de\/wp-json\/wp\/v2\/posts\/11275","targetHints":{"allow":["GET"]}}],"collection":[{"href":"https:\/\/www.m-q.ch\/de\/wp-json\/wp\/v2\/posts"}],"about":[{"href":"https:\/\/www.m-q.ch\/de\/wp-json\/wp\/v2\/types\/post"}],"author":[{"embeddable":true,"href":"https:\/\/www.m-q.ch\/de\/wp-json\/wp\/v2\/users\/62"}],"replies":[{"embeddable":true,"href":"https:\/\/www.m-q.ch\/de\/wp-json\/wp\/v2\/comments?post=11275"}],"version-history":[{"count":2,"href":"https:\/\/www.m-q.ch\/de\/wp-json\/wp\/v2\/posts\/11275\/revisions"}],"predecessor-version":[{"id":11322,"href":"https:\/\/www.m-q.ch\/de\/wp-json\/wp\/v2\/posts\/11275\/revisions\/11322"}],"wp:featuredmedia":[{"embeddable":true,"href":"https:\/\/www.m-q.ch\/de\/wp-json\/wp\/v2\/media\/11318"}],"wp:attachment":[{"href":"https:\/\/www.m-q.ch\/de\/wp-json\/wp\/v2\/media?parent=11275"}],"wp:term":[{"taxonomy":"category","embeddable":true,"href":"https:\/\/www.m-q.ch\/de\/wp-json\/wp\/v2\/categories?post=11275"},{"taxonomy":"post_tag","embeddable":true,"href":"https:\/\/www.m-q.ch\/de\/wp-json\/wp\/v2\/tags?post=11275"}],"curies":[{"name":"wp","href":"https:\/\/api.w.org\/{rel}","templated":true}]}}