{"id":11278,"date":"2017-05-25T08:38:53","date_gmt":"2017-05-25T06:38:53","guid":{"rendered":"https:\/\/www.m-q.ch\/?p=11278"},"modified":"2021-02-13T09:56:53","modified_gmt":"2021-02-13T08:56:53","slug":"das-programm-bueroptima","status":"publish","type":"post","link":"https:\/\/www.m-q.ch\/de\/das-programm-bueroptima\/","title":{"rendered":"Das Programm \u00abB\u00fcroptima\u00bb"},"content":{"rendered":"<p>Das Unternehmen hat sich die neue B\u00fc-rokultur etwas kosten lassen. Das Mobiliar erf\u00fcllt selbstverst\u00e4ndlich h\u00f6chste Anspr\u00fcche an Energetik und Ergonomie. Dank den far-benfrohen Tischplatten soll Arbeiten nicht nur Spass machen, sondern die Leute gerade-zu physisch am Arbeitsplatz festhalten.<\/p>\n<p>&nbsp;<\/p>\n<p>Die Gesch\u00e4ftsleitung ist \u00fcberzeugt, mit dieser zugegebenermassen nicht unbeschei-denen Investition den Schritt in die Zukunft zu machen. Klar, neue Produkte zu entwi-ckeln w\u00e4re auch notwendig, die angepasste Distributionslogistik steht schon lange auf der Traktandenliste, aber man kann nicht al-les auf einmal machen.<\/p>\n<p><strong>Die schwierige Umsetzung<\/strong><br \/>\nAn der w\u00f6chentlichen Gesch\u00e4ftsleitungssit-zung hat Hannes den Auftrag erhalten, das B\u00fcro-Konzept im Detail umzusetzen und die fehlenden Einrichtungsmittel zu beschaffen. Zudem soll er die Pl\u00e4ne f\u00fcr die neue Sitzbele-gung ausarbeiten und das Reglement f\u00fcr die moderne Nutzung zeitgem\u00e4sser B\u00fcroinfra-struktur in verst\u00e4ndlicher Form aufsetzen. Hannes macht sich wie gewohnt strukturiert und akribisch an die Arbeit. Nichts soll dem Zufall \u00fcberlassen werden.<\/p>\n<p>&nbsp;<\/p>\n<p><em><strong>\u00abDie Anzahl Belegungsstunden pro Woche ergibt die Quadratmeterzahl des Raumes, der ben\u00f6tigt wird.\u00bb<\/strong><\/em><\/p>\n<p>&nbsp;<\/p>\n<p>Er entwirft einen Schl\u00fcssel, mit dem s\u00e4mtliche Diskussionen wie \u00abKollege x hat mehr Platz und Tageslicht\u00bb im Keim erstickt werden. Transparent wird er orientieren, dass das Jahresbruttogehalt in Franken divi-diert durch den Wert 7000 den Anspruch in Quadratmeter pro Arbeitsplatz ergibt. Das m\u00fcsste aufgehen, wenn man die jetzigen Ein-zelb\u00fcros in sogenannte Begegnungsr\u00e4ume umfunktioniert. Sitzungen sollen ja nach wie vor irgendwo abgehalten werden. Hier gilt die Regelung: Die Anzahl Belegungsstunden pro Woche ergibt die Quadratmeterzahl des Raumes, der ben\u00f6tigt wird. Damit ist die r\u00e4umliche Aufteilung auf solidem Funda-ment.<\/p>\n<p><strong>Top-Technik in den Begegnungsr\u00e4umen<\/strong><br \/>\nDie Begegnungsr\u00e4ume werden selbstver-st\u00e4ndlich nach neusten Erkenntnissen der Meeting-Kultur ausstaffiert. Die Licht- und Animationstechnik in diesen R\u00e4umen, die auch f\u00fcr interne Kurse benutzt werden, muss modern sein. Zwar ist dann ohne technische Grundkenntnisse eines mittleren Schulab-schlusses in Elektronik das Licht nicht mehr anzumachen. \u00abEin-Aus\u00bb war gestern \u2013 heute gilt \u00abProgramm 1-14 mit zus\u00e4tzlicher Dimm-funktion A-F\u00bb, bedienbar \u00fcber den Touch-screen vorne im Raum, der \u00fcber den Haupt-schalter im hinteren Bereich aktiviert wird.<\/p>\n<p>&nbsp;<\/p>\n<p>Logischerweise ist dieses Bedienungsboard an die Funktion der Sonnenstoren gekoppelt. Denn es ist v\u00f6llig ausgeschlossen, dass man die Storen herunterlassen will, ohne gleichzeitig den Beamer einzuschalten. Falls dies doch einmal der Fall sein sollte gibt Hannes den Tipp, den Beamer einzuschalten, auf den darunterstehenden Tisch zu steigen und mit einer Pinnwandkarte die Linse abzudecken. So bleibt der Beamer dunkel, die Roll\u00e4den sind unten und das zentrale Infrastruktur- Nervensystem erleidet keinen technischen Absturz. Allenfalls f\u00e4llt die Beamer- Lampe dem Hitzetod zum Opfer.<\/p>\n<p><strong>Das Teilprojekt \u00abClean-desk\u00bb<\/strong><br \/>\nNun kommt Hannes zum heiklen Kapitel. Mit der neuen Einrichtung wird gleichzeitig \u00abClean-desk\u00bb eingef\u00fchrt. Es d\u00fcrfen keine per-s\u00f6nlichen Gegenst\u00e4nde der Mitarbeiter an den Arbeitspl\u00e4tzen sein und auch keine B\u00fcro-Ger\u00e4te auf dem Tisch, die nicht zwingend be-n\u00f6tigt werden. Konkret darf nur derjenige ei-nen Locher auf dem Tisch stehen haben, der pro Tag mindestens 30 DIN-A4-Seiten lochen muss und mindestens ein 80 Prozent Pensum mit wiederum mindestens 60 Prozent B\u00fcro-Pr\u00e4senz hat.<\/p>\n<p>&nbsp;<\/p>\n<p>Hannes sinniert \u00fcber die nun fehlenden Fotos. Daran ist so sch\u00f6n abzulesen, in wel-cher Lebensphase der einzelne Mitarbeiter steckt. Zwischen dem 20. und 30. Lebensjahr stehen die Fotos der Freundin oder Ehefrau auf dem Tisch, zwischen dem 30. und 40. die Kinder und zwischen dem 40. und 50. die Aufnahme der neuen Harley-Davidson, be-vor mit 50 dann das Foto mit Sonnenunter-gang Einzug h\u00e4lt.<\/p>\n<p>&nbsp;<\/p>\n<p>Ja, Hannes bedauert, auf die Fotos ver-zichten zu m\u00fcssen, zumal er einen wirklich sch\u00f6nen Sonnenuntergang von seiner Frauzum Geburtstag erhalten hat.<\/p>\n","protected":false},"excerpt":{"rendered":"<p>Das Unternehmen hat sich die neue B\u00fc-rokultur etwas kosten lassen. Das Mobiliar erf\u00fcllt selbstverst\u00e4ndlich h\u00f6chste Anspr\u00fcche an Energetik und Ergonomie. Dank den far-benfrohen Tischplatten soll Arbeiten nicht nur Spass machen, sondern die Leute gerade-zu physisch am Arbeitsplatz festhalten. &nbsp; Die Gesch\u00e4ftsleitung ist \u00fcberzeugt, mit dieser zugegebenermassen nicht unbeschei-denen Investition den Schritt in die Zukunft zu [&hellip;]<\/p>\n","protected":false},"author":62,"featured_media":0,"comment_status":"closed","ping_status":"closed","sticky":false,"template":"","format":"standard","meta":{"_acf_changed":false,"footnotes":""},"categories":[4448],"tags":[4773],"class_list":["post-11278","post","type-post","status-publish","format-standard","hentry","category-allgemein","tag-05-2017"],"acf":[],"yoast_head":"<!-- This site is optimized with the Yoast SEO plugin v26.2 - https:\/\/yoast.com\/wordpress\/plugins\/seo\/ -->\n<title>Das Programm \u00abB\u00fcroptima\u00bb - MQ Management und Qualit\u00e4t<\/title>\n<meta name=\"description\" content=\"Hannes hat es kommen sehen. Auch \u00absein\u00bb Un-ternehmen f\u00fchrt Grossraumb\u00fcros mitsamt ei-nem neuen B\u00fcrokonzept ein. Die \u00abZweierzel-len\u00bb beziehungsweise \u00abEinzelb\u00fcros\u00bb f\u00fcr Vorge-setzte weichen einer modernen, kommunika-tiven und offenen B\u00fcrokultur. Farblich nach Feng-Shui abgestimmt, mit einem Raumde-sign von einer renommierten B\u00fcro-Kunst-De-signer-Agentur. Die Beleuchtung wurde von f\u00fcnf Spezialisten w\u00e4hrend drei Wochen ausge-t\u00fcftelt und m\u00fcndet in ein veritables Lumina-tions-Kunstwerk. Das Licht soll W\u00e4rme aus-strahlen, die Konzentration f\u00f6rdern und m\u00f6g-lichst unauff\u00e4llig pr\u00e4sent sein, die Mitarbeiter unbewusst durch die richtigen G\u00e4nge lotsen und gleichzeitig den modernsten Energiespar-levels entsprechen.\" \/>\n<meta name=\"robots\" content=\"index, follow, max-snippet:-1, max-image-preview:large, max-video-preview:-1\" \/>\n<link rel=\"canonical\" href=\"https:\/\/www.m-q.ch\/de\/das-programm-bueroptima\/\" \/>\n<meta property=\"og:locale\" content=\"de_DE\" \/>\n<meta property=\"og:type\" content=\"article\" \/>\n<meta property=\"og:title\" content=\"Das Programm \u00abB\u00fcroptima\u00bb - MQ Management und Qualit\u00e4t\" \/>\n<meta property=\"og:description\" content=\"Hannes hat es kommen sehen. Auch \u00absein\u00bb Un-ternehmen f\u00fchrt Grossraumb\u00fcros mitsamt ei-nem neuen B\u00fcrokonzept ein. Die \u00abZweierzel-len\u00bb beziehungsweise \u00abEinzelb\u00fcros\u00bb f\u00fcr Vorge-setzte weichen einer modernen, kommunika-tiven und offenen B\u00fcrokultur. Farblich nach Feng-Shui abgestimmt, mit einem Raumde-sign von einer renommierten B\u00fcro-Kunst-De-signer-Agentur. Die Beleuchtung wurde von f\u00fcnf Spezialisten w\u00e4hrend drei Wochen ausge-t\u00fcftelt und m\u00fcndet in ein veritables Lumina-tions-Kunstwerk. Das Licht soll W\u00e4rme aus-strahlen, die Konzentration f\u00f6rdern und m\u00f6g-lichst unauff\u00e4llig pr\u00e4sent sein, die Mitarbeiter unbewusst durch die richtigen G\u00e4nge lotsen und gleichzeitig den modernsten Energiespar-levels entsprechen.\" \/>\n<meta property=\"og:url\" content=\"https:\/\/www.m-q.ch\/de\/das-programm-bueroptima\/\" \/>\n<meta property=\"og:site_name\" content=\"MQ Management und Qualit\u00e4t\" \/>\n<meta property=\"article:publisher\" content=\"https:\/\/www.facebook.com\/ManagementUndQualitaet\" \/>\n<meta property=\"article:published_time\" content=\"2017-05-25T06:38:53+00:00\" \/>\n<meta property=\"article:modified_time\" content=\"2021-02-13T08:56:53+00:00\" \/>\n<meta name=\"author\" content=\"upwork_2\" \/>\n<meta name=\"twitter:card\" content=\"summary_large_image\" \/>\n<meta name=\"twitter:label1\" content=\"Verfasst von\" \/>\n\t<meta name=\"twitter:data1\" content=\"upwork_2\" \/>\n\t<meta name=\"twitter:label2\" content=\"Gesch\u00e4tzte Lesezeit\" \/>\n\t<meta name=\"twitter:data2\" content=\"3\u00a0Minuten\" \/>\n<script type=\"application\/ld+json\" class=\"yoast-schema-graph\">{\"@context\":\"https:\/\/schema.org\",\"@graph\":[{\"@type\":\"Article\",\"@id\":\"https:\/\/www.m-q.ch\/das-programm-bueroptima\/#article\",\"isPartOf\":{\"@id\":\"https:\/\/www.m-q.ch\/das-programm-bueroptima\/\"},\"author\":{\"name\":\"upwork_2\",\"@id\":\"https:\/\/www.m-q.ch\/fr\/#\/schema\/person\/71f647a41e4a3e361e6230f5134f3ba9\"},\"headline\":\"Das Programm \u00abB\u00fcroptima\u00bb\",\"datePublished\":\"2017-05-25T06:38:53+00:00\",\"dateModified\":\"2021-02-13T08:56:53+00:00\",\"mainEntityOfPage\":{\"@id\":\"https:\/\/www.m-q.ch\/das-programm-bueroptima\/\"},\"wordCount\":601,\"publisher\":{\"@id\":\"https:\/\/www.m-q.ch\/fr\/#organization\"},\"keywords\":[\"05\/2017\"],\"inLanguage\":\"de\"},{\"@type\":\"WebPage\",\"@id\":\"https:\/\/www.m-q.ch\/das-programm-bueroptima\/\",\"url\":\"https:\/\/www.m-q.ch\/das-programm-bueroptima\/\",\"name\":\"Das Programm \u00abB\u00fcroptima\u00bb - MQ Management und Qualit\u00e4t\",\"isPartOf\":{\"@id\":\"https:\/\/www.m-q.ch\/fr\/#website\"},\"datePublished\":\"2017-05-25T06:38:53+00:00\",\"dateModified\":\"2021-02-13T08:56:53+00:00\",\"description\":\"Hannes hat es kommen sehen. Auch \u00absein\u00bb Un-ternehmen f\u00fchrt Grossraumb\u00fcros mitsamt ei-nem neuen B\u00fcrokonzept ein. Die \u00abZweierzel-len\u00bb beziehungsweise \u00abEinzelb\u00fcros\u00bb f\u00fcr Vorge-setzte weichen einer modernen, kommunika-tiven und offenen B\u00fcrokultur. Farblich nach Feng-Shui abgestimmt, mit einem Raumde-sign von einer renommierten B\u00fcro-Kunst-De-signer-Agentur. Die Beleuchtung wurde von f\u00fcnf Spezialisten w\u00e4hrend drei Wochen ausge-t\u00fcftelt und m\u00fcndet in ein veritables Lumina-tions-Kunstwerk. Das Licht soll W\u00e4rme aus-strahlen, die Konzentration f\u00f6rdern und m\u00f6g-lichst unauff\u00e4llig pr\u00e4sent sein, die Mitarbeiter unbewusst durch die richtigen G\u00e4nge lotsen und gleichzeitig den modernsten Energiespar-levels entsprechen.\",\"breadcrumb\":{\"@id\":\"https:\/\/www.m-q.ch\/das-programm-bueroptima\/#breadcrumb\"},\"inLanguage\":\"de\",\"potentialAction\":[{\"@type\":\"ReadAction\",\"target\":[\"https:\/\/www.m-q.ch\/das-programm-bueroptima\/\"]}]},{\"@type\":\"BreadcrumbList\",\"@id\":\"https:\/\/www.m-q.ch\/das-programm-bueroptima\/#breadcrumb\",\"itemListElement\":[{\"@type\":\"ListItem\",\"position\":1,\"name\":\"Allgemein\",\"item\":\"https:\/\/www.m-q.ch\/kategorie\/allgemein\/\"},{\"@type\":\"ListItem\",\"position\":2,\"name\":\"Das Programm \u00abB\u00fcroptima\u00bb\"}]},{\"@type\":\"WebSite\",\"@id\":\"https:\/\/www.m-q.ch\/fr\/#website\",\"url\":\"https:\/\/www.m-q.ch\/fr\/\",\"name\":\"MQ Management und Qualit\u00e4t\",\"description\":\"Plattform f\u00fcr integrierte Managementsysteme.\",\"publisher\":{\"@id\":\"https:\/\/www.m-q.ch\/fr\/#organization\"},\"potentialAction\":[{\"@type\":\"SearchAction\",\"target\":{\"@type\":\"EntryPoint\",\"urlTemplate\":\"https:\/\/www.m-q.ch\/fr\/?s={search_term_string}\"},\"query-input\":{\"@type\":\"PropertyValueSpecification\",\"valueRequired\":true,\"valueName\":\"search_term_string\"}}],\"inLanguage\":\"de\"},{\"@type\":\"Organization\",\"@id\":\"https:\/\/www.m-q.ch\/fr\/#organization\",\"name\":\"Galledia Fachmedien AG\",\"url\":\"https:\/\/www.m-q.ch\/fr\/\",\"logo\":{\"@type\":\"ImageObject\",\"inLanguage\":\"de\",\"@id\":\"https:\/\/www.m-q.ch\/fr\/#\/schema\/logo\/image\/\",\"url\":\"https:\/\/www.m-q.ch\/wp-content\/uploads\/2020\/12\/cropped-logo_small.png\",\"contentUrl\":\"https:\/\/www.m-q.ch\/wp-content\/uploads\/2020\/12\/cropped-logo_small.png\",\"width\":512,\"height\":512,\"caption\":\"Galledia Fachmedien AG\"},\"image\":{\"@id\":\"https:\/\/www.m-q.ch\/fr\/#\/schema\/logo\/image\/\"},\"sameAs\":[\"https:\/\/www.facebook.com\/ManagementUndQualitaet\",\"https:\/\/www.linkedin.com\/showcase\/17982321\/admin\/\"]},{\"@type\":\"Person\",\"@id\":\"https:\/\/www.m-q.ch\/fr\/#\/schema\/person\/71f647a41e4a3e361e6230f5134f3ba9\",\"name\":\"upwork_2\",\"image\":{\"@type\":\"ImageObject\",\"inLanguage\":\"de\",\"@id\":\"https:\/\/www.m-q.ch\/fr\/#\/schema\/person\/image\/\",\"url\":\"https:\/\/secure.gravatar.com\/avatar\/777b90ab56092bbf3c85feacda5c1bce?s=96&d=mm&r=g\",\"contentUrl\":\"https:\/\/secure.gravatar.com\/avatar\/777b90ab56092bbf3c85feacda5c1bce?s=96&d=mm&r=g\",\"caption\":\"upwork_2\"},\"url\":\"https:\/\/www.m-q.ch\/de\/author\/upwork_2\/\"}]}<\/script>\n<!-- \/ Yoast SEO plugin. -->","yoast_head_json":{"title":"Das Programm \u00abB\u00fcroptima\u00bb - MQ Management und Qualit\u00e4t","description":"Hannes hat es kommen sehen. Auch \u00absein\u00bb Un-ternehmen f\u00fchrt Grossraumb\u00fcros mitsamt ei-nem neuen B\u00fcrokonzept ein. Die \u00abZweierzel-len\u00bb beziehungsweise \u00abEinzelb\u00fcros\u00bb f\u00fcr Vorge-setzte weichen einer modernen, kommunika-tiven und offenen B\u00fcrokultur. Farblich nach Feng-Shui abgestimmt, mit einem Raumde-sign von einer renommierten B\u00fcro-Kunst-De-signer-Agentur. Die Beleuchtung wurde von f\u00fcnf Spezialisten w\u00e4hrend drei Wochen ausge-t\u00fcftelt und m\u00fcndet in ein veritables Lumina-tions-Kunstwerk. Das Licht soll W\u00e4rme aus-strahlen, die Konzentration f\u00f6rdern und m\u00f6g-lichst unauff\u00e4llig pr\u00e4sent sein, die Mitarbeiter unbewusst durch die richtigen G\u00e4nge lotsen und gleichzeitig den modernsten Energiespar-levels entsprechen.","robots":{"index":"index","follow":"follow","max-snippet":"max-snippet:-1","max-image-preview":"max-image-preview:large","max-video-preview":"max-video-preview:-1"},"canonical":"https:\/\/www.m-q.ch\/de\/das-programm-bueroptima\/","og_locale":"de_DE","og_type":"article","og_title":"Das Programm \u00abB\u00fcroptima\u00bb - MQ Management und Qualit\u00e4t","og_description":"Hannes hat es kommen sehen. Auch \u00absein\u00bb Un-ternehmen f\u00fchrt Grossraumb\u00fcros mitsamt ei-nem neuen B\u00fcrokonzept ein. Die \u00abZweierzel-len\u00bb beziehungsweise \u00abEinzelb\u00fcros\u00bb f\u00fcr Vorge-setzte weichen einer modernen, kommunika-tiven und offenen B\u00fcrokultur. Farblich nach Feng-Shui abgestimmt, mit einem Raumde-sign von einer renommierten B\u00fcro-Kunst-De-signer-Agentur. Die Beleuchtung wurde von f\u00fcnf Spezialisten w\u00e4hrend drei Wochen ausge-t\u00fcftelt und m\u00fcndet in ein veritables Lumina-tions-Kunstwerk. Das Licht soll W\u00e4rme aus-strahlen, die Konzentration f\u00f6rdern und m\u00f6g-lichst unauff\u00e4llig pr\u00e4sent sein, die Mitarbeiter unbewusst durch die richtigen G\u00e4nge lotsen und gleichzeitig den modernsten Energiespar-levels entsprechen.","og_url":"https:\/\/www.m-q.ch\/de\/das-programm-bueroptima\/","og_site_name":"MQ Management und Qualit\u00e4t","article_publisher":"https:\/\/www.facebook.com\/ManagementUndQualitaet","article_published_time":"2017-05-25T06:38:53+00:00","article_modified_time":"2021-02-13T08:56:53+00:00","author":"upwork_2","twitter_card":"summary_large_image","twitter_misc":{"Verfasst von":"upwork_2","Gesch\u00e4tzte Lesezeit":"3\u00a0Minuten"},"schema":{"@context":"https:\/\/schema.org","@graph":[{"@type":"Article","@id":"https:\/\/www.m-q.ch\/das-programm-bueroptima\/#article","isPartOf":{"@id":"https:\/\/www.m-q.ch\/das-programm-bueroptima\/"},"author":{"name":"upwork_2","@id":"https:\/\/www.m-q.ch\/fr\/#\/schema\/person\/71f647a41e4a3e361e6230f5134f3ba9"},"headline":"Das Programm \u00abB\u00fcroptima\u00bb","datePublished":"2017-05-25T06:38:53+00:00","dateModified":"2021-02-13T08:56:53+00:00","mainEntityOfPage":{"@id":"https:\/\/www.m-q.ch\/das-programm-bueroptima\/"},"wordCount":601,"publisher":{"@id":"https:\/\/www.m-q.ch\/fr\/#organization"},"keywords":["05\/2017"],"inLanguage":"de"},{"@type":"WebPage","@id":"https:\/\/www.m-q.ch\/das-programm-bueroptima\/","url":"https:\/\/www.m-q.ch\/das-programm-bueroptima\/","name":"Das Programm \u00abB\u00fcroptima\u00bb - MQ Management und Qualit\u00e4t","isPartOf":{"@id":"https:\/\/www.m-q.ch\/fr\/#website"},"datePublished":"2017-05-25T06:38:53+00:00","dateModified":"2021-02-13T08:56:53+00:00","description":"Hannes hat es kommen sehen. Auch \u00absein\u00bb Un-ternehmen f\u00fchrt Grossraumb\u00fcros mitsamt ei-nem neuen B\u00fcrokonzept ein. Die \u00abZweierzel-len\u00bb beziehungsweise \u00abEinzelb\u00fcros\u00bb f\u00fcr Vorge-setzte weichen einer modernen, kommunika-tiven und offenen B\u00fcrokultur. Farblich nach Feng-Shui abgestimmt, mit einem Raumde-sign von einer renommierten B\u00fcro-Kunst-De-signer-Agentur. Die Beleuchtung wurde von f\u00fcnf Spezialisten w\u00e4hrend drei Wochen ausge-t\u00fcftelt und m\u00fcndet in ein veritables Lumina-tions-Kunstwerk. Das Licht soll W\u00e4rme aus-strahlen, die Konzentration f\u00f6rdern und m\u00f6g-lichst unauff\u00e4llig pr\u00e4sent sein, die Mitarbeiter unbewusst durch die richtigen G\u00e4nge lotsen und gleichzeitig den modernsten Energiespar-levels entsprechen.","breadcrumb":{"@id":"https:\/\/www.m-q.ch\/das-programm-bueroptima\/#breadcrumb"},"inLanguage":"de","potentialAction":[{"@type":"ReadAction","target":["https:\/\/www.m-q.ch\/das-programm-bueroptima\/"]}]},{"@type":"BreadcrumbList","@id":"https:\/\/www.m-q.ch\/das-programm-bueroptima\/#breadcrumb","itemListElement":[{"@type":"ListItem","position":1,"name":"Allgemein","item":"https:\/\/www.m-q.ch\/kategorie\/allgemein\/"},{"@type":"ListItem","position":2,"name":"Das Programm \u00abB\u00fcroptima\u00bb"}]},{"@type":"WebSite","@id":"https:\/\/www.m-q.ch\/fr\/#website","url":"https:\/\/www.m-q.ch\/fr\/","name":"MQ Management und Qualit\u00e4t","description":"Plattform f\u00fcr integrierte Managementsysteme.","publisher":{"@id":"https:\/\/www.m-q.ch\/fr\/#organization"},"potentialAction":[{"@type":"SearchAction","target":{"@type":"EntryPoint","urlTemplate":"https:\/\/www.m-q.ch\/fr\/?s={search_term_string}"},"query-input":{"@type":"PropertyValueSpecification","valueRequired":true,"valueName":"search_term_string"}}],"inLanguage":"de"},{"@type":"Organization","@id":"https:\/\/www.m-q.ch\/fr\/#organization","name":"Galledia Fachmedien AG","url":"https:\/\/www.m-q.ch\/fr\/","logo":{"@type":"ImageObject","inLanguage":"de","@id":"https:\/\/www.m-q.ch\/fr\/#\/schema\/logo\/image\/","url":"https:\/\/www.m-q.ch\/wp-content\/uploads\/2020\/12\/cropped-logo_small.png","contentUrl":"https:\/\/www.m-q.ch\/wp-content\/uploads\/2020\/12\/cropped-logo_small.png","width":512,"height":512,"caption":"Galledia Fachmedien AG"},"image":{"@id":"https:\/\/www.m-q.ch\/fr\/#\/schema\/logo\/image\/"},"sameAs":["https:\/\/www.facebook.com\/ManagementUndQualitaet","https:\/\/www.linkedin.com\/showcase\/17982321\/admin\/"]},{"@type":"Person","@id":"https:\/\/www.m-q.ch\/fr\/#\/schema\/person\/71f647a41e4a3e361e6230f5134f3ba9","name":"upwork_2","image":{"@type":"ImageObject","inLanguage":"de","@id":"https:\/\/www.m-q.ch\/fr\/#\/schema\/person\/image\/","url":"https:\/\/secure.gravatar.com\/avatar\/777b90ab56092bbf3c85feacda5c1bce?s=96&d=mm&r=g","contentUrl":"https:\/\/secure.gravatar.com\/avatar\/777b90ab56092bbf3c85feacda5c1bce?s=96&d=mm&r=g","caption":"upwork_2"},"url":"https:\/\/www.m-q.ch\/de\/author\/upwork_2\/"}]}},"_links":{"self":[{"href":"https:\/\/www.m-q.ch\/de\/wp-json\/wp\/v2\/posts\/11278","targetHints":{"allow":["GET"]}}],"collection":[{"href":"https:\/\/www.m-q.ch\/de\/wp-json\/wp\/v2\/posts"}],"about":[{"href":"https:\/\/www.m-q.ch\/de\/wp-json\/wp\/v2\/types\/post"}],"author":[{"embeddable":true,"href":"https:\/\/www.m-q.ch\/de\/wp-json\/wp\/v2\/users\/62"}],"replies":[{"embeddable":true,"href":"https:\/\/www.m-q.ch\/de\/wp-json\/wp\/v2\/comments?post=11278"}],"version-history":[{"count":1,"href":"https:\/\/www.m-q.ch\/de\/wp-json\/wp\/v2\/posts\/11278\/revisions"}],"predecessor-version":[{"id":11333,"href":"https:\/\/www.m-q.ch\/de\/wp-json\/wp\/v2\/posts\/11278\/revisions\/11333"}],"wp:attachment":[{"href":"https:\/\/www.m-q.ch\/de\/wp-json\/wp\/v2\/media?parent=11278"}],"wp:term":[{"taxonomy":"category","embeddable":true,"href":"https:\/\/www.m-q.ch\/de\/wp-json\/wp\/v2\/categories?post=11278"},{"taxonomy":"post_tag","embeddable":true,"href":"https:\/\/www.m-q.ch\/de\/wp-json\/wp\/v2\/tags?post=11278"}],"curies":[{"name":"wp","href":"https:\/\/api.w.org\/{rel}","templated":true}]}}