{"id":11308,"date":"2016-02-17T09:17:03","date_gmt":"2016-02-17T08:17:03","guid":{"rendered":"https:\/\/www.m-q.ch\/?p=11308"},"modified":"2021-02-13T09:34:03","modified_gmt":"2021-02-13T08:34:03","slug":"vernetzt-zu-mehr-leistung-auch-im-qualitaetsmanagement","status":"publish","type":"post","link":"https:\/\/www.m-q.ch\/de\/vernetzt-zu-mehr-leistung-auch-im-qualitaetsmanagement\/","title":{"rendered":"Vernetzt zu mehr Leistung \u2013 auch im Qualit\u00e4tsmanagement"},"content":{"rendered":"<p><img loading=\"lazy\" decoding=\"async\" class=\"alignnone size-full wp-image-11309\" src=\"https:\/\/www.m-q.ch\/wp-content\/uploads\/2021\/02\/Vernetzt-zu-mehr-Leistung-\u2013-auch-im-Qualitaetsmanagement.jpg\" alt=\"Vernetzt zu mehr Leistung \u2013 auch im Qualit\u00e4tsmanagement\" width=\"870\" height=\"627\" srcset=\"https:\/\/www.m-q.ch\/wp-content\/uploads\/2021\/02\/Vernetzt-zu-mehr-Leistung-\u2013-auch-im-Qualitaetsmanagement.jpg 870w, https:\/\/www.m-q.ch\/wp-content\/uploads\/2021\/02\/Vernetzt-zu-mehr-Leistung-\u2013-auch-im-Qualitaetsmanagement-768x553.jpg 768w, https:\/\/www.m-q.ch\/wp-content\/uploads\/2021\/02\/Vernetzt-zu-mehr-Leistung-\u2013-auch-im-Qualitaetsmanagement-16x12.jpg 16w, https:\/\/www.m-q.ch\/wp-content\/uploads\/2021\/02\/Vernetzt-zu-mehr-Leistung-\u2013-auch-im-Qualitaetsmanagement-243x175.jpg 243w, https:\/\/www.m-q.ch\/wp-content\/uploads\/2021\/02\/Vernetzt-zu-mehr-Leistung-\u2013-auch-im-Qualitaetsmanagement-486x350.jpg 486w, https:\/\/www.m-q.ch\/wp-content\/uploads\/2021\/02\/Vernetzt-zu-mehr-Leistung-\u2013-auch-im-Qualitaetsmanagement-300x216.jpg 300w\" sizes=\"auto, (max-width: 870px) 100vw, 870px\" \/><\/p>\n<p>&nbsp;<\/p>\n<p>&nbsp;<\/p>\n<p>&nbsp;<\/p>\n<p><em><strong>O<\/strong><\/em>ffen sein f\u00fcr Neues und dabei immer ein Auge auf zukunftsorientierte Entwicklungen haben. Dabei Sicherheit, Qualit\u00e4t und Umwelt ins Zentrum stellen. Diese nachhaltigen, gesch\u00e4ftsbestimmenden Unternehmenswerte f\u00fchrten cablex schon fr\u00fch dazu, Prozesse und Abl\u00e4ufe so zu definieren, um ISO-Zertifizierungen in Qualit\u00e4t, Umwelt- und Sicherheitsmanagement zu erlangen. Als Totalunternehmer ist die cablex f\u00fchrend im Bau und Unterhalt von hochleistungsf\u00e4higen, fl\u00e4chendeckenden Netzinfrastrukturl\u00f6sungen in den Bereichen Kommunikation, Energie und Transport und ICT. Mehr als 1000 Mitarbeitende, verteilt auf 20 Standorte in der gesamten Schweiz, verbinden Ingenieur- und Anwendungsexpertise.<\/p>\n<p><strong>Mindestanforderungen gen\u00fcgen nicht mehr<\/strong><br \/>\nNach der erfolgreichen Zertifizierung stellte cablex fest, dass die Nutzung von Prozessabl\u00e4ufen im Alltag nicht effizient erfolgen konnte. Was zu Beginn bewusst als minimale L\u00f6sung f\u00fcr Prozessund Dokumentenverwaltung gedacht war, konnte die steigenden Anforderungen von Benutzern und Kunden nicht mehr erf\u00fcllen. Dabei fehlten insbesondere die systemunterst\u00fctzte, zentrale Verwaltung von Objekten mittels Workflow und Versionierung sowie benutzerfreundliches Handling und \u00dcberpr\u00fcfungsmechanismen, um die Aktualit\u00e4t der im System gepflegten Daten zu gew\u00e4hrleisten.<\/p>\n<p><strong>Integriertes Managementsystem zur F\u00f6rderung von Datenkonsistenz und Effizienz<\/strong><br \/>\nEs wurde daher eine L\u00f6sung angestrebt, die auch bestehende Systeme und Daten integrieren kann und eine effiziente Nutzung inhouse wie auch bei Ausseneins\u00e4tzen erm\u00f6glicht. Dies sollte mit einem integrierten Managementsystem (CIS \u2013 cablex Information System) realisiert werden. Folgende Anforderungen wurden dabei priorisiert:<\/p>\n<ul>\n<li>Intranet als Bestandteil<\/li>\n<li>Direktverlinkungen zu Drittsystemen<\/li>\n<li>Schnittstellen zu SAP-Modulen, Funktions- und Kompetenz-Profilen mit Stammdatenverwaltung<\/li>\n<li>Prozesse, Dokumente und Vorlagen in allen Landessprachen pflegen, versionieren, archivieren<\/li>\n<li>Strukturelle Rechte- und Benutzerverwaltung (Zugriffsberechtigungen)<\/li>\n<li>Effiziente Suche (Benutzer soll nach maximal 3 Klicks das gesuchte Objekt finden)<\/li>\n<li>Navigation auf Benutzerbed\u00fcrfnisse angepasst und intuitiv<\/li>\n<\/ul>\n<p><strong>Flexibles Managementsystem als Basis<\/strong><br \/>\nMit IMS PREMIUM der IMS Integrierte Managementsysteme AG wurde die passende Qualit\u00e4tsmanagement-Software gefunden, die durch die hochgradige Konfigurierbarkeit die vielf\u00e4ltigen Anforderungen und die gew\u00fcnschte Individualisierbarkeit bietet.<\/p>\n<p>&nbsp;<\/p>\n<p>Die webbasierte L\u00f6sung setzt lediglich einen Web-Browser sowie einen Internet-Zugang f\u00fcr die Nutzung voraus. So wird ohne lokale Softwareinstallation beim Benutzer eine dezentrale Erfassung und Bearbeitung von Inhalten erm\u00f6glicht. Das Ergebnis sind einheitliche Prozesse und Dokumente, welche mittels Workflow richtliniengetreu ge<\/p>\n<p>&nbsp;<\/p>\n<p><strong><em>Effizienz und Effektivit\u00e4t sind die Basis des Managementsystems<\/em><\/strong><\/p>\n<p>&nbsp;<\/p>\n<p>lenkt bzw. verwaltet werden k\u00f6nnen. Automatische Steuerungsund \u00dcberwachungsfunktionen mit Erinnerungsmails helfen Ownern dabei, \u00dcberpr\u00fcfungsintervalle einzuhalten und damit das Managementsystem stets auf aktuellem Stand zu halten.<\/p>\n<p>&nbsp;<\/p>\n<p>Die M\u00f6glichkeit der Integration von Corporate Design und die flexible Drittsystemanbindung<\/p>\n<p>&nbsp;<\/p>\n<p>waren zudem ausschlaggebende Faktoren f\u00fcr die Wahl von IMS PREMIUM. Sie sorgen bei Anwendern f\u00fcr eine hohe Akzeptanz und erm\u00f6glichen effizientes Arbeiten in der vernetzten Systemlandschaft<\/p>\n<p><strong>Resultate der Optimierung<\/strong><br \/>\nHeute erfolgt die Leistungserbringung bei cablex komplett prozessorientiert und -gesteuert. Die Prozesse werden so gestaltet, dass sie alle individuellen Kundenbed\u00fcrfnisse ber\u00fccksichtigen<\/p>\n<p>&nbsp;<\/p>\n<p>Effizienz und Effektivit\u00e4t sind die Basis des Managementsystems. Mithilfe der konsequenten Nutzung durch die Mitarbeitenden konnte ein hoher Qualit\u00e4tsgehalt von Prozessen und Dokumenten erreicht werden. Als Schl\u00fcssel zum Erfolg kann daher auch die Anwenderakzeptanz genannt werden, die durch die vereinfachte und individualisierbare Nutzung im Alltag gef\u00f6rdert wurde.<\/p>\n<p>&nbsp;<\/p>\n<p>Die kundenindividuelle Startseite tr\u00e4gt einen wesentlichen Teil dazu bei. Sie bietet dem Benutzer zum Beispiel die M\u00f6glichkeit, seine Top-10-Elemente an Prozessen oder Dokumenten direkt vom Programmeinstieg aufzurufen. Ebenfalls von der Startseite aus k\u00f6nnen einfache Suchfunktion, Drittsysteme oder Newsbeitr\u00e4ge zu cablex erreicht werden<\/p>\n<p><strong>Mit neuen Ideen in die Zukunft<\/strong><br \/>\nBesonders in der mobilen Nutzung soll das Managementsystem vermehrt genutzt werden k\u00f6nnen. Hierf\u00fcr werden Optimierungen f\u00fcr den Einsatz mit iPad weiter ausgebaut. Zudem sollen Nutzungsdaten von bestimmten Prozessen und Dokumenten ausgewertet werden, um m\u00f6gliches Potenzial zu entdecken und die Qualit\u00e4t des integrierten Managementsystems weiter zu verbessern. Dabei auf eine flexible und erweiterbare Software z\u00e4hlen zu k\u00f6nnen, ist f\u00fcr cablex entscheidend<\/p>\n","protected":false},"excerpt":{"rendered":"<p>&nbsp; &nbsp; &nbsp; Offen sein f\u00fcr Neues und dabei immer ein Auge auf zukunftsorientierte Entwicklungen haben. Dabei Sicherheit, Qualit\u00e4t und Umwelt ins Zentrum stellen. Diese nachhaltigen, gesch\u00e4ftsbestimmenden Unternehmenswerte f\u00fchrten cablex schon fr\u00fch dazu, Prozesse und Abl\u00e4ufe so zu definieren, um ISO-Zertifizierungen in Qualit\u00e4t, Umwelt- und Sicherheitsmanagement zu erlangen. Als Totalunternehmer ist die cablex f\u00fchrend im [&hellip;]<\/p>\n","protected":false},"author":66,"featured_media":11309,"comment_status":"closed","ping_status":"closed","sticky":false,"template":"","format":"standard","meta":{"_acf_changed":false,"footnotes":""},"categories":[4448],"tags":[4771],"class_list":["post-11308","post","type-post","status-publish","format-standard","has-post-thumbnail","hentry","category-allgemein","tag-1-2-2016"],"acf":[],"yoast_head":"<!-- This site is optimized with the Yoast SEO plugin v26.2 - https:\/\/yoast.com\/wordpress\/plugins\/seo\/ -->\n<title>Vernetzt zu mehr Leistung \u2013 auch im Qualit\u00e4tsmanagement - MQ Management und Qualit\u00e4t<\/title>\n<meta name=\"description\" content=\"Nichts ist einer so rasanten Entwicklung unterworfen wie die Technologien in den Bereichen Kommunikation, Energie und Transport. Da gilt es auch in der internen Organisation, stets einen Schritt vorauszudenken. Die Firma cablex hat die Integration eines Managementsystems so konsequent umgesetzt, dass ein dynamisches Informationssystem entstanden ist, welches mit seinen erweiterten Anforderungen organisch mitw\u00e4chst.\" \/>\n<meta name=\"robots\" content=\"index, follow, max-snippet:-1, max-image-preview:large, max-video-preview:-1\" \/>\n<link rel=\"canonical\" href=\"https:\/\/www.m-q.ch\/de\/vernetzt-zu-mehr-leistung-auch-im-qualitaetsmanagement\/\" \/>\n<meta property=\"og:locale\" content=\"de_DE\" \/>\n<meta property=\"og:type\" content=\"article\" \/>\n<meta property=\"og:title\" content=\"Vernetzt zu mehr Leistung \u2013 auch im Qualit\u00e4tsmanagement - MQ Management und Qualit\u00e4t\" \/>\n<meta property=\"og:description\" content=\"Nichts ist einer so rasanten Entwicklung unterworfen wie die Technologien in den Bereichen Kommunikation, Energie und Transport. Da gilt es auch in der internen Organisation, stets einen Schritt vorauszudenken. Die Firma cablex hat die Integration eines Managementsystems so konsequent umgesetzt, dass ein dynamisches Informationssystem entstanden ist, welches mit seinen erweiterten Anforderungen organisch mitw\u00e4chst.\" \/>\n<meta property=\"og:url\" content=\"https:\/\/www.m-q.ch\/de\/vernetzt-zu-mehr-leistung-auch-im-qualitaetsmanagement\/\" \/>\n<meta property=\"og:site_name\" content=\"MQ Management und Qualit\u00e4t\" \/>\n<meta property=\"article:publisher\" content=\"https:\/\/www.facebook.com\/ManagementUndQualitaet\" \/>\n<meta property=\"article:published_time\" content=\"2016-02-17T08:17:03+00:00\" \/>\n<meta property=\"article:modified_time\" content=\"2021-02-13T08:34:03+00:00\" \/>\n<meta property=\"og:image\" content=\"https:\/\/www.m-q.ch\/wp-content\/uploads\/2021\/02\/Vernetzt-zu-mehr-Leistung-\u2013-auch-im-Qualitaetsmanagement.jpg\" \/>\n\t<meta property=\"og:image:width\" content=\"870\" \/>\n\t<meta property=\"og:image:height\" content=\"627\" \/>\n\t<meta property=\"og:image:type\" content=\"image\/jpeg\" \/>\n<meta name=\"author\" content=\"upwork_1\" \/>\n<meta name=\"twitter:card\" content=\"summary_large_image\" \/>\n<meta name=\"twitter:label1\" content=\"Verfasst von\" \/>\n\t<meta name=\"twitter:data1\" content=\"upwork_1\" \/>\n\t<meta name=\"twitter:label2\" content=\"Gesch\u00e4tzte Lesezeit\" \/>\n\t<meta name=\"twitter:data2\" content=\"3\u00a0Minuten\" \/>\n<script type=\"application\/ld+json\" class=\"yoast-schema-graph\">{\"@context\":\"https:\/\/schema.org\",\"@graph\":[{\"@type\":\"Article\",\"@id\":\"https:\/\/www.m-q.ch\/vernetzt-zu-mehr-leistung-auch-im-qualitaetsmanagement\/#article\",\"isPartOf\":{\"@id\":\"https:\/\/www.m-q.ch\/vernetzt-zu-mehr-leistung-auch-im-qualitaetsmanagement\/\"},\"author\":{\"name\":\"upwork_1\",\"@id\":\"https:\/\/www.m-q.ch\/fr\/#\/schema\/person\/0bdf39ca27d0b9b779f5b8af54b3f7d7\"},\"headline\":\"Vernetzt zu mehr Leistung \u2013 auch im Qualit\u00e4tsmanagement\",\"datePublished\":\"2016-02-17T08:17:03+00:00\",\"dateModified\":\"2021-02-13T08:34:03+00:00\",\"mainEntityOfPage\":{\"@id\":\"https:\/\/www.m-q.ch\/vernetzt-zu-mehr-leistung-auch-im-qualitaetsmanagement\/\"},\"wordCount\":646,\"publisher\":{\"@id\":\"https:\/\/www.m-q.ch\/fr\/#organization\"},\"image\":{\"@id\":\"https:\/\/www.m-q.ch\/vernetzt-zu-mehr-leistung-auch-im-qualitaetsmanagement\/#primaryimage\"},\"thumbnailUrl\":\"https:\/\/www.m-q.ch\/wp-content\/uploads\/2021\/02\/Vernetzt-zu-mehr-Leistung-\u2013-auch-im-Qualitaetsmanagement.jpg\",\"keywords\":[\"1\u20132\/2016\"],\"inLanguage\":\"de\"},{\"@type\":\"WebPage\",\"@id\":\"https:\/\/www.m-q.ch\/vernetzt-zu-mehr-leistung-auch-im-qualitaetsmanagement\/\",\"url\":\"https:\/\/www.m-q.ch\/vernetzt-zu-mehr-leistung-auch-im-qualitaetsmanagement\/\",\"name\":\"Vernetzt zu mehr Leistung \u2013 auch im Qualit\u00e4tsmanagement - MQ Management und Qualit\u00e4t\",\"isPartOf\":{\"@id\":\"https:\/\/www.m-q.ch\/fr\/#website\"},\"primaryImageOfPage\":{\"@id\":\"https:\/\/www.m-q.ch\/vernetzt-zu-mehr-leistung-auch-im-qualitaetsmanagement\/#primaryimage\"},\"image\":{\"@id\":\"https:\/\/www.m-q.ch\/vernetzt-zu-mehr-leistung-auch-im-qualitaetsmanagement\/#primaryimage\"},\"thumbnailUrl\":\"https:\/\/www.m-q.ch\/wp-content\/uploads\/2021\/02\/Vernetzt-zu-mehr-Leistung-\u2013-auch-im-Qualitaetsmanagement.jpg\",\"datePublished\":\"2016-02-17T08:17:03+00:00\",\"dateModified\":\"2021-02-13T08:34:03+00:00\",\"description\":\"Nichts ist einer so rasanten Entwicklung unterworfen wie die Technologien in den Bereichen Kommunikation, Energie und Transport. Da gilt es auch in der internen Organisation, stets einen Schritt vorauszudenken. Die Firma cablex hat die Integration eines Managementsystems so konsequent umgesetzt, dass ein dynamisches Informationssystem entstanden ist, welches mit seinen erweiterten Anforderungen organisch mitw\u00e4chst.\",\"breadcrumb\":{\"@id\":\"https:\/\/www.m-q.ch\/vernetzt-zu-mehr-leistung-auch-im-qualitaetsmanagement\/#breadcrumb\"},\"inLanguage\":\"de\",\"potentialAction\":[{\"@type\":\"ReadAction\",\"target\":[\"https:\/\/www.m-q.ch\/vernetzt-zu-mehr-leistung-auch-im-qualitaetsmanagement\/\"]}]},{\"@type\":\"ImageObject\",\"inLanguage\":\"de\",\"@id\":\"https:\/\/www.m-q.ch\/vernetzt-zu-mehr-leistung-auch-im-qualitaetsmanagement\/#primaryimage\",\"url\":\"https:\/\/www.m-q.ch\/wp-content\/uploads\/2021\/02\/Vernetzt-zu-mehr-Leistung-\u2013-auch-im-Qualitaetsmanagement.jpg\",\"contentUrl\":\"https:\/\/www.m-q.ch\/wp-content\/uploads\/2021\/02\/Vernetzt-zu-mehr-Leistung-\u2013-auch-im-Qualitaetsmanagement.jpg\",\"width\":870,\"height\":627,\"caption\":\"Vernetzt zu mehr Leistung \u2013 auch im Qualit\u00e4tsmanagement\"},{\"@type\":\"BreadcrumbList\",\"@id\":\"https:\/\/www.m-q.ch\/vernetzt-zu-mehr-leistung-auch-im-qualitaetsmanagement\/#breadcrumb\",\"itemListElement\":[{\"@type\":\"ListItem\",\"position\":1,\"name\":\"Allgemein\",\"item\":\"https:\/\/www.m-q.ch\/kategorie\/allgemein\/\"},{\"@type\":\"ListItem\",\"position\":2,\"name\":\"Vernetzt zu mehr Leistung \u2013 auch im Qualit\u00e4tsmanagement\"}]},{\"@type\":\"WebSite\",\"@id\":\"https:\/\/www.m-q.ch\/fr\/#website\",\"url\":\"https:\/\/www.m-q.ch\/fr\/\",\"name\":\"MQ Management und Qualit\u00e4t\",\"description\":\"Plattform f\u00fcr integrierte Managementsysteme.\",\"publisher\":{\"@id\":\"https:\/\/www.m-q.ch\/fr\/#organization\"},\"potentialAction\":[{\"@type\":\"SearchAction\",\"target\":{\"@type\":\"EntryPoint\",\"urlTemplate\":\"https:\/\/www.m-q.ch\/fr\/?s={search_term_string}\"},\"query-input\":{\"@type\":\"PropertyValueSpecification\",\"valueRequired\":true,\"valueName\":\"search_term_string\"}}],\"inLanguage\":\"de\"},{\"@type\":\"Organization\",\"@id\":\"https:\/\/www.m-q.ch\/fr\/#organization\",\"name\":\"Galledia Fachmedien AG\",\"url\":\"https:\/\/www.m-q.ch\/fr\/\",\"logo\":{\"@type\":\"ImageObject\",\"inLanguage\":\"de\",\"@id\":\"https:\/\/www.m-q.ch\/fr\/#\/schema\/logo\/image\/\",\"url\":\"https:\/\/www.m-q.ch\/wp-content\/uploads\/2020\/12\/cropped-logo_small.png\",\"contentUrl\":\"https:\/\/www.m-q.ch\/wp-content\/uploads\/2020\/12\/cropped-logo_small.png\",\"width\":512,\"height\":512,\"caption\":\"Galledia Fachmedien AG\"},\"image\":{\"@id\":\"https:\/\/www.m-q.ch\/fr\/#\/schema\/logo\/image\/\"},\"sameAs\":[\"https:\/\/www.facebook.com\/ManagementUndQualitaet\",\"https:\/\/www.linkedin.com\/showcase\/17982321\/admin\/\"]},{\"@type\":\"Person\",\"@id\":\"https:\/\/www.m-q.ch\/fr\/#\/schema\/person\/0bdf39ca27d0b9b779f5b8af54b3f7d7\",\"name\":\"upwork_1\",\"image\":{\"@type\":\"ImageObject\",\"inLanguage\":\"de\",\"@id\":\"https:\/\/www.m-q.ch\/fr\/#\/schema\/person\/image\/\",\"url\":\"https:\/\/secure.gravatar.com\/avatar\/04d4d0fdc5886d535809f17d0eace7f6?s=96&d=mm&r=g\",\"contentUrl\":\"https:\/\/secure.gravatar.com\/avatar\/04d4d0fdc5886d535809f17d0eace7f6?s=96&d=mm&r=g\",\"caption\":\"upwork_1\"},\"url\":\"https:\/\/www.m-q.ch\/de\/author\/upwork_1\/\"}]}<\/script>\n<!-- \/ Yoast SEO plugin. -->","yoast_head_json":{"title":"Vernetzt zu mehr Leistung \u2013 auch im Qualit\u00e4tsmanagement - MQ Management und Qualit\u00e4t","description":"Nichts ist einer so rasanten Entwicklung unterworfen wie die Technologien in den Bereichen Kommunikation, Energie und Transport. Da gilt es auch in der internen Organisation, stets einen Schritt vorauszudenken. Die Firma cablex hat die Integration eines Managementsystems so konsequent umgesetzt, dass ein dynamisches Informationssystem entstanden ist, welches mit seinen erweiterten Anforderungen organisch mitw\u00e4chst.","robots":{"index":"index","follow":"follow","max-snippet":"max-snippet:-1","max-image-preview":"max-image-preview:large","max-video-preview":"max-video-preview:-1"},"canonical":"https:\/\/www.m-q.ch\/de\/vernetzt-zu-mehr-leistung-auch-im-qualitaetsmanagement\/","og_locale":"de_DE","og_type":"article","og_title":"Vernetzt zu mehr Leistung \u2013 auch im Qualit\u00e4tsmanagement - MQ Management und Qualit\u00e4t","og_description":"Nichts ist einer so rasanten Entwicklung unterworfen wie die Technologien in den Bereichen Kommunikation, Energie und Transport. Da gilt es auch in der internen Organisation, stets einen Schritt vorauszudenken. Die Firma cablex hat die Integration eines Managementsystems so konsequent umgesetzt, dass ein dynamisches Informationssystem entstanden ist, welches mit seinen erweiterten Anforderungen organisch mitw\u00e4chst.","og_url":"https:\/\/www.m-q.ch\/de\/vernetzt-zu-mehr-leistung-auch-im-qualitaetsmanagement\/","og_site_name":"MQ Management und Qualit\u00e4t","article_publisher":"https:\/\/www.facebook.com\/ManagementUndQualitaet","article_published_time":"2016-02-17T08:17:03+00:00","article_modified_time":"2021-02-13T08:34:03+00:00","og_image":[{"width":870,"height":627,"url":"https:\/\/www.m-q.ch\/wp-content\/uploads\/2021\/02\/Vernetzt-zu-mehr-Leistung-\u2013-auch-im-Qualitaetsmanagement.jpg","type":"image\/jpeg"}],"author":"upwork_1","twitter_card":"summary_large_image","twitter_misc":{"Verfasst von":"upwork_1","Gesch\u00e4tzte Lesezeit":"3\u00a0Minuten"},"schema":{"@context":"https:\/\/schema.org","@graph":[{"@type":"Article","@id":"https:\/\/www.m-q.ch\/vernetzt-zu-mehr-leistung-auch-im-qualitaetsmanagement\/#article","isPartOf":{"@id":"https:\/\/www.m-q.ch\/vernetzt-zu-mehr-leistung-auch-im-qualitaetsmanagement\/"},"author":{"name":"upwork_1","@id":"https:\/\/www.m-q.ch\/fr\/#\/schema\/person\/0bdf39ca27d0b9b779f5b8af54b3f7d7"},"headline":"Vernetzt zu mehr Leistung \u2013 auch im Qualit\u00e4tsmanagement","datePublished":"2016-02-17T08:17:03+00:00","dateModified":"2021-02-13T08:34:03+00:00","mainEntityOfPage":{"@id":"https:\/\/www.m-q.ch\/vernetzt-zu-mehr-leistung-auch-im-qualitaetsmanagement\/"},"wordCount":646,"publisher":{"@id":"https:\/\/www.m-q.ch\/fr\/#organization"},"image":{"@id":"https:\/\/www.m-q.ch\/vernetzt-zu-mehr-leistung-auch-im-qualitaetsmanagement\/#primaryimage"},"thumbnailUrl":"https:\/\/www.m-q.ch\/wp-content\/uploads\/2021\/02\/Vernetzt-zu-mehr-Leistung-\u2013-auch-im-Qualitaetsmanagement.jpg","keywords":["1\u20132\/2016"],"inLanguage":"de"},{"@type":"WebPage","@id":"https:\/\/www.m-q.ch\/vernetzt-zu-mehr-leistung-auch-im-qualitaetsmanagement\/","url":"https:\/\/www.m-q.ch\/vernetzt-zu-mehr-leistung-auch-im-qualitaetsmanagement\/","name":"Vernetzt zu mehr Leistung \u2013 auch im Qualit\u00e4tsmanagement - MQ Management und Qualit\u00e4t","isPartOf":{"@id":"https:\/\/www.m-q.ch\/fr\/#website"},"primaryImageOfPage":{"@id":"https:\/\/www.m-q.ch\/vernetzt-zu-mehr-leistung-auch-im-qualitaetsmanagement\/#primaryimage"},"image":{"@id":"https:\/\/www.m-q.ch\/vernetzt-zu-mehr-leistung-auch-im-qualitaetsmanagement\/#primaryimage"},"thumbnailUrl":"https:\/\/www.m-q.ch\/wp-content\/uploads\/2021\/02\/Vernetzt-zu-mehr-Leistung-\u2013-auch-im-Qualitaetsmanagement.jpg","datePublished":"2016-02-17T08:17:03+00:00","dateModified":"2021-02-13T08:34:03+00:00","description":"Nichts ist einer so rasanten Entwicklung unterworfen wie die Technologien in den Bereichen Kommunikation, Energie und Transport. Da gilt es auch in der internen Organisation, stets einen Schritt vorauszudenken. Die Firma cablex hat die Integration eines Managementsystems so konsequent umgesetzt, dass ein dynamisches Informationssystem entstanden ist, welches mit seinen erweiterten Anforderungen organisch mitw\u00e4chst.","breadcrumb":{"@id":"https:\/\/www.m-q.ch\/vernetzt-zu-mehr-leistung-auch-im-qualitaetsmanagement\/#breadcrumb"},"inLanguage":"de","potentialAction":[{"@type":"ReadAction","target":["https:\/\/www.m-q.ch\/vernetzt-zu-mehr-leistung-auch-im-qualitaetsmanagement\/"]}]},{"@type":"ImageObject","inLanguage":"de","@id":"https:\/\/www.m-q.ch\/vernetzt-zu-mehr-leistung-auch-im-qualitaetsmanagement\/#primaryimage","url":"https:\/\/www.m-q.ch\/wp-content\/uploads\/2021\/02\/Vernetzt-zu-mehr-Leistung-\u2013-auch-im-Qualitaetsmanagement.jpg","contentUrl":"https:\/\/www.m-q.ch\/wp-content\/uploads\/2021\/02\/Vernetzt-zu-mehr-Leistung-\u2013-auch-im-Qualitaetsmanagement.jpg","width":870,"height":627,"caption":"Vernetzt zu mehr Leistung \u2013 auch im Qualit\u00e4tsmanagement"},{"@type":"BreadcrumbList","@id":"https:\/\/www.m-q.ch\/vernetzt-zu-mehr-leistung-auch-im-qualitaetsmanagement\/#breadcrumb","itemListElement":[{"@type":"ListItem","position":1,"name":"Allgemein","item":"https:\/\/www.m-q.ch\/kategorie\/allgemein\/"},{"@type":"ListItem","position":2,"name":"Vernetzt zu mehr Leistung \u2013 auch im Qualit\u00e4tsmanagement"}]},{"@type":"WebSite","@id":"https:\/\/www.m-q.ch\/fr\/#website","url":"https:\/\/www.m-q.ch\/fr\/","name":"MQ Management und Qualit\u00e4t","description":"Plattform f\u00fcr integrierte Managementsysteme.","publisher":{"@id":"https:\/\/www.m-q.ch\/fr\/#organization"},"potentialAction":[{"@type":"SearchAction","target":{"@type":"EntryPoint","urlTemplate":"https:\/\/www.m-q.ch\/fr\/?s={search_term_string}"},"query-input":{"@type":"PropertyValueSpecification","valueRequired":true,"valueName":"search_term_string"}}],"inLanguage":"de"},{"@type":"Organization","@id":"https:\/\/www.m-q.ch\/fr\/#organization","name":"Galledia Fachmedien AG","url":"https:\/\/www.m-q.ch\/fr\/","logo":{"@type":"ImageObject","inLanguage":"de","@id":"https:\/\/www.m-q.ch\/fr\/#\/schema\/logo\/image\/","url":"https:\/\/www.m-q.ch\/wp-content\/uploads\/2020\/12\/cropped-logo_small.png","contentUrl":"https:\/\/www.m-q.ch\/wp-content\/uploads\/2020\/12\/cropped-logo_small.png","width":512,"height":512,"caption":"Galledia Fachmedien AG"},"image":{"@id":"https:\/\/www.m-q.ch\/fr\/#\/schema\/logo\/image\/"},"sameAs":["https:\/\/www.facebook.com\/ManagementUndQualitaet","https:\/\/www.linkedin.com\/showcase\/17982321\/admin\/"]},{"@type":"Person","@id":"https:\/\/www.m-q.ch\/fr\/#\/schema\/person\/0bdf39ca27d0b9b779f5b8af54b3f7d7","name":"upwork_1","image":{"@type":"ImageObject","inLanguage":"de","@id":"https:\/\/www.m-q.ch\/fr\/#\/schema\/person\/image\/","url":"https:\/\/secure.gravatar.com\/avatar\/04d4d0fdc5886d535809f17d0eace7f6?s=96&d=mm&r=g","contentUrl":"https:\/\/secure.gravatar.com\/avatar\/04d4d0fdc5886d535809f17d0eace7f6?s=96&d=mm&r=g","caption":"upwork_1"},"url":"https:\/\/www.m-q.ch\/de\/author\/upwork_1\/"}]}},"_links":{"self":[{"href":"https:\/\/www.m-q.ch\/de\/wp-json\/wp\/v2\/posts\/11308","targetHints":{"allow":["GET"]}}],"collection":[{"href":"https:\/\/www.m-q.ch\/de\/wp-json\/wp\/v2\/posts"}],"about":[{"href":"https:\/\/www.m-q.ch\/de\/wp-json\/wp\/v2\/types\/post"}],"author":[{"embeddable":true,"href":"https:\/\/www.m-q.ch\/de\/wp-json\/wp\/v2\/users\/66"}],"replies":[{"embeddable":true,"href":"https:\/\/www.m-q.ch\/de\/wp-json\/wp\/v2\/comments?post=11308"}],"version-history":[{"count":2,"href":"https:\/\/www.m-q.ch\/de\/wp-json\/wp\/v2\/posts\/11308\/revisions"}],"predecessor-version":[{"id":11315,"href":"https:\/\/www.m-q.ch\/de\/wp-json\/wp\/v2\/posts\/11308\/revisions\/11315"}],"wp:featuredmedia":[{"embeddable":true,"href":"https:\/\/www.m-q.ch\/de\/wp-json\/wp\/v2\/media\/11309"}],"wp:attachment":[{"href":"https:\/\/www.m-q.ch\/de\/wp-json\/wp\/v2\/media?parent=11308"}],"wp:term":[{"taxonomy":"category","embeddable":true,"href":"https:\/\/www.m-q.ch\/de\/wp-json\/wp\/v2\/categories?post=11308"},{"taxonomy":"post_tag","embeddable":true,"href":"https:\/\/www.m-q.ch\/de\/wp-json\/wp\/v2\/tags?post=11308"}],"curies":[{"name":"wp","href":"https:\/\/api.w.org\/{rel}","templated":true}]}}