{"id":11332,"date":"2016-02-21T09:53:07","date_gmt":"2016-02-21T08:53:07","guid":{"rendered":"https:\/\/www.m-q.ch\/?p=11332"},"modified":"2021-02-13T10:05:30","modified_gmt":"2021-02-13T09:05:30","slug":"hannes-fuehrt-protokoll","status":"publish","type":"post","link":"https:\/\/www.m-q.ch\/de\/hannes-fuehrt-protokoll\/","title":{"rendered":"Hannes f\u00fchrt Protokoll"},"content":{"rendered":"<p>Mitten in die physischen und psychischen Vorbereitungen klingelt sein Handy \u2013 die B\u00fcronummer ist bereits aufs Sekretariat umgeschaltet. Sein Chef sucht ihn. \u00abK\u00f6nntest du heute das Protokoll der Sitzung f\u00fchren? Frau Blatter ist krank. Weil du am wenigsten Traktanden hast, m\u00f6chte ich dir diese wichtige Aufgabe \u00fcbertragen. Du weisst doch, im Grunde ist der Protokollf\u00fchrer die wichtigste Person \u2013 neben dem Chef.\u00bb \u00abMach ich\u00bb, gibt Hannes leicht m\u00fcrrisch zur\u00fcck. Unwillig denkt er sich: \u00abIch muss ja. Von wegen \u2039die wichtigste Person\u203a\u2026eine plumpe Schmeichelei.\u00bb Hannes f\u00fchlt sich eben gerade nicht als Zweitwichtigster im Unternehmen.<\/p>\n<p>&nbsp;<\/p>\n<p>P\u00fcnktlich \u2013 wie immer \u2013 begr\u00fcssen sich alle freundlich, und der Chef er\u00f6ffnet mit dem seit Jahren immer gleichen, offiziell-witzigen Spruch \u00abdann platzen wir mal\u00bb. Ein kurzes, inszeniertes Anw\u00e4rm-Mitlachen und man setzt sich \u2013 wie immer \u2013 auf die gleichen Pl\u00e4tze. Der Chef beginnt: \u00abIch m\u00f6chte euch alle herzlich begr\u00fcssen\u00bb. Hannes schreibt mit und stolpert \u00fcber das Wort \u00abm\u00f6chte\u00bb. Warum \u00abm\u00f6chte\u00bb? Er k\u00f6nnte es einfach tun. Soll Hannes bei Traktandum 1 \u00abBegr\u00fcssung\u00bb nun \u00abAbsichtserkl\u00e4rung\u00bb schreiben? Zeit, um dar\u00fcber nachzudenken, bleibt ihm keine. Zackig gehts weiter mit den Worten \u00abwir haben heute eine \u2039sportliche\u203a Traktandenliste (auch dieser Spruch ist immer derselbe, genauso wie das kalkulierte Lachen aller).<\/p>\n<p>&nbsp;<\/p>\n<p>Der Verkaufsleiter pr\u00e4sentiert die Verkaufszahlen der vergangenen Woche. Diese sehen seit l\u00e4ngerer Zeit mies aus. Seine Stimme war schon mit mehr Selbstbewusstsein getr\u00e4nkt. \u00abWarum habt ihr nicht mehr Gas gegeben?\u00bb fragt der Chef. Der Verkaufsleiter: \u00abDie Marktsituation ist ausserordentlich. Die Mitbewerber produzieren unterdessen fast ausschliesslich in China und haben bessere Preise\u00bb. Der Produktionsleiter rutscht unruhig auf seinem Stuhl hin und her: \u00abWir arbeiten bereits mit den Kosten am unteren Limit. Ich kann nicht akzeptieren, dass<\/p>\n<p>&nbsp;<\/p>\n<p><em><strong>Hannes macht sich einen Sport daraus, Wendungen wie \u00abman sollte\u00bb oder \u00abman m\u00fcsste\u00bb zu z\u00e4hlen<\/strong><\/em><\/p>\n<p>&nbsp;<\/p>\n<p>wir an den schlechten Verkaufszahlen schuld sind.\u00bb Der Chef greift ein und unterbindet die Schuldzuweisungen mit den Worten: \u00abMan m\u00fcsste halt schauen, wo wir Optimierungsm\u00f6glichkeit haben, damit wir kostenm\u00e4ssig wieder etwas konkurrenzf\u00e4higer werden.\u00bb Alle nicken nonverbal und mit gemurmeltem \u00abgenau richtig\u00bb. Der Chef hat es wieder einmal auf den Punkt gebracht. Hannes protokolliert fleissig, bis ihn der Ausdruck \u00abman m\u00fcsste halt&#8230;\u00bb stocken l\u00e4sst. In seinem Protokoll fehlt nun, wer was bis wann macht. Vielleicht ist auch diese \u00c4usserung nur eine Absichtserkl\u00e4rung.<\/p>\n<p>&nbsp;<\/p>\n<p>Bereits ist man mit den Traktanden in Verzug. Der Chef schl\u00e4gt vor, ausnahmsweise auf die Kaffeepause zu verzichten. \u00abKein Problem\u00bb, hallt es aus der Runde. Der HR-Leiter gibt zu bedenken, dass man vielleicht eine ganzt\u00e4gige Sitzung planen k\u00f6nnte, um den Pendenzenberg abzubauen. \u00abGute Idee\u00bb, ist das Echo, der Chef pr\u00e4zisiert: \u00abDas sollten wir angehen.\u00bb Hannes schreibt mit und \u00fcberlegt sich: \u00abAbsichtserkl\u00e4rung oder Ziel?\u00bb<\/p>\n<p>&nbsp;<\/p>\n<p>In z\u00fcgigem Stakkato takten sich die Gesch\u00e4ftsleitungsmitglieder durch die Gesch\u00e4fte. Hannes beobachtet, wie einige offiziell am Tablet mitschreiben. Bei der R\u00fcckkehr in sein B\u00fcro wird er EMails von seinen Kollegen aus der GL erhalten, die sie am Vormittag schrieben. Das l\u00e4sst sich gut getarnt erledigen. Den Streber markieren, aber E-Mails schreiben.<\/p>\n<p>&nbsp;<\/p>\n<p>Noch ein paarmal erwischt sich Hannes beim Gedanken \u00abAbsichtserkl\u00e4rung\u00bb. Er macht sich einen Sport daraus, Wendungen wie \u00abman sollte\u00bb oder \u00abman m\u00fcsste\u00bb in einer pers\u00f6nlichen Statistik zu z\u00e4hlen: Siebenmal \u2039man m\u00fcsste\u203a und einmal \u2039man sollte\u203a.<\/p>\n<p>&nbsp;<\/p>\n<p>Nach vier Stunden gesch\u00e4ftigem Sitzen kommt der Chef zum Schluss: \u00abIch hoffe, dass Ihnen die Nachspielzeit nicht geschadet hat\u00bb. Auch immer der gleiche Spruch. Es ist 12.30 Uhr und der Chef verabschiedet sich mit dem \u00fcblichen Abgang: \u00abIch m\u00f6chte mich herzlich bei Ihnen bedanken.\u00bb Es w\u00e4re somit die letzte Absichtserkl\u00e4rung des Vormittags gewesen\u2026<\/p>\n","protected":false},"excerpt":{"rendered":"<p>Mitten in die physischen und psychischen Vorbereitungen klingelt sein Handy \u2013 die B\u00fcronummer ist bereits aufs Sekretariat umgeschaltet. Sein Chef sucht ihn. \u00abK\u00f6nntest du heute das Protokoll der Sitzung f\u00fchren? Frau Blatter ist krank. Weil du am wenigsten Traktanden hast, m\u00f6chte ich dir diese wichtige Aufgabe \u00fcbertragen. Du weisst doch, im Grunde ist der Protokollf\u00fchrer [&hellip;]<\/p>\n","protected":false},"author":66,"featured_media":0,"comment_status":"closed","ping_status":"closed","sticky":false,"template":"","format":"standard","meta":{"_acf_changed":false,"footnotes":""},"categories":[4448],"tags":[4771],"class_list":["post-11332","post","type-post","status-publish","format-standard","hentry","category-allgemein","tag-1-2-2016"],"acf":[],"yoast_head":"<!-- This site is optimized with the Yoast SEO plugin v26.2 - https:\/\/yoast.com\/wordpress\/plugins\/seo\/ -->\n<title>Hannes f\u00fchrt Protokoll - MQ Management und Qualit\u00e4t<\/title>\n<meta name=\"description\" content=\"M ontagmorgen, 8.00 Uhr. Hannes sitzt im B\u00fcro und bereitet sich auf die Gesch\u00e4ftsleitungssitzung vor. Ein w\u00f6chentliches Ritual. Beginn 8.30 Uhr, Kaffee um 10 Uhr. Letzterer wird wegen der \u00fcberfrachteten Traktandenliste jeweils spontan gestrichen. Offizieller Schluss 11.45 Uhr, faktisch nie vor 12.30 Uhr. Deshalb genehmigt Hannes sich den Kaffee prophylaktisch und l\u00e4sst seinen Apfel zwischen den Z\u00e4hnen knacken. Der Apfel ist neu, fr\u00fcher wars Kuchen. Seit dem internen Programm \u00abfit-for-work\u00bb w\u00e4hlen die Gesch\u00e4ftsleitungsmitglieder die Zwischenverpflegungen nach dem Vorbild-Ansatz aus.\" \/>\n<meta name=\"robots\" content=\"index, follow, max-snippet:-1, max-image-preview:large, max-video-preview:-1\" \/>\n<link rel=\"canonical\" href=\"https:\/\/www.m-q.ch\/de\/hannes-fuehrt-protokoll\/\" \/>\n<meta property=\"og:locale\" content=\"de_DE\" \/>\n<meta property=\"og:type\" content=\"article\" \/>\n<meta property=\"og:title\" content=\"Hannes f\u00fchrt Protokoll - MQ Management und Qualit\u00e4t\" \/>\n<meta property=\"og:description\" content=\"M ontagmorgen, 8.00 Uhr. Hannes sitzt im B\u00fcro und bereitet sich auf die Gesch\u00e4ftsleitungssitzung vor. Ein w\u00f6chentliches Ritual. Beginn 8.30 Uhr, Kaffee um 10 Uhr. Letzterer wird wegen der \u00fcberfrachteten Traktandenliste jeweils spontan gestrichen. Offizieller Schluss 11.45 Uhr, faktisch nie vor 12.30 Uhr. Deshalb genehmigt Hannes sich den Kaffee prophylaktisch und l\u00e4sst seinen Apfel zwischen den Z\u00e4hnen knacken. Der Apfel ist neu, fr\u00fcher wars Kuchen. Seit dem internen Programm \u00abfit-for-work\u00bb w\u00e4hlen die Gesch\u00e4ftsleitungsmitglieder die Zwischenverpflegungen nach dem Vorbild-Ansatz aus.\" \/>\n<meta property=\"og:url\" content=\"https:\/\/www.m-q.ch\/de\/hannes-fuehrt-protokoll\/\" \/>\n<meta property=\"og:site_name\" content=\"MQ Management und Qualit\u00e4t\" \/>\n<meta property=\"article:publisher\" content=\"https:\/\/www.facebook.com\/ManagementUndQualitaet\" \/>\n<meta property=\"article:published_time\" content=\"2016-02-21T08:53:07+00:00\" \/>\n<meta property=\"article:modified_time\" content=\"2021-02-13T09:05:30+00:00\" \/>\n<meta name=\"author\" content=\"upwork_1\" \/>\n<meta name=\"twitter:card\" content=\"summary_large_image\" \/>\n<meta name=\"twitter:label1\" content=\"Verfasst von\" \/>\n\t<meta name=\"twitter:data1\" content=\"upwork_1\" \/>\n\t<meta name=\"twitter:label2\" content=\"Gesch\u00e4tzte Lesezeit\" \/>\n\t<meta name=\"twitter:data2\" content=\"3\u00a0Minuten\" \/>\n<script type=\"application\/ld+json\" class=\"yoast-schema-graph\">{\"@context\":\"https:\/\/schema.org\",\"@graph\":[{\"@type\":\"Article\",\"@id\":\"https:\/\/www.m-q.ch\/hannes-fuehrt-protokoll\/#article\",\"isPartOf\":{\"@id\":\"https:\/\/www.m-q.ch\/hannes-fuehrt-protokoll\/\"},\"author\":{\"name\":\"upwork_1\",\"@id\":\"https:\/\/www.m-q.ch\/fr\/#\/schema\/person\/0bdf39ca27d0b9b779f5b8af54b3f7d7\"},\"headline\":\"Hannes f\u00fchrt Protokoll\",\"datePublished\":\"2016-02-21T08:53:07+00:00\",\"dateModified\":\"2021-02-13T09:05:30+00:00\",\"mainEntityOfPage\":{\"@id\":\"https:\/\/www.m-q.ch\/hannes-fuehrt-protokoll\/\"},\"wordCount\":630,\"publisher\":{\"@id\":\"https:\/\/www.m-q.ch\/fr\/#organization\"},\"keywords\":[\"1\u20132\/2016\"],\"inLanguage\":\"de\"},{\"@type\":\"WebPage\",\"@id\":\"https:\/\/www.m-q.ch\/hannes-fuehrt-protokoll\/\",\"url\":\"https:\/\/www.m-q.ch\/hannes-fuehrt-protokoll\/\",\"name\":\"Hannes f\u00fchrt Protokoll - MQ Management und Qualit\u00e4t\",\"isPartOf\":{\"@id\":\"https:\/\/www.m-q.ch\/fr\/#website\"},\"datePublished\":\"2016-02-21T08:53:07+00:00\",\"dateModified\":\"2021-02-13T09:05:30+00:00\",\"description\":\"M ontagmorgen, 8.00 Uhr. Hannes sitzt im B\u00fcro und bereitet sich auf die Gesch\u00e4ftsleitungssitzung vor. Ein w\u00f6chentliches Ritual. Beginn 8.30 Uhr, Kaffee um 10 Uhr. Letzterer wird wegen der \u00fcberfrachteten Traktandenliste jeweils spontan gestrichen. Offizieller Schluss 11.45 Uhr, faktisch nie vor 12.30 Uhr. Deshalb genehmigt Hannes sich den Kaffee prophylaktisch und l\u00e4sst seinen Apfel zwischen den Z\u00e4hnen knacken. Der Apfel ist neu, fr\u00fcher wars Kuchen. Seit dem internen Programm \u00abfit-for-work\u00bb w\u00e4hlen die Gesch\u00e4ftsleitungsmitglieder die Zwischenverpflegungen nach dem Vorbild-Ansatz aus.\",\"breadcrumb\":{\"@id\":\"https:\/\/www.m-q.ch\/hannes-fuehrt-protokoll\/#breadcrumb\"},\"inLanguage\":\"de\",\"potentialAction\":[{\"@type\":\"ReadAction\",\"target\":[\"https:\/\/www.m-q.ch\/hannes-fuehrt-protokoll\/\"]}]},{\"@type\":\"BreadcrumbList\",\"@id\":\"https:\/\/www.m-q.ch\/hannes-fuehrt-protokoll\/#breadcrumb\",\"itemListElement\":[{\"@type\":\"ListItem\",\"position\":1,\"name\":\"Allgemein\",\"item\":\"https:\/\/www.m-q.ch\/kategorie\/allgemein\/\"},{\"@type\":\"ListItem\",\"position\":2,\"name\":\"Hannes f\u00fchrt Protokoll\"}]},{\"@type\":\"WebSite\",\"@id\":\"https:\/\/www.m-q.ch\/fr\/#website\",\"url\":\"https:\/\/www.m-q.ch\/fr\/\",\"name\":\"MQ Management und Qualit\u00e4t\",\"description\":\"Plattform f\u00fcr integrierte Managementsysteme.\",\"publisher\":{\"@id\":\"https:\/\/www.m-q.ch\/fr\/#organization\"},\"potentialAction\":[{\"@type\":\"SearchAction\",\"target\":{\"@type\":\"EntryPoint\",\"urlTemplate\":\"https:\/\/www.m-q.ch\/fr\/?s={search_term_string}\"},\"query-input\":{\"@type\":\"PropertyValueSpecification\",\"valueRequired\":true,\"valueName\":\"search_term_string\"}}],\"inLanguage\":\"de\"},{\"@type\":\"Organization\",\"@id\":\"https:\/\/www.m-q.ch\/fr\/#organization\",\"name\":\"Galledia Fachmedien AG\",\"url\":\"https:\/\/www.m-q.ch\/fr\/\",\"logo\":{\"@type\":\"ImageObject\",\"inLanguage\":\"de\",\"@id\":\"https:\/\/www.m-q.ch\/fr\/#\/schema\/logo\/image\/\",\"url\":\"https:\/\/www.m-q.ch\/wp-content\/uploads\/2020\/12\/cropped-logo_small.png\",\"contentUrl\":\"https:\/\/www.m-q.ch\/wp-content\/uploads\/2020\/12\/cropped-logo_small.png\",\"width\":512,\"height\":512,\"caption\":\"Galledia Fachmedien AG\"},\"image\":{\"@id\":\"https:\/\/www.m-q.ch\/fr\/#\/schema\/logo\/image\/\"},\"sameAs\":[\"https:\/\/www.facebook.com\/ManagementUndQualitaet\",\"https:\/\/www.linkedin.com\/showcase\/17982321\/admin\/\"]},{\"@type\":\"Person\",\"@id\":\"https:\/\/www.m-q.ch\/fr\/#\/schema\/person\/0bdf39ca27d0b9b779f5b8af54b3f7d7\",\"name\":\"upwork_1\",\"image\":{\"@type\":\"ImageObject\",\"inLanguage\":\"de\",\"@id\":\"https:\/\/www.m-q.ch\/fr\/#\/schema\/person\/image\/\",\"url\":\"https:\/\/secure.gravatar.com\/avatar\/04d4d0fdc5886d535809f17d0eace7f6?s=96&d=mm&r=g\",\"contentUrl\":\"https:\/\/secure.gravatar.com\/avatar\/04d4d0fdc5886d535809f17d0eace7f6?s=96&d=mm&r=g\",\"caption\":\"upwork_1\"},\"url\":\"https:\/\/www.m-q.ch\/de\/author\/upwork_1\/\"}]}<\/script>\n<!-- \/ Yoast SEO plugin. -->","yoast_head_json":{"title":"Hannes f\u00fchrt Protokoll - MQ Management und Qualit\u00e4t","description":"M ontagmorgen, 8.00 Uhr. Hannes sitzt im B\u00fcro und bereitet sich auf die Gesch\u00e4ftsleitungssitzung vor. Ein w\u00f6chentliches Ritual. Beginn 8.30 Uhr, Kaffee um 10 Uhr. Letzterer wird wegen der \u00fcberfrachteten Traktandenliste jeweils spontan gestrichen. Offizieller Schluss 11.45 Uhr, faktisch nie vor 12.30 Uhr. Deshalb genehmigt Hannes sich den Kaffee prophylaktisch und l\u00e4sst seinen Apfel zwischen den Z\u00e4hnen knacken. Der Apfel ist neu, fr\u00fcher wars Kuchen. Seit dem internen Programm \u00abfit-for-work\u00bb w\u00e4hlen die Gesch\u00e4ftsleitungsmitglieder die Zwischenverpflegungen nach dem Vorbild-Ansatz aus.","robots":{"index":"index","follow":"follow","max-snippet":"max-snippet:-1","max-image-preview":"max-image-preview:large","max-video-preview":"max-video-preview:-1"},"canonical":"https:\/\/www.m-q.ch\/de\/hannes-fuehrt-protokoll\/","og_locale":"de_DE","og_type":"article","og_title":"Hannes f\u00fchrt Protokoll - MQ Management und Qualit\u00e4t","og_description":"M ontagmorgen, 8.00 Uhr. Hannes sitzt im B\u00fcro und bereitet sich auf die Gesch\u00e4ftsleitungssitzung vor. Ein w\u00f6chentliches Ritual. Beginn 8.30 Uhr, Kaffee um 10 Uhr. Letzterer wird wegen der \u00fcberfrachteten Traktandenliste jeweils spontan gestrichen. Offizieller Schluss 11.45 Uhr, faktisch nie vor 12.30 Uhr. Deshalb genehmigt Hannes sich den Kaffee prophylaktisch und l\u00e4sst seinen Apfel zwischen den Z\u00e4hnen knacken. Der Apfel ist neu, fr\u00fcher wars Kuchen. Seit dem internen Programm \u00abfit-for-work\u00bb w\u00e4hlen die Gesch\u00e4ftsleitungsmitglieder die Zwischenverpflegungen nach dem Vorbild-Ansatz aus.","og_url":"https:\/\/www.m-q.ch\/de\/hannes-fuehrt-protokoll\/","og_site_name":"MQ Management und Qualit\u00e4t","article_publisher":"https:\/\/www.facebook.com\/ManagementUndQualitaet","article_published_time":"2016-02-21T08:53:07+00:00","article_modified_time":"2021-02-13T09:05:30+00:00","author":"upwork_1","twitter_card":"summary_large_image","twitter_misc":{"Verfasst von":"upwork_1","Gesch\u00e4tzte Lesezeit":"3\u00a0Minuten"},"schema":{"@context":"https:\/\/schema.org","@graph":[{"@type":"Article","@id":"https:\/\/www.m-q.ch\/hannes-fuehrt-protokoll\/#article","isPartOf":{"@id":"https:\/\/www.m-q.ch\/hannes-fuehrt-protokoll\/"},"author":{"name":"upwork_1","@id":"https:\/\/www.m-q.ch\/fr\/#\/schema\/person\/0bdf39ca27d0b9b779f5b8af54b3f7d7"},"headline":"Hannes f\u00fchrt Protokoll","datePublished":"2016-02-21T08:53:07+00:00","dateModified":"2021-02-13T09:05:30+00:00","mainEntityOfPage":{"@id":"https:\/\/www.m-q.ch\/hannes-fuehrt-protokoll\/"},"wordCount":630,"publisher":{"@id":"https:\/\/www.m-q.ch\/fr\/#organization"},"keywords":["1\u20132\/2016"],"inLanguage":"de"},{"@type":"WebPage","@id":"https:\/\/www.m-q.ch\/hannes-fuehrt-protokoll\/","url":"https:\/\/www.m-q.ch\/hannes-fuehrt-protokoll\/","name":"Hannes f\u00fchrt Protokoll - MQ Management und Qualit\u00e4t","isPartOf":{"@id":"https:\/\/www.m-q.ch\/fr\/#website"},"datePublished":"2016-02-21T08:53:07+00:00","dateModified":"2021-02-13T09:05:30+00:00","description":"M ontagmorgen, 8.00 Uhr. Hannes sitzt im B\u00fcro und bereitet sich auf die Gesch\u00e4ftsleitungssitzung vor. Ein w\u00f6chentliches Ritual. Beginn 8.30 Uhr, Kaffee um 10 Uhr. Letzterer wird wegen der \u00fcberfrachteten Traktandenliste jeweils spontan gestrichen. Offizieller Schluss 11.45 Uhr, faktisch nie vor 12.30 Uhr. Deshalb genehmigt Hannes sich den Kaffee prophylaktisch und l\u00e4sst seinen Apfel zwischen den Z\u00e4hnen knacken. Der Apfel ist neu, fr\u00fcher wars Kuchen. Seit dem internen Programm \u00abfit-for-work\u00bb w\u00e4hlen die Gesch\u00e4ftsleitungsmitglieder die Zwischenverpflegungen nach dem Vorbild-Ansatz aus.","breadcrumb":{"@id":"https:\/\/www.m-q.ch\/hannes-fuehrt-protokoll\/#breadcrumb"},"inLanguage":"de","potentialAction":[{"@type":"ReadAction","target":["https:\/\/www.m-q.ch\/hannes-fuehrt-protokoll\/"]}]},{"@type":"BreadcrumbList","@id":"https:\/\/www.m-q.ch\/hannes-fuehrt-protokoll\/#breadcrumb","itemListElement":[{"@type":"ListItem","position":1,"name":"Allgemein","item":"https:\/\/www.m-q.ch\/kategorie\/allgemein\/"},{"@type":"ListItem","position":2,"name":"Hannes f\u00fchrt Protokoll"}]},{"@type":"WebSite","@id":"https:\/\/www.m-q.ch\/fr\/#website","url":"https:\/\/www.m-q.ch\/fr\/","name":"MQ Management und Qualit\u00e4t","description":"Plattform f\u00fcr integrierte Managementsysteme.","publisher":{"@id":"https:\/\/www.m-q.ch\/fr\/#organization"},"potentialAction":[{"@type":"SearchAction","target":{"@type":"EntryPoint","urlTemplate":"https:\/\/www.m-q.ch\/fr\/?s={search_term_string}"},"query-input":{"@type":"PropertyValueSpecification","valueRequired":true,"valueName":"search_term_string"}}],"inLanguage":"de"},{"@type":"Organization","@id":"https:\/\/www.m-q.ch\/fr\/#organization","name":"Galledia Fachmedien AG","url":"https:\/\/www.m-q.ch\/fr\/","logo":{"@type":"ImageObject","inLanguage":"de","@id":"https:\/\/www.m-q.ch\/fr\/#\/schema\/logo\/image\/","url":"https:\/\/www.m-q.ch\/wp-content\/uploads\/2020\/12\/cropped-logo_small.png","contentUrl":"https:\/\/www.m-q.ch\/wp-content\/uploads\/2020\/12\/cropped-logo_small.png","width":512,"height":512,"caption":"Galledia Fachmedien AG"},"image":{"@id":"https:\/\/www.m-q.ch\/fr\/#\/schema\/logo\/image\/"},"sameAs":["https:\/\/www.facebook.com\/ManagementUndQualitaet","https:\/\/www.linkedin.com\/showcase\/17982321\/admin\/"]},{"@type":"Person","@id":"https:\/\/www.m-q.ch\/fr\/#\/schema\/person\/0bdf39ca27d0b9b779f5b8af54b3f7d7","name":"upwork_1","image":{"@type":"ImageObject","inLanguage":"de","@id":"https:\/\/www.m-q.ch\/fr\/#\/schema\/person\/image\/","url":"https:\/\/secure.gravatar.com\/avatar\/04d4d0fdc5886d535809f17d0eace7f6?s=96&d=mm&r=g","contentUrl":"https:\/\/secure.gravatar.com\/avatar\/04d4d0fdc5886d535809f17d0eace7f6?s=96&d=mm&r=g","caption":"upwork_1"},"url":"https:\/\/www.m-q.ch\/de\/author\/upwork_1\/"}]}},"_links":{"self":[{"href":"https:\/\/www.m-q.ch\/de\/wp-json\/wp\/v2\/posts\/11332","targetHints":{"allow":["GET"]}}],"collection":[{"href":"https:\/\/www.m-q.ch\/de\/wp-json\/wp\/v2\/posts"}],"about":[{"href":"https:\/\/www.m-q.ch\/de\/wp-json\/wp\/v2\/types\/post"}],"author":[{"embeddable":true,"href":"https:\/\/www.m-q.ch\/de\/wp-json\/wp\/v2\/users\/66"}],"replies":[{"embeddable":true,"href":"https:\/\/www.m-q.ch\/de\/wp-json\/wp\/v2\/comments?post=11332"}],"version-history":[{"count":1,"href":"https:\/\/www.m-q.ch\/de\/wp-json\/wp\/v2\/posts\/11332\/revisions"}],"predecessor-version":[{"id":11348,"href":"https:\/\/www.m-q.ch\/de\/wp-json\/wp\/v2\/posts\/11332\/revisions\/11348"}],"wp:attachment":[{"href":"https:\/\/www.m-q.ch\/de\/wp-json\/wp\/v2\/media?parent=11332"}],"wp:term":[{"taxonomy":"category","embeddable":true,"href":"https:\/\/www.m-q.ch\/de\/wp-json\/wp\/v2\/categories?post=11332"},{"taxonomy":"post_tag","embeddable":true,"href":"https:\/\/www.m-q.ch\/de\/wp-json\/wp\/v2\/tags?post=11332"}],"curies":[{"name":"wp","href":"https:\/\/api.w.org\/{rel}","templated":true}]}}