{"id":11334,"date":"2017-06-01T09:58:52","date_gmt":"2017-06-01T07:58:52","guid":{"rendered":"https:\/\/www.m-q.ch\/?p=11334"},"modified":"2021-02-13T10:10:38","modified_gmt":"2021-02-13T09:10:38","slug":"digitalitaet-im-zentrum","status":"publish","type":"post","link":"https:\/\/www.m-q.ch\/de\/digitalitaet-im-zentrum\/","title":{"rendered":"Digitalit\u00e4t im Zentrum"},"content":{"rendered":"<p><img loading=\"lazy\" decoding=\"async\" class=\"alignnone size-full wp-image-11347\" src=\"https:\/\/www.m-q.ch\/wp-content\/uploads\/2021\/02\/Digitalitaet-im-Zentrum.jpg\" alt=\"Digitalit\u00e4t im Zentrum\" width=\"870\" height=\"527\" srcset=\"https:\/\/www.m-q.ch\/wp-content\/uploads\/2021\/02\/Digitalitaet-im-Zentrum.jpg 870w, https:\/\/www.m-q.ch\/wp-content\/uploads\/2021\/02\/Digitalitaet-im-Zentrum-768x465.jpg 768w, https:\/\/www.m-q.ch\/wp-content\/uploads\/2021\/02\/Digitalitaet-im-Zentrum-16x10.jpg 16w, https:\/\/www.m-q.ch\/wp-content\/uploads\/2021\/02\/Digitalitaet-im-Zentrum-289x175.jpg 289w, https:\/\/www.m-q.ch\/wp-content\/uploads\/2021\/02\/Digitalitaet-im-Zentrum-578x350.jpg 578w, https:\/\/www.m-q.ch\/wp-content\/uploads\/2021\/02\/Digitalitaet-im-Zentrum-300x182.jpg 300w\" sizes=\"auto, (max-width: 870px) 100vw, 870px\" \/><\/p>\n<p>&nbsp;<\/p>\n<p>&nbsp;<\/p>\n<p>&nbsp;<\/p>\n<p>Zum diesj\u00e4hrigen \u00abTag der Schweizer Qualit\u00e4t\u00bb trafen sich \u00fcber 340 Teilnehmende, darunter viele Qualit\u00e4tsmanager, Wirtschaftsvertreter und Spezialistinnen. Digitale Technologien und Potenziale wurden dabei f\u00fcr schweizeri-sche Produkte und Dienstleistungen in hoch-interessanten Referaten und Diskussionen ausgelotet. Xaver Edelmann, SQS-Pr\u00e4sident, betonte gleich eingangs der Veranstaltung: \u00abDigitalit\u00e4t ist \u00fcberall \u2013 in der Bundesregie-rung, beim World Economic Forum, bei Think Tanks und schliesslich auch in Bereichen des Qualit\u00e4tsmanagements.\u00bb Qualit\u00e4t in Zeiten der digitalen Transformation fordere nicht nur die Einstellung zu vernetzten Prozessen, sondern auch menschliche F\u00e4higkeiten heraus.<\/p>\n<p><strong>Was h\u00e4lt uns zusammen?<\/strong><br \/>\nBereits die Einf\u00fchrung zum \u00abTag der Schwei-zer Qualit\u00e4t\u00bb startete mit einem Gedanken-anstoss. So meinte Jo\u00ebl Luc Cachelin, Buch\u00ad autor und Think-Tank-Experte: \u00abEs ist unsere Mission, die Vernetzung des Universums zu erh\u00f6hen.\u00bb Der Experte er\u00f6rterte drei Dimen-sionen:<\/p>\n<p>&nbsp;<\/p>\n<p><em><strong>1.<\/strong><\/em> Wir alle sind Teil des Netzwerks<\/p>\n<p><em><strong>2.<\/strong> <\/em>Wir vernetzen uns mit Dingen<\/p>\n<p><em><strong>3.<\/strong> <\/em>Wir betreiben Machine-to-Machine-Kommunikation \u2013 wobei Maschinen viel schneller als Menschen lernen<\/p>\n<p>&nbsp;<\/p>\n<p>Der Referent betonte, dass man sich vor einer sich entwickelnden Mensch-Maschinen-Sym-biose nicht f\u00fcrchten solle. Im Gegenteil: Digi-talit\u00e4t erh\u00f6he die Lebensqualit\u00e4t, verbessere \u00abunseren gesellschaftlichen Auftrag\u00bb, liesse uns auch vieles besser ausgestalten, denke man et-wa an gesellschaftliche Potenziale wie Sharing Economy, smarte Technologien, Vergleichspor-tale oder Co-Working-Arbeitsr\u00e4ume.<\/p>\n<p><strong>Innovative Leistungen?<\/strong><br \/>\nJosef Maushart, CEO Fraisa Holding SA, f\u00fchrte etwa aus, dass die Programmation von Fabrik-bereichen zu mehr Effizienz und Fachwissen f\u00fchre. Bis vor wenigen Jahren f\u00fchrte die Fraisa einen 3-Schichtbetrieb mit Hilfskr\u00e4ften. Heute w\u00fcrden landesweite ERP und mannlo-se R\u00fcstungszyklen die Arbeit erleichtern. Die \u00fcber 500 Angestellten der Fraisa SA arbeiten nun gezielt werktags, \u00fcbers Wochenende \u00ab\u00fcbernehmen\u00bb hochdigitalisierte Maschinen die Fertigung von Pr\u00e4zisionswerkzeug.<\/p>\n<p>&nbsp;<\/p>\n<p>Digitale Innovation bedinge auch gegen-seitiges Vertrauen und eine positive Bereit-schaft f\u00fcr Ver\u00e4nderungen \u2013 m\u00f6glicherweise, so ein Gedankenanstoss von Jo\u00ebl Luc Cachelin, erst \u00abinterkulturelle und strukturelle M\u00e4ngel\u00bb, um hohe Leistungen und das Streben nach Exzellenz zu forcieren.<\/p>\n<p>&nbsp;<\/p>\n<p>Bei einem Roundtable-Interview gaben Jo\u00e3o Louren\u00e7o, Head of Marketing Communi-cation Strategy Swisscom, und Dipl. El. Ing. J\u00f6rg Halter, EMBA &amp; Project Management, Einsichten in die Praxis. Sie waren sich in ei-nem Punkt einig: \u00abWo es keine technischen Grenzen mehr gibt, darf der Mensch nicht auf der Strecke bleiben.\u00bb<\/p>\n<p>Digitale Innovation bedinge auch gegen-seitiges Vertrauen und eine positive Bereit-schaft f\u00fcr Ver\u00e4nderungen \u2013 m\u00f6glicherweise, so ein Gedankenanstoss von Jo\u00ebl Luc Cachelin, erst \u00abinterkulturelle und strukturelle M\u00e4ngel\u00bb, um hohe Leistungen und das Streben nach Exzellenz zu forcieren.<\/p>\n<p>&nbsp;<\/p>\n<p>Bei einem Roundtable-Interview gaben Jo\u00e3o Louren\u00e7o, Head of Marketing Communi-cation Strategy Swisscom, und Dipl. El. Ing. J\u00f6rg Halter, EMBA &amp; Project Management, Einsichten in die Praxis. Sie waren sich in ei-nem Punkt einig: \u00abWo es keine technischen Grenzen mehr gibt, darf der Mensch nicht auf der Strecke bleiben.\u00bb<\/p>\n<p><strong>Spam und Aufmerksamkeit<\/strong><br \/>\nDie Veranstaltung vermittelte viel interdiszip-lin\u00e4res Wissen, durch Referenten wie Gerald Winz von der Hochschule Kempten, der \u00fcber interkulturelle Stolpersteine berichtete, durch Referentinnen wie Bettina H\u00fcbscher von der HSLU, und nicht zuletzt durch die Bestseller-autorin und Power-Referentin Anitra Eggler, die sich mit flexiblen Arbeits- beziehungswei-se Verhaltensformen auseinandersetzen.<\/p>\n<p>&nbsp;<\/p>\n<p>Anitra Eggler verdeutlichte einmal mehr, wie abgelenkt und einseitig die mobile Gesell-schaft agiert und arbeitet. Sie provozierte sogar mit der These, \u00abdie Digitale Revolution ist schon l\u00e4ngst vorbei\u00bb, wenn man die dominierenden, aber \u00abtoxisch-einseitigen\u00bb Angebote von Inter-net-Playern wie Google und Co. n\u00e4her betrach-tete. (Mehr zum Thema \u00abvom Handy versklavt, von E-Mails getrieben\u00bb finden Sie im Interview mit Anitra Eggler in der Ausgabe 05\/2017 von Management und Qualit\u00e4t.)<\/p>\n<p>&nbsp;<\/p>\n<p>Ruedi Lustenberger, SAQ-Pr\u00e4sident, meinte abschliessend zur hochinteressanten und animierenden Veranstaltung, dass Schweizer Solidit\u00e4t und Schweizer Unternehmertum \u00abEinheit in der Vielfalt\u00bb bedeute. Der SAQ-Pr\u00e4sident bedankte sich herzlich bei der beliebten TV-Moderatorin Eva Wannenmacher f\u00fcr die Zwischenmoderation wie auch bei den aus allen Landesteilen erschienen Verbandsmitgliedern.<\/p>\n","protected":false},"excerpt":{"rendered":"<p>&nbsp; &nbsp; &nbsp; Zum diesj\u00e4hrigen \u00abTag der Schweizer Qualit\u00e4t\u00bb trafen sich \u00fcber 340 Teilnehmende, darunter viele Qualit\u00e4tsmanager, Wirtschaftsvertreter und Spezialistinnen. Digitale Technologien und Potenziale wurden dabei f\u00fcr schweizeri-sche Produkte und Dienstleistungen in hoch-interessanten Referaten und Diskussionen ausgelotet. Xaver Edelmann, SQS-Pr\u00e4sident, betonte gleich eingangs der Veranstaltung: \u00abDigitalit\u00e4t ist \u00fcberall \u2013 in der Bundesregie-rung, beim World Economic [&hellip;]<\/p>\n","protected":false},"author":62,"featured_media":11347,"comment_status":"closed","ping_status":"closed","sticky":false,"template":"","format":"standard","meta":{"_acf_changed":false,"footnotes":""},"categories":[4448],"tags":[4774],"class_list":["post-11334","post","type-post","status-publish","format-standard","has-post-thumbnail","hentry","category-allgemein","tag-06-2017"],"acf":[],"yoast_head":"<!-- This site is optimized with the Yoast SEO plugin v26.2 - https:\/\/yoast.com\/wordpress\/plugins\/seo\/ -->\n<title>Digitalit\u00e4t im Zentrum - MQ Management und Qualit\u00e4t<\/title>\n<meta name=\"description\" content=\"Der \u00abTag der Schweizer Qualit\u00e4t\u00bb, der am 10. Mai 2017 von der SAQ (Swiss Association for Quality) und SQS (Schweizer Vereinigung f\u00fcr Qualit\u00e4ts- und Management-Systeme) im Kursaal Bern durchgef\u00fchrt wurde, lieferte zeitgem\u00e4sse Antworten auf die Digitale Transformation unter dem Titel \u00abNeue Dimensionen der Qualit\u00e4t\u00bb.\" \/>\n<meta name=\"robots\" content=\"index, follow, max-snippet:-1, max-image-preview:large, max-video-preview:-1\" \/>\n<link rel=\"canonical\" href=\"https:\/\/www.m-q.ch\/de\/digitalitaet-im-zentrum\/\" \/>\n<meta property=\"og:locale\" content=\"de_DE\" \/>\n<meta property=\"og:type\" content=\"article\" \/>\n<meta property=\"og:title\" content=\"Digitalit\u00e4t im Zentrum - MQ Management und Qualit\u00e4t\" \/>\n<meta property=\"og:description\" content=\"Der \u00abTag der Schweizer Qualit\u00e4t\u00bb, der am 10. Mai 2017 von der SAQ (Swiss Association for Quality) und SQS (Schweizer Vereinigung f\u00fcr Qualit\u00e4ts- und Management-Systeme) im Kursaal Bern durchgef\u00fchrt wurde, lieferte zeitgem\u00e4sse Antworten auf die Digitale Transformation unter dem Titel \u00abNeue Dimensionen der Qualit\u00e4t\u00bb.\" \/>\n<meta property=\"og:url\" content=\"https:\/\/www.m-q.ch\/de\/digitalitaet-im-zentrum\/\" \/>\n<meta property=\"og:site_name\" content=\"MQ Management und Qualit\u00e4t\" \/>\n<meta property=\"article:publisher\" content=\"https:\/\/www.facebook.com\/ManagementUndQualitaet\" \/>\n<meta property=\"article:published_time\" content=\"2017-06-01T07:58:52+00:00\" \/>\n<meta property=\"article:modified_time\" content=\"2021-02-13T09:10:38+00:00\" \/>\n<meta property=\"og:image\" content=\"https:\/\/www.m-q.ch\/wp-content\/uploads\/2021\/02\/Digitalitaet-im-Zentrum.jpg\" \/>\n\t<meta property=\"og:image:width\" content=\"870\" \/>\n\t<meta property=\"og:image:height\" content=\"527\" \/>\n\t<meta property=\"og:image:type\" content=\"image\/jpeg\" \/>\n<meta name=\"author\" content=\"upwork_2\" \/>\n<meta name=\"twitter:card\" content=\"summary_large_image\" \/>\n<meta name=\"twitter:label1\" content=\"Verfasst von\" \/>\n\t<meta name=\"twitter:data1\" content=\"upwork_2\" \/>\n\t<meta name=\"twitter:label2\" content=\"Gesch\u00e4tzte Lesezeit\" \/>\n\t<meta name=\"twitter:data2\" content=\"3\u00a0Minuten\" \/>\n<script type=\"application\/ld+json\" class=\"yoast-schema-graph\">{\"@context\":\"https:\/\/schema.org\",\"@graph\":[{\"@type\":\"Article\",\"@id\":\"https:\/\/www.m-q.ch\/digitalitaet-im-zentrum\/#article\",\"isPartOf\":{\"@id\":\"https:\/\/www.m-q.ch\/digitalitaet-im-zentrum\/\"},\"author\":{\"name\":\"upwork_2\",\"@id\":\"https:\/\/www.m-q.ch\/fr\/#\/schema\/person\/71f647a41e4a3e361e6230f5134f3ba9\"},\"headline\":\"Digitalit\u00e4t im Zentrum\",\"datePublished\":\"2017-06-01T07:58:52+00:00\",\"dateModified\":\"2021-02-13T09:10:38+00:00\",\"mainEntityOfPage\":{\"@id\":\"https:\/\/www.m-q.ch\/digitalitaet-im-zentrum\/\"},\"wordCount\":638,\"publisher\":{\"@id\":\"https:\/\/www.m-q.ch\/fr\/#organization\"},\"image\":{\"@id\":\"https:\/\/www.m-q.ch\/digitalitaet-im-zentrum\/#primaryimage\"},\"thumbnailUrl\":\"https:\/\/www.m-q.ch\/wp-content\/uploads\/2021\/02\/Digitalitaet-im-Zentrum.jpg\",\"keywords\":[\"06\/2017\"],\"inLanguage\":\"de\"},{\"@type\":\"WebPage\",\"@id\":\"https:\/\/www.m-q.ch\/digitalitaet-im-zentrum\/\",\"url\":\"https:\/\/www.m-q.ch\/digitalitaet-im-zentrum\/\",\"name\":\"Digitalit\u00e4t im Zentrum - MQ Management und Qualit\u00e4t\",\"isPartOf\":{\"@id\":\"https:\/\/www.m-q.ch\/fr\/#website\"},\"primaryImageOfPage\":{\"@id\":\"https:\/\/www.m-q.ch\/digitalitaet-im-zentrum\/#primaryimage\"},\"image\":{\"@id\":\"https:\/\/www.m-q.ch\/digitalitaet-im-zentrum\/#primaryimage\"},\"thumbnailUrl\":\"https:\/\/www.m-q.ch\/wp-content\/uploads\/2021\/02\/Digitalitaet-im-Zentrum.jpg\",\"datePublished\":\"2017-06-01T07:58:52+00:00\",\"dateModified\":\"2021-02-13T09:10:38+00:00\",\"description\":\"Der \u00abTag der Schweizer Qualit\u00e4t\u00bb, der am 10. Mai 2017 von der SAQ (Swiss Association for Quality) und SQS (Schweizer Vereinigung f\u00fcr Qualit\u00e4ts- und Management-Systeme) im Kursaal Bern durchgef\u00fchrt wurde, lieferte zeitgem\u00e4sse Antworten auf die Digitale Transformation unter dem Titel \u00abNeue Dimensionen der Qualit\u00e4t\u00bb.\",\"breadcrumb\":{\"@id\":\"https:\/\/www.m-q.ch\/digitalitaet-im-zentrum\/#breadcrumb\"},\"inLanguage\":\"de\",\"potentialAction\":[{\"@type\":\"ReadAction\",\"target\":[\"https:\/\/www.m-q.ch\/digitalitaet-im-zentrum\/\"]}]},{\"@type\":\"ImageObject\",\"inLanguage\":\"de\",\"@id\":\"https:\/\/www.m-q.ch\/digitalitaet-im-zentrum\/#primaryimage\",\"url\":\"https:\/\/www.m-q.ch\/wp-content\/uploads\/2021\/02\/Digitalitaet-im-Zentrum.jpg\",\"contentUrl\":\"https:\/\/www.m-q.ch\/wp-content\/uploads\/2021\/02\/Digitalitaet-im-Zentrum.jpg\",\"width\":870,\"height\":527,\"caption\":\"Digitalit\u00e4t im Zentrum\"},{\"@type\":\"BreadcrumbList\",\"@id\":\"https:\/\/www.m-q.ch\/digitalitaet-im-zentrum\/#breadcrumb\",\"itemListElement\":[{\"@type\":\"ListItem\",\"position\":1,\"name\":\"Allgemein\",\"item\":\"https:\/\/www.m-q.ch\/kategorie\/allgemein\/\"},{\"@type\":\"ListItem\",\"position\":2,\"name\":\"Digitalit\u00e4t im Zentrum\"}]},{\"@type\":\"WebSite\",\"@id\":\"https:\/\/www.m-q.ch\/fr\/#website\",\"url\":\"https:\/\/www.m-q.ch\/fr\/\",\"name\":\"MQ Management und Qualit\u00e4t\",\"description\":\"Plattform f\u00fcr integrierte Managementsysteme.\",\"publisher\":{\"@id\":\"https:\/\/www.m-q.ch\/fr\/#organization\"},\"potentialAction\":[{\"@type\":\"SearchAction\",\"target\":{\"@type\":\"EntryPoint\",\"urlTemplate\":\"https:\/\/www.m-q.ch\/fr\/?s={search_term_string}\"},\"query-input\":{\"@type\":\"PropertyValueSpecification\",\"valueRequired\":true,\"valueName\":\"search_term_string\"}}],\"inLanguage\":\"de\"},{\"@type\":\"Organization\",\"@id\":\"https:\/\/www.m-q.ch\/fr\/#organization\",\"name\":\"Galledia Fachmedien AG\",\"url\":\"https:\/\/www.m-q.ch\/fr\/\",\"logo\":{\"@type\":\"ImageObject\",\"inLanguage\":\"de\",\"@id\":\"https:\/\/www.m-q.ch\/fr\/#\/schema\/logo\/image\/\",\"url\":\"https:\/\/www.m-q.ch\/wp-content\/uploads\/2020\/12\/cropped-logo_small.png\",\"contentUrl\":\"https:\/\/www.m-q.ch\/wp-content\/uploads\/2020\/12\/cropped-logo_small.png\",\"width\":512,\"height\":512,\"caption\":\"Galledia Fachmedien AG\"},\"image\":{\"@id\":\"https:\/\/www.m-q.ch\/fr\/#\/schema\/logo\/image\/\"},\"sameAs\":[\"https:\/\/www.facebook.com\/ManagementUndQualitaet\",\"https:\/\/www.linkedin.com\/showcase\/17982321\/admin\/\"]},{\"@type\":\"Person\",\"@id\":\"https:\/\/www.m-q.ch\/fr\/#\/schema\/person\/71f647a41e4a3e361e6230f5134f3ba9\",\"name\":\"upwork_2\",\"image\":{\"@type\":\"ImageObject\",\"inLanguage\":\"de\",\"@id\":\"https:\/\/www.m-q.ch\/fr\/#\/schema\/person\/image\/\",\"url\":\"https:\/\/secure.gravatar.com\/avatar\/777b90ab56092bbf3c85feacda5c1bce?s=96&d=mm&r=g\",\"contentUrl\":\"https:\/\/secure.gravatar.com\/avatar\/777b90ab56092bbf3c85feacda5c1bce?s=96&d=mm&r=g\",\"caption\":\"upwork_2\"},\"url\":\"https:\/\/www.m-q.ch\/de\/author\/upwork_2\/\"}]}<\/script>\n<!-- \/ Yoast SEO plugin. -->","yoast_head_json":{"title":"Digitalit\u00e4t im Zentrum - MQ Management und Qualit\u00e4t","description":"Der \u00abTag der Schweizer Qualit\u00e4t\u00bb, der am 10. Mai 2017 von der SAQ (Swiss Association for Quality) und SQS (Schweizer Vereinigung f\u00fcr Qualit\u00e4ts- und Management-Systeme) im Kursaal Bern durchgef\u00fchrt wurde, lieferte zeitgem\u00e4sse Antworten auf die Digitale Transformation unter dem Titel \u00abNeue Dimensionen der Qualit\u00e4t\u00bb.","robots":{"index":"index","follow":"follow","max-snippet":"max-snippet:-1","max-image-preview":"max-image-preview:large","max-video-preview":"max-video-preview:-1"},"canonical":"https:\/\/www.m-q.ch\/de\/digitalitaet-im-zentrum\/","og_locale":"de_DE","og_type":"article","og_title":"Digitalit\u00e4t im Zentrum - MQ Management und Qualit\u00e4t","og_description":"Der \u00abTag der Schweizer Qualit\u00e4t\u00bb, der am 10. Mai 2017 von der SAQ (Swiss Association for Quality) und SQS (Schweizer Vereinigung f\u00fcr Qualit\u00e4ts- und Management-Systeme) im Kursaal Bern durchgef\u00fchrt wurde, lieferte zeitgem\u00e4sse Antworten auf die Digitale Transformation unter dem Titel \u00abNeue Dimensionen der Qualit\u00e4t\u00bb.","og_url":"https:\/\/www.m-q.ch\/de\/digitalitaet-im-zentrum\/","og_site_name":"MQ Management und Qualit\u00e4t","article_publisher":"https:\/\/www.facebook.com\/ManagementUndQualitaet","article_published_time":"2017-06-01T07:58:52+00:00","article_modified_time":"2021-02-13T09:10:38+00:00","og_image":[{"width":870,"height":527,"url":"https:\/\/www.m-q.ch\/wp-content\/uploads\/2021\/02\/Digitalitaet-im-Zentrum.jpg","type":"image\/jpeg"}],"author":"upwork_2","twitter_card":"summary_large_image","twitter_misc":{"Verfasst von":"upwork_2","Gesch\u00e4tzte Lesezeit":"3\u00a0Minuten"},"schema":{"@context":"https:\/\/schema.org","@graph":[{"@type":"Article","@id":"https:\/\/www.m-q.ch\/digitalitaet-im-zentrum\/#article","isPartOf":{"@id":"https:\/\/www.m-q.ch\/digitalitaet-im-zentrum\/"},"author":{"name":"upwork_2","@id":"https:\/\/www.m-q.ch\/fr\/#\/schema\/person\/71f647a41e4a3e361e6230f5134f3ba9"},"headline":"Digitalit\u00e4t im Zentrum","datePublished":"2017-06-01T07:58:52+00:00","dateModified":"2021-02-13T09:10:38+00:00","mainEntityOfPage":{"@id":"https:\/\/www.m-q.ch\/digitalitaet-im-zentrum\/"},"wordCount":638,"publisher":{"@id":"https:\/\/www.m-q.ch\/fr\/#organization"},"image":{"@id":"https:\/\/www.m-q.ch\/digitalitaet-im-zentrum\/#primaryimage"},"thumbnailUrl":"https:\/\/www.m-q.ch\/wp-content\/uploads\/2021\/02\/Digitalitaet-im-Zentrum.jpg","keywords":["06\/2017"],"inLanguage":"de"},{"@type":"WebPage","@id":"https:\/\/www.m-q.ch\/digitalitaet-im-zentrum\/","url":"https:\/\/www.m-q.ch\/digitalitaet-im-zentrum\/","name":"Digitalit\u00e4t im Zentrum - MQ Management und Qualit\u00e4t","isPartOf":{"@id":"https:\/\/www.m-q.ch\/fr\/#website"},"primaryImageOfPage":{"@id":"https:\/\/www.m-q.ch\/digitalitaet-im-zentrum\/#primaryimage"},"image":{"@id":"https:\/\/www.m-q.ch\/digitalitaet-im-zentrum\/#primaryimage"},"thumbnailUrl":"https:\/\/www.m-q.ch\/wp-content\/uploads\/2021\/02\/Digitalitaet-im-Zentrum.jpg","datePublished":"2017-06-01T07:58:52+00:00","dateModified":"2021-02-13T09:10:38+00:00","description":"Der \u00abTag der Schweizer Qualit\u00e4t\u00bb, der am 10. Mai 2017 von der SAQ (Swiss Association for Quality) und SQS (Schweizer Vereinigung f\u00fcr Qualit\u00e4ts- und Management-Systeme) im Kursaal Bern durchgef\u00fchrt wurde, lieferte zeitgem\u00e4sse Antworten auf die Digitale Transformation unter dem Titel \u00abNeue Dimensionen der Qualit\u00e4t\u00bb.","breadcrumb":{"@id":"https:\/\/www.m-q.ch\/digitalitaet-im-zentrum\/#breadcrumb"},"inLanguage":"de","potentialAction":[{"@type":"ReadAction","target":["https:\/\/www.m-q.ch\/digitalitaet-im-zentrum\/"]}]},{"@type":"ImageObject","inLanguage":"de","@id":"https:\/\/www.m-q.ch\/digitalitaet-im-zentrum\/#primaryimage","url":"https:\/\/www.m-q.ch\/wp-content\/uploads\/2021\/02\/Digitalitaet-im-Zentrum.jpg","contentUrl":"https:\/\/www.m-q.ch\/wp-content\/uploads\/2021\/02\/Digitalitaet-im-Zentrum.jpg","width":870,"height":527,"caption":"Digitalit\u00e4t im Zentrum"},{"@type":"BreadcrumbList","@id":"https:\/\/www.m-q.ch\/digitalitaet-im-zentrum\/#breadcrumb","itemListElement":[{"@type":"ListItem","position":1,"name":"Allgemein","item":"https:\/\/www.m-q.ch\/kategorie\/allgemein\/"},{"@type":"ListItem","position":2,"name":"Digitalit\u00e4t im Zentrum"}]},{"@type":"WebSite","@id":"https:\/\/www.m-q.ch\/fr\/#website","url":"https:\/\/www.m-q.ch\/fr\/","name":"MQ Management und Qualit\u00e4t","description":"Plattform f\u00fcr integrierte Managementsysteme.","publisher":{"@id":"https:\/\/www.m-q.ch\/fr\/#organization"},"potentialAction":[{"@type":"SearchAction","target":{"@type":"EntryPoint","urlTemplate":"https:\/\/www.m-q.ch\/fr\/?s={search_term_string}"},"query-input":{"@type":"PropertyValueSpecification","valueRequired":true,"valueName":"search_term_string"}}],"inLanguage":"de"},{"@type":"Organization","@id":"https:\/\/www.m-q.ch\/fr\/#organization","name":"Galledia Fachmedien AG","url":"https:\/\/www.m-q.ch\/fr\/","logo":{"@type":"ImageObject","inLanguage":"de","@id":"https:\/\/www.m-q.ch\/fr\/#\/schema\/logo\/image\/","url":"https:\/\/www.m-q.ch\/wp-content\/uploads\/2020\/12\/cropped-logo_small.png","contentUrl":"https:\/\/www.m-q.ch\/wp-content\/uploads\/2020\/12\/cropped-logo_small.png","width":512,"height":512,"caption":"Galledia Fachmedien AG"},"image":{"@id":"https:\/\/www.m-q.ch\/fr\/#\/schema\/logo\/image\/"},"sameAs":["https:\/\/www.facebook.com\/ManagementUndQualitaet","https:\/\/www.linkedin.com\/showcase\/17982321\/admin\/"]},{"@type":"Person","@id":"https:\/\/www.m-q.ch\/fr\/#\/schema\/person\/71f647a41e4a3e361e6230f5134f3ba9","name":"upwork_2","image":{"@type":"ImageObject","inLanguage":"de","@id":"https:\/\/www.m-q.ch\/fr\/#\/schema\/person\/image\/","url":"https:\/\/secure.gravatar.com\/avatar\/777b90ab56092bbf3c85feacda5c1bce?s=96&d=mm&r=g","contentUrl":"https:\/\/secure.gravatar.com\/avatar\/777b90ab56092bbf3c85feacda5c1bce?s=96&d=mm&r=g","caption":"upwork_2"},"url":"https:\/\/www.m-q.ch\/de\/author\/upwork_2\/"}]}},"_links":{"self":[{"href":"https:\/\/www.m-q.ch\/de\/wp-json\/wp\/v2\/posts\/11334","targetHints":{"allow":["GET"]}}],"collection":[{"href":"https:\/\/www.m-q.ch\/de\/wp-json\/wp\/v2\/posts"}],"about":[{"href":"https:\/\/www.m-q.ch\/de\/wp-json\/wp\/v2\/types\/post"}],"author":[{"embeddable":true,"href":"https:\/\/www.m-q.ch\/de\/wp-json\/wp\/v2\/users\/62"}],"replies":[{"embeddable":true,"href":"https:\/\/www.m-q.ch\/de\/wp-json\/wp\/v2\/comments?post=11334"}],"version-history":[{"count":1,"href":"https:\/\/www.m-q.ch\/de\/wp-json\/wp\/v2\/posts\/11334\/revisions"}],"predecessor-version":[{"id":11350,"href":"https:\/\/www.m-q.ch\/de\/wp-json\/wp\/v2\/posts\/11334\/revisions\/11350"}],"wp:featuredmedia":[{"embeddable":true,"href":"https:\/\/www.m-q.ch\/de\/wp-json\/wp\/v2\/media\/11347"}],"wp:attachment":[{"href":"https:\/\/www.m-q.ch\/de\/wp-json\/wp\/v2\/media?parent=11334"}],"wp:term":[{"taxonomy":"category","embeddable":true,"href":"https:\/\/www.m-q.ch\/de\/wp-json\/wp\/v2\/categories?post=11334"},{"taxonomy":"post_tag","embeddable":true,"href":"https:\/\/www.m-q.ch\/de\/wp-json\/wp\/v2\/tags?post=11334"}],"curies":[{"name":"wp","href":"https:\/\/api.w.org\/{rel}","templated":true}]}}