{"id":11415,"date":"2017-07-05T12:09:33","date_gmt":"2017-07-05T10:09:33","guid":{"rendered":"https:\/\/www.m-q.ch\/?p=11415"},"modified":"2021-02-13T12:31:56","modified_gmt":"2021-02-13T11:31:56","slug":"zum-jubilaeum-der-hochschule-luzern","status":"publish","type":"post","link":"https:\/\/www.m-q.ch\/de\/zum-jubilaeum-der-hochschule-luzern\/","title":{"rendered":"Zum Jubil\u00e4um der Hochschule Luzern"},"content":{"rendered":"<p><img loading=\"lazy\" decoding=\"async\" class=\"alignnone size-full wp-image-11433\" src=\"https:\/\/www.m-q.ch\/wp-content\/uploads\/2021\/02\/Zum-Jubilaeum-der-Hochschule-Luzern.jpg\" alt=\"Zum Jubil\u00e4um der Hochschule Luzern\" width=\"880\" height=\"547\" srcset=\"https:\/\/www.m-q.ch\/wp-content\/uploads\/2021\/02\/Zum-Jubilaeum-der-Hochschule-Luzern.jpg 880w, https:\/\/www.m-q.ch\/wp-content\/uploads\/2021\/02\/Zum-Jubilaeum-der-Hochschule-Luzern-768x477.jpg 768w, https:\/\/www.m-q.ch\/wp-content\/uploads\/2021\/02\/Zum-Jubilaeum-der-Hochschule-Luzern-16x10.jpg 16w, https:\/\/www.m-q.ch\/wp-content\/uploads\/2021\/02\/Zum-Jubilaeum-der-Hochschule-Luzern-282x175.jpg 282w, https:\/\/www.m-q.ch\/wp-content\/uploads\/2021\/02\/Zum-Jubilaeum-der-Hochschule-Luzern-563x350.jpg 563w, https:\/\/www.m-q.ch\/wp-content\/uploads\/2021\/02\/Zum-Jubilaeum-der-Hochschule-Luzern-300x186.jpg 300w\" sizes=\"auto, (max-width: 880px) 100vw, 880px\" \/><\/p>\n<p>&nbsp;<\/p>\n<p>&nbsp;<\/p>\n<p>Die Hochschule Luzern (HSLU) feiert dieses Jahr ihren 20. Geburtstag. 1997 wurde sie als Fachhochschule der sechs Zentralschweizer Kantone Luzern, Uri, Schwyz, Obwalden, Nidwalden und Zug gegr\u00fcndet. Sie geh\u00f6rt zu den \u00e4ltesten Fachhochschulen der Schweiz. Inzwischen hat sich die Bildungslandschaft immens ver\u00e4ndert: Unter anderem erhielten die Fachhochschulen einen \u00abvierfachen Leis-tungsauftrag, den es bis heute zu erf\u00fcllen gilt\u00bb, erkl\u00e4rt Markus Hodel nach der Jubil\u00e4-umsfeier am 19. Juni am modernen HSLU-Komplex an der Werftestrasse 4.<\/p>\n<p>&nbsp;<\/p>\n<p>Die HSLU steht in einem st\u00e4ndigen Wettbewerb mit nationalen und internatio-nalen Hochschulen. Sie sind verpflichtet durch den Eidgen\u00f6ssischen Bund ein Quali-t\u00e4tsmanagement zu betreiben. Fr\u00fch schon schloss sich die HSLU dem Modell der Euro-pean Foundation for Quality Management (EFQM) an. 2010 erhielt sie als erste Hoch-schule im deutschsprachigen Raum die Aus-zeichnung \u00abRecognised for Excellence 3*\u00bb, 2016 wurde sie gar ESPRIX-Preistr\u00e4gerin.<\/p>\n<p>&nbsp;<\/p>\n<p>Um ihre Qualit\u00e4t in Aus- und Weiterbil-dung, anwendungsorientierter Forschung und Dienstleistungen kontinuierlich weiter-zuentwickeln, braucht es neue Visionen und Modelle. Woher holt die HSLU neue qualitati-ve Impulse? Rektor Markus Hodel \u00fcber aktu-elle und zuk\u00fcnftige Herausforderungen der Hochschule Luzern.<\/p>\n<p>&nbsp;<\/p>\n<p><em><strong>\u00abEin Curriculum zu entwickeln und \u00fcber Jahre nicht mehr anzupassen, geht nicht.\u00bb<\/strong><\/em><\/p>\n<p>&nbsp;<\/p>\n<p><em><strong>Herr Dr. Hodel, was sind f\u00fcr Sie die wichtigsten Qualit\u00e4tsmerkmale, die eine Hochschule wie die HSLU kontinuierlich einhalten soll?<\/strong><\/em><br \/>\nMarkus Hodel, HSLU Rektor: Entscheidend ist eine klare, auf die Vision und die Mission aus-gerichtete Strategie in allen vier Leistungsbe-reichen der Hochschule Luzern: Ausbildung, Weiterbildung, Forschung und Dienstleis-tungen. Periodisch evaluieren wir mittels Be-fragungen \u2013 sowohl bei Mitarbeitenden und Studierenden als auch bei Arbeitgebern und der Bev\u00f6lkerung \u2013, wo wir mit unseren Zielen stehen und leiten entsprechende Massnah-men ab. Das kann eine Neuausrichtung oder Erg\u00e4nzung von Modulen oder die Weiterqua-lifizierung von Mitarbeitenden sowie das Coaching von F\u00fchrungskr\u00e4ften sein.<\/p>\n<p>&nbsp;<\/p>\n<p>Heute ein Curriculum zu entwickeln und \u00fcber Jahre nicht mehr anzupassen, das geht nicht.<\/p>\n<p>&nbsp;<\/p>\n<p><em><strong>Wie leiten Sie die Hochschule bez\u00fcglich Qualit\u00e4tsmanagement?<\/strong><\/em><br \/>\nWir integrieren das Qualit\u00e4tsmanagement in unsere F\u00fchrungsaktivit\u00e4ten, d.h. wir stimmen Instrumente, wie zum Beispiel Mitarbeiten-den- oder Studierendenbefragungen, zeitlich mit dem Strategie- und Budgetierungsrhyth-mus ab. Bei der periodischen \u00dcberpr\u00fcfung, wo wir im Hinblick auf strategische Ziele stehen, sind auch die Finanzkennzahlen aufschluss-reich, zum Beispiel die H\u00f6he des Weiterbil-dungsbudgets f\u00fcr Mitarbeitende. Oder etwa auch die Priorisierung unseres Forschungs\u00ad volumens von rund 21 Prozent am Gesamt\u00ad umsatz (Anm. d. Red.: 51 Mio. Franken von rund 253 Mio. Franken Gesamtaufwand).<\/p>\n<p>&nbsp;<\/p>\n<p><em><strong>Was gewichten Sie selbst als relevanter: Kontinuierliche, interne Prozesse oder \u00f6ffentliche Meilensteine und Verleihungen?<\/strong><\/em><br \/>\nDie Hochschule Luzern hat seit Beginn des Aufbaus eines systematischen Qualit\u00e4tsma-nagements den Grundsatz verfolgt, sich auf interne Prozesse zu konzentrieren. Unser Fo-kus ist darauf gerichtet, mit unseren Leistun-gen f\u00fcr unsere Anspruchsgruppen hohen Nutzen zu erzielen.<\/p>\n<p>&nbsp;<\/p>\n<p>Qualit\u00e4tsmanagement heisst f\u00fcr uns konsequentes Durchlaufen des Verbesserungs-Regelkreises \u00abPlan-Do-Check-Act\u00bb.<\/p>\n<p>&nbsp;<\/p>\n<p>Wir versuchen mit allen unseren An-spruchsgruppen in direktem Kontakt zu ste-hen (z.B. auch Alumni), um deren Bed\u00fcrfnis-se zu erkennen und deren R\u00fcckmeldungen f\u00fcr die Entwicklung unserer Produkte und Dienstleistungen zu nutzen.<\/p>\n<p>&nbsp;<\/p>\n<p>Bei entsprechender erreichter Reife nutzen wir jedoch Verfahren im EFQM-Aner-kennungsprogramm, um ein externes Feed-back zu erhalten. Wenn diese unabh\u00e4ngige Bewertung schliesslich darin m\u00fcndet, dass wir das EFQM Label \u00abRecognised for Excel-lence 5*\u00bb erreichen, kommunizieren wir das gern auch \u00f6ffentlich.<\/p>\n<p>&nbsp;<\/p>\n<p><em><strong>Als Bildungsinstitut bewegen Sie sich in einem stark regulierten Bereich. Wie sehen Sie es?<\/strong><\/em><br \/>\nDas ist tats\u00e4chlich so. Ich denke es ist eine St\u00e4r-ke des Schweizer Bildungssystems und macht einen Teil seines internationalen Renommees aus, dass hohe Standards gelten und deren Ein-haltung gepr\u00fcft wird. Mit dem neuen Hoch-schulf\u00f6rderungs- und -koordinationsgesetz, HFKG, sind alle Hochschulen verpflichtet sich alle sieben Jahre einer umfassenden institutio-nellen Akkreditierung zu unterziehen. Diese pr\u00fcft im Wesentlichen, ob die Hochschule mit ihrem Qualit\u00e4tsmanagement sicherstellen kann, ihre strategischen Ziele zu erreichen.<\/p>\n<p>&nbsp;<\/p>\n<p>Die \u00dcberpr\u00fcfung findet anhand von 18 definierten Standards statt. Die Hochschule Luzern hat sich mit ihrer Unternehmensf\u00fch- rung auf der Basis des EFQM-Modells gute Voraussetzungen daf\u00fcr erarbeitet und plant, bis 2019 diesen Akkreditierungsprozess er- folgreich zu durchlaufen.<\/p>\n<p>&nbsp;<\/p>\n<p><em><strong>Was bedeutet f\u00fcr Sie \u2013 ganz allgemein \u2013 der Begriff \u00abBusiness Excellence\u00bb?<\/strong><\/em><br \/>\nBusiness Excellence ist ein ganzheitlicher Weg unternehmerisch t\u00e4tig zu sein und nach-haltige Ergebnisse zu erzielen. Dies erreichen wir durch einen intensiven Austausch mit den relevanten Interessengruppen:<\/p>\n<p>&nbsp;<\/p>\n<ul>\n<li>mit Studierenden in der Aus- und Weiterbildung sowie deren aktuellen oder k\u00fcnftigen Arbeitgebern, Forschungspartnern und Dienstleistungsempf\u00e4ngern.<\/li>\n<li>mit Mitarbeitenden, sowohl mit akademischem als auch administrativem Personal<\/li>\n<li>mit Vertretern und Vertreterinnen aus Politik und Gesellschaft.<\/li>\n<\/ul>\n<p>&nbsp;<\/p>\n<p><em><strong>R\u00fcckblickend gesehen, wo lagen die gr\u00f6ss- ten Herausforderungen f\u00fcr die HSLU? <\/strong><\/em><br \/>\nWir sind mit unseren sechs Departementen Technik &amp; Architektur, Wirtschaft, Informatik, Soziale Arbeit, Design &amp; Kunst sowie Musik und \u00fcber 1600 Mitarbeitenden eine sehr viel- f\u00e4ltige Institution, haben also auch verschiede- ne Kulturen. Diese alle im Qualit\u00e4tsentwick- lungsprozess unter \u2039einen Hut\u203a zu bekommen, war sicher die gr\u00f6sste Herausforderung. Bei- spielsweise sahen wir anhand verschiedener Standortbestimmungen, dass es F\u00fchrungs-schulungen braucht, um eine gemeinsame Strategie und gemeinsame Werte umzusetzen.<\/p>\n<p>&nbsp;<\/p>\n<p><em><strong>Die HSLU ist eine in diverse Einheiten aufgeteilte Organisation. Inwiefern erschwert oder erleichtert dies die Umsetzung von EFQM? <\/strong><\/em><br \/>\nSicher sind kleine Organisationen in Ent- wicklungsprozessen meistens agiler. In Orga- nisationen wie der HSLU muss sichergestellt werden, dass die Umsetzung kaskadisch, von oben nach unten, \u00fcber alle Einheiten ann\u00e4- hernd zeitgleich erfolgt. Evident daf\u00fcr ist ein klares Bekenntnis der obersten Leitungsgre- mien und deren konsequentes Bestreben die n\u00e4chsttiefere Ebene daf\u00fcr zu motivieren.<\/p>\n<p>&nbsp;<\/p>\n<p>Kleine und grosse Unternehmen unter- scheiden sich hierbei noch in der Anzahl der F\u00fchrungsstufen. Bei Grossunternehmen be- steht durchaus die Gefahr, dass auf dem l\u00e4n- geren und umwegreicheren Gang zur Basis etwas \u00abverloren\u00bb geht \u2013 wenn ich an Inhalt und an Motivation denke.<\/p>\n<p>&nbsp;<\/p>\n<p><em><strong>Wie lauten die n\u00e4chsten strategischen Ziele der Hochschule Luzern? <\/strong><\/em><br \/>\nIn der Schweizer Fachhochschulentwicklung gewinnt bei den Dozierenden das doppelte Kompetenzprofil an Bedeutung: Praxiserfah- rung und Wissenschaftlichkeit. Wir wollen un- sere Dozierenden weiterqualifizieren, in wis- senschaftlicher Methodik sowie im Hinblick auf die Digitalisierung und damit verbunden auch in Didaktik. Weiterentwickeln wollen wir zu- dem die interdisziplin\u00e4re Zusammenarbeit in Forschung und Lehre. Wir haben einiges inves- tiert in den Aufbau von f\u00e4cher\u00fcbergreifenden Studienangeboten und Forschungsprojekten \u2013 konzeptionell und finanziell. Durch unsere the- matisch breite Aufstellung von Technik bis zu Kunst &amp; Design ergeben sich neue \u00fcberraschen- de Ans\u00e4tze, etwa wenn Ingenieure mit Designe- rinnen kooperieren, um energieeffiziente und zugleich \u00e4sthetische Produkte zu entwickeln. In der Weiterentwicklung dieser St\u00e4rke sehe ich f\u00fcr uns beste Chancen zur Profilierung. Aktuelle und mittelfristige Schwer- punktthemen der HSLU sind die Digitalisie- rung, die Personalentwicklung und der Aufbau von interdisziplin\u00e4ren Themen-Clustern.<\/p>\n","protected":false},"excerpt":{"rendered":"<p>&nbsp; &nbsp; Die Hochschule Luzern (HSLU) feiert dieses Jahr ihren 20. Geburtstag. 1997 wurde sie als Fachhochschule der sechs Zentralschweizer Kantone Luzern, Uri, Schwyz, Obwalden, Nidwalden und Zug gegr\u00fcndet. Sie geh\u00f6rt zu den \u00e4ltesten Fachhochschulen der Schweiz. Inzwischen hat sich die Bildungslandschaft immens ver\u00e4ndert: Unter anderem erhielten die Fachhochschulen einen \u00abvierfachen Leis-tungsauftrag, den es bis [&hellip;]<\/p>\n","protected":false},"author":62,"featured_media":11433,"comment_status":"closed","ping_status":"closed","sticky":false,"template":"","format":"standard","meta":{"_acf_changed":false,"footnotes":""},"categories":[1],"tags":[4776],"class_list":["post-11415","post","type-post","status-publish","format-standard","has-post-thumbnail","hentry","category-unkategorisiert","tag-07-08-2017"],"acf":[],"yoast_head":"<!-- This site is optimized with the Yoast SEO plugin v26.2 - https:\/\/yoast.com\/wordpress\/plugins\/seo\/ -->\n<title>Zum Jubil\u00e4um der Hochschule Luzern - MQ Management und Qualit\u00e4t<\/title>\n<meta name=\"description\" content=\"Die Hochschule Luzern (\u00abRecognised for Excellence\u00bb) feiert dieses Jahr ihr 20-j\u00e4hriges Bestehen. Dr. Markus Hodel, seit f\u00fcnf Jahren Rektor an der Hochschule \u00adLuzern, \u00fcber aktuelle und zuk\u00fcnftige Herausforderungen einer sich erweiternden und fortschrittlichen Fachhochschule.\" \/>\n<meta name=\"robots\" content=\"index, follow, max-snippet:-1, max-image-preview:large, max-video-preview:-1\" \/>\n<link rel=\"canonical\" href=\"https:\/\/www.m-q.ch\/de\/zum-jubilaeum-der-hochschule-luzern\/\" \/>\n<meta property=\"og:locale\" content=\"de_DE\" \/>\n<meta property=\"og:type\" content=\"article\" \/>\n<meta property=\"og:title\" content=\"Zum Jubil\u00e4um der Hochschule Luzern - MQ Management und Qualit\u00e4t\" \/>\n<meta property=\"og:description\" content=\"Die Hochschule Luzern (\u00abRecognised for Excellence\u00bb) feiert dieses Jahr ihr 20-j\u00e4hriges Bestehen. Dr. Markus Hodel, seit f\u00fcnf Jahren Rektor an der Hochschule \u00adLuzern, \u00fcber aktuelle und zuk\u00fcnftige Herausforderungen einer sich erweiternden und fortschrittlichen Fachhochschule.\" \/>\n<meta property=\"og:url\" content=\"https:\/\/www.m-q.ch\/de\/zum-jubilaeum-der-hochschule-luzern\/\" \/>\n<meta property=\"og:site_name\" content=\"MQ Management und Qualit\u00e4t\" \/>\n<meta property=\"article:publisher\" content=\"https:\/\/www.facebook.com\/ManagementUndQualitaet\" \/>\n<meta property=\"article:published_time\" content=\"2017-07-05T10:09:33+00:00\" \/>\n<meta property=\"article:modified_time\" content=\"2021-02-13T11:31:56+00:00\" \/>\n<meta property=\"og:image\" content=\"https:\/\/www.m-q.ch\/wp-content\/uploads\/2021\/02\/Zum-Jubilaeum-der-Hochschule-Luzern.jpg\" \/>\n\t<meta property=\"og:image:width\" content=\"880\" \/>\n\t<meta property=\"og:image:height\" content=\"547\" \/>\n\t<meta property=\"og:image:type\" content=\"image\/jpeg\" \/>\n<meta name=\"author\" content=\"upwork_2\" \/>\n<meta name=\"twitter:card\" content=\"summary_large_image\" \/>\n<meta name=\"twitter:label1\" content=\"Verfasst von\" \/>\n\t<meta name=\"twitter:data1\" content=\"upwork_2\" \/>\n\t<meta name=\"twitter:label2\" content=\"Gesch\u00e4tzte Lesezeit\" \/>\n\t<meta name=\"twitter:data2\" content=\"5\u00a0Minuten\" \/>\n<script type=\"application\/ld+json\" class=\"yoast-schema-graph\">{\"@context\":\"https:\/\/schema.org\",\"@graph\":[{\"@type\":\"Article\",\"@id\":\"https:\/\/www.m-q.ch\/en\/on-the-anniversary-of-university-luzern\/#article\",\"isPartOf\":{\"@id\":\"https:\/\/www.m-q.ch\/en\/on-the-anniversary-of-university-luzern\/\"},\"author\":{\"name\":\"upwork_2\",\"@id\":\"https:\/\/www.m-q.ch\/fr\/#\/schema\/person\/71f647a41e4a3e361e6230f5134f3ba9\"},\"headline\":\"Zum Jubil\u00e4um der Hochschule Luzern\",\"datePublished\":\"2017-07-05T10:09:33+00:00\",\"dateModified\":\"2021-02-13T11:31:56+00:00\",\"mainEntityOfPage\":{\"@id\":\"https:\/\/www.m-q.ch\/en\/on-the-anniversary-of-university-luzern\/\"},\"wordCount\":1105,\"publisher\":{\"@id\":\"https:\/\/www.m-q.ch\/fr\/#organization\"},\"image\":{\"@id\":\"https:\/\/www.m-q.ch\/en\/on-the-anniversary-of-university-luzern\/#primaryimage\"},\"thumbnailUrl\":\"https:\/\/www.m-q.ch\/wp-content\/uploads\/2021\/02\/Zum-Jubilaeum-der-Hochschule-Luzern.jpg\",\"keywords\":[\"07\u201308\/2017\"],\"articleSection\":[\"Unkategorisiert\"],\"inLanguage\":\"de\"},{\"@type\":\"WebPage\",\"@id\":\"https:\/\/www.m-q.ch\/en\/on-the-anniversary-of-university-luzern\/\",\"url\":\"https:\/\/www.m-q.ch\/en\/on-the-anniversary-of-university-luzern\/\",\"name\":\"Zum Jubil\u00e4um der Hochschule Luzern - MQ Management und Qualit\u00e4t\",\"isPartOf\":{\"@id\":\"https:\/\/www.m-q.ch\/fr\/#website\"},\"primaryImageOfPage\":{\"@id\":\"https:\/\/www.m-q.ch\/en\/on-the-anniversary-of-university-luzern\/#primaryimage\"},\"image\":{\"@id\":\"https:\/\/www.m-q.ch\/en\/on-the-anniversary-of-university-luzern\/#primaryimage\"},\"thumbnailUrl\":\"https:\/\/www.m-q.ch\/wp-content\/uploads\/2021\/02\/Zum-Jubilaeum-der-Hochschule-Luzern.jpg\",\"datePublished\":\"2017-07-05T10:09:33+00:00\",\"dateModified\":\"2021-02-13T11:31:56+00:00\",\"description\":\"Die Hochschule Luzern (\u00abRecognised for Excellence\u00bb) feiert dieses Jahr ihr 20-j\u00e4hriges Bestehen. Dr. Markus Hodel, seit f\u00fcnf Jahren Rektor an der Hochschule \u00adLuzern, \u00fcber aktuelle und zuk\u00fcnftige Herausforderungen einer sich erweiternden und fortschrittlichen Fachhochschule.\",\"breadcrumb\":{\"@id\":\"https:\/\/www.m-q.ch\/en\/on-the-anniversary-of-university-luzern\/#breadcrumb\"},\"inLanguage\":\"de\",\"potentialAction\":[{\"@type\":\"ReadAction\",\"target\":[\"https:\/\/www.m-q.ch\/en\/on-the-anniversary-of-university-luzern\/\"]}]},{\"@type\":\"ImageObject\",\"inLanguage\":\"de\",\"@id\":\"https:\/\/www.m-q.ch\/en\/on-the-anniversary-of-university-luzern\/#primaryimage\",\"url\":\"https:\/\/www.m-q.ch\/wp-content\/uploads\/2021\/02\/Zum-Jubilaeum-der-Hochschule-Luzern.jpg\",\"contentUrl\":\"https:\/\/www.m-q.ch\/wp-content\/uploads\/2021\/02\/Zum-Jubilaeum-der-Hochschule-Luzern.jpg\",\"width\":880,\"height\":547,\"caption\":\"Zum Jubil\u00e4um der Hochschule Luzern\"},{\"@type\":\"BreadcrumbList\",\"@id\":\"https:\/\/www.m-q.ch\/en\/on-the-anniversary-of-university-luzern\/#breadcrumb\",\"itemListElement\":[{\"@type\":\"ListItem\",\"position\":1,\"name\":\"Unkategorisiert\",\"item\":\"https:\/\/www.m-q.ch\/it\/categoria\/senza-categoria\/\"},{\"@type\":\"ListItem\",\"position\":2,\"name\":\"Zum Jubil\u00e4um der Hochschule Luzern\"}]},{\"@type\":\"WebSite\",\"@id\":\"https:\/\/www.m-q.ch\/fr\/#website\",\"url\":\"https:\/\/www.m-q.ch\/fr\/\",\"name\":\"MQ Management und Qualit\u00e4t\",\"description\":\"Plattform f\u00fcr integrierte Managementsysteme.\",\"publisher\":{\"@id\":\"https:\/\/www.m-q.ch\/fr\/#organization\"},\"potentialAction\":[{\"@type\":\"SearchAction\",\"target\":{\"@type\":\"EntryPoint\",\"urlTemplate\":\"https:\/\/www.m-q.ch\/fr\/?s={search_term_string}\"},\"query-input\":{\"@type\":\"PropertyValueSpecification\",\"valueRequired\":true,\"valueName\":\"search_term_string\"}}],\"inLanguage\":\"de\"},{\"@type\":\"Organization\",\"@id\":\"https:\/\/www.m-q.ch\/fr\/#organization\",\"name\":\"Galledia Fachmedien AG\",\"url\":\"https:\/\/www.m-q.ch\/fr\/\",\"logo\":{\"@type\":\"ImageObject\",\"inLanguage\":\"de\",\"@id\":\"https:\/\/www.m-q.ch\/fr\/#\/schema\/logo\/image\/\",\"url\":\"https:\/\/www.m-q.ch\/wp-content\/uploads\/2020\/12\/cropped-logo_small.png\",\"contentUrl\":\"https:\/\/www.m-q.ch\/wp-content\/uploads\/2020\/12\/cropped-logo_small.png\",\"width\":512,\"height\":512,\"caption\":\"Galledia Fachmedien AG\"},\"image\":{\"@id\":\"https:\/\/www.m-q.ch\/fr\/#\/schema\/logo\/image\/\"},\"sameAs\":[\"https:\/\/www.facebook.com\/ManagementUndQualitaet\",\"https:\/\/www.linkedin.com\/showcase\/17982321\/admin\/\"]},{\"@type\":\"Person\",\"@id\":\"https:\/\/www.m-q.ch\/fr\/#\/schema\/person\/71f647a41e4a3e361e6230f5134f3ba9\",\"name\":\"upwork_2\",\"image\":{\"@type\":\"ImageObject\",\"inLanguage\":\"de\",\"@id\":\"https:\/\/www.m-q.ch\/fr\/#\/schema\/person\/image\/\",\"url\":\"https:\/\/secure.gravatar.com\/avatar\/777b90ab56092bbf3c85feacda5c1bce?s=96&d=mm&r=g\",\"contentUrl\":\"https:\/\/secure.gravatar.com\/avatar\/777b90ab56092bbf3c85feacda5c1bce?s=96&d=mm&r=g\",\"caption\":\"upwork_2\"},\"url\":\"https:\/\/www.m-q.ch\/de\/author\/upwork_2\/\"}]}<\/script>\n<!-- \/ Yoast SEO plugin. -->","yoast_head_json":{"title":"Zum Jubil\u00e4um der Hochschule Luzern - MQ Management und Qualit\u00e4t","description":"Die Hochschule Luzern (\u00abRecognised for Excellence\u00bb) feiert dieses Jahr ihr 20-j\u00e4hriges Bestehen. Dr. Markus Hodel, seit f\u00fcnf Jahren Rektor an der Hochschule \u00adLuzern, \u00fcber aktuelle und zuk\u00fcnftige Herausforderungen einer sich erweiternden und fortschrittlichen Fachhochschule.","robots":{"index":"index","follow":"follow","max-snippet":"max-snippet:-1","max-image-preview":"max-image-preview:large","max-video-preview":"max-video-preview:-1"},"canonical":"https:\/\/www.m-q.ch\/de\/zum-jubilaeum-der-hochschule-luzern\/","og_locale":"de_DE","og_type":"article","og_title":"Zum Jubil\u00e4um der Hochschule Luzern - MQ Management und Qualit\u00e4t","og_description":"Die Hochschule Luzern (\u00abRecognised for Excellence\u00bb) feiert dieses Jahr ihr 20-j\u00e4hriges Bestehen. Dr. Markus Hodel, seit f\u00fcnf Jahren Rektor an der Hochschule \u00adLuzern, \u00fcber aktuelle und zuk\u00fcnftige Herausforderungen einer sich erweiternden und fortschrittlichen Fachhochschule.","og_url":"https:\/\/www.m-q.ch\/de\/zum-jubilaeum-der-hochschule-luzern\/","og_site_name":"MQ Management und Qualit\u00e4t","article_publisher":"https:\/\/www.facebook.com\/ManagementUndQualitaet","article_published_time":"2017-07-05T10:09:33+00:00","article_modified_time":"2021-02-13T11:31:56+00:00","og_image":[{"width":880,"height":547,"url":"https:\/\/www.m-q.ch\/wp-content\/uploads\/2021\/02\/Zum-Jubilaeum-der-Hochschule-Luzern.jpg","type":"image\/jpeg"}],"author":"upwork_2","twitter_card":"summary_large_image","twitter_misc":{"Verfasst von":"upwork_2","Gesch\u00e4tzte Lesezeit":"5\u00a0Minuten"},"schema":{"@context":"https:\/\/schema.org","@graph":[{"@type":"Article","@id":"https:\/\/www.m-q.ch\/en\/on-the-anniversary-of-university-luzern\/#article","isPartOf":{"@id":"https:\/\/www.m-q.ch\/en\/on-the-anniversary-of-university-luzern\/"},"author":{"name":"upwork_2","@id":"https:\/\/www.m-q.ch\/fr\/#\/schema\/person\/71f647a41e4a3e361e6230f5134f3ba9"},"headline":"Zum Jubil\u00e4um der Hochschule Luzern","datePublished":"2017-07-05T10:09:33+00:00","dateModified":"2021-02-13T11:31:56+00:00","mainEntityOfPage":{"@id":"https:\/\/www.m-q.ch\/en\/on-the-anniversary-of-university-luzern\/"},"wordCount":1105,"publisher":{"@id":"https:\/\/www.m-q.ch\/fr\/#organization"},"image":{"@id":"https:\/\/www.m-q.ch\/en\/on-the-anniversary-of-university-luzern\/#primaryimage"},"thumbnailUrl":"https:\/\/www.m-q.ch\/wp-content\/uploads\/2021\/02\/Zum-Jubilaeum-der-Hochschule-Luzern.jpg","keywords":["07\u201308\/2017"],"articleSection":["Unkategorisiert"],"inLanguage":"de"},{"@type":"WebPage","@id":"https:\/\/www.m-q.ch\/en\/on-the-anniversary-of-university-luzern\/","url":"https:\/\/www.m-q.ch\/en\/on-the-anniversary-of-university-luzern\/","name":"Zum Jubil\u00e4um der Hochschule Luzern - MQ Management und Qualit\u00e4t","isPartOf":{"@id":"https:\/\/www.m-q.ch\/fr\/#website"},"primaryImageOfPage":{"@id":"https:\/\/www.m-q.ch\/en\/on-the-anniversary-of-university-luzern\/#primaryimage"},"image":{"@id":"https:\/\/www.m-q.ch\/en\/on-the-anniversary-of-university-luzern\/#primaryimage"},"thumbnailUrl":"https:\/\/www.m-q.ch\/wp-content\/uploads\/2021\/02\/Zum-Jubilaeum-der-Hochschule-Luzern.jpg","datePublished":"2017-07-05T10:09:33+00:00","dateModified":"2021-02-13T11:31:56+00:00","description":"Die Hochschule Luzern (\u00abRecognised for Excellence\u00bb) feiert dieses Jahr ihr 20-j\u00e4hriges Bestehen. Dr. Markus Hodel, seit f\u00fcnf Jahren Rektor an der Hochschule \u00adLuzern, \u00fcber aktuelle und zuk\u00fcnftige Herausforderungen einer sich erweiternden und fortschrittlichen Fachhochschule.","breadcrumb":{"@id":"https:\/\/www.m-q.ch\/en\/on-the-anniversary-of-university-luzern\/#breadcrumb"},"inLanguage":"de","potentialAction":[{"@type":"ReadAction","target":["https:\/\/www.m-q.ch\/en\/on-the-anniversary-of-university-luzern\/"]}]},{"@type":"ImageObject","inLanguage":"de","@id":"https:\/\/www.m-q.ch\/en\/on-the-anniversary-of-university-luzern\/#primaryimage","url":"https:\/\/www.m-q.ch\/wp-content\/uploads\/2021\/02\/Zum-Jubilaeum-der-Hochschule-Luzern.jpg","contentUrl":"https:\/\/www.m-q.ch\/wp-content\/uploads\/2021\/02\/Zum-Jubilaeum-der-Hochschule-Luzern.jpg","width":880,"height":547,"caption":"Zum Jubil\u00e4um der Hochschule Luzern"},{"@type":"BreadcrumbList","@id":"https:\/\/www.m-q.ch\/en\/on-the-anniversary-of-university-luzern\/#breadcrumb","itemListElement":[{"@type":"ListItem","position":1,"name":"Unkategorisiert","item":"https:\/\/www.m-q.ch\/it\/categoria\/senza-categoria\/"},{"@type":"ListItem","position":2,"name":"Zum Jubil\u00e4um der Hochschule Luzern"}]},{"@type":"WebSite","@id":"https:\/\/www.m-q.ch\/fr\/#website","url":"https:\/\/www.m-q.ch\/fr\/","name":"MQ Management und Qualit\u00e4t","description":"Plattform f\u00fcr integrierte Managementsysteme.","publisher":{"@id":"https:\/\/www.m-q.ch\/fr\/#organization"},"potentialAction":[{"@type":"SearchAction","target":{"@type":"EntryPoint","urlTemplate":"https:\/\/www.m-q.ch\/fr\/?s={search_term_string}"},"query-input":{"@type":"PropertyValueSpecification","valueRequired":true,"valueName":"search_term_string"}}],"inLanguage":"de"},{"@type":"Organization","@id":"https:\/\/www.m-q.ch\/fr\/#organization","name":"Galledia Fachmedien AG","url":"https:\/\/www.m-q.ch\/fr\/","logo":{"@type":"ImageObject","inLanguage":"de","@id":"https:\/\/www.m-q.ch\/fr\/#\/schema\/logo\/image\/","url":"https:\/\/www.m-q.ch\/wp-content\/uploads\/2020\/12\/cropped-logo_small.png","contentUrl":"https:\/\/www.m-q.ch\/wp-content\/uploads\/2020\/12\/cropped-logo_small.png","width":512,"height":512,"caption":"Galledia Fachmedien AG"},"image":{"@id":"https:\/\/www.m-q.ch\/fr\/#\/schema\/logo\/image\/"},"sameAs":["https:\/\/www.facebook.com\/ManagementUndQualitaet","https:\/\/www.linkedin.com\/showcase\/17982321\/admin\/"]},{"@type":"Person","@id":"https:\/\/www.m-q.ch\/fr\/#\/schema\/person\/71f647a41e4a3e361e6230f5134f3ba9","name":"upwork_2","image":{"@type":"ImageObject","inLanguage":"de","@id":"https:\/\/www.m-q.ch\/fr\/#\/schema\/person\/image\/","url":"https:\/\/secure.gravatar.com\/avatar\/777b90ab56092bbf3c85feacda5c1bce?s=96&d=mm&r=g","contentUrl":"https:\/\/secure.gravatar.com\/avatar\/777b90ab56092bbf3c85feacda5c1bce?s=96&d=mm&r=g","caption":"upwork_2"},"url":"https:\/\/www.m-q.ch\/de\/author\/upwork_2\/"}]}},"_links":{"self":[{"href":"https:\/\/www.m-q.ch\/de\/wp-json\/wp\/v2\/posts\/11415","targetHints":{"allow":["GET"]}}],"collection":[{"href":"https:\/\/www.m-q.ch\/de\/wp-json\/wp\/v2\/posts"}],"about":[{"href":"https:\/\/www.m-q.ch\/de\/wp-json\/wp\/v2\/types\/post"}],"author":[{"embeddable":true,"href":"https:\/\/www.m-q.ch\/de\/wp-json\/wp\/v2\/users\/62"}],"replies":[{"embeddable":true,"href":"https:\/\/www.m-q.ch\/de\/wp-json\/wp\/v2\/comments?post=11415"}],"version-history":[{"count":1,"href":"https:\/\/www.m-q.ch\/de\/wp-json\/wp\/v2\/posts\/11415\/revisions"}],"predecessor-version":[{"id":11435,"href":"https:\/\/www.m-q.ch\/de\/wp-json\/wp\/v2\/posts\/11415\/revisions\/11435"}],"wp:featuredmedia":[{"embeddable":true,"href":"https:\/\/www.m-q.ch\/de\/wp-json\/wp\/v2\/media\/11433"}],"wp:attachment":[{"href":"https:\/\/www.m-q.ch\/de\/wp-json\/wp\/v2\/media?parent=11415"}],"wp:term":[{"taxonomy":"category","embeddable":true,"href":"https:\/\/www.m-q.ch\/de\/wp-json\/wp\/v2\/categories?post=11415"},{"taxonomy":"post_tag","embeddable":true,"href":"https:\/\/www.m-q.ch\/de\/wp-json\/wp\/v2\/tags?post=11415"}],"curies":[{"name":"wp","href":"https:\/\/api.w.org\/{rel}","templated":true}]}}