{"id":11591,"date":"2017-10-07T00:51:51","date_gmt":"2017-10-06T22:51:51","guid":{"rendered":"https:\/\/www.m-q.ch\/?p=11591"},"modified":"2021-02-14T01:39:26","modified_gmt":"2021-02-14T00:39:26","slug":"risiko-und-krisenkommunikation-lernt-man-heute-an-der-zhaw","status":"publish","type":"post","link":"https:\/\/www.m-q.ch\/de\/risiko-und-krisenkommunikation-lernt-man-heute-an-der-zhaw\/","title":{"rendered":"Risiko- und Krisenkommunikation lernt man heute an der ZHAW"},"content":{"rendered":"<p><img loading=\"lazy\" decoding=\"async\" class=\"alignnone size-full wp-image-11615\" src=\"https:\/\/www.m-q.ch\/wp-content\/uploads\/2021\/02\/Risiko-und-Krisenkommunikation-lernt-man-heute-an-der-ZHAW.jpg\" alt=\"Risiko- und Krisenkommunikation lernt man heute an der ZHAW\" width=\"883\" height=\"696\" srcset=\"https:\/\/www.m-q.ch\/wp-content\/uploads\/2021\/02\/Risiko-und-Krisenkommunikation-lernt-man-heute-an-der-ZHAW.jpg 883w, https:\/\/www.m-q.ch\/wp-content\/uploads\/2021\/02\/Risiko-und-Krisenkommunikation-lernt-man-heute-an-der-ZHAW-768x605.jpg 768w, https:\/\/www.m-q.ch\/wp-content\/uploads\/2021\/02\/Risiko-und-Krisenkommunikation-lernt-man-heute-an-der-ZHAW-16x12.jpg 16w, https:\/\/www.m-q.ch\/wp-content\/uploads\/2021\/02\/Risiko-und-Krisenkommunikation-lernt-man-heute-an-der-ZHAW-222x175.jpg 222w, https:\/\/www.m-q.ch\/wp-content\/uploads\/2021\/02\/Risiko-und-Krisenkommunikation-lernt-man-heute-an-der-ZHAW-444x350.jpg 444w, https:\/\/www.m-q.ch\/wp-content\/uploads\/2021\/02\/Risiko-und-Krisenkommunikation-lernt-man-heute-an-der-ZHAW-300x236.jpg 300w\" sizes=\"auto, (max-width: 883px) 100vw, 883px\" \/><\/p>\n<p>&nbsp;<\/p>\n<p>&nbsp;<\/p>\n<p>&nbsp;<\/p>\n<p>Das f\u00fchrende Institut f\u00fcr Risiko- und Krisen-kommunikation in der Schweiz ist an der ZHAW Z\u00fcrcher Hochschule f\u00fcr Angewandte Wissenschaften in Winterthur angesiedelt. Am Institut f\u00fcr Nachhaltige Entwicklung (INE) haben in den vergangenen Jahren viele Studierende den Zertifikatslehrgang (Certifi-cate of Advanced Studies, kurz CAS) Risiko-und Krisenkommunikation (CAS RKK) er-worben. Pascal A. Praudisch ist Bereichsleiter bei der Kessler &amp; Co AG in Z\u00fcrich. Im Rah-men des Master of Advanced Studies (MAS) Integrated Risk Management nahm er am CAS RKK teil. Nach seinem erfolgreichen Ab-schluss sagt er: \u00abDie Verkn\u00fcpfung meiner bis-herigen beruflichen Erfahrungen mit dem praktischen Wissenstransfer der Ausbildung \u2013 exakt dies wird an der ZHAW geboten.\u00bb<\/p>\n<p><strong>Grundlagen der wirkungsorientierten Kommunikation<\/strong><br \/>\nDie wesentliche Zielsetzung dieses Lehrgangs ist der professionelle Umgang mit internen und externen Anspruchsgruppen in kriti-schen Situationen. Im CAS RKK vertiefen Sie Ihr Wissen durch praxisorientierte Problem-stellungen. Anhand von konkreten Fallbei-spielen sind Sie in der Lage, Situationen folge-richtig zu analysieren, L\u00f6sungswege zu ent-wickeln und gezielt umzusetzen.<\/p>\n<p><strong>Kompetenz in Krisenpr\u00e4vention und Krisenbew\u00e4ltigung<\/strong><br \/>\nZw\u00f6lf aufeinander abgestimmte Unterrichts-tage und eine begleitete Projektarbeit verhel-fen Ihnen zu einem Hochschulzertifikat, zehn ECTS-Punkten und zu \u00fcberdurchschnittli-cher Kompetenz in der Krisenpr\u00e4vention und Krisenbew\u00e4ltigung. Unsere Dozierenden ge-h\u00f6ren in unterschiedlichen Berufsfeldern zu den Besten ihres Fachs. Das garantiert maxi-malen Praxisbezug und hohe Aktualit\u00e4t.<\/p>\n<p><strong>Ein exakt auf Ihre Bed\u00fcrfnisse zugeschnittener Lehrgang<\/strong><br \/>\nDas CAS RKK richtet sich vor allem an Kader-mitglieder in Unternehmen, Versicherungen, Verwaltungen und Blaulichtorganisationen. Auch Mitglieder der Gesch\u00e4ftsleitung und des Verwaltungsrates sowie Verantwortliche in den Bereichen Sicherheits-, Risiko-, Quali-t\u00e4ts-, Projekt-, IT- und Umweltmanagement geh\u00f6ren zum Personenkreis, die von diesem Studiengang profitieren werden. Und Vertre-terinnen und Vertretern aus dem Consulting, dem Controlling und der Compliance ver-mittelt dieser Lehrgang essentielle Einblicke und Trainingsm\u00f6glichkeiten.<\/p>\n<p><strong>Sie \u00fcben dort, wo andere erst hinkommen, wenn es bereits brennt<\/strong><br \/>\nDieser Lehrgang wird Sie auch auf Medien-auftritte vorbereiten. Sie geben Interviews im TV-Studio \u2013 also dort, wo andere erst hin-kommen, wenn es bereits \u00abbrennt\u00bb. In mehre-ren Trainings vor der Kamera werden Sie Ihre Auftrittskompetenz ausbauen.<\/p>\n","protected":false},"excerpt":{"rendered":"<p>&nbsp; &nbsp; &nbsp; Das f\u00fchrende Institut f\u00fcr Risiko- und Krisen-kommunikation in der Schweiz ist an der ZHAW Z\u00fcrcher Hochschule f\u00fcr Angewandte Wissenschaften in Winterthur angesiedelt. Am Institut f\u00fcr Nachhaltige Entwicklung (INE) haben in den vergangenen Jahren viele Studierende den Zertifikatslehrgang (Certifi-cate of Advanced Studies, kurz CAS) Risiko-und Krisenkommunikation (CAS RKK) er-worben. Pascal A. Praudisch ist [&hellip;]<\/p>\n","protected":false},"author":62,"featured_media":11615,"comment_status":"closed","ping_status":"closed","sticky":false,"template":"","format":"standard","meta":{"_acf_changed":false,"footnotes":""},"categories":[4448],"tags":[4780],"class_list":["post-11591","post","type-post","status-publish","format-standard","has-post-thumbnail","hentry","category-allgemein","tag-10-2017"],"acf":[],"yoast_head":"<!-- This site is optimized with the Yoast SEO plugin v26.2 - https:\/\/yoast.com\/wordpress\/plugins\/seo\/ -->\n<title>Risiko- und Krisenkommunikation lernt man heute an der ZHAW - MQ Management und Qualit\u00e4t<\/title>\n<meta name=\"description\" content=\"Warum f\u00fchren Konflikte so oft zu Imageproblemen? Was k\u00f6nnen Kaderleute dagegentun? Wie k\u00f6nnen Sie dazu beitragen, dass das Interessen-, Beziehungs- undKommunikationsmanagement Ihre Organisation befl\u00fcgelt anstatt hemmt? Wask\u00f6nnen Sie tun und was sollten Sie unterlassen, damit das Corporate Wording IhresUnternehmens nicht auf Frontalkurs mit der \u00f6ffentlichen Meinung geht?\" \/>\n<meta name=\"robots\" content=\"index, follow, max-snippet:-1, max-image-preview:large, max-video-preview:-1\" \/>\n<link rel=\"canonical\" href=\"https:\/\/www.m-q.ch\/de\/risiko-und-krisenkommunikation-lernt-man-heute-an-der-zhaw\/\" \/>\n<meta property=\"og:locale\" content=\"de_DE\" \/>\n<meta property=\"og:type\" content=\"article\" \/>\n<meta property=\"og:title\" content=\"Risiko- und Krisenkommunikation lernt man heute an der ZHAW - MQ Management und Qualit\u00e4t\" \/>\n<meta property=\"og:description\" content=\"Warum f\u00fchren Konflikte so oft zu Imageproblemen? Was k\u00f6nnen Kaderleute dagegentun? Wie k\u00f6nnen Sie dazu beitragen, dass das Interessen-, Beziehungs- undKommunikationsmanagement Ihre Organisation befl\u00fcgelt anstatt hemmt? Wask\u00f6nnen Sie tun und was sollten Sie unterlassen, damit das Corporate Wording IhresUnternehmens nicht auf Frontalkurs mit der \u00f6ffentlichen Meinung geht?\" \/>\n<meta property=\"og:url\" content=\"https:\/\/www.m-q.ch\/de\/risiko-und-krisenkommunikation-lernt-man-heute-an-der-zhaw\/\" \/>\n<meta property=\"og:site_name\" content=\"MQ Management und Qualit\u00e4t\" \/>\n<meta property=\"article:publisher\" content=\"https:\/\/www.facebook.com\/ManagementUndQualitaet\" \/>\n<meta property=\"article:published_time\" content=\"2017-10-06T22:51:51+00:00\" \/>\n<meta property=\"article:modified_time\" content=\"2021-02-14T00:39:26+00:00\" \/>\n<meta property=\"og:image\" content=\"https:\/\/www.m-q.ch\/wp-content\/uploads\/2021\/02\/Risiko-und-Krisenkommunikation-lernt-man-heute-an-der-ZHAW.jpg\" \/>\n\t<meta property=\"og:image:width\" content=\"883\" \/>\n\t<meta property=\"og:image:height\" content=\"696\" \/>\n\t<meta property=\"og:image:type\" content=\"image\/jpeg\" \/>\n<meta name=\"author\" content=\"upwork_2\" \/>\n<meta name=\"twitter:card\" content=\"summary_large_image\" \/>\n<meta name=\"twitter:label1\" content=\"Verfasst von\" \/>\n\t<meta name=\"twitter:data1\" content=\"upwork_2\" \/>\n\t<meta name=\"twitter:label2\" content=\"Gesch\u00e4tzte Lesezeit\" \/>\n\t<meta name=\"twitter:data2\" content=\"2\u00a0Minuten\" \/>\n<script type=\"application\/ld+json\" class=\"yoast-schema-graph\">{\"@context\":\"https:\/\/schema.org\",\"@graph\":[{\"@type\":\"Article\",\"@id\":\"https:\/\/www.m-q.ch\/risiko-und-krisenkommunikation-lernt-man-heute-an-der-zhaw\/#article\",\"isPartOf\":{\"@id\":\"https:\/\/www.m-q.ch\/risiko-und-krisenkommunikation-lernt-man-heute-an-der-zhaw\/\"},\"author\":{\"name\":\"upwork_2\",\"@id\":\"https:\/\/www.m-q.ch\/fr\/#\/schema\/person\/71f647a41e4a3e361e6230f5134f3ba9\"},\"headline\":\"Risiko- und Krisenkommunikation lernt man heute an der ZHAW\",\"datePublished\":\"2017-10-06T22:51:51+00:00\",\"dateModified\":\"2021-02-14T00:39:26+00:00\",\"mainEntityOfPage\":{\"@id\":\"https:\/\/www.m-q.ch\/risiko-und-krisenkommunikation-lernt-man-heute-an-der-zhaw\/\"},\"wordCount\":346,\"publisher\":{\"@id\":\"https:\/\/www.m-q.ch\/fr\/#organization\"},\"image\":{\"@id\":\"https:\/\/www.m-q.ch\/risiko-und-krisenkommunikation-lernt-man-heute-an-der-zhaw\/#primaryimage\"},\"thumbnailUrl\":\"https:\/\/www.m-q.ch\/wp-content\/uploads\/2021\/02\/Risiko-und-Krisenkommunikation-lernt-man-heute-an-der-ZHAW.jpg\",\"keywords\":[\"10\/2017\"],\"inLanguage\":\"de\"},{\"@type\":\"WebPage\",\"@id\":\"https:\/\/www.m-q.ch\/risiko-und-krisenkommunikation-lernt-man-heute-an-der-zhaw\/\",\"url\":\"https:\/\/www.m-q.ch\/risiko-und-krisenkommunikation-lernt-man-heute-an-der-zhaw\/\",\"name\":\"Risiko- und Krisenkommunikation lernt man heute an der ZHAW - MQ Management und Qualit\u00e4t\",\"isPartOf\":{\"@id\":\"https:\/\/www.m-q.ch\/fr\/#website\"},\"primaryImageOfPage\":{\"@id\":\"https:\/\/www.m-q.ch\/risiko-und-krisenkommunikation-lernt-man-heute-an-der-zhaw\/#primaryimage\"},\"image\":{\"@id\":\"https:\/\/www.m-q.ch\/risiko-und-krisenkommunikation-lernt-man-heute-an-der-zhaw\/#primaryimage\"},\"thumbnailUrl\":\"https:\/\/www.m-q.ch\/wp-content\/uploads\/2021\/02\/Risiko-und-Krisenkommunikation-lernt-man-heute-an-der-ZHAW.jpg\",\"datePublished\":\"2017-10-06T22:51:51+00:00\",\"dateModified\":\"2021-02-14T00:39:26+00:00\",\"description\":\"Warum f\u00fchren Konflikte so oft zu Imageproblemen? Was k\u00f6nnen Kaderleute dagegentun? Wie k\u00f6nnen Sie dazu beitragen, dass das Interessen-, Beziehungs- undKommunikationsmanagement Ihre Organisation befl\u00fcgelt anstatt hemmt? Wask\u00f6nnen Sie tun und was sollten Sie unterlassen, damit das Corporate Wording IhresUnternehmens nicht auf Frontalkurs mit der \u00f6ffentlichen Meinung geht?\",\"breadcrumb\":{\"@id\":\"https:\/\/www.m-q.ch\/risiko-und-krisenkommunikation-lernt-man-heute-an-der-zhaw\/#breadcrumb\"},\"inLanguage\":\"de\",\"potentialAction\":[{\"@type\":\"ReadAction\",\"target\":[\"https:\/\/www.m-q.ch\/risiko-und-krisenkommunikation-lernt-man-heute-an-der-zhaw\/\"]}]},{\"@type\":\"ImageObject\",\"inLanguage\":\"de\",\"@id\":\"https:\/\/www.m-q.ch\/risiko-und-krisenkommunikation-lernt-man-heute-an-der-zhaw\/#primaryimage\",\"url\":\"https:\/\/www.m-q.ch\/wp-content\/uploads\/2021\/02\/Risiko-und-Krisenkommunikation-lernt-man-heute-an-der-ZHAW.jpg\",\"contentUrl\":\"https:\/\/www.m-q.ch\/wp-content\/uploads\/2021\/02\/Risiko-und-Krisenkommunikation-lernt-man-heute-an-der-ZHAW.jpg\",\"width\":883,\"height\":696,\"caption\":\"Risiko- und Krisenkommunikation lernt man heute an der ZHAW\"},{\"@type\":\"BreadcrumbList\",\"@id\":\"https:\/\/www.m-q.ch\/risiko-und-krisenkommunikation-lernt-man-heute-an-der-zhaw\/#breadcrumb\",\"itemListElement\":[{\"@type\":\"ListItem\",\"position\":1,\"name\":\"Allgemein\",\"item\":\"https:\/\/www.m-q.ch\/kategorie\/allgemein\/\"},{\"@type\":\"ListItem\",\"position\":2,\"name\":\"Risiko- und Krisenkommunikation lernt man heute an der ZHAW\"}]},{\"@type\":\"WebSite\",\"@id\":\"https:\/\/www.m-q.ch\/fr\/#website\",\"url\":\"https:\/\/www.m-q.ch\/fr\/\",\"name\":\"MQ Management und Qualit\u00e4t\",\"description\":\"Plattform f\u00fcr integrierte Managementsysteme.\",\"publisher\":{\"@id\":\"https:\/\/www.m-q.ch\/fr\/#organization\"},\"potentialAction\":[{\"@type\":\"SearchAction\",\"target\":{\"@type\":\"EntryPoint\",\"urlTemplate\":\"https:\/\/www.m-q.ch\/fr\/?s={search_term_string}\"},\"query-input\":{\"@type\":\"PropertyValueSpecification\",\"valueRequired\":true,\"valueName\":\"search_term_string\"}}],\"inLanguage\":\"de\"},{\"@type\":\"Organization\",\"@id\":\"https:\/\/www.m-q.ch\/fr\/#organization\",\"name\":\"Galledia Fachmedien AG\",\"url\":\"https:\/\/www.m-q.ch\/fr\/\",\"logo\":{\"@type\":\"ImageObject\",\"inLanguage\":\"de\",\"@id\":\"https:\/\/www.m-q.ch\/fr\/#\/schema\/logo\/image\/\",\"url\":\"https:\/\/www.m-q.ch\/wp-content\/uploads\/2020\/12\/cropped-logo_small.png\",\"contentUrl\":\"https:\/\/www.m-q.ch\/wp-content\/uploads\/2020\/12\/cropped-logo_small.png\",\"width\":512,\"height\":512,\"caption\":\"Galledia Fachmedien AG\"},\"image\":{\"@id\":\"https:\/\/www.m-q.ch\/fr\/#\/schema\/logo\/image\/\"},\"sameAs\":[\"https:\/\/www.facebook.com\/ManagementUndQualitaet\",\"https:\/\/www.linkedin.com\/showcase\/17982321\/admin\/\"]},{\"@type\":\"Person\",\"@id\":\"https:\/\/www.m-q.ch\/fr\/#\/schema\/person\/71f647a41e4a3e361e6230f5134f3ba9\",\"name\":\"upwork_2\",\"image\":{\"@type\":\"ImageObject\",\"inLanguage\":\"de\",\"@id\":\"https:\/\/www.m-q.ch\/fr\/#\/schema\/person\/image\/\",\"url\":\"https:\/\/secure.gravatar.com\/avatar\/777b90ab56092bbf3c85feacda5c1bce?s=96&d=mm&r=g\",\"contentUrl\":\"https:\/\/secure.gravatar.com\/avatar\/777b90ab56092bbf3c85feacda5c1bce?s=96&d=mm&r=g\",\"caption\":\"upwork_2\"},\"url\":\"https:\/\/www.m-q.ch\/de\/author\/upwork_2\/\"}]}<\/script>\n<!-- \/ Yoast SEO plugin. -->","yoast_head_json":{"title":"Risiko- und Krisenkommunikation lernt man heute an der ZHAW - MQ Management und Qualit\u00e4t","description":"Warum f\u00fchren Konflikte so oft zu Imageproblemen? Was k\u00f6nnen Kaderleute dagegentun? Wie k\u00f6nnen Sie dazu beitragen, dass das Interessen-, Beziehungs- undKommunikationsmanagement Ihre Organisation befl\u00fcgelt anstatt hemmt? Wask\u00f6nnen Sie tun und was sollten Sie unterlassen, damit das Corporate Wording IhresUnternehmens nicht auf Frontalkurs mit der \u00f6ffentlichen Meinung geht?","robots":{"index":"index","follow":"follow","max-snippet":"max-snippet:-1","max-image-preview":"max-image-preview:large","max-video-preview":"max-video-preview:-1"},"canonical":"https:\/\/www.m-q.ch\/de\/risiko-und-krisenkommunikation-lernt-man-heute-an-der-zhaw\/","og_locale":"de_DE","og_type":"article","og_title":"Risiko- und Krisenkommunikation lernt man heute an der ZHAW - MQ Management und Qualit\u00e4t","og_description":"Warum f\u00fchren Konflikte so oft zu Imageproblemen? Was k\u00f6nnen Kaderleute dagegentun? Wie k\u00f6nnen Sie dazu beitragen, dass das Interessen-, Beziehungs- undKommunikationsmanagement Ihre Organisation befl\u00fcgelt anstatt hemmt? Wask\u00f6nnen Sie tun und was sollten Sie unterlassen, damit das Corporate Wording IhresUnternehmens nicht auf Frontalkurs mit der \u00f6ffentlichen Meinung geht?","og_url":"https:\/\/www.m-q.ch\/de\/risiko-und-krisenkommunikation-lernt-man-heute-an-der-zhaw\/","og_site_name":"MQ Management und Qualit\u00e4t","article_publisher":"https:\/\/www.facebook.com\/ManagementUndQualitaet","article_published_time":"2017-10-06T22:51:51+00:00","article_modified_time":"2021-02-14T00:39:26+00:00","og_image":[{"width":883,"height":696,"url":"https:\/\/www.m-q.ch\/wp-content\/uploads\/2021\/02\/Risiko-und-Krisenkommunikation-lernt-man-heute-an-der-ZHAW.jpg","type":"image\/jpeg"}],"author":"upwork_2","twitter_card":"summary_large_image","twitter_misc":{"Verfasst von":"upwork_2","Gesch\u00e4tzte Lesezeit":"2\u00a0Minuten"},"schema":{"@context":"https:\/\/schema.org","@graph":[{"@type":"Article","@id":"https:\/\/www.m-q.ch\/risiko-und-krisenkommunikation-lernt-man-heute-an-der-zhaw\/#article","isPartOf":{"@id":"https:\/\/www.m-q.ch\/risiko-und-krisenkommunikation-lernt-man-heute-an-der-zhaw\/"},"author":{"name":"upwork_2","@id":"https:\/\/www.m-q.ch\/fr\/#\/schema\/person\/71f647a41e4a3e361e6230f5134f3ba9"},"headline":"Risiko- und Krisenkommunikation lernt man heute an der ZHAW","datePublished":"2017-10-06T22:51:51+00:00","dateModified":"2021-02-14T00:39:26+00:00","mainEntityOfPage":{"@id":"https:\/\/www.m-q.ch\/risiko-und-krisenkommunikation-lernt-man-heute-an-der-zhaw\/"},"wordCount":346,"publisher":{"@id":"https:\/\/www.m-q.ch\/fr\/#organization"},"image":{"@id":"https:\/\/www.m-q.ch\/risiko-und-krisenkommunikation-lernt-man-heute-an-der-zhaw\/#primaryimage"},"thumbnailUrl":"https:\/\/www.m-q.ch\/wp-content\/uploads\/2021\/02\/Risiko-und-Krisenkommunikation-lernt-man-heute-an-der-ZHAW.jpg","keywords":["10\/2017"],"inLanguage":"de"},{"@type":"WebPage","@id":"https:\/\/www.m-q.ch\/risiko-und-krisenkommunikation-lernt-man-heute-an-der-zhaw\/","url":"https:\/\/www.m-q.ch\/risiko-und-krisenkommunikation-lernt-man-heute-an-der-zhaw\/","name":"Risiko- und Krisenkommunikation lernt man heute an der ZHAW - MQ Management und Qualit\u00e4t","isPartOf":{"@id":"https:\/\/www.m-q.ch\/fr\/#website"},"primaryImageOfPage":{"@id":"https:\/\/www.m-q.ch\/risiko-und-krisenkommunikation-lernt-man-heute-an-der-zhaw\/#primaryimage"},"image":{"@id":"https:\/\/www.m-q.ch\/risiko-und-krisenkommunikation-lernt-man-heute-an-der-zhaw\/#primaryimage"},"thumbnailUrl":"https:\/\/www.m-q.ch\/wp-content\/uploads\/2021\/02\/Risiko-und-Krisenkommunikation-lernt-man-heute-an-der-ZHAW.jpg","datePublished":"2017-10-06T22:51:51+00:00","dateModified":"2021-02-14T00:39:26+00:00","description":"Warum f\u00fchren Konflikte so oft zu Imageproblemen? Was k\u00f6nnen Kaderleute dagegentun? Wie k\u00f6nnen Sie dazu beitragen, dass das Interessen-, Beziehungs- undKommunikationsmanagement Ihre Organisation befl\u00fcgelt anstatt hemmt? Wask\u00f6nnen Sie tun und was sollten Sie unterlassen, damit das Corporate Wording IhresUnternehmens nicht auf Frontalkurs mit der \u00f6ffentlichen Meinung geht?","breadcrumb":{"@id":"https:\/\/www.m-q.ch\/risiko-und-krisenkommunikation-lernt-man-heute-an-der-zhaw\/#breadcrumb"},"inLanguage":"de","potentialAction":[{"@type":"ReadAction","target":["https:\/\/www.m-q.ch\/risiko-und-krisenkommunikation-lernt-man-heute-an-der-zhaw\/"]}]},{"@type":"ImageObject","inLanguage":"de","@id":"https:\/\/www.m-q.ch\/risiko-und-krisenkommunikation-lernt-man-heute-an-der-zhaw\/#primaryimage","url":"https:\/\/www.m-q.ch\/wp-content\/uploads\/2021\/02\/Risiko-und-Krisenkommunikation-lernt-man-heute-an-der-ZHAW.jpg","contentUrl":"https:\/\/www.m-q.ch\/wp-content\/uploads\/2021\/02\/Risiko-und-Krisenkommunikation-lernt-man-heute-an-der-ZHAW.jpg","width":883,"height":696,"caption":"Risiko- und Krisenkommunikation lernt man heute an der ZHAW"},{"@type":"BreadcrumbList","@id":"https:\/\/www.m-q.ch\/risiko-und-krisenkommunikation-lernt-man-heute-an-der-zhaw\/#breadcrumb","itemListElement":[{"@type":"ListItem","position":1,"name":"Allgemein","item":"https:\/\/www.m-q.ch\/kategorie\/allgemein\/"},{"@type":"ListItem","position":2,"name":"Risiko- und Krisenkommunikation lernt man heute an der ZHAW"}]},{"@type":"WebSite","@id":"https:\/\/www.m-q.ch\/fr\/#website","url":"https:\/\/www.m-q.ch\/fr\/","name":"MQ Management und Qualit\u00e4t","description":"Plattform f\u00fcr integrierte Managementsysteme.","publisher":{"@id":"https:\/\/www.m-q.ch\/fr\/#organization"},"potentialAction":[{"@type":"SearchAction","target":{"@type":"EntryPoint","urlTemplate":"https:\/\/www.m-q.ch\/fr\/?s={search_term_string}"},"query-input":{"@type":"PropertyValueSpecification","valueRequired":true,"valueName":"search_term_string"}}],"inLanguage":"de"},{"@type":"Organization","@id":"https:\/\/www.m-q.ch\/fr\/#organization","name":"Galledia Fachmedien AG","url":"https:\/\/www.m-q.ch\/fr\/","logo":{"@type":"ImageObject","inLanguage":"de","@id":"https:\/\/www.m-q.ch\/fr\/#\/schema\/logo\/image\/","url":"https:\/\/www.m-q.ch\/wp-content\/uploads\/2020\/12\/cropped-logo_small.png","contentUrl":"https:\/\/www.m-q.ch\/wp-content\/uploads\/2020\/12\/cropped-logo_small.png","width":512,"height":512,"caption":"Galledia Fachmedien AG"},"image":{"@id":"https:\/\/www.m-q.ch\/fr\/#\/schema\/logo\/image\/"},"sameAs":["https:\/\/www.facebook.com\/ManagementUndQualitaet","https:\/\/www.linkedin.com\/showcase\/17982321\/admin\/"]},{"@type":"Person","@id":"https:\/\/www.m-q.ch\/fr\/#\/schema\/person\/71f647a41e4a3e361e6230f5134f3ba9","name":"upwork_2","image":{"@type":"ImageObject","inLanguage":"de","@id":"https:\/\/www.m-q.ch\/fr\/#\/schema\/person\/image\/","url":"https:\/\/secure.gravatar.com\/avatar\/777b90ab56092bbf3c85feacda5c1bce?s=96&d=mm&r=g","contentUrl":"https:\/\/secure.gravatar.com\/avatar\/777b90ab56092bbf3c85feacda5c1bce?s=96&d=mm&r=g","caption":"upwork_2"},"url":"https:\/\/www.m-q.ch\/de\/author\/upwork_2\/"}]}},"_links":{"self":[{"href":"https:\/\/www.m-q.ch\/de\/wp-json\/wp\/v2\/posts\/11591","targetHints":{"allow":["GET"]}}],"collection":[{"href":"https:\/\/www.m-q.ch\/de\/wp-json\/wp\/v2\/posts"}],"about":[{"href":"https:\/\/www.m-q.ch\/de\/wp-json\/wp\/v2\/types\/post"}],"author":[{"embeddable":true,"href":"https:\/\/www.m-q.ch\/de\/wp-json\/wp\/v2\/users\/62"}],"replies":[{"embeddable":true,"href":"https:\/\/www.m-q.ch\/de\/wp-json\/wp\/v2\/comments?post=11591"}],"version-history":[{"count":1,"href":"https:\/\/www.m-q.ch\/de\/wp-json\/wp\/v2\/posts\/11591\/revisions"}],"predecessor-version":[{"id":11616,"href":"https:\/\/www.m-q.ch\/de\/wp-json\/wp\/v2\/posts\/11591\/revisions\/11616"}],"wp:featuredmedia":[{"embeddable":true,"href":"https:\/\/www.m-q.ch\/de\/wp-json\/wp\/v2\/media\/11615"}],"wp:attachment":[{"href":"https:\/\/www.m-q.ch\/de\/wp-json\/wp\/v2\/media?parent=11591"}],"wp:term":[{"taxonomy":"category","embeddable":true,"href":"https:\/\/www.m-q.ch\/de\/wp-json\/wp\/v2\/categories?post=11591"},{"taxonomy":"post_tag","embeddable":true,"href":"https:\/\/www.m-q.ch\/de\/wp-json\/wp\/v2\/tags?post=11591"}],"curies":[{"name":"wp","href":"https:\/\/api.w.org\/{rel}","templated":true}]}}