{"id":11593,"date":"2017-10-11T00:51:52","date_gmt":"2017-10-10T22:51:52","guid":{"rendered":"https:\/\/www.m-q.ch\/?p=11593"},"modified":"2021-02-14T02:11:39","modified_gmt":"2021-02-14T01:11:39","slug":"kompetenzen-eines-groesseren-corps","status":"publish","type":"post","link":"https:\/\/www.m-q.ch\/de\/kompetenzen-eines-groesseren-corps\/","title":{"rendered":"Kompetenzen eines gr\u00f6sseren Corps"},"content":{"rendered":"<p><img loading=\"lazy\" decoding=\"async\" class=\"alignnone size-full wp-image-11624\" src=\"https:\/\/www.m-q.ch\/wp-content\/uploads\/2021\/02\/Kompetenzen-eines-groesseren-Corps.jpg\" alt=\"Kompetenzen eines gr\u00f6sseren Corps\" width=\"884\" height=\"614\" srcset=\"https:\/\/www.m-q.ch\/wp-content\/uploads\/2021\/02\/Kompetenzen-eines-groesseren-Corps.jpg 884w, https:\/\/www.m-q.ch\/wp-content\/uploads\/2021\/02\/Kompetenzen-eines-groesseren-Corps-768x533.jpg 768w, https:\/\/www.m-q.ch\/wp-content\/uploads\/2021\/02\/Kompetenzen-eines-groesseren-Corps-16x12.jpg 16w, https:\/\/www.m-q.ch\/wp-content\/uploads\/2021\/02\/Kompetenzen-eines-groesseren-Corps-252x175.jpg 252w, https:\/\/www.m-q.ch\/wp-content\/uploads\/2021\/02\/Kompetenzen-eines-groesseren-Corps-504x350.jpg 504w, https:\/\/www.m-q.ch\/wp-content\/uploads\/2021\/02\/Kompetenzen-eines-groesseren-Corps-300x208.jpg 300w\" sizes=\"auto, (max-width: 884px) 100vw, 884px\" \/><\/p>\n<p>&nbsp;<\/p>\n<p>&nbsp;<\/p>\n<p>&nbsp;<\/p>\n<p><em><strong>Herr Lanzrein, es gibt Mitarbeitende auf der stationierten und mobilen Polizei, etwa in der Einsatzzentrale oder in der Fahndung. Die Regionalpolizei Berner Oberland ist stets im Dienst im B\u00fcro, auf Strassen, Seen, P\u00e4ssen, Gebirgen. \u2013 Wie f\u00f6rdern Sie auf so unterschiedlichen Berufsebenen die Kollegialit\u00e4t unter den Mitarbeitenden?<\/strong><\/em><br \/>\nStefan Lanzrein: Die Kollegialit\u00e4t unter Poli-zeiangeh\u00f6rigen ist sehr hoch. Ein wesentli-cher Grund ist sicher der gemeinsame und verbindende Werdegang via Polizeischule. Dienst\u00fcbergreifende Weiterbildungen und vor allem gemeinsame Eins\u00e4tze f\u00f6rdern und vertiefen den Zusammenhalt weiter<\/p>\n<p>&nbsp;<\/p>\n<p>In meiner Region setzen wir besonders auf letztgenannten Aspekt: die Bew\u00e4ltigung von Aufgaben und Ereignissen in Teams f\u00f6r-dert das gegenseitige Verst\u00e4ndnis, dient dem Informationsaustausch, erm\u00f6glicht einen Wis-senstransfer und f\u00f6rdert den Gemeinsinn in unterschiedlichen Diensten.<\/p>\n<p>&nbsp;<\/p>\n<p><em><strong>Ziehen Sie \u00fcberhaupt eine Linie zwischen \u00fcbergeordnetem Leadership und interdiszi-plin\u00e4rem Teamwork innerhalb einer Orga-nisation wie der ihrigen?<\/strong><\/em><br \/>\nEs ist f\u00fcr die Kantonspolizei bedeutend, dass Mitarbeitende Qualit\u00e4ten sowohl als Leader wie auch als Teamplayer zeigen, dies jeweils in unterschiedlicher Konstellation, von Fall zu Fall. R\u00fcckt eine Patrouille zu einem Ereignis \u2013 einem Verkehrsunfall oder zu einer Schl\u00e4gerei \u2013 aus, wird auf der Anfahrt abgesprochen, wer f\u00fcr die Ereignisbew\u00e4ltigung (\u00abEinsatzkoordi-nator Front\u00bb) und wer f\u00fcr die Ermittlungen (\u00abEinsatzleiter Fall\u00bb) zust\u00e4ndig sein wird.<\/p>\n<p>&nbsp;<\/p>\n<p>Dienststufe und Erfahrung spielen da-bei in der Regel keine Rolle. Werden zur Ereig-nisbew\u00e4ltigung zus\u00e4tzliche Patrouillen be-n\u00f6tigt, werden diese in diese Grundstruktu-ren \u00abEinsatzkoordinator Front\/Einsatzleiter Fall\u00bb eingegliedert. Der \u00abEinsatzkoordinator Front\u00bb braucht deshalb \u00f6fters Leaderqualit\u00e4-ten, um seiner F\u00fchrungsfunktion gerecht zu werden. Und da es sich um allt\u00e4gliche, immer wieder wechselnde Konstellationen handelt, muss vorausgesetzt sein, dass sich jemand in beiden Rollen gut zurechtfindet.<\/p>\n<p>&nbsp;<\/p>\n<p><em><strong>Was verstehen Sie unter konstruktiver Kritik innerhalb eines Corps?<\/strong><\/em><br \/>\nAuf der einen Seite steht die F\u00e4higkeit, in ad-\u00e4quater Form R\u00fcckmeldungen zu geben. Dies bedeutet, dass man in der Lage ist, einen Sach-verhalt pr\u00e4zise zu schildern, einen Entscheid oder ein Verhalten und nicht die dahinter ste-hende Person in den Fokus zu r\u00fccken, einen entsprechenden Rahmen zu w\u00e4hlen, einen passenden Ton anzuschlagen und mit Emotio-nen zur\u00fcckhaltend umzugehen. Auf der ande-ren Seite wird die F\u00e4higkeit erwartet, kritische Voten entgegenzunehmen, zu reflektieren und ad\u00e4quat zu reagieren. Es wird also erwartet, dass man sich f\u00fcr R\u00fcckmeldungen interessiert zeigt, sich mit Kritik auseinandersetzt und dies dem Gegen\u00fcber auch klar signalisiert. Weiter soll der Fokus auf die Sache gelegt werden &#8211; man soll sich als Person nicht infrage gestellt f\u00fchlen. Schliesslich ist auch der Kontakt mit der oder dem Kritik\u00fcbenden aufrechtzuerhalten.<\/p>\n<p>&nbsp;<\/p>\n<p>Ich pers\u00f6nlich erwarte dar\u00fcber hinaus, dass alle Beteiligten eine gewisse Offenheit mitbringen und ernsthaft dar\u00fcber nachden-ken, ob es nicht auch anders, als von ihnen angenommen oder behauptet, gewesen sein k\u00f6nnte (\u00abKontingenz\u00bb).<\/p>\n<p>&nbsp;<\/p>\n<p><em><strong>Fliessen Punkte aus Ihrer Masterarbeit auch in eine interdisziplin\u00e4re Polizeiausbildung? Inwiefern?<\/strong><\/em><br \/>\nDer Kommandant der Kantonspolizei Bern hat den Inhalt der Masterarbeit wohlwol-lend zur Kenntnis genommen, und sicher-lich auch deshalb wurde nun auf sein Ge-heiss hin ein Projekt an die Hand genom-men, welches das Thema \u00abLernende Organi-sation\u00bb aufgreift und konkrete Massnahmen einbringen soll. Im Fokus soll dabei die Wei-terentwicklung unserer Feedbackkultur ste-hen. Vorschl\u00e4ge, welche auch unsere Aus-und Weiterbildung betreffen, sind dabei gut vorstellbar.<\/p>\n<p>&nbsp;<\/p>\n<p><em><strong>Wie \u00abmessen\u00bb Sie die Lernprozesse? Welche Instrumente setzen Sie dabei ein? <\/strong><\/em><br \/>\nHierf\u00fcr steht ein breites, oftmals auch situativ einsetzbares Instrumentarium zur Verf\u00fc-gung. Als Beispiele seien hier Leistungspr\u00fc-fungen und Verhaltensbeurteilungen (in Be-zug auf Selbst-, Sozial-, Fach- und Methoden-kompetenz) und Mitarbeiterbeurteilungen (siehe konstruktive Kritik) mit Zielvereinba-rungen erw\u00e4hnt.<\/p>\n<p>&nbsp;<\/p>\n<p><em><strong>Wo liegen Ihrer Meinung nach die gr\u00f6ssten Potenziale einer lernenden Polizeiorganisation?<\/strong><\/em><br \/>\nWie Sie erw\u00e4hnt haben, bewegt sich auch eine Polizei in einem dynamischen Umfeld. Eigene Einsatzerfahrungen, Erfahrungen anderer Polizeikorps,\u00ad gesellschaftliche und rechtliche Entwicklungen, R\u00fcckmeldungen aus der Be-v\u00f6lkerung \u2013 um nur einige Faktoren aufzu-z\u00e4hlen \u2013 erfordern eine stetige \u00dcberpr\u00fcfung des eigenen Handelns.<\/p>\n<p>&nbsp;<\/p>\n<p>Die Weitergabe der aus diesen Dynami-ken resultierenden Konsequenzen in ordent-lichen Schulungs- und Weiterbildungs-Pro-zessen ist naturgem\u00e4ss aufwendig und gele-gentlich langwierig, dies gerade bei einem verh\u00e4ltnism\u00e4ssig grossen Korps wie demjeni-gen der Kantonspolizei Bern mit ungef\u00e4hr 2500 Mitarbeitenden. Umso wichtiger ist es, wenn das Potenzial zum Lernen, zur Ver\u00e4n-derung bei jedem einzelnen Mitarbeitenden verinnerlicht und damit quasi in die Polizei-organisation eingebaut ist. Immerhin gilt es, der Bev\u00f6lkerung unter den gegebenen Rah-menbedingungen die bestm\u00f6gliche Sicher-heit zu gew\u00e4hrleisten und die Gesundheit der Mitarbeitenden gut im Auge zu behalten.<\/p>\n<p>&nbsp;<\/p>\n<p><em><strong>Stichwort: Digitale Herausforderungen. Wie machen Sie Ihre Organisation fit f\u00fcr die in Echtzeit kommunizierende Social-Media-Generation?<\/strong><\/em><br \/>\nDie Kantonspolizei Bern zieht in diesem Be-reich auf vielen Ebenen mit \u2013 sei es bei Ermitt-lungsmethoden, bei den dabei verwendeten Techniken, bei der Ausr\u00fcstung, im Rahmen der Kommunikation mit den B\u00fcrgerinnen und B\u00fcrgern. Hinzu kommt, dass neue Generatio-nen von Polizeiangeh\u00f6rigen mit diesem Thema weitgehend aufgewachsen sind und deshalb bereits bei Eintritt ins Korps und auch dar\u00fcber hinaus viele neue Erkenntnisse und die n\u00f6tige Affinit\u00e4t f\u00fcr dieses Thema mitbringen.<\/p>\n<p>&nbsp;<\/p>\n<p><em><strong>Wie beeinflusst dies die Entwicklung Ihrer lernenden Organisation?<\/strong><\/em><br \/>\nIch bin \u00fcberzeugt, dass hier erhebliches Poten-zial vorhanden ist, gerade f\u00fcr den Wissens\u00ad transfer in entsprechenden Netzwerken. Teil-weise ist dies bei der Polizei bereits Realit\u00e4t, wobei aber eine Beschr\u00e4nkung auf thematisch gut eingrenzbare, bereits zuvor gut vernetzte Gruppen feststellbar ist. Aus meiner Sicht m\u00fcs-sen nun auch die Nutzungsm\u00f6glichkeiten f\u00fcr einen breiteren Personenkreis gepr\u00fcft werden.<\/p>\n<p>&nbsp;<\/p>\n<p>Ich sehe aber auch erhebliche Herausforderungen, beispielsweise in Bereichen des Qualit\u00e4tsmanagements.<\/p>\n<p>&nbsp;<\/p>\n<p><em><strong>Welche Lehren ziehen Sie aus Feedbacks aus der Bev\u00f6lkerung? Wie werden die Feedbacks ausgewertet und wie werden die \u00abLearnings\u00bb gegen aussen kommuniziert?<\/strong><\/em><br \/>\nFeedbacks aus der Bev\u00f6lkerung werden sehr ernst genommen. So wird zun\u00e4chst bei den in-volvierten Polizeiangeh\u00f6rigen eine Stellung-nahme eingeholt und der Einsatz wird gegebe-nenfalls mit ihnen besprochen. Anschliessend erfolgt eine R\u00fcckmeldung an die Feedback-gebende Person, sei dies schriftlich oder m\u00fcndlich, telefonisch oder im pers\u00f6nlichen Gespr\u00e4ch. Ich habe die Erfahrung gemacht, dass besonders bei m\u00fcndlicher Kommunika\u00ad tion in den allermeisten F\u00e4llen sehr konstruk-tive Gespr\u00e4che zustandekommen, und auch kontroverse Angelegenheiten erfreulich un-kompliziert erledigt werden k\u00f6nnen.<\/p>\n<p>&nbsp;<\/p>\n<p>Intern werden die Feedbacks zudem zentral erfasst und periodisch systematisch ausgewertet. Damit sollen allf\u00e4llige Zusam-menh\u00e4nge erkannt werden, welche dann wiederum in die Aus- und Weiterbildung der Kantonspolizei Bern einfliessen.<\/p>\n<p>&nbsp;<\/p>\n<p><em><strong>Gibt es weit wichtigere Ziele als die digitale Transformation, die Sie f\u00fcr den Polizeidienst sehen?<\/strong><\/em><br \/>\nMeiner Meinung nach ist die Kantonspolizei Bern sehr gut aufgestellt, dies gilt auch f\u00fcr die Regionalpolizei Berner Oberland. Ver\u00e4nderte Anforderungen oder sich bietende Chancen versuchen wir rechtzeitig zu erkennen, um fr\u00fchzeitig handeln zu k\u00f6nnen. So haben wir in den vergangenen Jahren beispielsweise bei unseren Gebirgsspezialisten die Trends bei den im Gebirge betriebenen Sportarten aufge-nommen und unser Team entsprechend wei-terentwickelt.<\/p>\n<p>&nbsp;<\/p>\n<p>Im Zentrum steht f\u00fcr mich aber die ak-tuelle Sicherheitslage und die sich konkret daraus ergebenden Konsequenzen.<\/p>\n<p>&nbsp;<\/p>\n<p><em><strong>Bilden Sie sich auch wieder weiter? Ihre Motive?<\/strong><\/em><br \/>\nSelbstverst\u00e4ndlich! Obwohl die zweij\u00e4hrige EMBA-Weiterbildung an der HSLU f\u00fcr mich sehr dienlich war und ich sie \u00fcbrigens auch sehr habe geniessen k\u00f6nnen, steht f\u00fcr mich aber nun wieder eine Konzentration auf The-men im Vordergrund, mit welchen ich im Rahmen meiner aktuellen T\u00e4tigkeit konfron-tiert bin. Erstens finde ich die Besch\u00e4ftigung mit polizeilichen Themen noch immer h\u00f6chst interessant, und zweitens empfinde ich grosse Befriedigung, wenn ich Erlerntes direkt in meine t\u00e4gliche Arbeit einfliessen lassen kann.<\/p>\n<p>&nbsp;<\/p>\n<p>Zugegeben, auch aufgrund der sehr po-sitiven Erfahrungen an der HSLU kann ich mir durchaus vorstellen, zu einem sp\u00e4teren Zeitpunkt wieder eine neue, polizeifremde Weiterbildung anzugehen.<\/p>\n<p>&nbsp;<\/p>\n<p>&nbsp;<\/p>\n","protected":false},"excerpt":{"rendered":"<p>&nbsp; &nbsp; &nbsp; Herr Lanzrein, es gibt Mitarbeitende auf der stationierten und mobilen Polizei, etwa in der Einsatzzentrale oder in der Fahndung. Die Regionalpolizei Berner Oberland ist stets im Dienst im B\u00fcro, auf Strassen, Seen, P\u00e4ssen, Gebirgen. \u2013 Wie f\u00f6rdern Sie auf so unterschiedlichen Berufsebenen die Kollegialit\u00e4t unter den Mitarbeitenden? Stefan Lanzrein: Die Kollegialit\u00e4t unter [&hellip;]<\/p>\n","protected":false},"author":62,"featured_media":11624,"comment_status":"closed","ping_status":"closed","sticky":false,"template":"","format":"standard","meta":{"_acf_changed":false,"footnotes":""},"categories":[5],"tags":[4780],"class_list":["post-11593","post","type-post","status-publish","format-standard","has-post-thumbnail","hentry","category-business_excellence","tag-10-2017"],"acf":[],"yoast_head":"<!-- This site is optimized with the Yoast SEO plugin v26.2 - https:\/\/yoast.com\/wordpress\/plugins\/seo\/ -->\n<title>Kompetenzen eines gr\u00f6sseren Corps - MQ Management und Qualit\u00e4t<\/title>\n<meta name=\"description\" content=\"Stefan Lanzrein, Chef der Regionalpolizei Berner Oberland (Kantonspolizei Bern),hat an der Hochschule Luzern \u2013 Wirtschaft eine EMBA-Masterarbeit* zum Thema\u00abDie Polizei als lernende Organisation\u00bb mitverfasst. Welche Lehren zieht er darausin die Praxis, wo gesellschaftliche Entwicklungen nicht dynamischer sein k\u00f6nnten?\" \/>\n<meta name=\"robots\" content=\"index, follow, max-snippet:-1, max-image-preview:large, max-video-preview:-1\" \/>\n<link rel=\"canonical\" href=\"https:\/\/www.m-q.ch\/de\/kompetenzen-eines-groesseren-corps\/\" \/>\n<meta property=\"og:locale\" content=\"de_DE\" \/>\n<meta property=\"og:type\" content=\"article\" \/>\n<meta property=\"og:title\" content=\"Kompetenzen eines gr\u00f6sseren Corps - MQ Management und Qualit\u00e4t\" \/>\n<meta property=\"og:description\" content=\"Stefan Lanzrein, Chef der Regionalpolizei Berner Oberland (Kantonspolizei Bern),hat an der Hochschule Luzern \u2013 Wirtschaft eine EMBA-Masterarbeit* zum Thema\u00abDie Polizei als lernende Organisation\u00bb mitverfasst. Welche Lehren zieht er darausin die Praxis, wo gesellschaftliche Entwicklungen nicht dynamischer sein k\u00f6nnten?\" \/>\n<meta property=\"og:url\" content=\"https:\/\/www.m-q.ch\/de\/kompetenzen-eines-groesseren-corps\/\" \/>\n<meta property=\"og:site_name\" content=\"MQ Management und Qualit\u00e4t\" \/>\n<meta property=\"article:publisher\" content=\"https:\/\/www.facebook.com\/ManagementUndQualitaet\" \/>\n<meta property=\"article:published_time\" content=\"2017-10-10T22:51:52+00:00\" \/>\n<meta property=\"article:modified_time\" content=\"2021-02-14T01:11:39+00:00\" \/>\n<meta property=\"og:image\" content=\"https:\/\/www.m-q.ch\/wp-content\/uploads\/2021\/02\/Kompetenzen-eines-groesseren-Corps.jpg\" \/>\n\t<meta property=\"og:image:width\" content=\"884\" \/>\n\t<meta property=\"og:image:height\" content=\"614\" \/>\n\t<meta property=\"og:image:type\" content=\"image\/jpeg\" \/>\n<meta name=\"author\" content=\"upwork_2\" \/>\n<meta name=\"twitter:card\" content=\"summary_large_image\" \/>\n<meta name=\"twitter:label1\" content=\"Verfasst von\" \/>\n\t<meta name=\"twitter:data1\" content=\"upwork_2\" \/>\n\t<meta name=\"twitter:label2\" content=\"Gesch\u00e4tzte Lesezeit\" \/>\n\t<meta name=\"twitter:data2\" content=\"6\u00a0Minuten\" \/>\n<script type=\"application\/ld+json\" class=\"yoast-schema-graph\">{\"@context\":\"https:\/\/schema.org\",\"@graph\":[{\"@type\":\"Article\",\"@id\":\"https:\/\/www.m-q.ch\/kompetenzen-eines-groesseren-corps\/#article\",\"isPartOf\":{\"@id\":\"https:\/\/www.m-q.ch\/kompetenzen-eines-groesseren-corps\/\"},\"author\":{\"name\":\"upwork_2\",\"@id\":\"https:\/\/www.m-q.ch\/fr\/#\/schema\/person\/71f647a41e4a3e361e6230f5134f3ba9\"},\"headline\":\"Kompetenzen eines gr\u00f6sseren Corps\",\"datePublished\":\"2017-10-10T22:51:52+00:00\",\"dateModified\":\"2021-02-14T01:11:39+00:00\",\"mainEntityOfPage\":{\"@id\":\"https:\/\/www.m-q.ch\/kompetenzen-eines-groesseren-corps\/\"},\"wordCount\":1281,\"publisher\":{\"@id\":\"https:\/\/www.m-q.ch\/fr\/#organization\"},\"image\":{\"@id\":\"https:\/\/www.m-q.ch\/kompetenzen-eines-groesseren-corps\/#primaryimage\"},\"thumbnailUrl\":\"https:\/\/www.m-q.ch\/wp-content\/uploads\/2021\/02\/Kompetenzen-eines-groesseren-Corps.jpg\",\"keywords\":[\"10\/2017\"],\"articleSection\":[\"Business Excellence\"],\"inLanguage\":\"de\"},{\"@type\":\"WebPage\",\"@id\":\"https:\/\/www.m-q.ch\/kompetenzen-eines-groesseren-corps\/\",\"url\":\"https:\/\/www.m-q.ch\/kompetenzen-eines-groesseren-corps\/\",\"name\":\"Kompetenzen eines gr\u00f6sseren Corps - MQ Management und Qualit\u00e4t\",\"isPartOf\":{\"@id\":\"https:\/\/www.m-q.ch\/fr\/#website\"},\"primaryImageOfPage\":{\"@id\":\"https:\/\/www.m-q.ch\/kompetenzen-eines-groesseren-corps\/#primaryimage\"},\"image\":{\"@id\":\"https:\/\/www.m-q.ch\/kompetenzen-eines-groesseren-corps\/#primaryimage\"},\"thumbnailUrl\":\"https:\/\/www.m-q.ch\/wp-content\/uploads\/2021\/02\/Kompetenzen-eines-groesseren-Corps.jpg\",\"datePublished\":\"2017-10-10T22:51:52+00:00\",\"dateModified\":\"2021-02-14T01:11:39+00:00\",\"description\":\"Stefan Lanzrein, Chef der Regionalpolizei Berner Oberland (Kantonspolizei Bern),hat an der Hochschule Luzern \u2013 Wirtschaft eine EMBA-Masterarbeit* zum Thema\u00abDie Polizei als lernende Organisation\u00bb mitverfasst. Welche Lehren zieht er darausin die Praxis, wo gesellschaftliche Entwicklungen nicht dynamischer sein k\u00f6nnten?\",\"breadcrumb\":{\"@id\":\"https:\/\/www.m-q.ch\/kompetenzen-eines-groesseren-corps\/#breadcrumb\"},\"inLanguage\":\"de\",\"potentialAction\":[{\"@type\":\"ReadAction\",\"target\":[\"https:\/\/www.m-q.ch\/kompetenzen-eines-groesseren-corps\/\"]}]},{\"@type\":\"ImageObject\",\"inLanguage\":\"de\",\"@id\":\"https:\/\/www.m-q.ch\/kompetenzen-eines-groesseren-corps\/#primaryimage\",\"url\":\"https:\/\/www.m-q.ch\/wp-content\/uploads\/2021\/02\/Kompetenzen-eines-groesseren-Corps.jpg\",\"contentUrl\":\"https:\/\/www.m-q.ch\/wp-content\/uploads\/2021\/02\/Kompetenzen-eines-groesseren-Corps.jpg\",\"width\":884,\"height\":614,\"caption\":\"Kompetenzen eines gr\u00f6sseren Corps\"},{\"@type\":\"BreadcrumbList\",\"@id\":\"https:\/\/www.m-q.ch\/kompetenzen-eines-groesseren-corps\/#breadcrumb\",\"itemListElement\":[{\"@type\":\"ListItem\",\"position\":1,\"name\":\"Business Excellence\",\"item\":\"https:\/\/www.m-q.ch\/kategorie\/business_excellence\/\"},{\"@type\":\"ListItem\",\"position\":2,\"name\":\"Kompetenzen eines gr\u00f6sseren Corps\"}]},{\"@type\":\"WebSite\",\"@id\":\"https:\/\/www.m-q.ch\/fr\/#website\",\"url\":\"https:\/\/www.m-q.ch\/fr\/\",\"name\":\"MQ Management und Qualit\u00e4t\",\"description\":\"Plattform f\u00fcr integrierte Managementsysteme.\",\"publisher\":{\"@id\":\"https:\/\/www.m-q.ch\/fr\/#organization\"},\"potentialAction\":[{\"@type\":\"SearchAction\",\"target\":{\"@type\":\"EntryPoint\",\"urlTemplate\":\"https:\/\/www.m-q.ch\/fr\/?s={search_term_string}\"},\"query-input\":{\"@type\":\"PropertyValueSpecification\",\"valueRequired\":true,\"valueName\":\"search_term_string\"}}],\"inLanguage\":\"de\"},{\"@type\":\"Organization\",\"@id\":\"https:\/\/www.m-q.ch\/fr\/#organization\",\"name\":\"Galledia Fachmedien AG\",\"url\":\"https:\/\/www.m-q.ch\/fr\/\",\"logo\":{\"@type\":\"ImageObject\",\"inLanguage\":\"de\",\"@id\":\"https:\/\/www.m-q.ch\/fr\/#\/schema\/logo\/image\/\",\"url\":\"https:\/\/www.m-q.ch\/wp-content\/uploads\/2020\/12\/cropped-logo_small.png\",\"contentUrl\":\"https:\/\/www.m-q.ch\/wp-content\/uploads\/2020\/12\/cropped-logo_small.png\",\"width\":512,\"height\":512,\"caption\":\"Galledia Fachmedien AG\"},\"image\":{\"@id\":\"https:\/\/www.m-q.ch\/fr\/#\/schema\/logo\/image\/\"},\"sameAs\":[\"https:\/\/www.facebook.com\/ManagementUndQualitaet\",\"https:\/\/www.linkedin.com\/showcase\/17982321\/admin\/\"]},{\"@type\":\"Person\",\"@id\":\"https:\/\/www.m-q.ch\/fr\/#\/schema\/person\/71f647a41e4a3e361e6230f5134f3ba9\",\"name\":\"upwork_2\",\"image\":{\"@type\":\"ImageObject\",\"inLanguage\":\"de\",\"@id\":\"https:\/\/www.m-q.ch\/fr\/#\/schema\/person\/image\/\",\"url\":\"https:\/\/secure.gravatar.com\/avatar\/777b90ab56092bbf3c85feacda5c1bce?s=96&d=mm&r=g\",\"contentUrl\":\"https:\/\/secure.gravatar.com\/avatar\/777b90ab56092bbf3c85feacda5c1bce?s=96&d=mm&r=g\",\"caption\":\"upwork_2\"},\"url\":\"https:\/\/www.m-q.ch\/de\/author\/upwork_2\/\"}]}<\/script>\n<!-- \/ Yoast SEO plugin. -->","yoast_head_json":{"title":"Kompetenzen eines gr\u00f6sseren Corps - MQ Management und Qualit\u00e4t","description":"Stefan Lanzrein, Chef der Regionalpolizei Berner Oberland (Kantonspolizei Bern),hat an der Hochschule Luzern \u2013 Wirtschaft eine EMBA-Masterarbeit* zum Thema\u00abDie Polizei als lernende Organisation\u00bb mitverfasst. Welche Lehren zieht er darausin die Praxis, wo gesellschaftliche Entwicklungen nicht dynamischer sein k\u00f6nnten?","robots":{"index":"index","follow":"follow","max-snippet":"max-snippet:-1","max-image-preview":"max-image-preview:large","max-video-preview":"max-video-preview:-1"},"canonical":"https:\/\/www.m-q.ch\/de\/kompetenzen-eines-groesseren-corps\/","og_locale":"de_DE","og_type":"article","og_title":"Kompetenzen eines gr\u00f6sseren Corps - MQ Management und Qualit\u00e4t","og_description":"Stefan Lanzrein, Chef der Regionalpolizei Berner Oberland (Kantonspolizei Bern),hat an der Hochschule Luzern \u2013 Wirtschaft eine EMBA-Masterarbeit* zum Thema\u00abDie Polizei als lernende Organisation\u00bb mitverfasst. Welche Lehren zieht er darausin die Praxis, wo gesellschaftliche Entwicklungen nicht dynamischer sein k\u00f6nnten?","og_url":"https:\/\/www.m-q.ch\/de\/kompetenzen-eines-groesseren-corps\/","og_site_name":"MQ Management und Qualit\u00e4t","article_publisher":"https:\/\/www.facebook.com\/ManagementUndQualitaet","article_published_time":"2017-10-10T22:51:52+00:00","article_modified_time":"2021-02-14T01:11:39+00:00","og_image":[{"width":884,"height":614,"url":"https:\/\/www.m-q.ch\/wp-content\/uploads\/2021\/02\/Kompetenzen-eines-groesseren-Corps.jpg","type":"image\/jpeg"}],"author":"upwork_2","twitter_card":"summary_large_image","twitter_misc":{"Verfasst von":"upwork_2","Gesch\u00e4tzte Lesezeit":"6\u00a0Minuten"},"schema":{"@context":"https:\/\/schema.org","@graph":[{"@type":"Article","@id":"https:\/\/www.m-q.ch\/kompetenzen-eines-groesseren-corps\/#article","isPartOf":{"@id":"https:\/\/www.m-q.ch\/kompetenzen-eines-groesseren-corps\/"},"author":{"name":"upwork_2","@id":"https:\/\/www.m-q.ch\/fr\/#\/schema\/person\/71f647a41e4a3e361e6230f5134f3ba9"},"headline":"Kompetenzen eines gr\u00f6sseren Corps","datePublished":"2017-10-10T22:51:52+00:00","dateModified":"2021-02-14T01:11:39+00:00","mainEntityOfPage":{"@id":"https:\/\/www.m-q.ch\/kompetenzen-eines-groesseren-corps\/"},"wordCount":1281,"publisher":{"@id":"https:\/\/www.m-q.ch\/fr\/#organization"},"image":{"@id":"https:\/\/www.m-q.ch\/kompetenzen-eines-groesseren-corps\/#primaryimage"},"thumbnailUrl":"https:\/\/www.m-q.ch\/wp-content\/uploads\/2021\/02\/Kompetenzen-eines-groesseren-Corps.jpg","keywords":["10\/2017"],"articleSection":["Business Excellence"],"inLanguage":"de"},{"@type":"WebPage","@id":"https:\/\/www.m-q.ch\/kompetenzen-eines-groesseren-corps\/","url":"https:\/\/www.m-q.ch\/kompetenzen-eines-groesseren-corps\/","name":"Kompetenzen eines gr\u00f6sseren Corps - MQ Management und Qualit\u00e4t","isPartOf":{"@id":"https:\/\/www.m-q.ch\/fr\/#website"},"primaryImageOfPage":{"@id":"https:\/\/www.m-q.ch\/kompetenzen-eines-groesseren-corps\/#primaryimage"},"image":{"@id":"https:\/\/www.m-q.ch\/kompetenzen-eines-groesseren-corps\/#primaryimage"},"thumbnailUrl":"https:\/\/www.m-q.ch\/wp-content\/uploads\/2021\/02\/Kompetenzen-eines-groesseren-Corps.jpg","datePublished":"2017-10-10T22:51:52+00:00","dateModified":"2021-02-14T01:11:39+00:00","description":"Stefan Lanzrein, Chef der Regionalpolizei Berner Oberland (Kantonspolizei Bern),hat an der Hochschule Luzern \u2013 Wirtschaft eine EMBA-Masterarbeit* zum Thema\u00abDie Polizei als lernende Organisation\u00bb mitverfasst. Welche Lehren zieht er darausin die Praxis, wo gesellschaftliche Entwicklungen nicht dynamischer sein k\u00f6nnten?","breadcrumb":{"@id":"https:\/\/www.m-q.ch\/kompetenzen-eines-groesseren-corps\/#breadcrumb"},"inLanguage":"de","potentialAction":[{"@type":"ReadAction","target":["https:\/\/www.m-q.ch\/kompetenzen-eines-groesseren-corps\/"]}]},{"@type":"ImageObject","inLanguage":"de","@id":"https:\/\/www.m-q.ch\/kompetenzen-eines-groesseren-corps\/#primaryimage","url":"https:\/\/www.m-q.ch\/wp-content\/uploads\/2021\/02\/Kompetenzen-eines-groesseren-Corps.jpg","contentUrl":"https:\/\/www.m-q.ch\/wp-content\/uploads\/2021\/02\/Kompetenzen-eines-groesseren-Corps.jpg","width":884,"height":614,"caption":"Kompetenzen eines gr\u00f6sseren Corps"},{"@type":"BreadcrumbList","@id":"https:\/\/www.m-q.ch\/kompetenzen-eines-groesseren-corps\/#breadcrumb","itemListElement":[{"@type":"ListItem","position":1,"name":"Business Excellence","item":"https:\/\/www.m-q.ch\/kategorie\/business_excellence\/"},{"@type":"ListItem","position":2,"name":"Kompetenzen eines gr\u00f6sseren Corps"}]},{"@type":"WebSite","@id":"https:\/\/www.m-q.ch\/fr\/#website","url":"https:\/\/www.m-q.ch\/fr\/","name":"MQ Management und Qualit\u00e4t","description":"Plattform f\u00fcr integrierte Managementsysteme.","publisher":{"@id":"https:\/\/www.m-q.ch\/fr\/#organization"},"potentialAction":[{"@type":"SearchAction","target":{"@type":"EntryPoint","urlTemplate":"https:\/\/www.m-q.ch\/fr\/?s={search_term_string}"},"query-input":{"@type":"PropertyValueSpecification","valueRequired":true,"valueName":"search_term_string"}}],"inLanguage":"de"},{"@type":"Organization","@id":"https:\/\/www.m-q.ch\/fr\/#organization","name":"Galledia Fachmedien AG","url":"https:\/\/www.m-q.ch\/fr\/","logo":{"@type":"ImageObject","inLanguage":"de","@id":"https:\/\/www.m-q.ch\/fr\/#\/schema\/logo\/image\/","url":"https:\/\/www.m-q.ch\/wp-content\/uploads\/2020\/12\/cropped-logo_small.png","contentUrl":"https:\/\/www.m-q.ch\/wp-content\/uploads\/2020\/12\/cropped-logo_small.png","width":512,"height":512,"caption":"Galledia Fachmedien AG"},"image":{"@id":"https:\/\/www.m-q.ch\/fr\/#\/schema\/logo\/image\/"},"sameAs":["https:\/\/www.facebook.com\/ManagementUndQualitaet","https:\/\/www.linkedin.com\/showcase\/17982321\/admin\/"]},{"@type":"Person","@id":"https:\/\/www.m-q.ch\/fr\/#\/schema\/person\/71f647a41e4a3e361e6230f5134f3ba9","name":"upwork_2","image":{"@type":"ImageObject","inLanguage":"de","@id":"https:\/\/www.m-q.ch\/fr\/#\/schema\/person\/image\/","url":"https:\/\/secure.gravatar.com\/avatar\/777b90ab56092bbf3c85feacda5c1bce?s=96&d=mm&r=g","contentUrl":"https:\/\/secure.gravatar.com\/avatar\/777b90ab56092bbf3c85feacda5c1bce?s=96&d=mm&r=g","caption":"upwork_2"},"url":"https:\/\/www.m-q.ch\/de\/author\/upwork_2\/"}]}},"_links":{"self":[{"href":"https:\/\/www.m-q.ch\/de\/wp-json\/wp\/v2\/posts\/11593","targetHints":{"allow":["GET"]}}],"collection":[{"href":"https:\/\/www.m-q.ch\/de\/wp-json\/wp\/v2\/posts"}],"about":[{"href":"https:\/\/www.m-q.ch\/de\/wp-json\/wp\/v2\/types\/post"}],"author":[{"embeddable":true,"href":"https:\/\/www.m-q.ch\/de\/wp-json\/wp\/v2\/users\/62"}],"replies":[{"embeddable":true,"href":"https:\/\/www.m-q.ch\/de\/wp-json\/wp\/v2\/comments?post=11593"}],"version-history":[{"count":1,"href":"https:\/\/www.m-q.ch\/de\/wp-json\/wp\/v2\/posts\/11593\/revisions"}],"predecessor-version":[{"id":11627,"href":"https:\/\/www.m-q.ch\/de\/wp-json\/wp\/v2\/posts\/11593\/revisions\/11627"}],"wp:featuredmedia":[{"embeddable":true,"href":"https:\/\/www.m-q.ch\/de\/wp-json\/wp\/v2\/media\/11624"}],"wp:attachment":[{"href":"https:\/\/www.m-q.ch\/de\/wp-json\/wp\/v2\/media?parent=11593"}],"wp:term":[{"taxonomy":"category","embeddable":true,"href":"https:\/\/www.m-q.ch\/de\/wp-json\/wp\/v2\/categories?post=11593"},{"taxonomy":"post_tag","embeddable":true,"href":"https:\/\/www.m-q.ch\/de\/wp-json\/wp\/v2\/tags?post=11593"}],"curies":[{"name":"wp","href":"https:\/\/api.w.org\/{rel}","templated":true}]}}