{"id":11600,"date":"2017-10-25T00:51:56","date_gmt":"2017-10-24T22:51:56","guid":{"rendered":"https:\/\/www.m-q.ch\/?p=11600"},"modified":"2021-02-14T02:58:47","modified_gmt":"2021-02-14T01:58:47","slug":"hannes-sucht-einen-neuen-mitarbeiter","status":"publish","type":"post","link":"https:\/\/www.m-q.ch\/de\/hannes-sucht-einen-neuen-mitarbeiter\/","title":{"rendered":"Hannes sucht einen neuen Mitarbeiter"},"content":{"rendered":"<p><img loading=\"lazy\" decoding=\"async\" class=\"alignnone size-full wp-image-11653\" src=\"https:\/\/www.m-q.ch\/wp-content\/uploads\/2021\/02\/Hannes-sucht-einen-neuen-Mitarbeiter.jpg\" alt=\"Hannes sucht einen neuen Mitarbeiter\" width=\"868\" height=\"575\" srcset=\"https:\/\/www.m-q.ch\/wp-content\/uploads\/2021\/02\/Hannes-sucht-einen-neuen-Mitarbeiter.jpg 868w, https:\/\/www.m-q.ch\/wp-content\/uploads\/2021\/02\/Hannes-sucht-einen-neuen-Mitarbeiter-768x509.jpg 768w, https:\/\/www.m-q.ch\/wp-content\/uploads\/2021\/02\/Hannes-sucht-einen-neuen-Mitarbeiter-16x12.jpg 16w, https:\/\/www.m-q.ch\/wp-content\/uploads\/2021\/02\/Hannes-sucht-einen-neuen-Mitarbeiter-264x175.jpg 264w, https:\/\/www.m-q.ch\/wp-content\/uploads\/2021\/02\/Hannes-sucht-einen-neuen-Mitarbeiter-528x350.jpg 528w, https:\/\/www.m-q.ch\/wp-content\/uploads\/2021\/02\/Hannes-sucht-einen-neuen-Mitarbeiter-300x199.jpg 300w\" sizes=\"auto, (max-width: 868px) 100vw, 868px\" \/><\/p>\n<p>&nbsp;<\/p>\n<p>&nbsp;<\/p>\n<p><em><strong>\u00abEs ist einiges, was die neue Frau, der neue Mann erf\u00fcllen muss.\u00bb<\/strong><\/em><\/p>\n<p><strong>Das Anforderungsprofil ist mannigfaltig<\/strong><br \/>\nHannes setzt sich hin und \u00fcberlegt, wie das Profil ist. Es hat sich ja doch stark ver\u00e4ndert in den vergangenen Jahren und er beginnt, stich-wortartig in die Tastatur zu hacken.<\/p>\n<p>&nbsp;<\/p>\n<p>Heute sind Computer-Kenntnisse s\u00e4mtlicher g\u00e4ngiger Program-me wohl Voraussetzung. Das muss man nicht hinschreiben, kann man aber. Kommt dazu, dass nach der Reorganisation in den n\u00e4chsten Mo-naten der Innendienst auch f\u00fcr Marketing-Kommunikationsmass-nahmen zust\u00e4ndig ist. Also brauchts eine Person mit Abschluss in Marketing-Kommunikation oder \u00e4hnlicher Ausbildung. \u00abDiversity\u00bbist im globalen Markt ein Muss und daher liegt es auf der Hand, dass die neue Person mehrj\u00e4hrige Auslandserfahrung mitbringt.<\/p>\n<p>&nbsp;<\/p>\n<p>Technisches Flair ist in einem Industriebereich Voraussetzung, damit die Person das Kerngesch\u00e4ft \u00fcberhaupt versteht. Aber Flair allei-ne gen\u00fcgt heute nicht mehr. Mindestens drei Semester an einer tech-nischen Uni oder zumindest ein Ingenieur-Nachdiplomlehrgang soll-ten es zwingend sein. Englisch in Wort und Schrift steht ebenfalls auf der Liste von Hannes. Denn es wird gerade in Asien Wert darauf gelegt, dass Schreiben auch in dieser Sprache fehlerlos daherkommen.<\/p>\n<p>&nbsp;<\/p>\n<p>Hannes skizziert weiter. Als Leiter einer Abteilung mit 20 Mitar-beitenden kommt ein Kandidat nicht darum herum, mindestens ei-nen abgeschlossenen Leadership-Lehrgang mitzubringen. Eine F\u00fch-rungspers\u00f6nlichkeit muss er sein. Sozialkompetenz, Bereitschaft zur st\u00e4ndigen Weiterentwicklung, hohe Empathie und Durchsetzungs-verm\u00f6gen, Zielorientierung sind hierzu die g\u00e4ngigen Klassiker.<\/p>\n<p>&nbsp;<\/p>\n<p>Als Hannes seine Stichworte noch kurz durchliest, f\u00e4llt ihm auf, dass Praxiserfahrung in einem Industriebetrieb und F\u00fchrungserfah-rung noch fehlen. Er erg\u00e4nzt und sieht, dass es einiges ist, was die neue Frau, der neue Mann erf\u00fcllen muss.<\/p>\n<p><strong>Das Alter ist auch entscheidend<\/strong><br \/>\nNicht zuletzt sollte die Person aber auch in die Altersstruktur des Teams passen. Das Team hat ein Durchschnittsalter von unter 30 Jahren. Deshalb sollte der neue Chef doch auch aus einer j\u00fcngeren Generation kommen, um die jungen Menschen von heute zu verste-hen. Er tippt noch \u00abIdealalter zwischen 25\u2009\u2013\u200935\u00bb Jahre in die Liste. Das passt.<\/p>\n<p>&nbsp;<\/p>\n<p>Er ist gespannt auf die ersten Dossiers und die Lohnforderun-gen. Denn dort hat das Unternehmen aus finanziellen Gr\u00fcnden nicht mehr allzu viel Spielraum. Aber das ist wohl auch f\u00fcr die Kan-didaten kein Problem, wenn sie denn endlich ein Unternehmen finden, wo sie ihre vielf\u00e4ltigen Talente und Erfahrungen ausleben k\u00f6nnen.<\/p>\n<p>&nbsp;<\/p>\n","protected":false},"excerpt":{"rendered":"<p>&nbsp; &nbsp; \u00abEs ist einiges, was die neue Frau, der neue Mann erf\u00fcllen muss.\u00bb Das Anforderungsprofil ist mannigfaltig Hannes setzt sich hin und \u00fcberlegt, wie das Profil ist. Es hat sich ja doch stark ver\u00e4ndert in den vergangenen Jahren und er beginnt, stich-wortartig in die Tastatur zu hacken. &nbsp; Heute sind Computer-Kenntnisse s\u00e4mtlicher g\u00e4ngiger Program-me [&hellip;]<\/p>\n","protected":false},"author":62,"featured_media":11653,"comment_status":"closed","ping_status":"closed","sticky":false,"template":"","format":"standard","meta":{"_acf_changed":false,"footnotes":""},"categories":[4448],"tags":[4780],"class_list":["post-11600","post","type-post","status-publish","format-standard","has-post-thumbnail","hentry","category-allgemein","tag-10-2017"],"acf":[],"yoast_head":"<!-- This site is optimized with the Yoast SEO plugin v26.2 - https:\/\/yoast.com\/wordpress\/plugins\/seo\/ -->\n<title>Hannes sucht einen neuen Mitarbeiter - MQ Management und Qualit\u00e4t<\/title>\n<meta name=\"description\" content=\"Trotz angespannter Zeiten gibt es immer wieder auch personelle Fluktuationen. Der Innendienstleiter ging in Rente, seine Stelle ist bewilligt und wird neu besetzt. Hannes bereitet sich auf die Rekru-tierung vor, geh\u00f6rt doch dieser Bereich in seine Abteilung. Dabei wird er als Leiter Produktion im Prozess selbstverst\u00e4ndlich von den Kolleginnen und Kollegen der HR-Abteilung unterst\u00fctzt. Das ist auch gut so.\" \/>\n<meta name=\"robots\" content=\"index, follow, max-snippet:-1, max-image-preview:large, max-video-preview:-1\" \/>\n<link rel=\"canonical\" href=\"https:\/\/www.m-q.ch\/de\/hannes-sucht-einen-neuen-mitarbeiter\/\" \/>\n<meta property=\"og:locale\" content=\"de_DE\" \/>\n<meta property=\"og:type\" content=\"article\" \/>\n<meta property=\"og:title\" content=\"Hannes sucht einen neuen Mitarbeiter - MQ Management und Qualit\u00e4t\" \/>\n<meta property=\"og:description\" content=\"Trotz angespannter Zeiten gibt es immer wieder auch personelle Fluktuationen. Der Innendienstleiter ging in Rente, seine Stelle ist bewilligt und wird neu besetzt. Hannes bereitet sich auf die Rekru-tierung vor, geh\u00f6rt doch dieser Bereich in seine Abteilung. Dabei wird er als Leiter Produktion im Prozess selbstverst\u00e4ndlich von den Kolleginnen und Kollegen der HR-Abteilung unterst\u00fctzt. Das ist auch gut so.\" \/>\n<meta property=\"og:url\" content=\"https:\/\/www.m-q.ch\/de\/hannes-sucht-einen-neuen-mitarbeiter\/\" \/>\n<meta property=\"og:site_name\" content=\"MQ Management und Qualit\u00e4t\" \/>\n<meta property=\"article:publisher\" content=\"https:\/\/www.facebook.com\/ManagementUndQualitaet\" \/>\n<meta property=\"article:published_time\" content=\"2017-10-24T22:51:56+00:00\" \/>\n<meta property=\"article:modified_time\" content=\"2021-02-14T01:58:47+00:00\" \/>\n<meta property=\"og:image\" content=\"https:\/\/www.m-q.ch\/wp-content\/uploads\/2021\/02\/Hannes-sucht-einen-neuen-Mitarbeiter.jpg\" \/>\n\t<meta property=\"og:image:width\" content=\"868\" \/>\n\t<meta property=\"og:image:height\" content=\"575\" \/>\n\t<meta property=\"og:image:type\" content=\"image\/jpeg\" \/>\n<meta name=\"author\" content=\"upwork_2\" \/>\n<meta name=\"twitter:card\" content=\"summary_large_image\" \/>\n<meta name=\"twitter:label1\" content=\"Verfasst von\" \/>\n\t<meta name=\"twitter:data1\" content=\"upwork_2\" \/>\n\t<meta name=\"twitter:label2\" content=\"Gesch\u00e4tzte Lesezeit\" \/>\n\t<meta name=\"twitter:data2\" content=\"2\u00a0Minuten\" \/>\n<script type=\"application\/ld+json\" class=\"yoast-schema-graph\">{\"@context\":\"https:\/\/schema.org\",\"@graph\":[{\"@type\":\"Article\",\"@id\":\"https:\/\/www.m-q.ch\/hannes-sucht-einen-neuen-mitarbeiter\/#article\",\"isPartOf\":{\"@id\":\"https:\/\/www.m-q.ch\/hannes-sucht-einen-neuen-mitarbeiter\/\"},\"author\":{\"name\":\"upwork_2\",\"@id\":\"https:\/\/www.m-q.ch\/fr\/#\/schema\/person\/71f647a41e4a3e361e6230f5134f3ba9\"},\"headline\":\"Hannes sucht einen neuen Mitarbeiter\",\"datePublished\":\"2017-10-24T22:51:56+00:00\",\"dateModified\":\"2021-02-14T01:58:47+00:00\",\"mainEntityOfPage\":{\"@id\":\"https:\/\/www.m-q.ch\/hannes-sucht-einen-neuen-mitarbeiter\/\"},\"wordCount\":395,\"publisher\":{\"@id\":\"https:\/\/www.m-q.ch\/fr\/#organization\"},\"image\":{\"@id\":\"https:\/\/www.m-q.ch\/hannes-sucht-einen-neuen-mitarbeiter\/#primaryimage\"},\"thumbnailUrl\":\"https:\/\/www.m-q.ch\/wp-content\/uploads\/2021\/02\/Hannes-sucht-einen-neuen-Mitarbeiter.jpg\",\"keywords\":[\"10\/2017\"],\"inLanguage\":\"de\"},{\"@type\":\"WebPage\",\"@id\":\"https:\/\/www.m-q.ch\/hannes-sucht-einen-neuen-mitarbeiter\/\",\"url\":\"https:\/\/www.m-q.ch\/hannes-sucht-einen-neuen-mitarbeiter\/\",\"name\":\"Hannes sucht einen neuen Mitarbeiter - MQ Management und Qualit\u00e4t\",\"isPartOf\":{\"@id\":\"https:\/\/www.m-q.ch\/fr\/#website\"},\"primaryImageOfPage\":{\"@id\":\"https:\/\/www.m-q.ch\/hannes-sucht-einen-neuen-mitarbeiter\/#primaryimage\"},\"image\":{\"@id\":\"https:\/\/www.m-q.ch\/hannes-sucht-einen-neuen-mitarbeiter\/#primaryimage\"},\"thumbnailUrl\":\"https:\/\/www.m-q.ch\/wp-content\/uploads\/2021\/02\/Hannes-sucht-einen-neuen-Mitarbeiter.jpg\",\"datePublished\":\"2017-10-24T22:51:56+00:00\",\"dateModified\":\"2021-02-14T01:58:47+00:00\",\"description\":\"Trotz angespannter Zeiten gibt es immer wieder auch personelle Fluktuationen. Der Innendienstleiter ging in Rente, seine Stelle ist bewilligt und wird neu besetzt. Hannes bereitet sich auf die Rekru-tierung vor, geh\u00f6rt doch dieser Bereich in seine Abteilung. Dabei wird er als Leiter Produktion im Prozess selbstverst\u00e4ndlich von den Kolleginnen und Kollegen der HR-Abteilung unterst\u00fctzt. Das ist auch gut so.\",\"breadcrumb\":{\"@id\":\"https:\/\/www.m-q.ch\/hannes-sucht-einen-neuen-mitarbeiter\/#breadcrumb\"},\"inLanguage\":\"de\",\"potentialAction\":[{\"@type\":\"ReadAction\",\"target\":[\"https:\/\/www.m-q.ch\/hannes-sucht-einen-neuen-mitarbeiter\/\"]}]},{\"@type\":\"ImageObject\",\"inLanguage\":\"de\",\"@id\":\"https:\/\/www.m-q.ch\/hannes-sucht-einen-neuen-mitarbeiter\/#primaryimage\",\"url\":\"https:\/\/www.m-q.ch\/wp-content\/uploads\/2021\/02\/Hannes-sucht-einen-neuen-Mitarbeiter.jpg\",\"contentUrl\":\"https:\/\/www.m-q.ch\/wp-content\/uploads\/2021\/02\/Hannes-sucht-einen-neuen-Mitarbeiter.jpg\",\"width\":868,\"height\":575,\"caption\":\"Hannes sucht einen neuen Mitarbeiter\"},{\"@type\":\"BreadcrumbList\",\"@id\":\"https:\/\/www.m-q.ch\/hannes-sucht-einen-neuen-mitarbeiter\/#breadcrumb\",\"itemListElement\":[{\"@type\":\"ListItem\",\"position\":1,\"name\":\"Allgemein\",\"item\":\"https:\/\/www.m-q.ch\/kategorie\/allgemein\/\"},{\"@type\":\"ListItem\",\"position\":2,\"name\":\"Hannes sucht einen neuen Mitarbeiter\"}]},{\"@type\":\"WebSite\",\"@id\":\"https:\/\/www.m-q.ch\/fr\/#website\",\"url\":\"https:\/\/www.m-q.ch\/fr\/\",\"name\":\"MQ Management und Qualit\u00e4t\",\"description\":\"Plattform f\u00fcr integrierte Managementsysteme.\",\"publisher\":{\"@id\":\"https:\/\/www.m-q.ch\/fr\/#organization\"},\"potentialAction\":[{\"@type\":\"SearchAction\",\"target\":{\"@type\":\"EntryPoint\",\"urlTemplate\":\"https:\/\/www.m-q.ch\/fr\/?s={search_term_string}\"},\"query-input\":{\"@type\":\"PropertyValueSpecification\",\"valueRequired\":true,\"valueName\":\"search_term_string\"}}],\"inLanguage\":\"de\"},{\"@type\":\"Organization\",\"@id\":\"https:\/\/www.m-q.ch\/fr\/#organization\",\"name\":\"Galledia Fachmedien AG\",\"url\":\"https:\/\/www.m-q.ch\/fr\/\",\"logo\":{\"@type\":\"ImageObject\",\"inLanguage\":\"de\",\"@id\":\"https:\/\/www.m-q.ch\/fr\/#\/schema\/logo\/image\/\",\"url\":\"https:\/\/www.m-q.ch\/wp-content\/uploads\/2020\/12\/cropped-logo_small.png\",\"contentUrl\":\"https:\/\/www.m-q.ch\/wp-content\/uploads\/2020\/12\/cropped-logo_small.png\",\"width\":512,\"height\":512,\"caption\":\"Galledia Fachmedien AG\"},\"image\":{\"@id\":\"https:\/\/www.m-q.ch\/fr\/#\/schema\/logo\/image\/\"},\"sameAs\":[\"https:\/\/www.facebook.com\/ManagementUndQualitaet\",\"https:\/\/www.linkedin.com\/showcase\/17982321\/admin\/\"]},{\"@type\":\"Person\",\"@id\":\"https:\/\/www.m-q.ch\/fr\/#\/schema\/person\/71f647a41e4a3e361e6230f5134f3ba9\",\"name\":\"upwork_2\",\"image\":{\"@type\":\"ImageObject\",\"inLanguage\":\"de\",\"@id\":\"https:\/\/www.m-q.ch\/fr\/#\/schema\/person\/image\/\",\"url\":\"https:\/\/secure.gravatar.com\/avatar\/777b90ab56092bbf3c85feacda5c1bce?s=96&d=mm&r=g\",\"contentUrl\":\"https:\/\/secure.gravatar.com\/avatar\/777b90ab56092bbf3c85feacda5c1bce?s=96&d=mm&r=g\",\"caption\":\"upwork_2\"},\"url\":\"https:\/\/www.m-q.ch\/de\/author\/upwork_2\/\"}]}<\/script>\n<!-- \/ Yoast SEO plugin. -->","yoast_head_json":{"title":"Hannes sucht einen neuen Mitarbeiter - MQ Management und Qualit\u00e4t","description":"Trotz angespannter Zeiten gibt es immer wieder auch personelle Fluktuationen. Der Innendienstleiter ging in Rente, seine Stelle ist bewilligt und wird neu besetzt. Hannes bereitet sich auf die Rekru-tierung vor, geh\u00f6rt doch dieser Bereich in seine Abteilung. Dabei wird er als Leiter Produktion im Prozess selbstverst\u00e4ndlich von den Kolleginnen und Kollegen der HR-Abteilung unterst\u00fctzt. Das ist auch gut so.","robots":{"index":"index","follow":"follow","max-snippet":"max-snippet:-1","max-image-preview":"max-image-preview:large","max-video-preview":"max-video-preview:-1"},"canonical":"https:\/\/www.m-q.ch\/de\/hannes-sucht-einen-neuen-mitarbeiter\/","og_locale":"de_DE","og_type":"article","og_title":"Hannes sucht einen neuen Mitarbeiter - MQ Management und Qualit\u00e4t","og_description":"Trotz angespannter Zeiten gibt es immer wieder auch personelle Fluktuationen. Der Innendienstleiter ging in Rente, seine Stelle ist bewilligt und wird neu besetzt. Hannes bereitet sich auf die Rekru-tierung vor, geh\u00f6rt doch dieser Bereich in seine Abteilung. Dabei wird er als Leiter Produktion im Prozess selbstverst\u00e4ndlich von den Kolleginnen und Kollegen der HR-Abteilung unterst\u00fctzt. Das ist auch gut so.","og_url":"https:\/\/www.m-q.ch\/de\/hannes-sucht-einen-neuen-mitarbeiter\/","og_site_name":"MQ Management und Qualit\u00e4t","article_publisher":"https:\/\/www.facebook.com\/ManagementUndQualitaet","article_published_time":"2017-10-24T22:51:56+00:00","article_modified_time":"2021-02-14T01:58:47+00:00","og_image":[{"width":868,"height":575,"url":"https:\/\/www.m-q.ch\/wp-content\/uploads\/2021\/02\/Hannes-sucht-einen-neuen-Mitarbeiter.jpg","type":"image\/jpeg"}],"author":"upwork_2","twitter_card":"summary_large_image","twitter_misc":{"Verfasst von":"upwork_2","Gesch\u00e4tzte Lesezeit":"2\u00a0Minuten"},"schema":{"@context":"https:\/\/schema.org","@graph":[{"@type":"Article","@id":"https:\/\/www.m-q.ch\/hannes-sucht-einen-neuen-mitarbeiter\/#article","isPartOf":{"@id":"https:\/\/www.m-q.ch\/hannes-sucht-einen-neuen-mitarbeiter\/"},"author":{"name":"upwork_2","@id":"https:\/\/www.m-q.ch\/fr\/#\/schema\/person\/71f647a41e4a3e361e6230f5134f3ba9"},"headline":"Hannes sucht einen neuen Mitarbeiter","datePublished":"2017-10-24T22:51:56+00:00","dateModified":"2021-02-14T01:58:47+00:00","mainEntityOfPage":{"@id":"https:\/\/www.m-q.ch\/hannes-sucht-einen-neuen-mitarbeiter\/"},"wordCount":395,"publisher":{"@id":"https:\/\/www.m-q.ch\/fr\/#organization"},"image":{"@id":"https:\/\/www.m-q.ch\/hannes-sucht-einen-neuen-mitarbeiter\/#primaryimage"},"thumbnailUrl":"https:\/\/www.m-q.ch\/wp-content\/uploads\/2021\/02\/Hannes-sucht-einen-neuen-Mitarbeiter.jpg","keywords":["10\/2017"],"inLanguage":"de"},{"@type":"WebPage","@id":"https:\/\/www.m-q.ch\/hannes-sucht-einen-neuen-mitarbeiter\/","url":"https:\/\/www.m-q.ch\/hannes-sucht-einen-neuen-mitarbeiter\/","name":"Hannes sucht einen neuen Mitarbeiter - MQ Management und Qualit\u00e4t","isPartOf":{"@id":"https:\/\/www.m-q.ch\/fr\/#website"},"primaryImageOfPage":{"@id":"https:\/\/www.m-q.ch\/hannes-sucht-einen-neuen-mitarbeiter\/#primaryimage"},"image":{"@id":"https:\/\/www.m-q.ch\/hannes-sucht-einen-neuen-mitarbeiter\/#primaryimage"},"thumbnailUrl":"https:\/\/www.m-q.ch\/wp-content\/uploads\/2021\/02\/Hannes-sucht-einen-neuen-Mitarbeiter.jpg","datePublished":"2017-10-24T22:51:56+00:00","dateModified":"2021-02-14T01:58:47+00:00","description":"Trotz angespannter Zeiten gibt es immer wieder auch personelle Fluktuationen. Der Innendienstleiter ging in Rente, seine Stelle ist bewilligt und wird neu besetzt. Hannes bereitet sich auf die Rekru-tierung vor, geh\u00f6rt doch dieser Bereich in seine Abteilung. Dabei wird er als Leiter Produktion im Prozess selbstverst\u00e4ndlich von den Kolleginnen und Kollegen der HR-Abteilung unterst\u00fctzt. Das ist auch gut so.","breadcrumb":{"@id":"https:\/\/www.m-q.ch\/hannes-sucht-einen-neuen-mitarbeiter\/#breadcrumb"},"inLanguage":"de","potentialAction":[{"@type":"ReadAction","target":["https:\/\/www.m-q.ch\/hannes-sucht-einen-neuen-mitarbeiter\/"]}]},{"@type":"ImageObject","inLanguage":"de","@id":"https:\/\/www.m-q.ch\/hannes-sucht-einen-neuen-mitarbeiter\/#primaryimage","url":"https:\/\/www.m-q.ch\/wp-content\/uploads\/2021\/02\/Hannes-sucht-einen-neuen-Mitarbeiter.jpg","contentUrl":"https:\/\/www.m-q.ch\/wp-content\/uploads\/2021\/02\/Hannes-sucht-einen-neuen-Mitarbeiter.jpg","width":868,"height":575,"caption":"Hannes sucht einen neuen Mitarbeiter"},{"@type":"BreadcrumbList","@id":"https:\/\/www.m-q.ch\/hannes-sucht-einen-neuen-mitarbeiter\/#breadcrumb","itemListElement":[{"@type":"ListItem","position":1,"name":"Allgemein","item":"https:\/\/www.m-q.ch\/kategorie\/allgemein\/"},{"@type":"ListItem","position":2,"name":"Hannes sucht einen neuen Mitarbeiter"}]},{"@type":"WebSite","@id":"https:\/\/www.m-q.ch\/fr\/#website","url":"https:\/\/www.m-q.ch\/fr\/","name":"MQ Management und Qualit\u00e4t","description":"Plattform f\u00fcr integrierte Managementsysteme.","publisher":{"@id":"https:\/\/www.m-q.ch\/fr\/#organization"},"potentialAction":[{"@type":"SearchAction","target":{"@type":"EntryPoint","urlTemplate":"https:\/\/www.m-q.ch\/fr\/?s={search_term_string}"},"query-input":{"@type":"PropertyValueSpecification","valueRequired":true,"valueName":"search_term_string"}}],"inLanguage":"de"},{"@type":"Organization","@id":"https:\/\/www.m-q.ch\/fr\/#organization","name":"Galledia Fachmedien AG","url":"https:\/\/www.m-q.ch\/fr\/","logo":{"@type":"ImageObject","inLanguage":"de","@id":"https:\/\/www.m-q.ch\/fr\/#\/schema\/logo\/image\/","url":"https:\/\/www.m-q.ch\/wp-content\/uploads\/2020\/12\/cropped-logo_small.png","contentUrl":"https:\/\/www.m-q.ch\/wp-content\/uploads\/2020\/12\/cropped-logo_small.png","width":512,"height":512,"caption":"Galledia Fachmedien AG"},"image":{"@id":"https:\/\/www.m-q.ch\/fr\/#\/schema\/logo\/image\/"},"sameAs":["https:\/\/www.facebook.com\/ManagementUndQualitaet","https:\/\/www.linkedin.com\/showcase\/17982321\/admin\/"]},{"@type":"Person","@id":"https:\/\/www.m-q.ch\/fr\/#\/schema\/person\/71f647a41e4a3e361e6230f5134f3ba9","name":"upwork_2","image":{"@type":"ImageObject","inLanguage":"de","@id":"https:\/\/www.m-q.ch\/fr\/#\/schema\/person\/image\/","url":"https:\/\/secure.gravatar.com\/avatar\/777b90ab56092bbf3c85feacda5c1bce?s=96&d=mm&r=g","contentUrl":"https:\/\/secure.gravatar.com\/avatar\/777b90ab56092bbf3c85feacda5c1bce?s=96&d=mm&r=g","caption":"upwork_2"},"url":"https:\/\/www.m-q.ch\/de\/author\/upwork_2\/"}]}},"_links":{"self":[{"href":"https:\/\/www.m-q.ch\/de\/wp-json\/wp\/v2\/posts\/11600","targetHints":{"allow":["GET"]}}],"collection":[{"href":"https:\/\/www.m-q.ch\/de\/wp-json\/wp\/v2\/posts"}],"about":[{"href":"https:\/\/www.m-q.ch\/de\/wp-json\/wp\/v2\/types\/post"}],"author":[{"embeddable":true,"href":"https:\/\/www.m-q.ch\/de\/wp-json\/wp\/v2\/users\/62"}],"replies":[{"embeddable":true,"href":"https:\/\/www.m-q.ch\/de\/wp-json\/wp\/v2\/comments?post=11600"}],"version-history":[{"count":1,"href":"https:\/\/www.m-q.ch\/de\/wp-json\/wp\/v2\/posts\/11600\/revisions"}],"predecessor-version":[{"id":11654,"href":"https:\/\/www.m-q.ch\/de\/wp-json\/wp\/v2\/posts\/11600\/revisions\/11654"}],"wp:featuredmedia":[{"embeddable":true,"href":"https:\/\/www.m-q.ch\/de\/wp-json\/wp\/v2\/media\/11653"}],"wp:attachment":[{"href":"https:\/\/www.m-q.ch\/de\/wp-json\/wp\/v2\/media?parent=11600"}],"wp:term":[{"taxonomy":"category","embeddable":true,"href":"https:\/\/www.m-q.ch\/de\/wp-json\/wp\/v2\/categories?post=11600"},{"taxonomy":"post_tag","embeddable":true,"href":"https:\/\/www.m-q.ch\/de\/wp-json\/wp\/v2\/tags?post=11600"}],"curies":[{"name":"wp","href":"https:\/\/api.w.org\/{rel}","templated":true}]}}