{"id":11635,"date":"2016-06-01T02:23:47","date_gmt":"2016-06-01T00:23:47","guid":{"rendered":"https:\/\/www.m-q.ch\/?p=11635"},"modified":"2021-02-14T02:39:33","modified_gmt":"2021-02-14T01:39:33","slug":"systemwechsel-von-regeln-zu-werten","status":"publish","type":"post","link":"https:\/\/www.m-q.ch\/de\/systemwechsel-von-regeln-zu-werten\/","title":{"rendered":"Systemwechsel von Regeln zu Werten"},"content":{"rendered":"<p><img loading=\"lazy\" decoding=\"async\" class=\"alignnone size-full wp-image-11638\" src=\"https:\/\/www.m-q.ch\/wp-content\/uploads\/2021\/02\/Systemwechsel-von-Regeln-zu-Werten.jpg\" alt=\"Systemwechsel von Regeln zu Werten\" width=\"867\" height=\"461\" srcset=\"https:\/\/www.m-q.ch\/wp-content\/uploads\/2021\/02\/Systemwechsel-von-Regeln-zu-Werten.jpg 867w, https:\/\/www.m-q.ch\/wp-content\/uploads\/2021\/02\/Systemwechsel-von-Regeln-zu-Werten-768x408.jpg 768w, https:\/\/www.m-q.ch\/wp-content\/uploads\/2021\/02\/Systemwechsel-von-Regeln-zu-Werten-16x9.jpg 16w, https:\/\/www.m-q.ch\/wp-content\/uploads\/2021\/02\/Systemwechsel-von-Regeln-zu-Werten-329x175.jpg 329w, https:\/\/www.m-q.ch\/wp-content\/uploads\/2021\/02\/Systemwechsel-von-Regeln-zu-Werten-658x350.jpg 658w, https:\/\/www.m-q.ch\/wp-content\/uploads\/2021\/02\/Systemwechsel-von-Regeln-zu-Werten-300x160.jpg 300w\" sizes=\"auto, (max-width: 867px) 100vw, 867px\" \/><\/p>\n<p>&nbsp;<\/p>\n<p>&nbsp;<\/p>\n<p>&nbsp;<\/p>\n<p><em><strong>D<\/strong><\/em>as Tempo, in welchem die technologischen Entwicklungen verlaufen, stimme nachdenklich, sagte SAQ-Pr\u00e4sident Ruedi Lustenberger in seiner Er\u00f6ffnungsansprache. Gerade mal 250 Jahre seien seit der ersten Industriellen Revolution vergangen und heute spreche man unter dem Schlagwort Industrie 4.0 bereits von der vierten. Gemessen an der gesamten Evolutionsgeschichte des Menschen bedeuten diese zweieinhalb Jahrhunderte \u00abbloss einen Wimpernschlag\u00bb. Trotz aller technologischen Machbarkeit von Systemen, wie wir sie heute erleben, m\u00fcsse das Primat gleichwohl immer noch beim Menschen bleiben, gab Ruedi Lustenberger zu bedenken.<\/p>\n<p><strong>Wie das \u00abSystem\u00bb Gehirn funktioniert<\/strong><br \/>\nDas Thema des ersten Referats, gehalten von Univ.-Prof. Dr. med. Joachim Bauer vom Uniklinikum Freiburg i. Br., lautete: Was treibt Menschen an? In seinen Ausf\u00fchrungen erl\u00e4uterte er menschliche Grundmotivationen aus Sicht der Neurowissenschaften. Eindr\u00fccklich vermochte er zu zeigen, dass Wertsch\u00e4tzung und soziale Akzeptanz die \u00abBelohnungszentren\u00bb im Gehirn aktivieren. Auf der anderen Seite erzeugt Ausgrenzung Schmerz, das heisst, es werden dabei die gleichen Gehirnregionen aktiviert wie beim Ber\u00fchren eines sehr heissen Gegenstandes. Und eine weitere Eigenschaft unseres Gehirns: Schon allein das Beobachten einer T\u00e4tigkeit aktiviert jene Zentren im Gehirn, welche f\u00fcr die konkrete Aus\u00fcbung dieser T\u00e4tigkeit notwendig sind. Das l\u00e4sst sich auch in der F\u00fchrung zunutze machen: Wenn man selbst motiviert ist, kann man damit andere anstecken \u2013 man wird gleichsam zum nachahmenswerten Modell.<\/p>\n<p><strong>Ins Homeoffice \u00abgezwungen\u00bb<\/strong><br \/>\nZur Nachahmung empfohlen sind flexible Arbeitsformen, um die Innovationsf\u00e4higkeit zu steigern. Dies war Gegenstand des anschliessenden Vortrags von Marc Holitscher von Microsoft Schweiz. Er stellte fest, dass heutige Organisationsmodelle im Prinzip aus dem Zeitalter von Industrie 2.0 stammen: Es gibt klare Entscheidungswege, alle Mitarbeitenden haben ihre Funktion und wissen im Prinzip, was sie zu tun haben. Doch wie sieht die Organisation 4.0 aus? Diesbez\u00fcglich m\u00fcsse man mehr von \u00abPlattform-Modellen\u00bb ausgehen, von Netzwerken, in denen etwa durch Interaktion zwischen Produzenten und Konsumenten Mehrwert entsteht. Wie das in der Praxis aussehen soll, hat Microsoft Schweiz selbst in einem grossen \u00abFeldversuch\u00bb quasi testen k\u00f6nnen: W\u00e4hrend des Umbaus des Firmenstandorts in Wallisellen wurden s\u00e4mtliche B\u00fcros geschlossen und die Mitarbeitenden arbeiteten im Homeoffice oder von unterwegs. Die Erfahrungen waren durchwegs positiv: Unproduktive Zeiten gingen zur\u00fcck, ebenso die Absenzen. Das Arbeitszeitmodell erwies sich zudem f\u00fcr alleinerziehende M\u00fctter als attraktiv. Insgesamt konnte eine h\u00f6here Mitarbeiterzufriedenheit erzielt werden. Ganz ohne Herausforderungen ging es aber gleichwohl nicht. Marc Holitscher verwies denn auch darauf, dass gerade die Teamarbeit sich als anforderungsreich herausgestellt hat. Voraussetzung, damit ein solches Modell weiterfunktionieren kann, sei vor allem Vertrauen. \u00abEs muss ein Systemwechsel von Regeln zu Werten stattfinden\u00bb, so Holitscher<\/p>\n<p><strong>ISO 9001: mehr Leadership gefragt<\/strong><br \/>\nIn drei Workshops, verteilt auf parallele Sessions, wurde das Tagungsthema \u00abMensch und Systeme\u00bb weiter \u00abverfeinert\u00bb. Peter Pedross (Pedco, Z\u00fcrich) sprach \u00fcber Qualit\u00e4t im agilen Umfeld und stellte die Frage, wie man agile Prozesse in kleine und grosse Organisationen einbauen kann. Er stellte insbesondere das Scaled Agile Framework SAFe vor, das neben Scrum dabei ist, sich in der Industrie zu etablieren. Scrum funktioniert erfahrungsgem\u00e4ss gut in Teams, die ein spezifisches Produkt entwickeln. Wenn es aber um komplexe Projekte geht, welche mehrere Teams involvieren, st\u00f6sst Scrum an Grenzen. SAFe tr\u00e4gt dem Rechnung und skaliert das Ganze deshalb auf Ebenen mit gr\u00f6sserem Portfolio. Eva Jaisli (PB Swiss Tools, Wasen BE) stellte den Einfluss von Strategie ins Zentrum ihrer Ausf\u00fchrungen. Eine ideal formulierte Strategie erlaubt es, alle Verhaltensweisen so zusammenzufassen, damit man daraus Ziele ableiten kann. Dies zeigte sie am Beispiel ihres eigenen Unternehmens mit Verweis auf die revidierte Norm ISO 9001. Hubert Rizzi und Ren\u00e9 Wasmer schliesslich wiesen nochmals auf die Kernelemente dieser Revision hin. Sie richte sich insbesondere an die F\u00fchrung; F\u00fchrung und Leadership sind denn auch in der neuen Fassung stark ausgebaut. Eine Konsequenz daraus bestehe darin, dass diese Punkte bei einem Audit st\u00e4rker hinterfragt werden.<\/p>\n<p><strong>Was MINT-Fachkr\u00e4fte erwarten<\/strong><br \/>\nDen Schluss der Veranstaltung bildete ein Referat, das einen weiteren Effekt der Digitalisierung zum Inhalt hatte: den Fachkr\u00e4ftemangel, besonders bei MINT-Berufen. Prof. Dr. Peter Kels von der Hochschule Luzern gab in seinen Ausf\u00fchrungen den Besuchern einige Hinweise, nach welchen Kriterien Unternehmen ihre MINTFachkr\u00e4fte besser finden und auch behalten k\u00f6nnen. Abwechslungsreiche Aufgaben, flexible Arbeitszeitmodelle, attraktive Entwicklungsm\u00f6glichkeiten in Form von neuen Projekten und durch Fachkarrieren sowie Teamarbeit sind dabei entscheidende Faktoren. Das Gehalt ist zwar ebenfalls wichtig, aber bestenfalls als Hygiene- und nicht als Motivationsfaktor. MINT-Fachkr\u00e4fte wiederum finden ihre Arbeitgeber vor allem durch ihr pers\u00f6nliches Netzwerk, Stellenb\u00f6rsen im Internet, Corporate Websites und durch Hochschulmarketing. \u00dcberraschenderweise spielen Soziale Netzwerke wie Xing oder LinkedIn (noch) keine grosse Rolle, wie der Referent mit Verweis auf eine Studie seines Instituts feststellte.<\/p>\n<p><strong>Ehrung und F\u00f6rderung<\/strong><br \/>\nNeben den Referaten gab es noch zwei weitere Programmpunkte. So wurde Prof. Dr. Hans Dieter Seghezzi f\u00fcr seine Verdienste bei der Entwicklung des Qualit\u00e4tsmanagements und f\u00fcr sein langj\u00e4hriges Engagement beim Aufbau der SAQ und der SQS geehrt. Ihm ist es zu verdanken, dass sich das Qualit\u00e4tsmanagement von einer reinen \u00abKontrollfunktion\u00bb zu einer ganzheitlichen Betrachtung gewandelt hat bis hin zum EFQM-Modell. F\u00fcr ein musikalisches Intermezzo sorgte die junge S\u00e4ngerin Pascale Etter mit ihren Begleitmusikern Yannick Aebischer (Gitarre) und Ghislain Ruprecht (Percussion). Die SAQ setzte damit eine Tradition fort, junge Berufsmenschen \u2013 dieses Mal Musiker \u2013 zu f\u00f6rdern.<\/p>\n","protected":false},"excerpt":{"rendered":"<p>&nbsp; &nbsp; &nbsp; Das Tempo, in welchem die technologischen Entwicklungen verlaufen, stimme nachdenklich, sagte SAQ-Pr\u00e4sident Ruedi Lustenberger in seiner Er\u00f6ffnungsansprache. Gerade mal 250 Jahre seien seit der ersten Industriellen Revolution vergangen und heute spreche man unter dem Schlagwort Industrie 4.0 bereits von der vierten. Gemessen an der gesamten Evolutionsgeschichte des Menschen bedeuten diese zweieinhalb Jahrhunderte [&hellip;]<\/p>\n","protected":false},"author":66,"featured_media":11638,"comment_status":"closed","ping_status":"closed","sticky":false,"template":"","format":"standard","meta":{"_acf_changed":false,"footnotes":""},"categories":[4448],"tags":[4781],"class_list":["post-11635","post","type-post","status-publish","format-standard","has-post-thumbnail","hentry","category-allgemein","tag-06-2016"],"acf":[],"yoast_head":"<!-- This site is optimized with the Yoast SEO plugin v26.2 - https:\/\/yoast.com\/wordpress\/plugins\/seo\/ -->\n<title>Systemwechsel von Regeln zu Werten - MQ Management und Qualit\u00e4t<\/title>\n<meta name=\"description\" content=\"Unter dem Motto \u00abMensch und System\u00bb fand am 10. Mai 2016 im Kursaal Bern der diesj\u00e4hrige Tag der Schweizer Qualit\u00e4t statt, gemeinsam veranstaltet durch die Swiss Association for Quality SAQ und die Schweizerische Vereinigung f\u00fcr Qualit\u00e4ts- und Managementsysteme SQS. Den rund 350 G\u00e4sten bot sich neben Impulsreferaten und fachspezifischen Sessions die Gelegenheit f\u00fcr Erfahrungsaustausch und Networking. Moderiert wurde die Tagung durch die ehemalige Tagesschausprecherin Beatrice M\u00fcller\" \/>\n<meta name=\"robots\" content=\"index, follow, max-snippet:-1, max-image-preview:large, max-video-preview:-1\" \/>\n<link rel=\"canonical\" href=\"https:\/\/www.m-q.ch\/de\/systemwechsel-von-regeln-zu-werten\/\" \/>\n<meta property=\"og:locale\" content=\"de_DE\" \/>\n<meta property=\"og:type\" content=\"article\" \/>\n<meta property=\"og:title\" content=\"Systemwechsel von Regeln zu Werten - MQ Management und Qualit\u00e4t\" \/>\n<meta property=\"og:description\" content=\"Unter dem Motto \u00abMensch und System\u00bb fand am 10. Mai 2016 im Kursaal Bern der diesj\u00e4hrige Tag der Schweizer Qualit\u00e4t statt, gemeinsam veranstaltet durch die Swiss Association for Quality SAQ und die Schweizerische Vereinigung f\u00fcr Qualit\u00e4ts- und Managementsysteme SQS. Den rund 350 G\u00e4sten bot sich neben Impulsreferaten und fachspezifischen Sessions die Gelegenheit f\u00fcr Erfahrungsaustausch und Networking. Moderiert wurde die Tagung durch die ehemalige Tagesschausprecherin Beatrice M\u00fcller\" \/>\n<meta property=\"og:url\" content=\"https:\/\/www.m-q.ch\/de\/systemwechsel-von-regeln-zu-werten\/\" \/>\n<meta property=\"og:site_name\" content=\"MQ Management und Qualit\u00e4t\" \/>\n<meta property=\"article:publisher\" content=\"https:\/\/www.facebook.com\/ManagementUndQualitaet\" \/>\n<meta property=\"article:published_time\" content=\"2016-06-01T00:23:47+00:00\" \/>\n<meta property=\"article:modified_time\" content=\"2021-02-14T01:39:33+00:00\" \/>\n<meta property=\"og:image\" content=\"https:\/\/www.m-q.ch\/wp-content\/uploads\/2021\/02\/Systemwechsel-von-Regeln-zu-Werten.jpg\" \/>\n\t<meta property=\"og:image:width\" content=\"867\" \/>\n\t<meta property=\"og:image:height\" content=\"461\" \/>\n\t<meta property=\"og:image:type\" content=\"image\/jpeg\" \/>\n<meta name=\"author\" content=\"upwork_1\" \/>\n<meta name=\"twitter:card\" content=\"summary_large_image\" \/>\n<meta name=\"twitter:label1\" content=\"Verfasst von\" \/>\n\t<meta name=\"twitter:data1\" content=\"upwork_1\" \/>\n\t<meta name=\"twitter:label2\" content=\"Gesch\u00e4tzte Lesezeit\" \/>\n\t<meta name=\"twitter:data2\" content=\"4\u00a0Minuten\" \/>\n<script type=\"application\/ld+json\" class=\"yoast-schema-graph\">{\"@context\":\"https:\/\/schema.org\",\"@graph\":[{\"@type\":\"Article\",\"@id\":\"https:\/\/www.m-q.ch\/systemwechsel-von-regeln-zu-werten\/#article\",\"isPartOf\":{\"@id\":\"https:\/\/www.m-q.ch\/systemwechsel-von-regeln-zu-werten\/\"},\"author\":{\"name\":\"upwork_1\",\"@id\":\"https:\/\/www.m-q.ch\/fr\/#\/schema\/person\/0bdf39ca27d0b9b779f5b8af54b3f7d7\"},\"headline\":\"Systemwechsel von Regeln zu Werten\",\"datePublished\":\"2016-06-01T00:23:47+00:00\",\"dateModified\":\"2021-02-14T01:39:33+00:00\",\"mainEntityOfPage\":{\"@id\":\"https:\/\/www.m-q.ch\/systemwechsel-von-regeln-zu-werten\/\"},\"wordCount\":887,\"publisher\":{\"@id\":\"https:\/\/www.m-q.ch\/fr\/#organization\"},\"image\":{\"@id\":\"https:\/\/www.m-q.ch\/systemwechsel-von-regeln-zu-werten\/#primaryimage\"},\"thumbnailUrl\":\"https:\/\/www.m-q.ch\/wp-content\/uploads\/2021\/02\/Systemwechsel-von-Regeln-zu-Werten.jpg\",\"keywords\":[\"06\/2016\"],\"inLanguage\":\"de\"},{\"@type\":\"WebPage\",\"@id\":\"https:\/\/www.m-q.ch\/systemwechsel-von-regeln-zu-werten\/\",\"url\":\"https:\/\/www.m-q.ch\/systemwechsel-von-regeln-zu-werten\/\",\"name\":\"Systemwechsel von Regeln zu Werten - MQ Management und Qualit\u00e4t\",\"isPartOf\":{\"@id\":\"https:\/\/www.m-q.ch\/fr\/#website\"},\"primaryImageOfPage\":{\"@id\":\"https:\/\/www.m-q.ch\/systemwechsel-von-regeln-zu-werten\/#primaryimage\"},\"image\":{\"@id\":\"https:\/\/www.m-q.ch\/systemwechsel-von-regeln-zu-werten\/#primaryimage\"},\"thumbnailUrl\":\"https:\/\/www.m-q.ch\/wp-content\/uploads\/2021\/02\/Systemwechsel-von-Regeln-zu-Werten.jpg\",\"datePublished\":\"2016-06-01T00:23:47+00:00\",\"dateModified\":\"2021-02-14T01:39:33+00:00\",\"description\":\"Unter dem Motto \u00abMensch und System\u00bb fand am 10. Mai 2016 im Kursaal Bern der diesj\u00e4hrige Tag der Schweizer Qualit\u00e4t statt, gemeinsam veranstaltet durch die Swiss Association for Quality SAQ und die Schweizerische Vereinigung f\u00fcr Qualit\u00e4ts- und Managementsysteme SQS. Den rund 350 G\u00e4sten bot sich neben Impulsreferaten und fachspezifischen Sessions die Gelegenheit f\u00fcr Erfahrungsaustausch und Networking. Moderiert wurde die Tagung durch die ehemalige Tagesschausprecherin Beatrice M\u00fcller\",\"breadcrumb\":{\"@id\":\"https:\/\/www.m-q.ch\/systemwechsel-von-regeln-zu-werten\/#breadcrumb\"},\"inLanguage\":\"de\",\"potentialAction\":[{\"@type\":\"ReadAction\",\"target\":[\"https:\/\/www.m-q.ch\/systemwechsel-von-regeln-zu-werten\/\"]}]},{\"@type\":\"ImageObject\",\"inLanguage\":\"de\",\"@id\":\"https:\/\/www.m-q.ch\/systemwechsel-von-regeln-zu-werten\/#primaryimage\",\"url\":\"https:\/\/www.m-q.ch\/wp-content\/uploads\/2021\/02\/Systemwechsel-von-Regeln-zu-Werten.jpg\",\"contentUrl\":\"https:\/\/www.m-q.ch\/wp-content\/uploads\/2021\/02\/Systemwechsel-von-Regeln-zu-Werten.jpg\",\"width\":867,\"height\":461,\"caption\":\"Systemwechsel von Regeln zu Werten\"},{\"@type\":\"BreadcrumbList\",\"@id\":\"https:\/\/www.m-q.ch\/systemwechsel-von-regeln-zu-werten\/#breadcrumb\",\"itemListElement\":[{\"@type\":\"ListItem\",\"position\":1,\"name\":\"Allgemein\",\"item\":\"https:\/\/www.m-q.ch\/kategorie\/allgemein\/\"},{\"@type\":\"ListItem\",\"position\":2,\"name\":\"Systemwechsel von Regeln zu Werten\"}]},{\"@type\":\"WebSite\",\"@id\":\"https:\/\/www.m-q.ch\/fr\/#website\",\"url\":\"https:\/\/www.m-q.ch\/fr\/\",\"name\":\"MQ Management und Qualit\u00e4t\",\"description\":\"Plattform f\u00fcr integrierte Managementsysteme.\",\"publisher\":{\"@id\":\"https:\/\/www.m-q.ch\/fr\/#organization\"},\"potentialAction\":[{\"@type\":\"SearchAction\",\"target\":{\"@type\":\"EntryPoint\",\"urlTemplate\":\"https:\/\/www.m-q.ch\/fr\/?s={search_term_string}\"},\"query-input\":{\"@type\":\"PropertyValueSpecification\",\"valueRequired\":true,\"valueName\":\"search_term_string\"}}],\"inLanguage\":\"de\"},{\"@type\":\"Organization\",\"@id\":\"https:\/\/www.m-q.ch\/fr\/#organization\",\"name\":\"Galledia Fachmedien AG\",\"url\":\"https:\/\/www.m-q.ch\/fr\/\",\"logo\":{\"@type\":\"ImageObject\",\"inLanguage\":\"de\",\"@id\":\"https:\/\/www.m-q.ch\/fr\/#\/schema\/logo\/image\/\",\"url\":\"https:\/\/www.m-q.ch\/wp-content\/uploads\/2020\/12\/cropped-logo_small.png\",\"contentUrl\":\"https:\/\/www.m-q.ch\/wp-content\/uploads\/2020\/12\/cropped-logo_small.png\",\"width\":512,\"height\":512,\"caption\":\"Galledia Fachmedien AG\"},\"image\":{\"@id\":\"https:\/\/www.m-q.ch\/fr\/#\/schema\/logo\/image\/\"},\"sameAs\":[\"https:\/\/www.facebook.com\/ManagementUndQualitaet\",\"https:\/\/www.linkedin.com\/showcase\/17982321\/admin\/\"]},{\"@type\":\"Person\",\"@id\":\"https:\/\/www.m-q.ch\/fr\/#\/schema\/person\/0bdf39ca27d0b9b779f5b8af54b3f7d7\",\"name\":\"upwork_1\",\"image\":{\"@type\":\"ImageObject\",\"inLanguage\":\"de\",\"@id\":\"https:\/\/www.m-q.ch\/fr\/#\/schema\/person\/image\/\",\"url\":\"https:\/\/secure.gravatar.com\/avatar\/04d4d0fdc5886d535809f17d0eace7f6?s=96&d=mm&r=g\",\"contentUrl\":\"https:\/\/secure.gravatar.com\/avatar\/04d4d0fdc5886d535809f17d0eace7f6?s=96&d=mm&r=g\",\"caption\":\"upwork_1\"},\"url\":\"https:\/\/www.m-q.ch\/de\/author\/upwork_1\/\"}]}<\/script>\n<!-- \/ Yoast SEO plugin. -->","yoast_head_json":{"title":"Systemwechsel von Regeln zu Werten - MQ Management und Qualit\u00e4t","description":"Unter dem Motto \u00abMensch und System\u00bb fand am 10. Mai 2016 im Kursaal Bern der diesj\u00e4hrige Tag der Schweizer Qualit\u00e4t statt, gemeinsam veranstaltet durch die Swiss Association for Quality SAQ und die Schweizerische Vereinigung f\u00fcr Qualit\u00e4ts- und Managementsysteme SQS. Den rund 350 G\u00e4sten bot sich neben Impulsreferaten und fachspezifischen Sessions die Gelegenheit f\u00fcr Erfahrungsaustausch und Networking. Moderiert wurde die Tagung durch die ehemalige Tagesschausprecherin Beatrice M\u00fcller","robots":{"index":"index","follow":"follow","max-snippet":"max-snippet:-1","max-image-preview":"max-image-preview:large","max-video-preview":"max-video-preview:-1"},"canonical":"https:\/\/www.m-q.ch\/de\/systemwechsel-von-regeln-zu-werten\/","og_locale":"de_DE","og_type":"article","og_title":"Systemwechsel von Regeln zu Werten - MQ Management und Qualit\u00e4t","og_description":"Unter dem Motto \u00abMensch und System\u00bb fand am 10. Mai 2016 im Kursaal Bern der diesj\u00e4hrige Tag der Schweizer Qualit\u00e4t statt, gemeinsam veranstaltet durch die Swiss Association for Quality SAQ und die Schweizerische Vereinigung f\u00fcr Qualit\u00e4ts- und Managementsysteme SQS. Den rund 350 G\u00e4sten bot sich neben Impulsreferaten und fachspezifischen Sessions die Gelegenheit f\u00fcr Erfahrungsaustausch und Networking. Moderiert wurde die Tagung durch die ehemalige Tagesschausprecherin Beatrice M\u00fcller","og_url":"https:\/\/www.m-q.ch\/de\/systemwechsel-von-regeln-zu-werten\/","og_site_name":"MQ Management und Qualit\u00e4t","article_publisher":"https:\/\/www.facebook.com\/ManagementUndQualitaet","article_published_time":"2016-06-01T00:23:47+00:00","article_modified_time":"2021-02-14T01:39:33+00:00","og_image":[{"width":867,"height":461,"url":"https:\/\/www.m-q.ch\/wp-content\/uploads\/2021\/02\/Systemwechsel-von-Regeln-zu-Werten.jpg","type":"image\/jpeg"}],"author":"upwork_1","twitter_card":"summary_large_image","twitter_misc":{"Verfasst von":"upwork_1","Gesch\u00e4tzte Lesezeit":"4\u00a0Minuten"},"schema":{"@context":"https:\/\/schema.org","@graph":[{"@type":"Article","@id":"https:\/\/www.m-q.ch\/systemwechsel-von-regeln-zu-werten\/#article","isPartOf":{"@id":"https:\/\/www.m-q.ch\/systemwechsel-von-regeln-zu-werten\/"},"author":{"name":"upwork_1","@id":"https:\/\/www.m-q.ch\/fr\/#\/schema\/person\/0bdf39ca27d0b9b779f5b8af54b3f7d7"},"headline":"Systemwechsel von Regeln zu Werten","datePublished":"2016-06-01T00:23:47+00:00","dateModified":"2021-02-14T01:39:33+00:00","mainEntityOfPage":{"@id":"https:\/\/www.m-q.ch\/systemwechsel-von-regeln-zu-werten\/"},"wordCount":887,"publisher":{"@id":"https:\/\/www.m-q.ch\/fr\/#organization"},"image":{"@id":"https:\/\/www.m-q.ch\/systemwechsel-von-regeln-zu-werten\/#primaryimage"},"thumbnailUrl":"https:\/\/www.m-q.ch\/wp-content\/uploads\/2021\/02\/Systemwechsel-von-Regeln-zu-Werten.jpg","keywords":["06\/2016"],"inLanguage":"de"},{"@type":"WebPage","@id":"https:\/\/www.m-q.ch\/systemwechsel-von-regeln-zu-werten\/","url":"https:\/\/www.m-q.ch\/systemwechsel-von-regeln-zu-werten\/","name":"Systemwechsel von Regeln zu Werten - MQ Management und Qualit\u00e4t","isPartOf":{"@id":"https:\/\/www.m-q.ch\/fr\/#website"},"primaryImageOfPage":{"@id":"https:\/\/www.m-q.ch\/systemwechsel-von-regeln-zu-werten\/#primaryimage"},"image":{"@id":"https:\/\/www.m-q.ch\/systemwechsel-von-regeln-zu-werten\/#primaryimage"},"thumbnailUrl":"https:\/\/www.m-q.ch\/wp-content\/uploads\/2021\/02\/Systemwechsel-von-Regeln-zu-Werten.jpg","datePublished":"2016-06-01T00:23:47+00:00","dateModified":"2021-02-14T01:39:33+00:00","description":"Unter dem Motto \u00abMensch und System\u00bb fand am 10. Mai 2016 im Kursaal Bern der diesj\u00e4hrige Tag der Schweizer Qualit\u00e4t statt, gemeinsam veranstaltet durch die Swiss Association for Quality SAQ und die Schweizerische Vereinigung f\u00fcr Qualit\u00e4ts- und Managementsysteme SQS. Den rund 350 G\u00e4sten bot sich neben Impulsreferaten und fachspezifischen Sessions die Gelegenheit f\u00fcr Erfahrungsaustausch und Networking. Moderiert wurde die Tagung durch die ehemalige Tagesschausprecherin Beatrice M\u00fcller","breadcrumb":{"@id":"https:\/\/www.m-q.ch\/systemwechsel-von-regeln-zu-werten\/#breadcrumb"},"inLanguage":"de","potentialAction":[{"@type":"ReadAction","target":["https:\/\/www.m-q.ch\/systemwechsel-von-regeln-zu-werten\/"]}]},{"@type":"ImageObject","inLanguage":"de","@id":"https:\/\/www.m-q.ch\/systemwechsel-von-regeln-zu-werten\/#primaryimage","url":"https:\/\/www.m-q.ch\/wp-content\/uploads\/2021\/02\/Systemwechsel-von-Regeln-zu-Werten.jpg","contentUrl":"https:\/\/www.m-q.ch\/wp-content\/uploads\/2021\/02\/Systemwechsel-von-Regeln-zu-Werten.jpg","width":867,"height":461,"caption":"Systemwechsel von Regeln zu Werten"},{"@type":"BreadcrumbList","@id":"https:\/\/www.m-q.ch\/systemwechsel-von-regeln-zu-werten\/#breadcrumb","itemListElement":[{"@type":"ListItem","position":1,"name":"Allgemein","item":"https:\/\/www.m-q.ch\/kategorie\/allgemein\/"},{"@type":"ListItem","position":2,"name":"Systemwechsel von Regeln zu Werten"}]},{"@type":"WebSite","@id":"https:\/\/www.m-q.ch\/fr\/#website","url":"https:\/\/www.m-q.ch\/fr\/","name":"MQ Management und Qualit\u00e4t","description":"Plattform f\u00fcr integrierte Managementsysteme.","publisher":{"@id":"https:\/\/www.m-q.ch\/fr\/#organization"},"potentialAction":[{"@type":"SearchAction","target":{"@type":"EntryPoint","urlTemplate":"https:\/\/www.m-q.ch\/fr\/?s={search_term_string}"},"query-input":{"@type":"PropertyValueSpecification","valueRequired":true,"valueName":"search_term_string"}}],"inLanguage":"de"},{"@type":"Organization","@id":"https:\/\/www.m-q.ch\/fr\/#organization","name":"Galledia Fachmedien AG","url":"https:\/\/www.m-q.ch\/fr\/","logo":{"@type":"ImageObject","inLanguage":"de","@id":"https:\/\/www.m-q.ch\/fr\/#\/schema\/logo\/image\/","url":"https:\/\/www.m-q.ch\/wp-content\/uploads\/2020\/12\/cropped-logo_small.png","contentUrl":"https:\/\/www.m-q.ch\/wp-content\/uploads\/2020\/12\/cropped-logo_small.png","width":512,"height":512,"caption":"Galledia Fachmedien AG"},"image":{"@id":"https:\/\/www.m-q.ch\/fr\/#\/schema\/logo\/image\/"},"sameAs":["https:\/\/www.facebook.com\/ManagementUndQualitaet","https:\/\/www.linkedin.com\/showcase\/17982321\/admin\/"]},{"@type":"Person","@id":"https:\/\/www.m-q.ch\/fr\/#\/schema\/person\/0bdf39ca27d0b9b779f5b8af54b3f7d7","name":"upwork_1","image":{"@type":"ImageObject","inLanguage":"de","@id":"https:\/\/www.m-q.ch\/fr\/#\/schema\/person\/image\/","url":"https:\/\/secure.gravatar.com\/avatar\/04d4d0fdc5886d535809f17d0eace7f6?s=96&d=mm&r=g","contentUrl":"https:\/\/secure.gravatar.com\/avatar\/04d4d0fdc5886d535809f17d0eace7f6?s=96&d=mm&r=g","caption":"upwork_1"},"url":"https:\/\/www.m-q.ch\/de\/author\/upwork_1\/"}]}},"_links":{"self":[{"href":"https:\/\/www.m-q.ch\/de\/wp-json\/wp\/v2\/posts\/11635","targetHints":{"allow":["GET"]}}],"collection":[{"href":"https:\/\/www.m-q.ch\/de\/wp-json\/wp\/v2\/posts"}],"about":[{"href":"https:\/\/www.m-q.ch\/de\/wp-json\/wp\/v2\/types\/post"}],"author":[{"embeddable":true,"href":"https:\/\/www.m-q.ch\/de\/wp-json\/wp\/v2\/users\/66"}],"replies":[{"embeddable":true,"href":"https:\/\/www.m-q.ch\/de\/wp-json\/wp\/v2\/comments?post=11635"}],"version-history":[{"count":1,"href":"https:\/\/www.m-q.ch\/de\/wp-json\/wp\/v2\/posts\/11635\/revisions"}],"predecessor-version":[{"id":11640,"href":"https:\/\/www.m-q.ch\/de\/wp-json\/wp\/v2\/posts\/11635\/revisions\/11640"}],"wp:featuredmedia":[{"embeddable":true,"href":"https:\/\/www.m-q.ch\/de\/wp-json\/wp\/v2\/media\/11638"}],"wp:attachment":[{"href":"https:\/\/www.m-q.ch\/de\/wp-json\/wp\/v2\/media?parent=11635"}],"wp:term":[{"taxonomy":"category","embeddable":true,"href":"https:\/\/www.m-q.ch\/de\/wp-json\/wp\/v2\/categories?post=11635"},{"taxonomy":"post_tag","embeddable":true,"href":"https:\/\/www.m-q.ch\/de\/wp-json\/wp\/v2\/tags?post=11635"}],"curies":[{"name":"wp","href":"https:\/\/api.w.org\/{rel}","templated":true}]}}