{"id":11641,"date":"2016-06-03T02:40:53","date_gmt":"2016-06-03T00:40:53","guid":{"rendered":"https:\/\/www.m-q.ch\/?p=11641"},"modified":"2021-02-14T02:47:49","modified_gmt":"2021-02-14T01:47:49","slug":"weleda-gewinnt-den-swiss-ethics-award","status":"publish","type":"post","link":"https:\/\/www.m-q.ch\/de\/weleda-gewinnt-den-swiss-ethics-award\/","title":{"rendered":"Weleda gewinnt den Swiss Ethics Award"},"content":{"rendered":"<p><img loading=\"lazy\" decoding=\"async\" class=\"alignnone size-full wp-image-11644\" src=\"https:\/\/www.m-q.ch\/wp-content\/uploads\/2021\/02\/Systemwechsel-von-Regeln-zu-Werten-1.jpg\" alt=\"Weleda gewinnt den Swiss Ethics Award\" width=\"881\" height=\"611\" srcset=\"https:\/\/www.m-q.ch\/wp-content\/uploads\/2021\/02\/Systemwechsel-von-Regeln-zu-Werten-1.jpg 881w, https:\/\/www.m-q.ch\/wp-content\/uploads\/2021\/02\/Systemwechsel-von-Regeln-zu-Werten-1-768x533.jpg 768w, https:\/\/www.m-q.ch\/wp-content\/uploads\/2021\/02\/Systemwechsel-von-Regeln-zu-Werten-1-16x12.jpg 16w, https:\/\/www.m-q.ch\/wp-content\/uploads\/2021\/02\/Systemwechsel-von-Regeln-zu-Werten-1-252x175.jpg 252w, https:\/\/www.m-q.ch\/wp-content\/uploads\/2021\/02\/Systemwechsel-von-Regeln-zu-Werten-1-505x350.jpg 505w, https:\/\/www.m-q.ch\/wp-content\/uploads\/2021\/02\/Systemwechsel-von-Regeln-zu-Werten-1-300x208.jpg 300w\" sizes=\"auto, (max-width: 881px) 100vw, 881px\" \/><\/p>\n<p>&nbsp;<\/p>\n<p>&nbsp;<\/p>\n<p>&nbsp;<\/p>\n<p><em><strong>A<\/strong><\/em>n der Schweizer Unternehmungstagung verleiht das Swiss Excellence Forum alle zwei Jahre den Swiss Ethics Award. Der Preis geht an Projekte, die im Bereich der Wirtschaft neue ethische Massst\u00e4be setzen<\/p>\n<p>&nbsp;<\/p>\n<p>Die diesj\u00e4hrige Gewinnerin Weleda stellt den Respekt vor dem Menschen und der Natur ins Zentrum des unternehmerischen Handelns. Um soziale und \u00f6kologische Kriterien bei der Beschaffung von Rohstoffen ging es denn auch beim Gewinnerprojekt der Naturkosmetik- und Arzneimittelherstellerin. Fairer Handel und der Erhalt der Biodiversit\u00e4t sind dabei das Ziel. Das Unternehmen ist seit 2011 Mitglied bei der Nonprofit-Organisation Union of Ethical Biotrade (UEBT) und setzt deren komplexe Standards um \u2013 als einziges Unternehmen in der Schweiz. Die Mitgliedschaft verpflichtet, ein Biodiversit\u00e4ts-Managementssystem zu realisieren. Dieses hat nicht nur die Erhaltung der Biodiversit\u00e4t zum Ziel, sondern geht viel weiter: So m\u00fcssen die Gewinne entlang der Lieferkette fair geteilt werden, die sozio\u00f6konomische Nachhaltigkeit gew\u00e4hrleistet, Regulatorien eingehalten und die involvierten Personen respektiert werden<\/p>\n<p>&nbsp;<\/p>\n<p>F\u00fcr so viel Engagement, so die Jury aus Ethikern sowie Vertretern aus Wirtschaft, Wissenschaft, Theologie und Politik, verdient Weleda die Auszeichnung. Die Gradlinigkeit und Konsequenz, mit der Weleda ihre Verantwortung gegen\u00fcber Mensch und Umwelt wahrnimmt, und ihr Mut, sich dabei auch auf potenziell kontroverse und ergebnisoffene Lernprozesse einzulassen, wird von der Jury als herausragende Leistung ausgezeichnet und gew\u00fcrdigt. Die Idee zur wegweisenden Strategie des Unternehmens kam \u00fcbrigens nicht aus der Chefetage \u2013 Anstoss dazu gab der Einkauf.<\/p>\n<p><strong>Internationale Kooperationen<\/strong><br \/>\nWeleda wurde 1921 von Rudolf Steiner, dem geistigen Vater der Anthroposophie, gegr\u00fcndet. Das Unternehmen schrieb sich Nachhaltigkeit von Anfang an auf die Fahne. W\u00e4hrend viele der verwendeten Rohstoffe im firmeneigenen Heilpflanzengarten angepflanzt und in Kooperation mit regionalen Erzeugern bezogen werden, stammen doch ein grosser Teil der Inhaltsstoffe von weltweiten Partnern. Weleda legt Wert darauf, langfristige Kooperationen aufzubauen. So bezieht sie etwa ihr Bio-Sesam\u00f6l, Bestandteil vieler Kosmetikprodukte, vom mexikanischen Familienunternehmen \u00abSesajal\u00bb. Dieses besch\u00e4ftigt \u00fcber 200 lokale Bauern, die f\u00fcr ihren biologisch produzierten Sesam ein \u00fcberdurchschnittliches Einkommen erhalten. Die geernteten Sesamsamen werden direkt in der betriebseigenen \u00d6lm\u00fchle verarbeitet, um den Zwischenhandel, der Abh\u00e4ngigkeiten schaffen kann, auszuschalten.<\/p>\n<p>&nbsp;<\/p>\n<p>Die Jasminbl\u00fcten, deren Essenz als Duftstoff in verschiedenen Naturkosmetikprodukten eingesetzt wird, stammen aus Tamil Nadu im S\u00fcden Indiens. Der Lieferant ist die einzige Farm Indiens, die Jasminpflanzen \u00f6kologisch anbaut, wie Weleda betont. Die empfindlichen Bl\u00fcten werden von lokalen Arbeiterinnen und Arbeitern von Hand gepfl\u00fcckt, die f\u00fcr ihre Arbeit w\u00f6chentlich fair entlohnt werden. Mehrmals t\u00e4glich werden die Bl\u00fcten in die rund 14 Kilometer entfernte Distillerie gebracht, wo die Jasminessenz als Paste oder Fl\u00fcssigkeit gewonnen wird. F\u00fcr 125 Gramm der Fl\u00fcssigkeit sind 100 Kilogramm Bl\u00fcten n\u00f6tig<\/p>\n","protected":false},"excerpt":{"rendered":"<p>&nbsp; &nbsp; &nbsp; An der Schweizer Unternehmungstagung verleiht das Swiss Excellence Forum alle zwei Jahre den Swiss Ethics Award. Der Preis geht an Projekte, die im Bereich der Wirtschaft neue ethische Massst\u00e4be setzen &nbsp; Die diesj\u00e4hrige Gewinnerin Weleda stellt den Respekt vor dem Menschen und der Natur ins Zentrum des unternehmerischen Handelns. Um soziale und [&hellip;]<\/p>\n","protected":false},"author":66,"featured_media":11644,"comment_status":"closed","ping_status":"closed","sticky":false,"template":"","format":"standard","meta":{"_acf_changed":false,"footnotes":""},"categories":[4448],"tags":[4781],"class_list":["post-11641","post","type-post","status-publish","format-standard","has-post-thumbnail","hentry","category-allgemein","tag-06-2016"],"acf":[],"yoast_head":"<!-- This site is optimized with the Yoast SEO plugin v26.2 - https:\/\/yoast.com\/wordpress\/plugins\/seo\/ -->\n<title>Weleda gewinnt den Swiss Ethics Award - MQ Management und Qualit\u00e4t<\/title>\n<meta name=\"description\" content=\"\u00dcber 600 Rohstoffe \u00f6kologisch und sozial nachhaltig beschaffen \u2013 dieses ehrgeizige Ziel hat das Naturkosmetik- und Arzneimittelunternehmen Weleda AG erreicht. Daf\u00fcr wurde es an der Schweizer Unternehmungstagung im KKL Luzern mit dem Swiss Ethics Award belohnt.\" \/>\n<meta name=\"robots\" content=\"index, follow, max-snippet:-1, max-image-preview:large, max-video-preview:-1\" \/>\n<link rel=\"canonical\" href=\"https:\/\/www.m-q.ch\/de\/weleda-gewinnt-den-swiss-ethics-award\/\" \/>\n<meta property=\"og:locale\" content=\"de_DE\" \/>\n<meta property=\"og:type\" content=\"article\" \/>\n<meta property=\"og:title\" content=\"Weleda gewinnt den Swiss Ethics Award - MQ Management und Qualit\u00e4t\" \/>\n<meta property=\"og:description\" content=\"\u00dcber 600 Rohstoffe \u00f6kologisch und sozial nachhaltig beschaffen \u2013 dieses ehrgeizige Ziel hat das Naturkosmetik- und Arzneimittelunternehmen Weleda AG erreicht. Daf\u00fcr wurde es an der Schweizer Unternehmungstagung im KKL Luzern mit dem Swiss Ethics Award belohnt.\" \/>\n<meta property=\"og:url\" content=\"https:\/\/www.m-q.ch\/de\/weleda-gewinnt-den-swiss-ethics-award\/\" \/>\n<meta property=\"og:site_name\" content=\"MQ Management und Qualit\u00e4t\" \/>\n<meta property=\"article:publisher\" content=\"https:\/\/www.facebook.com\/ManagementUndQualitaet\" \/>\n<meta property=\"article:published_time\" content=\"2016-06-03T00:40:53+00:00\" \/>\n<meta property=\"article:modified_time\" content=\"2021-02-14T01:47:49+00:00\" \/>\n<meta property=\"og:image\" content=\"https:\/\/www.m-q.ch\/wp-content\/uploads\/2021\/02\/Systemwechsel-von-Regeln-zu-Werten-1.jpg\" \/>\n\t<meta property=\"og:image:width\" content=\"881\" \/>\n\t<meta property=\"og:image:height\" content=\"611\" \/>\n\t<meta property=\"og:image:type\" content=\"image\/jpeg\" \/>\n<meta name=\"author\" content=\"upwork_1\" \/>\n<meta name=\"twitter:card\" content=\"summary_large_image\" \/>\n<meta name=\"twitter:label1\" content=\"Verfasst von\" \/>\n\t<meta name=\"twitter:data1\" content=\"upwork_1\" \/>\n\t<meta name=\"twitter:label2\" content=\"Gesch\u00e4tzte Lesezeit\" \/>\n\t<meta name=\"twitter:data2\" content=\"2\u00a0Minuten\" \/>\n<script type=\"application\/ld+json\" class=\"yoast-schema-graph\">{\"@context\":\"https:\/\/schema.org\",\"@graph\":[{\"@type\":\"Article\",\"@id\":\"https:\/\/www.m-q.ch\/weleda-gewinnt-den-swiss-ethics-award\/#article\",\"isPartOf\":{\"@id\":\"https:\/\/www.m-q.ch\/weleda-gewinnt-den-swiss-ethics-award\/\"},\"author\":{\"name\":\"upwork_1\",\"@id\":\"https:\/\/www.m-q.ch\/fr\/#\/schema\/person\/0bdf39ca27d0b9b779f5b8af54b3f7d7\"},\"headline\":\"Weleda gewinnt den Swiss Ethics Award\",\"datePublished\":\"2016-06-03T00:40:53+00:00\",\"dateModified\":\"2021-02-14T01:47:49+00:00\",\"mainEntityOfPage\":{\"@id\":\"https:\/\/www.m-q.ch\/weleda-gewinnt-den-swiss-ethics-award\/\"},\"wordCount\":452,\"publisher\":{\"@id\":\"https:\/\/www.m-q.ch\/fr\/#organization\"},\"image\":{\"@id\":\"https:\/\/www.m-q.ch\/weleda-gewinnt-den-swiss-ethics-award\/#primaryimage\"},\"thumbnailUrl\":\"https:\/\/www.m-q.ch\/wp-content\/uploads\/2021\/02\/Systemwechsel-von-Regeln-zu-Werten-1.jpg\",\"keywords\":[\"06\/2016\"],\"inLanguage\":\"de\"},{\"@type\":\"WebPage\",\"@id\":\"https:\/\/www.m-q.ch\/weleda-gewinnt-den-swiss-ethics-award\/\",\"url\":\"https:\/\/www.m-q.ch\/weleda-gewinnt-den-swiss-ethics-award\/\",\"name\":\"Weleda gewinnt den Swiss Ethics Award - MQ Management und Qualit\u00e4t\",\"isPartOf\":{\"@id\":\"https:\/\/www.m-q.ch\/fr\/#website\"},\"primaryImageOfPage\":{\"@id\":\"https:\/\/www.m-q.ch\/weleda-gewinnt-den-swiss-ethics-award\/#primaryimage\"},\"image\":{\"@id\":\"https:\/\/www.m-q.ch\/weleda-gewinnt-den-swiss-ethics-award\/#primaryimage\"},\"thumbnailUrl\":\"https:\/\/www.m-q.ch\/wp-content\/uploads\/2021\/02\/Systemwechsel-von-Regeln-zu-Werten-1.jpg\",\"datePublished\":\"2016-06-03T00:40:53+00:00\",\"dateModified\":\"2021-02-14T01:47:49+00:00\",\"description\":\"\u00dcber 600 Rohstoffe \u00f6kologisch und sozial nachhaltig beschaffen \u2013 dieses ehrgeizige Ziel hat das Naturkosmetik- und Arzneimittelunternehmen Weleda AG erreicht. Daf\u00fcr wurde es an der Schweizer Unternehmungstagung im KKL Luzern mit dem Swiss Ethics Award belohnt.\",\"breadcrumb\":{\"@id\":\"https:\/\/www.m-q.ch\/weleda-gewinnt-den-swiss-ethics-award\/#breadcrumb\"},\"inLanguage\":\"de\",\"potentialAction\":[{\"@type\":\"ReadAction\",\"target\":[\"https:\/\/www.m-q.ch\/weleda-gewinnt-den-swiss-ethics-award\/\"]}]},{\"@type\":\"ImageObject\",\"inLanguage\":\"de\",\"@id\":\"https:\/\/www.m-q.ch\/weleda-gewinnt-den-swiss-ethics-award\/#primaryimage\",\"url\":\"https:\/\/www.m-q.ch\/wp-content\/uploads\/2021\/02\/Systemwechsel-von-Regeln-zu-Werten-1.jpg\",\"contentUrl\":\"https:\/\/www.m-q.ch\/wp-content\/uploads\/2021\/02\/Systemwechsel-von-Regeln-zu-Werten-1.jpg\",\"width\":881,\"height\":611,\"caption\":\"Weleda gewinnt den Swiss Ethics Award\"},{\"@type\":\"BreadcrumbList\",\"@id\":\"https:\/\/www.m-q.ch\/weleda-gewinnt-den-swiss-ethics-award\/#breadcrumb\",\"itemListElement\":[{\"@type\":\"ListItem\",\"position\":1,\"name\":\"Allgemein\",\"item\":\"https:\/\/www.m-q.ch\/kategorie\/allgemein\/\"},{\"@type\":\"ListItem\",\"position\":2,\"name\":\"Weleda gewinnt den Swiss Ethics Award\"}]},{\"@type\":\"WebSite\",\"@id\":\"https:\/\/www.m-q.ch\/fr\/#website\",\"url\":\"https:\/\/www.m-q.ch\/fr\/\",\"name\":\"MQ Management und Qualit\u00e4t\",\"description\":\"Plattform f\u00fcr integrierte Managementsysteme.\",\"publisher\":{\"@id\":\"https:\/\/www.m-q.ch\/fr\/#organization\"},\"potentialAction\":[{\"@type\":\"SearchAction\",\"target\":{\"@type\":\"EntryPoint\",\"urlTemplate\":\"https:\/\/www.m-q.ch\/fr\/?s={search_term_string}\"},\"query-input\":{\"@type\":\"PropertyValueSpecification\",\"valueRequired\":true,\"valueName\":\"search_term_string\"}}],\"inLanguage\":\"de\"},{\"@type\":\"Organization\",\"@id\":\"https:\/\/www.m-q.ch\/fr\/#organization\",\"name\":\"Galledia Fachmedien AG\",\"url\":\"https:\/\/www.m-q.ch\/fr\/\",\"logo\":{\"@type\":\"ImageObject\",\"inLanguage\":\"de\",\"@id\":\"https:\/\/www.m-q.ch\/fr\/#\/schema\/logo\/image\/\",\"url\":\"https:\/\/www.m-q.ch\/wp-content\/uploads\/2020\/12\/cropped-logo_small.png\",\"contentUrl\":\"https:\/\/www.m-q.ch\/wp-content\/uploads\/2020\/12\/cropped-logo_small.png\",\"width\":512,\"height\":512,\"caption\":\"Galledia Fachmedien AG\"},\"image\":{\"@id\":\"https:\/\/www.m-q.ch\/fr\/#\/schema\/logo\/image\/\"},\"sameAs\":[\"https:\/\/www.facebook.com\/ManagementUndQualitaet\",\"https:\/\/www.linkedin.com\/showcase\/17982321\/admin\/\"]},{\"@type\":\"Person\",\"@id\":\"https:\/\/www.m-q.ch\/fr\/#\/schema\/person\/0bdf39ca27d0b9b779f5b8af54b3f7d7\",\"name\":\"upwork_1\",\"image\":{\"@type\":\"ImageObject\",\"inLanguage\":\"de\",\"@id\":\"https:\/\/www.m-q.ch\/fr\/#\/schema\/person\/image\/\",\"url\":\"https:\/\/secure.gravatar.com\/avatar\/04d4d0fdc5886d535809f17d0eace7f6?s=96&d=mm&r=g\",\"contentUrl\":\"https:\/\/secure.gravatar.com\/avatar\/04d4d0fdc5886d535809f17d0eace7f6?s=96&d=mm&r=g\",\"caption\":\"upwork_1\"},\"url\":\"https:\/\/www.m-q.ch\/de\/author\/upwork_1\/\"}]}<\/script>\n<!-- \/ Yoast SEO plugin. -->","yoast_head_json":{"title":"Weleda gewinnt den Swiss Ethics Award - MQ Management und Qualit\u00e4t","description":"\u00dcber 600 Rohstoffe \u00f6kologisch und sozial nachhaltig beschaffen \u2013 dieses ehrgeizige Ziel hat das Naturkosmetik- und Arzneimittelunternehmen Weleda AG erreicht. Daf\u00fcr wurde es an der Schweizer Unternehmungstagung im KKL Luzern mit dem Swiss Ethics Award belohnt.","robots":{"index":"index","follow":"follow","max-snippet":"max-snippet:-1","max-image-preview":"max-image-preview:large","max-video-preview":"max-video-preview:-1"},"canonical":"https:\/\/www.m-q.ch\/de\/weleda-gewinnt-den-swiss-ethics-award\/","og_locale":"de_DE","og_type":"article","og_title":"Weleda gewinnt den Swiss Ethics Award - MQ Management und Qualit\u00e4t","og_description":"\u00dcber 600 Rohstoffe \u00f6kologisch und sozial nachhaltig beschaffen \u2013 dieses ehrgeizige Ziel hat das Naturkosmetik- und Arzneimittelunternehmen Weleda AG erreicht. Daf\u00fcr wurde es an der Schweizer Unternehmungstagung im KKL Luzern mit dem Swiss Ethics Award belohnt.","og_url":"https:\/\/www.m-q.ch\/de\/weleda-gewinnt-den-swiss-ethics-award\/","og_site_name":"MQ Management und Qualit\u00e4t","article_publisher":"https:\/\/www.facebook.com\/ManagementUndQualitaet","article_published_time":"2016-06-03T00:40:53+00:00","article_modified_time":"2021-02-14T01:47:49+00:00","og_image":[{"width":881,"height":611,"url":"https:\/\/www.m-q.ch\/wp-content\/uploads\/2021\/02\/Systemwechsel-von-Regeln-zu-Werten-1.jpg","type":"image\/jpeg"}],"author":"upwork_1","twitter_card":"summary_large_image","twitter_misc":{"Verfasst von":"upwork_1","Gesch\u00e4tzte Lesezeit":"2\u00a0Minuten"},"schema":{"@context":"https:\/\/schema.org","@graph":[{"@type":"Article","@id":"https:\/\/www.m-q.ch\/weleda-gewinnt-den-swiss-ethics-award\/#article","isPartOf":{"@id":"https:\/\/www.m-q.ch\/weleda-gewinnt-den-swiss-ethics-award\/"},"author":{"name":"upwork_1","@id":"https:\/\/www.m-q.ch\/fr\/#\/schema\/person\/0bdf39ca27d0b9b779f5b8af54b3f7d7"},"headline":"Weleda gewinnt den Swiss Ethics Award","datePublished":"2016-06-03T00:40:53+00:00","dateModified":"2021-02-14T01:47:49+00:00","mainEntityOfPage":{"@id":"https:\/\/www.m-q.ch\/weleda-gewinnt-den-swiss-ethics-award\/"},"wordCount":452,"publisher":{"@id":"https:\/\/www.m-q.ch\/fr\/#organization"},"image":{"@id":"https:\/\/www.m-q.ch\/weleda-gewinnt-den-swiss-ethics-award\/#primaryimage"},"thumbnailUrl":"https:\/\/www.m-q.ch\/wp-content\/uploads\/2021\/02\/Systemwechsel-von-Regeln-zu-Werten-1.jpg","keywords":["06\/2016"],"inLanguage":"de"},{"@type":"WebPage","@id":"https:\/\/www.m-q.ch\/weleda-gewinnt-den-swiss-ethics-award\/","url":"https:\/\/www.m-q.ch\/weleda-gewinnt-den-swiss-ethics-award\/","name":"Weleda gewinnt den Swiss Ethics Award - MQ Management und Qualit\u00e4t","isPartOf":{"@id":"https:\/\/www.m-q.ch\/fr\/#website"},"primaryImageOfPage":{"@id":"https:\/\/www.m-q.ch\/weleda-gewinnt-den-swiss-ethics-award\/#primaryimage"},"image":{"@id":"https:\/\/www.m-q.ch\/weleda-gewinnt-den-swiss-ethics-award\/#primaryimage"},"thumbnailUrl":"https:\/\/www.m-q.ch\/wp-content\/uploads\/2021\/02\/Systemwechsel-von-Regeln-zu-Werten-1.jpg","datePublished":"2016-06-03T00:40:53+00:00","dateModified":"2021-02-14T01:47:49+00:00","description":"\u00dcber 600 Rohstoffe \u00f6kologisch und sozial nachhaltig beschaffen \u2013 dieses ehrgeizige Ziel hat das Naturkosmetik- und Arzneimittelunternehmen Weleda AG erreicht. Daf\u00fcr wurde es an der Schweizer Unternehmungstagung im KKL Luzern mit dem Swiss Ethics Award belohnt.","breadcrumb":{"@id":"https:\/\/www.m-q.ch\/weleda-gewinnt-den-swiss-ethics-award\/#breadcrumb"},"inLanguage":"de","potentialAction":[{"@type":"ReadAction","target":["https:\/\/www.m-q.ch\/weleda-gewinnt-den-swiss-ethics-award\/"]}]},{"@type":"ImageObject","inLanguage":"de","@id":"https:\/\/www.m-q.ch\/weleda-gewinnt-den-swiss-ethics-award\/#primaryimage","url":"https:\/\/www.m-q.ch\/wp-content\/uploads\/2021\/02\/Systemwechsel-von-Regeln-zu-Werten-1.jpg","contentUrl":"https:\/\/www.m-q.ch\/wp-content\/uploads\/2021\/02\/Systemwechsel-von-Regeln-zu-Werten-1.jpg","width":881,"height":611,"caption":"Weleda gewinnt den Swiss Ethics Award"},{"@type":"BreadcrumbList","@id":"https:\/\/www.m-q.ch\/weleda-gewinnt-den-swiss-ethics-award\/#breadcrumb","itemListElement":[{"@type":"ListItem","position":1,"name":"Allgemein","item":"https:\/\/www.m-q.ch\/kategorie\/allgemein\/"},{"@type":"ListItem","position":2,"name":"Weleda gewinnt den Swiss Ethics Award"}]},{"@type":"WebSite","@id":"https:\/\/www.m-q.ch\/fr\/#website","url":"https:\/\/www.m-q.ch\/fr\/","name":"MQ Management und Qualit\u00e4t","description":"Plattform f\u00fcr integrierte Managementsysteme.","publisher":{"@id":"https:\/\/www.m-q.ch\/fr\/#organization"},"potentialAction":[{"@type":"SearchAction","target":{"@type":"EntryPoint","urlTemplate":"https:\/\/www.m-q.ch\/fr\/?s={search_term_string}"},"query-input":{"@type":"PropertyValueSpecification","valueRequired":true,"valueName":"search_term_string"}}],"inLanguage":"de"},{"@type":"Organization","@id":"https:\/\/www.m-q.ch\/fr\/#organization","name":"Galledia Fachmedien AG","url":"https:\/\/www.m-q.ch\/fr\/","logo":{"@type":"ImageObject","inLanguage":"de","@id":"https:\/\/www.m-q.ch\/fr\/#\/schema\/logo\/image\/","url":"https:\/\/www.m-q.ch\/wp-content\/uploads\/2020\/12\/cropped-logo_small.png","contentUrl":"https:\/\/www.m-q.ch\/wp-content\/uploads\/2020\/12\/cropped-logo_small.png","width":512,"height":512,"caption":"Galledia Fachmedien AG"},"image":{"@id":"https:\/\/www.m-q.ch\/fr\/#\/schema\/logo\/image\/"},"sameAs":["https:\/\/www.facebook.com\/ManagementUndQualitaet","https:\/\/www.linkedin.com\/showcase\/17982321\/admin\/"]},{"@type":"Person","@id":"https:\/\/www.m-q.ch\/fr\/#\/schema\/person\/0bdf39ca27d0b9b779f5b8af54b3f7d7","name":"upwork_1","image":{"@type":"ImageObject","inLanguage":"de","@id":"https:\/\/www.m-q.ch\/fr\/#\/schema\/person\/image\/","url":"https:\/\/secure.gravatar.com\/avatar\/04d4d0fdc5886d535809f17d0eace7f6?s=96&d=mm&r=g","contentUrl":"https:\/\/secure.gravatar.com\/avatar\/04d4d0fdc5886d535809f17d0eace7f6?s=96&d=mm&r=g","caption":"upwork_1"},"url":"https:\/\/www.m-q.ch\/de\/author\/upwork_1\/"}]}},"_links":{"self":[{"href":"https:\/\/www.m-q.ch\/de\/wp-json\/wp\/v2\/posts\/11641","targetHints":{"allow":["GET"]}}],"collection":[{"href":"https:\/\/www.m-q.ch\/de\/wp-json\/wp\/v2\/posts"}],"about":[{"href":"https:\/\/www.m-q.ch\/de\/wp-json\/wp\/v2\/types\/post"}],"author":[{"embeddable":true,"href":"https:\/\/www.m-q.ch\/de\/wp-json\/wp\/v2\/users\/66"}],"replies":[{"embeddable":true,"href":"https:\/\/www.m-q.ch\/de\/wp-json\/wp\/v2\/comments?post=11641"}],"version-history":[{"count":1,"href":"https:\/\/www.m-q.ch\/de\/wp-json\/wp\/v2\/posts\/11641\/revisions"}],"predecessor-version":[{"id":11646,"href":"https:\/\/www.m-q.ch\/de\/wp-json\/wp\/v2\/posts\/11641\/revisions\/11646"}],"wp:featuredmedia":[{"embeddable":true,"href":"https:\/\/www.m-q.ch\/de\/wp-json\/wp\/v2\/media\/11644"}],"wp:attachment":[{"href":"https:\/\/www.m-q.ch\/de\/wp-json\/wp\/v2\/media?parent=11641"}],"wp:term":[{"taxonomy":"category","embeddable":true,"href":"https:\/\/www.m-q.ch\/de\/wp-json\/wp\/v2\/categories?post=11641"},{"taxonomy":"post_tag","embeddable":true,"href":"https:\/\/www.m-q.ch\/de\/wp-json\/wp\/v2\/tags?post=11641"}],"curies":[{"name":"wp","href":"https:\/\/api.w.org\/{rel}","templated":true}]}}