{"id":11647,"date":"2016-06-05T02:48:16","date_gmt":"2016-06-05T00:48:16","guid":{"rendered":"https:\/\/www.m-q.ch\/?p=11647"},"modified":"2021-02-14T03:07:15","modified_gmt":"2021-02-14T02:07:15","slug":"komplexes-und-unberechenbares-umfeld","status":"publish","type":"post","link":"https:\/\/www.m-q.ch\/de\/komplexes-und-unberechenbares-umfeld\/","title":{"rendered":"Komplexes und unberechenbares Umfeld"},"content":{"rendered":"<p><img loading=\"lazy\" decoding=\"async\" class=\"alignnone size-full wp-image-11649\" src=\"https:\/\/www.m-q.ch\/wp-content\/uploads\/2021\/02\/Komplexes-und-unberechenbares-Umfeld.jpg\" alt=\"Komplexes und unberechenbares Umfeld\" width=\"867\" height=\"562\" srcset=\"https:\/\/www.m-q.ch\/wp-content\/uploads\/2021\/02\/Komplexes-und-unberechenbares-Umfeld.jpg 867w, https:\/\/www.m-q.ch\/wp-content\/uploads\/2021\/02\/Komplexes-und-unberechenbares-Umfeld-768x498.jpg 768w, https:\/\/www.m-q.ch\/wp-content\/uploads\/2021\/02\/Komplexes-und-unberechenbares-Umfeld-16x10.jpg 16w, https:\/\/www.m-q.ch\/wp-content\/uploads\/2021\/02\/Komplexes-und-unberechenbares-Umfeld-270x175.jpg 270w, https:\/\/www.m-q.ch\/wp-content\/uploads\/2021\/02\/Komplexes-und-unberechenbares-Umfeld-540x350.jpg 540w, https:\/\/www.m-q.ch\/wp-content\/uploads\/2021\/02\/Komplexes-und-unberechenbares-Umfeld-300x194.jpg 300w\" sizes=\"auto, (max-width: 867px) 100vw, 867px\" \/><\/p>\n<p>&nbsp;<\/p>\n<p>&nbsp;<\/p>\n<p>&nbsp;<\/p>\n<p><em><strong>N<\/strong><\/em>iemand kann heute den Energiepreis der n\u00e4chsten Jahren vorhersehen, auch nicht die Verf\u00fcgbarkeit von qualifizierten Mitarbeitenden und die damit verbundenen L\u00f6hne; die meisten Unternehmen wissen noch nicht, wie die neuen Technologien ihr Business beeinflussen werden und verstehen das Verhalten der neuen Generationen noch nicht, die Politik auf allen Stufen ist unberechenbar. Das birgt Chancen und Risiken und erfordert Flexibilit\u00e4t und Reaktivit\u00e4t.<\/p>\n<p><strong>Unplanbarkeit erfordert Strategie<\/strong><br \/>\nParadoxerweise ist es nicht so, dass Unplanbarkeit mit Planung inkompatibel ist. Im Gegenteil, denn man soll auf vorgesehene Ereignisse vorbereitet sein, um fr\u00fchzeitig relevante ungeplante Entwicklungen zu erkennen und dank Szenario-Denken m\u00f6gliche Optionen angedacht haben. Man hat noch keine L\u00f6sung, aber man wird die L\u00f6sung viel schneller finden und auch umsetzen k\u00f6nnen. Strategie erm\u00f6glicht es auch allen relevanten Akteuren einer Firma die Kursrichtung zu kennen, um selber neue Abweichungen und ungeplante Risiken zu erkennen. So kann zum Beispiel eine Beschafferin eine neue \u00fcberraschende Entwicklung, die f\u00fcr das Marketing relevant w\u00e4re, selber erkennen und auch melden.<\/p>\n<p><strong>Strategie als Kompass zwischen Zielkonflikten<\/strong><br \/>\nGute und brauchbare Strategien sind Instrumente, um fundierte, koh\u00e4rente, berechenbare und verst\u00e4ndliche Entscheide bei Zielkonfliktsituationen zu treffen. Es gibt nur selten Entscheide, die positiv sind f\u00fcr Finanzen, Qualit\u00e4t, Umwelt, Gesellschaft, und dies kurz- und langfristig. Vor allem keine wichtigen Entscheide. Um in der Lage zu sein, die n\u00f6tigen Informationen zur Entscheidungsfindung zu haben sowie die n\u00f6tigen Hebel, um sie umzusetzen, ist ein integriertes Management unabdingbar. Ohne Strategie ist es unm\u00f6glich, den richtigen Kurs einzuhalten, wenn gr\u00f6ssere Wellen die Sicht auf die n\u00e4chsten Abschnitte des Weges verbergen<\/p>\n<p><strong>F\u00fcr die Strategie n\u00f6tige Aspekte eines integrierten Managements<\/strong><br \/>\nStrategische Arbeit ben\u00f6tigt vor allem zwei Aspekte eines integrierten Management-Ansatzes:<\/p>\n<ul>\n<li>Analysen der relevanten Aspekte f\u00fcr das Unternehmen in den Bereichen Finanzen, Markt, Interessengruppen (soziales), Umwelt, Qualit\u00e4t, Sicherheit, Technologie usw.<\/li>\n<li>Koh\u00e4rentes Zielsystem f\u00fcr die Umsetzung der Strategie (zum Beispiel Balanced Scorecard) und dem entsprechenden verkn\u00fcpften \u00abManagement by Objectives\u00bb-Ansatz, um die Ziele in der ganzen Belegschaft brauchbar zu machen; so kann jede Stufe\/Abteilung die Zielkonflikte koh\u00e4rent mit der Strategie angehen.<\/li>\n<\/ul>\n<p>&nbsp;<\/p>\n<p>Ohne diese zwei Grundbedingungen ist das Risiko hoch, dass eine Strategie wichtige Aspekte nicht ber\u00fccksichtigt und\/oder dann auch in der Realit\u00e4t gar keine Wirkung erzielt.<\/p>\n<p><strong>Integriertes Management ohne Strategie: ein Tiger mit Z\u00e4hnen, aber ohne Gehirn<\/strong><br \/>\nEin gutes integriertes Management ergreift Informationen zu den relevanten Aspekten in unterschiedlichen Themen. Es vereinfacht die Prozesse in diesem Sinne, dass alle relevanten Aspekte in der gleichen Anleitung und Prozedur, im Pflichtenheft und in anderen Managementumsetzungsinstrumenten integriert sind. Ohne Strategie und starke F\u00fchrung ist das Risiko der Unwirksamkeit gross. Dann entscheiden n\u00e4mlich alle selbst\u00e4ndig aufgrund der Informationen, die sie haben (was richtig und das Ziel ist), aber ohne irgendeine Koh\u00e4renz. So entwickeln Abteilungen neue Subkulturen, das Management wird unberechenbar, Konflikte zwischen Personen k\u00f6nnen schlecht geregelt werden<\/p>\n<p>&nbsp;<\/p>\n<p>Die Strategie ist das einzige und wichtigste Bindeglied, das eine Desintegration verhindert und die Koh\u00e4renz zwischen den einzelnen lokalen Optimierungen erm\u00f6glicht. Die Strategie ist der Teil des Gehirns einer Organisation, der die nicht reflexartigen Aktionen steuern kann.<\/p>\n<p><strong>Ausdruck eines nicht integrierten Managements<\/strong><br \/>\nEin nicht integriertes Managementsystem erkennt man anhand einiger Merkmale:<\/p>\n<ul>\n<li>Der Jahresbericht enth\u00e4lt keine Informationen und Kennzahlen zu den Umwelt- und gesellschaftlichen Aspekten; Im Nachhaltigkeitsbericht steht die Unternehmensstrategie nur am Rande.<\/li>\n<li>In der Gesch\u00e4ftsleitung ist niemand f\u00fcr Qualit\u00e4t, Umwelt oder gesellschaftliche Aspekte verantwortlich.<\/li>\n<li>Die f\u00fcr die Belegschaft relevanten Aspekte der Unternehmensstrategie ist ihnen nicht oder nur schlecht bekannt.<\/li>\n<li>Es ist nicht erkenntlich, welche Aspekte im Umweltbereich f\u00fcr das Unternehmen relevant sind und welche nicht.<\/li>\n<li>In der Vision oder Unternehmenspolitik stehen Banalit\u00e4ten im Umweltbereich; die relevanten Aspekte werden nicht speziell hervorgehoben.<\/li>\n<li>Die Strategie bietet keine Hilfestellung in der Priorisierung und Regelung der Zielkonflikte zwischen Finanzen, Qualit\u00e4t, Umwelt, Gesellschaft und zwischen kurz- und langfristigen Perspektiven.<\/li>\n<li>Neue Projekte und Entwicklungen werden nur ganz am Schluss (oder gar nicht) auf ihre indirekten Auswirkungen auf Umwelt und Gesellschaft gepr\u00fcft.<\/li>\n<\/ul>\n<p><strong>Strategie und integriertes Management im Einklang<\/strong><br \/>\nSchlussendlich geht es nicht darum, ob die Strategie oder das Managementsystem wichtiger ist. Es braucht n\u00e4mlich beides. Und dies nicht parallel und unabh\u00e4ngig, sondern eng verflochten, koh\u00e4rent und zusammen oder kontinuierlich gegeneinander ringend.<\/p>\n","protected":false},"excerpt":{"rendered":"<p>&nbsp; &nbsp; &nbsp; Niemand kann heute den Energiepreis der n\u00e4chsten Jahren vorhersehen, auch nicht die Verf\u00fcgbarkeit von qualifizierten Mitarbeitenden und die damit verbundenen L\u00f6hne; die meisten Unternehmen wissen noch nicht, wie die neuen Technologien ihr Business beeinflussen werden und verstehen das Verhalten der neuen Generationen noch nicht, die Politik auf allen Stufen ist unberechenbar. Das [&hellip;]<\/p>\n","protected":false},"author":66,"featured_media":11649,"comment_status":"closed","ping_status":"closed","sticky":false,"template":"","format":"standard","meta":{"_acf_changed":false,"footnotes":""},"categories":[5],"tags":[4781],"class_list":["post-11647","post","type-post","status-publish","format-standard","has-post-thumbnail","hentry","category-business_excellence","tag-06-2016"],"acf":[],"yoast_head":"<!-- This site is optimized with the Yoast SEO plugin v26.2 - https:\/\/yoast.com\/wordpress\/plugins\/seo\/ -->\n<title>Komplexes und unberechenbares Umfeld - MQ Management und Qualit\u00e4t<\/title>\n<meta name=\"description\" content=\"Die vielf\u00e4ltigen Verflechtungen \u00f6konomischer, \u00f6kologischer und gesellschaftlicher Prozesse haben l\u00e4ngst ein globales Ausmass angenommen. Dies hat dazu gef\u00fchrt, dass die damit verbundenen Risiken zunehmend undurchschaubar und diffus werden \u2013 und dadurch umso brisanter sind\" \/>\n<meta name=\"robots\" content=\"index, follow, max-snippet:-1, max-image-preview:large, max-video-preview:-1\" \/>\n<link rel=\"canonical\" href=\"https:\/\/www.m-q.ch\/de\/komplexes-und-unberechenbares-umfeld\/\" \/>\n<meta property=\"og:locale\" content=\"de_DE\" \/>\n<meta property=\"og:type\" content=\"article\" \/>\n<meta property=\"og:title\" content=\"Komplexes und unberechenbares Umfeld - MQ Management und Qualit\u00e4t\" \/>\n<meta property=\"og:description\" content=\"Die vielf\u00e4ltigen Verflechtungen \u00f6konomischer, \u00f6kologischer und gesellschaftlicher Prozesse haben l\u00e4ngst ein globales Ausmass angenommen. Dies hat dazu gef\u00fchrt, dass die damit verbundenen Risiken zunehmend undurchschaubar und diffus werden \u2013 und dadurch umso brisanter sind\" \/>\n<meta property=\"og:url\" content=\"https:\/\/www.m-q.ch\/de\/komplexes-und-unberechenbares-umfeld\/\" \/>\n<meta property=\"og:site_name\" content=\"MQ Management und Qualit\u00e4t\" \/>\n<meta property=\"article:publisher\" content=\"https:\/\/www.facebook.com\/ManagementUndQualitaet\" \/>\n<meta property=\"article:published_time\" content=\"2016-06-05T00:48:16+00:00\" \/>\n<meta property=\"article:modified_time\" content=\"2021-02-14T02:07:15+00:00\" \/>\n<meta property=\"og:image\" content=\"https:\/\/www.m-q.ch\/wp-content\/uploads\/2021\/02\/Komplexes-und-unberechenbares-Umfeld.jpg\" \/>\n\t<meta property=\"og:image:width\" content=\"867\" \/>\n\t<meta property=\"og:image:height\" content=\"562\" \/>\n\t<meta property=\"og:image:type\" content=\"image\/jpeg\" \/>\n<meta name=\"author\" content=\"upwork_1\" \/>\n<meta name=\"twitter:card\" content=\"summary_large_image\" \/>\n<meta name=\"twitter:label1\" content=\"Verfasst von\" \/>\n\t<meta name=\"twitter:data1\" content=\"upwork_1\" \/>\n\t<meta name=\"twitter:label2\" content=\"Gesch\u00e4tzte Lesezeit\" \/>\n\t<meta name=\"twitter:data2\" content=\"4\u00a0Minuten\" \/>\n<script type=\"application\/ld+json\" class=\"yoast-schema-graph\">{\"@context\":\"https:\/\/schema.org\",\"@graph\":[{\"@type\":\"Article\",\"@id\":\"https:\/\/www.m-q.ch\/komplexes-und-unberechenbares-umfeld\/#article\",\"isPartOf\":{\"@id\":\"https:\/\/www.m-q.ch\/komplexes-und-unberechenbares-umfeld\/\"},\"author\":{\"name\":\"upwork_1\",\"@id\":\"https:\/\/www.m-q.ch\/fr\/#\/schema\/person\/0bdf39ca27d0b9b779f5b8af54b3f7d7\"},\"headline\":\"Komplexes und unberechenbares Umfeld\",\"datePublished\":\"2016-06-05T00:48:16+00:00\",\"dateModified\":\"2021-02-14T02:07:15+00:00\",\"mainEntityOfPage\":{\"@id\":\"https:\/\/www.m-q.ch\/komplexes-und-unberechenbares-umfeld\/\"},\"wordCount\":728,\"publisher\":{\"@id\":\"https:\/\/www.m-q.ch\/fr\/#organization\"},\"image\":{\"@id\":\"https:\/\/www.m-q.ch\/komplexes-und-unberechenbares-umfeld\/#primaryimage\"},\"thumbnailUrl\":\"https:\/\/www.m-q.ch\/wp-content\/uploads\/2021\/02\/Komplexes-und-unberechenbares-Umfeld.jpg\",\"keywords\":[\"06\/2016\"],\"articleSection\":[\"Business Excellence\"],\"inLanguage\":\"de\"},{\"@type\":\"WebPage\",\"@id\":\"https:\/\/www.m-q.ch\/komplexes-und-unberechenbares-umfeld\/\",\"url\":\"https:\/\/www.m-q.ch\/komplexes-und-unberechenbares-umfeld\/\",\"name\":\"Komplexes und unberechenbares Umfeld - MQ Management und Qualit\u00e4t\",\"isPartOf\":{\"@id\":\"https:\/\/www.m-q.ch\/fr\/#website\"},\"primaryImageOfPage\":{\"@id\":\"https:\/\/www.m-q.ch\/komplexes-und-unberechenbares-umfeld\/#primaryimage\"},\"image\":{\"@id\":\"https:\/\/www.m-q.ch\/komplexes-und-unberechenbares-umfeld\/#primaryimage\"},\"thumbnailUrl\":\"https:\/\/www.m-q.ch\/wp-content\/uploads\/2021\/02\/Komplexes-und-unberechenbares-Umfeld.jpg\",\"datePublished\":\"2016-06-05T00:48:16+00:00\",\"dateModified\":\"2021-02-14T02:07:15+00:00\",\"description\":\"Die vielf\u00e4ltigen Verflechtungen \u00f6konomischer, \u00f6kologischer und gesellschaftlicher Prozesse haben l\u00e4ngst ein globales Ausmass angenommen. Dies hat dazu gef\u00fchrt, dass die damit verbundenen Risiken zunehmend undurchschaubar und diffus werden \u2013 und dadurch umso brisanter sind\",\"breadcrumb\":{\"@id\":\"https:\/\/www.m-q.ch\/komplexes-und-unberechenbares-umfeld\/#breadcrumb\"},\"inLanguage\":\"de\",\"potentialAction\":[{\"@type\":\"ReadAction\",\"target\":[\"https:\/\/www.m-q.ch\/komplexes-und-unberechenbares-umfeld\/\"]}]},{\"@type\":\"ImageObject\",\"inLanguage\":\"de\",\"@id\":\"https:\/\/www.m-q.ch\/komplexes-und-unberechenbares-umfeld\/#primaryimage\",\"url\":\"https:\/\/www.m-q.ch\/wp-content\/uploads\/2021\/02\/Komplexes-und-unberechenbares-Umfeld.jpg\",\"contentUrl\":\"https:\/\/www.m-q.ch\/wp-content\/uploads\/2021\/02\/Komplexes-und-unberechenbares-Umfeld.jpg\",\"width\":867,\"height\":562,\"caption\":\"Komplexes und unberechenbares Umfeld\"},{\"@type\":\"BreadcrumbList\",\"@id\":\"https:\/\/www.m-q.ch\/komplexes-und-unberechenbares-umfeld\/#breadcrumb\",\"itemListElement\":[{\"@type\":\"ListItem\",\"position\":1,\"name\":\"Business Excellence\",\"item\":\"https:\/\/www.m-q.ch\/kategorie\/business_excellence\/\"},{\"@type\":\"ListItem\",\"position\":2,\"name\":\"Komplexes und unberechenbares Umfeld\"}]},{\"@type\":\"WebSite\",\"@id\":\"https:\/\/www.m-q.ch\/fr\/#website\",\"url\":\"https:\/\/www.m-q.ch\/fr\/\",\"name\":\"MQ Management und Qualit\u00e4t\",\"description\":\"Plattform f\u00fcr integrierte Managementsysteme.\",\"publisher\":{\"@id\":\"https:\/\/www.m-q.ch\/fr\/#organization\"},\"potentialAction\":[{\"@type\":\"SearchAction\",\"target\":{\"@type\":\"EntryPoint\",\"urlTemplate\":\"https:\/\/www.m-q.ch\/fr\/?s={search_term_string}\"},\"query-input\":{\"@type\":\"PropertyValueSpecification\",\"valueRequired\":true,\"valueName\":\"search_term_string\"}}],\"inLanguage\":\"de\"},{\"@type\":\"Organization\",\"@id\":\"https:\/\/www.m-q.ch\/fr\/#organization\",\"name\":\"Galledia Fachmedien AG\",\"url\":\"https:\/\/www.m-q.ch\/fr\/\",\"logo\":{\"@type\":\"ImageObject\",\"inLanguage\":\"de\",\"@id\":\"https:\/\/www.m-q.ch\/fr\/#\/schema\/logo\/image\/\",\"url\":\"https:\/\/www.m-q.ch\/wp-content\/uploads\/2020\/12\/cropped-logo_small.png\",\"contentUrl\":\"https:\/\/www.m-q.ch\/wp-content\/uploads\/2020\/12\/cropped-logo_small.png\",\"width\":512,\"height\":512,\"caption\":\"Galledia Fachmedien AG\"},\"image\":{\"@id\":\"https:\/\/www.m-q.ch\/fr\/#\/schema\/logo\/image\/\"},\"sameAs\":[\"https:\/\/www.facebook.com\/ManagementUndQualitaet\",\"https:\/\/www.linkedin.com\/showcase\/17982321\/admin\/\"]},{\"@type\":\"Person\",\"@id\":\"https:\/\/www.m-q.ch\/fr\/#\/schema\/person\/0bdf39ca27d0b9b779f5b8af54b3f7d7\",\"name\":\"upwork_1\",\"image\":{\"@type\":\"ImageObject\",\"inLanguage\":\"de\",\"@id\":\"https:\/\/www.m-q.ch\/fr\/#\/schema\/person\/image\/\",\"url\":\"https:\/\/secure.gravatar.com\/avatar\/04d4d0fdc5886d535809f17d0eace7f6?s=96&d=mm&r=g\",\"contentUrl\":\"https:\/\/secure.gravatar.com\/avatar\/04d4d0fdc5886d535809f17d0eace7f6?s=96&d=mm&r=g\",\"caption\":\"upwork_1\"},\"url\":\"https:\/\/www.m-q.ch\/de\/author\/upwork_1\/\"}]}<\/script>\n<!-- \/ Yoast SEO plugin. -->","yoast_head_json":{"title":"Komplexes und unberechenbares Umfeld - MQ Management und Qualit\u00e4t","description":"Die vielf\u00e4ltigen Verflechtungen \u00f6konomischer, \u00f6kologischer und gesellschaftlicher Prozesse haben l\u00e4ngst ein globales Ausmass angenommen. Dies hat dazu gef\u00fchrt, dass die damit verbundenen Risiken zunehmend undurchschaubar und diffus werden \u2013 und dadurch umso brisanter sind","robots":{"index":"index","follow":"follow","max-snippet":"max-snippet:-1","max-image-preview":"max-image-preview:large","max-video-preview":"max-video-preview:-1"},"canonical":"https:\/\/www.m-q.ch\/de\/komplexes-und-unberechenbares-umfeld\/","og_locale":"de_DE","og_type":"article","og_title":"Komplexes und unberechenbares Umfeld - MQ Management und Qualit\u00e4t","og_description":"Die vielf\u00e4ltigen Verflechtungen \u00f6konomischer, \u00f6kologischer und gesellschaftlicher Prozesse haben l\u00e4ngst ein globales Ausmass angenommen. Dies hat dazu gef\u00fchrt, dass die damit verbundenen Risiken zunehmend undurchschaubar und diffus werden \u2013 und dadurch umso brisanter sind","og_url":"https:\/\/www.m-q.ch\/de\/komplexes-und-unberechenbares-umfeld\/","og_site_name":"MQ Management und Qualit\u00e4t","article_publisher":"https:\/\/www.facebook.com\/ManagementUndQualitaet","article_published_time":"2016-06-05T00:48:16+00:00","article_modified_time":"2021-02-14T02:07:15+00:00","og_image":[{"width":867,"height":562,"url":"https:\/\/www.m-q.ch\/wp-content\/uploads\/2021\/02\/Komplexes-und-unberechenbares-Umfeld.jpg","type":"image\/jpeg"}],"author":"upwork_1","twitter_card":"summary_large_image","twitter_misc":{"Verfasst von":"upwork_1","Gesch\u00e4tzte Lesezeit":"4\u00a0Minuten"},"schema":{"@context":"https:\/\/schema.org","@graph":[{"@type":"Article","@id":"https:\/\/www.m-q.ch\/komplexes-und-unberechenbares-umfeld\/#article","isPartOf":{"@id":"https:\/\/www.m-q.ch\/komplexes-und-unberechenbares-umfeld\/"},"author":{"name":"upwork_1","@id":"https:\/\/www.m-q.ch\/fr\/#\/schema\/person\/0bdf39ca27d0b9b779f5b8af54b3f7d7"},"headline":"Komplexes und unberechenbares Umfeld","datePublished":"2016-06-05T00:48:16+00:00","dateModified":"2021-02-14T02:07:15+00:00","mainEntityOfPage":{"@id":"https:\/\/www.m-q.ch\/komplexes-und-unberechenbares-umfeld\/"},"wordCount":728,"publisher":{"@id":"https:\/\/www.m-q.ch\/fr\/#organization"},"image":{"@id":"https:\/\/www.m-q.ch\/komplexes-und-unberechenbares-umfeld\/#primaryimage"},"thumbnailUrl":"https:\/\/www.m-q.ch\/wp-content\/uploads\/2021\/02\/Komplexes-und-unberechenbares-Umfeld.jpg","keywords":["06\/2016"],"articleSection":["Business Excellence"],"inLanguage":"de"},{"@type":"WebPage","@id":"https:\/\/www.m-q.ch\/komplexes-und-unberechenbares-umfeld\/","url":"https:\/\/www.m-q.ch\/komplexes-und-unberechenbares-umfeld\/","name":"Komplexes und unberechenbares Umfeld - MQ Management und Qualit\u00e4t","isPartOf":{"@id":"https:\/\/www.m-q.ch\/fr\/#website"},"primaryImageOfPage":{"@id":"https:\/\/www.m-q.ch\/komplexes-und-unberechenbares-umfeld\/#primaryimage"},"image":{"@id":"https:\/\/www.m-q.ch\/komplexes-und-unberechenbares-umfeld\/#primaryimage"},"thumbnailUrl":"https:\/\/www.m-q.ch\/wp-content\/uploads\/2021\/02\/Komplexes-und-unberechenbares-Umfeld.jpg","datePublished":"2016-06-05T00:48:16+00:00","dateModified":"2021-02-14T02:07:15+00:00","description":"Die vielf\u00e4ltigen Verflechtungen \u00f6konomischer, \u00f6kologischer und gesellschaftlicher Prozesse haben l\u00e4ngst ein globales Ausmass angenommen. Dies hat dazu gef\u00fchrt, dass die damit verbundenen Risiken zunehmend undurchschaubar und diffus werden \u2013 und dadurch umso brisanter sind","breadcrumb":{"@id":"https:\/\/www.m-q.ch\/komplexes-und-unberechenbares-umfeld\/#breadcrumb"},"inLanguage":"de","potentialAction":[{"@type":"ReadAction","target":["https:\/\/www.m-q.ch\/komplexes-und-unberechenbares-umfeld\/"]}]},{"@type":"ImageObject","inLanguage":"de","@id":"https:\/\/www.m-q.ch\/komplexes-und-unberechenbares-umfeld\/#primaryimage","url":"https:\/\/www.m-q.ch\/wp-content\/uploads\/2021\/02\/Komplexes-und-unberechenbares-Umfeld.jpg","contentUrl":"https:\/\/www.m-q.ch\/wp-content\/uploads\/2021\/02\/Komplexes-und-unberechenbares-Umfeld.jpg","width":867,"height":562,"caption":"Komplexes und unberechenbares Umfeld"},{"@type":"BreadcrumbList","@id":"https:\/\/www.m-q.ch\/komplexes-und-unberechenbares-umfeld\/#breadcrumb","itemListElement":[{"@type":"ListItem","position":1,"name":"Business Excellence","item":"https:\/\/www.m-q.ch\/kategorie\/business_excellence\/"},{"@type":"ListItem","position":2,"name":"Komplexes und unberechenbares Umfeld"}]},{"@type":"WebSite","@id":"https:\/\/www.m-q.ch\/fr\/#website","url":"https:\/\/www.m-q.ch\/fr\/","name":"MQ Management und Qualit\u00e4t","description":"Plattform f\u00fcr integrierte Managementsysteme.","publisher":{"@id":"https:\/\/www.m-q.ch\/fr\/#organization"},"potentialAction":[{"@type":"SearchAction","target":{"@type":"EntryPoint","urlTemplate":"https:\/\/www.m-q.ch\/fr\/?s={search_term_string}"},"query-input":{"@type":"PropertyValueSpecification","valueRequired":true,"valueName":"search_term_string"}}],"inLanguage":"de"},{"@type":"Organization","@id":"https:\/\/www.m-q.ch\/fr\/#organization","name":"Galledia Fachmedien AG","url":"https:\/\/www.m-q.ch\/fr\/","logo":{"@type":"ImageObject","inLanguage":"de","@id":"https:\/\/www.m-q.ch\/fr\/#\/schema\/logo\/image\/","url":"https:\/\/www.m-q.ch\/wp-content\/uploads\/2020\/12\/cropped-logo_small.png","contentUrl":"https:\/\/www.m-q.ch\/wp-content\/uploads\/2020\/12\/cropped-logo_small.png","width":512,"height":512,"caption":"Galledia Fachmedien AG"},"image":{"@id":"https:\/\/www.m-q.ch\/fr\/#\/schema\/logo\/image\/"},"sameAs":["https:\/\/www.facebook.com\/ManagementUndQualitaet","https:\/\/www.linkedin.com\/showcase\/17982321\/admin\/"]},{"@type":"Person","@id":"https:\/\/www.m-q.ch\/fr\/#\/schema\/person\/0bdf39ca27d0b9b779f5b8af54b3f7d7","name":"upwork_1","image":{"@type":"ImageObject","inLanguage":"de","@id":"https:\/\/www.m-q.ch\/fr\/#\/schema\/person\/image\/","url":"https:\/\/secure.gravatar.com\/avatar\/04d4d0fdc5886d535809f17d0eace7f6?s=96&d=mm&r=g","contentUrl":"https:\/\/secure.gravatar.com\/avatar\/04d4d0fdc5886d535809f17d0eace7f6?s=96&d=mm&r=g","caption":"upwork_1"},"url":"https:\/\/www.m-q.ch\/de\/author\/upwork_1\/"}]}},"_links":{"self":[{"href":"https:\/\/www.m-q.ch\/de\/wp-json\/wp\/v2\/posts\/11647","targetHints":{"allow":["GET"]}}],"collection":[{"href":"https:\/\/www.m-q.ch\/de\/wp-json\/wp\/v2\/posts"}],"about":[{"href":"https:\/\/www.m-q.ch\/de\/wp-json\/wp\/v2\/types\/post"}],"author":[{"embeddable":true,"href":"https:\/\/www.m-q.ch\/de\/wp-json\/wp\/v2\/users\/66"}],"replies":[{"embeddable":true,"href":"https:\/\/www.m-q.ch\/de\/wp-json\/wp\/v2\/comments?post=11647"}],"version-history":[{"count":1,"href":"https:\/\/www.m-q.ch\/de\/wp-json\/wp\/v2\/posts\/11647\/revisions"}],"predecessor-version":[{"id":11669,"href":"https:\/\/www.m-q.ch\/de\/wp-json\/wp\/v2\/posts\/11647\/revisions\/11669"}],"wp:featuredmedia":[{"embeddable":true,"href":"https:\/\/www.m-q.ch\/de\/wp-json\/wp\/v2\/media\/11649"}],"wp:attachment":[{"href":"https:\/\/www.m-q.ch\/de\/wp-json\/wp\/v2\/media?parent=11647"}],"wp:term":[{"taxonomy":"category","embeddable":true,"href":"https:\/\/www.m-q.ch\/de\/wp-json\/wp\/v2\/categories?post=11647"},{"taxonomy":"post_tag","embeddable":true,"href":"https:\/\/www.m-q.ch\/de\/wp-json\/wp\/v2\/tags?post=11647"}],"curies":[{"name":"wp","href":"https:\/\/api.w.org\/{rel}","templated":true}]}}