{"id":11710,"date":"2016-06-21T05:36:45","date_gmt":"2016-06-21T03:36:45","guid":{"rendered":"https:\/\/www.m-q.ch\/?p=11710"},"modified":"2021-02-14T06:08:47","modified_gmt":"2021-02-14T05:08:47","slug":"die-ganze-welt-der-qualitaetskontrolle","status":"publish","type":"post","link":"https:\/\/www.m-q.ch\/de\/die-ganze-welt-der-qualitaetskontrolle\/","title":{"rendered":"Die ganze Welt der Qualit\u00e4tskontrolle"},"content":{"rendered":"<p><img loading=\"lazy\" decoding=\"async\" class=\"alignnone size-full wp-image-11711\" src=\"https:\/\/www.m-q.ch\/wp-content\/uploads\/2021\/02\/Die-ganze-Welt-der-Qualitaetskontrolle.jpg\" alt=\"Die ganze Welt der Qualit\u00e4tskontrolle\" width=\"876\" height=\"535\" srcset=\"https:\/\/www.m-q.ch\/wp-content\/uploads\/2021\/02\/Die-ganze-Welt-der-Qualitaetskontrolle.jpg 876w, https:\/\/www.m-q.ch\/wp-content\/uploads\/2021\/02\/Die-ganze-Welt-der-Qualitaetskontrolle-768x469.jpg 768w, https:\/\/www.m-q.ch\/wp-content\/uploads\/2021\/02\/Die-ganze-Welt-der-Qualitaetskontrolle-16x10.jpg 16w, https:\/\/www.m-q.ch\/wp-content\/uploads\/2021\/02\/Die-ganze-Welt-der-Qualitaetskontrolle-287x175.jpg 287w, https:\/\/www.m-q.ch\/wp-content\/uploads\/2021\/02\/Die-ganze-Welt-der-Qualitaetskontrolle-573x350.jpg 573w, https:\/\/www.m-q.ch\/wp-content\/uploads\/2021\/02\/Die-ganze-Welt-der-Qualitaetskontrolle-300x183.jpg 300w\" sizes=\"auto, (max-width: 876px) 100vw, 876px\" \/><\/p>\n<p>&nbsp;<\/p>\n<p>&nbsp;<\/p>\n<p><em><strong>D<\/strong><\/em>ie diesj\u00e4hrige Control stand einmal mehr f\u00fcr die praxisnahe Pr\u00e4sentation von Hardund Software zur industriellen Qualit\u00e4tssicherung in allen relevanten Produktions- und Distributionsbereichen der Unternehmen.<\/p>\n<p><strong>Multisensor-Koordinatenmesstechnik weiter auf dem Vormarsch<\/strong><br \/>\nGleich mehrere Hersteller boten an der diesj\u00e4hrigen Control neue M\u00f6glichkeiten f\u00fcr die Multisensor-Koordinatenmesstechnik. So hat Hexagon mit dem Optiv Dual Z ein Koordinatenmessger\u00e4t (KMG) mit zwei unabh\u00e4ngigen Z-Achsen vorgestellt. KMGs mit nur einer Z-Achse f\u00fcr optische und taktile Verfahren haben oftmals den Nachteil, dass tief im Werkst\u00fcck liegende Merkmale nicht erfasst werden k\u00f6nnen, weil die Vision Sensorik im Weg ist. Auch die M\u00f6glichkeit f\u00fcr ein Dreh-Schwenk-Gelenk ist in dieser Konfiguration ein weiterer Vorteil.<\/p>\n<p>&nbsp;<\/p>\n<p>Ebenfalls ein 2-Pinolen-Konzept hat die Firma Werth mit der Scopecheck-Reihe im Angebot. Um Kollisionen mit dem Werkst\u00fcck zu vermeiden, befindet sich jeweils nur die messende Pinole im Arbeitsbereich. Die beiden Keramikpinolen k\u00f6nnen mit unterschiedlichster Sensorik best\u00fcckt werden, beispielsweise kann man die taktilen Sensoren SP80 und ein Dreh-Schwenk-Gelenk mit dem messenden Tastsystem SP25 an derselben Pinole einwechseln, w\u00e4hrend die zweite Pinole mit optischer und taktil-optischer Multisensorik ausgestattet wird.<\/p>\n<p>&nbsp;<\/p>\n<p>Renishaw stellte die RVP (Renishaw Vision Probe) f\u00fcr den REVO-2 (5-Achsen-Messsystem) vor. Bei manchen Anwendungen bietet eine ber\u00fchrungslose Messung einen klaren Vorteil gegen\u00fcber den traditionellen taktilen Messverfahren. Bauteile aus d\u00fcnnem Blech mit einer grossen Anzahl an Bohrungen bis zu 0,5 mm sowie Teile, die sich nicht f\u00fcr eine taktile Messung eignen, k\u00f6nnen mit dem RVP-System komplett gepr\u00fcft werden. RVP erm\u00f6glicht ausserdem eine signifikante Steigerung des Durchsatzes.<\/p>\n<p><strong>Schichtdickenmessung direkt nach Lackauftrag<\/strong><br \/>\nDer CoatMaster der Winterthur Instruments AG misst die Schichtdicke von nassen, klebrigen, pulverf\u00f6rmigen und festen Beschichtungen ber\u00fchrungslos und zerst\u00f6rungsfrei unmittelbar nach dem Auftragen. Dabei ist die Messung unabh\u00e4ngig von der Temperatur und der Farbe der Beschichtung. Das nach dem Prinzip der thermischen Schichtpr\u00fcfung arbeitende System misst Schichtdicken aus einem Abstand von 5 bis 50 cm bei einer Messdauer von bis zu 200 \u00b5s. Mit einer Standardabweichung von deutlich unter einem Prozent wird das Ger\u00e4t den Anforderungen einer Pr\u00fcfmittel-F\u00e4higkeitsanalyse gerecht. Das System arbeitet ohne gef\u00e4hrliche Strahlungsquellen, wie beispielsweise Laser- oder R\u00f6ntgen, und basiert auf dem Verfahren der thermischen Schichtpr\u00fcfung. Dabei wird die zu untersuchende Beschichtung kurzzeitig durch Belichtung zerst\u00f6rungsfrei erw\u00e4rmt, w\u00e4hrend Infrarotsensoren den Verlauf der Oberfl\u00e4chentemperatur aufzeichnen. Die Temperatur klingt mit einer charakteristischen Dynamik ab, die von den thermischen Eigenschaften der Beschichtung und der Schichtdicke abh\u00e4ngt. So k\u00f6nnen Beschichtungsparameter wie die Schichtdicke, aber auch die Porosit\u00e4t, der thermische Schichtwiderstand, die thermische Leitf\u00e4higkeit und die thermische Diffusivit\u00e4t schnell und reproduzierbar ermittelt werden.<\/p>\n<p>&nbsp;<\/p>\n<p><strong>Kostenlose Software f\u00fcr Inspektion und Bildkorrelation<\/strong><br \/>\nGOM bietet schon seit einigen Jahren die Software GOM Inspect zur freien Nutzung an. Diese Software dient als Auswertewerkzeug, einschliesslich der 3D-Inspektion und STL-Netzbearbeitung. Neu gibt es auch die M\u00f6glichkeit CTDaten in den g\u00e4ngigen nativen Dateiformaten zu importieren. Diese Voxel-Daten (volumetrische Messdaten) werden dabei automatisch in Oberfl\u00e4chendaten umgewandelt. Durch diese Umwandlung reduziert sich die Zeit f\u00fcr die Auswertung aufgrund der verringerten Datenmenge signifikant<\/p>\n<p>&nbsp;<\/p>\n<p>Ebenfalls neu vorgestellt wurde GOM Correlate, eine frei zug\u00e4ngliche Analysesoftware, die mittels digitaler Bildkorrelation sowie 3DBewegungsanalyse detaillierte Auswertungen \u00fcber Verschiebungen, Dehnungen und Verformungen von Bauteilen unter Belastungen oder in Bewegung liefert. Mit der Software k\u00f6nnen Filmsequenzen oder einzelne Bilder eingelesen und in 2D ausgewertet werden. Die Dateien k\u00f6nnen von HighspeedKameras, aus optischen und Rasterelektronen-Mikroskopen und sogar aus handels\u00fcblichen Kameras und GoPros stammen.<\/p>\n<p>&nbsp;<\/p>\n<p><strong>Mobiles Rauheitsmessger\u00e4t<\/strong><br \/>\nMit dem mobilen Rauheitsmessger\u00e4t Marsurf PS 10 von Mahr k\u00f6nnen Oberfl\u00e4chen schnell \u00fcberpr\u00fcft werden. Als Benutzerschnittstelle wurde ein TouchDisplay verwendet, auf dem der Bediener per Finger die Funktionen ausw\u00e4hlt. Die Bedienung ist<\/p>\n<p>&nbsp;<\/p>\n<p>dabei sehr \u00e4hnlich wie ein Smartphone. Das knapp 500 g schwere Ger\u00e4t ist ein preislich attraktiver Einstieg in die Normmessung von Oberfl\u00e4chen. Es ist f\u00fcr den Einsatz in der Qualit\u00e4tssicherung von Fr\u00e4s- und Drehteilen, geschliffenen oder gehonten Werkst\u00fccken und in der Wareneingangskontrolle vorgesehen.<\/p>\n<p><strong>3D-Messungen in Hochgeschwindigkeit<\/strong><br \/>\nKonventionelle 3D-Scanner sind durch den Einsatz klassischer<\/p>\n<p>&nbsp;<\/p>\n<p>Projektoren nur eingeschr\u00e4nkt in der Lage, sehr hohe Aufnahmeraten zu liefern. Bei schnellen Objektdeformationen oder bei der Untersuchung von schnellen Prozessen ist es meist nur m\u00f6glich, einen Vergleich zwischen der Objektform im Ausgangszustand und nach einer \u00c4nderung durchzuf\u00fchren. Ein sogenannter SollIst-Vergleich dieser zwei Zust\u00e4nde liefert jedoch keinen Einblick in die zugrundeliegenden Deformationsprozesse. Das am Fraunhofer Institut f\u00fcr angewandte Optik und Feinmechanik IOF in Jena entwickelte Messsystem ist in der Lage, eine hohe Aufnahmerate zu realisieren. \u00dcber 5500 voneinander unabh\u00e4ngige 3DDatens\u00e4tze der Objektoberfl\u00e4che k\u00f6nnen erstmals pro Sekunde mit jeweils mehr als 250000 Messpunkten durch das System rekonstruiert werden.<\/p>\n<p>&nbsp;<\/p>\n<p>Das Messsystem basiert auf zwei Hochgeschwindigkeitskameras mit einer Bildrate von \u00fcber 13 kHz bei einer Aufl\u00f6sung von einem Megapixel. Die Kameras beobachten das Messobjekt in einer sogenannten Stereoanordnung, w\u00e4hrend mit einer sehr hohen Geschwindigkeit die zur Berechnung notwendigen Muster projiziert werden. Beim sogenannten Projektionsrad handelt es sich um eine lasergeschnittene Metallmaske mit einer Streifenstruktur. Durch eine gezielte Defokussierung und die Bewegungsunsch\u00e4rfe, resultierend aus der Drehbewegung des Rades, wird ein sogenanntes aperiodisches Sinusmuster auf das Messobjekt projiziert und aus den Kamerabildern die 3D-Daten des Messobjektes berechnet. Damit die kurzen Belichtungszeiten von nur 2,5 \u00b5s m\u00f6glich sind, ist die Lichtst\u00e4rke der Projektionseinheit (Hochleistungs-Gasentladungslampe) entscheidend. Als Beispiel einer solchen Messung ist in der Abbildung die Entfaltung eines Airbags zu sehen.<\/p>\n<p>&nbsp;<\/p>\n<p>Genutzt wird das System f\u00fcr Untersuchungen im Personenschutz, insbesondere in der Crashtestforschung, der Bewegungsanalyse in der medizinischen Forschung oder Sportwissenschaft, die Verwendung in Produktionslinien zur Inline-Qualit\u00e4tssicherung bei hohen Taktzahlen und zur Vermessung von Grossobjekten wie Flugzeugtragfl\u00e4chen, Schiffen oder Rotorbl\u00e4ttern von Windkraftanlagen.<\/p>\n<p><strong>Automatisierte Geometriemessung von Mikrozahnr\u00e4dern<\/strong><br \/>\nDie Alicona Imaging GmbH stellte an der Control 2016 eine neue Messl\u00f6sung zur automatischen Geometriemessung von Mikrozahnr\u00e4dern in der Produktion vor. In Kombination mit einer motorisierten Pr\u00e4zisionsdreheinheit erm\u00f6glicht das Messsystem \u00abInfiniteFocusSL\u00bb die Auswertung verschiedener Parameter eines Mikrozahnrades im Mikrometerbereich (beispielsweise Abweichungen der Gesamtgeometrie, die fl\u00e4chenhafte Abweichung von der Nennflanke sowie Massgeometrien wie Zahndicke und L\u00fcckenweite) und zwar vom Zahnfuss bis zum Zahnkopf. Die vorgestellte L\u00f6sung basiert auf dem Verfahren der Fokus-Variation, welches auch in einer Fertigungsumgebung wiederholgenaue, hochaufl\u00f6sende und r\u00fcckf\u00fchrbare Messungen generiert.<\/p>\n","protected":false},"excerpt":{"rendered":"<p>&nbsp; &nbsp; Die diesj\u00e4hrige Control stand einmal mehr f\u00fcr die praxisnahe Pr\u00e4sentation von Hardund Software zur industriellen Qualit\u00e4tssicherung in allen relevanten Produktions- und Distributionsbereichen der Unternehmen. Multisensor-Koordinatenmesstechnik weiter auf dem Vormarsch Gleich mehrere Hersteller boten an der diesj\u00e4hrigen Control neue M\u00f6glichkeiten f\u00fcr die Multisensor-Koordinatenmesstechnik. So hat Hexagon mit dem Optiv Dual Z ein Koordinatenmessger\u00e4t (KMG) [&hellip;]<\/p>\n","protected":false},"author":66,"featured_media":11711,"comment_status":"closed","ping_status":"closed","sticky":false,"template":"","format":"standard","meta":{"_acf_changed":false,"footnotes":""},"categories":[4448],"tags":[4781],"class_list":["post-11710","post","type-post","status-publish","format-standard","has-post-thumbnail","hentry","category-allgemein","tag-06-2016"],"acf":[],"yoast_head":"<!-- This site is optimized with the Yoast SEO plugin v26.2 - https:\/\/yoast.com\/wordpress\/plugins\/seo\/ -->\n<title>Die ganze Welt der Qualit\u00e4tskontrolle - MQ Management und Qualit\u00e4t<\/title>\n<meta name=\"description\" content=\"914 Aussteller aus 31 Nationen und eine Steigerung der Anzahl Fachbesucher auf 26809 widerspiegeln die 30. Control in der Landesmesse Stuttgart in Zahlen. Die Besucher reisten aus 92 L\u00e4ndern nach Stuttgart. Dies zeigt sowohl die Globalisierung der Produktion als auch, wie zentral diese Messe f\u00fcr den globalen Markt geworden ist.\" \/>\n<meta name=\"robots\" content=\"index, follow, max-snippet:-1, max-image-preview:large, max-video-preview:-1\" \/>\n<link rel=\"canonical\" href=\"https:\/\/www.m-q.ch\/de\/die-ganze-welt-der-qualitaetskontrolle\/\" \/>\n<meta property=\"og:locale\" content=\"de_DE\" \/>\n<meta property=\"og:type\" content=\"article\" \/>\n<meta property=\"og:title\" content=\"Die ganze Welt der Qualit\u00e4tskontrolle - MQ Management und Qualit\u00e4t\" \/>\n<meta property=\"og:description\" content=\"914 Aussteller aus 31 Nationen und eine Steigerung der Anzahl Fachbesucher auf 26809 widerspiegeln die 30. Control in der Landesmesse Stuttgart in Zahlen. Die Besucher reisten aus 92 L\u00e4ndern nach Stuttgart. Dies zeigt sowohl die Globalisierung der Produktion als auch, wie zentral diese Messe f\u00fcr den globalen Markt geworden ist.\" \/>\n<meta property=\"og:url\" content=\"https:\/\/www.m-q.ch\/de\/die-ganze-welt-der-qualitaetskontrolle\/\" \/>\n<meta property=\"og:site_name\" content=\"MQ Management und Qualit\u00e4t\" \/>\n<meta property=\"article:publisher\" content=\"https:\/\/www.facebook.com\/ManagementUndQualitaet\" \/>\n<meta property=\"article:published_time\" content=\"2016-06-21T03:36:45+00:00\" \/>\n<meta property=\"article:modified_time\" content=\"2021-02-14T05:08:47+00:00\" \/>\n<meta property=\"og:image\" content=\"https:\/\/www.m-q.ch\/wp-content\/uploads\/2021\/02\/Die-ganze-Welt-der-Qualitaetskontrolle.jpg\" \/>\n\t<meta property=\"og:image:width\" content=\"876\" \/>\n\t<meta property=\"og:image:height\" content=\"535\" \/>\n\t<meta property=\"og:image:type\" content=\"image\/jpeg\" \/>\n<meta name=\"author\" content=\"upwork_1\" \/>\n<meta name=\"twitter:card\" content=\"summary_large_image\" \/>\n<meta name=\"twitter:label1\" content=\"Verfasst von\" \/>\n\t<meta name=\"twitter:data1\" content=\"upwork_1\" \/>\n\t<meta name=\"twitter:label2\" content=\"Gesch\u00e4tzte Lesezeit\" \/>\n\t<meta name=\"twitter:data2\" content=\"5\u00a0Minuten\" \/>\n<script type=\"application\/ld+json\" class=\"yoast-schema-graph\">{\"@context\":\"https:\/\/schema.org\",\"@graph\":[{\"@type\":\"Article\",\"@id\":\"https:\/\/www.m-q.ch\/die-ganze-welt-der-qualitaetskontrolle\/#article\",\"isPartOf\":{\"@id\":\"https:\/\/www.m-q.ch\/die-ganze-welt-der-qualitaetskontrolle\/\"},\"author\":{\"name\":\"upwork_1\",\"@id\":\"https:\/\/www.m-q.ch\/fr\/#\/schema\/person\/0bdf39ca27d0b9b779f5b8af54b3f7d7\"},\"headline\":\"Die ganze Welt der Qualit\u00e4tskontrolle\",\"datePublished\":\"2016-06-21T03:36:45+00:00\",\"dateModified\":\"2021-02-14T05:08:47+00:00\",\"mainEntityOfPage\":{\"@id\":\"https:\/\/www.m-q.ch\/die-ganze-welt-der-qualitaetskontrolle\/\"},\"wordCount\":1061,\"publisher\":{\"@id\":\"https:\/\/www.m-q.ch\/fr\/#organization\"},\"image\":{\"@id\":\"https:\/\/www.m-q.ch\/die-ganze-welt-der-qualitaetskontrolle\/#primaryimage\"},\"thumbnailUrl\":\"https:\/\/www.m-q.ch\/wp-content\/uploads\/2021\/02\/Die-ganze-Welt-der-Qualitaetskontrolle.jpg\",\"keywords\":[\"06\/2016\"],\"inLanguage\":\"de\"},{\"@type\":\"WebPage\",\"@id\":\"https:\/\/www.m-q.ch\/die-ganze-welt-der-qualitaetskontrolle\/\",\"url\":\"https:\/\/www.m-q.ch\/die-ganze-welt-der-qualitaetskontrolle\/\",\"name\":\"Die ganze Welt der Qualit\u00e4tskontrolle - MQ Management und Qualit\u00e4t\",\"isPartOf\":{\"@id\":\"https:\/\/www.m-q.ch\/fr\/#website\"},\"primaryImageOfPage\":{\"@id\":\"https:\/\/www.m-q.ch\/die-ganze-welt-der-qualitaetskontrolle\/#primaryimage\"},\"image\":{\"@id\":\"https:\/\/www.m-q.ch\/die-ganze-welt-der-qualitaetskontrolle\/#primaryimage\"},\"thumbnailUrl\":\"https:\/\/www.m-q.ch\/wp-content\/uploads\/2021\/02\/Die-ganze-Welt-der-Qualitaetskontrolle.jpg\",\"datePublished\":\"2016-06-21T03:36:45+00:00\",\"dateModified\":\"2021-02-14T05:08:47+00:00\",\"description\":\"914 Aussteller aus 31 Nationen und eine Steigerung der Anzahl Fachbesucher auf 26809 widerspiegeln die 30. Control in der Landesmesse Stuttgart in Zahlen. Die Besucher reisten aus 92 L\u00e4ndern nach Stuttgart. Dies zeigt sowohl die Globalisierung der Produktion als auch, wie zentral diese Messe f\u00fcr den globalen Markt geworden ist.\",\"breadcrumb\":{\"@id\":\"https:\/\/www.m-q.ch\/die-ganze-welt-der-qualitaetskontrolle\/#breadcrumb\"},\"inLanguage\":\"de\",\"potentialAction\":[{\"@type\":\"ReadAction\",\"target\":[\"https:\/\/www.m-q.ch\/die-ganze-welt-der-qualitaetskontrolle\/\"]}]},{\"@type\":\"ImageObject\",\"inLanguage\":\"de\",\"@id\":\"https:\/\/www.m-q.ch\/die-ganze-welt-der-qualitaetskontrolle\/#primaryimage\",\"url\":\"https:\/\/www.m-q.ch\/wp-content\/uploads\/2021\/02\/Die-ganze-Welt-der-Qualitaetskontrolle.jpg\",\"contentUrl\":\"https:\/\/www.m-q.ch\/wp-content\/uploads\/2021\/02\/Die-ganze-Welt-der-Qualitaetskontrolle.jpg\",\"width\":876,\"height\":535,\"caption\":\"Die ganze Welt der Qualit\u00e4tskontrolle\"},{\"@type\":\"BreadcrumbList\",\"@id\":\"https:\/\/www.m-q.ch\/die-ganze-welt-der-qualitaetskontrolle\/#breadcrumb\",\"itemListElement\":[{\"@type\":\"ListItem\",\"position\":1,\"name\":\"Allgemein\",\"item\":\"https:\/\/www.m-q.ch\/kategorie\/allgemein\/\"},{\"@type\":\"ListItem\",\"position\":2,\"name\":\"Die ganze Welt der Qualit\u00e4tskontrolle\"}]},{\"@type\":\"WebSite\",\"@id\":\"https:\/\/www.m-q.ch\/fr\/#website\",\"url\":\"https:\/\/www.m-q.ch\/fr\/\",\"name\":\"MQ Management und Qualit\u00e4t\",\"description\":\"Plattform f\u00fcr integrierte Managementsysteme.\",\"publisher\":{\"@id\":\"https:\/\/www.m-q.ch\/fr\/#organization\"},\"potentialAction\":[{\"@type\":\"SearchAction\",\"target\":{\"@type\":\"EntryPoint\",\"urlTemplate\":\"https:\/\/www.m-q.ch\/fr\/?s={search_term_string}\"},\"query-input\":{\"@type\":\"PropertyValueSpecification\",\"valueRequired\":true,\"valueName\":\"search_term_string\"}}],\"inLanguage\":\"de\"},{\"@type\":\"Organization\",\"@id\":\"https:\/\/www.m-q.ch\/fr\/#organization\",\"name\":\"Galledia Fachmedien AG\",\"url\":\"https:\/\/www.m-q.ch\/fr\/\",\"logo\":{\"@type\":\"ImageObject\",\"inLanguage\":\"de\",\"@id\":\"https:\/\/www.m-q.ch\/fr\/#\/schema\/logo\/image\/\",\"url\":\"https:\/\/www.m-q.ch\/wp-content\/uploads\/2020\/12\/cropped-logo_small.png\",\"contentUrl\":\"https:\/\/www.m-q.ch\/wp-content\/uploads\/2020\/12\/cropped-logo_small.png\",\"width\":512,\"height\":512,\"caption\":\"Galledia Fachmedien AG\"},\"image\":{\"@id\":\"https:\/\/www.m-q.ch\/fr\/#\/schema\/logo\/image\/\"},\"sameAs\":[\"https:\/\/www.facebook.com\/ManagementUndQualitaet\",\"https:\/\/www.linkedin.com\/showcase\/17982321\/admin\/\"]},{\"@type\":\"Person\",\"@id\":\"https:\/\/www.m-q.ch\/fr\/#\/schema\/person\/0bdf39ca27d0b9b779f5b8af54b3f7d7\",\"name\":\"upwork_1\",\"image\":{\"@type\":\"ImageObject\",\"inLanguage\":\"de\",\"@id\":\"https:\/\/www.m-q.ch\/fr\/#\/schema\/person\/image\/\",\"url\":\"https:\/\/secure.gravatar.com\/avatar\/04d4d0fdc5886d535809f17d0eace7f6?s=96&d=mm&r=g\",\"contentUrl\":\"https:\/\/secure.gravatar.com\/avatar\/04d4d0fdc5886d535809f17d0eace7f6?s=96&d=mm&r=g\",\"caption\":\"upwork_1\"},\"url\":\"https:\/\/www.m-q.ch\/de\/author\/upwork_1\/\"}]}<\/script>\n<!-- \/ Yoast SEO plugin. -->","yoast_head_json":{"title":"Die ganze Welt der Qualit\u00e4tskontrolle - MQ Management und Qualit\u00e4t","description":"914 Aussteller aus 31 Nationen und eine Steigerung der Anzahl Fachbesucher auf 26809 widerspiegeln die 30. Control in der Landesmesse Stuttgart in Zahlen. Die Besucher reisten aus 92 L\u00e4ndern nach Stuttgart. Dies zeigt sowohl die Globalisierung der Produktion als auch, wie zentral diese Messe f\u00fcr den globalen Markt geworden ist.","robots":{"index":"index","follow":"follow","max-snippet":"max-snippet:-1","max-image-preview":"max-image-preview:large","max-video-preview":"max-video-preview:-1"},"canonical":"https:\/\/www.m-q.ch\/de\/die-ganze-welt-der-qualitaetskontrolle\/","og_locale":"de_DE","og_type":"article","og_title":"Die ganze Welt der Qualit\u00e4tskontrolle - MQ Management und Qualit\u00e4t","og_description":"914 Aussteller aus 31 Nationen und eine Steigerung der Anzahl Fachbesucher auf 26809 widerspiegeln die 30. Control in der Landesmesse Stuttgart in Zahlen. Die Besucher reisten aus 92 L\u00e4ndern nach Stuttgart. Dies zeigt sowohl die Globalisierung der Produktion als auch, wie zentral diese Messe f\u00fcr den globalen Markt geworden ist.","og_url":"https:\/\/www.m-q.ch\/de\/die-ganze-welt-der-qualitaetskontrolle\/","og_site_name":"MQ Management und Qualit\u00e4t","article_publisher":"https:\/\/www.facebook.com\/ManagementUndQualitaet","article_published_time":"2016-06-21T03:36:45+00:00","article_modified_time":"2021-02-14T05:08:47+00:00","og_image":[{"width":876,"height":535,"url":"https:\/\/www.m-q.ch\/wp-content\/uploads\/2021\/02\/Die-ganze-Welt-der-Qualitaetskontrolle.jpg","type":"image\/jpeg"}],"author":"upwork_1","twitter_card":"summary_large_image","twitter_misc":{"Verfasst von":"upwork_1","Gesch\u00e4tzte Lesezeit":"5\u00a0Minuten"},"schema":{"@context":"https:\/\/schema.org","@graph":[{"@type":"Article","@id":"https:\/\/www.m-q.ch\/die-ganze-welt-der-qualitaetskontrolle\/#article","isPartOf":{"@id":"https:\/\/www.m-q.ch\/die-ganze-welt-der-qualitaetskontrolle\/"},"author":{"name":"upwork_1","@id":"https:\/\/www.m-q.ch\/fr\/#\/schema\/person\/0bdf39ca27d0b9b779f5b8af54b3f7d7"},"headline":"Die ganze Welt der Qualit\u00e4tskontrolle","datePublished":"2016-06-21T03:36:45+00:00","dateModified":"2021-02-14T05:08:47+00:00","mainEntityOfPage":{"@id":"https:\/\/www.m-q.ch\/die-ganze-welt-der-qualitaetskontrolle\/"},"wordCount":1061,"publisher":{"@id":"https:\/\/www.m-q.ch\/fr\/#organization"},"image":{"@id":"https:\/\/www.m-q.ch\/die-ganze-welt-der-qualitaetskontrolle\/#primaryimage"},"thumbnailUrl":"https:\/\/www.m-q.ch\/wp-content\/uploads\/2021\/02\/Die-ganze-Welt-der-Qualitaetskontrolle.jpg","keywords":["06\/2016"],"inLanguage":"de"},{"@type":"WebPage","@id":"https:\/\/www.m-q.ch\/die-ganze-welt-der-qualitaetskontrolle\/","url":"https:\/\/www.m-q.ch\/die-ganze-welt-der-qualitaetskontrolle\/","name":"Die ganze Welt der Qualit\u00e4tskontrolle - MQ Management und Qualit\u00e4t","isPartOf":{"@id":"https:\/\/www.m-q.ch\/fr\/#website"},"primaryImageOfPage":{"@id":"https:\/\/www.m-q.ch\/die-ganze-welt-der-qualitaetskontrolle\/#primaryimage"},"image":{"@id":"https:\/\/www.m-q.ch\/die-ganze-welt-der-qualitaetskontrolle\/#primaryimage"},"thumbnailUrl":"https:\/\/www.m-q.ch\/wp-content\/uploads\/2021\/02\/Die-ganze-Welt-der-Qualitaetskontrolle.jpg","datePublished":"2016-06-21T03:36:45+00:00","dateModified":"2021-02-14T05:08:47+00:00","description":"914 Aussteller aus 31 Nationen und eine Steigerung der Anzahl Fachbesucher auf 26809 widerspiegeln die 30. Control in der Landesmesse Stuttgart in Zahlen. Die Besucher reisten aus 92 L\u00e4ndern nach Stuttgart. Dies zeigt sowohl die Globalisierung der Produktion als auch, wie zentral diese Messe f\u00fcr den globalen Markt geworden ist.","breadcrumb":{"@id":"https:\/\/www.m-q.ch\/die-ganze-welt-der-qualitaetskontrolle\/#breadcrumb"},"inLanguage":"de","potentialAction":[{"@type":"ReadAction","target":["https:\/\/www.m-q.ch\/die-ganze-welt-der-qualitaetskontrolle\/"]}]},{"@type":"ImageObject","inLanguage":"de","@id":"https:\/\/www.m-q.ch\/die-ganze-welt-der-qualitaetskontrolle\/#primaryimage","url":"https:\/\/www.m-q.ch\/wp-content\/uploads\/2021\/02\/Die-ganze-Welt-der-Qualitaetskontrolle.jpg","contentUrl":"https:\/\/www.m-q.ch\/wp-content\/uploads\/2021\/02\/Die-ganze-Welt-der-Qualitaetskontrolle.jpg","width":876,"height":535,"caption":"Die ganze Welt der Qualit\u00e4tskontrolle"},{"@type":"BreadcrumbList","@id":"https:\/\/www.m-q.ch\/die-ganze-welt-der-qualitaetskontrolle\/#breadcrumb","itemListElement":[{"@type":"ListItem","position":1,"name":"Allgemein","item":"https:\/\/www.m-q.ch\/kategorie\/allgemein\/"},{"@type":"ListItem","position":2,"name":"Die ganze Welt der Qualit\u00e4tskontrolle"}]},{"@type":"WebSite","@id":"https:\/\/www.m-q.ch\/fr\/#website","url":"https:\/\/www.m-q.ch\/fr\/","name":"MQ Management und Qualit\u00e4t","description":"Plattform f\u00fcr integrierte Managementsysteme.","publisher":{"@id":"https:\/\/www.m-q.ch\/fr\/#organization"},"potentialAction":[{"@type":"SearchAction","target":{"@type":"EntryPoint","urlTemplate":"https:\/\/www.m-q.ch\/fr\/?s={search_term_string}"},"query-input":{"@type":"PropertyValueSpecification","valueRequired":true,"valueName":"search_term_string"}}],"inLanguage":"de"},{"@type":"Organization","@id":"https:\/\/www.m-q.ch\/fr\/#organization","name":"Galledia Fachmedien AG","url":"https:\/\/www.m-q.ch\/fr\/","logo":{"@type":"ImageObject","inLanguage":"de","@id":"https:\/\/www.m-q.ch\/fr\/#\/schema\/logo\/image\/","url":"https:\/\/www.m-q.ch\/wp-content\/uploads\/2020\/12\/cropped-logo_small.png","contentUrl":"https:\/\/www.m-q.ch\/wp-content\/uploads\/2020\/12\/cropped-logo_small.png","width":512,"height":512,"caption":"Galledia Fachmedien AG"},"image":{"@id":"https:\/\/www.m-q.ch\/fr\/#\/schema\/logo\/image\/"},"sameAs":["https:\/\/www.facebook.com\/ManagementUndQualitaet","https:\/\/www.linkedin.com\/showcase\/17982321\/admin\/"]},{"@type":"Person","@id":"https:\/\/www.m-q.ch\/fr\/#\/schema\/person\/0bdf39ca27d0b9b779f5b8af54b3f7d7","name":"upwork_1","image":{"@type":"ImageObject","inLanguage":"de","@id":"https:\/\/www.m-q.ch\/fr\/#\/schema\/person\/image\/","url":"https:\/\/secure.gravatar.com\/avatar\/04d4d0fdc5886d535809f17d0eace7f6?s=96&d=mm&r=g","contentUrl":"https:\/\/secure.gravatar.com\/avatar\/04d4d0fdc5886d535809f17d0eace7f6?s=96&d=mm&r=g","caption":"upwork_1"},"url":"https:\/\/www.m-q.ch\/de\/author\/upwork_1\/"}]}},"_links":{"self":[{"href":"https:\/\/www.m-q.ch\/de\/wp-json\/wp\/v2\/posts\/11710","targetHints":{"allow":["GET"]}}],"collection":[{"href":"https:\/\/www.m-q.ch\/de\/wp-json\/wp\/v2\/posts"}],"about":[{"href":"https:\/\/www.m-q.ch\/de\/wp-json\/wp\/v2\/types\/post"}],"author":[{"embeddable":true,"href":"https:\/\/www.m-q.ch\/de\/wp-json\/wp\/v2\/users\/66"}],"replies":[{"embeddable":true,"href":"https:\/\/www.m-q.ch\/de\/wp-json\/wp\/v2\/comments?post=11710"}],"version-history":[{"count":1,"href":"https:\/\/www.m-q.ch\/de\/wp-json\/wp\/v2\/posts\/11710\/revisions"}],"predecessor-version":[{"id":11730,"href":"https:\/\/www.m-q.ch\/de\/wp-json\/wp\/v2\/posts\/11710\/revisions\/11730"}],"wp:featuredmedia":[{"embeddable":true,"href":"https:\/\/www.m-q.ch\/de\/wp-json\/wp\/v2\/media\/11711"}],"wp:attachment":[{"href":"https:\/\/www.m-q.ch\/de\/wp-json\/wp\/v2\/media?parent=11710"}],"wp:term":[{"taxonomy":"category","embeddable":true,"href":"https:\/\/www.m-q.ch\/de\/wp-json\/wp\/v2\/categories?post=11710"},{"taxonomy":"post_tag","embeddable":true,"href":"https:\/\/www.m-q.ch\/de\/wp-json\/wp\/v2\/tags?post=11710"}],"curies":[{"name":"wp","href":"https:\/\/api.w.org\/{rel}","templated":true}]}}