{"id":11794,"date":"2016-09-01T08:17:49","date_gmt":"2016-09-01T06:17:49","guid":{"rendered":"https:\/\/www.m-q.ch\/?p=11794"},"modified":"2021-02-14T08:24:06","modified_gmt":"2021-02-14T07:24:06","slug":"18-gefahrguttag-schweiz-im-euroairport-basel-vom-8-juni-2016","status":"publish","type":"post","link":"https:\/\/www.m-q.ch\/de\/18-gefahrguttag-schweiz-im-euroairport-basel-vom-8-juni-2016\/","title":{"rendered":"18. Gefahrguttag Schweiz im EuroAirport Basel vom 8. Juni 2016"},"content":{"rendered":"<p><img loading=\"lazy\" decoding=\"async\" class=\"alignnone size-full wp-image-11802\" src=\"https:\/\/www.m-q.ch\/wp-content\/uploads\/2021\/02\/18.-Gefahrguttag-Schweiz-im-EuroAirport-Basel-vom-8.-Juni-2016.jpg\" alt=\"18. Gefahrguttag Schweiz im EuroAirport Basel vom 8. Juni 2016\" width=\"877\" height=\"576\" srcset=\"https:\/\/www.m-q.ch\/wp-content\/uploads\/2021\/02\/18.-Gefahrguttag-Schweiz-im-EuroAirport-Basel-vom-8.-Juni-2016.jpg 877w, https:\/\/www.m-q.ch\/wp-content\/uploads\/2021\/02\/18.-Gefahrguttag-Schweiz-im-EuroAirport-Basel-vom-8.-Juni-2016-768x504.jpg 768w, https:\/\/www.m-q.ch\/wp-content\/uploads\/2021\/02\/18.-Gefahrguttag-Schweiz-im-EuroAirport-Basel-vom-8.-Juni-2016-16x12.jpg 16w, https:\/\/www.m-q.ch\/wp-content\/uploads\/2021\/02\/18.-Gefahrguttag-Schweiz-im-EuroAirport-Basel-vom-8.-Juni-2016-266x175.jpg 266w, https:\/\/www.m-q.ch\/wp-content\/uploads\/2021\/02\/18.-Gefahrguttag-Schweiz-im-EuroAirport-Basel-vom-8.-Juni-2016-533x350.jpg 533w, https:\/\/www.m-q.ch\/wp-content\/uploads\/2021\/02\/18.-Gefahrguttag-Schweiz-im-EuroAirport-Basel-vom-8.-Juni-2016-300x197.jpg 300w\" sizes=\"auto, (max-width: 877px) 100vw, 877px\" \/><\/p>\n<p>&nbsp;<\/p>\n<p>&nbsp;<\/p>\n<p>Unmengen an entz\u00fcndbaren, \u00e4tzenden, toxischen sowie umweltgef\u00e4hrdenden G\u00fctern werden jeden Tag auf Strasse und Schiene sowie per Schiff und Flugzeug bef\u00f6rdert. Dass diese \u00abG\u00fcter\u00bb sicher am Bestimmungsort ankommen, ist alles andere als selbstverst\u00e4ndlich. Denn wie leicht k\u00f6nnten sie in einem defekten Gebinde stecken, nur nachl\u00e4ssig festgezurrt sein oder zusammen mit weiteren Stoffen transportiert werden, mit denen sie bei einer Freisetzung sofort chemisch reagieren?<\/p>\n<p>&nbsp;<\/p>\n<p>Schwere Unf\u00e4lle mit Gefahrg\u00fctern sind zum Gl\u00fcck sehr selten, doch am Gl\u00fcck allein liegt dies nicht. Vielmehr ist es das bewusste Befolgen detaillierter Vorschriften zu s\u00e4mtlichen Aspekten des Umgangs mit Gefahrgut, das f\u00fcr sichere Verh\u00e4ltnisse sorgt.<\/p>\n<p><strong>Komplexes Regelwerk <\/strong><br \/>\nAngesichts der Mengen an bef\u00f6rderten Gefahrg\u00fctern, der fortschreitenden Globalisierung und der immer schnelleren Entwicklung neuer Produkte und Stoffe braucht es entsprechend fortlaufende Anstrengungen, damit Gefahrguttransporte sicher ans Ziel kommen. Die europ\u00e4ischen \u00dcbereinkommen, die den wesentlichen, in 48 Vertragsstaaten g\u00fcltigen Rahmen f\u00fcr s\u00e4mtliche Aspekte der Bef\u00f6rderung gef\u00e4hrlicher G\u00fcter auf Strasse und Bahn schaffen, werden daher alle zwei Jahre revidiert.<\/p>\n<p>&nbsp;<\/p>\n<p>Beat Schmied vom Bundesamt f\u00fcr Strassen informierte die Teilnehmenden des Gefahrguttags \u00fcber die zu erwartenden Neuerungen in der Ausgabe 2017 des ADR sowie des zugeh\u00f6rigen schweizerischen Regelwerks SDR. Aus Zeitgr\u00fcnden konnte er nicht jede Neuerung im Detail erl\u00e4utern, jedoch wertvolle Hinweise darauf geben, in welchen Teilen des Regelwerks es \u00c4nderungen geben wird. Sehr viele der zu erwartenden Korrekturen sind nur redaktioneller Natur, doch bedeutet dies bei Weitem nicht, dass man sie ignorieren d\u00fcrfte. Denn der Gefahrguttransport ist aufgrund der eingangs erw\u00e4hnten Gefahren sowie der hohen Zahl der mitwirkenden Staaten stark reglementiert. Der Teufel steckt daher oft auch im Detail, wie Tagungsleiter Ralf Mengwasser in seiner Begr\u00fcssungsrede bereits gewarnt hatte. So z\u00e4hlen zu den Neuerungen denn auch einige, die auf den ersten Blick vielleicht wenig einsichtig erscheinen m\u00f6gen. Anderseits wartet das ADR 2017 auch mit sehr brauchbaren \u00c4nderungen auf. Dazu geh\u00f6rt zum Beispiel eine Definition f\u00fcr den bisher nicht festgelegten Begriff \u00abgut bel\u00fcftetes Fahrzeug\u00bb, die Grenzwerte f\u00fcr Kohlendioxid und Sauerstoff in der Luft liefert.<\/p>\n<p><strong>Fachwissen erweitern <\/strong><br \/>\nDie Fachmodule boten wie jedes Jahr die M\u00f6glichkeit, sich in Gruppen einem bestimmten Thema zu widmen und dabei auch Fragen an die Referenten zu stellen oder sich untereinander auszutauschen. Neben einer vertieften Besch\u00e4ftigung mit den kommenden Neuerungen standen sieben weitere Module zur Wahl. Eines davon widmete sich dem Unterhalt von IBC (Intermediate Bulk Container) und Baustellentanks und sch\u00e4lte die Unterschiede und Vorteile der beiden Umschliessungen heraus. Der Baustellentank stellt eine schweizerische Eigenheit dar und darf nur in der Schweiz gem\u00e4ss SDR verwendet werden. Im Gegensatz zum IBC darf er nur mit Diesel bef\u00fcllt werden, wartet aber mit den Vorteilen einer robusteren Bauweise und l\u00e4ngeren Pr\u00fcfintervallen auf. Die Teilnehmer des Moduls diskutierten die Frage des Umgangs mit IBC oder Baustellentanks, bei denen die Pr\u00fcffristen vers\u00e4umt wurden. Ein anderes Modul beleuchtete die oft problematische Klassifizierung von Abf\u00e4llen anhand dreier verschiedener F\u00e4lle und zeigte M\u00f6glichkeiten, wie man mithilfe der verf\u00fcgbaren Regelwerke eine vern\u00fcnftige Einstufung vornehmen kann. Besondere Beachtung fand dabei die Frage des Transports bzw. der korrekten Bezettelung des Gefahrguts. Die Teilnehmer waren sich nicht einig, ob bei einer Freistellung gem\u00e4ss einer Sondervorschrift noch von Gefahrgut gesprochen werden k\u00f6nne oder nicht. Auch hier schien der \u00abTeufel im Detail\u00bb zu stecken, aber angesichts drohender Bussen bei falsch ausgef\u00fcllten Papieren werden aus scheinbaren Details schnell einmal gewichtige Fragen.<\/p>\n<p>&nbsp;<\/p>\n<p>Spezialisten wissen um die Vielzahl der Fallstricke im Gefahrgutrecht und finden sich daher jedes Jahr gerne wieder am Gefahrguttag ein, um \u00e0 jour zu bleiben und dazuzulernen.<\/p>\n<p>&nbsp;<\/p>\n<p>Der Gefahrguttag Schweiz vermittelt dar\u00fcber hinaus auch spezifisches Wissen zum Transport auf Binnengew\u00e4ssern oder in der Luft und erg\u00e4nzt mit Referaten zu verwandten Themen sowie mit Fachmodulen und praktischen \u00dcbungen oder Besichtigungen den theoretischen Teil. Die n\u00e4chste Gelegenheit f\u00fcr Gefahrgutbeauftragte, Vollzugsbeamte, Spediteure oder Hersteller von Gefahrgut sich so umfassend zu informieren, bietet der 19. Gefahrguttag Schweiz vom 14. Juni 2017.<\/p>\n<p>&nbsp;<\/p>\n<p><em>Swiss TS Technical Services AG und GeFaSuisse f\u00fchren j\u00e4hrlich den Gefahrguttag Schweiz durch, indem sie \u00fcber Anpassungen in den europ\u00e4ischen \u00dcbereinkommen \u00fcber die Bef\u00f6rderung gef\u00e4hrlicher G\u00fcter auf der Strasse (ADR) und der Bahn (RID) informieren. www.gefahrguttag.ch<\/em><\/p>\n","protected":false},"excerpt":{"rendered":"<p>&nbsp; &nbsp; Unmengen an entz\u00fcndbaren, \u00e4tzenden, toxischen sowie umweltgef\u00e4hrdenden G\u00fctern werden jeden Tag auf Strasse und Schiene sowie per Schiff und Flugzeug bef\u00f6rdert. Dass diese \u00abG\u00fcter\u00bb sicher am Bestimmungsort ankommen, ist alles andere als selbstverst\u00e4ndlich. Denn wie leicht k\u00f6nnten sie in einem defekten Gebinde stecken, nur nachl\u00e4ssig festgezurrt sein oder zusammen mit weiteren Stoffen transportiert [&hellip;]<\/p>\n","protected":false},"author":66,"featured_media":11802,"comment_status":"closed","ping_status":"closed","sticky":false,"template":"","format":"standard","meta":{"_acf_changed":false,"footnotes":""},"categories":[4448],"tags":[4785],"class_list":["post-11794","post","type-post","status-publish","format-standard","has-post-thumbnail","hentry","category-allgemein","tag-09-2016"],"acf":[],"yoast_head":"<!-- This site is optimized with the Yoast SEO plugin v26.2 - https:\/\/yoast.com\/wordpress\/plugins\/seo\/ -->\n<title>18. Gefahrguttag Schweiz im EuroAirport Basel vom 8. Juni 2016 - MQ Management und Qualit\u00e4t<\/title>\n<meta name=\"description\" content=\"Es ist nicht einfach, sich im Dickicht der europ\u00e4ischenRegelwerke zum Gefahrguttransport zurechtzufinden,zumal sie rund alle zwei Jahre revidiert werden.Eine gute Orientierungshilfe bietet hierbei derGefahrguttag, der auch deshalb l\u00e4ngst zur Institutiongeworden ist.\" \/>\n<meta name=\"robots\" content=\"index, follow, max-snippet:-1, max-image-preview:large, max-video-preview:-1\" \/>\n<link rel=\"canonical\" href=\"https:\/\/www.m-q.ch\/de\/18-gefahrguttag-schweiz-im-euroairport-basel-vom-8-juni-2016\/\" \/>\n<meta property=\"og:locale\" content=\"de_DE\" \/>\n<meta property=\"og:type\" content=\"article\" \/>\n<meta property=\"og:title\" content=\"18. Gefahrguttag Schweiz im EuroAirport Basel vom 8. Juni 2016 - MQ Management und Qualit\u00e4t\" \/>\n<meta property=\"og:description\" content=\"Es ist nicht einfach, sich im Dickicht der europ\u00e4ischenRegelwerke zum Gefahrguttransport zurechtzufinden,zumal sie rund alle zwei Jahre revidiert werden.Eine gute Orientierungshilfe bietet hierbei derGefahrguttag, der auch deshalb l\u00e4ngst zur Institutiongeworden ist.\" \/>\n<meta property=\"og:url\" content=\"https:\/\/www.m-q.ch\/de\/18-gefahrguttag-schweiz-im-euroairport-basel-vom-8-juni-2016\/\" \/>\n<meta property=\"og:site_name\" content=\"MQ Management und Qualit\u00e4t\" \/>\n<meta property=\"article:publisher\" content=\"https:\/\/www.facebook.com\/ManagementUndQualitaet\" \/>\n<meta property=\"article:published_time\" content=\"2016-09-01T06:17:49+00:00\" \/>\n<meta property=\"article:modified_time\" content=\"2021-02-14T07:24:06+00:00\" \/>\n<meta property=\"og:image\" content=\"https:\/\/www.m-q.ch\/wp-content\/uploads\/2021\/02\/18.-Gefahrguttag-Schweiz-im-EuroAirport-Basel-vom-8.-Juni-2016.jpg\" \/>\n\t<meta property=\"og:image:width\" content=\"877\" \/>\n\t<meta property=\"og:image:height\" content=\"576\" \/>\n\t<meta property=\"og:image:type\" content=\"image\/jpeg\" \/>\n<meta name=\"author\" content=\"upwork_1\" \/>\n<meta name=\"twitter:card\" content=\"summary_large_image\" \/>\n<meta name=\"twitter:label1\" content=\"Verfasst von\" \/>\n\t<meta name=\"twitter:data1\" content=\"upwork_1\" \/>\n\t<meta name=\"twitter:label2\" content=\"Gesch\u00e4tzte Lesezeit\" \/>\n\t<meta name=\"twitter:data2\" content=\"4\u00a0Minuten\" \/>\n<script type=\"application\/ld+json\" class=\"yoast-schema-graph\">{\"@context\":\"https:\/\/schema.org\",\"@graph\":[{\"@type\":\"Article\",\"@id\":\"https:\/\/www.m-q.ch\/18-gefahrguttag-schweiz-im-euroairport-basel-vom-8-juni-2016\/#article\",\"isPartOf\":{\"@id\":\"https:\/\/www.m-q.ch\/18-gefahrguttag-schweiz-im-euroairport-basel-vom-8-juni-2016\/\"},\"author\":{\"name\":\"upwork_1\",\"@id\":\"https:\/\/www.m-q.ch\/fr\/#\/schema\/person\/0bdf39ca27d0b9b779f5b8af54b3f7d7\"},\"headline\":\"18. Gefahrguttag Schweiz im EuroAirport Basel vom 8. Juni 2016\",\"datePublished\":\"2016-09-01T06:17:49+00:00\",\"dateModified\":\"2021-02-14T07:24:06+00:00\",\"mainEntityOfPage\":{\"@id\":\"https:\/\/www.m-q.ch\/18-gefahrguttag-schweiz-im-euroairport-basel-vom-8-juni-2016\/\"},\"wordCount\":734,\"publisher\":{\"@id\":\"https:\/\/www.m-q.ch\/fr\/#organization\"},\"image\":{\"@id\":\"https:\/\/www.m-q.ch\/18-gefahrguttag-schweiz-im-euroairport-basel-vom-8-juni-2016\/#primaryimage\"},\"thumbnailUrl\":\"https:\/\/www.m-q.ch\/wp-content\/uploads\/2021\/02\/18.-Gefahrguttag-Schweiz-im-EuroAirport-Basel-vom-8.-Juni-2016.jpg\",\"keywords\":[\"09\/2016\"],\"inLanguage\":\"de\"},{\"@type\":\"WebPage\",\"@id\":\"https:\/\/www.m-q.ch\/18-gefahrguttag-schweiz-im-euroairport-basel-vom-8-juni-2016\/\",\"url\":\"https:\/\/www.m-q.ch\/18-gefahrguttag-schweiz-im-euroairport-basel-vom-8-juni-2016\/\",\"name\":\"18. Gefahrguttag Schweiz im EuroAirport Basel vom 8. Juni 2016 - MQ Management und Qualit\u00e4t\",\"isPartOf\":{\"@id\":\"https:\/\/www.m-q.ch\/fr\/#website\"},\"primaryImageOfPage\":{\"@id\":\"https:\/\/www.m-q.ch\/18-gefahrguttag-schweiz-im-euroairport-basel-vom-8-juni-2016\/#primaryimage\"},\"image\":{\"@id\":\"https:\/\/www.m-q.ch\/18-gefahrguttag-schweiz-im-euroairport-basel-vom-8-juni-2016\/#primaryimage\"},\"thumbnailUrl\":\"https:\/\/www.m-q.ch\/wp-content\/uploads\/2021\/02\/18.-Gefahrguttag-Schweiz-im-EuroAirport-Basel-vom-8.-Juni-2016.jpg\",\"datePublished\":\"2016-09-01T06:17:49+00:00\",\"dateModified\":\"2021-02-14T07:24:06+00:00\",\"description\":\"Es ist nicht einfach, sich im Dickicht der europ\u00e4ischenRegelwerke zum Gefahrguttransport zurechtzufinden,zumal sie rund alle zwei Jahre revidiert werden.Eine gute Orientierungshilfe bietet hierbei derGefahrguttag, der auch deshalb l\u00e4ngst zur Institutiongeworden ist.\",\"breadcrumb\":{\"@id\":\"https:\/\/www.m-q.ch\/18-gefahrguttag-schweiz-im-euroairport-basel-vom-8-juni-2016\/#breadcrumb\"},\"inLanguage\":\"de\",\"potentialAction\":[{\"@type\":\"ReadAction\",\"target\":[\"https:\/\/www.m-q.ch\/18-gefahrguttag-schweiz-im-euroairport-basel-vom-8-juni-2016\/\"]}]},{\"@type\":\"ImageObject\",\"inLanguage\":\"de\",\"@id\":\"https:\/\/www.m-q.ch\/18-gefahrguttag-schweiz-im-euroairport-basel-vom-8-juni-2016\/#primaryimage\",\"url\":\"https:\/\/www.m-q.ch\/wp-content\/uploads\/2021\/02\/18.-Gefahrguttag-Schweiz-im-EuroAirport-Basel-vom-8.-Juni-2016.jpg\",\"contentUrl\":\"https:\/\/www.m-q.ch\/wp-content\/uploads\/2021\/02\/18.-Gefahrguttag-Schweiz-im-EuroAirport-Basel-vom-8.-Juni-2016.jpg\",\"width\":877,\"height\":576,\"caption\":\"18. Gefahrguttag Schweiz im EuroAirport Basel vom 8. Juni 2016\"},{\"@type\":\"BreadcrumbList\",\"@id\":\"https:\/\/www.m-q.ch\/18-gefahrguttag-schweiz-im-euroairport-basel-vom-8-juni-2016\/#breadcrumb\",\"itemListElement\":[{\"@type\":\"ListItem\",\"position\":1,\"name\":\"Allgemein\",\"item\":\"https:\/\/www.m-q.ch\/kategorie\/allgemein\/\"},{\"@type\":\"ListItem\",\"position\":2,\"name\":\"18. Gefahrguttag Schweiz im EuroAirport Basel vom 8. Juni 2016\"}]},{\"@type\":\"WebSite\",\"@id\":\"https:\/\/www.m-q.ch\/fr\/#website\",\"url\":\"https:\/\/www.m-q.ch\/fr\/\",\"name\":\"MQ Management und Qualit\u00e4t\",\"description\":\"Plattform f\u00fcr integrierte Managementsysteme.\",\"publisher\":{\"@id\":\"https:\/\/www.m-q.ch\/fr\/#organization\"},\"potentialAction\":[{\"@type\":\"SearchAction\",\"target\":{\"@type\":\"EntryPoint\",\"urlTemplate\":\"https:\/\/www.m-q.ch\/fr\/?s={search_term_string}\"},\"query-input\":{\"@type\":\"PropertyValueSpecification\",\"valueRequired\":true,\"valueName\":\"search_term_string\"}}],\"inLanguage\":\"de\"},{\"@type\":\"Organization\",\"@id\":\"https:\/\/www.m-q.ch\/fr\/#organization\",\"name\":\"Galledia Fachmedien AG\",\"url\":\"https:\/\/www.m-q.ch\/fr\/\",\"logo\":{\"@type\":\"ImageObject\",\"inLanguage\":\"de\",\"@id\":\"https:\/\/www.m-q.ch\/fr\/#\/schema\/logo\/image\/\",\"url\":\"https:\/\/www.m-q.ch\/wp-content\/uploads\/2020\/12\/cropped-logo_small.png\",\"contentUrl\":\"https:\/\/www.m-q.ch\/wp-content\/uploads\/2020\/12\/cropped-logo_small.png\",\"width\":512,\"height\":512,\"caption\":\"Galledia Fachmedien AG\"},\"image\":{\"@id\":\"https:\/\/www.m-q.ch\/fr\/#\/schema\/logo\/image\/\"},\"sameAs\":[\"https:\/\/www.facebook.com\/ManagementUndQualitaet\",\"https:\/\/www.linkedin.com\/showcase\/17982321\/admin\/\"]},{\"@type\":\"Person\",\"@id\":\"https:\/\/www.m-q.ch\/fr\/#\/schema\/person\/0bdf39ca27d0b9b779f5b8af54b3f7d7\",\"name\":\"upwork_1\",\"image\":{\"@type\":\"ImageObject\",\"inLanguage\":\"de\",\"@id\":\"https:\/\/www.m-q.ch\/fr\/#\/schema\/person\/image\/\",\"url\":\"https:\/\/secure.gravatar.com\/avatar\/04d4d0fdc5886d535809f17d0eace7f6?s=96&d=mm&r=g\",\"contentUrl\":\"https:\/\/secure.gravatar.com\/avatar\/04d4d0fdc5886d535809f17d0eace7f6?s=96&d=mm&r=g\",\"caption\":\"upwork_1\"},\"url\":\"https:\/\/www.m-q.ch\/de\/author\/upwork_1\/\"}]}<\/script>\n<!-- \/ Yoast SEO plugin. -->","yoast_head_json":{"title":"18. Gefahrguttag Schweiz im EuroAirport Basel vom 8. Juni 2016 - MQ Management und Qualit\u00e4t","description":"Es ist nicht einfach, sich im Dickicht der europ\u00e4ischenRegelwerke zum Gefahrguttransport zurechtzufinden,zumal sie rund alle zwei Jahre revidiert werden.Eine gute Orientierungshilfe bietet hierbei derGefahrguttag, der auch deshalb l\u00e4ngst zur Institutiongeworden ist.","robots":{"index":"index","follow":"follow","max-snippet":"max-snippet:-1","max-image-preview":"max-image-preview:large","max-video-preview":"max-video-preview:-1"},"canonical":"https:\/\/www.m-q.ch\/de\/18-gefahrguttag-schweiz-im-euroairport-basel-vom-8-juni-2016\/","og_locale":"de_DE","og_type":"article","og_title":"18. Gefahrguttag Schweiz im EuroAirport Basel vom 8. Juni 2016 - MQ Management und Qualit\u00e4t","og_description":"Es ist nicht einfach, sich im Dickicht der europ\u00e4ischenRegelwerke zum Gefahrguttransport zurechtzufinden,zumal sie rund alle zwei Jahre revidiert werden.Eine gute Orientierungshilfe bietet hierbei derGefahrguttag, der auch deshalb l\u00e4ngst zur Institutiongeworden ist.","og_url":"https:\/\/www.m-q.ch\/de\/18-gefahrguttag-schweiz-im-euroairport-basel-vom-8-juni-2016\/","og_site_name":"MQ Management und Qualit\u00e4t","article_publisher":"https:\/\/www.facebook.com\/ManagementUndQualitaet","article_published_time":"2016-09-01T06:17:49+00:00","article_modified_time":"2021-02-14T07:24:06+00:00","og_image":[{"width":877,"height":576,"url":"https:\/\/www.m-q.ch\/wp-content\/uploads\/2021\/02\/18.-Gefahrguttag-Schweiz-im-EuroAirport-Basel-vom-8.-Juni-2016.jpg","type":"image\/jpeg"}],"author":"upwork_1","twitter_card":"summary_large_image","twitter_misc":{"Verfasst von":"upwork_1","Gesch\u00e4tzte Lesezeit":"4\u00a0Minuten"},"schema":{"@context":"https:\/\/schema.org","@graph":[{"@type":"Article","@id":"https:\/\/www.m-q.ch\/18-gefahrguttag-schweiz-im-euroairport-basel-vom-8-juni-2016\/#article","isPartOf":{"@id":"https:\/\/www.m-q.ch\/18-gefahrguttag-schweiz-im-euroairport-basel-vom-8-juni-2016\/"},"author":{"name":"upwork_1","@id":"https:\/\/www.m-q.ch\/fr\/#\/schema\/person\/0bdf39ca27d0b9b779f5b8af54b3f7d7"},"headline":"18. Gefahrguttag Schweiz im EuroAirport Basel vom 8. Juni 2016","datePublished":"2016-09-01T06:17:49+00:00","dateModified":"2021-02-14T07:24:06+00:00","mainEntityOfPage":{"@id":"https:\/\/www.m-q.ch\/18-gefahrguttag-schweiz-im-euroairport-basel-vom-8-juni-2016\/"},"wordCount":734,"publisher":{"@id":"https:\/\/www.m-q.ch\/fr\/#organization"},"image":{"@id":"https:\/\/www.m-q.ch\/18-gefahrguttag-schweiz-im-euroairport-basel-vom-8-juni-2016\/#primaryimage"},"thumbnailUrl":"https:\/\/www.m-q.ch\/wp-content\/uploads\/2021\/02\/18.-Gefahrguttag-Schweiz-im-EuroAirport-Basel-vom-8.-Juni-2016.jpg","keywords":["09\/2016"],"inLanguage":"de"},{"@type":"WebPage","@id":"https:\/\/www.m-q.ch\/18-gefahrguttag-schweiz-im-euroairport-basel-vom-8-juni-2016\/","url":"https:\/\/www.m-q.ch\/18-gefahrguttag-schweiz-im-euroairport-basel-vom-8-juni-2016\/","name":"18. Gefahrguttag Schweiz im EuroAirport Basel vom 8. Juni 2016 - MQ Management und Qualit\u00e4t","isPartOf":{"@id":"https:\/\/www.m-q.ch\/fr\/#website"},"primaryImageOfPage":{"@id":"https:\/\/www.m-q.ch\/18-gefahrguttag-schweiz-im-euroairport-basel-vom-8-juni-2016\/#primaryimage"},"image":{"@id":"https:\/\/www.m-q.ch\/18-gefahrguttag-schweiz-im-euroairport-basel-vom-8-juni-2016\/#primaryimage"},"thumbnailUrl":"https:\/\/www.m-q.ch\/wp-content\/uploads\/2021\/02\/18.-Gefahrguttag-Schweiz-im-EuroAirport-Basel-vom-8.-Juni-2016.jpg","datePublished":"2016-09-01T06:17:49+00:00","dateModified":"2021-02-14T07:24:06+00:00","description":"Es ist nicht einfach, sich im Dickicht der europ\u00e4ischenRegelwerke zum Gefahrguttransport zurechtzufinden,zumal sie rund alle zwei Jahre revidiert werden.Eine gute Orientierungshilfe bietet hierbei derGefahrguttag, der auch deshalb l\u00e4ngst zur Institutiongeworden ist.","breadcrumb":{"@id":"https:\/\/www.m-q.ch\/18-gefahrguttag-schweiz-im-euroairport-basel-vom-8-juni-2016\/#breadcrumb"},"inLanguage":"de","potentialAction":[{"@type":"ReadAction","target":["https:\/\/www.m-q.ch\/18-gefahrguttag-schweiz-im-euroairport-basel-vom-8-juni-2016\/"]}]},{"@type":"ImageObject","inLanguage":"de","@id":"https:\/\/www.m-q.ch\/18-gefahrguttag-schweiz-im-euroairport-basel-vom-8-juni-2016\/#primaryimage","url":"https:\/\/www.m-q.ch\/wp-content\/uploads\/2021\/02\/18.-Gefahrguttag-Schweiz-im-EuroAirport-Basel-vom-8.-Juni-2016.jpg","contentUrl":"https:\/\/www.m-q.ch\/wp-content\/uploads\/2021\/02\/18.-Gefahrguttag-Schweiz-im-EuroAirport-Basel-vom-8.-Juni-2016.jpg","width":877,"height":576,"caption":"18. Gefahrguttag Schweiz im EuroAirport Basel vom 8. Juni 2016"},{"@type":"BreadcrumbList","@id":"https:\/\/www.m-q.ch\/18-gefahrguttag-schweiz-im-euroairport-basel-vom-8-juni-2016\/#breadcrumb","itemListElement":[{"@type":"ListItem","position":1,"name":"Allgemein","item":"https:\/\/www.m-q.ch\/kategorie\/allgemein\/"},{"@type":"ListItem","position":2,"name":"18. Gefahrguttag Schweiz im EuroAirport Basel vom 8. Juni 2016"}]},{"@type":"WebSite","@id":"https:\/\/www.m-q.ch\/fr\/#website","url":"https:\/\/www.m-q.ch\/fr\/","name":"MQ Management und Qualit\u00e4t","description":"Plattform f\u00fcr integrierte Managementsysteme.","publisher":{"@id":"https:\/\/www.m-q.ch\/fr\/#organization"},"potentialAction":[{"@type":"SearchAction","target":{"@type":"EntryPoint","urlTemplate":"https:\/\/www.m-q.ch\/fr\/?s={search_term_string}"},"query-input":{"@type":"PropertyValueSpecification","valueRequired":true,"valueName":"search_term_string"}}],"inLanguage":"de"},{"@type":"Organization","@id":"https:\/\/www.m-q.ch\/fr\/#organization","name":"Galledia Fachmedien AG","url":"https:\/\/www.m-q.ch\/fr\/","logo":{"@type":"ImageObject","inLanguage":"de","@id":"https:\/\/www.m-q.ch\/fr\/#\/schema\/logo\/image\/","url":"https:\/\/www.m-q.ch\/wp-content\/uploads\/2020\/12\/cropped-logo_small.png","contentUrl":"https:\/\/www.m-q.ch\/wp-content\/uploads\/2020\/12\/cropped-logo_small.png","width":512,"height":512,"caption":"Galledia Fachmedien AG"},"image":{"@id":"https:\/\/www.m-q.ch\/fr\/#\/schema\/logo\/image\/"},"sameAs":["https:\/\/www.facebook.com\/ManagementUndQualitaet","https:\/\/www.linkedin.com\/showcase\/17982321\/admin\/"]},{"@type":"Person","@id":"https:\/\/www.m-q.ch\/fr\/#\/schema\/person\/0bdf39ca27d0b9b779f5b8af54b3f7d7","name":"upwork_1","image":{"@type":"ImageObject","inLanguage":"de","@id":"https:\/\/www.m-q.ch\/fr\/#\/schema\/person\/image\/","url":"https:\/\/secure.gravatar.com\/avatar\/04d4d0fdc5886d535809f17d0eace7f6?s=96&d=mm&r=g","contentUrl":"https:\/\/secure.gravatar.com\/avatar\/04d4d0fdc5886d535809f17d0eace7f6?s=96&d=mm&r=g","caption":"upwork_1"},"url":"https:\/\/www.m-q.ch\/de\/author\/upwork_1\/"}]}},"_links":{"self":[{"href":"https:\/\/www.m-q.ch\/de\/wp-json\/wp\/v2\/posts\/11794","targetHints":{"allow":["GET"]}}],"collection":[{"href":"https:\/\/www.m-q.ch\/de\/wp-json\/wp\/v2\/posts"}],"about":[{"href":"https:\/\/www.m-q.ch\/de\/wp-json\/wp\/v2\/types\/post"}],"author":[{"embeddable":true,"href":"https:\/\/www.m-q.ch\/de\/wp-json\/wp\/v2\/users\/66"}],"replies":[{"embeddable":true,"href":"https:\/\/www.m-q.ch\/de\/wp-json\/wp\/v2\/comments?post=11794"}],"version-history":[{"count":1,"href":"https:\/\/www.m-q.ch\/de\/wp-json\/wp\/v2\/posts\/11794\/revisions"}],"predecessor-version":[{"id":11803,"href":"https:\/\/www.m-q.ch\/de\/wp-json\/wp\/v2\/posts\/11794\/revisions\/11803"}],"wp:featuredmedia":[{"embeddable":true,"href":"https:\/\/www.m-q.ch\/de\/wp-json\/wp\/v2\/media\/11802"}],"wp:attachment":[{"href":"https:\/\/www.m-q.ch\/de\/wp-json\/wp\/v2\/media?parent=11794"}],"wp:term":[{"taxonomy":"category","embeddable":true,"href":"https:\/\/www.m-q.ch\/de\/wp-json\/wp\/v2\/categories?post=11794"},{"taxonomy":"post_tag","embeddable":true,"href":"https:\/\/www.m-q.ch\/de\/wp-json\/wp\/v2\/tags?post=11794"}],"curies":[{"name":"wp","href":"https:\/\/api.w.org\/{rel}","templated":true}]}}