{"id":11813,"date":"2016-08-13T08:44:42","date_gmt":"2016-08-13T06:44:42","guid":{"rendered":"https:\/\/www.m-q.ch\/?p=11813"},"modified":"2021-02-14T08:58:09","modified_gmt":"2021-02-14T07:58:09","slug":"schweiz-und-globale-risiken","status":"publish","type":"post","link":"https:\/\/www.m-q.ch\/de\/schweiz-und-globale-risiken\/","title":{"rendered":"Schweiz und globale Risiken"},"content":{"rendered":"<p><img loading=\"lazy\" decoding=\"async\" class=\"alignnone size-full wp-image-11814\" src=\"https:\/\/www.m-q.ch\/wp-content\/uploads\/2021\/02\/Schweiz-und-globale-Risiken.jpg\" alt=\"Schweiz und globale Risiken\" width=\"872\" height=\"504\" srcset=\"https:\/\/www.m-q.ch\/wp-content\/uploads\/2021\/02\/Schweiz-und-globale-Risiken.jpg 872w, https:\/\/www.m-q.ch\/wp-content\/uploads\/2021\/02\/Schweiz-und-globale-Risiken-768x444.jpg 768w, https:\/\/www.m-q.ch\/wp-content\/uploads\/2021\/02\/Schweiz-und-globale-Risiken-16x9.jpg 16w, https:\/\/www.m-q.ch\/wp-content\/uploads\/2021\/02\/Schweiz-und-globale-Risiken-303x175.jpg 303w, https:\/\/www.m-q.ch\/wp-content\/uploads\/2021\/02\/Schweiz-und-globale-Risiken-606x350.jpg 606w, https:\/\/www.m-q.ch\/wp-content\/uploads\/2021\/02\/Schweiz-und-globale-Risiken-300x173.jpg 300w\" sizes=\"auto, (max-width: 872px) 100vw, 872px\" \/><\/p>\n<p>&nbsp;<\/p>\n<p>&nbsp;<\/p>\n<p>&nbsp;<\/p>\n<p><em><strong>P<\/strong><\/em>olitische Blindfl\u00fcge zwischen Paris und Moskau, die instabile Wirtschaft in Asien, Krisen in Schwellenl\u00e4ndern wie Brasilien oder Chile, ein urpl\u00f6tzlicher Brexit: Durch die volatile Wirtschaftslage und die zunehmende Zahl der Insolvenzen steigt beispielsweise das Risiko, dass Unternehmen auf ihren Rechnungen sitzen bleiben. Eigentlich sch\u00fctzt davor eine Kreditversicherung. Zweifellos, der offizielle Brexit, der seit dem 23. Juni 2016 die Europ\u00e4ische Union durchzuckt, ist nach wie vor eine neblige Reise ins Ungewisse, was die zuk\u00fcnftige Konjunktur und Entwicklung der Weltm\u00e4rkte angeht. Auch ohne den politischen Sonderstatus des Commonwealth kommt es wieder und wieder zu Absenkungen des britischen Pfunds und des Euro.<\/p>\n<p>&nbsp;<\/p>\n<p>Studien von Kreditexperten unterstreichen: Erstmals seit sieben Jahren steigen die weltweiten Insolvenzen wieder an. Das betrifft nicht nur Schwellenl\u00e4nder wie Brasilien oder Taiwan, sondern auch die wichtigsten Handelspartner der Schweizer Exportunternehmen. Der Kreditversicherer Euler Hermes notierte 2015 in den USA drei Prozent mehr Unternehmenspleiten, in China sogar ein Plus von zwanzig Prozent, in Britannien ein Prozent<\/p>\n<p>&nbsp;<\/p>\n<p>Wie ist nun die Situation f\u00fcr Schweizer KMU? Inzwischen ist das Risiko f\u00fcr W\u00e4hrungsverluste so hoch, dass Versicherer ihre Limite k\u00fcrzen. W\u00e4hrend man in anderen L\u00e4ndern l\u00e4ngst mit unk\u00fcndbaren Limiten darauf reagiert hat, ist diese Art der Absicherung bei den etablierten Kreditversicherern in der Schweiz und in Deutschland noch keine Alternative.<\/p>\n<p><strong>Strukturprobleme<\/strong><br \/>\nNicht nur der der Brexit fordert seinen Tribut. Es kursieren Kurseinbr\u00fcche weltweit. Euler Hermes unterstreicht im Export-RisikoMonitor von 2016, dass rasante Kurs\u00e4nderungen \u00abauch Unternehmen treffen, um deren Bonit\u00e4t es eigentlich gut bestellt ist.\u00bb So werden etwa durch die sinkenden \u00d6lpreise oder die Stahl\u00fcberproduktion in China ganze Branchen unterwandert \u2013 und damit automatisch auch der einzelne Stahlh\u00e4ndler oder das einzelne Energieunternehmen schlechter bewertet.<\/p>\n<p>&nbsp;<\/p>\n<p>Gleichwohl k\u00f6nnte die Schweiz wirtschaftlich nicht so stark wie Deutschland tangiert werden in naher Zukunft. Schweizer Sektoren, die es aus regulatorischen Gr\u00fcnden am schwierigsten haben werden in den n\u00e4chsten Zeiten: Maschinen-, Elektro- und Metallindustrie, einheimische Agrokultur, Lebensmittel und Chemie<\/p>\n<p>&nbsp;<\/p>\n<p>So kommt es nicht von ungef\u00e4hr, dass bereits im vergangenen Jahr Jobs abgebaut wurden: Tausende Jobs wurden in der Schweiz gestrichen oder durch Kurzarbeit betroffen. Unternehmen aus der Industrie hat es besonders gebeutelt. Nach der Aufgabe des Mindestkurses durch die Schweizerische Nationalbank Anfang 2015 kamen exportorientierte Betriebe durch den st\u00e4rkeren Franken unter Druck.<\/p>\n<p>&nbsp;<\/p>\n<p><em><strong>Das heisst jedoch auch f\u00fcr einen Versicherer: Die Versicherungslimiten senken oder fixieren.<\/strong><\/em><\/p>\n<p>&nbsp;<\/p>\n<p>Turbulent f\u00fcr Exportunternehmen war es also schon vor dem Brexit. Die Produktion in der Schweiz wurde in den letzten Jahren durch neue Technologieanforderungen und Energiegesetze durchkreuzt. Beispielsweise musste der Schindler-Konzern 120 Stellen am Hauptsitz in Ebikon, Luzern, streichen, weil die Produktion von Aufzugskomponenten, die Ausr\u00fcstung und Wartung der Fahrst\u00fchle neue Dimensionen erreicht.<\/p>\n<p>&nbsp;<\/p>\n<p>Nicht nur viele kleine Technologieund Forschungsbetriebe m\u00fcssen ihre Gesch\u00e4ftsmodelle neu definieren, ganze Abteilungen streichen oder in billigere Produktionsl\u00e4nder verschieben. Wie gr\u00f6ssere Agenturen berichten, stehen nun vermehrt auch erfolgreiche Sektoren Kursrisiken gegen\u00fcber.<\/p>\n<p><strong>Alternative zu Versicherungen?<\/strong><br \/>\nDer Neuenburger LuxusuhrwerkHersteller Vaucher Manufacture Fleurier (VMF) baut \u00fcber einen Drittel seiner Jobs ab. Der Konzern sieht die Massenentlassung als einzige M\u00f6glichkeit, um seine Zukunft l\u00e4ngerfristig zu sichern. Sogar Luxusg\u00fcterkonzerne wie Richemont brillieren nicht mehr so sehr. Der Schweizer Konzern m\u00f6chte in diesem Jahr bis zu 350 Stellen in der Romandie streichen. Der Grosskonzern begr\u00fcndet diesen Abbau mit dem starken Franken sowie der Flaute im europ\u00e4ischen Tourismus.<\/p>\n<p>&nbsp;<\/p>\n<p>Solche Beispiele m\u00fcssten deutliche Signale sein, die Risikobewertung anzupassen. Denn mit potentiellen Unternehmensschliessungen steigt auch die Menge der unbezahlten Rechnungen. \u00abBei den momentan turbulenten M\u00e4rkten sieht Euler Hermes eine Reihe von n\u00f6tigen Massnahmen, um die Rentabilit\u00e4t zu sch\u00fctzen\u00bb, heisst es im ersten Quartalsbericht des Kreditversicherers<\/p>\n<p>&nbsp;<\/p>\n<p>Euler Hermes steht damit nicht alleine da: Die Gesellschaft f\u00fcr Liquidit\u00e4t, GFL, hat in den letzten Monaten festgestellt, dass auch andere Versicherer wie Atradius oder Coface immer mehr ihre Limiten senken oder Absicherungen von vornherein ablehnen.<\/p>\n<p>&nbsp;<\/p>\n<p>\u00abDer Kreditversicherer erf\u00fcllt damit eine Fr\u00fchwarnfunktion\u00bb, sagt GFL-Gesch\u00e4ftsf\u00fchrer Marcus Sarafin. \u00abDer Kunde merkt, dass das Gesch\u00e4ftsrisiko gestiegen ist und kann darauf reagieren.\u00bb Gerecht sei das System allerdings nicht: \u00abDer Kunde hat in guten Zeiten stets bezahlt, doch sobald die Lage schwierig wird, steht er im Regen.\u00bb<\/p>\n<p>&nbsp;<\/p>\n<p>Allein nicht k\u00fcndbare Deckungen k\u00f6nnten eine L\u00f6sung bieten, die, wie der Name schon andeutet, von Versichererseite her (\u00fcber eine fixe Dauer, in der Regel zw\u00f6lf Monate) geregelt wird. Somit m\u00fcsste der versicherte Unternehmer gut f\u00fcr die kommenden Monate Volumen und Risiko bew\u00e4ltigen k\u00f6nnen. Diverse Versicherer im Ausland bieten solche L\u00f6sungen bereits an, bei den langj\u00e4hrig etablierten Anbietern in Deutschland und der Schweiz ist diese Art der Limite jedoch nicht so beliebt. Vielleicht auch deswegen: Ein entsprechendes Volumen \u2013 Limitgr\u00f6sse ab etwa f\u00fcnf Millionen US-Dollar aufw\u00e4rts \u2013 ist dabei Voraussetzung.<\/p>\n<p>&nbsp;<\/p>\n<p>Wie k\u00f6nnten sich kleine- und mittelst\u00e4ndische Schweizer Betriebe trotzdem gegen die nebul\u00f6se, europaweite Wirtschaftslage nach dem Brexit f\u00fcr kommende Monate absichern? Es gibt zurzeit weder einen umfassenden Schutz noch eine L\u00f6sung. Regionale Betriebe k\u00f6nnten vielleicht ihre administrativen Kosten noch besser kontrollieren. Es empfiehlt sich, in \u00fcberschaubare L\u00e4nder und Gesch\u00e4ftsbereiche zu investieren.<\/p>\n","protected":false},"excerpt":{"rendered":"<p>&nbsp; &nbsp; &nbsp; Politische Blindfl\u00fcge zwischen Paris und Moskau, die instabile Wirtschaft in Asien, Krisen in Schwellenl\u00e4ndern wie Brasilien oder Chile, ein urpl\u00f6tzlicher Brexit: Durch die volatile Wirtschaftslage und die zunehmende Zahl der Insolvenzen steigt beispielsweise das Risiko, dass Unternehmen auf ihren Rechnungen sitzen bleiben. Eigentlich sch\u00fctzt davor eine Kreditversicherung. Zweifellos, der offizielle Brexit, der [&hellip;]<\/p>\n","protected":false},"author":66,"featured_media":11814,"comment_status":"closed","ping_status":"closed","sticky":false,"template":"","format":"standard","meta":{"_acf_changed":false,"footnotes":""},"categories":[4],"tags":[4784],"class_list":["post-11813","post","type-post","status-publish","format-standard","has-post-thumbnail","hentry","category-risikomanagement","tag-07-08-2016"],"acf":[],"yoast_head":"<!-- This site is optimized with the Yoast SEO plugin v26.2 - https:\/\/yoast.com\/wordpress\/plugins\/seo\/ -->\n<title>Schweiz und globale Risiken - MQ Management und Qualit\u00e4t<\/title>\n<meta name=\"description\" content=\"In vielen Wachstumsm\u00e4rkten, offenbar auchin England, steigen die Risiken zur sinkendenZahlungsmoral. 2016 wurden mehr Insolvenzen beiExportbetrieben sowie strategische Auslagerungenins nahe Ausland verzeichnet. Welche Absicherungsbed\u00fcrfnisse sind nun f\u00fcr in der Schweiz t\u00e4tigeUnternehmen gegeben?\" \/>\n<meta name=\"robots\" content=\"index, follow, max-snippet:-1, max-image-preview:large, max-video-preview:-1\" \/>\n<link rel=\"canonical\" href=\"https:\/\/www.m-q.ch\/de\/schweiz-und-globale-risiken\/\" \/>\n<meta property=\"og:locale\" content=\"de_DE\" \/>\n<meta property=\"og:type\" content=\"article\" \/>\n<meta property=\"og:title\" content=\"Schweiz und globale Risiken - MQ Management und Qualit\u00e4t\" \/>\n<meta property=\"og:description\" content=\"In vielen Wachstumsm\u00e4rkten, offenbar auchin England, steigen die Risiken zur sinkendenZahlungsmoral. 2016 wurden mehr Insolvenzen beiExportbetrieben sowie strategische Auslagerungenins nahe Ausland verzeichnet. Welche Absicherungsbed\u00fcrfnisse sind nun f\u00fcr in der Schweiz t\u00e4tigeUnternehmen gegeben?\" \/>\n<meta property=\"og:url\" content=\"https:\/\/www.m-q.ch\/de\/schweiz-und-globale-risiken\/\" \/>\n<meta property=\"og:site_name\" content=\"MQ Management und Qualit\u00e4t\" \/>\n<meta property=\"article:publisher\" content=\"https:\/\/www.facebook.com\/ManagementUndQualitaet\" \/>\n<meta property=\"article:published_time\" content=\"2016-08-13T06:44:42+00:00\" \/>\n<meta property=\"article:modified_time\" content=\"2021-02-14T07:58:09+00:00\" \/>\n<meta property=\"og:image\" content=\"https:\/\/www.m-q.ch\/wp-content\/uploads\/2021\/02\/Schweiz-und-globale-Risiken.jpg\" \/>\n\t<meta property=\"og:image:width\" content=\"872\" \/>\n\t<meta property=\"og:image:height\" content=\"504\" \/>\n\t<meta property=\"og:image:type\" content=\"image\/jpeg\" \/>\n<meta name=\"author\" content=\"upwork_1\" \/>\n<meta name=\"twitter:card\" content=\"summary_large_image\" \/>\n<meta name=\"twitter:label1\" content=\"Verfasst von\" \/>\n\t<meta name=\"twitter:data1\" content=\"upwork_1\" \/>\n\t<meta name=\"twitter:label2\" content=\"Gesch\u00e4tzte Lesezeit\" \/>\n\t<meta name=\"twitter:data2\" content=\"4\u00a0Minuten\" \/>\n<script type=\"application\/ld+json\" class=\"yoast-schema-graph\">{\"@context\":\"https:\/\/schema.org\",\"@graph\":[{\"@type\":\"Article\",\"@id\":\"https:\/\/www.m-q.ch\/schweiz-und-globale-risiken\/#article\",\"isPartOf\":{\"@id\":\"https:\/\/www.m-q.ch\/schweiz-und-globale-risiken\/\"},\"author\":{\"name\":\"upwork_1\",\"@id\":\"https:\/\/www.m-q.ch\/fr\/#\/schema\/person\/0bdf39ca27d0b9b779f5b8af54b3f7d7\"},\"headline\":\"Schweiz und globale Risiken\",\"datePublished\":\"2016-08-13T06:44:42+00:00\",\"dateModified\":\"2021-02-14T07:58:09+00:00\",\"mainEntityOfPage\":{\"@id\":\"https:\/\/www.m-q.ch\/schweiz-und-globale-risiken\/\"},\"wordCount\":877,\"publisher\":{\"@id\":\"https:\/\/www.m-q.ch\/fr\/#organization\"},\"image\":{\"@id\":\"https:\/\/www.m-q.ch\/schweiz-und-globale-risiken\/#primaryimage\"},\"thumbnailUrl\":\"https:\/\/www.m-q.ch\/wp-content\/uploads\/2021\/02\/Schweiz-und-globale-Risiken.jpg\",\"keywords\":[\"07\u201308\/2016\"],\"articleSection\":[\"Risikomanagement\"],\"inLanguage\":\"de\"},{\"@type\":\"WebPage\",\"@id\":\"https:\/\/www.m-q.ch\/schweiz-und-globale-risiken\/\",\"url\":\"https:\/\/www.m-q.ch\/schweiz-und-globale-risiken\/\",\"name\":\"Schweiz und globale Risiken - MQ Management und Qualit\u00e4t\",\"isPartOf\":{\"@id\":\"https:\/\/www.m-q.ch\/fr\/#website\"},\"primaryImageOfPage\":{\"@id\":\"https:\/\/www.m-q.ch\/schweiz-und-globale-risiken\/#primaryimage\"},\"image\":{\"@id\":\"https:\/\/www.m-q.ch\/schweiz-und-globale-risiken\/#primaryimage\"},\"thumbnailUrl\":\"https:\/\/www.m-q.ch\/wp-content\/uploads\/2021\/02\/Schweiz-und-globale-Risiken.jpg\",\"datePublished\":\"2016-08-13T06:44:42+00:00\",\"dateModified\":\"2021-02-14T07:58:09+00:00\",\"description\":\"In vielen Wachstumsm\u00e4rkten, offenbar auchin England, steigen die Risiken zur sinkendenZahlungsmoral. 2016 wurden mehr Insolvenzen beiExportbetrieben sowie strategische Auslagerungenins nahe Ausland verzeichnet. Welche Absicherungsbed\u00fcrfnisse sind nun f\u00fcr in der Schweiz t\u00e4tigeUnternehmen gegeben?\",\"breadcrumb\":{\"@id\":\"https:\/\/www.m-q.ch\/schweiz-und-globale-risiken\/#breadcrumb\"},\"inLanguage\":\"de\",\"potentialAction\":[{\"@type\":\"ReadAction\",\"target\":[\"https:\/\/www.m-q.ch\/schweiz-und-globale-risiken\/\"]}]},{\"@type\":\"ImageObject\",\"inLanguage\":\"de\",\"@id\":\"https:\/\/www.m-q.ch\/schweiz-und-globale-risiken\/#primaryimage\",\"url\":\"https:\/\/www.m-q.ch\/wp-content\/uploads\/2021\/02\/Schweiz-und-globale-Risiken.jpg\",\"contentUrl\":\"https:\/\/www.m-q.ch\/wp-content\/uploads\/2021\/02\/Schweiz-und-globale-Risiken.jpg\",\"width\":872,\"height\":504,\"caption\":\"Schweiz und globale Risiken\"},{\"@type\":\"BreadcrumbList\",\"@id\":\"https:\/\/www.m-q.ch\/schweiz-und-globale-risiken\/#breadcrumb\",\"itemListElement\":[{\"@type\":\"ListItem\",\"position\":1,\"name\":\"Risikomanagement\",\"item\":\"https:\/\/www.m-q.ch\/kategorie\/risikomanagement\/\"},{\"@type\":\"ListItem\",\"position\":2,\"name\":\"Schweiz und globale Risiken\"}]},{\"@type\":\"WebSite\",\"@id\":\"https:\/\/www.m-q.ch\/fr\/#website\",\"url\":\"https:\/\/www.m-q.ch\/fr\/\",\"name\":\"MQ Management und Qualit\u00e4t\",\"description\":\"Plattform f\u00fcr integrierte Managementsysteme.\",\"publisher\":{\"@id\":\"https:\/\/www.m-q.ch\/fr\/#organization\"},\"potentialAction\":[{\"@type\":\"SearchAction\",\"target\":{\"@type\":\"EntryPoint\",\"urlTemplate\":\"https:\/\/www.m-q.ch\/fr\/?s={search_term_string}\"},\"query-input\":{\"@type\":\"PropertyValueSpecification\",\"valueRequired\":true,\"valueName\":\"search_term_string\"}}],\"inLanguage\":\"de\"},{\"@type\":\"Organization\",\"@id\":\"https:\/\/www.m-q.ch\/fr\/#organization\",\"name\":\"Galledia Fachmedien AG\",\"url\":\"https:\/\/www.m-q.ch\/fr\/\",\"logo\":{\"@type\":\"ImageObject\",\"inLanguage\":\"de\",\"@id\":\"https:\/\/www.m-q.ch\/fr\/#\/schema\/logo\/image\/\",\"url\":\"https:\/\/www.m-q.ch\/wp-content\/uploads\/2020\/12\/cropped-logo_small.png\",\"contentUrl\":\"https:\/\/www.m-q.ch\/wp-content\/uploads\/2020\/12\/cropped-logo_small.png\",\"width\":512,\"height\":512,\"caption\":\"Galledia Fachmedien AG\"},\"image\":{\"@id\":\"https:\/\/www.m-q.ch\/fr\/#\/schema\/logo\/image\/\"},\"sameAs\":[\"https:\/\/www.facebook.com\/ManagementUndQualitaet\",\"https:\/\/www.linkedin.com\/showcase\/17982321\/admin\/\"]},{\"@type\":\"Person\",\"@id\":\"https:\/\/www.m-q.ch\/fr\/#\/schema\/person\/0bdf39ca27d0b9b779f5b8af54b3f7d7\",\"name\":\"upwork_1\",\"image\":{\"@type\":\"ImageObject\",\"inLanguage\":\"de\",\"@id\":\"https:\/\/www.m-q.ch\/fr\/#\/schema\/person\/image\/\",\"url\":\"https:\/\/secure.gravatar.com\/avatar\/04d4d0fdc5886d535809f17d0eace7f6?s=96&d=mm&r=g\",\"contentUrl\":\"https:\/\/secure.gravatar.com\/avatar\/04d4d0fdc5886d535809f17d0eace7f6?s=96&d=mm&r=g\",\"caption\":\"upwork_1\"},\"url\":\"https:\/\/www.m-q.ch\/de\/author\/upwork_1\/\"}]}<\/script>\n<!-- \/ Yoast SEO plugin. -->","yoast_head_json":{"title":"Schweiz und globale Risiken - MQ Management und Qualit\u00e4t","description":"In vielen Wachstumsm\u00e4rkten, offenbar auchin England, steigen die Risiken zur sinkendenZahlungsmoral. 2016 wurden mehr Insolvenzen beiExportbetrieben sowie strategische Auslagerungenins nahe Ausland verzeichnet. Welche Absicherungsbed\u00fcrfnisse sind nun f\u00fcr in der Schweiz t\u00e4tigeUnternehmen gegeben?","robots":{"index":"index","follow":"follow","max-snippet":"max-snippet:-1","max-image-preview":"max-image-preview:large","max-video-preview":"max-video-preview:-1"},"canonical":"https:\/\/www.m-q.ch\/de\/schweiz-und-globale-risiken\/","og_locale":"de_DE","og_type":"article","og_title":"Schweiz und globale Risiken - MQ Management und Qualit\u00e4t","og_description":"In vielen Wachstumsm\u00e4rkten, offenbar auchin England, steigen die Risiken zur sinkendenZahlungsmoral. 2016 wurden mehr Insolvenzen beiExportbetrieben sowie strategische Auslagerungenins nahe Ausland verzeichnet. Welche Absicherungsbed\u00fcrfnisse sind nun f\u00fcr in der Schweiz t\u00e4tigeUnternehmen gegeben?","og_url":"https:\/\/www.m-q.ch\/de\/schweiz-und-globale-risiken\/","og_site_name":"MQ Management und Qualit\u00e4t","article_publisher":"https:\/\/www.facebook.com\/ManagementUndQualitaet","article_published_time":"2016-08-13T06:44:42+00:00","article_modified_time":"2021-02-14T07:58:09+00:00","og_image":[{"width":872,"height":504,"url":"https:\/\/www.m-q.ch\/wp-content\/uploads\/2021\/02\/Schweiz-und-globale-Risiken.jpg","type":"image\/jpeg"}],"author":"upwork_1","twitter_card":"summary_large_image","twitter_misc":{"Verfasst von":"upwork_1","Gesch\u00e4tzte Lesezeit":"4\u00a0Minuten"},"schema":{"@context":"https:\/\/schema.org","@graph":[{"@type":"Article","@id":"https:\/\/www.m-q.ch\/schweiz-und-globale-risiken\/#article","isPartOf":{"@id":"https:\/\/www.m-q.ch\/schweiz-und-globale-risiken\/"},"author":{"name":"upwork_1","@id":"https:\/\/www.m-q.ch\/fr\/#\/schema\/person\/0bdf39ca27d0b9b779f5b8af54b3f7d7"},"headline":"Schweiz und globale Risiken","datePublished":"2016-08-13T06:44:42+00:00","dateModified":"2021-02-14T07:58:09+00:00","mainEntityOfPage":{"@id":"https:\/\/www.m-q.ch\/schweiz-und-globale-risiken\/"},"wordCount":877,"publisher":{"@id":"https:\/\/www.m-q.ch\/fr\/#organization"},"image":{"@id":"https:\/\/www.m-q.ch\/schweiz-und-globale-risiken\/#primaryimage"},"thumbnailUrl":"https:\/\/www.m-q.ch\/wp-content\/uploads\/2021\/02\/Schweiz-und-globale-Risiken.jpg","keywords":["07\u201308\/2016"],"articleSection":["Risikomanagement"],"inLanguage":"de"},{"@type":"WebPage","@id":"https:\/\/www.m-q.ch\/schweiz-und-globale-risiken\/","url":"https:\/\/www.m-q.ch\/schweiz-und-globale-risiken\/","name":"Schweiz und globale Risiken - MQ Management und Qualit\u00e4t","isPartOf":{"@id":"https:\/\/www.m-q.ch\/fr\/#website"},"primaryImageOfPage":{"@id":"https:\/\/www.m-q.ch\/schweiz-und-globale-risiken\/#primaryimage"},"image":{"@id":"https:\/\/www.m-q.ch\/schweiz-und-globale-risiken\/#primaryimage"},"thumbnailUrl":"https:\/\/www.m-q.ch\/wp-content\/uploads\/2021\/02\/Schweiz-und-globale-Risiken.jpg","datePublished":"2016-08-13T06:44:42+00:00","dateModified":"2021-02-14T07:58:09+00:00","description":"In vielen Wachstumsm\u00e4rkten, offenbar auchin England, steigen die Risiken zur sinkendenZahlungsmoral. 2016 wurden mehr Insolvenzen beiExportbetrieben sowie strategische Auslagerungenins nahe Ausland verzeichnet. Welche Absicherungsbed\u00fcrfnisse sind nun f\u00fcr in der Schweiz t\u00e4tigeUnternehmen gegeben?","breadcrumb":{"@id":"https:\/\/www.m-q.ch\/schweiz-und-globale-risiken\/#breadcrumb"},"inLanguage":"de","potentialAction":[{"@type":"ReadAction","target":["https:\/\/www.m-q.ch\/schweiz-und-globale-risiken\/"]}]},{"@type":"ImageObject","inLanguage":"de","@id":"https:\/\/www.m-q.ch\/schweiz-und-globale-risiken\/#primaryimage","url":"https:\/\/www.m-q.ch\/wp-content\/uploads\/2021\/02\/Schweiz-und-globale-Risiken.jpg","contentUrl":"https:\/\/www.m-q.ch\/wp-content\/uploads\/2021\/02\/Schweiz-und-globale-Risiken.jpg","width":872,"height":504,"caption":"Schweiz und globale Risiken"},{"@type":"BreadcrumbList","@id":"https:\/\/www.m-q.ch\/schweiz-und-globale-risiken\/#breadcrumb","itemListElement":[{"@type":"ListItem","position":1,"name":"Risikomanagement","item":"https:\/\/www.m-q.ch\/kategorie\/risikomanagement\/"},{"@type":"ListItem","position":2,"name":"Schweiz und globale Risiken"}]},{"@type":"WebSite","@id":"https:\/\/www.m-q.ch\/fr\/#website","url":"https:\/\/www.m-q.ch\/fr\/","name":"MQ Management und Qualit\u00e4t","description":"Plattform f\u00fcr integrierte Managementsysteme.","publisher":{"@id":"https:\/\/www.m-q.ch\/fr\/#organization"},"potentialAction":[{"@type":"SearchAction","target":{"@type":"EntryPoint","urlTemplate":"https:\/\/www.m-q.ch\/fr\/?s={search_term_string}"},"query-input":{"@type":"PropertyValueSpecification","valueRequired":true,"valueName":"search_term_string"}}],"inLanguage":"de"},{"@type":"Organization","@id":"https:\/\/www.m-q.ch\/fr\/#organization","name":"Galledia Fachmedien AG","url":"https:\/\/www.m-q.ch\/fr\/","logo":{"@type":"ImageObject","inLanguage":"de","@id":"https:\/\/www.m-q.ch\/fr\/#\/schema\/logo\/image\/","url":"https:\/\/www.m-q.ch\/wp-content\/uploads\/2020\/12\/cropped-logo_small.png","contentUrl":"https:\/\/www.m-q.ch\/wp-content\/uploads\/2020\/12\/cropped-logo_small.png","width":512,"height":512,"caption":"Galledia Fachmedien AG"},"image":{"@id":"https:\/\/www.m-q.ch\/fr\/#\/schema\/logo\/image\/"},"sameAs":["https:\/\/www.facebook.com\/ManagementUndQualitaet","https:\/\/www.linkedin.com\/showcase\/17982321\/admin\/"]},{"@type":"Person","@id":"https:\/\/www.m-q.ch\/fr\/#\/schema\/person\/0bdf39ca27d0b9b779f5b8af54b3f7d7","name":"upwork_1","image":{"@type":"ImageObject","inLanguage":"de","@id":"https:\/\/www.m-q.ch\/fr\/#\/schema\/person\/image\/","url":"https:\/\/secure.gravatar.com\/avatar\/04d4d0fdc5886d535809f17d0eace7f6?s=96&d=mm&r=g","contentUrl":"https:\/\/secure.gravatar.com\/avatar\/04d4d0fdc5886d535809f17d0eace7f6?s=96&d=mm&r=g","caption":"upwork_1"},"url":"https:\/\/www.m-q.ch\/de\/author\/upwork_1\/"}]}},"_links":{"self":[{"href":"https:\/\/www.m-q.ch\/de\/wp-json\/wp\/v2\/posts\/11813","targetHints":{"allow":["GET"]}}],"collection":[{"href":"https:\/\/www.m-q.ch\/de\/wp-json\/wp\/v2\/posts"}],"about":[{"href":"https:\/\/www.m-q.ch\/de\/wp-json\/wp\/v2\/types\/post"}],"author":[{"embeddable":true,"href":"https:\/\/www.m-q.ch\/de\/wp-json\/wp\/v2\/users\/66"}],"replies":[{"embeddable":true,"href":"https:\/\/www.m-q.ch\/de\/wp-json\/wp\/v2\/comments?post=11813"}],"version-history":[{"count":1,"href":"https:\/\/www.m-q.ch\/de\/wp-json\/wp\/v2\/posts\/11813\/revisions"}],"predecessor-version":[{"id":11817,"href":"https:\/\/www.m-q.ch\/de\/wp-json\/wp\/v2\/posts\/11813\/revisions\/11817"}],"wp:featuredmedia":[{"embeddable":true,"href":"https:\/\/www.m-q.ch\/de\/wp-json\/wp\/v2\/media\/11814"}],"wp:attachment":[{"href":"https:\/\/www.m-q.ch\/de\/wp-json\/wp\/v2\/media?parent=11813"}],"wp:term":[{"taxonomy":"category","embeddable":true,"href":"https:\/\/www.m-q.ch\/de\/wp-json\/wp\/v2\/categories?post=11813"},{"taxonomy":"post_tag","embeddable":true,"href":"https:\/\/www.m-q.ch\/de\/wp-json\/wp\/v2\/tags?post=11813"}],"curies":[{"name":"wp","href":"https:\/\/api.w.org\/{rel}","templated":true}]}}