{"id":11874,"date":"2015-02-25T08:51:54","date_gmt":"2015-02-25T07:51:54","guid":{"rendered":"https:\/\/www.m-q.ch\/?p=11874"},"modified":"2021-02-15T09:14:25","modified_gmt":"2021-02-15T08:14:25","slug":"die-schwierige-rede-und-das-motto","status":"publish","type":"post","link":"https:\/\/www.m-q.ch\/de\/die-schwierige-rede-und-das-motto\/","title":{"rendered":"Die schwierige Rede und das Motto"},"content":{"rendered":"<p>\u00abMeine Damen und Herren, ich trete heute vor Sie, um Sie \u00fcber eine einschneidende Massnahme zu orientieren\u00bb, beginnt nun Hannes zu tippen. Hannes h\u00e4lt inne: \u00abTreten \u00bb \u2013 das h\u00f6rt sich doch zu sehr nach \u00abvor die Schmitte treten\u00bb an \u2013 klingt dabei zu dramatisch. Also, denkt er, lieber direkter:<\/p>\n<p>&nbsp;<\/p>\n<p>\u00abMeine Damen und Herren\u00bb \u2013 dies ist wohl etwas f\u00f6rmlich, distanziert, schiesst es Hannes durch den Kopf. \u00abLiebe Mitarbeiterinnen und Mitarbeiter \u00bb. Genau, das dr\u00fcckt Wertsch\u00e4tzung aus, das steht so im Leitbild. Also: \u00abLiebe Mitarbeiterinnen und Mitarbeiter, ich informiere Sie heute \u00fcber eine einschneidende \u2026\u00bb \u2013 Nein, das gef\u00e4llt Hannes nicht. \u00abEinschneidende Massnahme\u00bb klingt, als ob wir den Betrieb gleich schliessen m\u00fcssten. Dabei verlagern wir nur dahin, wo die M\u00e4rkte sind. Im Grunde gehen wir n\u00e4her zum Kunden. Genau (!), \u00abKundenn\u00e4he\u00bb m\u00f6chten wir eigentlich. Hannes: \u00abDas h\u00f6rt sich nicht nach Abbau, sondern nach Aufbau neuer Distributionskan\u00e4le an.\u00bb<\/p>\n<p>&nbsp;<\/p>\n<p><em><strong>\u00abKundenn\u00e4he\u00bb m\u00f6chten wir eigentlich.<\/strong><\/em><\/p>\n<p>&nbsp;<\/p>\n<p>Hannes ger\u00e4t \u00fcber der Tastatur in Fahrt.<\/p>\n<p>&nbsp;<\/p>\n<p><em>\u00abLiebe Mitarbeiterinnen und Mitarbeiter. <\/em><\/p>\n<p>Ich freue mich, Sie \u00fcber unsere neue Strategie f\u00fcr mehr Kundenn\u00e4he zu orientieren. Ann\u00e4herung der Distributionskan\u00e4le ist das Rezept, das allerdings auch Opfer fordert.\u00bb Nein, \u00abOpfer\u00bb geht gar nicht. Change-Projekte sind \u00abChancen\u00bb. \u00abWir haben die einmalige Chance, uns mit der Neuausrichtung im Markt besser zu positionieren.\u00bb Ja, das passt. Es soll positiv daherkommen. Nichts von \u00abgesundschrumpfen \u00bb, das w\u00fcrde bedeuten, dass wir vorher \u00abkrank-gewachsen\u00bb sind!<\/p>\n<p>&nbsp;<\/p>\n<p>\u00abFokussierung auf die zentralen Kerngesch\u00e4fte\u00bb \u2013 ja, das muss rein. \u00abDie Gr\u00fcnde f\u00fcr diese Neuausrichtungen sind vor allem Markteinfl\u00fcsse aus Billiglohnl\u00e4ndern.\u00bb \u00abMarkteinfl\u00fcsse \u00bb \u2013 Hannes streicht das Wort, es erweckt den Eindruck von Fremdbestimmung. \u00abWir passen uns dem technologisch-demagogischen Wandel an und sind in der Globalisierung ein aktiver Player.\u00bb Das ist gut. Hannes sp\u00fcrt, dass es richtig ist, solche frohe Botschaften pers\u00f6nlich zu kommunizieren. Die Rede soll noch angereichert werden mit ein paar wohlklingenden Adjektiven wie \u00abnachhaltig\u00bb, \u00abergebnisorientiert\u00bb, \u00abstufengerecht\u00bb, \u00abwin-win\u00bb, \u00aboptimiert \u00bb, \u00abschlank\u00bb und unverzichtbaren Substantiven wie \u00abState-of-the- Art\u00bb, \u00abStreitkultur\u00bb, \u00abDenkanstoss\u00bb.<\/p>\n<p>&nbsp;<\/p>\n<p>Wenn wir noch ein stimmiges Rahmenmotto setzen, denkt sich Hannes, wird die Stimmung heute Nachmittag diejenige des Jubil\u00e4umsevents toppen. Hannes denkt nach. \u00abFit-for-future\u00bb, das klingt gut. Abgek\u00fcrzt mit \u00abfi-fo-fu\u00bb wirkt es weltoffen mit passendem Asia-Touch. Als H\u00e4ppchen schweben Hannes \u00abfi-fofu \u00bb-Spiesse vor, die den Zusammenhalt der Mitarbeitenden nicht nur f\u00f6rdern, sondern auch symbolisieren. Wir k\u00e4mpfen alle am gleichen Spiess, dachte er, stolz darauf, eine Redewendung gefunden zu haben. Mit diesen stand er n\u00e4mlich normalerweise auf Kriegsfuss. Wir schlagen punktgenau zu, dass es den anderen schmerzt und die fettesten St\u00fccke h\u00e4ngen bleiben. Hannes ist \u00fcberzeugt, dass er einen rhetorischen Joke landet. Mit Fisch f\u00fcr \u00abfi\u00bb, Fohlen f\u00fcr \u00abfo\u00bb und Fuchs f\u00fcr \u00abfu\u00bb findet er nicht nur die passenden Fleisch-Ingredienzen zu dieser kulinarischpsychologischen Metapher, sondern auch den Symbolgehalt f\u00fcr die Neuausrichtung: Fisch f\u00fcr Anpassung, Fohlen f\u00fcr dynamisch, energievoll und schnell, Fuchs f\u00fcr schlau. Hannes ist mit sich zufrieden.<\/p>\n<p>&nbsp;<\/p>\n<p><em><strong>Hannes schaut auf die Uhr \u2013 er muss noch den Fisch bestellen.<\/strong><\/em><\/p>\n<p>&nbsp;<\/p>\n<p>Auf dem Bildschirm steht nun: \u00abLiebe Mitarbeiterinnen und Mitarbeiter. Ich freue mich, Sie \u00fcber unsere neue nachhaltige Strategie f\u00fcr mehr ergebnisorientierte Kundenn\u00e4he zu orientieren. Wir haben die einmalige Chance, uns mit einer stufengerechten Neuausrichtung im schlanken und optimierten Markt zu positionieren. Wir passen uns dem technologisch-demagogischen Wandel an und sind in der Globalisierung ein aktiver Player. Dabei fokussieren wir vermehrt auf unsere St\u00e4rken und die zentralen Kerngesch\u00e4fte und schaffen mit dieser State- of-the-Art eine Win-win-Streitkultur, die uns eine Kultur der permanenten Denkanst\u00f6sse verschafft. Deshalb freut es mich, Sie getreu unserem neuen Motto \u2039Fi-Fo- Fu\u203a (fit-for-future) zu Fisch-Fohlenund- Fuchs-Spiessen einzuladen.\u00bb<\/p>\n<p>&nbsp;<\/p>\n<p>Hannes schaut auf die Uhr \u2013 die Orientierung geht bald los und er muss noch den Fisch bestellen. Hoffentlich bekommt das Essen auch allen.<\/p>\n","protected":false},"excerpt":{"rendered":"<p>\u00abMeine Damen und Herren, ich trete heute vor Sie, um Sie \u00fcber eine einschneidende Massnahme zu orientieren\u00bb, beginnt nun Hannes zu tippen. Hannes h\u00e4lt inne: \u00abTreten \u00bb \u2013 das h\u00f6rt sich doch zu sehr nach \u00abvor die Schmitte treten\u00bb an \u2013 klingt dabei zu dramatisch. Also, denkt er, lieber direkter: &nbsp; \u00abMeine Damen und Herren\u00bb [&hellip;]<\/p>\n","protected":false},"author":62,"featured_media":0,"comment_status":"closed","ping_status":"closed","sticky":false,"template":"","format":"standard","meta":{"_acf_changed":false,"footnotes":""},"categories":[4448],"tags":[4786],"class_list":["post-11874","post","type-post","status-publish","format-standard","hentry","category-allgemein","tag-01-02-2015"],"acf":[],"yoast_head":"<!-- This site is optimized with the Yoast SEO plugin v26.2 - https:\/\/yoast.com\/wordpress\/plugins\/seo\/ -->\n<title>Die schwierige Rede und das Motto - MQ Management und Qualit\u00e4t<\/title>\n<meta name=\"description\" content=\"Lustlos sitzt Hannes vor dem Computer.Die Zeit dr\u00e4ngt. Als CEOeines internationalen Industriekonzernsmuss er die Belegschaftheute Nachmittag \u00fcber die misslichefinanzielle Lage des Unternehmensorientieren. Diese keineswegsfrohe Botschaft \u00fcbertrifft die nackteAnk\u00fcndigung, dass ein betr\u00e4chtlicherTeil der Produktion nach Asienverlegt wird.\" \/>\n<meta name=\"robots\" content=\"index, follow, max-snippet:-1, max-image-preview:large, max-video-preview:-1\" \/>\n<link rel=\"canonical\" href=\"https:\/\/www.m-q.ch\/de\/die-schwierige-rede-und-das-motto\/\" \/>\n<meta property=\"og:locale\" content=\"de_DE\" \/>\n<meta property=\"og:type\" content=\"article\" \/>\n<meta property=\"og:title\" content=\"Die schwierige Rede und das Motto - MQ Management und Qualit\u00e4t\" \/>\n<meta property=\"og:description\" content=\"Lustlos sitzt Hannes vor dem Computer.Die Zeit dr\u00e4ngt. Als CEOeines internationalen Industriekonzernsmuss er die Belegschaftheute Nachmittag \u00fcber die misslichefinanzielle Lage des Unternehmensorientieren. Diese keineswegsfrohe Botschaft \u00fcbertrifft die nackteAnk\u00fcndigung, dass ein betr\u00e4chtlicherTeil der Produktion nach Asienverlegt wird.\" \/>\n<meta property=\"og:url\" content=\"https:\/\/www.m-q.ch\/de\/die-schwierige-rede-und-das-motto\/\" \/>\n<meta property=\"og:site_name\" content=\"MQ Management und Qualit\u00e4t\" \/>\n<meta property=\"article:publisher\" content=\"https:\/\/www.facebook.com\/ManagementUndQualitaet\" \/>\n<meta property=\"article:published_time\" content=\"2015-02-25T07:51:54+00:00\" \/>\n<meta property=\"article:modified_time\" content=\"2021-02-15T08:14:25+00:00\" \/>\n<meta name=\"author\" content=\"upwork_2\" \/>\n<meta name=\"twitter:card\" content=\"summary_large_image\" \/>\n<meta name=\"twitter:label1\" content=\"Verfasst von\" \/>\n\t<meta name=\"twitter:data1\" content=\"upwork_2\" \/>\n\t<meta name=\"twitter:label2\" content=\"Gesch\u00e4tzte Lesezeit\" \/>\n\t<meta name=\"twitter:data2\" content=\"3\u00a0Minuten\" \/>\n<script type=\"application\/ld+json\" class=\"yoast-schema-graph\">{\"@context\":\"https:\/\/schema.org\",\"@graph\":[{\"@type\":\"Article\",\"@id\":\"https:\/\/www.m-q.ch\/die-schwierige-rede-und-das-motto\/#article\",\"isPartOf\":{\"@id\":\"https:\/\/www.m-q.ch\/die-schwierige-rede-und-das-motto\/\"},\"author\":{\"name\":\"upwork_2\",\"@id\":\"https:\/\/www.m-q.ch\/fr\/#\/schema\/person\/71f647a41e4a3e361e6230f5134f3ba9\"},\"headline\":\"Die schwierige Rede und das Motto\",\"datePublished\":\"2015-02-25T07:51:54+00:00\",\"dateModified\":\"2021-02-15T08:14:25+00:00\",\"mainEntityOfPage\":{\"@id\":\"https:\/\/www.m-q.ch\/die-schwierige-rede-und-das-motto\/\"},\"wordCount\":648,\"publisher\":{\"@id\":\"https:\/\/www.m-q.ch\/fr\/#organization\"},\"keywords\":[\"01\u2013 02\/2015\"],\"inLanguage\":\"de\"},{\"@type\":\"WebPage\",\"@id\":\"https:\/\/www.m-q.ch\/die-schwierige-rede-und-das-motto\/\",\"url\":\"https:\/\/www.m-q.ch\/die-schwierige-rede-und-das-motto\/\",\"name\":\"Die schwierige Rede und das Motto - MQ Management und Qualit\u00e4t\",\"isPartOf\":{\"@id\":\"https:\/\/www.m-q.ch\/fr\/#website\"},\"datePublished\":\"2015-02-25T07:51:54+00:00\",\"dateModified\":\"2021-02-15T08:14:25+00:00\",\"description\":\"Lustlos sitzt Hannes vor dem Computer.Die Zeit dr\u00e4ngt. Als CEOeines internationalen Industriekonzernsmuss er die Belegschaftheute Nachmittag \u00fcber die misslichefinanzielle Lage des Unternehmensorientieren. Diese keineswegsfrohe Botschaft \u00fcbertrifft die nackteAnk\u00fcndigung, dass ein betr\u00e4chtlicherTeil der Produktion nach Asienverlegt wird.\",\"breadcrumb\":{\"@id\":\"https:\/\/www.m-q.ch\/die-schwierige-rede-und-das-motto\/#breadcrumb\"},\"inLanguage\":\"de\",\"potentialAction\":[{\"@type\":\"ReadAction\",\"target\":[\"https:\/\/www.m-q.ch\/die-schwierige-rede-und-das-motto\/\"]}]},{\"@type\":\"BreadcrumbList\",\"@id\":\"https:\/\/www.m-q.ch\/die-schwierige-rede-und-das-motto\/#breadcrumb\",\"itemListElement\":[{\"@type\":\"ListItem\",\"position\":1,\"name\":\"Allgemein\",\"item\":\"https:\/\/www.m-q.ch\/kategorie\/allgemein\/\"},{\"@type\":\"ListItem\",\"position\":2,\"name\":\"Die schwierige Rede und das Motto\"}]},{\"@type\":\"WebSite\",\"@id\":\"https:\/\/www.m-q.ch\/fr\/#website\",\"url\":\"https:\/\/www.m-q.ch\/fr\/\",\"name\":\"MQ Management und Qualit\u00e4t\",\"description\":\"Plattform f\u00fcr integrierte Managementsysteme.\",\"publisher\":{\"@id\":\"https:\/\/www.m-q.ch\/fr\/#organization\"},\"potentialAction\":[{\"@type\":\"SearchAction\",\"target\":{\"@type\":\"EntryPoint\",\"urlTemplate\":\"https:\/\/www.m-q.ch\/fr\/?s={search_term_string}\"},\"query-input\":{\"@type\":\"PropertyValueSpecification\",\"valueRequired\":true,\"valueName\":\"search_term_string\"}}],\"inLanguage\":\"de\"},{\"@type\":\"Organization\",\"@id\":\"https:\/\/www.m-q.ch\/fr\/#organization\",\"name\":\"Galledia Fachmedien AG\",\"url\":\"https:\/\/www.m-q.ch\/fr\/\",\"logo\":{\"@type\":\"ImageObject\",\"inLanguage\":\"de\",\"@id\":\"https:\/\/www.m-q.ch\/fr\/#\/schema\/logo\/image\/\",\"url\":\"https:\/\/www.m-q.ch\/wp-content\/uploads\/2020\/12\/cropped-logo_small.png\",\"contentUrl\":\"https:\/\/www.m-q.ch\/wp-content\/uploads\/2020\/12\/cropped-logo_small.png\",\"width\":512,\"height\":512,\"caption\":\"Galledia Fachmedien AG\"},\"image\":{\"@id\":\"https:\/\/www.m-q.ch\/fr\/#\/schema\/logo\/image\/\"},\"sameAs\":[\"https:\/\/www.facebook.com\/ManagementUndQualitaet\",\"https:\/\/www.linkedin.com\/showcase\/17982321\/admin\/\"]},{\"@type\":\"Person\",\"@id\":\"https:\/\/www.m-q.ch\/fr\/#\/schema\/person\/71f647a41e4a3e361e6230f5134f3ba9\",\"name\":\"upwork_2\",\"image\":{\"@type\":\"ImageObject\",\"inLanguage\":\"de\",\"@id\":\"https:\/\/www.m-q.ch\/fr\/#\/schema\/person\/image\/\",\"url\":\"https:\/\/secure.gravatar.com\/avatar\/777b90ab56092bbf3c85feacda5c1bce?s=96&d=mm&r=g\",\"contentUrl\":\"https:\/\/secure.gravatar.com\/avatar\/777b90ab56092bbf3c85feacda5c1bce?s=96&d=mm&r=g\",\"caption\":\"upwork_2\"},\"url\":\"https:\/\/www.m-q.ch\/de\/author\/upwork_2\/\"}]}<\/script>\n<!-- \/ Yoast SEO plugin. -->","yoast_head_json":{"title":"Die schwierige Rede und das Motto - MQ Management und Qualit\u00e4t","description":"Lustlos sitzt Hannes vor dem Computer.Die Zeit dr\u00e4ngt. Als CEOeines internationalen Industriekonzernsmuss er die Belegschaftheute Nachmittag \u00fcber die misslichefinanzielle Lage des Unternehmensorientieren. Diese keineswegsfrohe Botschaft \u00fcbertrifft die nackteAnk\u00fcndigung, dass ein betr\u00e4chtlicherTeil der Produktion nach Asienverlegt wird.","robots":{"index":"index","follow":"follow","max-snippet":"max-snippet:-1","max-image-preview":"max-image-preview:large","max-video-preview":"max-video-preview:-1"},"canonical":"https:\/\/www.m-q.ch\/de\/die-schwierige-rede-und-das-motto\/","og_locale":"de_DE","og_type":"article","og_title":"Die schwierige Rede und das Motto - MQ Management und Qualit\u00e4t","og_description":"Lustlos sitzt Hannes vor dem Computer.Die Zeit dr\u00e4ngt. Als CEOeines internationalen Industriekonzernsmuss er die Belegschaftheute Nachmittag \u00fcber die misslichefinanzielle Lage des Unternehmensorientieren. Diese keineswegsfrohe Botschaft \u00fcbertrifft die nackteAnk\u00fcndigung, dass ein betr\u00e4chtlicherTeil der Produktion nach Asienverlegt wird.","og_url":"https:\/\/www.m-q.ch\/de\/die-schwierige-rede-und-das-motto\/","og_site_name":"MQ Management und Qualit\u00e4t","article_publisher":"https:\/\/www.facebook.com\/ManagementUndQualitaet","article_published_time":"2015-02-25T07:51:54+00:00","article_modified_time":"2021-02-15T08:14:25+00:00","author":"upwork_2","twitter_card":"summary_large_image","twitter_misc":{"Verfasst von":"upwork_2","Gesch\u00e4tzte Lesezeit":"3\u00a0Minuten"},"schema":{"@context":"https:\/\/schema.org","@graph":[{"@type":"Article","@id":"https:\/\/www.m-q.ch\/die-schwierige-rede-und-das-motto\/#article","isPartOf":{"@id":"https:\/\/www.m-q.ch\/die-schwierige-rede-und-das-motto\/"},"author":{"name":"upwork_2","@id":"https:\/\/www.m-q.ch\/fr\/#\/schema\/person\/71f647a41e4a3e361e6230f5134f3ba9"},"headline":"Die schwierige Rede und das Motto","datePublished":"2015-02-25T07:51:54+00:00","dateModified":"2021-02-15T08:14:25+00:00","mainEntityOfPage":{"@id":"https:\/\/www.m-q.ch\/die-schwierige-rede-und-das-motto\/"},"wordCount":648,"publisher":{"@id":"https:\/\/www.m-q.ch\/fr\/#organization"},"keywords":["01\u2013 02\/2015"],"inLanguage":"de"},{"@type":"WebPage","@id":"https:\/\/www.m-q.ch\/die-schwierige-rede-und-das-motto\/","url":"https:\/\/www.m-q.ch\/die-schwierige-rede-und-das-motto\/","name":"Die schwierige Rede und das Motto - MQ Management und Qualit\u00e4t","isPartOf":{"@id":"https:\/\/www.m-q.ch\/fr\/#website"},"datePublished":"2015-02-25T07:51:54+00:00","dateModified":"2021-02-15T08:14:25+00:00","description":"Lustlos sitzt Hannes vor dem Computer.Die Zeit dr\u00e4ngt. Als CEOeines internationalen Industriekonzernsmuss er die Belegschaftheute Nachmittag \u00fcber die misslichefinanzielle Lage des Unternehmensorientieren. Diese keineswegsfrohe Botschaft \u00fcbertrifft die nackteAnk\u00fcndigung, dass ein betr\u00e4chtlicherTeil der Produktion nach Asienverlegt wird.","breadcrumb":{"@id":"https:\/\/www.m-q.ch\/die-schwierige-rede-und-das-motto\/#breadcrumb"},"inLanguage":"de","potentialAction":[{"@type":"ReadAction","target":["https:\/\/www.m-q.ch\/die-schwierige-rede-und-das-motto\/"]}]},{"@type":"BreadcrumbList","@id":"https:\/\/www.m-q.ch\/die-schwierige-rede-und-das-motto\/#breadcrumb","itemListElement":[{"@type":"ListItem","position":1,"name":"Allgemein","item":"https:\/\/www.m-q.ch\/kategorie\/allgemein\/"},{"@type":"ListItem","position":2,"name":"Die schwierige Rede und das Motto"}]},{"@type":"WebSite","@id":"https:\/\/www.m-q.ch\/fr\/#website","url":"https:\/\/www.m-q.ch\/fr\/","name":"MQ Management und Qualit\u00e4t","description":"Plattform f\u00fcr integrierte Managementsysteme.","publisher":{"@id":"https:\/\/www.m-q.ch\/fr\/#organization"},"potentialAction":[{"@type":"SearchAction","target":{"@type":"EntryPoint","urlTemplate":"https:\/\/www.m-q.ch\/fr\/?s={search_term_string}"},"query-input":{"@type":"PropertyValueSpecification","valueRequired":true,"valueName":"search_term_string"}}],"inLanguage":"de"},{"@type":"Organization","@id":"https:\/\/www.m-q.ch\/fr\/#organization","name":"Galledia Fachmedien AG","url":"https:\/\/www.m-q.ch\/fr\/","logo":{"@type":"ImageObject","inLanguage":"de","@id":"https:\/\/www.m-q.ch\/fr\/#\/schema\/logo\/image\/","url":"https:\/\/www.m-q.ch\/wp-content\/uploads\/2020\/12\/cropped-logo_small.png","contentUrl":"https:\/\/www.m-q.ch\/wp-content\/uploads\/2020\/12\/cropped-logo_small.png","width":512,"height":512,"caption":"Galledia Fachmedien AG"},"image":{"@id":"https:\/\/www.m-q.ch\/fr\/#\/schema\/logo\/image\/"},"sameAs":["https:\/\/www.facebook.com\/ManagementUndQualitaet","https:\/\/www.linkedin.com\/showcase\/17982321\/admin\/"]},{"@type":"Person","@id":"https:\/\/www.m-q.ch\/fr\/#\/schema\/person\/71f647a41e4a3e361e6230f5134f3ba9","name":"upwork_2","image":{"@type":"ImageObject","inLanguage":"de","@id":"https:\/\/www.m-q.ch\/fr\/#\/schema\/person\/image\/","url":"https:\/\/secure.gravatar.com\/avatar\/777b90ab56092bbf3c85feacda5c1bce?s=96&d=mm&r=g","contentUrl":"https:\/\/secure.gravatar.com\/avatar\/777b90ab56092bbf3c85feacda5c1bce?s=96&d=mm&r=g","caption":"upwork_2"},"url":"https:\/\/www.m-q.ch\/de\/author\/upwork_2\/"}]}},"_links":{"self":[{"href":"https:\/\/www.m-q.ch\/de\/wp-json\/wp\/v2\/posts\/11874","targetHints":{"allow":["GET"]}}],"collection":[{"href":"https:\/\/www.m-q.ch\/de\/wp-json\/wp\/v2\/posts"}],"about":[{"href":"https:\/\/www.m-q.ch\/de\/wp-json\/wp\/v2\/types\/post"}],"author":[{"embeddable":true,"href":"https:\/\/www.m-q.ch\/de\/wp-json\/wp\/v2\/users\/62"}],"replies":[{"embeddable":true,"href":"https:\/\/www.m-q.ch\/de\/wp-json\/wp\/v2\/comments?post=11874"}],"version-history":[{"count":1,"href":"https:\/\/www.m-q.ch\/de\/wp-json\/wp\/v2\/posts\/11874\/revisions"}],"predecessor-version":[{"id":11887,"href":"https:\/\/www.m-q.ch\/de\/wp-json\/wp\/v2\/posts\/11874\/revisions\/11887"}],"wp:attachment":[{"href":"https:\/\/www.m-q.ch\/de\/wp-json\/wp\/v2\/media?parent=11874"}],"wp:term":[{"taxonomy":"category","embeddable":true,"href":"https:\/\/www.m-q.ch\/de\/wp-json\/wp\/v2\/categories?post=11874"},{"taxonomy":"post_tag","embeddable":true,"href":"https:\/\/www.m-q.ch\/de\/wp-json\/wp\/v2\/tags?post=11874"}],"curies":[{"name":"wp","href":"https:\/\/api.w.org\/{rel}","templated":true}]}}