{"id":11918,"date":"2016-08-21T09:58:17","date_gmt":"2016-08-21T07:58:17","guid":{"rendered":"https:\/\/www.m-q.ch\/?p=11918"},"modified":"2021-02-15T10:02:42","modified_gmt":"2021-02-15T09:02:42","slug":"eine-frage-der-psyche","status":"publish","type":"post","link":"https:\/\/www.m-q.ch\/de\/eine-frage-der-psyche\/","title":{"rendered":"Eine Frage der Psyche"},"content":{"rendered":"<p><img loading=\"lazy\" decoding=\"async\" class=\"alignnone size-full wp-image-11919\" src=\"https:\/\/www.m-q.ch\/wp-content\/uploads\/2021\/02\/Eine-Frage-der-Psyche-1.jpg\" alt=\"Eine Frage der Psyche\" width=\"870\" height=\"531\" srcset=\"https:\/\/www.m-q.ch\/wp-content\/uploads\/2021\/02\/Eine-Frage-der-Psyche-1.jpg 870w, https:\/\/www.m-q.ch\/wp-content\/uploads\/2021\/02\/Eine-Frage-der-Psyche-1-768x469.jpg 768w, https:\/\/www.m-q.ch\/wp-content\/uploads\/2021\/02\/Eine-Frage-der-Psyche-1-16x10.jpg 16w, https:\/\/www.m-q.ch\/wp-content\/uploads\/2021\/02\/Eine-Frage-der-Psyche-1-287x175.jpg 287w, https:\/\/www.m-q.ch\/wp-content\/uploads\/2021\/02\/Eine-Frage-der-Psyche-1-573x350.jpg 573w, https:\/\/www.m-q.ch\/wp-content\/uploads\/2021\/02\/Eine-Frage-der-Psyche-1-300x183.jpg 300w\" sizes=\"auto, (max-width: 870px) 100vw, 870px\" \/><\/p>\n<p>&nbsp;<\/p>\n<p>&nbsp;<\/p>\n<p>&nbsp;<\/p>\n<p><em><strong>E<\/strong><\/em>in vielseitiges Rahmenprogramm erg\u00e4nzte die Standpr\u00e4sentationen an der Fachmesse f\u00fcr Arbeitssicherheit, Gesundheitsschutz und Gesundheitsf\u00f6rderung am Arbeitsplatz: Die Keynote-Speaker Niklas Baer (Psychiatrie Baselland), Andi Zemp (Privatklinik Wyss AG, zum Thema Pr\u00e4vention psychischer Fehlbelastungen), Andreas Speh (DuPont de Nemours Deutschland) und Dr. Manuela Jacob-Niedballa (\u00abMythos Stress \u2013 Wege zur Leistungslust statt Leistungsfrust\u00bb) z\u00e4hlten sicher zu den Highlights im Vortragsprogramm. Daneben konnten die Fachbesucher eine H\u00f6henrettungsshow erleben, organisiert von Swiss Safety und dem SHRV (Schweizerischer H\u00f6henarbeiterund Rigging-Verband), und den Sicherheitsparcours. Am MeetingPoint der Messe stand zudem der Austausch unter Kollegen im Fokus. Im Rahmen des Themenbereichs Swiss Corporate Fashion pr\u00e4sentierten Anbieter von Berufsbekleidung Neuheiten in puncto Materialien, Tipps zu Pflege und Wartung sowie aktuelle Designtrends.<\/p>\n<p><strong>Belastende Situationen mit Mitarbeitenden<\/strong><br \/>\nEin Thema zog sich wie ein roter Faden durch das Referateprogramm in den Praxisforen: Psychosoziale Risiken. Denn w\u00e4hrend f\u00fcr die Pr\u00e4vention von Unf\u00e4llen am Arbeitsplatz bereits viel unternommen wird, sieht es bez\u00fcglich psychischen Erkrankungen ganz anders aus. Seit durch Statistiken belegt ist, dass immer mehr IV-Berentungen aufgrund psychischer Krankheiten erfolgen und die Absenzen infolge psychischer Krankheiten bei den Krankenkassen immer st\u00e4rker zu Buche schlagen, hat das Thema an Aufmerksamkeit gewonnen. Doch immer noch wird in den Chefetagen der Unternehmen zu wenig unternommen, wie KeynoteSpeaker Niklas Baer erl\u00e4uterte. \u00dcber 90 Prozent der F\u00fchrungskr\u00e4fte haben schon belastende Situationen mit Mitarbeitenden erlebt. Aber ungleich weniger Chefs haben sich schon in der F\u00fchrung psychisch auff\u00e4lliger Mitarbeitender schulen lassen. Und ganz allgemein werde immer noch viel zu sp\u00e4t externe Hilfe bei der Bew\u00e4ltigung eines \u00abFalles\u00bb beigezogen. Niklas Baer forderte deshalb F\u00fchrungskr\u00e4fte dazu auf, nicht erst lange nach Beweisen f\u00fcr ein allenfalls psychisch bedingtes Nachlassen der Arbeitsleistung zu suchen, sondern Probleme \u00abschwieriger\u00bb Mitarbeitender fr\u00fch anzusprechen. Unterst\u00fctzung anbieten, das Problem verstehen und allenfalls auch Vorgaben machen, damit eine Zusammenarbeit \u00fcberhaupt weiter m\u00f6glich sein kann, sind weitere Punkte. Externe Unterst\u00fctzung von Fachleuten beiziehen und eine Betriebskultur Stellenanzeige schaffen, um psychische Probleme verstehen zu k\u00f6nnen, Schulung des HRs und weiterer Stabsstellen sind Schritte, die unternommen werden sollten, damit die \u00abL\u00f6sung des Problems\u00bb nicht einfach in der Beendigung des Arbeitsverh\u00e4ltnisses besteht. \u00abArbeiten zu k\u00f6nnen tr\u00e4gt stark zur Verk\u00fcrzung einer Behandlung von psychischen Krankheiten bei\u00bb, so erl\u00e4uterte Niklas Baer den therapeutischen Aspekt.<\/p>\n<p><strong>Eigenverantwortung f\u00f6rdern statt \u00abSicherheitsaktionismus\u00bb<\/strong><br \/>\nSchwierigkeiten von Mitarbeitenden m\u00fcssen ihre Ursachen aber nicht immer bei ihnen selbst haben. Oft genug ist es ein ungen\u00fcgendes Arbeitsumfeld, welches psychosoziale Risiken beg\u00fcnstigt. Dar\u00fcber sprach der Fachpsychologe Andi Zemp von der Privatklinik Wyss AG. In einem Interview mit der InternetPlattform der Messe nannte er F\u00fchrung und Arbeitsorganisation als Haupthandlungsfelder zur Pr\u00e4vention psychosozialer Risiken. Es gelte, klare Prozesse und Zust\u00e4ndigkeiten zu definieren und daf\u00fcr zu sorgen, dass diese auch eingehalten w\u00fcrden. Und bei der Selektion von F\u00fchrungskr\u00e4ften sei das Augenmerk in erster Linie auf die emotionalen und sozialen Kompetenzen der Person zu legen, erst in zweiter Linie auf deren fachliche Qualifikationen. Gelinge zus\u00e4tzlich die Schaffung eines wertsch\u00e4tzenden Arbeitsklimas, sei schon sehr viel gewonnen, so Zemp.<\/p>\n<p>&nbsp;<\/p>\n<p>In einem weiteren, gut besuchten Referat ging es um das Thema \u00abVom Sicherheitsaktionismus zur qualitativen Weiterentwicklung unserer Sicherheitskultur\u00bb. Von \u00abSicherheitskultur\u00bb und \u00abEigenverantwortung\u00bb sei viel die Rede \u2013 aber h\u00e4ufig erst, wenn ein Schadensfall eintritt. \u00abDann herrscht sofort ein Sicherheits-Aktionismus\u00bb, so der Vortragende J\u00f6rg Wieja, Gesch\u00e4ftsf\u00fchrer IBW, Institut f\u00fcr betriebliche Weiterbildung, aus M\u00fcnchen. Doch h\u00e4ufig f\u00fchre dieser Aktionismus in eine verkehrte Richtung, n\u00e4mlich in Sofortmassnahmen, Verbote und Gebote mit kurzfristigem Effekt. Besser w\u00e4re es, grunds\u00e4tzlich eine Ver\u00e4nderung der Sicherheitskultur mit angepassten Verhaltensweisen zum Ziel zu erkl\u00e4ren. Voraussetzung dazu sind kulturelle Rahmenbedingungen. 95 Prozent von dem, was wir tun, ist ad\u00e4quat und sicher. Es gelte \u2013 so der Referent \u2013 genau diese 95 Prozent zu pflegen, u.a. durch anerkennende Kommunikation. \u00abAlso kein \u2039Das habt ihr gut gemacht, aber\u2026\u203a\u00bb, wie J\u00f6rg Wieja es ausdr\u00fcckte. Es geh\u00f6re aber auch konsequentes Handeln dazu, das aber sch\u00fctzend, nicht strafend wirken soll. Und nicht zuletzt ist da auch die genannte Eigenverantwortung mit Blick auf die pers\u00f6nliche Gesundheit. Wem es nicht gelinge, \u00abdie Gestaltkr\u00e4fte der eigenen Biografie\u00bb nicht zu nutzen, der laufe Gefahr, in Depressionen zu verfallen. \u00dcber Verhaltens\u00e4nderungen mit dem konsequenten Setzen von erreichbaren Zielen k\u00f6nne Selbstvertrauen erzeugt werden, was letztlich zu einem gelingenden Selbstmanagement f\u00fchrt. Solche \u2013 psychisch stabilen \u2013 Menschen sind in der Regel weniger anf\u00e4llig f\u00fcr Risiken.<\/p>\n<p><strong>Modische Arbeitskleidung als Blickfang<\/strong><br \/>\nDas eigentliche Hauptthema der Messe seitens der Aussteller war sicher der Bereich Berufsbekleidung. Der Eindruck war eindeutig: Schutz- und Arbeitskleidung entspricht heute nicht nur den geforderten sicherheitstechnischen Anspr\u00fcchen, sondern soll auch Spass machen. Modische Farben und Schnitte, Funktionalit\u00e4t, leichte Pflege sowie hohe Produktqualit\u00e4t sind heute immer wichtigere Faktoren. So gesehen kann auch bez\u00fcglich Arbeitskleidung die Gleichung gelten: \u00abSch\u00f6ner Arbeiten = besser arbeiten\u00bb.<\/p>\n","protected":false},"excerpt":{"rendered":"<p>&nbsp; &nbsp; &nbsp; Ein vielseitiges Rahmenprogramm erg\u00e4nzte die Standpr\u00e4sentationen an der Fachmesse f\u00fcr Arbeitssicherheit, Gesundheitsschutz und Gesundheitsf\u00f6rderung am Arbeitsplatz: Die Keynote-Speaker Niklas Baer (Psychiatrie Baselland), Andi Zemp (Privatklinik Wyss AG, zum Thema Pr\u00e4vention psychischer Fehlbelastungen), Andreas Speh (DuPont de Nemours Deutschland) und Dr. Manuela Jacob-Niedballa (\u00abMythos Stress \u2013 Wege zur Leistungslust statt Leistungsfrust\u00bb) z\u00e4hlten sicher [&hellip;]<\/p>\n","protected":false},"author":66,"featured_media":11919,"comment_status":"closed","ping_status":"closed","sticky":false,"template":"","format":"standard","meta":{"_acf_changed":false,"footnotes":""},"categories":[4448],"tags":[4784],"class_list":["post-11918","post","type-post","status-publish","format-standard","has-post-thumbnail","hentry","category-allgemein","tag-07-08-2016"],"acf":[],"yoast_head":"<!-- This site is optimized with the Yoast SEO plugin v26.2 - https:\/\/yoast.com\/wordpress\/plugins\/seo\/ -->\n<title>Eine Frage der Psyche - MQ Management und Qualit\u00e4t<\/title>\n<meta name=\"description\" content=\"Vom 22. bis 24. Juni fand in Bern die Fachmesse ArbeitsSicherheit Schweiz statt. Gesch\u00e4ftsf\u00fchrer, Sicherheitsbeauftragte und alle weiteren Unternehmensentscheider, denen Sicherheit und Gesundheit ihrer Mitarbeitenden wichtig sind, hatten die Gelegenheit, sich an den St\u00e4nden der \u00fcber 150 Aussteller zu informieren.\" \/>\n<meta name=\"robots\" content=\"index, follow, max-snippet:-1, max-image-preview:large, max-video-preview:-1\" \/>\n<link rel=\"canonical\" href=\"https:\/\/www.m-q.ch\/de\/eine-frage-der-psyche\/\" \/>\n<meta property=\"og:locale\" content=\"de_DE\" \/>\n<meta property=\"og:type\" content=\"article\" \/>\n<meta property=\"og:title\" content=\"Eine Frage der Psyche - MQ Management und Qualit\u00e4t\" \/>\n<meta property=\"og:description\" content=\"Vom 22. bis 24. Juni fand in Bern die Fachmesse ArbeitsSicherheit Schweiz statt. Gesch\u00e4ftsf\u00fchrer, Sicherheitsbeauftragte und alle weiteren Unternehmensentscheider, denen Sicherheit und Gesundheit ihrer Mitarbeitenden wichtig sind, hatten die Gelegenheit, sich an den St\u00e4nden der \u00fcber 150 Aussteller zu informieren.\" \/>\n<meta property=\"og:url\" content=\"https:\/\/www.m-q.ch\/de\/eine-frage-der-psyche\/\" \/>\n<meta property=\"og:site_name\" content=\"MQ Management und Qualit\u00e4t\" \/>\n<meta property=\"article:publisher\" content=\"https:\/\/www.facebook.com\/ManagementUndQualitaet\" \/>\n<meta property=\"article:published_time\" content=\"2016-08-21T07:58:17+00:00\" \/>\n<meta property=\"article:modified_time\" content=\"2021-02-15T09:02:42+00:00\" \/>\n<meta property=\"og:image\" content=\"https:\/\/www.m-q.ch\/wp-content\/uploads\/2021\/02\/Eine-Frage-der-Psyche-1.jpg\" \/>\n\t<meta property=\"og:image:width\" content=\"870\" \/>\n\t<meta property=\"og:image:height\" content=\"531\" \/>\n\t<meta property=\"og:image:type\" content=\"image\/jpeg\" \/>\n<meta name=\"author\" content=\"upwork_1\" \/>\n<meta name=\"twitter:card\" content=\"summary_large_image\" \/>\n<meta name=\"twitter:label1\" content=\"Verfasst von\" \/>\n\t<meta name=\"twitter:data1\" content=\"upwork_1\" \/>\n\t<meta name=\"twitter:label2\" content=\"Gesch\u00e4tzte Lesezeit\" \/>\n\t<meta name=\"twitter:data2\" content=\"4\u00a0Minuten\" \/>\n<script type=\"application\/ld+json\" class=\"yoast-schema-graph\">{\"@context\":\"https:\/\/schema.org\",\"@graph\":[{\"@type\":\"Article\",\"@id\":\"https:\/\/www.m-q.ch\/eine-frage-der-psyche\/#article\",\"isPartOf\":{\"@id\":\"https:\/\/www.m-q.ch\/eine-frage-der-psyche\/\"},\"author\":{\"name\":\"upwork_1\",\"@id\":\"https:\/\/www.m-q.ch\/fr\/#\/schema\/person\/0bdf39ca27d0b9b779f5b8af54b3f7d7\"},\"headline\":\"Eine Frage der Psyche\",\"datePublished\":\"2016-08-21T07:58:17+00:00\",\"dateModified\":\"2021-02-15T09:02:42+00:00\",\"mainEntityOfPage\":{\"@id\":\"https:\/\/www.m-q.ch\/eine-frage-der-psyche\/\"},\"wordCount\":835,\"publisher\":{\"@id\":\"https:\/\/www.m-q.ch\/fr\/#organization\"},\"image\":{\"@id\":\"https:\/\/www.m-q.ch\/eine-frage-der-psyche\/#primaryimage\"},\"thumbnailUrl\":\"https:\/\/www.m-q.ch\/wp-content\/uploads\/2021\/02\/Eine-Frage-der-Psyche-1.jpg\",\"keywords\":[\"07\u201308\/2016\"],\"inLanguage\":\"de\"},{\"@type\":\"WebPage\",\"@id\":\"https:\/\/www.m-q.ch\/eine-frage-der-psyche\/\",\"url\":\"https:\/\/www.m-q.ch\/eine-frage-der-psyche\/\",\"name\":\"Eine Frage der Psyche - MQ Management und Qualit\u00e4t\",\"isPartOf\":{\"@id\":\"https:\/\/www.m-q.ch\/fr\/#website\"},\"primaryImageOfPage\":{\"@id\":\"https:\/\/www.m-q.ch\/eine-frage-der-psyche\/#primaryimage\"},\"image\":{\"@id\":\"https:\/\/www.m-q.ch\/eine-frage-der-psyche\/#primaryimage\"},\"thumbnailUrl\":\"https:\/\/www.m-q.ch\/wp-content\/uploads\/2021\/02\/Eine-Frage-der-Psyche-1.jpg\",\"datePublished\":\"2016-08-21T07:58:17+00:00\",\"dateModified\":\"2021-02-15T09:02:42+00:00\",\"description\":\"Vom 22. bis 24. Juni fand in Bern die Fachmesse ArbeitsSicherheit Schweiz statt. Gesch\u00e4ftsf\u00fchrer, Sicherheitsbeauftragte und alle weiteren Unternehmensentscheider, denen Sicherheit und Gesundheit ihrer Mitarbeitenden wichtig sind, hatten die Gelegenheit, sich an den St\u00e4nden der \u00fcber 150 Aussteller zu informieren.\",\"breadcrumb\":{\"@id\":\"https:\/\/www.m-q.ch\/eine-frage-der-psyche\/#breadcrumb\"},\"inLanguage\":\"de\",\"potentialAction\":[{\"@type\":\"ReadAction\",\"target\":[\"https:\/\/www.m-q.ch\/eine-frage-der-psyche\/\"]}]},{\"@type\":\"ImageObject\",\"inLanguage\":\"de\",\"@id\":\"https:\/\/www.m-q.ch\/eine-frage-der-psyche\/#primaryimage\",\"url\":\"https:\/\/www.m-q.ch\/wp-content\/uploads\/2021\/02\/Eine-Frage-der-Psyche-1.jpg\",\"contentUrl\":\"https:\/\/www.m-q.ch\/wp-content\/uploads\/2021\/02\/Eine-Frage-der-Psyche-1.jpg\",\"width\":870,\"height\":531,\"caption\":\"Eine Frage der Psyche\"},{\"@type\":\"BreadcrumbList\",\"@id\":\"https:\/\/www.m-q.ch\/eine-frage-der-psyche\/#breadcrumb\",\"itemListElement\":[{\"@type\":\"ListItem\",\"position\":1,\"name\":\"Allgemein\",\"item\":\"https:\/\/www.m-q.ch\/kategorie\/allgemein\/\"},{\"@type\":\"ListItem\",\"position\":2,\"name\":\"Eine Frage der Psyche\"}]},{\"@type\":\"WebSite\",\"@id\":\"https:\/\/www.m-q.ch\/fr\/#website\",\"url\":\"https:\/\/www.m-q.ch\/fr\/\",\"name\":\"MQ Management und Qualit\u00e4t\",\"description\":\"Plattform f\u00fcr integrierte Managementsysteme.\",\"publisher\":{\"@id\":\"https:\/\/www.m-q.ch\/fr\/#organization\"},\"potentialAction\":[{\"@type\":\"SearchAction\",\"target\":{\"@type\":\"EntryPoint\",\"urlTemplate\":\"https:\/\/www.m-q.ch\/fr\/?s={search_term_string}\"},\"query-input\":{\"@type\":\"PropertyValueSpecification\",\"valueRequired\":true,\"valueName\":\"search_term_string\"}}],\"inLanguage\":\"de\"},{\"@type\":\"Organization\",\"@id\":\"https:\/\/www.m-q.ch\/fr\/#organization\",\"name\":\"Galledia Fachmedien AG\",\"url\":\"https:\/\/www.m-q.ch\/fr\/\",\"logo\":{\"@type\":\"ImageObject\",\"inLanguage\":\"de\",\"@id\":\"https:\/\/www.m-q.ch\/fr\/#\/schema\/logo\/image\/\",\"url\":\"https:\/\/www.m-q.ch\/wp-content\/uploads\/2020\/12\/cropped-logo_small.png\",\"contentUrl\":\"https:\/\/www.m-q.ch\/wp-content\/uploads\/2020\/12\/cropped-logo_small.png\",\"width\":512,\"height\":512,\"caption\":\"Galledia Fachmedien AG\"},\"image\":{\"@id\":\"https:\/\/www.m-q.ch\/fr\/#\/schema\/logo\/image\/\"},\"sameAs\":[\"https:\/\/www.facebook.com\/ManagementUndQualitaet\",\"https:\/\/www.linkedin.com\/showcase\/17982321\/admin\/\"]},{\"@type\":\"Person\",\"@id\":\"https:\/\/www.m-q.ch\/fr\/#\/schema\/person\/0bdf39ca27d0b9b779f5b8af54b3f7d7\",\"name\":\"upwork_1\",\"image\":{\"@type\":\"ImageObject\",\"inLanguage\":\"de\",\"@id\":\"https:\/\/www.m-q.ch\/fr\/#\/schema\/person\/image\/\",\"url\":\"https:\/\/secure.gravatar.com\/avatar\/04d4d0fdc5886d535809f17d0eace7f6?s=96&d=mm&r=g\",\"contentUrl\":\"https:\/\/secure.gravatar.com\/avatar\/04d4d0fdc5886d535809f17d0eace7f6?s=96&d=mm&r=g\",\"caption\":\"upwork_1\"},\"url\":\"https:\/\/www.m-q.ch\/de\/author\/upwork_1\/\"}]}<\/script>\n<!-- \/ Yoast SEO plugin. -->","yoast_head_json":{"title":"Eine Frage der Psyche - MQ Management und Qualit\u00e4t","description":"Vom 22. bis 24. Juni fand in Bern die Fachmesse ArbeitsSicherheit Schweiz statt. Gesch\u00e4ftsf\u00fchrer, Sicherheitsbeauftragte und alle weiteren Unternehmensentscheider, denen Sicherheit und Gesundheit ihrer Mitarbeitenden wichtig sind, hatten die Gelegenheit, sich an den St\u00e4nden der \u00fcber 150 Aussteller zu informieren.","robots":{"index":"index","follow":"follow","max-snippet":"max-snippet:-1","max-image-preview":"max-image-preview:large","max-video-preview":"max-video-preview:-1"},"canonical":"https:\/\/www.m-q.ch\/de\/eine-frage-der-psyche\/","og_locale":"de_DE","og_type":"article","og_title":"Eine Frage der Psyche - MQ Management und Qualit\u00e4t","og_description":"Vom 22. bis 24. Juni fand in Bern die Fachmesse ArbeitsSicherheit Schweiz statt. Gesch\u00e4ftsf\u00fchrer, Sicherheitsbeauftragte und alle weiteren Unternehmensentscheider, denen Sicherheit und Gesundheit ihrer Mitarbeitenden wichtig sind, hatten die Gelegenheit, sich an den St\u00e4nden der \u00fcber 150 Aussteller zu informieren.","og_url":"https:\/\/www.m-q.ch\/de\/eine-frage-der-psyche\/","og_site_name":"MQ Management und Qualit\u00e4t","article_publisher":"https:\/\/www.facebook.com\/ManagementUndQualitaet","article_published_time":"2016-08-21T07:58:17+00:00","article_modified_time":"2021-02-15T09:02:42+00:00","og_image":[{"width":870,"height":531,"url":"https:\/\/www.m-q.ch\/wp-content\/uploads\/2021\/02\/Eine-Frage-der-Psyche-1.jpg","type":"image\/jpeg"}],"author":"upwork_1","twitter_card":"summary_large_image","twitter_misc":{"Verfasst von":"upwork_1","Gesch\u00e4tzte Lesezeit":"4\u00a0Minuten"},"schema":{"@context":"https:\/\/schema.org","@graph":[{"@type":"Article","@id":"https:\/\/www.m-q.ch\/eine-frage-der-psyche\/#article","isPartOf":{"@id":"https:\/\/www.m-q.ch\/eine-frage-der-psyche\/"},"author":{"name":"upwork_1","@id":"https:\/\/www.m-q.ch\/fr\/#\/schema\/person\/0bdf39ca27d0b9b779f5b8af54b3f7d7"},"headline":"Eine Frage der Psyche","datePublished":"2016-08-21T07:58:17+00:00","dateModified":"2021-02-15T09:02:42+00:00","mainEntityOfPage":{"@id":"https:\/\/www.m-q.ch\/eine-frage-der-psyche\/"},"wordCount":835,"publisher":{"@id":"https:\/\/www.m-q.ch\/fr\/#organization"},"image":{"@id":"https:\/\/www.m-q.ch\/eine-frage-der-psyche\/#primaryimage"},"thumbnailUrl":"https:\/\/www.m-q.ch\/wp-content\/uploads\/2021\/02\/Eine-Frage-der-Psyche-1.jpg","keywords":["07\u201308\/2016"],"inLanguage":"de"},{"@type":"WebPage","@id":"https:\/\/www.m-q.ch\/eine-frage-der-psyche\/","url":"https:\/\/www.m-q.ch\/eine-frage-der-psyche\/","name":"Eine Frage der Psyche - MQ Management und Qualit\u00e4t","isPartOf":{"@id":"https:\/\/www.m-q.ch\/fr\/#website"},"primaryImageOfPage":{"@id":"https:\/\/www.m-q.ch\/eine-frage-der-psyche\/#primaryimage"},"image":{"@id":"https:\/\/www.m-q.ch\/eine-frage-der-psyche\/#primaryimage"},"thumbnailUrl":"https:\/\/www.m-q.ch\/wp-content\/uploads\/2021\/02\/Eine-Frage-der-Psyche-1.jpg","datePublished":"2016-08-21T07:58:17+00:00","dateModified":"2021-02-15T09:02:42+00:00","description":"Vom 22. bis 24. Juni fand in Bern die Fachmesse ArbeitsSicherheit Schweiz statt. Gesch\u00e4ftsf\u00fchrer, Sicherheitsbeauftragte und alle weiteren Unternehmensentscheider, denen Sicherheit und Gesundheit ihrer Mitarbeitenden wichtig sind, hatten die Gelegenheit, sich an den St\u00e4nden der \u00fcber 150 Aussteller zu informieren.","breadcrumb":{"@id":"https:\/\/www.m-q.ch\/eine-frage-der-psyche\/#breadcrumb"},"inLanguage":"de","potentialAction":[{"@type":"ReadAction","target":["https:\/\/www.m-q.ch\/eine-frage-der-psyche\/"]}]},{"@type":"ImageObject","inLanguage":"de","@id":"https:\/\/www.m-q.ch\/eine-frage-der-psyche\/#primaryimage","url":"https:\/\/www.m-q.ch\/wp-content\/uploads\/2021\/02\/Eine-Frage-der-Psyche-1.jpg","contentUrl":"https:\/\/www.m-q.ch\/wp-content\/uploads\/2021\/02\/Eine-Frage-der-Psyche-1.jpg","width":870,"height":531,"caption":"Eine Frage der Psyche"},{"@type":"BreadcrumbList","@id":"https:\/\/www.m-q.ch\/eine-frage-der-psyche\/#breadcrumb","itemListElement":[{"@type":"ListItem","position":1,"name":"Allgemein","item":"https:\/\/www.m-q.ch\/kategorie\/allgemein\/"},{"@type":"ListItem","position":2,"name":"Eine Frage der Psyche"}]},{"@type":"WebSite","@id":"https:\/\/www.m-q.ch\/fr\/#website","url":"https:\/\/www.m-q.ch\/fr\/","name":"MQ Management und Qualit\u00e4t","description":"Plattform f\u00fcr integrierte Managementsysteme.","publisher":{"@id":"https:\/\/www.m-q.ch\/fr\/#organization"},"potentialAction":[{"@type":"SearchAction","target":{"@type":"EntryPoint","urlTemplate":"https:\/\/www.m-q.ch\/fr\/?s={search_term_string}"},"query-input":{"@type":"PropertyValueSpecification","valueRequired":true,"valueName":"search_term_string"}}],"inLanguage":"de"},{"@type":"Organization","@id":"https:\/\/www.m-q.ch\/fr\/#organization","name":"Galledia Fachmedien AG","url":"https:\/\/www.m-q.ch\/fr\/","logo":{"@type":"ImageObject","inLanguage":"de","@id":"https:\/\/www.m-q.ch\/fr\/#\/schema\/logo\/image\/","url":"https:\/\/www.m-q.ch\/wp-content\/uploads\/2020\/12\/cropped-logo_small.png","contentUrl":"https:\/\/www.m-q.ch\/wp-content\/uploads\/2020\/12\/cropped-logo_small.png","width":512,"height":512,"caption":"Galledia Fachmedien AG"},"image":{"@id":"https:\/\/www.m-q.ch\/fr\/#\/schema\/logo\/image\/"},"sameAs":["https:\/\/www.facebook.com\/ManagementUndQualitaet","https:\/\/www.linkedin.com\/showcase\/17982321\/admin\/"]},{"@type":"Person","@id":"https:\/\/www.m-q.ch\/fr\/#\/schema\/person\/0bdf39ca27d0b9b779f5b8af54b3f7d7","name":"upwork_1","image":{"@type":"ImageObject","inLanguage":"de","@id":"https:\/\/www.m-q.ch\/fr\/#\/schema\/person\/image\/","url":"https:\/\/secure.gravatar.com\/avatar\/04d4d0fdc5886d535809f17d0eace7f6?s=96&d=mm&r=g","contentUrl":"https:\/\/secure.gravatar.com\/avatar\/04d4d0fdc5886d535809f17d0eace7f6?s=96&d=mm&r=g","caption":"upwork_1"},"url":"https:\/\/www.m-q.ch\/de\/author\/upwork_1\/"}]}},"_links":{"self":[{"href":"https:\/\/www.m-q.ch\/de\/wp-json\/wp\/v2\/posts\/11918","targetHints":{"allow":["GET"]}}],"collection":[{"href":"https:\/\/www.m-q.ch\/de\/wp-json\/wp\/v2\/posts"}],"about":[{"href":"https:\/\/www.m-q.ch\/de\/wp-json\/wp\/v2\/types\/post"}],"author":[{"embeddable":true,"href":"https:\/\/www.m-q.ch\/de\/wp-json\/wp\/v2\/users\/66"}],"replies":[{"embeddable":true,"href":"https:\/\/www.m-q.ch\/de\/wp-json\/wp\/v2\/comments?post=11918"}],"version-history":[{"count":1,"href":"https:\/\/www.m-q.ch\/de\/wp-json\/wp\/v2\/posts\/11918\/revisions"}],"predecessor-version":[{"id":11921,"href":"https:\/\/www.m-q.ch\/de\/wp-json\/wp\/v2\/posts\/11918\/revisions\/11921"}],"wp:featuredmedia":[{"embeddable":true,"href":"https:\/\/www.m-q.ch\/de\/wp-json\/wp\/v2\/media\/11919"}],"wp:attachment":[{"href":"https:\/\/www.m-q.ch\/de\/wp-json\/wp\/v2\/media?parent=11918"}],"wp:term":[{"taxonomy":"category","embeddable":true,"href":"https:\/\/www.m-q.ch\/de\/wp-json\/wp\/v2\/categories?post=11918"},{"taxonomy":"post_tag","embeddable":true,"href":"https:\/\/www.m-q.ch\/de\/wp-json\/wp\/v2\/tags?post=11918"}],"curies":[{"name":"wp","href":"https:\/\/api.w.org\/{rel}","templated":true}]}}