{"id":11923,"date":"2016-08-23T10:04:59","date_gmt":"2016-08-23T08:04:59","guid":{"rendered":"https:\/\/www.m-q.ch\/?p=11923"},"modified":"2021-02-15T10:08:40","modified_gmt":"2021-02-15T09:08:40","slug":"ich-motivier-sie-mal","status":"publish","type":"post","link":"https:\/\/www.m-q.ch\/de\/ich-motivier-sie-mal\/","title":{"rendered":"Ich motivier\u2019 sie mal &#8230;"},"content":{"rendered":"<p>Im Grunde haben sich alle Mitarbeitenden \u00fcber die Prozesse, das Arbeitsvolumen und auch die meisten andern Punkte positiv ge\u00e4ussert. Es ist einzig das Kriterium \u00abIch f\u00fchle mich motiviert in meiner t\u00e4glichen Arbeit\u00bb, dessen positive Spannung auf der Einstufungsskala etwas abgeschlafft ist. Von daher ist die Aussage pr\u00e4zis. Die Mitarbeitenden f\u00fchlen sich nicht mehr so stark motiviert. Die Devise von Hannes\u2019 Chef ist ebenso klar: Sorgen Sie daf\u00fcr, dass diese Zahl n\u00e4chstes Jahr wieder h\u00f6her ist, am liebsten um die 90 Prozent. Hannes ist im ersten Moment etwas unsicher dar\u00fcber, was er tun soll. Irgendwann hat er gelernt, dass ein Chef seine Mitarbeitenden nicht motivieren kann. Im besten Fall soll er sie in einer ersten Phase nicht demotivieren und dann ein Umfeld schaffen, in dem sich alle entwickeln und entfalten k\u00f6nnen. Das motiviert gem\u00e4ss der Wissenschaft. Aber das greift erst langfristig. Hannes bleiben nur ein paar Monate, um den Motivationswert aufzuh\u00fcbschen. Er muss also aktiv motivieren. Hannes w\u00e4re nicht Hannes, wenn er nicht geplant und strukturiert vorgehen w\u00fcrde.<\/p>\n<p>&nbsp;<\/p>\n<p>Zuerst kauft er sich einen Stapel Motivationsb\u00fccher mit Titeln wie \u00abMitarbeiter motivieren in 30 Tagen\u00bb, \u00abGehe hin und motiviere\u00bb, \u00abDie Steve-Jobs-Motivationsmethode\u00bb. Er zieht selbst einschl\u00e4gige Literatur von ehemaligen Eishockey- und Fussballtrainern bei, die im Sport erfahren haben, wie man motiviert und es nun f\u00fcr gutes Geld an Tagungen und in Bestsellern weitergeben. Auf dem Sportfeld sind sie allerdings nicht mehr gefragt \u2013 vielleicht motivierten sie dort zu sehr. Wie auch immer. Hannes hat das Gelesene sauber strukturiert verinnerlicht und in seinen gewohnten Massnahmenplan gesetzt. Er hat entschieden, dass er \u00abThink-positiv\u00bb als Grundmotto f\u00fcr die Motivation einsetzt. Kurz bevor er ins B\u00fcro seiner Abteilung oder in die Fabrikationshalle seiner Produktionsinseln geht, schaut er in den Spiegel. \u00abPositives Gesicht\u00bb \u2013 ein XXL-Grinsen setzt er auf, nicht nur kurz, sondern permanent, bis er das B\u00fcro respektive die Fabrikationshalle wieder verl\u00e4sst. Das strahlt aus. Genauso wie sein euphorisches \u00abHallo, einen sch\u00f6nen, tollen Morgen w\u00fcnsch\u2019 ich euch allen und den supergrossen Erfolg\u00bb. In \u00fcberschw\u00e4nglicher Tonart in die B\u00fcror\u00e4ume geworfen soll es anstecken und Energie geben.<\/p>\n<p>&nbsp;<\/p>\n<p>Im Fish-Motivationsvideo hat er gesehen, dass Fischewerfen motiviert. Hannes hat sich dazu einen Vorrat an B\u00fcroklammern gekauft. Beim Eintritt ins Grossraumb\u00fcro seiner Innendienstequipe wirft er rein spasseshalber immer eine Hand voll B\u00fcroklammern in die Luft. Die Adressaten dieser Nachricht wird die Botschaft wohl erreichen \u2013 obwohl sie es noch nicht schaffen, die Freude daran auch zu zeigen. Hannes tr\u00e4gt neu auch \u00abSmiley-Ansteckkn\u00f6pfe\u00bb am Hemd. Das steckt an, buchst\u00e4blich. Er begr\u00fcsst jeden Tag einen Mitarbeiter per Handschlag und w\u00fcnscht ihm einen ganz besonderen Tag. Selbstverst\u00e4ndlich verschickt er in der Mittagspause per E-Mail an alle eine positive Tagesnachricht. \u00abEs geht nicht ums Gewinnen, es geht ums K\u00e4mpfen. Packen wir es an!\u00bb oder \u00abJeder Tag ist der beste Tag, ganz besonders der heutige.\u00bb oder ein schlichtes \u00abDie Welt ist sch\u00f6n\u00bb. Auch hier sp\u00fcrt er den Erfolg nicht unmittelbar. R\u00fcckmeldungen bleiben noch aus. Nun, erfolgreich muss es ja nicht sofort sein, es muss erst in ein paar Monaten wirken \u2013 bei der n\u00e4chsten Mitarbeiterumfrage. Selbst die Signatur seines EMail-Accounts hat Hannes motivierender gestaltet. Das professionell-knapp formulierte \u00abfreundliche Gr\u00fcsse\u00bb wird ersetzt durch \u00ablebensfrohe Energie und einen suuuperdollen Tag w\u00fcnscht Ihnen&#8230;\u00bb. Hannes steht zwar \u00fcberhaupt nicht auf solchen Schnickschnack. Als gelernter Ingenieur ist er den wissenschaftlichen Tatsachen verpflichtet. Vom Typ her liegt sein Hauptgewicht auf \u00abDISG-blau\u00bb, er ist also strukturiert, ordentlich und aufgabenbezogen. Aber wenn in den B\u00fcchern steht, dass solcher Schnickschnack n\u00fctzt, dann wird es wohl so sein.<\/p>\n<p>&nbsp;<\/p>\n<p>Auch seine Kleidung hat er angepasst und sich an Barack Obama ein Vorbild genommen. \u00abDer ist ja auch ein Motivator\u00bb, sagt sich Hannes und krempelt an der Arbeit die \u00c4rmel seiner Hemden fortan stets zu einem Viertel hoch. Schliesslich sucht er noch nach einem passenden Video auf youtube. Der Beginn einer Rede von Steve Ballmer vor seiner Microsoft-Crew erscheint Hannes passend. Ballmer springt auf die B\u00fchne, rennt hin und her, jubelt, schreit, ger\u00e4t fast ausser Atem, stellt sich ans Rednerpult und beginnt \u00abWe \u2013 we are the best companyyyyy \u2013 yeah!\u00bb Genau, das ist es. Hannes \u00fcbt ebenfalls einen Text ein, steigert seine Fitness und beim n\u00e4chsten Abteilungsmeeting st\u00fcrmt er ins Sitzungszimmer, macht rennend drei Runden um den Tisch, ger\u00e4t v\u00f6llig ausser Atem, schaut begeistert in die entgeisterten und irritierten Gesichter seiner Mitarbeitenden und setzt zu seiner Rede an \u2013 \u00abMist, ich hab den Text vergessen\u00bb. Doch rasch f\u00e4ngt er sich: \u00abIch werde ihn nach der Sitzung mailen.\u00bb<\/p>\n","protected":false},"excerpt":{"rendered":"<p>Im Grunde haben sich alle Mitarbeitenden \u00fcber die Prozesse, das Arbeitsvolumen und auch die meisten andern Punkte positiv ge\u00e4ussert. Es ist einzig das Kriterium \u00abIch f\u00fchle mich motiviert in meiner t\u00e4glichen Arbeit\u00bb, dessen positive Spannung auf der Einstufungsskala etwas abgeschlafft ist. Von daher ist die Aussage pr\u00e4zis. Die Mitarbeitenden f\u00fchlen sich nicht mehr so stark [&hellip;]<\/p>\n","protected":false},"author":66,"featured_media":0,"comment_status":"closed","ping_status":"closed","sticky":false,"template":"","format":"standard","meta":{"_acf_changed":false,"footnotes":""},"categories":[4448],"tags":[4784],"class_list":["post-11923","post","type-post","status-publish","format-standard","hentry","category-allgemein","tag-07-08-2016"],"acf":[],"yoast_head":"<!-- This site is optimized with the Yoast SEO plugin v26.2 - https:\/\/yoast.com\/wordpress\/plugins\/seo\/ -->\n<title>Ich motivier\u2019 sie mal ... - MQ Management und Qualit\u00e4t<\/title>\n<meta name=\"description\" content=\"Auch Hannes hat es erwischt: Seine Mitarbeitenden sind nicht mehr motiviert. In seiner Abteilung ist die Mitarbeitermotivation gem\u00e4ss der letzten Personalumfrage bereits zum zweiten Mal hintereinander gesunken. Diesmal sind es 0,4 Prozentpunkte weniger. Zwar ist das Niveau mit 86,491398 Prozent ziemlich ordentlich, aber Luft nach oben hat\u2019s immer \u2013 sagt der CEO. Man darf nie damit zufrieden sein, dass man zufrieden ist, meint er.\" \/>\n<meta name=\"robots\" content=\"index, follow, max-snippet:-1, max-image-preview:large, max-video-preview:-1\" \/>\n<link rel=\"canonical\" href=\"https:\/\/www.m-q.ch\/de\/ich-motivier-sie-mal\/\" \/>\n<meta property=\"og:locale\" content=\"de_DE\" \/>\n<meta property=\"og:type\" content=\"article\" \/>\n<meta property=\"og:title\" content=\"Ich motivier\u2019 sie mal ... - MQ Management und Qualit\u00e4t\" \/>\n<meta property=\"og:description\" content=\"Auch Hannes hat es erwischt: Seine Mitarbeitenden sind nicht mehr motiviert. In seiner Abteilung ist die Mitarbeitermotivation gem\u00e4ss der letzten Personalumfrage bereits zum zweiten Mal hintereinander gesunken. Diesmal sind es 0,4 Prozentpunkte weniger. Zwar ist das Niveau mit 86,491398 Prozent ziemlich ordentlich, aber Luft nach oben hat\u2019s immer \u2013 sagt der CEO. Man darf nie damit zufrieden sein, dass man zufrieden ist, meint er.\" \/>\n<meta property=\"og:url\" content=\"https:\/\/www.m-q.ch\/de\/ich-motivier-sie-mal\/\" \/>\n<meta property=\"og:site_name\" content=\"MQ Management und Qualit\u00e4t\" \/>\n<meta property=\"article:publisher\" content=\"https:\/\/www.facebook.com\/ManagementUndQualitaet\" \/>\n<meta property=\"article:published_time\" content=\"2016-08-23T08:04:59+00:00\" \/>\n<meta property=\"article:modified_time\" content=\"2021-02-15T09:08:40+00:00\" \/>\n<meta name=\"author\" content=\"upwork_1\" \/>\n<meta name=\"twitter:card\" content=\"summary_large_image\" \/>\n<meta name=\"twitter:label1\" content=\"Verfasst von\" \/>\n\t<meta name=\"twitter:data1\" content=\"upwork_1\" \/>\n\t<meta name=\"twitter:label2\" content=\"Gesch\u00e4tzte Lesezeit\" \/>\n\t<meta name=\"twitter:data2\" content=\"4\u00a0Minuten\" \/>\n<script type=\"application\/ld+json\" class=\"yoast-schema-graph\">{\"@context\":\"https:\/\/schema.org\",\"@graph\":[{\"@type\":\"Article\",\"@id\":\"https:\/\/www.m-q.ch\/ich-motivier-sie-mal\/#article\",\"isPartOf\":{\"@id\":\"https:\/\/www.m-q.ch\/ich-motivier-sie-mal\/\"},\"author\":{\"name\":\"upwork_1\",\"@id\":\"https:\/\/www.m-q.ch\/fr\/#\/schema\/person\/0bdf39ca27d0b9b779f5b8af54b3f7d7\"},\"headline\":\"Ich motivier\u2019 sie mal &#8230;\",\"datePublished\":\"2016-08-23T08:04:59+00:00\",\"dateModified\":\"2021-02-15T09:08:40+00:00\",\"mainEntityOfPage\":{\"@id\":\"https:\/\/www.m-q.ch\/ich-motivier-sie-mal\/\"},\"wordCount\":777,\"publisher\":{\"@id\":\"https:\/\/www.m-q.ch\/fr\/#organization\"},\"keywords\":[\"07\u201308\/2016\"],\"inLanguage\":\"de\"},{\"@type\":\"WebPage\",\"@id\":\"https:\/\/www.m-q.ch\/ich-motivier-sie-mal\/\",\"url\":\"https:\/\/www.m-q.ch\/ich-motivier-sie-mal\/\",\"name\":\"Ich motivier\u2019 sie mal ... - MQ Management und Qualit\u00e4t\",\"isPartOf\":{\"@id\":\"https:\/\/www.m-q.ch\/fr\/#website\"},\"datePublished\":\"2016-08-23T08:04:59+00:00\",\"dateModified\":\"2021-02-15T09:08:40+00:00\",\"description\":\"Auch Hannes hat es erwischt: Seine Mitarbeitenden sind nicht mehr motiviert. In seiner Abteilung ist die Mitarbeitermotivation gem\u00e4ss der letzten Personalumfrage bereits zum zweiten Mal hintereinander gesunken. Diesmal sind es 0,4 Prozentpunkte weniger. Zwar ist das Niveau mit 86,491398 Prozent ziemlich ordentlich, aber Luft nach oben hat\u2019s immer \u2013 sagt der CEO. Man darf nie damit zufrieden sein, dass man zufrieden ist, meint er.\",\"breadcrumb\":{\"@id\":\"https:\/\/www.m-q.ch\/ich-motivier-sie-mal\/#breadcrumb\"},\"inLanguage\":\"de\",\"potentialAction\":[{\"@type\":\"ReadAction\",\"target\":[\"https:\/\/www.m-q.ch\/ich-motivier-sie-mal\/\"]}]},{\"@type\":\"BreadcrumbList\",\"@id\":\"https:\/\/www.m-q.ch\/ich-motivier-sie-mal\/#breadcrumb\",\"itemListElement\":[{\"@type\":\"ListItem\",\"position\":1,\"name\":\"Allgemein\",\"item\":\"https:\/\/www.m-q.ch\/kategorie\/allgemein\/\"},{\"@type\":\"ListItem\",\"position\":2,\"name\":\"Ich motivier\u2019 sie mal &#8230;\"}]},{\"@type\":\"WebSite\",\"@id\":\"https:\/\/www.m-q.ch\/fr\/#website\",\"url\":\"https:\/\/www.m-q.ch\/fr\/\",\"name\":\"MQ Management und Qualit\u00e4t\",\"description\":\"Plattform f\u00fcr integrierte Managementsysteme.\",\"publisher\":{\"@id\":\"https:\/\/www.m-q.ch\/fr\/#organization\"},\"potentialAction\":[{\"@type\":\"SearchAction\",\"target\":{\"@type\":\"EntryPoint\",\"urlTemplate\":\"https:\/\/www.m-q.ch\/fr\/?s={search_term_string}\"},\"query-input\":{\"@type\":\"PropertyValueSpecification\",\"valueRequired\":true,\"valueName\":\"search_term_string\"}}],\"inLanguage\":\"de\"},{\"@type\":\"Organization\",\"@id\":\"https:\/\/www.m-q.ch\/fr\/#organization\",\"name\":\"Galledia Fachmedien AG\",\"url\":\"https:\/\/www.m-q.ch\/fr\/\",\"logo\":{\"@type\":\"ImageObject\",\"inLanguage\":\"de\",\"@id\":\"https:\/\/www.m-q.ch\/fr\/#\/schema\/logo\/image\/\",\"url\":\"https:\/\/www.m-q.ch\/wp-content\/uploads\/2020\/12\/cropped-logo_small.png\",\"contentUrl\":\"https:\/\/www.m-q.ch\/wp-content\/uploads\/2020\/12\/cropped-logo_small.png\",\"width\":512,\"height\":512,\"caption\":\"Galledia Fachmedien AG\"},\"image\":{\"@id\":\"https:\/\/www.m-q.ch\/fr\/#\/schema\/logo\/image\/\"},\"sameAs\":[\"https:\/\/www.facebook.com\/ManagementUndQualitaet\",\"https:\/\/www.linkedin.com\/showcase\/17982321\/admin\/\"]},{\"@type\":\"Person\",\"@id\":\"https:\/\/www.m-q.ch\/fr\/#\/schema\/person\/0bdf39ca27d0b9b779f5b8af54b3f7d7\",\"name\":\"upwork_1\",\"image\":{\"@type\":\"ImageObject\",\"inLanguage\":\"de\",\"@id\":\"https:\/\/www.m-q.ch\/fr\/#\/schema\/person\/image\/\",\"url\":\"https:\/\/secure.gravatar.com\/avatar\/04d4d0fdc5886d535809f17d0eace7f6?s=96&d=mm&r=g\",\"contentUrl\":\"https:\/\/secure.gravatar.com\/avatar\/04d4d0fdc5886d535809f17d0eace7f6?s=96&d=mm&r=g\",\"caption\":\"upwork_1\"},\"url\":\"https:\/\/www.m-q.ch\/de\/author\/upwork_1\/\"}]}<\/script>\n<!-- \/ Yoast SEO plugin. -->","yoast_head_json":{"title":"Ich motivier\u2019 sie mal ... - MQ Management und Qualit\u00e4t","description":"Auch Hannes hat es erwischt: Seine Mitarbeitenden sind nicht mehr motiviert. In seiner Abteilung ist die Mitarbeitermotivation gem\u00e4ss der letzten Personalumfrage bereits zum zweiten Mal hintereinander gesunken. Diesmal sind es 0,4 Prozentpunkte weniger. Zwar ist das Niveau mit 86,491398 Prozent ziemlich ordentlich, aber Luft nach oben hat\u2019s immer \u2013 sagt der CEO. Man darf nie damit zufrieden sein, dass man zufrieden ist, meint er.","robots":{"index":"index","follow":"follow","max-snippet":"max-snippet:-1","max-image-preview":"max-image-preview:large","max-video-preview":"max-video-preview:-1"},"canonical":"https:\/\/www.m-q.ch\/de\/ich-motivier-sie-mal\/","og_locale":"de_DE","og_type":"article","og_title":"Ich motivier\u2019 sie mal ... - MQ Management und Qualit\u00e4t","og_description":"Auch Hannes hat es erwischt: Seine Mitarbeitenden sind nicht mehr motiviert. In seiner Abteilung ist die Mitarbeitermotivation gem\u00e4ss der letzten Personalumfrage bereits zum zweiten Mal hintereinander gesunken. Diesmal sind es 0,4 Prozentpunkte weniger. Zwar ist das Niveau mit 86,491398 Prozent ziemlich ordentlich, aber Luft nach oben hat\u2019s immer \u2013 sagt der CEO. Man darf nie damit zufrieden sein, dass man zufrieden ist, meint er.","og_url":"https:\/\/www.m-q.ch\/de\/ich-motivier-sie-mal\/","og_site_name":"MQ Management und Qualit\u00e4t","article_publisher":"https:\/\/www.facebook.com\/ManagementUndQualitaet","article_published_time":"2016-08-23T08:04:59+00:00","article_modified_time":"2021-02-15T09:08:40+00:00","author":"upwork_1","twitter_card":"summary_large_image","twitter_misc":{"Verfasst von":"upwork_1","Gesch\u00e4tzte Lesezeit":"4\u00a0Minuten"},"schema":{"@context":"https:\/\/schema.org","@graph":[{"@type":"Article","@id":"https:\/\/www.m-q.ch\/ich-motivier-sie-mal\/#article","isPartOf":{"@id":"https:\/\/www.m-q.ch\/ich-motivier-sie-mal\/"},"author":{"name":"upwork_1","@id":"https:\/\/www.m-q.ch\/fr\/#\/schema\/person\/0bdf39ca27d0b9b779f5b8af54b3f7d7"},"headline":"Ich motivier\u2019 sie mal &#8230;","datePublished":"2016-08-23T08:04:59+00:00","dateModified":"2021-02-15T09:08:40+00:00","mainEntityOfPage":{"@id":"https:\/\/www.m-q.ch\/ich-motivier-sie-mal\/"},"wordCount":777,"publisher":{"@id":"https:\/\/www.m-q.ch\/fr\/#organization"},"keywords":["07\u201308\/2016"],"inLanguage":"de"},{"@type":"WebPage","@id":"https:\/\/www.m-q.ch\/ich-motivier-sie-mal\/","url":"https:\/\/www.m-q.ch\/ich-motivier-sie-mal\/","name":"Ich motivier\u2019 sie mal ... - MQ Management und Qualit\u00e4t","isPartOf":{"@id":"https:\/\/www.m-q.ch\/fr\/#website"},"datePublished":"2016-08-23T08:04:59+00:00","dateModified":"2021-02-15T09:08:40+00:00","description":"Auch Hannes hat es erwischt: Seine Mitarbeitenden sind nicht mehr motiviert. In seiner Abteilung ist die Mitarbeitermotivation gem\u00e4ss der letzten Personalumfrage bereits zum zweiten Mal hintereinander gesunken. Diesmal sind es 0,4 Prozentpunkte weniger. Zwar ist das Niveau mit 86,491398 Prozent ziemlich ordentlich, aber Luft nach oben hat\u2019s immer \u2013 sagt der CEO. Man darf nie damit zufrieden sein, dass man zufrieden ist, meint er.","breadcrumb":{"@id":"https:\/\/www.m-q.ch\/ich-motivier-sie-mal\/#breadcrumb"},"inLanguage":"de","potentialAction":[{"@type":"ReadAction","target":["https:\/\/www.m-q.ch\/ich-motivier-sie-mal\/"]}]},{"@type":"BreadcrumbList","@id":"https:\/\/www.m-q.ch\/ich-motivier-sie-mal\/#breadcrumb","itemListElement":[{"@type":"ListItem","position":1,"name":"Allgemein","item":"https:\/\/www.m-q.ch\/kategorie\/allgemein\/"},{"@type":"ListItem","position":2,"name":"Ich motivier\u2019 sie mal &#8230;"}]},{"@type":"WebSite","@id":"https:\/\/www.m-q.ch\/fr\/#website","url":"https:\/\/www.m-q.ch\/fr\/","name":"MQ Management und Qualit\u00e4t","description":"Plattform f\u00fcr integrierte Managementsysteme.","publisher":{"@id":"https:\/\/www.m-q.ch\/fr\/#organization"},"potentialAction":[{"@type":"SearchAction","target":{"@type":"EntryPoint","urlTemplate":"https:\/\/www.m-q.ch\/fr\/?s={search_term_string}"},"query-input":{"@type":"PropertyValueSpecification","valueRequired":true,"valueName":"search_term_string"}}],"inLanguage":"de"},{"@type":"Organization","@id":"https:\/\/www.m-q.ch\/fr\/#organization","name":"Galledia Fachmedien AG","url":"https:\/\/www.m-q.ch\/fr\/","logo":{"@type":"ImageObject","inLanguage":"de","@id":"https:\/\/www.m-q.ch\/fr\/#\/schema\/logo\/image\/","url":"https:\/\/www.m-q.ch\/wp-content\/uploads\/2020\/12\/cropped-logo_small.png","contentUrl":"https:\/\/www.m-q.ch\/wp-content\/uploads\/2020\/12\/cropped-logo_small.png","width":512,"height":512,"caption":"Galledia Fachmedien AG"},"image":{"@id":"https:\/\/www.m-q.ch\/fr\/#\/schema\/logo\/image\/"},"sameAs":["https:\/\/www.facebook.com\/ManagementUndQualitaet","https:\/\/www.linkedin.com\/showcase\/17982321\/admin\/"]},{"@type":"Person","@id":"https:\/\/www.m-q.ch\/fr\/#\/schema\/person\/0bdf39ca27d0b9b779f5b8af54b3f7d7","name":"upwork_1","image":{"@type":"ImageObject","inLanguage":"de","@id":"https:\/\/www.m-q.ch\/fr\/#\/schema\/person\/image\/","url":"https:\/\/secure.gravatar.com\/avatar\/04d4d0fdc5886d535809f17d0eace7f6?s=96&d=mm&r=g","contentUrl":"https:\/\/secure.gravatar.com\/avatar\/04d4d0fdc5886d535809f17d0eace7f6?s=96&d=mm&r=g","caption":"upwork_1"},"url":"https:\/\/www.m-q.ch\/de\/author\/upwork_1\/"}]}},"_links":{"self":[{"href":"https:\/\/www.m-q.ch\/de\/wp-json\/wp\/v2\/posts\/11923","targetHints":{"allow":["GET"]}}],"collection":[{"href":"https:\/\/www.m-q.ch\/de\/wp-json\/wp\/v2\/posts"}],"about":[{"href":"https:\/\/www.m-q.ch\/de\/wp-json\/wp\/v2\/types\/post"}],"author":[{"embeddable":true,"href":"https:\/\/www.m-q.ch\/de\/wp-json\/wp\/v2\/users\/66"}],"replies":[{"embeddable":true,"href":"https:\/\/www.m-q.ch\/de\/wp-json\/wp\/v2\/comments?post=11923"}],"version-history":[{"count":2,"href":"https:\/\/www.m-q.ch\/de\/wp-json\/wp\/v2\/posts\/11923\/revisions"}],"predecessor-version":[{"id":11925,"href":"https:\/\/www.m-q.ch\/de\/wp-json\/wp\/v2\/posts\/11923\/revisions\/11925"}],"wp:attachment":[{"href":"https:\/\/www.m-q.ch\/de\/wp-json\/wp\/v2\/media?parent=11923"}],"wp:term":[{"taxonomy":"category","embeddable":true,"href":"https:\/\/www.m-q.ch\/de\/wp-json\/wp\/v2\/categories?post=11923"},{"taxonomy":"post_tag","embeddable":true,"href":"https:\/\/www.m-q.ch\/de\/wp-json\/wp\/v2\/tags?post=11923"}],"curies":[{"name":"wp","href":"https:\/\/api.w.org\/{rel}","templated":true}]}}