{"id":1201,"date":"2017-03-01T16:08:57","date_gmt":"2017-03-01T15:08:57","guid":{"rendered":"https:\/\/www.m-q.ch\/?p=1201"},"modified":"2017-03-01T16:09:30","modified_gmt":"2017-03-01T15:09:30","slug":"adp-studie-zeigt-die-gluecklichsten-arbeitskraefte-wie-schneidet-die-schweiz-ab","status":"publish","type":"post","link":"https:\/\/www.m-q.ch\/de\/adp-studie-zeigt-die-gluecklichsten-arbeitskraefte-wie-schneidet-die-schweiz-ab\/","title":{"rendered":"ADP Studie zeigt die gl\u00fccklichsten Arbeitskr\u00e4fte \u2013 wie schneidet die Schweiz ab?"},"content":{"rendered":"<p><img loading=\"lazy\" decoding=\"async\" class=\"alignnone size-full wp-image-1202\" src=\"https:\/\/www.m-q.ch\/wp-content\/uploads\/2017\/03\/Europas-gl\u00fccklichste-Arbeitskr\u00e4fte-wie-schneidet-die-Schweiz-ab-org-organisator.jpg\" alt=\"\" width=\"578\" height=\"480\" srcset=\"https:\/\/www.m-q.ch\/wp-content\/uploads\/2017\/03\/Europas-gl\u00fccklichste-Arbeitskr\u00e4fte-wie-schneidet-die-Schweiz-ab-org-organisator.jpg 578w, https:\/\/www.m-q.ch\/wp-content\/uploads\/2017\/03\/Europas-gl\u00fccklichste-Arbeitskr\u00e4fte-wie-schneidet-die-Schweiz-ab-org-organisator-14x12.jpg 14w, https:\/\/www.m-q.ch\/wp-content\/uploads\/2017\/03\/Europas-gl\u00fccklichste-Arbeitskr\u00e4fte-wie-schneidet-die-Schweiz-ab-org-organisator-211x175.jpg 211w, https:\/\/www.m-q.ch\/wp-content\/uploads\/2017\/03\/Europas-gl\u00fccklichste-Arbeitskr\u00e4fte-wie-schneidet-die-Schweiz-ab-org-organisator-421x350.jpg 421w, https:\/\/www.m-q.ch\/wp-content\/uploads\/2017\/03\/Europas-gl\u00fccklichste-Arbeitskr\u00e4fte-wie-schneidet-die-Schweiz-ab-org-organisator-300x249.jpg 300w\" sizes=\"auto, (max-width: 578px) 100vw, 578px\" \/><\/p>\n<p>Es heisst gl\u00fcckliche Arbeitgeber leisten mehr. (Bild: depositphotos_minverva)<\/p>\n<p>Die ADP Studie zeit, wo die gl\u00fccklichsten Mitarbeiter arbeiten. Im Folgenden sind die Top f\u00fcnf der europ\u00e4ischen L\u00e4nder nach der Zufriedenheit der Arbeiter aufgelistet:<\/p>\n<ol>\n<li>Niederlande (76%)<\/li>\n<li>Polen (74%)<\/li>\n<li>Schweiz (73%)<\/li>\n<li>Spanien (71%)<\/li>\n<li>Grossbritannien, Frankreich und Deutschland (68%)<\/li>\n<\/ol>\n<p><strong>Unterschiedliche Kriterien <\/strong><\/p>\n<p>Trotz hoher Arbeitszufriedenheit w\u00fcrden 86% der polnischen Arbeitnehmer eine Karrierechance in einem anderen Land in Betracht ziehen &#8211; im Vergleich zu 54% der Befragten in Frankreich, die in der Regel geringere Zufriedenheit und Optimismus als die polnischen Besch\u00e4ftigten angeben. Diese Ergebnisse sind in Bezug auf die Besch\u00e4ftigunszahlen interessant. Zum Beispiel ist die Arbeitslosigkeit mit 18,9% in Spanien ersch\u00fctternd hoch. Hohe Zufriedenheit in der Arbeit d\u00fcrfte ein direktes Ergebnis der vergleichenden Sicherheit im Beruf sein.<\/p>\n<p>Deutsche Mitarbeiter sehen am zuversichtlichsten in die Arbeitszukunft. 83% von ihnen sind optimistisch. Grossbritannien verzeichnet den gr\u00f6ssten R\u00fcckgang im Vergleich zum letzten Jahr (76% vs. 81%). Da Grossbritannien eine der st\u00e4rksten Volkswirtschaften in Europa mit hohem Besch\u00e4ftigungslevel ist, ist wohl dem Ergebnis des EU-Referendums dieser Fall zuzuschreiben.<\/p>\n<p><strong>Demographischer Wandel<\/strong><\/p>\n<p>J\u00fcngere Arbeitnehmer neigen dazu, einen h\u00f6heren Optimismus zu zeigen, wobei 85% der 16- bis 24-J\u00e4hrigen \u00fcber die Zukunft der Arbeit optimistisch sind, im Vergleich zu einem Gesamtdurchschnitt von 78%. Dies f\u00e4llt auf 72% in der 55 + Altersgruppe &#8211; was darauf hindeutet, dass Optimismus mit dem Alter abnimmt.<\/p>\n<p><strong>Zufriedenste Bereiche <\/strong><\/p>\n<p>Mittlerweile entwickelt sich die Telekommunikation- und IT-Branche als die zufriedenste Industrie \u00fcberhaupt. 79% der Arbeitnehmer geben an zufrieden zu sein. Im Gegensatz dazu berichteten nur 65% der Besch\u00e4ftigten im Einzelhandel, in der Gastronomie und in der Freizeitindustrie, dass sie zufrieden w\u00e4ren.<\/p>\n<p>Sebastien Moyon, Service Delivery Director bei ADP Switzerland, kommentiert: \u201eEs ist seit langem anerkannt, dass sich die Zufriedenheit der Mitarbeiter sehr auf die Produktion auswirkt. Organisationen m\u00fcssen darauf achten, dass ihre Mitarbeiter gl\u00fccklich, engagiert und zufrieden in ihrer Rolle sind.\u201c<\/p>\n<p>F\u00fcr mehr Informationen, lesen Sie bitte die Studie \u201eDie Arbeitnehmersicht in Europa 2017\u201c unter diesem <a href=\"http:\/\/www.adp.ch\/the-workforce-view\/the-workforce-view\">Link<\/a><\/p>\n<p><a href=\"http:\/\/www.adp.ch\">www.adp.ch<\/a><\/p>\n","protected":false},"excerpt":{"rendered":"<p>Es heisst gl\u00fcckliche Arbeitgeber leisten mehr. (Bild: depositphotos_minverva) Die ADP Studie zeit, wo die gl\u00fccklichsten Mitarbeiter arbeiten. Im Folgenden sind die Top f\u00fcnf der europ\u00e4ischen L\u00e4nder nach der Zufriedenheit der Arbeiter aufgelistet: Niederlande (76%) Polen (74%) Schweiz (73%) Spanien (71%) Grossbritannien, Frankreich und Deutschland (68%) Unterschiedliche Kriterien Trotz hoher Arbeitszufriedenheit w\u00fcrden 86% der polnischen Arbeitnehmer [&hellip;]<\/p>\n","protected":false},"author":35,"featured_media":1202,"comment_status":"open","ping_status":"open","sticky":false,"template":"","format":"standard","meta":{"_acf_changed":false,"footnotes":""},"categories":[1],"tags":[3467,3362],"class_list":["post-1201","post","type-post","status-publish","format-standard","has-post-thumbnail","hentry","category-unkategorisiert","tag-arbeitswelt","tag-studie"],"acf":[],"yoast_head":"<!-- This site is optimized with the Yoast SEO plugin v26.2 - https:\/\/yoast.com\/wordpress\/plugins\/seo\/ -->\n<title>ADP Studie zeigt die gl\u00fccklichsten Arbeitskr\u00e4fte \u2013 wie schneidet die Schweiz ab? - MQ Management und Qualit\u00e4t<\/title>\n<meta name=\"description\" content=\"Laut einer Studie von ADP berichten Arbeitnehmer, die in Spanien, den Niederlanden und Polen besch\u00e4ftigt sind, von der h\u00f6chsten Arbeitszufriedenheit.\" \/>\n<meta name=\"robots\" content=\"index, follow, max-snippet:-1, max-image-preview:large, max-video-preview:-1\" \/>\n<link rel=\"canonical\" href=\"https:\/\/www.m-q.ch\/de\/adp-studie-zeigt-die-gluecklichsten-arbeitskraefte-wie-schneidet-die-schweiz-ab\/\" \/>\n<meta property=\"og:locale\" content=\"de_DE\" \/>\n<meta property=\"og:type\" content=\"article\" \/>\n<meta property=\"og:title\" content=\"ADP Studie zeigt die gl\u00fccklichsten Arbeitskr\u00e4fte \u2013 wie schneidet die Schweiz ab? - MQ Management und Qualit\u00e4t\" \/>\n<meta property=\"og:description\" content=\"Laut einer Studie von ADP berichten Arbeitnehmer, die in Spanien, den Niederlanden und Polen besch\u00e4ftigt sind, von der h\u00f6chsten Arbeitszufriedenheit.\" \/>\n<meta property=\"og:url\" content=\"https:\/\/www.m-q.ch\/de\/adp-studie-zeigt-die-gluecklichsten-arbeitskraefte-wie-schneidet-die-schweiz-ab\/\" \/>\n<meta property=\"og:site_name\" content=\"MQ Management und Qualit\u00e4t\" \/>\n<meta property=\"article:publisher\" content=\"https:\/\/www.facebook.com\/ManagementUndQualitaet\" \/>\n<meta property=\"article:published_time\" content=\"2017-03-01T15:08:57+00:00\" \/>\n<meta property=\"article:modified_time\" content=\"2017-03-01T15:09:30+00:00\" \/>\n<meta property=\"og:image\" content=\"https:\/\/www.m-q.ch\/wp-content\/uploads\/2017\/03\/Europas-gl\u00fccklichste-Arbeitskr\u00e4fte-wie-schneidet-die-Schweiz-ab-org-organisator.jpg\" \/>\n\t<meta property=\"og:image:width\" content=\"578\" \/>\n\t<meta property=\"og:image:height\" content=\"480\" \/>\n\t<meta property=\"og:image:type\" content=\"image\/jpeg\" \/>\n<meta name=\"author\" content=\"Roger Str\u00e4ssle\" \/>\n<meta name=\"twitter:card\" content=\"summary_large_image\" \/>\n<meta name=\"twitter:label1\" content=\"Verfasst von\" \/>\n\t<meta name=\"twitter:data1\" content=\"Roger Str\u00e4ssle\" \/>\n\t<meta name=\"twitter:label2\" content=\"Gesch\u00e4tzte Lesezeit\" \/>\n\t<meta name=\"twitter:data2\" content=\"2\u00a0Minuten\" \/>\n<script type=\"application\/ld+json\" class=\"yoast-schema-graph\">{\"@context\":\"https:\/\/schema.org\",\"@graph\":[{\"@type\":\"Article\",\"@id\":\"https:\/\/www.m-q.ch\/en\/adp-study-shows-the-happiest-workers-how-switzerland-performs\/#article\",\"isPartOf\":{\"@id\":\"https:\/\/www.m-q.ch\/en\/adp-study-shows-the-happiest-workers-how-switzerland-performs\/\"},\"author\":{\"name\":\"Roger Str\u00e4ssle\",\"@id\":\"https:\/\/www.m-q.ch\/fr\/#\/schema\/person\/47d540e081acd98ccbeb69b55df653d7\"},\"headline\":\"ADP Studie zeigt die gl\u00fccklichsten Arbeitskr\u00e4fte \u2013 wie schneidet die Schweiz ab?\",\"datePublished\":\"2017-03-01T15:08:57+00:00\",\"dateModified\":\"2017-03-01T15:09:30+00:00\",\"mainEntityOfPage\":{\"@id\":\"https:\/\/www.m-q.ch\/en\/adp-study-shows-the-happiest-workers-how-switzerland-performs\/\"},\"wordCount\":338,\"commentCount\":0,\"publisher\":{\"@id\":\"https:\/\/www.m-q.ch\/fr\/#organization\"},\"image\":{\"@id\":\"https:\/\/www.m-q.ch\/en\/adp-study-shows-the-happiest-workers-how-switzerland-performs\/#primaryimage\"},\"thumbnailUrl\":\"https:\/\/www.m-q.ch\/wp-content\/uploads\/2017\/03\/Europas-gl\u00fccklichste-Arbeitskr\u00e4fte-wie-schneidet-die-Schweiz-ab-org-organisator.jpg\",\"keywords\":[\"Arbeitswelt\",\"Studie\"],\"articleSection\":[\"Unkategorisiert\"],\"inLanguage\":\"de\"},{\"@type\":\"WebPage\",\"@id\":\"https:\/\/www.m-q.ch\/en\/adp-study-shows-the-happiest-workers-how-switzerland-performs\/\",\"url\":\"https:\/\/www.m-q.ch\/en\/adp-study-shows-the-happiest-workers-how-switzerland-performs\/\",\"name\":\"ADP Studie zeigt die gl\u00fccklichsten Arbeitskr\u00e4fte \u2013 wie schneidet die Schweiz ab? - MQ Management und Qualit\u00e4t\",\"isPartOf\":{\"@id\":\"https:\/\/www.m-q.ch\/fr\/#website\"},\"primaryImageOfPage\":{\"@id\":\"https:\/\/www.m-q.ch\/en\/adp-study-shows-the-happiest-workers-how-switzerland-performs\/#primaryimage\"},\"image\":{\"@id\":\"https:\/\/www.m-q.ch\/en\/adp-study-shows-the-happiest-workers-how-switzerland-performs\/#primaryimage\"},\"thumbnailUrl\":\"https:\/\/www.m-q.ch\/wp-content\/uploads\/2017\/03\/Europas-gl\u00fccklichste-Arbeitskr\u00e4fte-wie-schneidet-die-Schweiz-ab-org-organisator.jpg\",\"datePublished\":\"2017-03-01T15:08:57+00:00\",\"dateModified\":\"2017-03-01T15:09:30+00:00\",\"description\":\"Laut einer Studie von ADP berichten Arbeitnehmer, die in Spanien, den Niederlanden und Polen besch\u00e4ftigt sind, von der h\u00f6chsten Arbeitszufriedenheit.\",\"breadcrumb\":{\"@id\":\"https:\/\/www.m-q.ch\/en\/adp-study-shows-the-happiest-workers-how-switzerland-performs\/#breadcrumb\"},\"inLanguage\":\"de\",\"potentialAction\":[{\"@type\":\"ReadAction\",\"target\":[\"https:\/\/www.m-q.ch\/en\/adp-study-shows-the-happiest-workers-how-switzerland-performs\/\"]}]},{\"@type\":\"ImageObject\",\"inLanguage\":\"de\",\"@id\":\"https:\/\/www.m-q.ch\/en\/adp-study-shows-the-happiest-workers-how-switzerland-performs\/#primaryimage\",\"url\":\"https:\/\/www.m-q.ch\/wp-content\/uploads\/2017\/03\/Europas-gl\u00fccklichste-Arbeitskr\u00e4fte-wie-schneidet-die-Schweiz-ab-org-organisator.jpg\",\"contentUrl\":\"https:\/\/www.m-q.ch\/wp-content\/uploads\/2017\/03\/Europas-gl\u00fccklichste-Arbeitskr\u00e4fte-wie-schneidet-die-Schweiz-ab-org-organisator.jpg\",\"width\":578,\"height\":480,\"caption\":\"Es heisst gl\u00fcckliche Arbeitgeber leisten mehr. (Bild: depositphotos_minverva)\"},{\"@type\":\"BreadcrumbList\",\"@id\":\"https:\/\/www.m-q.ch\/en\/adp-study-shows-the-happiest-workers-how-switzerland-performs\/#breadcrumb\",\"itemListElement\":[{\"@type\":\"ListItem\",\"position\":1,\"name\":\"Unkategorisiert\",\"item\":\"https:\/\/www.m-q.ch\/it\/categoria\/senza-categoria\/\"},{\"@type\":\"ListItem\",\"position\":2,\"name\":\"ADP Studie zeigt die gl\u00fccklichsten Arbeitskr\u00e4fte \u2013 wie schneidet die Schweiz ab?\"}]},{\"@type\":\"WebSite\",\"@id\":\"https:\/\/www.m-q.ch\/fr\/#website\",\"url\":\"https:\/\/www.m-q.ch\/fr\/\",\"name\":\"MQ Management und Qualit\u00e4t\",\"description\":\"Plattform f\u00fcr integrierte Managementsysteme.\",\"publisher\":{\"@id\":\"https:\/\/www.m-q.ch\/fr\/#organization\"},\"potentialAction\":[{\"@type\":\"SearchAction\",\"target\":{\"@type\":\"EntryPoint\",\"urlTemplate\":\"https:\/\/www.m-q.ch\/fr\/?s={search_term_string}\"},\"query-input\":{\"@type\":\"PropertyValueSpecification\",\"valueRequired\":true,\"valueName\":\"search_term_string\"}}],\"inLanguage\":\"de\"},{\"@type\":\"Organization\",\"@id\":\"https:\/\/www.m-q.ch\/fr\/#organization\",\"name\":\"Galledia Fachmedien AG\",\"url\":\"https:\/\/www.m-q.ch\/fr\/\",\"logo\":{\"@type\":\"ImageObject\",\"inLanguage\":\"de\",\"@id\":\"https:\/\/www.m-q.ch\/fr\/#\/schema\/logo\/image\/\",\"url\":\"https:\/\/www.m-q.ch\/wp-content\/uploads\/2020\/12\/cropped-logo_small.png\",\"contentUrl\":\"https:\/\/www.m-q.ch\/wp-content\/uploads\/2020\/12\/cropped-logo_small.png\",\"width\":512,\"height\":512,\"caption\":\"Galledia Fachmedien AG\"},\"image\":{\"@id\":\"https:\/\/www.m-q.ch\/fr\/#\/schema\/logo\/image\/\"},\"sameAs\":[\"https:\/\/www.facebook.com\/ManagementUndQualitaet\",\"https:\/\/www.linkedin.com\/showcase\/17982321\/admin\/\"]},{\"@type\":\"Person\",\"@id\":\"https:\/\/www.m-q.ch\/fr\/#\/schema\/person\/47d540e081acd98ccbeb69b55df653d7\",\"name\":\"Roger Str\u00e4ssle\",\"image\":{\"@type\":\"ImageObject\",\"inLanguage\":\"de\",\"@id\":\"https:\/\/www.m-q.ch\/fr\/#\/schema\/person\/image\/\",\"url\":\"https:\/\/secure.gravatar.com\/avatar\/e4dde3046d8a184d2e2d27651a418883?s=96&d=mm&r=g\",\"contentUrl\":\"https:\/\/secure.gravatar.com\/avatar\/e4dde3046d8a184d2e2d27651a418883?s=96&d=mm&r=g\",\"caption\":\"Roger Str\u00e4ssle\"},\"url\":\"https:\/\/www.m-q.ch\/de\/author\/roger-straessle\/\"}]}<\/script>\n<!-- \/ Yoast SEO plugin. -->","yoast_head_json":{"title":"ADP Studie zeigt die gl\u00fccklichsten Arbeitskr\u00e4fte \u2013 wie schneidet die Schweiz ab? - MQ Management und Qualit\u00e4t","description":"Laut einer Studie von ADP berichten Arbeitnehmer, die in Spanien, den Niederlanden und Polen besch\u00e4ftigt sind, von der h\u00f6chsten Arbeitszufriedenheit.","robots":{"index":"index","follow":"follow","max-snippet":"max-snippet:-1","max-image-preview":"max-image-preview:large","max-video-preview":"max-video-preview:-1"},"canonical":"https:\/\/www.m-q.ch\/de\/adp-studie-zeigt-die-gluecklichsten-arbeitskraefte-wie-schneidet-die-schweiz-ab\/","og_locale":"de_DE","og_type":"article","og_title":"ADP Studie zeigt die gl\u00fccklichsten Arbeitskr\u00e4fte \u2013 wie schneidet die Schweiz ab? - MQ Management und Qualit\u00e4t","og_description":"Laut einer Studie von ADP berichten Arbeitnehmer, die in Spanien, den Niederlanden und Polen besch\u00e4ftigt sind, von der h\u00f6chsten Arbeitszufriedenheit.","og_url":"https:\/\/www.m-q.ch\/de\/adp-studie-zeigt-die-gluecklichsten-arbeitskraefte-wie-schneidet-die-schweiz-ab\/","og_site_name":"MQ Management und Qualit\u00e4t","article_publisher":"https:\/\/www.facebook.com\/ManagementUndQualitaet","article_published_time":"2017-03-01T15:08:57+00:00","article_modified_time":"2017-03-01T15:09:30+00:00","og_image":[{"width":578,"height":480,"url":"https:\/\/www.m-q.ch\/wp-content\/uploads\/2017\/03\/Europas-gl\u00fccklichste-Arbeitskr\u00e4fte-wie-schneidet-die-Schweiz-ab-org-organisator.jpg","type":"image\/jpeg"}],"author":"Roger Str\u00e4ssle","twitter_card":"summary_large_image","twitter_misc":{"Verfasst von":"Roger Str\u00e4ssle","Gesch\u00e4tzte Lesezeit":"2\u00a0Minuten"},"schema":{"@context":"https:\/\/schema.org","@graph":[{"@type":"Article","@id":"https:\/\/www.m-q.ch\/en\/adp-study-shows-the-happiest-workers-how-switzerland-performs\/#article","isPartOf":{"@id":"https:\/\/www.m-q.ch\/en\/adp-study-shows-the-happiest-workers-how-switzerland-performs\/"},"author":{"name":"Roger Str\u00e4ssle","@id":"https:\/\/www.m-q.ch\/fr\/#\/schema\/person\/47d540e081acd98ccbeb69b55df653d7"},"headline":"ADP Studie zeigt die gl\u00fccklichsten Arbeitskr\u00e4fte \u2013 wie schneidet die Schweiz ab?","datePublished":"2017-03-01T15:08:57+00:00","dateModified":"2017-03-01T15:09:30+00:00","mainEntityOfPage":{"@id":"https:\/\/www.m-q.ch\/en\/adp-study-shows-the-happiest-workers-how-switzerland-performs\/"},"wordCount":338,"commentCount":0,"publisher":{"@id":"https:\/\/www.m-q.ch\/fr\/#organization"},"image":{"@id":"https:\/\/www.m-q.ch\/en\/adp-study-shows-the-happiest-workers-how-switzerland-performs\/#primaryimage"},"thumbnailUrl":"https:\/\/www.m-q.ch\/wp-content\/uploads\/2017\/03\/Europas-gl\u00fccklichste-Arbeitskr\u00e4fte-wie-schneidet-die-Schweiz-ab-org-organisator.jpg","keywords":["Arbeitswelt","Studie"],"articleSection":["Unkategorisiert"],"inLanguage":"de"},{"@type":"WebPage","@id":"https:\/\/www.m-q.ch\/en\/adp-study-shows-the-happiest-workers-how-switzerland-performs\/","url":"https:\/\/www.m-q.ch\/en\/adp-study-shows-the-happiest-workers-how-switzerland-performs\/","name":"ADP Studie zeigt die gl\u00fccklichsten Arbeitskr\u00e4fte \u2013 wie schneidet die Schweiz ab? - MQ Management und Qualit\u00e4t","isPartOf":{"@id":"https:\/\/www.m-q.ch\/fr\/#website"},"primaryImageOfPage":{"@id":"https:\/\/www.m-q.ch\/en\/adp-study-shows-the-happiest-workers-how-switzerland-performs\/#primaryimage"},"image":{"@id":"https:\/\/www.m-q.ch\/en\/adp-study-shows-the-happiest-workers-how-switzerland-performs\/#primaryimage"},"thumbnailUrl":"https:\/\/www.m-q.ch\/wp-content\/uploads\/2017\/03\/Europas-gl\u00fccklichste-Arbeitskr\u00e4fte-wie-schneidet-die-Schweiz-ab-org-organisator.jpg","datePublished":"2017-03-01T15:08:57+00:00","dateModified":"2017-03-01T15:09:30+00:00","description":"Laut einer Studie von ADP berichten Arbeitnehmer, die in Spanien, den Niederlanden und Polen besch\u00e4ftigt sind, von der h\u00f6chsten Arbeitszufriedenheit.","breadcrumb":{"@id":"https:\/\/www.m-q.ch\/en\/adp-study-shows-the-happiest-workers-how-switzerland-performs\/#breadcrumb"},"inLanguage":"de","potentialAction":[{"@type":"ReadAction","target":["https:\/\/www.m-q.ch\/en\/adp-study-shows-the-happiest-workers-how-switzerland-performs\/"]}]},{"@type":"ImageObject","inLanguage":"de","@id":"https:\/\/www.m-q.ch\/en\/adp-study-shows-the-happiest-workers-how-switzerland-performs\/#primaryimage","url":"https:\/\/www.m-q.ch\/wp-content\/uploads\/2017\/03\/Europas-gl\u00fccklichste-Arbeitskr\u00e4fte-wie-schneidet-die-Schweiz-ab-org-organisator.jpg","contentUrl":"https:\/\/www.m-q.ch\/wp-content\/uploads\/2017\/03\/Europas-gl\u00fccklichste-Arbeitskr\u00e4fte-wie-schneidet-die-Schweiz-ab-org-organisator.jpg","width":578,"height":480,"caption":"Es heisst gl\u00fcckliche Arbeitgeber leisten mehr. (Bild: depositphotos_minverva)"},{"@type":"BreadcrumbList","@id":"https:\/\/www.m-q.ch\/en\/adp-study-shows-the-happiest-workers-how-switzerland-performs\/#breadcrumb","itemListElement":[{"@type":"ListItem","position":1,"name":"Unkategorisiert","item":"https:\/\/www.m-q.ch\/it\/categoria\/senza-categoria\/"},{"@type":"ListItem","position":2,"name":"ADP Studie zeigt die gl\u00fccklichsten Arbeitskr\u00e4fte \u2013 wie schneidet die Schweiz ab?"}]},{"@type":"WebSite","@id":"https:\/\/www.m-q.ch\/fr\/#website","url":"https:\/\/www.m-q.ch\/fr\/","name":"MQ Management und Qualit\u00e4t","description":"Plattform f\u00fcr integrierte Managementsysteme.","publisher":{"@id":"https:\/\/www.m-q.ch\/fr\/#organization"},"potentialAction":[{"@type":"SearchAction","target":{"@type":"EntryPoint","urlTemplate":"https:\/\/www.m-q.ch\/fr\/?s={search_term_string}"},"query-input":{"@type":"PropertyValueSpecification","valueRequired":true,"valueName":"search_term_string"}}],"inLanguage":"de"},{"@type":"Organization","@id":"https:\/\/www.m-q.ch\/fr\/#organization","name":"Galledia Fachmedien AG","url":"https:\/\/www.m-q.ch\/fr\/","logo":{"@type":"ImageObject","inLanguage":"de","@id":"https:\/\/www.m-q.ch\/fr\/#\/schema\/logo\/image\/","url":"https:\/\/www.m-q.ch\/wp-content\/uploads\/2020\/12\/cropped-logo_small.png","contentUrl":"https:\/\/www.m-q.ch\/wp-content\/uploads\/2020\/12\/cropped-logo_small.png","width":512,"height":512,"caption":"Galledia Fachmedien AG"},"image":{"@id":"https:\/\/www.m-q.ch\/fr\/#\/schema\/logo\/image\/"},"sameAs":["https:\/\/www.facebook.com\/ManagementUndQualitaet","https:\/\/www.linkedin.com\/showcase\/17982321\/admin\/"]},{"@type":"Person","@id":"https:\/\/www.m-q.ch\/fr\/#\/schema\/person\/47d540e081acd98ccbeb69b55df653d7","name":"Roger Str\u00e4ssle","image":{"@type":"ImageObject","inLanguage":"de","@id":"https:\/\/www.m-q.ch\/fr\/#\/schema\/person\/image\/","url":"https:\/\/secure.gravatar.com\/avatar\/e4dde3046d8a184d2e2d27651a418883?s=96&d=mm&r=g","contentUrl":"https:\/\/secure.gravatar.com\/avatar\/e4dde3046d8a184d2e2d27651a418883?s=96&d=mm&r=g","caption":"Roger Str\u00e4ssle"},"url":"https:\/\/www.m-q.ch\/de\/author\/roger-straessle\/"}]}},"_links":{"self":[{"href":"https:\/\/www.m-q.ch\/de\/wp-json\/wp\/v2\/posts\/1201","targetHints":{"allow":["GET"]}}],"collection":[{"href":"https:\/\/www.m-q.ch\/de\/wp-json\/wp\/v2\/posts"}],"about":[{"href":"https:\/\/www.m-q.ch\/de\/wp-json\/wp\/v2\/types\/post"}],"author":[{"embeddable":true,"href":"https:\/\/www.m-q.ch\/de\/wp-json\/wp\/v2\/users\/35"}],"replies":[{"embeddable":true,"href":"https:\/\/www.m-q.ch\/de\/wp-json\/wp\/v2\/comments?post=1201"}],"version-history":[{"count":1,"href":"https:\/\/www.m-q.ch\/de\/wp-json\/wp\/v2\/posts\/1201\/revisions"}],"predecessor-version":[{"id":1203,"href":"https:\/\/www.m-q.ch\/de\/wp-json\/wp\/v2\/posts\/1201\/revisions\/1203"}],"wp:featuredmedia":[{"embeddable":true,"href":"https:\/\/www.m-q.ch\/de\/wp-json\/wp\/v2\/media\/1202"}],"wp:attachment":[{"href":"https:\/\/www.m-q.ch\/de\/wp-json\/wp\/v2\/media?parent=1201"}],"wp:term":[{"taxonomy":"category","embeddable":true,"href":"https:\/\/www.m-q.ch\/de\/wp-json\/wp\/v2\/categories?post=1201"},{"taxonomy":"post_tag","embeddable":true,"href":"https:\/\/www.m-q.ch\/de\/wp-json\/wp\/v2\/tags?post=1201"}],"curies":[{"name":"wp","href":"https:\/\/api.w.org\/{rel}","templated":true}]}}