{"id":12055,"date":"2016-10-21T13:53:51","date_gmt":"2016-10-21T11:53:51","guid":{"rendered":"https:\/\/www.m-q.ch\/?p=12055"},"modified":"2021-02-15T13:59:47","modified_gmt":"2021-02-15T12:59:47","slug":"hannes-wird-pr-profi","status":"publish","type":"post","link":"https:\/\/www.m-q.ch\/de\/hannes-wird-pr-profi\/","title":{"rendered":"Hannes wird PR-Profi"},"content":{"rendered":"<p>Hannes sinniert vor sich hin: \u00abHauptsache, er kann den Chef markieren. Denn die Anwesenden sind gerade die, welche f\u00fcr die Situation nicht verantwortlich sind. \u00dcberhaupt: ER hat die Auszeit bewilligt und den Mutterschaftsurlaub signiert an die HRAbteilung \u00fcbergeben. Man h\u00e4tte das ja kommen sehen k\u00f6nnen\u00bb, folgert Hannes in seinem Gedankengang. Da kreiert man Weisungen \u00fcber Weisungen, dass alles koordiniert abl\u00e4uft, und verlangt von den Mitarbeitenden R\u00fccksicht im Team und die FamilienEltern. Nie d\u00fcrfen zwei Personen vom gleichen Team gleichzeitig abwesend und die Abl\u00f6sung muss sichergestellt sein.<\/p>\n<p>&nbsp;<\/p>\n<p>Was f\u00fcr das Sekretariat, die Logistikabteilung und alle andern gilt, ist f\u00fcr die Gesch\u00e4ftsleitung offensichtlich nicht mehr als eine Empfehlung. Dass die Kommunikationsverantwortliche schwan<\/p>\n<p>&nbsp;<\/p>\n<p><em><strong>\u00abWenn nichts l\u00e4uft, inszenier etwas.\u00bb<\/strong><\/em><\/p>\n<p>&nbsp;<\/p>\n<p>ger wird &#8230; ok, das mag ja noch durchgehen. Aber dass sie das nicht 15 Monate im Voraus weiss? Noch schlimmer, eine Auszeit ohne die Abl\u00f6sung zu organisieren &#8230; Hannes ist ausser sich.<\/p>\n<p>&nbsp;<\/p>\n<p>F\u00fcr Hannes w\u00e4re alles nur halb so schlimm. Denn im Grunde ist es das Problem der HR-Abteilung und der Marketing-Division. Wenn da nicht der Mehrheitsentscheid seiner Kollegen w\u00e4re, dass er, Hannes, die n\u00e4chsten zwei Monate f\u00fcr die Kommunikation nach aussen verantwortlich ist. Er ist der Einzige, der Zeit hat, denn Anfangs Jahr ist die Produktion gering ausgelastet und auch das nur mit Standardprodukten. Das besagt der langj\u00e4hrige Trend. Nun hat Hannes also den zus\u00e4tzlichen Titel \u00abPR and Communication Manager adinterim\u00bb. Die \u00dcbertragung dieser Aufgabe geht einher mit dem innigen Wunsch des CEO, dass endlich wieder mal was Positives in der Zeitung stehen sollte. Pressearbeit vom Feinsten \u2013 die ist gut und kostet nichts.<\/p>\n<p>&nbsp;<\/p>\n<p>Guter Rat dagegen ist teuer. Denn zurzeit macht das Unternehmen h\u00f6chstens mit schlechtem Gesch\u00e4ftsgang Schlagzeilen. Besonders PR-tr\u00e4chtig sind auch die Produkte nicht. Hydraulik-Pumpen f\u00fcr S\u00e4gewerke sind nicht gerade das, wonach die Bev\u00f6lkerung in der Tageszeitung lechzt. Hannes konsultiert Ratgeber und ruft schliesslich seinen nimmerm\u00fcden Schulkollegen Sebastian an. \u00abDer ist immer auf Achse \u2013 er hat sicher eine gute Idee.\u00bb Hannes sollte recht behalten. Sebastian r\u00e4t: \u00abWenn nichts l\u00e4uft, inszenier etwas.\u00bb<\/p>\n<p>&nbsp;<\/p>\n<p>T\u00f6nt gut \u2013 aber was? Hannes steht vor dem n\u00e4chsten Problem. Doch pl\u00f6tzlich durchzuckt ihn der Geistesblitz: N\u00e4chste Woche werden die Fahrradst\u00e4nder mit Unterstand f\u00fcr die Produktionsmitarbeiter von der Ostseite der Geb\u00e4ude an die Nordseite verschoben. Das gibt eine Party! Hannes ist euphorisch, denn einen so genialen PR-Schachzug hat die ganze Kommunikationsabteilung in f\u00fcnf Jahren nicht aus dem Hut gezaubert. Hannes erstellt eine Checkliste, was alles zu tun ist, um dann der Presse eine Pressemappe zukommen zu lassen, die alles schl\u00e4gt, was je aus diesem Hause gekommen ist. Er beginnt stichwortartig zu notieren:<\/p>\n<ul>\n<li>Fackelzug mit Schulkindern vom Dorf, die den Umzug der Fahrradst\u00e4nder begleiten<\/li>\n<li>Ballonwettbewerb f\u00fcr die \u00e4lteren Kinder, an jedem FahrradHaken ist ein Ballon befestigt<\/li>\n<li>Der Pfarrer segnet die Fahrradst\u00e4nder am neuen Platz ein.<\/li>\n<li>Ein ehemaliger Rad-Profi rast kurz nach der Er\u00f6ffnungszeremonie auf den Platz und schiesst sein Rennrad in den ersten St\u00e4nder.<\/li>\n<li>Bier gibts selbstverst\u00e4ndlich gratis bis zum Abwinken.<\/li>\n<li>Die beiden Haken ganz links des neuen Fahrradst\u00e4nders dienen als Grillgest\u00e4nge. Darunter gibts ein Feuer und W\u00fcrste in Form von alten Reifenschl\u00e4uchen, die der Metzger extra so produziert, werden auf den Behelfsgrill geworfen und kostenlos abgegeben.<\/li>\n<li>Ein Torwandschiessen auf den Fahrradunterstand begeistert die m\u00e4nnlichen G\u00e4ste und macht erst noch L\u00e4rm. \u00abEs muss L\u00e4rm machen, sonst h\u00f6rt man dich nicht\u00bb, hat Sebastian gesagt.<\/li>\n<li>Die Zeremonie wird durch 14 Ansprachen geh\u00f6rig in die L\u00e4nge gezogen, damit die Presse schlichtweg nicht darum herum kommt, dar\u00fcber zu berichten.<\/li>\n<li>Unmittelbar danach gibt es f\u00fcr Familien und die Presse noch eine Besteigung des neuen Fahrrad-Unterstandes mit Blick von oben auf den Parkplatz. Schliesslich sieht die Welt 1,7 Meter \u00fcber Boden ganz anders aus.<\/li>\n<\/ul>\n<p>&nbsp;<\/p>\n<p>Hannes ist im Schuss und bedauert bereits jetzt, dass er diesen Job nach zwei Monaten wieder abgeben muss. Aber wer weiss, vielleicht wird er so ber\u00fchmt sein, dass er sich k\u00fcnftig ein wenig zur\u00fccklehnen kann und Zeit f\u00fcrs Fahrradfahren (inklusive der Besteigungen von diversen Unterst\u00e4nden im ganzen Land) hat.<\/p>\n","protected":false},"excerpt":{"rendered":"<p>Hannes sinniert vor sich hin: \u00abHauptsache, er kann den Chef markieren. Denn die Anwesenden sind gerade die, welche f\u00fcr die Situation nicht verantwortlich sind. \u00dcberhaupt: ER hat die Auszeit bewilligt und den Mutterschaftsurlaub signiert an die HRAbteilung \u00fcbergeben. Man h\u00e4tte das ja kommen sehen k\u00f6nnen\u00bb, folgert Hannes in seinem Gedankengang. Da kreiert man Weisungen \u00fcber [&hellip;]<\/p>\n","protected":false},"author":66,"featured_media":0,"comment_status":"closed","ping_status":"closed","sticky":false,"template":"","format":"standard","meta":{"_acf_changed":false,"footnotes":""},"categories":[4448],"tags":[4789],"class_list":["post-12055","post","type-post","status-publish","format-standard","hentry","category-allgemein","tag-10-2016"],"acf":[],"yoast_head":"<!-- This site is optimized with the Yoast SEO plugin v26.2 - https:\/\/yoast.com\/wordpress\/plugins\/seo\/ -->\n<title>Hannes wird PR-Profi - MQ Management und Qualit\u00e4t<\/title>\n<meta name=\"description\" content=\"D ie heutige Gesch\u00e4ftsleitungssitzung hat den Charakter eines veritablen Krisen-Meetings. Der Marketing-Leiter ist in Auszeit und die Kommunikationsverantwortliche im Mutterschaftsurlaub. Eine Abl\u00f6sung ist f\u00fcr keinen der beiden organisiert. Der CEO verwirft die Arme und blafft in die Runde: \u00abDas darf nie mehr passieren, so etwas geht einfach nicht!\u00bb. Er macht seinem \u00c4rger Luft und das Team-Ambiente im Sitzungszimmer wird ziemlich streng.\" \/>\n<meta name=\"robots\" content=\"index, follow, max-snippet:-1, max-image-preview:large, max-video-preview:-1\" \/>\n<link rel=\"canonical\" href=\"https:\/\/www.m-q.ch\/de\/hannes-wird-pr-profi\/\" \/>\n<meta property=\"og:locale\" content=\"de_DE\" \/>\n<meta property=\"og:type\" content=\"article\" \/>\n<meta property=\"og:title\" content=\"Hannes wird PR-Profi - MQ Management und Qualit\u00e4t\" \/>\n<meta property=\"og:description\" content=\"D ie heutige Gesch\u00e4ftsleitungssitzung hat den Charakter eines veritablen Krisen-Meetings. Der Marketing-Leiter ist in Auszeit und die Kommunikationsverantwortliche im Mutterschaftsurlaub. Eine Abl\u00f6sung ist f\u00fcr keinen der beiden organisiert. Der CEO verwirft die Arme und blafft in die Runde: \u00abDas darf nie mehr passieren, so etwas geht einfach nicht!\u00bb. Er macht seinem \u00c4rger Luft und das Team-Ambiente im Sitzungszimmer wird ziemlich streng.\" \/>\n<meta property=\"og:url\" content=\"https:\/\/www.m-q.ch\/de\/hannes-wird-pr-profi\/\" \/>\n<meta property=\"og:site_name\" content=\"MQ Management und Qualit\u00e4t\" \/>\n<meta property=\"article:publisher\" content=\"https:\/\/www.facebook.com\/ManagementUndQualitaet\" \/>\n<meta property=\"article:published_time\" content=\"2016-10-21T11:53:51+00:00\" \/>\n<meta property=\"article:modified_time\" content=\"2021-02-15T12:59:47+00:00\" \/>\n<meta name=\"author\" content=\"upwork_1\" \/>\n<meta name=\"twitter:card\" content=\"summary_large_image\" \/>\n<meta name=\"twitter:label1\" content=\"Verfasst von\" \/>\n\t<meta name=\"twitter:data1\" content=\"upwork_1\" \/>\n\t<meta name=\"twitter:label2\" content=\"Gesch\u00e4tzte Lesezeit\" \/>\n\t<meta name=\"twitter:data2\" content=\"4\u00a0Minuten\" \/>\n<script type=\"application\/ld+json\" class=\"yoast-schema-graph\">{\"@context\":\"https:\/\/schema.org\",\"@graph\":[{\"@type\":\"Article\",\"@id\":\"https:\/\/www.m-q.ch\/hannes-wird-pr-profi\/#article\",\"isPartOf\":{\"@id\":\"https:\/\/www.m-q.ch\/hannes-wird-pr-profi\/\"},\"author\":{\"name\":\"upwork_1\",\"@id\":\"https:\/\/www.m-q.ch\/fr\/#\/schema\/person\/0bdf39ca27d0b9b779f5b8af54b3f7d7\"},\"headline\":\"Hannes wird PR-Profi\",\"datePublished\":\"2016-10-21T11:53:51+00:00\",\"dateModified\":\"2021-02-15T12:59:47+00:00\",\"mainEntityOfPage\":{\"@id\":\"https:\/\/www.m-q.ch\/hannes-wird-pr-profi\/\"},\"wordCount\":711,\"publisher\":{\"@id\":\"https:\/\/www.m-q.ch\/fr\/#organization\"},\"keywords\":[\"10\/2016\"],\"inLanguage\":\"de\"},{\"@type\":\"WebPage\",\"@id\":\"https:\/\/www.m-q.ch\/hannes-wird-pr-profi\/\",\"url\":\"https:\/\/www.m-q.ch\/hannes-wird-pr-profi\/\",\"name\":\"Hannes wird PR-Profi - MQ Management und Qualit\u00e4t\",\"isPartOf\":{\"@id\":\"https:\/\/www.m-q.ch\/fr\/#website\"},\"datePublished\":\"2016-10-21T11:53:51+00:00\",\"dateModified\":\"2021-02-15T12:59:47+00:00\",\"description\":\"D ie heutige Gesch\u00e4ftsleitungssitzung hat den Charakter eines veritablen Krisen-Meetings. Der Marketing-Leiter ist in Auszeit und die Kommunikationsverantwortliche im Mutterschaftsurlaub. Eine Abl\u00f6sung ist f\u00fcr keinen der beiden organisiert. Der CEO verwirft die Arme und blafft in die Runde: \u00abDas darf nie mehr passieren, so etwas geht einfach nicht!\u00bb. Er macht seinem \u00c4rger Luft und das Team-Ambiente im Sitzungszimmer wird ziemlich streng.\",\"breadcrumb\":{\"@id\":\"https:\/\/www.m-q.ch\/hannes-wird-pr-profi\/#breadcrumb\"},\"inLanguage\":\"de\",\"potentialAction\":[{\"@type\":\"ReadAction\",\"target\":[\"https:\/\/www.m-q.ch\/hannes-wird-pr-profi\/\"]}]},{\"@type\":\"BreadcrumbList\",\"@id\":\"https:\/\/www.m-q.ch\/hannes-wird-pr-profi\/#breadcrumb\",\"itemListElement\":[{\"@type\":\"ListItem\",\"position\":1,\"name\":\"Allgemein\",\"item\":\"https:\/\/www.m-q.ch\/kategorie\/allgemein\/\"},{\"@type\":\"ListItem\",\"position\":2,\"name\":\"Hannes wird PR-Profi\"}]},{\"@type\":\"WebSite\",\"@id\":\"https:\/\/www.m-q.ch\/fr\/#website\",\"url\":\"https:\/\/www.m-q.ch\/fr\/\",\"name\":\"MQ Management und Qualit\u00e4t\",\"description\":\"Plattform f\u00fcr integrierte Managementsysteme.\",\"publisher\":{\"@id\":\"https:\/\/www.m-q.ch\/fr\/#organization\"},\"potentialAction\":[{\"@type\":\"SearchAction\",\"target\":{\"@type\":\"EntryPoint\",\"urlTemplate\":\"https:\/\/www.m-q.ch\/fr\/?s={search_term_string}\"},\"query-input\":{\"@type\":\"PropertyValueSpecification\",\"valueRequired\":true,\"valueName\":\"search_term_string\"}}],\"inLanguage\":\"de\"},{\"@type\":\"Organization\",\"@id\":\"https:\/\/www.m-q.ch\/fr\/#organization\",\"name\":\"Galledia Fachmedien AG\",\"url\":\"https:\/\/www.m-q.ch\/fr\/\",\"logo\":{\"@type\":\"ImageObject\",\"inLanguage\":\"de\",\"@id\":\"https:\/\/www.m-q.ch\/fr\/#\/schema\/logo\/image\/\",\"url\":\"https:\/\/www.m-q.ch\/wp-content\/uploads\/2020\/12\/cropped-logo_small.png\",\"contentUrl\":\"https:\/\/www.m-q.ch\/wp-content\/uploads\/2020\/12\/cropped-logo_small.png\",\"width\":512,\"height\":512,\"caption\":\"Galledia Fachmedien AG\"},\"image\":{\"@id\":\"https:\/\/www.m-q.ch\/fr\/#\/schema\/logo\/image\/\"},\"sameAs\":[\"https:\/\/www.facebook.com\/ManagementUndQualitaet\",\"https:\/\/www.linkedin.com\/showcase\/17982321\/admin\/\"]},{\"@type\":\"Person\",\"@id\":\"https:\/\/www.m-q.ch\/fr\/#\/schema\/person\/0bdf39ca27d0b9b779f5b8af54b3f7d7\",\"name\":\"upwork_1\",\"image\":{\"@type\":\"ImageObject\",\"inLanguage\":\"de\",\"@id\":\"https:\/\/www.m-q.ch\/fr\/#\/schema\/person\/image\/\",\"url\":\"https:\/\/secure.gravatar.com\/avatar\/04d4d0fdc5886d535809f17d0eace7f6?s=96&d=mm&r=g\",\"contentUrl\":\"https:\/\/secure.gravatar.com\/avatar\/04d4d0fdc5886d535809f17d0eace7f6?s=96&d=mm&r=g\",\"caption\":\"upwork_1\"},\"url\":\"https:\/\/www.m-q.ch\/de\/author\/upwork_1\/\"}]}<\/script>\n<!-- \/ Yoast SEO plugin. -->","yoast_head_json":{"title":"Hannes wird PR-Profi - MQ Management und Qualit\u00e4t","description":"D ie heutige Gesch\u00e4ftsleitungssitzung hat den Charakter eines veritablen Krisen-Meetings. Der Marketing-Leiter ist in Auszeit und die Kommunikationsverantwortliche im Mutterschaftsurlaub. Eine Abl\u00f6sung ist f\u00fcr keinen der beiden organisiert. Der CEO verwirft die Arme und blafft in die Runde: \u00abDas darf nie mehr passieren, so etwas geht einfach nicht!\u00bb. Er macht seinem \u00c4rger Luft und das Team-Ambiente im Sitzungszimmer wird ziemlich streng.","robots":{"index":"index","follow":"follow","max-snippet":"max-snippet:-1","max-image-preview":"max-image-preview:large","max-video-preview":"max-video-preview:-1"},"canonical":"https:\/\/www.m-q.ch\/de\/hannes-wird-pr-profi\/","og_locale":"de_DE","og_type":"article","og_title":"Hannes wird PR-Profi - MQ Management und Qualit\u00e4t","og_description":"D ie heutige Gesch\u00e4ftsleitungssitzung hat den Charakter eines veritablen Krisen-Meetings. Der Marketing-Leiter ist in Auszeit und die Kommunikationsverantwortliche im Mutterschaftsurlaub. Eine Abl\u00f6sung ist f\u00fcr keinen der beiden organisiert. Der CEO verwirft die Arme und blafft in die Runde: \u00abDas darf nie mehr passieren, so etwas geht einfach nicht!\u00bb. Er macht seinem \u00c4rger Luft und das Team-Ambiente im Sitzungszimmer wird ziemlich streng.","og_url":"https:\/\/www.m-q.ch\/de\/hannes-wird-pr-profi\/","og_site_name":"MQ Management und Qualit\u00e4t","article_publisher":"https:\/\/www.facebook.com\/ManagementUndQualitaet","article_published_time":"2016-10-21T11:53:51+00:00","article_modified_time":"2021-02-15T12:59:47+00:00","author":"upwork_1","twitter_card":"summary_large_image","twitter_misc":{"Verfasst von":"upwork_1","Gesch\u00e4tzte Lesezeit":"4\u00a0Minuten"},"schema":{"@context":"https:\/\/schema.org","@graph":[{"@type":"Article","@id":"https:\/\/www.m-q.ch\/hannes-wird-pr-profi\/#article","isPartOf":{"@id":"https:\/\/www.m-q.ch\/hannes-wird-pr-profi\/"},"author":{"name":"upwork_1","@id":"https:\/\/www.m-q.ch\/fr\/#\/schema\/person\/0bdf39ca27d0b9b779f5b8af54b3f7d7"},"headline":"Hannes wird PR-Profi","datePublished":"2016-10-21T11:53:51+00:00","dateModified":"2021-02-15T12:59:47+00:00","mainEntityOfPage":{"@id":"https:\/\/www.m-q.ch\/hannes-wird-pr-profi\/"},"wordCount":711,"publisher":{"@id":"https:\/\/www.m-q.ch\/fr\/#organization"},"keywords":["10\/2016"],"inLanguage":"de"},{"@type":"WebPage","@id":"https:\/\/www.m-q.ch\/hannes-wird-pr-profi\/","url":"https:\/\/www.m-q.ch\/hannes-wird-pr-profi\/","name":"Hannes wird PR-Profi - MQ Management und Qualit\u00e4t","isPartOf":{"@id":"https:\/\/www.m-q.ch\/fr\/#website"},"datePublished":"2016-10-21T11:53:51+00:00","dateModified":"2021-02-15T12:59:47+00:00","description":"D ie heutige Gesch\u00e4ftsleitungssitzung hat den Charakter eines veritablen Krisen-Meetings. Der Marketing-Leiter ist in Auszeit und die Kommunikationsverantwortliche im Mutterschaftsurlaub. Eine Abl\u00f6sung ist f\u00fcr keinen der beiden organisiert. Der CEO verwirft die Arme und blafft in die Runde: \u00abDas darf nie mehr passieren, so etwas geht einfach nicht!\u00bb. Er macht seinem \u00c4rger Luft und das Team-Ambiente im Sitzungszimmer wird ziemlich streng.","breadcrumb":{"@id":"https:\/\/www.m-q.ch\/hannes-wird-pr-profi\/#breadcrumb"},"inLanguage":"de","potentialAction":[{"@type":"ReadAction","target":["https:\/\/www.m-q.ch\/hannes-wird-pr-profi\/"]}]},{"@type":"BreadcrumbList","@id":"https:\/\/www.m-q.ch\/hannes-wird-pr-profi\/#breadcrumb","itemListElement":[{"@type":"ListItem","position":1,"name":"Allgemein","item":"https:\/\/www.m-q.ch\/kategorie\/allgemein\/"},{"@type":"ListItem","position":2,"name":"Hannes wird PR-Profi"}]},{"@type":"WebSite","@id":"https:\/\/www.m-q.ch\/fr\/#website","url":"https:\/\/www.m-q.ch\/fr\/","name":"MQ Management und Qualit\u00e4t","description":"Plattform f\u00fcr integrierte Managementsysteme.","publisher":{"@id":"https:\/\/www.m-q.ch\/fr\/#organization"},"potentialAction":[{"@type":"SearchAction","target":{"@type":"EntryPoint","urlTemplate":"https:\/\/www.m-q.ch\/fr\/?s={search_term_string}"},"query-input":{"@type":"PropertyValueSpecification","valueRequired":true,"valueName":"search_term_string"}}],"inLanguage":"de"},{"@type":"Organization","@id":"https:\/\/www.m-q.ch\/fr\/#organization","name":"Galledia Fachmedien AG","url":"https:\/\/www.m-q.ch\/fr\/","logo":{"@type":"ImageObject","inLanguage":"de","@id":"https:\/\/www.m-q.ch\/fr\/#\/schema\/logo\/image\/","url":"https:\/\/www.m-q.ch\/wp-content\/uploads\/2020\/12\/cropped-logo_small.png","contentUrl":"https:\/\/www.m-q.ch\/wp-content\/uploads\/2020\/12\/cropped-logo_small.png","width":512,"height":512,"caption":"Galledia Fachmedien AG"},"image":{"@id":"https:\/\/www.m-q.ch\/fr\/#\/schema\/logo\/image\/"},"sameAs":["https:\/\/www.facebook.com\/ManagementUndQualitaet","https:\/\/www.linkedin.com\/showcase\/17982321\/admin\/"]},{"@type":"Person","@id":"https:\/\/www.m-q.ch\/fr\/#\/schema\/person\/0bdf39ca27d0b9b779f5b8af54b3f7d7","name":"upwork_1","image":{"@type":"ImageObject","inLanguage":"de","@id":"https:\/\/www.m-q.ch\/fr\/#\/schema\/person\/image\/","url":"https:\/\/secure.gravatar.com\/avatar\/04d4d0fdc5886d535809f17d0eace7f6?s=96&d=mm&r=g","contentUrl":"https:\/\/secure.gravatar.com\/avatar\/04d4d0fdc5886d535809f17d0eace7f6?s=96&d=mm&r=g","caption":"upwork_1"},"url":"https:\/\/www.m-q.ch\/de\/author\/upwork_1\/"}]}},"_links":{"self":[{"href":"https:\/\/www.m-q.ch\/de\/wp-json\/wp\/v2\/posts\/12055","targetHints":{"allow":["GET"]}}],"collection":[{"href":"https:\/\/www.m-q.ch\/de\/wp-json\/wp\/v2\/posts"}],"about":[{"href":"https:\/\/www.m-q.ch\/de\/wp-json\/wp\/v2\/types\/post"}],"author":[{"embeddable":true,"href":"https:\/\/www.m-q.ch\/de\/wp-json\/wp\/v2\/users\/66"}],"replies":[{"embeddable":true,"href":"https:\/\/www.m-q.ch\/de\/wp-json\/wp\/v2\/comments?post=12055"}],"version-history":[{"count":1,"href":"https:\/\/www.m-q.ch\/de\/wp-json\/wp\/v2\/posts\/12055\/revisions"}],"predecessor-version":[{"id":12058,"href":"https:\/\/www.m-q.ch\/de\/wp-json\/wp\/v2\/posts\/12055\/revisions\/12058"}],"wp:attachment":[{"href":"https:\/\/www.m-q.ch\/de\/wp-json\/wp\/v2\/media?parent=12055"}],"wp:term":[{"taxonomy":"category","embeddable":true,"href":"https:\/\/www.m-q.ch\/de\/wp-json\/wp\/v2\/categories?post=12055"},{"taxonomy":"post_tag","embeddable":true,"href":"https:\/\/www.m-q.ch\/de\/wp-json\/wp\/v2\/tags?post=12055"}],"curies":[{"name":"wp","href":"https:\/\/api.w.org\/{rel}","templated":true}]}}