{"id":12063,"date":"2015-06-03T14:03:38","date_gmt":"2015-06-03T12:03:38","guid":{"rendered":"https:\/\/www.m-q.ch\/?p=12063"},"modified":"2021-02-15T14:21:25","modified_gmt":"2021-02-15T13:21:25","slug":"nur-mit-dem-schweizerkreuz-zu-werben-genuegt-nicht","status":"publish","type":"post","link":"https:\/\/www.m-q.ch\/de\/nur-mit-dem-schweizerkreuz-zu-werben-genuegt-nicht\/","title":{"rendered":"\u00abNur mit dem Schweizerkreuz zu werben, gen\u00fcgt nicht\u00bb"},"content":{"rendered":"<p><img loading=\"lazy\" decoding=\"async\" class=\"alignnone size-full wp-image-12080\" src=\"https:\/\/www.m-q.ch\/wp-content\/uploads\/2021\/02\/Nur-mit-dem-Schweizerkreuz-zu-werben-genuegt-nicht.jpg\" alt=\"\u00abNur mit dem Schweizerkreuz zu werben, gen\u00fcgt nicht\u00bb\" width=\"874\" height=\"1597\" srcset=\"https:\/\/www.m-q.ch\/wp-content\/uploads\/2021\/02\/Nur-mit-dem-Schweizerkreuz-zu-werben-genuegt-nicht.jpg 874w, https:\/\/www.m-q.ch\/wp-content\/uploads\/2021\/02\/Nur-mit-dem-Schweizerkreuz-zu-werben-genuegt-nicht-768x1403.jpg 768w, https:\/\/www.m-q.ch\/wp-content\/uploads\/2021\/02\/Nur-mit-dem-Schweizerkreuz-zu-werben-genuegt-nicht-841x1536.jpg 841w, https:\/\/www.m-q.ch\/wp-content\/uploads\/2021\/02\/Nur-mit-dem-Schweizerkreuz-zu-werben-genuegt-nicht-7x12.jpg 7w, https:\/\/www.m-q.ch\/wp-content\/uploads\/2021\/02\/Nur-mit-dem-Schweizerkreuz-zu-werben-genuegt-nicht-96x175.jpg 96w, https:\/\/www.m-q.ch\/wp-content\/uploads\/2021\/02\/Nur-mit-dem-Schweizerkreuz-zu-werben-genuegt-nicht-192x350.jpg 192w, https:\/\/www.m-q.ch\/wp-content\/uploads\/2021\/02\/Nur-mit-dem-Schweizerkreuz-zu-werben-genuegt-nicht-438x800.jpg 438w, https:\/\/www.m-q.ch\/wp-content\/uploads\/2021\/02\/Nur-mit-dem-Schweizerkreuz-zu-werben-genuegt-nicht-766x1400.jpg 766w, https:\/\/www.m-q.ch\/wp-content\/uploads\/2021\/02\/Nur-mit-dem-Schweizerkreuz-zu-werben-genuegt-nicht-300x548.jpg 300w\" sizes=\"auto, (max-width: 874px) 100vw, 874px\" \/><\/p>\n<p>&nbsp;<\/p>\n<p>&nbsp;<\/p>\n<p>Er ist viel unterwegs. K\u00fcrzlich kehrte er von einem Aufenthalt in den USA zur\u00fcck: Ruedi Noser, Verwaltungsratspr\u00e4sident der Noser Management AG und Hauptaktion\u00e4r der Firmen seiner Noser Gruppe. Er ist nur wenig \u00e4lter als die SAQ: 1961 im Kanton Glarus geboren, wurde der Unternehmer 2003 ins schweizerische Parlament gew\u00e4hlt. Als freisinniger Nationalrat engagiert er sich f\u00fcr eine Wirtschaft, die sich frei entfalten kann, sowie f\u00fcr Anliegen der KMU und die Berufsbildung. In all diesen Bereichen spielt Qualit\u00e4t eine grosse, wenn nicht entscheidende Rolle. Zum Thema \u00abQualit\u00e4t vermarkten\u00bb, dem Tagungsmotto des \u00abTags der Schweizer Qualit\u00e4t\u00bb, \u00e4ussert er sich in folgendem Interview.<\/p>\n<p>&nbsp;<\/p>\n<p><em><strong>Die Begriffe \u00abSchweiz\u00bb und \u00abQualit\u00e4t\u00bb: Inwiefern ist es nach wie vor zul\u00e4ssig, diese quasi synonym zu verwenden?<\/strong> <\/em><\/p>\n<p>Ruedi Noser: \u00abSwiss Made\u00bb hat einen hervorragenden Ruf. Im Ausland wird dies h\u00e4ufig noch h\u00f6her bewertet als in der Schweiz selbst. Eben war ich bei swissbakers in Boston: Mit Backwerk nach Schweizer Tradition kommt dieses Unternehmen sehr gut an bei der dortigen Kundschaft. Swissness verkauft sich gut.<\/p>\n<p>&nbsp;<\/p>\n<p><em><strong>Gibt es denn etwas, was f\u00fcr Sie den Inbegriff von Schweizer Qualit\u00e4t ausmacht?<\/strong> <\/em><\/p>\n<p>Da w\u00e4re viel zu nennen. F\u00fcr mich das Wichtigste ist sicher das Commitment der Mitarbeitenden zu ihrem Unternehmen und zu dem, was sie tun. Da besteht eine sehr grosse Loyalit\u00e4t. Wenn etwas um 17 Uhr abends noch nicht richtig funktioniert, bleibt man halt noch etwas l\u00e4nger und bringt es in Ordnung. Diese Einstellung basiert auf einer hohen Motivation und steht hinter der Zuverl\u00e4ssigkeit und Sicherheit, die man mit der Schweizer Qualit\u00e4t in Verbindung bringt.<\/p>\n<p>&nbsp;<\/p>\n<p><em><strong>Das Motto des \u00abTags der Schweizer Qualit\u00e4t\u00bb lautet \u00abQualit\u00e4t vermarkten\u00bb. Wird denn die Schweizer Qualit\u00e4t gen\u00fcgend vermarktet oder gibt es da noch Luft nach oben?<\/strong> <\/em><\/p>\n<p>Wenn ein Unternehmen sich im Ausland pr\u00e4sentiert, dann steht gewiss schon auf der ersten PowerPoint-Folie die Swissness. Das wirkt nach wie vor. Innerhalb der Schweiz muss man diese Swissness wohl weniger vermarkten. Denn der Schweizer will grunds\u00e4tzlich nur Produkte von guter Qualit\u00e4t kaufen, er ist ein anspruchsvoller Kunde. Wenn man als Schweizer Industrie- Unternehmen ins Ausland gehen will, dann nur mit einem absoluten Spitzenprodukt. Nur allein mit dem Schweizerkreuz zu werben, gen\u00fcgt da nicht. In der Verpackung muss auch Top- Qualit\u00e4t drin sein.<\/p>\n<p>&nbsp;<\/p>\n<p><em><strong>Wie betreibt Ihre Unternehmensgruppe die stetige Qualit\u00e4tsverbesserung? Die Noser Engineering AG etwa praktiziert das EFQM-Modell.<\/strong> <\/em><\/p>\n<p>Damit Sie den Kunden Spitzenqualit\u00e4t repr\u00e4sentieren k\u00f6nnen, ben\u00f6tigen Sie reviewf\u00e4hige Modelle. EFQM ist eines davon. Innerhalb der Gruppe geben wir dieses aber nicht vor, sondern \u00fcberlassen die Wahl den einzelnen Unternehmen. Wichtig ist uns aber, dass ein sauberer Qualit\u00e4tsmanagement- Prozess vorhanden ist und durchgef\u00fchrt wird. Noser Engineering wurde ja unl\u00e4ngst nach EFQM mit f\u00fcnf Sternen zertifiziert.<\/p>\n<p>&nbsp;<\/p>\n<p><em><strong>Die Personenfreiz\u00fcgigkeit hat dazu gef\u00fchrt, dass rund eine Million Arbeitspl\u00e4tze auf hohem Niveau geschaffen worden sind.<\/strong><\/em><\/p>\n<p>&nbsp;<\/p>\n<p><em><strong>Sprechen wir doch noch etwas \u00fcber den Werkplatz Schweiz. Sie sind ja ein \u00fcberzeugter Verfechter davon. Wenn Sie die letzten Jahre anschauen: Welche Weichen wurden da gestellt und in welche Richtung?<\/strong> <\/em><\/p>\n<p>Politisch gesehen wurden viele Dinge in die richtige Richtung gestellt, es gibt aber auch Dinge, die falsch sind. Dass es gelungen ist, die unternehmerischen Freiheiten der Arbeitgeber weitestgehend zu bewahren, ist richtig. Aber falsch war es, die Weiterbildungskosten pro Kopf zu erh\u00f6hen. Stetige Weiterbildung ist wichtig, und viele Unternehmen setzen alles daran, ihre Mitarbeitenden zu f\u00f6rdern. Das muss aber ohne Steuerfolgen bleiben.<\/p>\n<p>&nbsp;<\/p>\n<p><em><strong>Wenn wir nun nach vorne blicken: Welche Herausforderungen m\u00fcssen da gemeistert werden? Viel wird ja gesprochen \u00fcber die Umsetzung der Masseneinwanderungs- Initiative, der starke Franken ist ein anderes Thema. Was alles kommt da noch?<\/strong> <\/em><\/p>\n<p>Ich glaube, die Masseneinwanderungsinitiative ist in vielen Firmen noch gar nicht angekommen. Gleichwohl besteht eine grosse Unsicherheit, und man blickt mit einer gewissen Angst in die Zukunft. Doch die Personenfreiz\u00fcgigkeit hat dazu gef\u00fchrt, dass rund eine Million Arbeitspl\u00e4tze auf hohem Niveau geschaffen worden sind. Der Qualit\u00e4tsstandard wurde so sicher gest\u00e4rkt.<\/p>\n<p>&nbsp;<\/p>\n<p><em><strong>Aber die erw\u00e4hnte Unsicherheit hat doch zur Folge, dass Unternehmen kaum in der Lage sind, wirksame Strategien zu entwickeln?<\/strong> <\/em><\/p>\n<p>Es mag in der Schweiz Unsicherheit herrschen, das ist aber nicht nur hier so. Man kann also nicht einfach etwa nach Luxemburg ausweichen in der Hoffnung, dass dort alles sicherer sei. Verglichen mit anderen europ\u00e4ischen Staaten ist die Schweiz aber immer noch sehr attraktiv.<\/p>\n<p>&nbsp;<\/p>\n<p><em><strong>Trifft das auch auf die Informatik- Branche zu, in der Ihr Unternehmen t\u00e4tig ist? Welche St\u00e4rken kann unser Land hier besonders ausspielen?<\/strong> <\/em><\/p>\n<p>Wiederum das Commitment der Mitarbeitenden, die ein hohes Interesse an ihrer Arbeit mitbringen. Schweizer Unternehmen, auch jene unserer Gruppe, k\u00f6nnen mit sehr langen Beziehungen als Lieferanten aufwarten. Ob dies daran liegt, dass es Familienunternehmen sind, oder an der Swissness, ist nicht immer klar. Vielleicht ist es ja gerade das Famili\u00e4re, was Schweizer Firmen so stark macht.<\/p>\n<p>&nbsp;<\/p>\n<p><em><strong>Und wo orten Sie Schw\u00e4chen?<\/strong><\/em><\/p>\n<p>Sollte eine nationale Erbschaftssteuer eingef\u00fchrt werden, w\u00fcrde dies gerade die Familienunternehmen sehr stark schw\u00e4chen. Da steht also viel auf dem Spiel.<\/p>\n<p>&nbsp;<\/p>\n<p><em><strong>Wo sehen Sie die Schweiz 2020, also in f\u00fcnf Jahren?<\/strong> <\/em><\/p>\n<p>Schwer zu sagen. Die Schweiz muss sicher weiter daran arbeiten, effizient zu sein mit einer niedrigen Staatsquote. F\u00fcr einen Kleinstaat ist es wichtig, ein tiefes Kostenniveau zu haben. Nur so kann man in der Challenge der Globalisierung bestehen. Wenn uns dies gelingt, sehe ich unser Land gut ger\u00fcstet. Das Innovationsniveau ist immer noch sehr hoch. Und eine andere Analyse zeigt: Unsere institutionelle Kraft ist immer noch da, w\u00e4hrend diese in anderen L\u00e4ndern verloren geht. Viele supranationale Organisationen kommen zu uns. Und wir sind ver\u00e4nderungsf\u00e4hig: Ich bin \u00fcberzeugt, dass wir von vielen Umw\u00e4lzungen letztlich profitieren werden.<\/p>\n","protected":false},"excerpt":{"rendered":"<p>&nbsp; &nbsp; Er ist viel unterwegs. K\u00fcrzlich kehrte er von einem Aufenthalt in den USA zur\u00fcck: Ruedi Noser, Verwaltungsratspr\u00e4sident der Noser Management AG und Hauptaktion\u00e4r der Firmen seiner Noser Gruppe. Er ist nur wenig \u00e4lter als die SAQ: 1961 im Kanton Glarus geboren, wurde der Unternehmer 2003 ins schweizerische Parlament gew\u00e4hlt. Als freisinniger Nationalrat engagiert [&hellip;]<\/p>\n","protected":false},"author":62,"featured_media":12080,"comment_status":"closed","ping_status":"closed","sticky":false,"template":"","format":"standard","meta":{"_acf_changed":false,"footnotes":""},"categories":[4448],"tags":[4792],"class_list":["post-12063","post","type-post","status-publish","format-standard","has-post-thumbnail","hentry","category-allgemein","tag-06-2015"],"acf":[],"yoast_head":"<!-- This site is optimized with the Yoast SEO plugin v26.2 - https:\/\/yoast.com\/wordpress\/plugins\/seo\/ -->\n<title>\u00abNur mit dem Schweizerkreuz zu werben, gen\u00fcgt nicht\u00bb - MQ Management und Qualit\u00e4t<\/title>\n<meta name=\"description\" content=\"F\u00fcr viele ist Schweizer Qualit\u00e4t sprichw\u00f6rtlich,auch wenn Erzeugnisse aus anderen L\u00e4ndern l\u00e4ngstmithalten k\u00f6nnen. Umso wichtiger sei es, dieGrundlage dieser Qualit\u00e4t zu bewahren, n\u00e4mlichdas Commitment und die Motivation loyalerMitarbeitender. Dies ist eine der Botschaften desWirtschaftspolitikers Ruedi Noser.\" \/>\n<meta name=\"robots\" content=\"index, follow, max-snippet:-1, max-image-preview:large, max-video-preview:-1\" \/>\n<link rel=\"canonical\" href=\"https:\/\/www.m-q.ch\/de\/nur-mit-dem-schweizerkreuz-zu-werben-genuegt-nicht\/\" \/>\n<meta property=\"og:locale\" content=\"de_DE\" \/>\n<meta property=\"og:type\" content=\"article\" \/>\n<meta property=\"og:title\" content=\"\u00abNur mit dem Schweizerkreuz zu werben, gen\u00fcgt nicht\u00bb - MQ Management und Qualit\u00e4t\" \/>\n<meta property=\"og:description\" content=\"F\u00fcr viele ist Schweizer Qualit\u00e4t sprichw\u00f6rtlich,auch wenn Erzeugnisse aus anderen L\u00e4ndern l\u00e4ngstmithalten k\u00f6nnen. Umso wichtiger sei es, dieGrundlage dieser Qualit\u00e4t zu bewahren, n\u00e4mlichdas Commitment und die Motivation loyalerMitarbeitender. Dies ist eine der Botschaften desWirtschaftspolitikers Ruedi Noser.\" \/>\n<meta property=\"og:url\" content=\"https:\/\/www.m-q.ch\/de\/nur-mit-dem-schweizerkreuz-zu-werben-genuegt-nicht\/\" \/>\n<meta property=\"og:site_name\" content=\"MQ Management und Qualit\u00e4t\" \/>\n<meta property=\"article:publisher\" content=\"https:\/\/www.facebook.com\/ManagementUndQualitaet\" \/>\n<meta property=\"article:published_time\" content=\"2015-06-03T12:03:38+00:00\" \/>\n<meta property=\"article:modified_time\" content=\"2021-02-15T13:21:25+00:00\" \/>\n<meta property=\"og:image\" content=\"https:\/\/www.m-q.ch\/wp-content\/uploads\/2021\/02\/Nur-mit-dem-Schweizerkreuz-zu-werben-genuegt-nicht.jpg\" \/>\n\t<meta property=\"og:image:width\" content=\"874\" \/>\n\t<meta property=\"og:image:height\" content=\"1597\" \/>\n\t<meta property=\"og:image:type\" content=\"image\/jpeg\" \/>\n<meta name=\"author\" content=\"upwork_2\" \/>\n<meta name=\"twitter:card\" content=\"summary_large_image\" \/>\n<meta name=\"twitter:label1\" content=\"Verfasst von\" \/>\n\t<meta name=\"twitter:data1\" content=\"upwork_2\" \/>\n\t<meta name=\"twitter:label2\" content=\"Gesch\u00e4tzte Lesezeit\" \/>\n\t<meta name=\"twitter:data2\" content=\"5\u00a0Minuten\" \/>\n<script type=\"application\/ld+json\" class=\"yoast-schema-graph\">{\"@context\":\"https:\/\/schema.org\",\"@graph\":[{\"@type\":\"Article\",\"@id\":\"https:\/\/www.m-q.ch\/nur-mit-dem-schweizerkreuz-zu-werben-genuegt-nicht\/#article\",\"isPartOf\":{\"@id\":\"https:\/\/www.m-q.ch\/nur-mit-dem-schweizerkreuz-zu-werben-genuegt-nicht\/\"},\"author\":{\"name\":\"upwork_2\",\"@id\":\"https:\/\/www.m-q.ch\/fr\/#\/schema\/person\/71f647a41e4a3e361e6230f5134f3ba9\"},\"headline\":\"\u00abNur mit dem Schweizerkreuz zu werben, gen\u00fcgt nicht\u00bb\",\"datePublished\":\"2015-06-03T12:03:38+00:00\",\"dateModified\":\"2021-02-15T13:21:25+00:00\",\"mainEntityOfPage\":{\"@id\":\"https:\/\/www.m-q.ch\/nur-mit-dem-schweizerkreuz-zu-werben-genuegt-nicht\/\"},\"wordCount\":983,\"publisher\":{\"@id\":\"https:\/\/www.m-q.ch\/fr\/#organization\"},\"image\":{\"@id\":\"https:\/\/www.m-q.ch\/nur-mit-dem-schweizerkreuz-zu-werben-genuegt-nicht\/#primaryimage\"},\"thumbnailUrl\":\"https:\/\/www.m-q.ch\/wp-content\/uploads\/2021\/02\/Nur-mit-dem-Schweizerkreuz-zu-werben-genuegt-nicht.jpg\",\"keywords\":[\"06\/2015\"],\"inLanguage\":\"de\"},{\"@type\":\"WebPage\",\"@id\":\"https:\/\/www.m-q.ch\/nur-mit-dem-schweizerkreuz-zu-werben-genuegt-nicht\/\",\"url\":\"https:\/\/www.m-q.ch\/nur-mit-dem-schweizerkreuz-zu-werben-genuegt-nicht\/\",\"name\":\"\u00abNur mit dem Schweizerkreuz zu werben, gen\u00fcgt nicht\u00bb - MQ Management und Qualit\u00e4t\",\"isPartOf\":{\"@id\":\"https:\/\/www.m-q.ch\/fr\/#website\"},\"primaryImageOfPage\":{\"@id\":\"https:\/\/www.m-q.ch\/nur-mit-dem-schweizerkreuz-zu-werben-genuegt-nicht\/#primaryimage\"},\"image\":{\"@id\":\"https:\/\/www.m-q.ch\/nur-mit-dem-schweizerkreuz-zu-werben-genuegt-nicht\/#primaryimage\"},\"thumbnailUrl\":\"https:\/\/www.m-q.ch\/wp-content\/uploads\/2021\/02\/Nur-mit-dem-Schweizerkreuz-zu-werben-genuegt-nicht.jpg\",\"datePublished\":\"2015-06-03T12:03:38+00:00\",\"dateModified\":\"2021-02-15T13:21:25+00:00\",\"description\":\"F\u00fcr viele ist Schweizer Qualit\u00e4t sprichw\u00f6rtlich,auch wenn Erzeugnisse aus anderen L\u00e4ndern l\u00e4ngstmithalten k\u00f6nnen. Umso wichtiger sei es, dieGrundlage dieser Qualit\u00e4t zu bewahren, n\u00e4mlichdas Commitment und die Motivation loyalerMitarbeitender. Dies ist eine der Botschaften desWirtschaftspolitikers Ruedi Noser.\",\"breadcrumb\":{\"@id\":\"https:\/\/www.m-q.ch\/nur-mit-dem-schweizerkreuz-zu-werben-genuegt-nicht\/#breadcrumb\"},\"inLanguage\":\"de\",\"potentialAction\":[{\"@type\":\"ReadAction\",\"target\":[\"https:\/\/www.m-q.ch\/nur-mit-dem-schweizerkreuz-zu-werben-genuegt-nicht\/\"]}]},{\"@type\":\"ImageObject\",\"inLanguage\":\"de\",\"@id\":\"https:\/\/www.m-q.ch\/nur-mit-dem-schweizerkreuz-zu-werben-genuegt-nicht\/#primaryimage\",\"url\":\"https:\/\/www.m-q.ch\/wp-content\/uploads\/2021\/02\/Nur-mit-dem-Schweizerkreuz-zu-werben-genuegt-nicht.jpg\",\"contentUrl\":\"https:\/\/www.m-q.ch\/wp-content\/uploads\/2021\/02\/Nur-mit-dem-Schweizerkreuz-zu-werben-genuegt-nicht.jpg\",\"width\":874,\"height\":1597,\"caption\":\"\u00abNur mit dem Schweizerkreuz zu werben, gen\u00fcgt nicht\u00bb\"},{\"@type\":\"BreadcrumbList\",\"@id\":\"https:\/\/www.m-q.ch\/nur-mit-dem-schweizerkreuz-zu-werben-genuegt-nicht\/#breadcrumb\",\"itemListElement\":[{\"@type\":\"ListItem\",\"position\":1,\"name\":\"Allgemein\",\"item\":\"https:\/\/www.m-q.ch\/kategorie\/allgemein\/\"},{\"@type\":\"ListItem\",\"position\":2,\"name\":\"\u00abNur mit dem Schweizerkreuz zu werben, gen\u00fcgt nicht\u00bb\"}]},{\"@type\":\"WebSite\",\"@id\":\"https:\/\/www.m-q.ch\/fr\/#website\",\"url\":\"https:\/\/www.m-q.ch\/fr\/\",\"name\":\"MQ Management und Qualit\u00e4t\",\"description\":\"Plattform f\u00fcr integrierte Managementsysteme.\",\"publisher\":{\"@id\":\"https:\/\/www.m-q.ch\/fr\/#organization\"},\"potentialAction\":[{\"@type\":\"SearchAction\",\"target\":{\"@type\":\"EntryPoint\",\"urlTemplate\":\"https:\/\/www.m-q.ch\/fr\/?s={search_term_string}\"},\"query-input\":{\"@type\":\"PropertyValueSpecification\",\"valueRequired\":true,\"valueName\":\"search_term_string\"}}],\"inLanguage\":\"de\"},{\"@type\":\"Organization\",\"@id\":\"https:\/\/www.m-q.ch\/fr\/#organization\",\"name\":\"Galledia Fachmedien AG\",\"url\":\"https:\/\/www.m-q.ch\/fr\/\",\"logo\":{\"@type\":\"ImageObject\",\"inLanguage\":\"de\",\"@id\":\"https:\/\/www.m-q.ch\/fr\/#\/schema\/logo\/image\/\",\"url\":\"https:\/\/www.m-q.ch\/wp-content\/uploads\/2020\/12\/cropped-logo_small.png\",\"contentUrl\":\"https:\/\/www.m-q.ch\/wp-content\/uploads\/2020\/12\/cropped-logo_small.png\",\"width\":512,\"height\":512,\"caption\":\"Galledia Fachmedien AG\"},\"image\":{\"@id\":\"https:\/\/www.m-q.ch\/fr\/#\/schema\/logo\/image\/\"},\"sameAs\":[\"https:\/\/www.facebook.com\/ManagementUndQualitaet\",\"https:\/\/www.linkedin.com\/showcase\/17982321\/admin\/\"]},{\"@type\":\"Person\",\"@id\":\"https:\/\/www.m-q.ch\/fr\/#\/schema\/person\/71f647a41e4a3e361e6230f5134f3ba9\",\"name\":\"upwork_2\",\"image\":{\"@type\":\"ImageObject\",\"inLanguage\":\"de\",\"@id\":\"https:\/\/www.m-q.ch\/fr\/#\/schema\/person\/image\/\",\"url\":\"https:\/\/secure.gravatar.com\/avatar\/777b90ab56092bbf3c85feacda5c1bce?s=96&d=mm&r=g\",\"contentUrl\":\"https:\/\/secure.gravatar.com\/avatar\/777b90ab56092bbf3c85feacda5c1bce?s=96&d=mm&r=g\",\"caption\":\"upwork_2\"},\"url\":\"https:\/\/www.m-q.ch\/de\/author\/upwork_2\/\"}]}<\/script>\n<!-- \/ Yoast SEO plugin. -->","yoast_head_json":{"title":"\u00abNur mit dem Schweizerkreuz zu werben, gen\u00fcgt nicht\u00bb - MQ Management und Qualit\u00e4t","description":"F\u00fcr viele ist Schweizer Qualit\u00e4t sprichw\u00f6rtlich,auch wenn Erzeugnisse aus anderen L\u00e4ndern l\u00e4ngstmithalten k\u00f6nnen. Umso wichtiger sei es, dieGrundlage dieser Qualit\u00e4t zu bewahren, n\u00e4mlichdas Commitment und die Motivation loyalerMitarbeitender. Dies ist eine der Botschaften desWirtschaftspolitikers Ruedi Noser.","robots":{"index":"index","follow":"follow","max-snippet":"max-snippet:-1","max-image-preview":"max-image-preview:large","max-video-preview":"max-video-preview:-1"},"canonical":"https:\/\/www.m-q.ch\/de\/nur-mit-dem-schweizerkreuz-zu-werben-genuegt-nicht\/","og_locale":"de_DE","og_type":"article","og_title":"\u00abNur mit dem Schweizerkreuz zu werben, gen\u00fcgt nicht\u00bb - MQ Management und Qualit\u00e4t","og_description":"F\u00fcr viele ist Schweizer Qualit\u00e4t sprichw\u00f6rtlich,auch wenn Erzeugnisse aus anderen L\u00e4ndern l\u00e4ngstmithalten k\u00f6nnen. Umso wichtiger sei es, dieGrundlage dieser Qualit\u00e4t zu bewahren, n\u00e4mlichdas Commitment und die Motivation loyalerMitarbeitender. Dies ist eine der Botschaften desWirtschaftspolitikers Ruedi Noser.","og_url":"https:\/\/www.m-q.ch\/de\/nur-mit-dem-schweizerkreuz-zu-werben-genuegt-nicht\/","og_site_name":"MQ Management und Qualit\u00e4t","article_publisher":"https:\/\/www.facebook.com\/ManagementUndQualitaet","article_published_time":"2015-06-03T12:03:38+00:00","article_modified_time":"2021-02-15T13:21:25+00:00","og_image":[{"width":874,"height":1597,"url":"https:\/\/www.m-q.ch\/wp-content\/uploads\/2021\/02\/Nur-mit-dem-Schweizerkreuz-zu-werben-genuegt-nicht.jpg","type":"image\/jpeg"}],"author":"upwork_2","twitter_card":"summary_large_image","twitter_misc":{"Verfasst von":"upwork_2","Gesch\u00e4tzte Lesezeit":"5\u00a0Minuten"},"schema":{"@context":"https:\/\/schema.org","@graph":[{"@type":"Article","@id":"https:\/\/www.m-q.ch\/nur-mit-dem-schweizerkreuz-zu-werben-genuegt-nicht\/#article","isPartOf":{"@id":"https:\/\/www.m-q.ch\/nur-mit-dem-schweizerkreuz-zu-werben-genuegt-nicht\/"},"author":{"name":"upwork_2","@id":"https:\/\/www.m-q.ch\/fr\/#\/schema\/person\/71f647a41e4a3e361e6230f5134f3ba9"},"headline":"\u00abNur mit dem Schweizerkreuz zu werben, gen\u00fcgt nicht\u00bb","datePublished":"2015-06-03T12:03:38+00:00","dateModified":"2021-02-15T13:21:25+00:00","mainEntityOfPage":{"@id":"https:\/\/www.m-q.ch\/nur-mit-dem-schweizerkreuz-zu-werben-genuegt-nicht\/"},"wordCount":983,"publisher":{"@id":"https:\/\/www.m-q.ch\/fr\/#organization"},"image":{"@id":"https:\/\/www.m-q.ch\/nur-mit-dem-schweizerkreuz-zu-werben-genuegt-nicht\/#primaryimage"},"thumbnailUrl":"https:\/\/www.m-q.ch\/wp-content\/uploads\/2021\/02\/Nur-mit-dem-Schweizerkreuz-zu-werben-genuegt-nicht.jpg","keywords":["06\/2015"],"inLanguage":"de"},{"@type":"WebPage","@id":"https:\/\/www.m-q.ch\/nur-mit-dem-schweizerkreuz-zu-werben-genuegt-nicht\/","url":"https:\/\/www.m-q.ch\/nur-mit-dem-schweizerkreuz-zu-werben-genuegt-nicht\/","name":"\u00abNur mit dem Schweizerkreuz zu werben, gen\u00fcgt nicht\u00bb - MQ Management und Qualit\u00e4t","isPartOf":{"@id":"https:\/\/www.m-q.ch\/fr\/#website"},"primaryImageOfPage":{"@id":"https:\/\/www.m-q.ch\/nur-mit-dem-schweizerkreuz-zu-werben-genuegt-nicht\/#primaryimage"},"image":{"@id":"https:\/\/www.m-q.ch\/nur-mit-dem-schweizerkreuz-zu-werben-genuegt-nicht\/#primaryimage"},"thumbnailUrl":"https:\/\/www.m-q.ch\/wp-content\/uploads\/2021\/02\/Nur-mit-dem-Schweizerkreuz-zu-werben-genuegt-nicht.jpg","datePublished":"2015-06-03T12:03:38+00:00","dateModified":"2021-02-15T13:21:25+00:00","description":"F\u00fcr viele ist Schweizer Qualit\u00e4t sprichw\u00f6rtlich,auch wenn Erzeugnisse aus anderen L\u00e4ndern l\u00e4ngstmithalten k\u00f6nnen. Umso wichtiger sei es, dieGrundlage dieser Qualit\u00e4t zu bewahren, n\u00e4mlichdas Commitment und die Motivation loyalerMitarbeitender. Dies ist eine der Botschaften desWirtschaftspolitikers Ruedi Noser.","breadcrumb":{"@id":"https:\/\/www.m-q.ch\/nur-mit-dem-schweizerkreuz-zu-werben-genuegt-nicht\/#breadcrumb"},"inLanguage":"de","potentialAction":[{"@type":"ReadAction","target":["https:\/\/www.m-q.ch\/nur-mit-dem-schweizerkreuz-zu-werben-genuegt-nicht\/"]}]},{"@type":"ImageObject","inLanguage":"de","@id":"https:\/\/www.m-q.ch\/nur-mit-dem-schweizerkreuz-zu-werben-genuegt-nicht\/#primaryimage","url":"https:\/\/www.m-q.ch\/wp-content\/uploads\/2021\/02\/Nur-mit-dem-Schweizerkreuz-zu-werben-genuegt-nicht.jpg","contentUrl":"https:\/\/www.m-q.ch\/wp-content\/uploads\/2021\/02\/Nur-mit-dem-Schweizerkreuz-zu-werben-genuegt-nicht.jpg","width":874,"height":1597,"caption":"\u00abNur mit dem Schweizerkreuz zu werben, gen\u00fcgt nicht\u00bb"},{"@type":"BreadcrumbList","@id":"https:\/\/www.m-q.ch\/nur-mit-dem-schweizerkreuz-zu-werben-genuegt-nicht\/#breadcrumb","itemListElement":[{"@type":"ListItem","position":1,"name":"Allgemein","item":"https:\/\/www.m-q.ch\/kategorie\/allgemein\/"},{"@type":"ListItem","position":2,"name":"\u00abNur mit dem Schweizerkreuz zu werben, gen\u00fcgt nicht\u00bb"}]},{"@type":"WebSite","@id":"https:\/\/www.m-q.ch\/fr\/#website","url":"https:\/\/www.m-q.ch\/fr\/","name":"MQ Management und Qualit\u00e4t","description":"Plattform f\u00fcr integrierte Managementsysteme.","publisher":{"@id":"https:\/\/www.m-q.ch\/fr\/#organization"},"potentialAction":[{"@type":"SearchAction","target":{"@type":"EntryPoint","urlTemplate":"https:\/\/www.m-q.ch\/fr\/?s={search_term_string}"},"query-input":{"@type":"PropertyValueSpecification","valueRequired":true,"valueName":"search_term_string"}}],"inLanguage":"de"},{"@type":"Organization","@id":"https:\/\/www.m-q.ch\/fr\/#organization","name":"Galledia Fachmedien AG","url":"https:\/\/www.m-q.ch\/fr\/","logo":{"@type":"ImageObject","inLanguage":"de","@id":"https:\/\/www.m-q.ch\/fr\/#\/schema\/logo\/image\/","url":"https:\/\/www.m-q.ch\/wp-content\/uploads\/2020\/12\/cropped-logo_small.png","contentUrl":"https:\/\/www.m-q.ch\/wp-content\/uploads\/2020\/12\/cropped-logo_small.png","width":512,"height":512,"caption":"Galledia Fachmedien AG"},"image":{"@id":"https:\/\/www.m-q.ch\/fr\/#\/schema\/logo\/image\/"},"sameAs":["https:\/\/www.facebook.com\/ManagementUndQualitaet","https:\/\/www.linkedin.com\/showcase\/17982321\/admin\/"]},{"@type":"Person","@id":"https:\/\/www.m-q.ch\/fr\/#\/schema\/person\/71f647a41e4a3e361e6230f5134f3ba9","name":"upwork_2","image":{"@type":"ImageObject","inLanguage":"de","@id":"https:\/\/www.m-q.ch\/fr\/#\/schema\/person\/image\/","url":"https:\/\/secure.gravatar.com\/avatar\/777b90ab56092bbf3c85feacda5c1bce?s=96&d=mm&r=g","contentUrl":"https:\/\/secure.gravatar.com\/avatar\/777b90ab56092bbf3c85feacda5c1bce?s=96&d=mm&r=g","caption":"upwork_2"},"url":"https:\/\/www.m-q.ch\/de\/author\/upwork_2\/"}]}},"_links":{"self":[{"href":"https:\/\/www.m-q.ch\/de\/wp-json\/wp\/v2\/posts\/12063","targetHints":{"allow":["GET"]}}],"collection":[{"href":"https:\/\/www.m-q.ch\/de\/wp-json\/wp\/v2\/posts"}],"about":[{"href":"https:\/\/www.m-q.ch\/de\/wp-json\/wp\/v2\/types\/post"}],"author":[{"embeddable":true,"href":"https:\/\/www.m-q.ch\/de\/wp-json\/wp\/v2\/users\/62"}],"replies":[{"embeddable":true,"href":"https:\/\/www.m-q.ch\/de\/wp-json\/wp\/v2\/comments?post=12063"}],"version-history":[{"count":1,"href":"https:\/\/www.m-q.ch\/de\/wp-json\/wp\/v2\/posts\/12063\/revisions"}],"predecessor-version":[{"id":12083,"href":"https:\/\/www.m-q.ch\/de\/wp-json\/wp\/v2\/posts\/12063\/revisions\/12083"}],"wp:featuredmedia":[{"embeddable":true,"href":"https:\/\/www.m-q.ch\/de\/wp-json\/wp\/v2\/media\/12080"}],"wp:attachment":[{"href":"https:\/\/www.m-q.ch\/de\/wp-json\/wp\/v2\/media?parent=12063"}],"wp:term":[{"taxonomy":"category","embeddable":true,"href":"https:\/\/www.m-q.ch\/de\/wp-json\/wp\/v2\/categories?post=12063"},{"taxonomy":"post_tag","embeddable":true,"href":"https:\/\/www.m-q.ch\/de\/wp-json\/wp\/v2\/tags?post=12063"}],"curies":[{"name":"wp","href":"https:\/\/api.w.org\/{rel}","templated":true}]}}