{"id":12068,"date":"2015-06-13T14:03:42","date_gmt":"2015-06-13T12:03:42","guid":{"rendered":"https:\/\/www.m-q.ch\/?p=12068"},"modified":"2021-02-15T14:45:27","modified_gmt":"2021-02-15T13:45:27","slug":"50-jahre-interdisziplinaeres-risk-management-2","status":"publish","type":"post","link":"https:\/\/www.m-q.ch\/de\/50-jahre-interdisziplinaeres-risk-management-2\/","title":{"rendered":"50 Jahre interdisziplin\u00e4res Risk Management"},"content":{"rendered":"<p><img loading=\"lazy\" decoding=\"async\" class=\"alignnone size-full wp-image-12098\" src=\"https:\/\/www.m-q.ch\/wp-content\/uploads\/2021\/02\/50-Jahre-interdisziplinaeres-Risk-Management.jpg\" alt=\"50 Jahre interdisziplin\u00e4res Risk Management\" width=\"834\" height=\"1132\" srcset=\"https:\/\/www.m-q.ch\/wp-content\/uploads\/2021\/02\/50-Jahre-interdisziplinaeres-Risk-Management.jpg 834w, https:\/\/www.m-q.ch\/wp-content\/uploads\/2021\/02\/50-Jahre-interdisziplinaeres-Risk-Management-768x1042.jpg 768w, https:\/\/www.m-q.ch\/wp-content\/uploads\/2021\/02\/50-Jahre-interdisziplinaeres-Risk-Management-9x12.jpg 9w, https:\/\/www.m-q.ch\/wp-content\/uploads\/2021\/02\/50-Jahre-interdisziplinaeres-Risk-Management-129x175.jpg 129w, https:\/\/www.m-q.ch\/wp-content\/uploads\/2021\/02\/50-Jahre-interdisziplinaeres-Risk-Management-258x350.jpg 258w, https:\/\/www.m-q.ch\/wp-content\/uploads\/2021\/02\/50-Jahre-interdisziplinaeres-Risk-Management-589x800.jpg 589w, https:\/\/www.m-q.ch\/wp-content\/uploads\/2021\/02\/50-Jahre-interdisziplinaeres-Risk-Management-300x407.jpg 300w\" sizes=\"auto, (max-width: 834px) 100vw, 834px\" \/><\/p>\n<p>&nbsp;<\/p>\n<p>&nbsp;<\/p>\n<p>Es scheint komplex, jegliche Risiken abzufedern \u2013 den richtigen Managementansatz zwischen gegebenen Strukturen und neuen Situationen zu finden. Vor vielschichtigen Katastrophen und Konflikten warnt zum Beispiel ein WEF Report (\u00abGlobal Risks 2015\u00bb). Es gibt Wahrscheinlichkeiten wie Jahrhunderfluten auf der einen Seite, zwischenstaatliche Konstrukte auf der anderen Seite. Die meisten Manager zeigen sich im Bezug auf innere, von Menschengemachte Katastrophen weniger alarmiert, solange sie ihre Unternehmen vor Sch\u00e4den versichern k\u00f6nnen.<\/p>\n<p>&nbsp;<\/p>\n<p>Allerdings gibt es auch Ereignisse, die hohe Einnahmeausf\u00e4lle f\u00fcr die Unternehmensleitung evozieren. Als 2010 die Aschewolke des Vulkans Eyjafjallaj\u00f6kull den europ\u00e4ischen Flugbetrieb zeitweise blockierte, hatten die Fluggesellschaften das grosse Nachsehen, die Betriebsunterbrechung selber tragen zu m\u00fcssen. Nebst solchen Schadenereignissen ziehen auch weitere Gefahren ihre kaum versicherbaren Kreise.<\/p>\n<p>&nbsp;<\/p>\n<p><em><strong>\u00abDie Vertraulichkeit von Risikoinformationen ist in einigen F\u00e4llen zum Schutz der nationalen Sicherheit oder zur Vermeidung von \u00f6ffentlicher Panik gerechtfertigt.\u00bb<\/strong><\/em><\/p>\n<p>&nbsp;<\/p>\n<p>Ob Eurokrise, L\u00fccken in IT-Sicherheitsbereichen, Werkspionage oder unstetige Dienstleistungen: Ein Gros an Schweizer Unternehmen (mit mehr als 50 Mitarbeitenden) betreiben ein integrales Risikomanagement, um sich \u00abTransparenz \u00fcber die Risikolage zu verschaffen\u00bb, heisst es in einer aktuellen Erhebung. Allerdings, so die Funk Insurance Brokers AG, bringe Risikomanagement f\u00fcr rund einen Drittel der befragten Schweizer Unternehmen keinen sichtbaren Mehrwert.<\/p>\n<p>&nbsp;<\/p>\n<p>Einmal abgesehen von wirtschaftlichen Parametern existieren sicher auch regional unterschiedliche Auffassungen respektive Definitionen, wie Risikopotenziale f\u00fcr helvetische Unternehmen zusammenwirken.<\/p>\n<p><strong>Wandelnde Vertraulichkeit<\/strong><\/p>\n<p>&nbsp;<\/p>\n<p>Im \u00f6ffentlich einsehbaren \u00abHandbuch zum Risikomanagement Bund\u00bb (Version vom 29.04.2013) heisst es im Anhang 9 unter \u00abStolpersteine im Risikomanagement\u00bb: \u00abDie Vertraulichkeit (und damit die fehlende Kommunikation) von Risikoinformationen ist in einigen F\u00e4llen zum Schutz der nationalen Sicherheit oder zur Vermeidung von \u00f6ffentlicher Panik gerechtfertigt. Fehlende Transparenz bez\u00fcglich Risiken kann andererseits das Vertrauen in das Risikomanagement vermindern und aufgrund fehlender Informationen dazu f\u00fchren, dass einige Risiken deswegen nicht die n\u00f6tige Dringlichkeit zu ihrer Bew\u00e4ltigung erhalten. \u00bb<\/p>\n<p>&nbsp;<\/p>\n<p><em>(Anm. d. Red.: Die hier kurz vorgestellte Eigenheit unter der Phrase \u00abtoo big to fail\u00bb wird im Report der IRGC \u00abRisk governance deficits \u00bb weiter ausgef\u00fchrt).<\/em><\/p>\n<p>&nbsp;<\/p>\n<p>Tatsache ist: Auch Schweizer Unternehmen kommen nicht umhin, sukzessiv technologisch werdende Kontroll- und Normierungssysteme zu implementieren. Dabei sind Managementvorteile wie die Sicherung, gar die Steigerung von Produktivit\u00e4tskapazit\u00e4ten evident; Gleichwohl f\u00fchren Systemanpassungen meistens auch zu einem erh\u00f6hten \u00e4usseren Druck.<\/p>\n<p>&nbsp;<\/p>\n<p><em><strong>Unabh\u00e4ngige Organisationen wie der Internationale Risikorat IRGC unterstreichen schon seit Jahren, dass die unternehmerische Kommunikation durch Social-Media-Beitr\u00e4ge beeinflusst werden k\u00f6nnte.<\/strong><\/em><\/p>\n<p>&nbsp;<\/p>\n<p>Die wirtschaftliche Realit\u00e4t, siehe Preisanpassungen, und strengere, regulatorische Gesetze k\u00f6nnen einen dermassen hohen Druck aus\u00fcben, dass ihn die Unternehmensleitung, mindestens ihre angeschlossenen Controlling- und Legal-Abteilungen direkt zu sp\u00fcren bekommen. Wird das \u00abTagesgesch\u00e4ft\u00bb noch von nichteinkalkulierten Krisen \u00fcberrumpelt, k\u00f6nnte es m\u00f6glich sein, dass Verantwortliche erst \u00fcber Social Media von schockierenden Pannen und weitgreifenden Einbussen h\u00f6ren.<\/p>\n<p>&nbsp;<\/p>\n<p>Deshalb integriert Risikomanagement nebst dem Personal- Zertifikat ONR 49003 und der Anwendung ISO 31000 den angepassten konkreten Umgang im Notfall-, Krisen- und Kontinuit\u00e4tsmanagement.<\/p>\n<p><strong>Stolpersteinereignisse<\/strong><\/p>\n<p>&nbsp;<\/p>\n<p>\u00fcber weite Strecken ist ein von der SAQ (Swiss Association for Quality) diplomierter Risikomanager in der Lage, die schlimmsten Potenziale zu identifizieren, Vorgaben und Grunds\u00e4tze f\u00fcr Prozesse zu definieren, Gesetze einzuhalten, Schadenereignissen einzukalkulieren und zu reportieren. Der Umgang mit unvorgesehen Stolperstein- oder so genannten \u00abBlack Swan\u00bb-Ereignissen ist und bleibt eine anspruchsvolle Gratwanderung zwischen den interdisziplin\u00e4ren Bereichen \u00abGovernance \u00bb, \u00abControl\u00bb und \u00abRisiko\u00bb, neuerdings auch noch \u00abResilience \u00bb. Jens Meissner, Dozent und Projektleiter f\u00fcr Organisation und Innovation und Co-Leiter des Masters of Advanced Studies in Risk Management an der Hochschule Luzern, erkl\u00e4rt: \u00abSie m\u00fcssen sich vorstellen, dass ein Topmanager t\u00e4glich Hunderte von Problemen zu l\u00f6sen h\u00e4tte. Welche Probleme tats\u00e4chlich zur Tagesordnung kommen, ist eine hochfokussierte Auswahl und h\u00e4ngt davon ab, wof\u00fcr sich die Organisation miturs\u00e4chlich zeichnet.\u00bb<\/p>\n<p>&nbsp;<\/p>\n<p>Jens Meissner von der HSLU weiter: Im Bereich des Betriebsergebnisses sei das meist \u00abkristallklar\u00bb. Bei normativen und besonders bei ethischen Fragen komme man jedoch bei kleineren Unternehmen schnell an die Grenzen, siehe auch Stiftungsskandale. Werden Sch\u00e4den einmal \u00f6ffentlich kundig, siehe den Untergang der \u00abDeepwater Horizon\u00bb-Bohrinsel von BP im Golf von Mexiko 2010, k\u00f6nnen Reputations-, Image- und Marktverluste nie wieder getilgt beziehungsweise weissgewaschen werden. Aus heutiger Sicht, best\u00e4tigen Schweizer Finanz- und Risikomanager, liegen die neuen Bedrohungen in immateriellen Werten wie Wissen (sowie Marken\/ Warenzeichen), in Informatik- und Kommunikationsbereichen. Prof. Meissner von der HSLU: \u00abDer Unternehmensfokus bei der Risikoidentifikation und -bew\u00e4ltigung muss heute vermehrt auf den Bereich der Gesch\u00e4ftsrisiken (= spekulative Risiken und strategische Markt- und Finanzrisiken) und nicht nur auf die traditionell meist versicherbaren operationellen Risiken gelegt werden. \u00bb Schliesslich geht es darum zu bestimmen, was noch zur Unternehmung geh\u00f6re und \u00abwas nicht\u00bb. Heutzutage hat interdisziplin\u00e4res Risikomanagement weniger mit einzelnen Modellen und Prozessen zu tun als mit der richtigen unternehmerischen Grenzziehung und Moderierung zwischen innen und aussen.<\/p>\n<p>&nbsp;<\/p>\n<p><em>Die SAQ war massgeblich an Risikomanagement- Ausbildungen beteiligt. Mit der Revision der Norm (ISO 9001:2015) im September dieses Jahres steigen z. B. die Anforderungen an das Risiko- und Chancenmanagement. Eine kurze Standortbestimmung \u00fcber wichtige Meilensteine respektive Normen auf dem Weg zum integrierten Risikomanagement finden Sie auf S. 32.<\/em><\/p>\n","protected":false},"excerpt":{"rendered":"<p>&nbsp; &nbsp; Es scheint komplex, jegliche Risiken abzufedern \u2013 den richtigen Managementansatz zwischen gegebenen Strukturen und neuen Situationen zu finden. Vor vielschichtigen Katastrophen und Konflikten warnt zum Beispiel ein WEF Report (\u00abGlobal Risks 2015\u00bb). Es gibt Wahrscheinlichkeiten wie Jahrhunderfluten auf der einen Seite, zwischenstaatliche Konstrukte auf der anderen Seite. Die meisten Manager zeigen sich im [&hellip;]<\/p>\n","protected":false},"author":62,"featured_media":12098,"comment_status":"closed","ping_status":"closed","sticky":false,"template":"","format":"standard","meta":{"_acf_changed":false,"footnotes":""},"categories":[4],"tags":[4792],"class_list":["post-12068","post","type-post","status-publish","format-standard","has-post-thumbnail","hentry","category-risikomanagement","tag-06-2015"],"acf":[],"yoast_head":"<!-- This site is optimized with the Yoast SEO plugin v26.2 - https:\/\/yoast.com\/wordpress\/plugins\/seo\/ -->\n<title>50 Jahre interdisziplin\u00e4res Risk Management - MQ Management und Qualit\u00e4t<\/title>\n<meta name=\"description\" content=\"Rahmenbedingungen k\u00f6nnen sich schnell \u00e4ndern.Welche integralen Massnahmen konnten sich \u00fcberdie Jahre bew\u00e4hren? Inwiefern dienen Normen l\u00e4ngerfristigenRisk-Management-Zielen? Solchequintessentiellen Fragen haben \u00abManagement &amp;Qualit\u00e4t\u00bb immer wieder besch\u00e4ftigt und tun es weiterhin,hier in einer Sonderserie zum Thema: \u00ab50Jahre SAQ &amp; interdisziplin\u00e4res Risk Management\u00bb.\" \/>\n<meta name=\"robots\" content=\"index, follow, max-snippet:-1, max-image-preview:large, max-video-preview:-1\" \/>\n<link rel=\"canonical\" href=\"https:\/\/www.m-q.ch\/de\/50-jahre-interdisziplinaeres-risk-management-2\/\" \/>\n<meta property=\"og:locale\" content=\"de_DE\" \/>\n<meta property=\"og:type\" content=\"article\" \/>\n<meta property=\"og:title\" content=\"50 Jahre interdisziplin\u00e4res Risk Management - MQ Management und Qualit\u00e4t\" \/>\n<meta property=\"og:description\" content=\"Rahmenbedingungen k\u00f6nnen sich schnell \u00e4ndern.Welche integralen Massnahmen konnten sich \u00fcberdie Jahre bew\u00e4hren? Inwiefern dienen Normen l\u00e4ngerfristigenRisk-Management-Zielen? Solchequintessentiellen Fragen haben \u00abManagement &amp;Qualit\u00e4t\u00bb immer wieder besch\u00e4ftigt und tun es weiterhin,hier in einer Sonderserie zum Thema: \u00ab50Jahre SAQ &amp; interdisziplin\u00e4res Risk Management\u00bb.\" \/>\n<meta property=\"og:url\" content=\"https:\/\/www.m-q.ch\/de\/50-jahre-interdisziplinaeres-risk-management-2\/\" \/>\n<meta property=\"og:site_name\" content=\"MQ Management und Qualit\u00e4t\" \/>\n<meta property=\"article:publisher\" content=\"https:\/\/www.facebook.com\/ManagementUndQualitaet\" \/>\n<meta property=\"article:published_time\" content=\"2015-06-13T12:03:42+00:00\" \/>\n<meta property=\"article:modified_time\" content=\"2021-02-15T13:45:27+00:00\" \/>\n<meta property=\"og:image\" content=\"https:\/\/www.m-q.ch\/wp-content\/uploads\/2021\/02\/50-Jahre-interdisziplinaeres-Risk-Management.jpg\" \/>\n\t<meta property=\"og:image:width\" content=\"834\" \/>\n\t<meta property=\"og:image:height\" content=\"1132\" \/>\n\t<meta property=\"og:image:type\" content=\"image\/jpeg\" \/>\n<meta name=\"author\" content=\"upwork_2\" \/>\n<meta name=\"twitter:card\" content=\"summary_large_image\" \/>\n<meta name=\"twitter:label1\" content=\"Verfasst von\" \/>\n\t<meta name=\"twitter:data1\" content=\"upwork_2\" \/>\n\t<meta name=\"twitter:label2\" content=\"Gesch\u00e4tzte Lesezeit\" \/>\n\t<meta name=\"twitter:data2\" content=\"4\u00a0Minuten\" \/>\n<script type=\"application\/ld+json\" class=\"yoast-schema-graph\">{\"@context\":\"https:\/\/schema.org\",\"@graph\":[{\"@type\":\"Article\",\"@id\":\"https:\/\/www.m-q.ch\/50-jahre-interdisziplinaeres-risk-management-2\/#article\",\"isPartOf\":{\"@id\":\"https:\/\/www.m-q.ch\/50-jahre-interdisziplinaeres-risk-management-2\/\"},\"author\":{\"name\":\"upwork_2\",\"@id\":\"https:\/\/www.m-q.ch\/fr\/#\/schema\/person\/71f647a41e4a3e361e6230f5134f3ba9\"},\"headline\":\"50 Jahre interdisziplin\u00e4res Risk Management\",\"datePublished\":\"2015-06-13T12:03:42+00:00\",\"dateModified\":\"2021-02-15T13:45:27+00:00\",\"mainEntityOfPage\":{\"@id\":\"https:\/\/www.m-q.ch\/50-jahre-interdisziplinaeres-risk-management-2\/\"},\"wordCount\":847,\"publisher\":{\"@id\":\"https:\/\/www.m-q.ch\/fr\/#organization\"},\"image\":{\"@id\":\"https:\/\/www.m-q.ch\/50-jahre-interdisziplinaeres-risk-management-2\/#primaryimage\"},\"thumbnailUrl\":\"https:\/\/www.m-q.ch\/wp-content\/uploads\/2021\/02\/50-Jahre-interdisziplinaeres-Risk-Management.jpg\",\"keywords\":[\"06\/2015\"],\"articleSection\":[\"Risikomanagement\"],\"inLanguage\":\"de\"},{\"@type\":\"WebPage\",\"@id\":\"https:\/\/www.m-q.ch\/50-jahre-interdisziplinaeres-risk-management-2\/\",\"url\":\"https:\/\/www.m-q.ch\/50-jahre-interdisziplinaeres-risk-management-2\/\",\"name\":\"50 Jahre interdisziplin\u00e4res Risk Management - MQ Management und Qualit\u00e4t\",\"isPartOf\":{\"@id\":\"https:\/\/www.m-q.ch\/fr\/#website\"},\"primaryImageOfPage\":{\"@id\":\"https:\/\/www.m-q.ch\/50-jahre-interdisziplinaeres-risk-management-2\/#primaryimage\"},\"image\":{\"@id\":\"https:\/\/www.m-q.ch\/50-jahre-interdisziplinaeres-risk-management-2\/#primaryimage\"},\"thumbnailUrl\":\"https:\/\/www.m-q.ch\/wp-content\/uploads\/2021\/02\/50-Jahre-interdisziplinaeres-Risk-Management.jpg\",\"datePublished\":\"2015-06-13T12:03:42+00:00\",\"dateModified\":\"2021-02-15T13:45:27+00:00\",\"description\":\"Rahmenbedingungen k\u00f6nnen sich schnell \u00e4ndern.Welche integralen Massnahmen konnten sich \u00fcberdie Jahre bew\u00e4hren? Inwiefern dienen Normen l\u00e4ngerfristigenRisk-Management-Zielen? Solchequintessentiellen Fragen haben \u00abManagement &Qualit\u00e4t\u00bb immer wieder besch\u00e4ftigt und tun es weiterhin,hier in einer Sonderserie zum Thema: \u00ab50Jahre SAQ & interdisziplin\u00e4res Risk Management\u00bb.\",\"breadcrumb\":{\"@id\":\"https:\/\/www.m-q.ch\/50-jahre-interdisziplinaeres-risk-management-2\/#breadcrumb\"},\"inLanguage\":\"de\",\"potentialAction\":[{\"@type\":\"ReadAction\",\"target\":[\"https:\/\/www.m-q.ch\/50-jahre-interdisziplinaeres-risk-management-2\/\"]}]},{\"@type\":\"ImageObject\",\"inLanguage\":\"de\",\"@id\":\"https:\/\/www.m-q.ch\/50-jahre-interdisziplinaeres-risk-management-2\/#primaryimage\",\"url\":\"https:\/\/www.m-q.ch\/wp-content\/uploads\/2021\/02\/50-Jahre-interdisziplinaeres-Risk-Management.jpg\",\"contentUrl\":\"https:\/\/www.m-q.ch\/wp-content\/uploads\/2021\/02\/50-Jahre-interdisziplinaeres-Risk-Management.jpg\",\"width\":834,\"height\":1132,\"caption\":\"50 Jahre interdisziplin\u00e4res Risk Management\"},{\"@type\":\"BreadcrumbList\",\"@id\":\"https:\/\/www.m-q.ch\/50-jahre-interdisziplinaeres-risk-management-2\/#breadcrumb\",\"itemListElement\":[{\"@type\":\"ListItem\",\"position\":1,\"name\":\"Risikomanagement\",\"item\":\"https:\/\/www.m-q.ch\/kategorie\/risikomanagement\/\"},{\"@type\":\"ListItem\",\"position\":2,\"name\":\"50 Jahre interdisziplin\u00e4res Risk Management\"}]},{\"@type\":\"WebSite\",\"@id\":\"https:\/\/www.m-q.ch\/fr\/#website\",\"url\":\"https:\/\/www.m-q.ch\/fr\/\",\"name\":\"MQ Management und Qualit\u00e4t\",\"description\":\"Plattform f\u00fcr integrierte Managementsysteme.\",\"publisher\":{\"@id\":\"https:\/\/www.m-q.ch\/fr\/#organization\"},\"potentialAction\":[{\"@type\":\"SearchAction\",\"target\":{\"@type\":\"EntryPoint\",\"urlTemplate\":\"https:\/\/www.m-q.ch\/fr\/?s={search_term_string}\"},\"query-input\":{\"@type\":\"PropertyValueSpecification\",\"valueRequired\":true,\"valueName\":\"search_term_string\"}}],\"inLanguage\":\"de\"},{\"@type\":\"Organization\",\"@id\":\"https:\/\/www.m-q.ch\/fr\/#organization\",\"name\":\"Galledia Fachmedien AG\",\"url\":\"https:\/\/www.m-q.ch\/fr\/\",\"logo\":{\"@type\":\"ImageObject\",\"inLanguage\":\"de\",\"@id\":\"https:\/\/www.m-q.ch\/fr\/#\/schema\/logo\/image\/\",\"url\":\"https:\/\/www.m-q.ch\/wp-content\/uploads\/2020\/12\/cropped-logo_small.png\",\"contentUrl\":\"https:\/\/www.m-q.ch\/wp-content\/uploads\/2020\/12\/cropped-logo_small.png\",\"width\":512,\"height\":512,\"caption\":\"Galledia Fachmedien AG\"},\"image\":{\"@id\":\"https:\/\/www.m-q.ch\/fr\/#\/schema\/logo\/image\/\"},\"sameAs\":[\"https:\/\/www.facebook.com\/ManagementUndQualitaet\",\"https:\/\/www.linkedin.com\/showcase\/17982321\/admin\/\"]},{\"@type\":\"Person\",\"@id\":\"https:\/\/www.m-q.ch\/fr\/#\/schema\/person\/71f647a41e4a3e361e6230f5134f3ba9\",\"name\":\"upwork_2\",\"image\":{\"@type\":\"ImageObject\",\"inLanguage\":\"de\",\"@id\":\"https:\/\/www.m-q.ch\/fr\/#\/schema\/person\/image\/\",\"url\":\"https:\/\/secure.gravatar.com\/avatar\/777b90ab56092bbf3c85feacda5c1bce?s=96&d=mm&r=g\",\"contentUrl\":\"https:\/\/secure.gravatar.com\/avatar\/777b90ab56092bbf3c85feacda5c1bce?s=96&d=mm&r=g\",\"caption\":\"upwork_2\"},\"url\":\"https:\/\/www.m-q.ch\/de\/author\/upwork_2\/\"}]}<\/script>\n<!-- \/ Yoast SEO plugin. -->","yoast_head_json":{"title":"50 Jahre interdisziplin\u00e4res Risk Management - MQ Management und Qualit\u00e4t","description":"Rahmenbedingungen k\u00f6nnen sich schnell \u00e4ndern.Welche integralen Massnahmen konnten sich \u00fcberdie Jahre bew\u00e4hren? Inwiefern dienen Normen l\u00e4ngerfristigenRisk-Management-Zielen? Solchequintessentiellen Fragen haben \u00abManagement &Qualit\u00e4t\u00bb immer wieder besch\u00e4ftigt und tun es weiterhin,hier in einer Sonderserie zum Thema: \u00ab50Jahre SAQ & interdisziplin\u00e4res Risk Management\u00bb.","robots":{"index":"index","follow":"follow","max-snippet":"max-snippet:-1","max-image-preview":"max-image-preview:large","max-video-preview":"max-video-preview:-1"},"canonical":"https:\/\/www.m-q.ch\/de\/50-jahre-interdisziplinaeres-risk-management-2\/","og_locale":"de_DE","og_type":"article","og_title":"50 Jahre interdisziplin\u00e4res Risk Management - MQ Management und Qualit\u00e4t","og_description":"Rahmenbedingungen k\u00f6nnen sich schnell \u00e4ndern.Welche integralen Massnahmen konnten sich \u00fcberdie Jahre bew\u00e4hren? Inwiefern dienen Normen l\u00e4ngerfristigenRisk-Management-Zielen? Solchequintessentiellen Fragen haben \u00abManagement &Qualit\u00e4t\u00bb immer wieder besch\u00e4ftigt und tun es weiterhin,hier in einer Sonderserie zum Thema: \u00ab50Jahre SAQ & interdisziplin\u00e4res Risk Management\u00bb.","og_url":"https:\/\/www.m-q.ch\/de\/50-jahre-interdisziplinaeres-risk-management-2\/","og_site_name":"MQ Management und Qualit\u00e4t","article_publisher":"https:\/\/www.facebook.com\/ManagementUndQualitaet","article_published_time":"2015-06-13T12:03:42+00:00","article_modified_time":"2021-02-15T13:45:27+00:00","og_image":[{"width":834,"height":1132,"url":"https:\/\/www.m-q.ch\/wp-content\/uploads\/2021\/02\/50-Jahre-interdisziplinaeres-Risk-Management.jpg","type":"image\/jpeg"}],"author":"upwork_2","twitter_card":"summary_large_image","twitter_misc":{"Verfasst von":"upwork_2","Gesch\u00e4tzte Lesezeit":"4\u00a0Minuten"},"schema":{"@context":"https:\/\/schema.org","@graph":[{"@type":"Article","@id":"https:\/\/www.m-q.ch\/50-jahre-interdisziplinaeres-risk-management-2\/#article","isPartOf":{"@id":"https:\/\/www.m-q.ch\/50-jahre-interdisziplinaeres-risk-management-2\/"},"author":{"name":"upwork_2","@id":"https:\/\/www.m-q.ch\/fr\/#\/schema\/person\/71f647a41e4a3e361e6230f5134f3ba9"},"headline":"50 Jahre interdisziplin\u00e4res Risk Management","datePublished":"2015-06-13T12:03:42+00:00","dateModified":"2021-02-15T13:45:27+00:00","mainEntityOfPage":{"@id":"https:\/\/www.m-q.ch\/50-jahre-interdisziplinaeres-risk-management-2\/"},"wordCount":847,"publisher":{"@id":"https:\/\/www.m-q.ch\/fr\/#organization"},"image":{"@id":"https:\/\/www.m-q.ch\/50-jahre-interdisziplinaeres-risk-management-2\/#primaryimage"},"thumbnailUrl":"https:\/\/www.m-q.ch\/wp-content\/uploads\/2021\/02\/50-Jahre-interdisziplinaeres-Risk-Management.jpg","keywords":["06\/2015"],"articleSection":["Risikomanagement"],"inLanguage":"de"},{"@type":"WebPage","@id":"https:\/\/www.m-q.ch\/50-jahre-interdisziplinaeres-risk-management-2\/","url":"https:\/\/www.m-q.ch\/50-jahre-interdisziplinaeres-risk-management-2\/","name":"50 Jahre interdisziplin\u00e4res Risk Management - MQ Management und Qualit\u00e4t","isPartOf":{"@id":"https:\/\/www.m-q.ch\/fr\/#website"},"primaryImageOfPage":{"@id":"https:\/\/www.m-q.ch\/50-jahre-interdisziplinaeres-risk-management-2\/#primaryimage"},"image":{"@id":"https:\/\/www.m-q.ch\/50-jahre-interdisziplinaeres-risk-management-2\/#primaryimage"},"thumbnailUrl":"https:\/\/www.m-q.ch\/wp-content\/uploads\/2021\/02\/50-Jahre-interdisziplinaeres-Risk-Management.jpg","datePublished":"2015-06-13T12:03:42+00:00","dateModified":"2021-02-15T13:45:27+00:00","description":"Rahmenbedingungen k\u00f6nnen sich schnell \u00e4ndern.Welche integralen Massnahmen konnten sich \u00fcberdie Jahre bew\u00e4hren? Inwiefern dienen Normen l\u00e4ngerfristigenRisk-Management-Zielen? Solchequintessentiellen Fragen haben \u00abManagement &Qualit\u00e4t\u00bb immer wieder besch\u00e4ftigt und tun es weiterhin,hier in einer Sonderserie zum Thema: \u00ab50Jahre SAQ & interdisziplin\u00e4res Risk Management\u00bb.","breadcrumb":{"@id":"https:\/\/www.m-q.ch\/50-jahre-interdisziplinaeres-risk-management-2\/#breadcrumb"},"inLanguage":"de","potentialAction":[{"@type":"ReadAction","target":["https:\/\/www.m-q.ch\/50-jahre-interdisziplinaeres-risk-management-2\/"]}]},{"@type":"ImageObject","inLanguage":"de","@id":"https:\/\/www.m-q.ch\/50-jahre-interdisziplinaeres-risk-management-2\/#primaryimage","url":"https:\/\/www.m-q.ch\/wp-content\/uploads\/2021\/02\/50-Jahre-interdisziplinaeres-Risk-Management.jpg","contentUrl":"https:\/\/www.m-q.ch\/wp-content\/uploads\/2021\/02\/50-Jahre-interdisziplinaeres-Risk-Management.jpg","width":834,"height":1132,"caption":"50 Jahre interdisziplin\u00e4res Risk Management"},{"@type":"BreadcrumbList","@id":"https:\/\/www.m-q.ch\/50-jahre-interdisziplinaeres-risk-management-2\/#breadcrumb","itemListElement":[{"@type":"ListItem","position":1,"name":"Risikomanagement","item":"https:\/\/www.m-q.ch\/kategorie\/risikomanagement\/"},{"@type":"ListItem","position":2,"name":"50 Jahre interdisziplin\u00e4res Risk Management"}]},{"@type":"WebSite","@id":"https:\/\/www.m-q.ch\/fr\/#website","url":"https:\/\/www.m-q.ch\/fr\/","name":"MQ Management und Qualit\u00e4t","description":"Plattform f\u00fcr integrierte Managementsysteme.","publisher":{"@id":"https:\/\/www.m-q.ch\/fr\/#organization"},"potentialAction":[{"@type":"SearchAction","target":{"@type":"EntryPoint","urlTemplate":"https:\/\/www.m-q.ch\/fr\/?s={search_term_string}"},"query-input":{"@type":"PropertyValueSpecification","valueRequired":true,"valueName":"search_term_string"}}],"inLanguage":"de"},{"@type":"Organization","@id":"https:\/\/www.m-q.ch\/fr\/#organization","name":"Galledia Fachmedien AG","url":"https:\/\/www.m-q.ch\/fr\/","logo":{"@type":"ImageObject","inLanguage":"de","@id":"https:\/\/www.m-q.ch\/fr\/#\/schema\/logo\/image\/","url":"https:\/\/www.m-q.ch\/wp-content\/uploads\/2020\/12\/cropped-logo_small.png","contentUrl":"https:\/\/www.m-q.ch\/wp-content\/uploads\/2020\/12\/cropped-logo_small.png","width":512,"height":512,"caption":"Galledia Fachmedien AG"},"image":{"@id":"https:\/\/www.m-q.ch\/fr\/#\/schema\/logo\/image\/"},"sameAs":["https:\/\/www.facebook.com\/ManagementUndQualitaet","https:\/\/www.linkedin.com\/showcase\/17982321\/admin\/"]},{"@type":"Person","@id":"https:\/\/www.m-q.ch\/fr\/#\/schema\/person\/71f647a41e4a3e361e6230f5134f3ba9","name":"upwork_2","image":{"@type":"ImageObject","inLanguage":"de","@id":"https:\/\/www.m-q.ch\/fr\/#\/schema\/person\/image\/","url":"https:\/\/secure.gravatar.com\/avatar\/777b90ab56092bbf3c85feacda5c1bce?s=96&d=mm&r=g","contentUrl":"https:\/\/secure.gravatar.com\/avatar\/777b90ab56092bbf3c85feacda5c1bce?s=96&d=mm&r=g","caption":"upwork_2"},"url":"https:\/\/www.m-q.ch\/de\/author\/upwork_2\/"}]}},"_links":{"self":[{"href":"https:\/\/www.m-q.ch\/de\/wp-json\/wp\/v2\/posts\/12068","targetHints":{"allow":["GET"]}}],"collection":[{"href":"https:\/\/www.m-q.ch\/de\/wp-json\/wp\/v2\/posts"}],"about":[{"href":"https:\/\/www.m-q.ch\/de\/wp-json\/wp\/v2\/types\/post"}],"author":[{"embeddable":true,"href":"https:\/\/www.m-q.ch\/de\/wp-json\/wp\/v2\/users\/62"}],"replies":[{"embeddable":true,"href":"https:\/\/www.m-q.ch\/de\/wp-json\/wp\/v2\/comments?post=12068"}],"version-history":[{"count":1,"href":"https:\/\/www.m-q.ch\/de\/wp-json\/wp\/v2\/posts\/12068\/revisions"}],"predecessor-version":[{"id":12100,"href":"https:\/\/www.m-q.ch\/de\/wp-json\/wp\/v2\/posts\/12068\/revisions\/12100"}],"wp:featuredmedia":[{"embeddable":true,"href":"https:\/\/www.m-q.ch\/de\/wp-json\/wp\/v2\/media\/12098"}],"wp:attachment":[{"href":"https:\/\/www.m-q.ch\/de\/wp-json\/wp\/v2\/media?parent=12068"}],"wp:term":[{"taxonomy":"category","embeddable":true,"href":"https:\/\/www.m-q.ch\/de\/wp-json\/wp\/v2\/categories?post=12068"},{"taxonomy":"post_tag","embeddable":true,"href":"https:\/\/www.m-q.ch\/de\/wp-json\/wp\/v2\/tags?post=12068"}],"curies":[{"name":"wp","href":"https:\/\/api.w.org\/{rel}","templated":true}]}}