{"id":12082,"date":"2016-11-05T14:20:53","date_gmt":"2016-11-05T13:20:53","guid":{"rendered":"https:\/\/www.m-q.ch\/?p=12082"},"modified":"2021-02-15T14:31:34","modified_gmt":"2021-02-15T13:31:34","slug":"corporate-governance-beginnt-im-verwaltungsrat","status":"publish","type":"post","link":"https:\/\/www.m-q.ch\/de\/corporate-governance-beginnt-im-verwaltungsrat\/","title":{"rendered":"\u00abCorporate Governance beginnt im Verwaltungsrat\u00bb"},"content":{"rendered":"<p><img loading=\"lazy\" decoding=\"async\" class=\"alignnone size-full wp-image-12084\" src=\"https:\/\/www.m-q.ch\/wp-content\/uploads\/2021\/02\/Corporate-Governance-beginnt-im-Verwaltungsrat.jpg\" alt=\"\u00abCorporate Governance beginnt im Verwaltungsrat\u00bb\" width=\"858\" height=\"593\" srcset=\"https:\/\/www.m-q.ch\/wp-content\/uploads\/2021\/02\/Corporate-Governance-beginnt-im-Verwaltungsrat.jpg 858w, https:\/\/www.m-q.ch\/wp-content\/uploads\/2021\/02\/Corporate-Governance-beginnt-im-Verwaltungsrat-768x531.jpg 768w, https:\/\/www.m-q.ch\/wp-content\/uploads\/2021\/02\/Corporate-Governance-beginnt-im-Verwaltungsrat-16x12.jpg 16w, https:\/\/www.m-q.ch\/wp-content\/uploads\/2021\/02\/Corporate-Governance-beginnt-im-Verwaltungsrat-253x175.jpg 253w, https:\/\/www.m-q.ch\/wp-content\/uploads\/2021\/02\/Corporate-Governance-beginnt-im-Verwaltungsrat-506x350.jpg 506w, https:\/\/www.m-q.ch\/wp-content\/uploads\/2021\/02\/Corporate-Governance-beginnt-im-Verwaltungsrat-300x207.jpg 300w\" sizes=\"auto, (max-width: 858px) 100vw, 858px\" \/><\/p>\n<p>&nbsp;<\/p>\n<p>&nbsp;<\/p>\n<p>&nbsp;<\/p>\n<p><em><strong>G<\/strong><\/em>em\u00e4ss dem Mitbegr\u00fcnder des Labels, Silvan Felder, unterst\u00fctzt Best Board Practice (BBP) die Sicherstellung der gesetzlichen Konformit\u00e4t, verbessert kontinuierlich die Corporate Governance, reduziert organrechtliche Verantwortlichkeitsund Haftungsfragen, schafft Transparenz und stellt die Professionalit\u00e4t der Oberleitung sicher. Welche Erfahrungen haben die vbl mit BBP gemacht? VR-Pr\u00e4sidentin Yvonne Hunkeler und CEO Dr. Norbert Schmassmann beantworten hier unsere Fragen.<\/p>\n<p><strong>Sie haben BBP schweizweit als erstes Unternehmen erlangt. Wie kam es dazu?<\/strong><\/p>\n<p>&nbsp;<\/p>\n<p><em><strong>Norbert Schmassmann:<\/strong> <\/em>\u00abCorporate Governance beginnt im Verwaltungsrat.\u00bb In dieser \u00dcberzeugung kam der damalige VR-Pr\u00e4sident der vbl und heutige St\u00e4nderat Konrad Graber im Jahr 2003 mit der Idee des neu geschaffenen Labels \u00abBest Board Practice\u00bb auf den CEO zu. Ich erkannte die Chance und den Nutzen eines solchen Labels, sich punkto Governance von anderen Aktiengesellschaften positiv \u00ababheben\u00bb zu k\u00f6nnen. Denn viele Verwaltungsr\u00e4te werden auch heute noch nicht wegen ihrer Eignung gew\u00e4hlt, sondern aufgrund von \u00abBekanntschaften\u00bb. Auch ist das Zusammenspiel zwischen Verwaltungsrat und Gesch\u00e4ftsleitung in der Praxis nicht selten angespannt, weil etwa Kompetenzen nicht sauber abgegrenzt oder Rollen nicht richtig definiert sind.<\/p>\n<p><strong>Welche f\u00fchrungsm\u00e4ssigen \u00dcberlegungen stecken dahinter?<\/strong><\/p>\n<p>&nbsp;<\/p>\n<p><em><strong>Yvonne Hunkeler:<\/strong><\/em> Das gute Zusammenspiel zwischen dem VR und der GL h\u00e4ngt von verschiedenen Faktoren ab. Einmal muss der Verwaltungsrat als Team gut funktionieren, anderseits m\u00fcssen Aufgaben und Kompetenzen zwischen dem Verwaltungsrat und der Gesch\u00e4ftsleitung klar definiert und abgegrenzt werden. Der Verwaltungsrat muss sich auf seine strategischen F\u00fchrungsaufgaben konzentrieren, die Gesch\u00e4ftsleitung auf die operative F\u00fchrung des Unternehmens. Dies wiederum funktioniert nur, wenn sich der Verwaltungsrat nicht ins operative Gesch\u00e4ft \u00abeinmischt\u00bb. Dieser Verzicht ist aber nur m\u00f6glich, wenn das Vertrauen zwischen beiden Gremien intakt ist. Die richtige Zusammensetzung der Gesch\u00e4ftsleitung liegt deshalb in der Verantwortung des Verwaltungsrates. Entscheidend: Damit das Label \u00abBest Board Practice\u00bb wirkt, muss es in der Praxis gelebt werden. Nur eine solche VR-Praxis verdient das Adjektiv \u00abBest\u00bb.<\/p>\n<p><strong>Was bringt das BBP-Label dem vbl-Aktion\u00e4r?<\/strong><\/p>\n<p>&nbsp;<\/p>\n<p><em><strong>Yvonne Hunkeler:<\/strong><\/em> BBP bringt f\u00fcr den Aktion\u00e4r indirekt, aber doch recht unmittelbar Vorteile. Beim Aktion\u00e4r ist vorab Vertrauen zu gewinnen, wenn er \u00fcber die Zust\u00e4ndigkeiten des VR und der GL genau Bescheid weiss und ihm die Regeln der Zusammenarbeit zwischen den Gremien bekannt sind. Auch bei der Besetzung vakanter VR-Mandate wird bei den Aktion\u00e4ren gepunktet, wenn sich das Rekrutierungs- und Nominationsverfahren auf transparente Kriterien abst\u00fctzt.<\/p>\n<p><strong>Inwiefern profitiert der Verwaltungsrat?<\/strong><\/p>\n<p>&nbsp;<\/p>\n<p><em><strong>Yvonne Hunkeler:<\/strong><\/em> Den VR-Mitgliedern bringt BBP den Vorteil, dass sie sich ihrer Aufgabe und Verantwortung st\u00e4rker bewusst sind. Die strategische und f\u00fchrungsm\u00e4ssige Verantwortung wird hervorgehoben; sie ist in Prozessen hinterlegt, die j\u00e4hrlich \u00fcber SQS-Audits \u00fcberpr\u00fcft werden. Ausserdem st\u00e4rkt die j\u00e4hrlich durchzuf\u00fchrende Selbstevaluation den Teamgedanken innerhalb des Verwaltungsrates. Die einzelnen Verwaltungsr\u00e4te verstehen sich als Teil des Teams, in dem unterschiedliche Fachkompetenzen und Meinungen aufeinandertreffen und im Dialog zu guten Entscheiden f\u00fchren sollen. \u00abKopfnickertum\u00bb zugunsten des Pr\u00e4sidiums wird so eingeschr\u00e4nkt.<\/p>\n<p><strong>Und die Gesch\u00e4ftsleitung?<\/strong><\/p>\n<p>&nbsp;<\/p>\n<p><em><strong>Norbert Schmassmann:<\/strong> <\/em>Dem CEO bringt das Label den Vorteil, dass gewisse Gesch\u00e4fte und Traktanden \u00abautomatisiert\u00bb auf die VRTraktandenliste kommen, ohne dass der CEO den VR darauf aufmerksam machen muss, dass es<\/p>\n<p>&nbsp;<\/p>\n<p><em><strong>\u00abBBP sichert Professionalit\u00e4t im VR\u00bb<\/strong><\/em><\/p>\n<p>&nbsp;<\/p>\n<p>\u00abeigentlich wieder einmal an der Zeit w\u00e4re, \u00fcber bestimmte Gesch\u00e4fte zu diskutieren\u00bb. So sind gem\u00e4ss dem BBP-Label das Organisationsreglement \u00abvon Amtes wegen\u00bb, die Verg\u00fctungen des VR und der GL j\u00e4hrlich zu \u00fcberpr\u00fcfen. BBP verschafft dem CEO mehr R\u00fcckhalt; er weiss in der VRPraxis, woran er ist und welche Spielregeln gelten. Die GL hat erweiterte, aber zweifelsfrei abgesteckte Kompetenzen erhalten. Dies schafft Vertrauen.<\/p>\n<p><strong>Wird auch die Revisionsstelle tangiert?<\/strong><\/p>\n<p>&nbsp;<\/p>\n<p><em><strong>Yvonne Hunkeler und Norbert Schmassmann \u00fcbereinstimmend:<\/strong><\/em> Ja, die Zusammenarbeit wird dank BBP positiv unterst\u00fctzt. Die Revisionsstelle kann sich auf gewisse Praktiken \u00ababst\u00fctzen\u00bb und profitiert davon, dass eine gute Governance zwischen VR und GL vorgelebt wird. Die Zusammenarbeit mit der Revisionsstelle ist reglementarisch an einen VR-Ausschuss delegiert. Die Prozesse und Schnittstellen sind somit definiert. Antr\u00e4ge werden dem Gesamtverwaltungsrat vorgelegt.<\/p>\n<p><strong>Sp\u00fcrt man im Unternehmen die ver\u00e4nderte Governance?<\/strong><\/p>\n<p>&nbsp;<\/p>\n<p><em><strong>Norbert Schmassmann:<\/strong><\/em> Verl\u00e4ssliche Aufgaben- und Kompetenzabgrenzungen sind sowohl f\u00fcr die strategische Ebene (VR) als auch f\u00fcr die operative Ebene (GL) von grossem Vorteil. Messerscharf ist die \u00abGewaltenteilung\u00bb zwar nicht zu machen. Bestehen Unklarheiten, berufen wir uns auch mal auf ein Reglement oder ein Funktionendiagramm. Aber die Praxis zeigt, dass nicht alles festgeschrieben werden kann. Eine gute Governance muss zum Selbstverst\u00e4ndnis von VR und GL geh\u00f6ren. Seit wir bei der vbl AG dieses Label \u00ableben\u00bb, hat sich eine Governance eingespielt, die aus Sicht aller Beteiligten als sehr zielf\u00fchrend und angenehm bezeichnet wird.<\/p>\n<p>&nbsp;<\/p>\n<p><em><strong>Yvonne Hunkeler:<\/strong><\/em> Gewiss, einige Ver\u00e4nderungen w\u00e4ren vielleicht auch ohne dieses Label vollzogen worden \u2013 wegen des Wandels im Umfeld, allgemeiner Entwicklungen, ge\u00e4nderter Rechtsgrundlagen oder eigener Erkenntnisse. Nicht alles, was wir heute machen, kann eins zu eins allein auf BBP zur\u00fcckgef\u00fchrt werden. Aber das BBP-Label hat jeweils unterst\u00fctzt und gewisse Dinge bewusst gemacht.<\/p>\n<p><strong>Wie hat BBP die Risikopolitik beeinflusst?<\/strong><\/p>\n<p>&nbsp;<\/p>\n<p><em><strong>Yvonne Hunkeler und Norbert Schmassmann \u00fcbereinstimmend:<\/strong><\/em> Ein vom VR bezeichnetes GL-Mitglied ist mit der Aufgabe des Risk Managers betraut. Dieser verfasst j\u00e4hrlich \u2013 unabh\u00e4ngig vom CEO \u2013 einen Risikobericht zuhanden des Verwaltungsrates. Der Bericht enth\u00e4lt einen \u00dcberblick \u00fcber alle strategischen und operativen Risi<\/p>\n<p>&nbsp;<\/p>\n<p><em><strong>\u00abGood Governance geh\u00f6rt zum Selbstverst\u00e4ndnis\u00bb<\/strong><\/em><\/p>\n<p>&nbsp;<\/p>\n<p>ken und gibt in einer Risikomatrix Auskunft \u00fcber Ver\u00e4nderungen in der Einsch\u00e4tzung der verschiedenen Risiken. Dadurch werden dem VR Entscheide \u00fcber allf\u00e4llige risikomindernde Massnahmen erleichtert. Im Rahmen des Risk Managements wurde auch eine Notfallorganisation mit einem Notfallstab eingerichtet. Dessen Chef ist der Risk Manager. Damit soll sichergestellt werden, dass der Weiterbetrieb in einer Notsituation bestm\u00f6glich gew\u00e4hrleistet werden kann. F\u00fcr kleinere Ereignisse \u2013 dazu geh\u00f6ren betriebliche Vorkommnisse und leider auch fast t\u00e4glich kleinere Unf\u00e4lle \u2013 bestehen eingespielte Verantwortlichkeiten.<\/p>\n<p><strong>Und den Sitzungsmodus?<\/strong><\/p>\n<p>&nbsp;<\/p>\n<p><em><strong>Yvonne Hunkeler:<\/strong> <\/em>Der Verwaltungsrat tagt im Jahr an vier bis f\u00fcnf Sitzungen. Aufgrund der Jahresplanung steht fest, wann welche Standardtraktanden vorgesehen sind, Wesentliches wird so nicht vergessen. Die VR-Traktanden haben strategischen Charakter. Im operativen Bereich besteht f\u00fcr den CEO eine Informationspflicht nach oben: So wird der VR, sicher die VR-Pr\u00e4sidentin, laufend und proaktiv \u00fcber wichtige Gesch\u00e4ftsvorf\u00e4lle oder Ereignisse informiert. Sie entscheidet im Einzelfall, ob der VR als Ganzes zu informieren oder ein Zirkulationsbeschluss einzuholen ist.<\/p>\n<p><strong>Wie regelt BBP die Kommunikation?<\/strong><\/p>\n<p>&nbsp;<\/p>\n<p><em><strong>Yvonne Hunkeler:<\/strong><\/em> Man ist gehalten, die strategische von der operativen Kommunikation sauber zu trennen. Gerade im Krisenfall ist es von grossem Nutzen, wenn klar ist, wer was kommuniziert. Bei den vbl ist die Kommunikation grunds\u00e4tzlich Sache des CEO, sekundiert von seinem Kommunikationsverantwortlichen. Das VR-Pr\u00e4sidium kommuniziert dagegen Angelegenheiten, welche das Verh\u00e4ltnis zwischen dem Verwaltungsrat und dem Aktionariat \u2013 der Stadt Luzern \u2013 betreffen<\/p>\n","protected":false},"excerpt":{"rendered":"<p>&nbsp; &nbsp; &nbsp; Gem\u00e4ss dem Mitbegr\u00fcnder des Labels, Silvan Felder, unterst\u00fctzt Best Board Practice (BBP) die Sicherstellung der gesetzlichen Konformit\u00e4t, verbessert kontinuierlich die Corporate Governance, reduziert organrechtliche Verantwortlichkeitsund Haftungsfragen, schafft Transparenz und stellt die Professionalit\u00e4t der Oberleitung sicher. Welche Erfahrungen haben die vbl mit BBP gemacht? VR-Pr\u00e4sidentin Yvonne Hunkeler und CEO Dr. Norbert Schmassmann beantworten [&hellip;]<\/p>\n","protected":false},"author":66,"featured_media":12084,"comment_status":"closed","ping_status":"closed","sticky":false,"template":"","format":"standard","meta":{"_acf_changed":false,"footnotes":""},"categories":[5],"tags":[4791],"class_list":["post-12082","post","type-post","status-publish","format-standard","has-post-thumbnail","hentry","category-business_excellence","tag-11-2016"],"acf":[],"yoast_head":"<!-- This site is optimized with the Yoast SEO plugin v26.2 - https:\/\/yoast.com\/wordpress\/plugins\/seo\/ -->\n<title>\u00abCorporate Governance beginnt im Verwaltungsrat\u00bb - MQ Management und Qualit\u00e4t<\/title>\n<meta name=\"description\" content=\"Schon 2003 hat die vbl Luzern AG deshalb pionierhaft das SQS-Label \u00abBest Board Practice\u00bb evaluiert und eingef\u00fchrt. R\u00fcckblickend sagt Dr. Norbert Schmassmann, CEO der vbl Luzern: \u00abWir fahren gut damit \u2013 seit \u00fcber 10 Jahren.\u00bb\" \/>\n<meta name=\"robots\" content=\"index, follow, max-snippet:-1, max-image-preview:large, max-video-preview:-1\" \/>\n<link rel=\"canonical\" href=\"https:\/\/www.m-q.ch\/de\/corporate-governance-beginnt-im-verwaltungsrat\/\" \/>\n<meta property=\"og:locale\" content=\"de_DE\" \/>\n<meta property=\"og:type\" content=\"article\" \/>\n<meta property=\"og:title\" content=\"\u00abCorporate Governance beginnt im Verwaltungsrat\u00bb - MQ Management und Qualit\u00e4t\" \/>\n<meta property=\"og:description\" content=\"Schon 2003 hat die vbl Luzern AG deshalb pionierhaft das SQS-Label \u00abBest Board Practice\u00bb evaluiert und eingef\u00fchrt. R\u00fcckblickend sagt Dr. Norbert Schmassmann, CEO der vbl Luzern: \u00abWir fahren gut damit \u2013 seit \u00fcber 10 Jahren.\u00bb\" \/>\n<meta property=\"og:url\" content=\"https:\/\/www.m-q.ch\/de\/corporate-governance-beginnt-im-verwaltungsrat\/\" \/>\n<meta property=\"og:site_name\" content=\"MQ Management und Qualit\u00e4t\" \/>\n<meta property=\"article:publisher\" content=\"https:\/\/www.facebook.com\/ManagementUndQualitaet\" \/>\n<meta property=\"article:published_time\" content=\"2016-11-05T13:20:53+00:00\" \/>\n<meta property=\"article:modified_time\" content=\"2021-02-15T13:31:34+00:00\" \/>\n<meta property=\"og:image\" content=\"https:\/\/www.m-q.ch\/wp-content\/uploads\/2021\/02\/Corporate-Governance-beginnt-im-Verwaltungsrat.jpg\" \/>\n\t<meta property=\"og:image:width\" content=\"858\" \/>\n\t<meta property=\"og:image:height\" content=\"593\" \/>\n\t<meta property=\"og:image:type\" content=\"image\/jpeg\" \/>\n<meta name=\"author\" content=\"upwork_1\" \/>\n<meta name=\"twitter:card\" content=\"summary_large_image\" \/>\n<meta name=\"twitter:label1\" content=\"Verfasst von\" \/>\n\t<meta name=\"twitter:data1\" content=\"upwork_1\" \/>\n\t<meta name=\"twitter:label2\" content=\"Gesch\u00e4tzte Lesezeit\" \/>\n\t<meta name=\"twitter:data2\" content=\"6\u00a0Minuten\" \/>\n<script type=\"application\/ld+json\" class=\"yoast-schema-graph\">{\"@context\":\"https:\/\/schema.org\",\"@graph\":[{\"@type\":\"Article\",\"@id\":\"https:\/\/www.m-q.ch\/corporate-governance-beginnt-im-verwaltungsrat\/#article\",\"isPartOf\":{\"@id\":\"https:\/\/www.m-q.ch\/corporate-governance-beginnt-im-verwaltungsrat\/\"},\"author\":{\"name\":\"upwork_1\",\"@id\":\"https:\/\/www.m-q.ch\/fr\/#\/schema\/person\/0bdf39ca27d0b9b779f5b8af54b3f7d7\"},\"headline\":\"\u00abCorporate Governance beginnt im Verwaltungsrat\u00bb\",\"datePublished\":\"2016-11-05T13:20:53+00:00\",\"dateModified\":\"2021-02-15T13:31:34+00:00\",\"mainEntityOfPage\":{\"@id\":\"https:\/\/www.m-q.ch\/corporate-governance-beginnt-im-verwaltungsrat\/\"},\"wordCount\":1141,\"publisher\":{\"@id\":\"https:\/\/www.m-q.ch\/fr\/#organization\"},\"image\":{\"@id\":\"https:\/\/www.m-q.ch\/corporate-governance-beginnt-im-verwaltungsrat\/#primaryimage\"},\"thumbnailUrl\":\"https:\/\/www.m-q.ch\/wp-content\/uploads\/2021\/02\/Corporate-Governance-beginnt-im-Verwaltungsrat.jpg\",\"keywords\":[\"11\/2016\"],\"articleSection\":[\"Business Excellence\"],\"inLanguage\":\"de\"},{\"@type\":\"WebPage\",\"@id\":\"https:\/\/www.m-q.ch\/corporate-governance-beginnt-im-verwaltungsrat\/\",\"url\":\"https:\/\/www.m-q.ch\/corporate-governance-beginnt-im-verwaltungsrat\/\",\"name\":\"\u00abCorporate Governance beginnt im Verwaltungsrat\u00bb - MQ Management und Qualit\u00e4t\",\"isPartOf\":{\"@id\":\"https:\/\/www.m-q.ch\/fr\/#website\"},\"primaryImageOfPage\":{\"@id\":\"https:\/\/www.m-q.ch\/corporate-governance-beginnt-im-verwaltungsrat\/#primaryimage\"},\"image\":{\"@id\":\"https:\/\/www.m-q.ch\/corporate-governance-beginnt-im-verwaltungsrat\/#primaryimage\"},\"thumbnailUrl\":\"https:\/\/www.m-q.ch\/wp-content\/uploads\/2021\/02\/Corporate-Governance-beginnt-im-Verwaltungsrat.jpg\",\"datePublished\":\"2016-11-05T13:20:53+00:00\",\"dateModified\":\"2021-02-15T13:31:34+00:00\",\"description\":\"Schon 2003 hat die vbl Luzern AG deshalb pionierhaft das SQS-Label \u00abBest Board Practice\u00bb evaluiert und eingef\u00fchrt. R\u00fcckblickend sagt Dr. Norbert Schmassmann, CEO der vbl Luzern: \u00abWir fahren gut damit \u2013 seit \u00fcber 10 Jahren.\u00bb\",\"breadcrumb\":{\"@id\":\"https:\/\/www.m-q.ch\/corporate-governance-beginnt-im-verwaltungsrat\/#breadcrumb\"},\"inLanguage\":\"de\",\"potentialAction\":[{\"@type\":\"ReadAction\",\"target\":[\"https:\/\/www.m-q.ch\/corporate-governance-beginnt-im-verwaltungsrat\/\"]}]},{\"@type\":\"ImageObject\",\"inLanguage\":\"de\",\"@id\":\"https:\/\/www.m-q.ch\/corporate-governance-beginnt-im-verwaltungsrat\/#primaryimage\",\"url\":\"https:\/\/www.m-q.ch\/wp-content\/uploads\/2021\/02\/Corporate-Governance-beginnt-im-Verwaltungsrat.jpg\",\"contentUrl\":\"https:\/\/www.m-q.ch\/wp-content\/uploads\/2021\/02\/Corporate-Governance-beginnt-im-Verwaltungsrat.jpg\",\"width\":858,\"height\":593,\"caption\":\"\u00abCorporate Governance beginnt im Verwaltungsrat\u00bb\"},{\"@type\":\"BreadcrumbList\",\"@id\":\"https:\/\/www.m-q.ch\/corporate-governance-beginnt-im-verwaltungsrat\/#breadcrumb\",\"itemListElement\":[{\"@type\":\"ListItem\",\"position\":1,\"name\":\"Business Excellence\",\"item\":\"https:\/\/www.m-q.ch\/kategorie\/business_excellence\/\"},{\"@type\":\"ListItem\",\"position\":2,\"name\":\"\u00abCorporate Governance beginnt im Verwaltungsrat\u00bb\"}]},{\"@type\":\"WebSite\",\"@id\":\"https:\/\/www.m-q.ch\/fr\/#website\",\"url\":\"https:\/\/www.m-q.ch\/fr\/\",\"name\":\"MQ Management und Qualit\u00e4t\",\"description\":\"Plattform f\u00fcr integrierte Managementsysteme.\",\"publisher\":{\"@id\":\"https:\/\/www.m-q.ch\/fr\/#organization\"},\"potentialAction\":[{\"@type\":\"SearchAction\",\"target\":{\"@type\":\"EntryPoint\",\"urlTemplate\":\"https:\/\/www.m-q.ch\/fr\/?s={search_term_string}\"},\"query-input\":{\"@type\":\"PropertyValueSpecification\",\"valueRequired\":true,\"valueName\":\"search_term_string\"}}],\"inLanguage\":\"de\"},{\"@type\":\"Organization\",\"@id\":\"https:\/\/www.m-q.ch\/fr\/#organization\",\"name\":\"Galledia Fachmedien AG\",\"url\":\"https:\/\/www.m-q.ch\/fr\/\",\"logo\":{\"@type\":\"ImageObject\",\"inLanguage\":\"de\",\"@id\":\"https:\/\/www.m-q.ch\/fr\/#\/schema\/logo\/image\/\",\"url\":\"https:\/\/www.m-q.ch\/wp-content\/uploads\/2020\/12\/cropped-logo_small.png\",\"contentUrl\":\"https:\/\/www.m-q.ch\/wp-content\/uploads\/2020\/12\/cropped-logo_small.png\",\"width\":512,\"height\":512,\"caption\":\"Galledia Fachmedien AG\"},\"image\":{\"@id\":\"https:\/\/www.m-q.ch\/fr\/#\/schema\/logo\/image\/\"},\"sameAs\":[\"https:\/\/www.facebook.com\/ManagementUndQualitaet\",\"https:\/\/www.linkedin.com\/showcase\/17982321\/admin\/\"]},{\"@type\":\"Person\",\"@id\":\"https:\/\/www.m-q.ch\/fr\/#\/schema\/person\/0bdf39ca27d0b9b779f5b8af54b3f7d7\",\"name\":\"upwork_1\",\"image\":{\"@type\":\"ImageObject\",\"inLanguage\":\"de\",\"@id\":\"https:\/\/www.m-q.ch\/fr\/#\/schema\/person\/image\/\",\"url\":\"https:\/\/secure.gravatar.com\/avatar\/04d4d0fdc5886d535809f17d0eace7f6?s=96&d=mm&r=g\",\"contentUrl\":\"https:\/\/secure.gravatar.com\/avatar\/04d4d0fdc5886d535809f17d0eace7f6?s=96&d=mm&r=g\",\"caption\":\"upwork_1\"},\"url\":\"https:\/\/www.m-q.ch\/de\/author\/upwork_1\/\"}]}<\/script>\n<!-- \/ Yoast SEO plugin. -->","yoast_head_json":{"title":"\u00abCorporate Governance beginnt im Verwaltungsrat\u00bb - MQ Management und Qualit\u00e4t","description":"Schon 2003 hat die vbl Luzern AG deshalb pionierhaft das SQS-Label \u00abBest Board Practice\u00bb evaluiert und eingef\u00fchrt. R\u00fcckblickend sagt Dr. Norbert Schmassmann, CEO der vbl Luzern: \u00abWir fahren gut damit \u2013 seit \u00fcber 10 Jahren.\u00bb","robots":{"index":"index","follow":"follow","max-snippet":"max-snippet:-1","max-image-preview":"max-image-preview:large","max-video-preview":"max-video-preview:-1"},"canonical":"https:\/\/www.m-q.ch\/de\/corporate-governance-beginnt-im-verwaltungsrat\/","og_locale":"de_DE","og_type":"article","og_title":"\u00abCorporate Governance beginnt im Verwaltungsrat\u00bb - MQ Management und Qualit\u00e4t","og_description":"Schon 2003 hat die vbl Luzern AG deshalb pionierhaft das SQS-Label \u00abBest Board Practice\u00bb evaluiert und eingef\u00fchrt. R\u00fcckblickend sagt Dr. Norbert Schmassmann, CEO der vbl Luzern: \u00abWir fahren gut damit \u2013 seit \u00fcber 10 Jahren.\u00bb","og_url":"https:\/\/www.m-q.ch\/de\/corporate-governance-beginnt-im-verwaltungsrat\/","og_site_name":"MQ Management und Qualit\u00e4t","article_publisher":"https:\/\/www.facebook.com\/ManagementUndQualitaet","article_published_time":"2016-11-05T13:20:53+00:00","article_modified_time":"2021-02-15T13:31:34+00:00","og_image":[{"width":858,"height":593,"url":"https:\/\/www.m-q.ch\/wp-content\/uploads\/2021\/02\/Corporate-Governance-beginnt-im-Verwaltungsrat.jpg","type":"image\/jpeg"}],"author":"upwork_1","twitter_card":"summary_large_image","twitter_misc":{"Verfasst von":"upwork_1","Gesch\u00e4tzte Lesezeit":"6\u00a0Minuten"},"schema":{"@context":"https:\/\/schema.org","@graph":[{"@type":"Article","@id":"https:\/\/www.m-q.ch\/corporate-governance-beginnt-im-verwaltungsrat\/#article","isPartOf":{"@id":"https:\/\/www.m-q.ch\/corporate-governance-beginnt-im-verwaltungsrat\/"},"author":{"name":"upwork_1","@id":"https:\/\/www.m-q.ch\/fr\/#\/schema\/person\/0bdf39ca27d0b9b779f5b8af54b3f7d7"},"headline":"\u00abCorporate Governance beginnt im Verwaltungsrat\u00bb","datePublished":"2016-11-05T13:20:53+00:00","dateModified":"2021-02-15T13:31:34+00:00","mainEntityOfPage":{"@id":"https:\/\/www.m-q.ch\/corporate-governance-beginnt-im-verwaltungsrat\/"},"wordCount":1141,"publisher":{"@id":"https:\/\/www.m-q.ch\/fr\/#organization"},"image":{"@id":"https:\/\/www.m-q.ch\/corporate-governance-beginnt-im-verwaltungsrat\/#primaryimage"},"thumbnailUrl":"https:\/\/www.m-q.ch\/wp-content\/uploads\/2021\/02\/Corporate-Governance-beginnt-im-Verwaltungsrat.jpg","keywords":["11\/2016"],"articleSection":["Business Excellence"],"inLanguage":"de"},{"@type":"WebPage","@id":"https:\/\/www.m-q.ch\/corporate-governance-beginnt-im-verwaltungsrat\/","url":"https:\/\/www.m-q.ch\/corporate-governance-beginnt-im-verwaltungsrat\/","name":"\u00abCorporate Governance beginnt im Verwaltungsrat\u00bb - MQ Management und Qualit\u00e4t","isPartOf":{"@id":"https:\/\/www.m-q.ch\/fr\/#website"},"primaryImageOfPage":{"@id":"https:\/\/www.m-q.ch\/corporate-governance-beginnt-im-verwaltungsrat\/#primaryimage"},"image":{"@id":"https:\/\/www.m-q.ch\/corporate-governance-beginnt-im-verwaltungsrat\/#primaryimage"},"thumbnailUrl":"https:\/\/www.m-q.ch\/wp-content\/uploads\/2021\/02\/Corporate-Governance-beginnt-im-Verwaltungsrat.jpg","datePublished":"2016-11-05T13:20:53+00:00","dateModified":"2021-02-15T13:31:34+00:00","description":"Schon 2003 hat die vbl Luzern AG deshalb pionierhaft das SQS-Label \u00abBest Board Practice\u00bb evaluiert und eingef\u00fchrt. R\u00fcckblickend sagt Dr. Norbert Schmassmann, CEO der vbl Luzern: \u00abWir fahren gut damit \u2013 seit \u00fcber 10 Jahren.\u00bb","breadcrumb":{"@id":"https:\/\/www.m-q.ch\/corporate-governance-beginnt-im-verwaltungsrat\/#breadcrumb"},"inLanguage":"de","potentialAction":[{"@type":"ReadAction","target":["https:\/\/www.m-q.ch\/corporate-governance-beginnt-im-verwaltungsrat\/"]}]},{"@type":"ImageObject","inLanguage":"de","@id":"https:\/\/www.m-q.ch\/corporate-governance-beginnt-im-verwaltungsrat\/#primaryimage","url":"https:\/\/www.m-q.ch\/wp-content\/uploads\/2021\/02\/Corporate-Governance-beginnt-im-Verwaltungsrat.jpg","contentUrl":"https:\/\/www.m-q.ch\/wp-content\/uploads\/2021\/02\/Corporate-Governance-beginnt-im-Verwaltungsrat.jpg","width":858,"height":593,"caption":"\u00abCorporate Governance beginnt im Verwaltungsrat\u00bb"},{"@type":"BreadcrumbList","@id":"https:\/\/www.m-q.ch\/corporate-governance-beginnt-im-verwaltungsrat\/#breadcrumb","itemListElement":[{"@type":"ListItem","position":1,"name":"Business Excellence","item":"https:\/\/www.m-q.ch\/kategorie\/business_excellence\/"},{"@type":"ListItem","position":2,"name":"\u00abCorporate Governance beginnt im Verwaltungsrat\u00bb"}]},{"@type":"WebSite","@id":"https:\/\/www.m-q.ch\/fr\/#website","url":"https:\/\/www.m-q.ch\/fr\/","name":"MQ Management und Qualit\u00e4t","description":"Plattform f\u00fcr integrierte Managementsysteme.","publisher":{"@id":"https:\/\/www.m-q.ch\/fr\/#organization"},"potentialAction":[{"@type":"SearchAction","target":{"@type":"EntryPoint","urlTemplate":"https:\/\/www.m-q.ch\/fr\/?s={search_term_string}"},"query-input":{"@type":"PropertyValueSpecification","valueRequired":true,"valueName":"search_term_string"}}],"inLanguage":"de"},{"@type":"Organization","@id":"https:\/\/www.m-q.ch\/fr\/#organization","name":"Galledia Fachmedien AG","url":"https:\/\/www.m-q.ch\/fr\/","logo":{"@type":"ImageObject","inLanguage":"de","@id":"https:\/\/www.m-q.ch\/fr\/#\/schema\/logo\/image\/","url":"https:\/\/www.m-q.ch\/wp-content\/uploads\/2020\/12\/cropped-logo_small.png","contentUrl":"https:\/\/www.m-q.ch\/wp-content\/uploads\/2020\/12\/cropped-logo_small.png","width":512,"height":512,"caption":"Galledia Fachmedien AG"},"image":{"@id":"https:\/\/www.m-q.ch\/fr\/#\/schema\/logo\/image\/"},"sameAs":["https:\/\/www.facebook.com\/ManagementUndQualitaet","https:\/\/www.linkedin.com\/showcase\/17982321\/admin\/"]},{"@type":"Person","@id":"https:\/\/www.m-q.ch\/fr\/#\/schema\/person\/0bdf39ca27d0b9b779f5b8af54b3f7d7","name":"upwork_1","image":{"@type":"ImageObject","inLanguage":"de","@id":"https:\/\/www.m-q.ch\/fr\/#\/schema\/person\/image\/","url":"https:\/\/secure.gravatar.com\/avatar\/04d4d0fdc5886d535809f17d0eace7f6?s=96&d=mm&r=g","contentUrl":"https:\/\/secure.gravatar.com\/avatar\/04d4d0fdc5886d535809f17d0eace7f6?s=96&d=mm&r=g","caption":"upwork_1"},"url":"https:\/\/www.m-q.ch\/de\/author\/upwork_1\/"}]}},"_links":{"self":[{"href":"https:\/\/www.m-q.ch\/de\/wp-json\/wp\/v2\/posts\/12082","targetHints":{"allow":["GET"]}}],"collection":[{"href":"https:\/\/www.m-q.ch\/de\/wp-json\/wp\/v2\/posts"}],"about":[{"href":"https:\/\/www.m-q.ch\/de\/wp-json\/wp\/v2\/types\/post"}],"author":[{"embeddable":true,"href":"https:\/\/www.m-q.ch\/de\/wp-json\/wp\/v2\/users\/66"}],"replies":[{"embeddable":true,"href":"https:\/\/www.m-q.ch\/de\/wp-json\/wp\/v2\/comments?post=12082"}],"version-history":[{"count":1,"href":"https:\/\/www.m-q.ch\/de\/wp-json\/wp\/v2\/posts\/12082\/revisions"}],"predecessor-version":[{"id":12089,"href":"https:\/\/www.m-q.ch\/de\/wp-json\/wp\/v2\/posts\/12082\/revisions\/12089"}],"wp:featuredmedia":[{"embeddable":true,"href":"https:\/\/www.m-q.ch\/de\/wp-json\/wp\/v2\/media\/12084"}],"wp:attachment":[{"href":"https:\/\/www.m-q.ch\/de\/wp-json\/wp\/v2\/media?parent=12082"}],"wp:term":[{"taxonomy":"category","embeddable":true,"href":"https:\/\/www.m-q.ch\/de\/wp-json\/wp\/v2\/categories?post=12082"},{"taxonomy":"post_tag","embeddable":true,"href":"https:\/\/www.m-q.ch\/de\/wp-json\/wp\/v2\/tags?post=12082"}],"curies":[{"name":"wp","href":"https:\/\/api.w.org\/{rel}","templated":true}]}}