{"id":12099,"date":"2016-11-09T14:43:52","date_gmt":"2016-11-09T13:43:52","guid":{"rendered":"https:\/\/www.m-q.ch\/?p=12099"},"modified":"2021-02-15T14:56:39","modified_gmt":"2021-02-15T13:56:39","slug":"lohnt-sich-in-jedem-fall","status":"publish","type":"post","link":"https:\/\/www.m-q.ch\/de\/lohnt-sich-in-jedem-fall\/","title":{"rendered":"\u00abLohnt sich in jedem Fall\u00bb"},"content":{"rendered":"<p><img loading=\"lazy\" decoding=\"async\" class=\"alignnone size-full wp-image-12101\" src=\"https:\/\/www.m-q.ch\/wp-content\/uploads\/2021\/02\/Lohnt-sich-in-jedem-Fall.jpg\" alt=\"\u00abLohnt sich in jedem Fall\u00bb\" width=\"855\" height=\"652\" srcset=\"https:\/\/www.m-q.ch\/wp-content\/uploads\/2021\/02\/Lohnt-sich-in-jedem-Fall.jpg 855w, https:\/\/www.m-q.ch\/wp-content\/uploads\/2021\/02\/Lohnt-sich-in-jedem-Fall-768x586.jpg 768w, https:\/\/www.m-q.ch\/wp-content\/uploads\/2021\/02\/Lohnt-sich-in-jedem-Fall-16x12.jpg 16w, https:\/\/www.m-q.ch\/wp-content\/uploads\/2021\/02\/Lohnt-sich-in-jedem-Fall-229x175.jpg 229w, https:\/\/www.m-q.ch\/wp-content\/uploads\/2021\/02\/Lohnt-sich-in-jedem-Fall-459x350.jpg 459w, https:\/\/www.m-q.ch\/wp-content\/uploads\/2021\/02\/Lohnt-sich-in-jedem-Fall-300x229.jpg 300w\" sizes=\"auto, (max-width: 855px) 100vw, 855px\" \/><\/p>\n<p>&nbsp;<\/p>\n<p>&nbsp;<\/p>\n<p>&nbsp;<\/p>\n<p><em><strong>S<\/strong><\/em>ie ist ein sogenannt \u00abweicher Faktor\u00bb: Die soziale und \u00f6kologische Verantwortung eines Unternehmens. Entsprechend schwer mit diesem Begriff tun sich jene, die hinter allem und jedem letztlich eine monet\u00e4re oder anderweitig messbare Gr\u00f6sse verlangen. Doch Corporate Social Responsibility wird immer mehr zu einem wichtigen Erfolgsfaktor f\u00fcr Unternehmen, wie wir im Gespr\u00e4ch mit Prof. Dr. J\u00fcrg Krummenacher erfahren. Er ist Dozent am Institut f\u00fcr Betriebs- und Regional\u00f6konomie IBR der Hochschule Luzern und leitet dort das Kompetenzzentrum Public and Nonprofit Management. Als Studiengangsleiter des CAS Corporate Social Responsibility befasst er sich intensiv mit praktischen Fragen rund um dieses Thema.<\/p>\n<p><strong>Es gibt zwar eine Norm bzw. einen Leitfaden ISO 26000 zu Corporate Social Responsibility, zertifizierbar ist dieser Standard jedoch nicht. Inwiefern ist CSR also bloss \u00abnice to have\u00bb? Oder worin besteht denn die Relevanz von CSR f\u00fcr Unternehmen?<\/strong><\/p>\n<p>&nbsp;<\/p>\n<p>J\u00fcrg Krummenacher: Fragen rund um die gesellschaftliche Verantwortung der Unternehmensf\u00fchrung haben an Bedeutung gewonnen. Immer mehr Konsumenten achten beispielsweise darauf, dass die Firmen, bei denen sie einkaufen, sozial verantwortlich handeln und umweltgerecht hergestellte Produkte anbieten. Dies zu gew\u00e4hrleisten, geh\u00f6rt heute zu einer verantwortungsvollen Unternehmensf\u00fchrung.<\/p>\n<p><strong>Wie kann diese Corporate Social Responsibility etwa f\u00fcr ein KMU konkret aussehen?<\/strong><\/p>\n<p>&nbsp;<\/p>\n<p>F\u00fcr mich f\u00e4ngt CSR im Betrieb an. Es gilt, den Mitarbeitenden Sorge zu tragen, faire Anstellungsbedingungen zu bieten oder auch eine gute Vereinbarkeit von Beruf und Familie zu erm\u00f6glichen. Die M\u00f6glichkeit von Teilzeit-Arbeit geh\u00f6rt f\u00fcr mich ebenfalls dazu sowie die Unterst\u00fctzung von Mitarbeitenden, die sich in der Freiwilligenarbeit engagieren. Vieles davon geht oft vergessen, geh\u00f6rt aber zur sozial verantwortlichen Unternehmensf\u00fchrung. Aber auch der schonende Umgang mit Ressourcen geh\u00f6rt dazu sowie eine \u00f6kologisch vertr\u00e4gliche Lieferkette. Ferner k\u00f6nnen sich Unternehmen auch aktiv selbst freiwillig engagieren, etwa, indem sie Arbeitstage f\u00fcr Freiwilligenarbeit zur Verf\u00fcgung stellen, eigene Aktionstage, z. B. Eins\u00e4tze zugunsten der Umwelt durchf\u00fchren, oder auch soziale Einrichtungen durch Spenden unterst\u00fctzen. Das Vergeben von Auftr\u00e4gen an Behindertenwerkst\u00e4tten ist eine weitere M\u00f6glichkeit, soziale Verantwortung aktiv zu zeigen. Sie sehen: Es gibt verschiedenste Formen.<\/p>\n<p><strong>Wie sehen Sie dies in der Praxis? Sind Schweizer Unternehmen diesbez\u00fcglich gut \u00abunterwegs\u00bb?<\/strong><\/p>\n<p>&nbsp;<\/p>\n<p>In meinem Umfeld stelle ich fest, dass das Bewusstsein f\u00fcr soziale Verantwortung gewachsen ist. Im Kanton Luzern etwa existiert ein eigenes Netzwerk \u00abUnternehmen mit Verantwortung\u00bb. Zugegeben: Es w\u00fcrde noch einiges mehr drin liegen. Aber insgesamt ist das Interesse an CSR-Aktivit\u00e4ten gross.<\/p>\n<p>&nbsp;<\/p>\n<p><strong>Ist es nicht so, dass Unternehmen halt \u00fcberall auch einen \u00abReturn on Investment\u00bb sehen wollen, auch bei ihren sozialen Aktivit\u00e4ten? Anders gefragt:<\/strong><\/p>\n<p><strong>Lohnt sich CSR \u00fcberhaupt und wenn ja, wie?<\/strong><\/p>\n<p>&nbsp;<\/p>\n<p>Corporate Social Responsibility lohnt sich in jedem Fall. Nehmen wir etwa das Beispiel, den Stromverbrauch zu reduzieren. Dies wirkt sich unmittelbar monet\u00e4r aus. Oder auch ein gutes Arbeitsklima: Es kommt zu weniger Absentismus, man hat insgesamt ges\u00fcndere Mitarbeitende. Und die Personalfluktuation nimmt ab. Wer ein positives Image transportieren kann, gilt als attraktiver Arbeitgeber. Dies alles wird in Zukunft immer wichtiger werden.<\/p>\n<p><strong>Aber lassen sich die Auswirkungen auch beziffern?<\/strong><\/p>\n<p>&nbsp;<\/p>\n<p>Durchaus. Die Swisscom etwa bietet ihren Kunden eine neue TV-Box, die um 40 Prozent weniger Strom verbraucht als die alte Version. Das Unternehmen zeigt damit, dass es \u00f6kologische Verantwortung \u00fcbernimmt, die auch messbar ist.<\/p>\n<p><strong>Die Hochschule Luzern bietet nun einen CAS Corporate Social Responsibility an. Worin bestehen die wichtigsten Eckpfeiler?<\/strong><\/p>\n<p>&nbsp;<\/p>\n<p>Unser CAS ist inzwischen sehr erfolgreich; derzeit nehmen 23 Personen daran teil. Wir k\u00f6nnen fast schon von einer Art \u00abLuzerner Modell\u00bb sprechen, denn nur die ZHAW bietet neben uns einen vergleichbaren CAS. Dieser ist jedoch mehr auf Sozialmanagement ausgerichtet. In unserem Luzerner CAS legen wir Wert darauf, zu vermitteln, dass CSR ein Teil der Management-Aufgabe und als solcher nicht delegierbar ist. Gleichwertig wie die soziale Verantwortung wird auch die \u00f6kologische Nachhaltigkeit behandelt. Zudem werden auch Aspekte der \u00f6konomischen Nachhaltigkeit beleuchtet. Die Referenten kommen abgesehen von Dozierenden aus unterschiedlichen Departementen der Hochschule Luzern, alle aus der Privatwirtschaft oder von staatlichen wie auch von Non-Profit-Organisationen.<\/p>\n<p><strong>Als Teil der Management-Aufgabe: Wie l\u00e4sst sich CSR in Management-Systeme einbauen?<\/strong><\/p>\n<p>&nbsp;<\/p>\n<p>Es muss in erster Linie darum gehen, soziale Verantwortung strategisch anzugehen. Das heisst: Zun\u00e4chst gilt es zu analysieren, wo ein Unternehmen steht, und Chancen und Risiken zu identifizieren. Daraus muss dann die CSR-Strategie entwickelt werden, entweder separat oder als Teil der Gesamt-Unternehmensstrategie. Wichtig ist immer auch ein Monitoring.<\/p>\n<p><strong>Oft werden ja sch\u00f6ne Konzepte ausgearbeitet, die dann aber irgendwo in einer Schublade verschwinden. Wie erleben Sie dies in Ihrem Erfahrungsbereich? Ist dem so?<\/strong><\/p>\n<p>&nbsp;<\/p>\n<p>Wir sehen, dass jene Unternehmen, welche CSR praktizieren, sehr bewusst damit arbeiten. Auch monet\u00e4re Kennzahlen werden ausgewiesen.<\/p>\n<p><strong>Welche Rolle spielen nun Standards wie ISO 26000 oder SA8000?<\/strong><\/p>\n<p>&nbsp;<\/p>\n<p>Klar werden diese bei uns auch unterrichtet. SA8000 ist ein internationaler Standard f\u00fcr Arbeitsbedingungen, definiert durch die ILO (International Labour Organization). Die Richtlinien gem\u00e4ss UN Global Compact sind f\u00fcr uns ebenfalls wichtig und werden auch geschult. Es ist aber Sache der Unternehmen, welchen Standards dann gefolgt werden soll.<\/p>\n<p>&nbsp;<\/p>\n<p><em><strong>Insgesamt ist das Interesse an CSRAktivit\u00e4ten gross.<\/strong><\/em><\/p>\n<p><strong>Wie sehen Sie die Verbindlichkeit, solchen Standards zu folgen? Ist das Prinzip der Freiwilligkeit ein taugliches Mittel oder braucht es dennoch einen gewissen regulatorischen Druck?<\/strong><\/p>\n<p>&nbsp;<\/p>\n<p>Die Freiwilligkeit halte ich grunds\u00e4tzlich f\u00fcr gut. Schwarze Schafe gibt es leider \u00fcberall, ich denke da etwa an die Rohstoff-Industrie. Umstritten ist dort die Frage, wie die Haftung bei massiven Umweltsch\u00e4den aussehen soll. Da steht auch die Schweiz als wichtige Drehscheibe des Rohstoff-Handels in der Verantwortung. Darin liegt auch der Grund f\u00fcr die Volksinitiative \u00abF\u00fcr verantwortungsvolle Unternehmen \u2013 zum Schutz von Mensch und Umwelt\u00bb, \u00fcber die wir voraussichtlich in ein bis zwei Jahren abstimmen d\u00fcrfen.<\/p>\n<p><strong>Abgesehen davon, was passiert, wenn diese Initiative angenommen w\u00fcrde: Wie k\u00f6nnen Unternehmen CSR \u00ablernen\u00bb? Was kann hier ein CAS wie jener der HSLU wirklich vermitteln?<\/strong><\/p>\n<p>&nbsp;<\/p>\n<p>Der Vorteil unseres CAS besteht in einem umfassenden \u00dcberblick \u00fcber Instrumente der CSR, auch vermittelt er viel Reflexion \u00fcber das eigene Verhalten. Wir f\u00fchren das CAS inzwischen zum vierten Mal durch. Das Echo aus den Unternehmenskreisen ist \u00e4usserst positiv; bereits 80 Absolventen haben den Lehrgang abgeschlossen.<\/p>\n<p><strong>Diese Zahl scheint mir aber angesichts der \u00fcber 500 000 KMU in der Schweiz recht tief zu sein.<\/strong><\/p>\n<p>&nbsp;<\/p>\n<p>Nun ja, die Anforderungen an das CAS sind auch recht hoch. Das schr\u00e4nkt schon mal ein. Man muss auch sehen, dass tendenziell eher Personen aus gr\u00f6sseren Organisationen diesen Lehrgang belegen, weniger aus Kleinunternehmen. Kommt hinzu, dass es auch andere Zug\u00e4nge zu CSR gibt, auch on-the-job. Ich stelle aber insgesamt fest, dass die Nachfrage zu diesem Thema steigt.<\/p>\n","protected":false},"excerpt":{"rendered":"<p>&nbsp; &nbsp; &nbsp; Sie ist ein sogenannt \u00abweicher Faktor\u00bb: Die soziale und \u00f6kologische Verantwortung eines Unternehmens. Entsprechend schwer mit diesem Begriff tun sich jene, die hinter allem und jedem letztlich eine monet\u00e4re oder anderweitig messbare Gr\u00f6sse verlangen. Doch Corporate Social Responsibility wird immer mehr zu einem wichtigen Erfolgsfaktor f\u00fcr Unternehmen, wie wir im Gespr\u00e4ch mit [&hellip;]<\/p>\n","protected":false},"author":66,"featured_media":12101,"comment_status":"closed","ping_status":"closed","sticky":false,"template":"","format":"standard","meta":{"_acf_changed":false,"footnotes":""},"categories":[5],"tags":[4791],"class_list":["post-12099","post","type-post","status-publish","format-standard","has-post-thumbnail","hentry","category-business_excellence","tag-11-2016"],"acf":[],"yoast_head":"<!-- This site is optimized with the Yoast SEO plugin v26.2 - https:\/\/yoast.com\/wordpress\/plugins\/seo\/ -->\n<title>\u00abLohnt sich in jedem Fall\u00bb - MQ Management und Qualit\u00e4t<\/title>\n<meta name=\"description\" content=\"Nehmen Unternehmen ihre soziale Verantwortung gen\u00fcgend wahr? Oder sind die unz\u00e4hligen Bekenntnisse zu Nachhaltigkeit und \u00d6kologie nur Staffage f\u00fcr ein positives Image? Dass Corporate Social Responsibility heute Teil einer Unternehmensstrategie sein muss, ist f\u00fcr viele noch nicht selbstverst\u00e4ndlich \u2013 aber f\u00fcr immer mehr\" \/>\n<meta name=\"robots\" content=\"index, follow, max-snippet:-1, max-image-preview:large, max-video-preview:-1\" \/>\n<link rel=\"canonical\" href=\"https:\/\/www.m-q.ch\/de\/lohnt-sich-in-jedem-fall\/\" \/>\n<meta property=\"og:locale\" content=\"de_DE\" \/>\n<meta property=\"og:type\" content=\"article\" \/>\n<meta property=\"og:title\" content=\"\u00abLohnt sich in jedem Fall\u00bb - MQ Management und Qualit\u00e4t\" \/>\n<meta property=\"og:description\" content=\"Nehmen Unternehmen ihre soziale Verantwortung gen\u00fcgend wahr? Oder sind die unz\u00e4hligen Bekenntnisse zu Nachhaltigkeit und \u00d6kologie nur Staffage f\u00fcr ein positives Image? Dass Corporate Social Responsibility heute Teil einer Unternehmensstrategie sein muss, ist f\u00fcr viele noch nicht selbstverst\u00e4ndlich \u2013 aber f\u00fcr immer mehr\" \/>\n<meta property=\"og:url\" content=\"https:\/\/www.m-q.ch\/de\/lohnt-sich-in-jedem-fall\/\" \/>\n<meta property=\"og:site_name\" content=\"MQ Management und Qualit\u00e4t\" \/>\n<meta property=\"article:publisher\" content=\"https:\/\/www.facebook.com\/ManagementUndQualitaet\" \/>\n<meta property=\"article:published_time\" content=\"2016-11-09T13:43:52+00:00\" \/>\n<meta property=\"article:modified_time\" content=\"2021-02-15T13:56:39+00:00\" \/>\n<meta property=\"og:image\" content=\"https:\/\/www.m-q.ch\/wp-content\/uploads\/2021\/02\/Lohnt-sich-in-jedem-Fall.jpg\" \/>\n\t<meta property=\"og:image:width\" content=\"855\" \/>\n\t<meta property=\"og:image:height\" content=\"652\" \/>\n\t<meta property=\"og:image:type\" content=\"image\/jpeg\" \/>\n<meta name=\"author\" content=\"upwork_1\" \/>\n<meta name=\"twitter:card\" content=\"summary_large_image\" \/>\n<meta name=\"twitter:label1\" content=\"Verfasst von\" \/>\n\t<meta name=\"twitter:data1\" content=\"upwork_1\" \/>\n\t<meta name=\"twitter:label2\" content=\"Gesch\u00e4tzte Lesezeit\" \/>\n\t<meta name=\"twitter:data2\" content=\"6\u00a0Minuten\" \/>\n<script type=\"application\/ld+json\" class=\"yoast-schema-graph\">{\"@context\":\"https:\/\/schema.org\",\"@graph\":[{\"@type\":\"Article\",\"@id\":\"https:\/\/www.m-q.ch\/lohnt-sich-in-jedem-fall\/#article\",\"isPartOf\":{\"@id\":\"https:\/\/www.m-q.ch\/lohnt-sich-in-jedem-fall\/\"},\"author\":{\"name\":\"upwork_1\",\"@id\":\"https:\/\/www.m-q.ch\/fr\/#\/schema\/person\/0bdf39ca27d0b9b779f5b8af54b3f7d7\"},\"headline\":\"\u00abLohnt sich in jedem Fall\u00bb\",\"datePublished\":\"2016-11-09T13:43:52+00:00\",\"dateModified\":\"2021-02-15T13:56:39+00:00\",\"mainEntityOfPage\":{\"@id\":\"https:\/\/www.m-q.ch\/lohnt-sich-in-jedem-fall\/\"},\"wordCount\":1113,\"publisher\":{\"@id\":\"https:\/\/www.m-q.ch\/fr\/#organization\"},\"image\":{\"@id\":\"https:\/\/www.m-q.ch\/lohnt-sich-in-jedem-fall\/#primaryimage\"},\"thumbnailUrl\":\"https:\/\/www.m-q.ch\/wp-content\/uploads\/2021\/02\/Lohnt-sich-in-jedem-Fall.jpg\",\"keywords\":[\"11\/2016\"],\"articleSection\":[\"Business Excellence\"],\"inLanguage\":\"de\"},{\"@type\":\"WebPage\",\"@id\":\"https:\/\/www.m-q.ch\/lohnt-sich-in-jedem-fall\/\",\"url\":\"https:\/\/www.m-q.ch\/lohnt-sich-in-jedem-fall\/\",\"name\":\"\u00abLohnt sich in jedem Fall\u00bb - MQ Management und Qualit\u00e4t\",\"isPartOf\":{\"@id\":\"https:\/\/www.m-q.ch\/fr\/#website\"},\"primaryImageOfPage\":{\"@id\":\"https:\/\/www.m-q.ch\/lohnt-sich-in-jedem-fall\/#primaryimage\"},\"image\":{\"@id\":\"https:\/\/www.m-q.ch\/lohnt-sich-in-jedem-fall\/#primaryimage\"},\"thumbnailUrl\":\"https:\/\/www.m-q.ch\/wp-content\/uploads\/2021\/02\/Lohnt-sich-in-jedem-Fall.jpg\",\"datePublished\":\"2016-11-09T13:43:52+00:00\",\"dateModified\":\"2021-02-15T13:56:39+00:00\",\"description\":\"Nehmen Unternehmen ihre soziale Verantwortung gen\u00fcgend wahr? Oder sind die unz\u00e4hligen Bekenntnisse zu Nachhaltigkeit und \u00d6kologie nur Staffage f\u00fcr ein positives Image? Dass Corporate Social Responsibility heute Teil einer Unternehmensstrategie sein muss, ist f\u00fcr viele noch nicht selbstverst\u00e4ndlich \u2013 aber f\u00fcr immer mehr\",\"breadcrumb\":{\"@id\":\"https:\/\/www.m-q.ch\/lohnt-sich-in-jedem-fall\/#breadcrumb\"},\"inLanguage\":\"de\",\"potentialAction\":[{\"@type\":\"ReadAction\",\"target\":[\"https:\/\/www.m-q.ch\/lohnt-sich-in-jedem-fall\/\"]}]},{\"@type\":\"ImageObject\",\"inLanguage\":\"de\",\"@id\":\"https:\/\/www.m-q.ch\/lohnt-sich-in-jedem-fall\/#primaryimage\",\"url\":\"https:\/\/www.m-q.ch\/wp-content\/uploads\/2021\/02\/Lohnt-sich-in-jedem-Fall.jpg\",\"contentUrl\":\"https:\/\/www.m-q.ch\/wp-content\/uploads\/2021\/02\/Lohnt-sich-in-jedem-Fall.jpg\",\"width\":855,\"height\":652,\"caption\":\"\u00abLohnt sich in jedem Fall\u00bb\"},{\"@type\":\"BreadcrumbList\",\"@id\":\"https:\/\/www.m-q.ch\/lohnt-sich-in-jedem-fall\/#breadcrumb\",\"itemListElement\":[{\"@type\":\"ListItem\",\"position\":1,\"name\":\"Business Excellence\",\"item\":\"https:\/\/www.m-q.ch\/kategorie\/business_excellence\/\"},{\"@type\":\"ListItem\",\"position\":2,\"name\":\"\u00abLohnt sich in jedem Fall\u00bb\"}]},{\"@type\":\"WebSite\",\"@id\":\"https:\/\/www.m-q.ch\/fr\/#website\",\"url\":\"https:\/\/www.m-q.ch\/fr\/\",\"name\":\"MQ Management und Qualit\u00e4t\",\"description\":\"Plattform f\u00fcr integrierte Managementsysteme.\",\"publisher\":{\"@id\":\"https:\/\/www.m-q.ch\/fr\/#organization\"},\"potentialAction\":[{\"@type\":\"SearchAction\",\"target\":{\"@type\":\"EntryPoint\",\"urlTemplate\":\"https:\/\/www.m-q.ch\/fr\/?s={search_term_string}\"},\"query-input\":{\"@type\":\"PropertyValueSpecification\",\"valueRequired\":true,\"valueName\":\"search_term_string\"}}],\"inLanguage\":\"de\"},{\"@type\":\"Organization\",\"@id\":\"https:\/\/www.m-q.ch\/fr\/#organization\",\"name\":\"Galledia Fachmedien AG\",\"url\":\"https:\/\/www.m-q.ch\/fr\/\",\"logo\":{\"@type\":\"ImageObject\",\"inLanguage\":\"de\",\"@id\":\"https:\/\/www.m-q.ch\/fr\/#\/schema\/logo\/image\/\",\"url\":\"https:\/\/www.m-q.ch\/wp-content\/uploads\/2020\/12\/cropped-logo_small.png\",\"contentUrl\":\"https:\/\/www.m-q.ch\/wp-content\/uploads\/2020\/12\/cropped-logo_small.png\",\"width\":512,\"height\":512,\"caption\":\"Galledia Fachmedien AG\"},\"image\":{\"@id\":\"https:\/\/www.m-q.ch\/fr\/#\/schema\/logo\/image\/\"},\"sameAs\":[\"https:\/\/www.facebook.com\/ManagementUndQualitaet\",\"https:\/\/www.linkedin.com\/showcase\/17982321\/admin\/\"]},{\"@type\":\"Person\",\"@id\":\"https:\/\/www.m-q.ch\/fr\/#\/schema\/person\/0bdf39ca27d0b9b779f5b8af54b3f7d7\",\"name\":\"upwork_1\",\"image\":{\"@type\":\"ImageObject\",\"inLanguage\":\"de\",\"@id\":\"https:\/\/www.m-q.ch\/fr\/#\/schema\/person\/image\/\",\"url\":\"https:\/\/secure.gravatar.com\/avatar\/04d4d0fdc5886d535809f17d0eace7f6?s=96&d=mm&r=g\",\"contentUrl\":\"https:\/\/secure.gravatar.com\/avatar\/04d4d0fdc5886d535809f17d0eace7f6?s=96&d=mm&r=g\",\"caption\":\"upwork_1\"},\"url\":\"https:\/\/www.m-q.ch\/de\/author\/upwork_1\/\"}]}<\/script>\n<!-- \/ Yoast SEO plugin. -->","yoast_head_json":{"title":"\u00abLohnt sich in jedem Fall\u00bb - MQ Management und Qualit\u00e4t","description":"Nehmen Unternehmen ihre soziale Verantwortung gen\u00fcgend wahr? Oder sind die unz\u00e4hligen Bekenntnisse zu Nachhaltigkeit und \u00d6kologie nur Staffage f\u00fcr ein positives Image? Dass Corporate Social Responsibility heute Teil einer Unternehmensstrategie sein muss, ist f\u00fcr viele noch nicht selbstverst\u00e4ndlich \u2013 aber f\u00fcr immer mehr","robots":{"index":"index","follow":"follow","max-snippet":"max-snippet:-1","max-image-preview":"max-image-preview:large","max-video-preview":"max-video-preview:-1"},"canonical":"https:\/\/www.m-q.ch\/de\/lohnt-sich-in-jedem-fall\/","og_locale":"de_DE","og_type":"article","og_title":"\u00abLohnt sich in jedem Fall\u00bb - MQ Management und Qualit\u00e4t","og_description":"Nehmen Unternehmen ihre soziale Verantwortung gen\u00fcgend wahr? Oder sind die unz\u00e4hligen Bekenntnisse zu Nachhaltigkeit und \u00d6kologie nur Staffage f\u00fcr ein positives Image? Dass Corporate Social Responsibility heute Teil einer Unternehmensstrategie sein muss, ist f\u00fcr viele noch nicht selbstverst\u00e4ndlich \u2013 aber f\u00fcr immer mehr","og_url":"https:\/\/www.m-q.ch\/de\/lohnt-sich-in-jedem-fall\/","og_site_name":"MQ Management und Qualit\u00e4t","article_publisher":"https:\/\/www.facebook.com\/ManagementUndQualitaet","article_published_time":"2016-11-09T13:43:52+00:00","article_modified_time":"2021-02-15T13:56:39+00:00","og_image":[{"width":855,"height":652,"url":"https:\/\/www.m-q.ch\/wp-content\/uploads\/2021\/02\/Lohnt-sich-in-jedem-Fall.jpg","type":"image\/jpeg"}],"author":"upwork_1","twitter_card":"summary_large_image","twitter_misc":{"Verfasst von":"upwork_1","Gesch\u00e4tzte Lesezeit":"6\u00a0Minuten"},"schema":{"@context":"https:\/\/schema.org","@graph":[{"@type":"Article","@id":"https:\/\/www.m-q.ch\/lohnt-sich-in-jedem-fall\/#article","isPartOf":{"@id":"https:\/\/www.m-q.ch\/lohnt-sich-in-jedem-fall\/"},"author":{"name":"upwork_1","@id":"https:\/\/www.m-q.ch\/fr\/#\/schema\/person\/0bdf39ca27d0b9b779f5b8af54b3f7d7"},"headline":"\u00abLohnt sich in jedem Fall\u00bb","datePublished":"2016-11-09T13:43:52+00:00","dateModified":"2021-02-15T13:56:39+00:00","mainEntityOfPage":{"@id":"https:\/\/www.m-q.ch\/lohnt-sich-in-jedem-fall\/"},"wordCount":1113,"publisher":{"@id":"https:\/\/www.m-q.ch\/fr\/#organization"},"image":{"@id":"https:\/\/www.m-q.ch\/lohnt-sich-in-jedem-fall\/#primaryimage"},"thumbnailUrl":"https:\/\/www.m-q.ch\/wp-content\/uploads\/2021\/02\/Lohnt-sich-in-jedem-Fall.jpg","keywords":["11\/2016"],"articleSection":["Business Excellence"],"inLanguage":"de"},{"@type":"WebPage","@id":"https:\/\/www.m-q.ch\/lohnt-sich-in-jedem-fall\/","url":"https:\/\/www.m-q.ch\/lohnt-sich-in-jedem-fall\/","name":"\u00abLohnt sich in jedem Fall\u00bb - MQ Management und Qualit\u00e4t","isPartOf":{"@id":"https:\/\/www.m-q.ch\/fr\/#website"},"primaryImageOfPage":{"@id":"https:\/\/www.m-q.ch\/lohnt-sich-in-jedem-fall\/#primaryimage"},"image":{"@id":"https:\/\/www.m-q.ch\/lohnt-sich-in-jedem-fall\/#primaryimage"},"thumbnailUrl":"https:\/\/www.m-q.ch\/wp-content\/uploads\/2021\/02\/Lohnt-sich-in-jedem-Fall.jpg","datePublished":"2016-11-09T13:43:52+00:00","dateModified":"2021-02-15T13:56:39+00:00","description":"Nehmen Unternehmen ihre soziale Verantwortung gen\u00fcgend wahr? Oder sind die unz\u00e4hligen Bekenntnisse zu Nachhaltigkeit und \u00d6kologie nur Staffage f\u00fcr ein positives Image? Dass Corporate Social Responsibility heute Teil einer Unternehmensstrategie sein muss, ist f\u00fcr viele noch nicht selbstverst\u00e4ndlich \u2013 aber f\u00fcr immer mehr","breadcrumb":{"@id":"https:\/\/www.m-q.ch\/lohnt-sich-in-jedem-fall\/#breadcrumb"},"inLanguage":"de","potentialAction":[{"@type":"ReadAction","target":["https:\/\/www.m-q.ch\/lohnt-sich-in-jedem-fall\/"]}]},{"@type":"ImageObject","inLanguage":"de","@id":"https:\/\/www.m-q.ch\/lohnt-sich-in-jedem-fall\/#primaryimage","url":"https:\/\/www.m-q.ch\/wp-content\/uploads\/2021\/02\/Lohnt-sich-in-jedem-Fall.jpg","contentUrl":"https:\/\/www.m-q.ch\/wp-content\/uploads\/2021\/02\/Lohnt-sich-in-jedem-Fall.jpg","width":855,"height":652,"caption":"\u00abLohnt sich in jedem Fall\u00bb"},{"@type":"BreadcrumbList","@id":"https:\/\/www.m-q.ch\/lohnt-sich-in-jedem-fall\/#breadcrumb","itemListElement":[{"@type":"ListItem","position":1,"name":"Business Excellence","item":"https:\/\/www.m-q.ch\/kategorie\/business_excellence\/"},{"@type":"ListItem","position":2,"name":"\u00abLohnt sich in jedem Fall\u00bb"}]},{"@type":"WebSite","@id":"https:\/\/www.m-q.ch\/fr\/#website","url":"https:\/\/www.m-q.ch\/fr\/","name":"MQ Management und Qualit\u00e4t","description":"Plattform f\u00fcr integrierte Managementsysteme.","publisher":{"@id":"https:\/\/www.m-q.ch\/fr\/#organization"},"potentialAction":[{"@type":"SearchAction","target":{"@type":"EntryPoint","urlTemplate":"https:\/\/www.m-q.ch\/fr\/?s={search_term_string}"},"query-input":{"@type":"PropertyValueSpecification","valueRequired":true,"valueName":"search_term_string"}}],"inLanguage":"de"},{"@type":"Organization","@id":"https:\/\/www.m-q.ch\/fr\/#organization","name":"Galledia Fachmedien AG","url":"https:\/\/www.m-q.ch\/fr\/","logo":{"@type":"ImageObject","inLanguage":"de","@id":"https:\/\/www.m-q.ch\/fr\/#\/schema\/logo\/image\/","url":"https:\/\/www.m-q.ch\/wp-content\/uploads\/2020\/12\/cropped-logo_small.png","contentUrl":"https:\/\/www.m-q.ch\/wp-content\/uploads\/2020\/12\/cropped-logo_small.png","width":512,"height":512,"caption":"Galledia Fachmedien AG"},"image":{"@id":"https:\/\/www.m-q.ch\/fr\/#\/schema\/logo\/image\/"},"sameAs":["https:\/\/www.facebook.com\/ManagementUndQualitaet","https:\/\/www.linkedin.com\/showcase\/17982321\/admin\/"]},{"@type":"Person","@id":"https:\/\/www.m-q.ch\/fr\/#\/schema\/person\/0bdf39ca27d0b9b779f5b8af54b3f7d7","name":"upwork_1","image":{"@type":"ImageObject","inLanguage":"de","@id":"https:\/\/www.m-q.ch\/fr\/#\/schema\/person\/image\/","url":"https:\/\/secure.gravatar.com\/avatar\/04d4d0fdc5886d535809f17d0eace7f6?s=96&d=mm&r=g","contentUrl":"https:\/\/secure.gravatar.com\/avatar\/04d4d0fdc5886d535809f17d0eace7f6?s=96&d=mm&r=g","caption":"upwork_1"},"url":"https:\/\/www.m-q.ch\/de\/author\/upwork_1\/"}]}},"_links":{"self":[{"href":"https:\/\/www.m-q.ch\/de\/wp-json\/wp\/v2\/posts\/12099","targetHints":{"allow":["GET"]}}],"collection":[{"href":"https:\/\/www.m-q.ch\/de\/wp-json\/wp\/v2\/posts"}],"about":[{"href":"https:\/\/www.m-q.ch\/de\/wp-json\/wp\/v2\/types\/post"}],"author":[{"embeddable":true,"href":"https:\/\/www.m-q.ch\/de\/wp-json\/wp\/v2\/users\/66"}],"replies":[{"embeddable":true,"href":"https:\/\/www.m-q.ch\/de\/wp-json\/wp\/v2\/comments?post=12099"}],"version-history":[{"count":2,"href":"https:\/\/www.m-q.ch\/de\/wp-json\/wp\/v2\/posts\/12099\/revisions"}],"predecessor-version":[{"id":12120,"href":"https:\/\/www.m-q.ch\/de\/wp-json\/wp\/v2\/posts\/12099\/revisions\/12120"}],"wp:featuredmedia":[{"embeddable":true,"href":"https:\/\/www.m-q.ch\/de\/wp-json\/wp\/v2\/media\/12101"}],"wp:attachment":[{"href":"https:\/\/www.m-q.ch\/de\/wp-json\/wp\/v2\/media?parent=12099"}],"wp:term":[{"taxonomy":"category","embeddable":true,"href":"https:\/\/www.m-q.ch\/de\/wp-json\/wp\/v2\/categories?post=12099"},{"taxonomy":"post_tag","embeddable":true,"href":"https:\/\/www.m-q.ch\/de\/wp-json\/wp\/v2\/tags?post=12099"}],"curies":[{"name":"wp","href":"https:\/\/api.w.org\/{rel}","templated":true}]}}