{"id":12105,"date":"2016-12-17T14:47:37","date_gmt":"2016-12-17T13:47:37","guid":{"rendered":"https:\/\/www.m-q.ch\/?p=12105"},"modified":"2021-02-15T15:42:34","modified_gmt":"2021-02-15T14:42:34","slug":"gefahrstoffe-grenzwerte-und-gefaehrdungen","status":"publish","type":"post","link":"https:\/\/www.m-q.ch\/de\/gefahrstoffe-grenzwerte-und-gefaehrdungen\/","title":{"rendered":"Gefahrstoffe, Grenzwerte und Gef\u00e4hrdungen"},"content":{"rendered":"<p><img loading=\"lazy\" decoding=\"async\" class=\"alignnone size-full wp-image-12155\" src=\"https:\/\/www.m-q.ch\/wp-content\/uploads\/2021\/02\/Gefahrstoffe-Grenzwerte-und-Gefaehrdungen.jpg\" alt=\"Gefahrstoffe, Grenzwerte und Gef\u00e4hrdungen\" width=\"857\" height=\"972\" srcset=\"https:\/\/www.m-q.ch\/wp-content\/uploads\/2021\/02\/Gefahrstoffe-Grenzwerte-und-Gefaehrdungen.jpg 857w, https:\/\/www.m-q.ch\/wp-content\/uploads\/2021\/02\/Gefahrstoffe-Grenzwerte-und-Gefaehrdungen-768x871.jpg 768w, https:\/\/www.m-q.ch\/wp-content\/uploads\/2021\/02\/Gefahrstoffe-Grenzwerte-und-Gefaehrdungen-11x12.jpg 11w, https:\/\/www.m-q.ch\/wp-content\/uploads\/2021\/02\/Gefahrstoffe-Grenzwerte-und-Gefaehrdungen-154x175.jpg 154w, https:\/\/www.m-q.ch\/wp-content\/uploads\/2021\/02\/Gefahrstoffe-Grenzwerte-und-Gefaehrdungen-309x350.jpg 309w, https:\/\/www.m-q.ch\/wp-content\/uploads\/2021\/02\/Gefahrstoffe-Grenzwerte-und-Gefaehrdungen-705x800.jpg 705w, https:\/\/www.m-q.ch\/wp-content\/uploads\/2021\/02\/Gefahrstoffe-Grenzwerte-und-Gefaehrdungen-300x340.jpg 300w\" sizes=\"auto, (max-width: 857px) 100vw, 857px\" \/><\/p>\n<p>&nbsp;<\/p>\n<p>&nbsp;<\/p>\n<p>30 Jahre und zehn Tage lagen zwischen den beiden Daten: In der Nacht auf den 1. November 1986 ereignete sich der Chemieunfall in Schweizerhalle, am Morgen des 10. November 2016 versammelten sich die Teilnehmenden des 6. Gefahrstofftages Schweiz in Opfikon. Diese beiden Ereignisse haben durchaus einen Zusammenhang, wie Tagungsleiter Matthias Mettke einf\u00fchrend erl\u00e4uterte. Der Gefahrgut- und Gefahrstoffexperte der Swiss TS zeigte eindr\u00fcckliche Bilder und Filme von damals und res\u00fcmierte: \u00abDer Chemieunfall in Schweizerhalle war die Geburtsstunde der St\u00f6rfallverordnung, die am 1. April 1991 schliesslich in Kraft trat. Damit solche Dinge nicht mehr passieren. \u00bb<\/p>\n<p>&nbsp;<\/p>\n<p>Traditionsgem\u00e4ss er\u00f6ffnete Mettke den Gefahrstofftag Schweiz mit einem \u00dcberblick \u00fcber die wichtigsten \u00c4nderungen im Chemikalienrecht und sprach auch den Geltungsbereich der St\u00f6rfallverordnung und deren Regelungen an. Ausserdem informierte er in kompakter Form zu REACH 2018, zur geplanten Revision der Chemikalienverordnung sowie zu neuen Wegleitungen des Bundesamts f\u00fcr Gesundheit.<\/p>\n<p><strong>Lagerung von Gefahrstoffen<\/strong><\/p>\n<p>&nbsp;<\/p>\n<p>Schweizerhalle war auch der Ausl\u00f6ser zur Gr\u00fcndung der Muttergesellschaft der DENIOS AG \u2013 ebenfalls mit dem Ziel, dass solche Dinge nicht mehr passieren. Gesch\u00e4ftsf\u00fchrer Titus Zimmermann nahm sich dementsprechend dem Thema der Lagerung von Gefahrstoffen an. Besonderes Augenmerk legte er dabei auf die Unterschiede zwischen der reinen Lagerung und des Umgangs<\/p>\n<p>&nbsp;<\/p>\n<p><em><strong>\u00abGrenzwerte versuchen den Punkt zwischen unsch\u00e4dlich und sch\u00e4dlich zu finden\u00bb, erl\u00e4utert Prof. Michael Arand<\/strong><\/em><\/p>\n<p>&nbsp;<\/p>\n<p>mit Gefahrstoffen. \u00abSobald ein Produkt ge\u00f6ffnet wurde, sprechen wir von Umgang\u00bb, sagte Zimmermann, \u00abauch wenn wir es danach wieder schliessen und in den Schrank zur\u00fcckstellen. Ist es nicht mehr originalverpackt, geh\u00f6rt es nicht mehr in die erste Kategorie.\u00bb Unter diesen Aspekten ging Zimmermann auf die Schweizer Gesetzgebung ein, zeigte deren Aufbau und Unterschiede zum Ausland auf und betonte die verschiedensten Eckpunkte, die es dabei unbedingt zu beachten gilt. Dabei sprach er unter anderem die Brandschutz-Richtlinien der VKF an, aber auch die Vorschriften rund um den Umwelt- und Gew\u00e4sserschutz sowie zur Arbeitssicherheit. Er erl\u00e4uterte Fragen des Brandschutzes sowie der Lagerung in Geb\u00e4uden und im Freien und er gab Beispiele rund um brennbare Fl\u00fcssigkeiten, die Anforderungen f\u00fcr weitere Stoffe, die n\u00f6tigen Schutzabst\u00e4nde sowie Blitzschutzsysteme.<\/p>\n<p><strong>Grenzwerte am Arbeitsplatz<\/strong><\/p>\n<p>&nbsp;<\/p>\n<p>Wie Grenzwerte definiert werden, ist h\u00e4ufig nicht klar nachvollziehbar. Mit Prof. Michael Arand, Pr\u00e4sident der Schweizerischen Grenzwertkommission der suissepro, lernten die Teilnehmenden einen Menschen kennen, der f\u00fcr solche Grenzwerte verantwortlich ist.<\/p>\n<p>&nbsp;<\/p>\n<p>\u00abGrenzwerte versuchen den Punkt zwischen unsch\u00e4dlich und sch\u00e4dlich, zwischen zu wenig und zu viel \u2013 sogar zwischen n\u00fctzlich und sch\u00e4dlich zu finden\u00bb, sagte Arand. \u00abSie haben eine Leitplankenfunktion. Ihre Einhaltung reduziert die Schadenswahr-scheinlichkeit auf ein akzeptables Mass. Sie sind allerdings nicht in der Lage, einen stoffexpositionsbedingten Schaden komplett auszuschliessen. Und sie werden aufgrund neuer wissenschaftlicher Erkenntnisse immer wieder evaluiert und eventuell neu angepasst. Hier braucht es oft auch Augenmass.\u00bb Arand erl\u00e4uterte, was Grenzwerte tats\u00e4chlich k\u00f6nnen und was nicht, was die Folgen eines zu hohen oder zu tiefen Werts sind, weshalb es unterschiedliche Grenzwerte gibt und wie diese berechnet werden. Und er betonte: \u00abDie Existenz von Grenzwerten garantiert noch nichts. Einem Monitoring mit guten Messverfahren kommt deshalb eine wesentliche Bedeutung zu.\u00bb<\/p>\n<p><strong>MAK-Wert-Messungen<\/strong><\/p>\n<p>&nbsp;<\/p>\n<p>Damit spielte er den Ball direkt zu Manuel Calvi\u00f1o (Encoma GmbH). Der diplomierte Chemiker und Sicherheitsfachmann EKAS f\u00fchrt MAK-Wert-Messungen durch, also Messungen der maximalen Arbeitsplatz-Konzentration. \u00abDaf\u00fcr braucht es Arbeitshygieniker \u00bb, sagte er. \u00abNur sie sind in der Lage, Messungen korrekt durchzuf\u00fchren und zu beurteilen sowie eine entsprechende Mess- Strategie zu definieren.\u00bb Calvi\u00f1o besichtigt jeweils den Arbeitsplatz und macht eine Gef\u00e4hrdungsanalyse. Er verschafft sich einen \u00dcberblick \u00fcber die eingesetzten Stoffe und pr\u00fcft, f\u00fcr welche Komponenten es Grenzwerte und Messmethoden gibt sowie welches Labor eine Analyse ausf\u00fchren kann.<\/p>\n<p>&nbsp;<\/p>\n<p><em><strong>\u00abEine Messung muss m\u00f6glich und sinnvoll sein\u00bb, sagte Calvi\u00f1o.<\/strong><\/em><\/p>\n<p>&nbsp;<\/p>\n<p><em><strong>\u00abEine Messung muss m\u00f6glich und sinnvoll sein\u00bb, meint Calvi\u00f1o.<\/strong><\/em><\/p>\n<p>&nbsp;<\/p>\n<p>Erst dann sei eine Messstrategie zu entwickeln, Material vorzubereiten und die eigentliche Messung durchzuf\u00fchren. Dabei beeinflussen verschiedenste Parameter die Messung: Die Konzentration, die Expositionszeit, die Nachweisgrenze und die Grenzwerte. \u00abEs gibt verschiedene Wechselwirkungen, die man genau beobachten und interpretieren muss\u00bb, meinte Calvi\u00f1o.<\/p>\n<p><strong>Gef\u00e4hrdungsanalyse<\/strong><\/p>\n<p>&nbsp;<\/p>\n<p>Den Bogen schloss dann Ralf Mengwasser, Leiter Expertise Services Umweltsicherheit der Swiss TS, mit seinem Referat zur Gef\u00e4hrdungsanalyse rund um Gefahrstoffe. Er erl\u00e4uterte die sieben wesentlichen Schritte einer Gef\u00e4hrdungsanalyse und zeigte an verschiedenen praktischen Beispielen auf, wie Gefahrstoffe gekennzeichnet sind, wie sie in den K\u00f6rper gelangen, was sie dort verursachen k\u00f6nnen, wer in der Pflicht ist, dies zu verhindern \u2013 und mit welchen Massnahmen das gelingen kann. \u00abUnf\u00e4lle sind keine Zuf\u00e4lle\u00bb, sagte Mengwasser.<\/p>\n<p>&nbsp;<\/p>\n<p>\u00abTechnische Massnahmen sind gut, aber sie sind kostenintensiv und k\u00f6nnen manipuliert werden. Organisatorische Massnahmen sind oft wenig wirksam. Und die pers\u00f6nlichen Schutzausr\u00fcstungen d\u00fcrfen nur das allerletzte Mittel sein. Deshalb: Falls m\u00f6glich, sollte ein Gefahrstoff durch einen ungef\u00e4hrlichen Stoff ersetzt werden. Wenn das gelingt, hat man am meisten erreicht und dann werden alle anderen Massnahmen \u00fcberfl\u00fcssig.\u00bb<\/p>\n<p>&nbsp;<\/p>\n<p>&nbsp;<\/p>\n<p>&nbsp;<\/p>\n","protected":false},"excerpt":{"rendered":"<p>&nbsp; &nbsp; 30 Jahre und zehn Tage lagen zwischen den beiden Daten: In der Nacht auf den 1. November 1986 ereignete sich der Chemieunfall in Schweizerhalle, am Morgen des 10. November 2016 versammelten sich die Teilnehmenden des 6. Gefahrstofftages Schweiz in Opfikon. Diese beiden Ereignisse haben durchaus einen Zusammenhang, wie Tagungsleiter Matthias Mettke einf\u00fchrend erl\u00e4uterte. [&hellip;]<\/p>\n","protected":false},"author":66,"featured_media":12155,"comment_status":"closed","ping_status":"closed","sticky":false,"template":"","format":"standard","meta":{"_acf_changed":false,"footnotes":""},"categories":[4],"tags":[4793],"class_list":["post-12105","post","type-post","status-publish","format-standard","has-post-thumbnail","hentry","category-risikomanagement","tag-12-2016"],"acf":[],"yoast_head":"<!-- This site is optimized with the Yoast SEO plugin v26.2 - https:\/\/yoast.com\/wordpress\/plugins\/seo\/ -->\n<title>Gefahrstoffe, Grenzwerte und Gef\u00e4hrdungen - MQ Management und Qualit\u00e4t<\/title>\n<meta name=\"description\" content=\"Der 6. Gefahrstofftag Schweiz der Swiss TS handeltevon den wichtigsten Neuerungen im Chemikalienrecht,der Lagerung von Gefahrstoffen, von Grenzwertenam Arbeitsplatz und MAK-Wert-Messungenbis hin zu optimierten Gef\u00e4hrdungsanalysen.\" \/>\n<meta name=\"robots\" content=\"index, follow, max-snippet:-1, max-image-preview:large, max-video-preview:-1\" \/>\n<link rel=\"canonical\" href=\"https:\/\/www.m-q.ch\/de\/gefahrstoffe-grenzwerte-und-gefaehrdungen\/\" \/>\n<meta property=\"og:locale\" content=\"de_DE\" \/>\n<meta property=\"og:type\" content=\"article\" \/>\n<meta property=\"og:title\" content=\"Gefahrstoffe, Grenzwerte und Gef\u00e4hrdungen - MQ Management und Qualit\u00e4t\" \/>\n<meta property=\"og:description\" content=\"Der 6. Gefahrstofftag Schweiz der Swiss TS handeltevon den wichtigsten Neuerungen im Chemikalienrecht,der Lagerung von Gefahrstoffen, von Grenzwertenam Arbeitsplatz und MAK-Wert-Messungenbis hin zu optimierten Gef\u00e4hrdungsanalysen.\" \/>\n<meta property=\"og:url\" content=\"https:\/\/www.m-q.ch\/de\/gefahrstoffe-grenzwerte-und-gefaehrdungen\/\" \/>\n<meta property=\"og:site_name\" content=\"MQ Management und Qualit\u00e4t\" \/>\n<meta property=\"article:publisher\" content=\"https:\/\/www.facebook.com\/ManagementUndQualitaet\" \/>\n<meta property=\"article:published_time\" content=\"2016-12-17T13:47:37+00:00\" \/>\n<meta property=\"article:modified_time\" content=\"2021-02-15T14:42:34+00:00\" \/>\n<meta property=\"og:image\" content=\"https:\/\/www.m-q.ch\/wp-content\/uploads\/2021\/02\/Gefahrstoffe-Grenzwerte-und-Gefaehrdungen.jpg\" \/>\n\t<meta property=\"og:image:width\" content=\"857\" \/>\n\t<meta property=\"og:image:height\" content=\"972\" \/>\n\t<meta property=\"og:image:type\" content=\"image\/jpeg\" \/>\n<meta name=\"author\" content=\"upwork_1\" \/>\n<meta name=\"twitter:card\" content=\"summary_large_image\" \/>\n<meta name=\"twitter:label1\" content=\"Verfasst von\" \/>\n\t<meta name=\"twitter:data1\" content=\"upwork_1\" \/>\n\t<meta name=\"twitter:label2\" content=\"Gesch\u00e4tzte Lesezeit\" \/>\n\t<meta name=\"twitter:data2\" content=\"4\u00a0Minuten\" \/>\n<script type=\"application\/ld+json\" class=\"yoast-schema-graph\">{\"@context\":\"https:\/\/schema.org\",\"@graph\":[{\"@type\":\"Article\",\"@id\":\"https:\/\/www.m-q.ch\/gefahrstoffe-grenzwerte-und-gefaehrdungen\/#article\",\"isPartOf\":{\"@id\":\"https:\/\/www.m-q.ch\/gefahrstoffe-grenzwerte-und-gefaehrdungen\/\"},\"author\":{\"name\":\"upwork_1\",\"@id\":\"https:\/\/www.m-q.ch\/fr\/#\/schema\/person\/0bdf39ca27d0b9b779f5b8af54b3f7d7\"},\"headline\":\"Gefahrstoffe, Grenzwerte und Gef\u00e4hrdungen\",\"datePublished\":\"2016-12-17T13:47:37+00:00\",\"dateModified\":\"2021-02-15T14:42:34+00:00\",\"mainEntityOfPage\":{\"@id\":\"https:\/\/www.m-q.ch\/gefahrstoffe-grenzwerte-und-gefaehrdungen\/\"},\"wordCount\":836,\"publisher\":{\"@id\":\"https:\/\/www.m-q.ch\/fr\/#organization\"},\"image\":{\"@id\":\"https:\/\/www.m-q.ch\/gefahrstoffe-grenzwerte-und-gefaehrdungen\/#primaryimage\"},\"thumbnailUrl\":\"https:\/\/www.m-q.ch\/wp-content\/uploads\/2021\/02\/Gefahrstoffe-Grenzwerte-und-Gefaehrdungen.jpg\",\"keywords\":[\"12\/2016\"],\"articleSection\":[\"Risikomanagement\"],\"inLanguage\":\"de\"},{\"@type\":\"WebPage\",\"@id\":\"https:\/\/www.m-q.ch\/gefahrstoffe-grenzwerte-und-gefaehrdungen\/\",\"url\":\"https:\/\/www.m-q.ch\/gefahrstoffe-grenzwerte-und-gefaehrdungen\/\",\"name\":\"Gefahrstoffe, Grenzwerte und Gef\u00e4hrdungen - MQ Management und Qualit\u00e4t\",\"isPartOf\":{\"@id\":\"https:\/\/www.m-q.ch\/fr\/#website\"},\"primaryImageOfPage\":{\"@id\":\"https:\/\/www.m-q.ch\/gefahrstoffe-grenzwerte-und-gefaehrdungen\/#primaryimage\"},\"image\":{\"@id\":\"https:\/\/www.m-q.ch\/gefahrstoffe-grenzwerte-und-gefaehrdungen\/#primaryimage\"},\"thumbnailUrl\":\"https:\/\/www.m-q.ch\/wp-content\/uploads\/2021\/02\/Gefahrstoffe-Grenzwerte-und-Gefaehrdungen.jpg\",\"datePublished\":\"2016-12-17T13:47:37+00:00\",\"dateModified\":\"2021-02-15T14:42:34+00:00\",\"description\":\"Der 6. Gefahrstofftag Schweiz der Swiss TS handeltevon den wichtigsten Neuerungen im Chemikalienrecht,der Lagerung von Gefahrstoffen, von Grenzwertenam Arbeitsplatz und MAK-Wert-Messungenbis hin zu optimierten Gef\u00e4hrdungsanalysen.\",\"breadcrumb\":{\"@id\":\"https:\/\/www.m-q.ch\/gefahrstoffe-grenzwerte-und-gefaehrdungen\/#breadcrumb\"},\"inLanguage\":\"de\",\"potentialAction\":[{\"@type\":\"ReadAction\",\"target\":[\"https:\/\/www.m-q.ch\/gefahrstoffe-grenzwerte-und-gefaehrdungen\/\"]}]},{\"@type\":\"ImageObject\",\"inLanguage\":\"de\",\"@id\":\"https:\/\/www.m-q.ch\/gefahrstoffe-grenzwerte-und-gefaehrdungen\/#primaryimage\",\"url\":\"https:\/\/www.m-q.ch\/wp-content\/uploads\/2021\/02\/Gefahrstoffe-Grenzwerte-und-Gefaehrdungen.jpg\",\"contentUrl\":\"https:\/\/www.m-q.ch\/wp-content\/uploads\/2021\/02\/Gefahrstoffe-Grenzwerte-und-Gefaehrdungen.jpg\",\"width\":857,\"height\":972,\"caption\":\"Gefahrstoffe, Grenzwerte und Gef\u00e4hrdungen\"},{\"@type\":\"BreadcrumbList\",\"@id\":\"https:\/\/www.m-q.ch\/gefahrstoffe-grenzwerte-und-gefaehrdungen\/#breadcrumb\",\"itemListElement\":[{\"@type\":\"ListItem\",\"position\":1,\"name\":\"Risikomanagement\",\"item\":\"https:\/\/www.m-q.ch\/kategorie\/risikomanagement\/\"},{\"@type\":\"ListItem\",\"position\":2,\"name\":\"Gefahrstoffe, Grenzwerte und Gef\u00e4hrdungen\"}]},{\"@type\":\"WebSite\",\"@id\":\"https:\/\/www.m-q.ch\/fr\/#website\",\"url\":\"https:\/\/www.m-q.ch\/fr\/\",\"name\":\"MQ Management und Qualit\u00e4t\",\"description\":\"Plattform f\u00fcr integrierte Managementsysteme.\",\"publisher\":{\"@id\":\"https:\/\/www.m-q.ch\/fr\/#organization\"},\"potentialAction\":[{\"@type\":\"SearchAction\",\"target\":{\"@type\":\"EntryPoint\",\"urlTemplate\":\"https:\/\/www.m-q.ch\/fr\/?s={search_term_string}\"},\"query-input\":{\"@type\":\"PropertyValueSpecification\",\"valueRequired\":true,\"valueName\":\"search_term_string\"}}],\"inLanguage\":\"de\"},{\"@type\":\"Organization\",\"@id\":\"https:\/\/www.m-q.ch\/fr\/#organization\",\"name\":\"Galledia Fachmedien AG\",\"url\":\"https:\/\/www.m-q.ch\/fr\/\",\"logo\":{\"@type\":\"ImageObject\",\"inLanguage\":\"de\",\"@id\":\"https:\/\/www.m-q.ch\/fr\/#\/schema\/logo\/image\/\",\"url\":\"https:\/\/www.m-q.ch\/wp-content\/uploads\/2020\/12\/cropped-logo_small.png\",\"contentUrl\":\"https:\/\/www.m-q.ch\/wp-content\/uploads\/2020\/12\/cropped-logo_small.png\",\"width\":512,\"height\":512,\"caption\":\"Galledia Fachmedien AG\"},\"image\":{\"@id\":\"https:\/\/www.m-q.ch\/fr\/#\/schema\/logo\/image\/\"},\"sameAs\":[\"https:\/\/www.facebook.com\/ManagementUndQualitaet\",\"https:\/\/www.linkedin.com\/showcase\/17982321\/admin\/\"]},{\"@type\":\"Person\",\"@id\":\"https:\/\/www.m-q.ch\/fr\/#\/schema\/person\/0bdf39ca27d0b9b779f5b8af54b3f7d7\",\"name\":\"upwork_1\",\"image\":{\"@type\":\"ImageObject\",\"inLanguage\":\"de\",\"@id\":\"https:\/\/www.m-q.ch\/fr\/#\/schema\/person\/image\/\",\"url\":\"https:\/\/secure.gravatar.com\/avatar\/04d4d0fdc5886d535809f17d0eace7f6?s=96&d=mm&r=g\",\"contentUrl\":\"https:\/\/secure.gravatar.com\/avatar\/04d4d0fdc5886d535809f17d0eace7f6?s=96&d=mm&r=g\",\"caption\":\"upwork_1\"},\"url\":\"https:\/\/www.m-q.ch\/de\/author\/upwork_1\/\"}]}<\/script>\n<!-- \/ Yoast SEO plugin. -->","yoast_head_json":{"title":"Gefahrstoffe, Grenzwerte und Gef\u00e4hrdungen - MQ Management und Qualit\u00e4t","description":"Der 6. Gefahrstofftag Schweiz der Swiss TS handeltevon den wichtigsten Neuerungen im Chemikalienrecht,der Lagerung von Gefahrstoffen, von Grenzwertenam Arbeitsplatz und MAK-Wert-Messungenbis hin zu optimierten Gef\u00e4hrdungsanalysen.","robots":{"index":"index","follow":"follow","max-snippet":"max-snippet:-1","max-image-preview":"max-image-preview:large","max-video-preview":"max-video-preview:-1"},"canonical":"https:\/\/www.m-q.ch\/de\/gefahrstoffe-grenzwerte-und-gefaehrdungen\/","og_locale":"de_DE","og_type":"article","og_title":"Gefahrstoffe, Grenzwerte und Gef\u00e4hrdungen - MQ Management und Qualit\u00e4t","og_description":"Der 6. Gefahrstofftag Schweiz der Swiss TS handeltevon den wichtigsten Neuerungen im Chemikalienrecht,der Lagerung von Gefahrstoffen, von Grenzwertenam Arbeitsplatz und MAK-Wert-Messungenbis hin zu optimierten Gef\u00e4hrdungsanalysen.","og_url":"https:\/\/www.m-q.ch\/de\/gefahrstoffe-grenzwerte-und-gefaehrdungen\/","og_site_name":"MQ Management und Qualit\u00e4t","article_publisher":"https:\/\/www.facebook.com\/ManagementUndQualitaet","article_published_time":"2016-12-17T13:47:37+00:00","article_modified_time":"2021-02-15T14:42:34+00:00","og_image":[{"width":857,"height":972,"url":"https:\/\/www.m-q.ch\/wp-content\/uploads\/2021\/02\/Gefahrstoffe-Grenzwerte-und-Gefaehrdungen.jpg","type":"image\/jpeg"}],"author":"upwork_1","twitter_card":"summary_large_image","twitter_misc":{"Verfasst von":"upwork_1","Gesch\u00e4tzte Lesezeit":"4\u00a0Minuten"},"schema":{"@context":"https:\/\/schema.org","@graph":[{"@type":"Article","@id":"https:\/\/www.m-q.ch\/gefahrstoffe-grenzwerte-und-gefaehrdungen\/#article","isPartOf":{"@id":"https:\/\/www.m-q.ch\/gefahrstoffe-grenzwerte-und-gefaehrdungen\/"},"author":{"name":"upwork_1","@id":"https:\/\/www.m-q.ch\/fr\/#\/schema\/person\/0bdf39ca27d0b9b779f5b8af54b3f7d7"},"headline":"Gefahrstoffe, Grenzwerte und Gef\u00e4hrdungen","datePublished":"2016-12-17T13:47:37+00:00","dateModified":"2021-02-15T14:42:34+00:00","mainEntityOfPage":{"@id":"https:\/\/www.m-q.ch\/gefahrstoffe-grenzwerte-und-gefaehrdungen\/"},"wordCount":836,"publisher":{"@id":"https:\/\/www.m-q.ch\/fr\/#organization"},"image":{"@id":"https:\/\/www.m-q.ch\/gefahrstoffe-grenzwerte-und-gefaehrdungen\/#primaryimage"},"thumbnailUrl":"https:\/\/www.m-q.ch\/wp-content\/uploads\/2021\/02\/Gefahrstoffe-Grenzwerte-und-Gefaehrdungen.jpg","keywords":["12\/2016"],"articleSection":["Risikomanagement"],"inLanguage":"de"},{"@type":"WebPage","@id":"https:\/\/www.m-q.ch\/gefahrstoffe-grenzwerte-und-gefaehrdungen\/","url":"https:\/\/www.m-q.ch\/gefahrstoffe-grenzwerte-und-gefaehrdungen\/","name":"Gefahrstoffe, Grenzwerte und Gef\u00e4hrdungen - MQ Management und Qualit\u00e4t","isPartOf":{"@id":"https:\/\/www.m-q.ch\/fr\/#website"},"primaryImageOfPage":{"@id":"https:\/\/www.m-q.ch\/gefahrstoffe-grenzwerte-und-gefaehrdungen\/#primaryimage"},"image":{"@id":"https:\/\/www.m-q.ch\/gefahrstoffe-grenzwerte-und-gefaehrdungen\/#primaryimage"},"thumbnailUrl":"https:\/\/www.m-q.ch\/wp-content\/uploads\/2021\/02\/Gefahrstoffe-Grenzwerte-und-Gefaehrdungen.jpg","datePublished":"2016-12-17T13:47:37+00:00","dateModified":"2021-02-15T14:42:34+00:00","description":"Der 6. Gefahrstofftag Schweiz der Swiss TS handeltevon den wichtigsten Neuerungen im Chemikalienrecht,der Lagerung von Gefahrstoffen, von Grenzwertenam Arbeitsplatz und MAK-Wert-Messungenbis hin zu optimierten Gef\u00e4hrdungsanalysen.","breadcrumb":{"@id":"https:\/\/www.m-q.ch\/gefahrstoffe-grenzwerte-und-gefaehrdungen\/#breadcrumb"},"inLanguage":"de","potentialAction":[{"@type":"ReadAction","target":["https:\/\/www.m-q.ch\/gefahrstoffe-grenzwerte-und-gefaehrdungen\/"]}]},{"@type":"ImageObject","inLanguage":"de","@id":"https:\/\/www.m-q.ch\/gefahrstoffe-grenzwerte-und-gefaehrdungen\/#primaryimage","url":"https:\/\/www.m-q.ch\/wp-content\/uploads\/2021\/02\/Gefahrstoffe-Grenzwerte-und-Gefaehrdungen.jpg","contentUrl":"https:\/\/www.m-q.ch\/wp-content\/uploads\/2021\/02\/Gefahrstoffe-Grenzwerte-und-Gefaehrdungen.jpg","width":857,"height":972,"caption":"Gefahrstoffe, Grenzwerte und Gef\u00e4hrdungen"},{"@type":"BreadcrumbList","@id":"https:\/\/www.m-q.ch\/gefahrstoffe-grenzwerte-und-gefaehrdungen\/#breadcrumb","itemListElement":[{"@type":"ListItem","position":1,"name":"Risikomanagement","item":"https:\/\/www.m-q.ch\/kategorie\/risikomanagement\/"},{"@type":"ListItem","position":2,"name":"Gefahrstoffe, Grenzwerte und Gef\u00e4hrdungen"}]},{"@type":"WebSite","@id":"https:\/\/www.m-q.ch\/fr\/#website","url":"https:\/\/www.m-q.ch\/fr\/","name":"MQ Management und Qualit\u00e4t","description":"Plattform f\u00fcr integrierte Managementsysteme.","publisher":{"@id":"https:\/\/www.m-q.ch\/fr\/#organization"},"potentialAction":[{"@type":"SearchAction","target":{"@type":"EntryPoint","urlTemplate":"https:\/\/www.m-q.ch\/fr\/?s={search_term_string}"},"query-input":{"@type":"PropertyValueSpecification","valueRequired":true,"valueName":"search_term_string"}}],"inLanguage":"de"},{"@type":"Organization","@id":"https:\/\/www.m-q.ch\/fr\/#organization","name":"Galledia Fachmedien AG","url":"https:\/\/www.m-q.ch\/fr\/","logo":{"@type":"ImageObject","inLanguage":"de","@id":"https:\/\/www.m-q.ch\/fr\/#\/schema\/logo\/image\/","url":"https:\/\/www.m-q.ch\/wp-content\/uploads\/2020\/12\/cropped-logo_small.png","contentUrl":"https:\/\/www.m-q.ch\/wp-content\/uploads\/2020\/12\/cropped-logo_small.png","width":512,"height":512,"caption":"Galledia Fachmedien AG"},"image":{"@id":"https:\/\/www.m-q.ch\/fr\/#\/schema\/logo\/image\/"},"sameAs":["https:\/\/www.facebook.com\/ManagementUndQualitaet","https:\/\/www.linkedin.com\/showcase\/17982321\/admin\/"]},{"@type":"Person","@id":"https:\/\/www.m-q.ch\/fr\/#\/schema\/person\/0bdf39ca27d0b9b779f5b8af54b3f7d7","name":"upwork_1","image":{"@type":"ImageObject","inLanguage":"de","@id":"https:\/\/www.m-q.ch\/fr\/#\/schema\/person\/image\/","url":"https:\/\/secure.gravatar.com\/avatar\/04d4d0fdc5886d535809f17d0eace7f6?s=96&d=mm&r=g","contentUrl":"https:\/\/secure.gravatar.com\/avatar\/04d4d0fdc5886d535809f17d0eace7f6?s=96&d=mm&r=g","caption":"upwork_1"},"url":"https:\/\/www.m-q.ch\/de\/author\/upwork_1\/"}]}},"_links":{"self":[{"href":"https:\/\/www.m-q.ch\/de\/wp-json\/wp\/v2\/posts\/12105","targetHints":{"allow":["GET"]}}],"collection":[{"href":"https:\/\/www.m-q.ch\/de\/wp-json\/wp\/v2\/posts"}],"about":[{"href":"https:\/\/www.m-q.ch\/de\/wp-json\/wp\/v2\/types\/post"}],"author":[{"embeddable":true,"href":"https:\/\/www.m-q.ch\/de\/wp-json\/wp\/v2\/users\/66"}],"replies":[{"embeddable":true,"href":"https:\/\/www.m-q.ch\/de\/wp-json\/wp\/v2\/comments?post=12105"}],"version-history":[{"count":2,"href":"https:\/\/www.m-q.ch\/de\/wp-json\/wp\/v2\/posts\/12105\/revisions"}],"predecessor-version":[{"id":12158,"href":"https:\/\/www.m-q.ch\/de\/wp-json\/wp\/v2\/posts\/12105\/revisions\/12158"}],"wp:featuredmedia":[{"embeddable":true,"href":"https:\/\/www.m-q.ch\/de\/wp-json\/wp\/v2\/media\/12155"}],"wp:attachment":[{"href":"https:\/\/www.m-q.ch\/de\/wp-json\/wp\/v2\/media?parent=12105"}],"wp:term":[{"taxonomy":"category","embeddable":true,"href":"https:\/\/www.m-q.ch\/de\/wp-json\/wp\/v2\/categories?post=12105"},{"taxonomy":"post_tag","embeddable":true,"href":"https:\/\/www.m-q.ch\/de\/wp-json\/wp\/v2\/tags?post=12105"}],"curies":[{"name":"wp","href":"https:\/\/api.w.org\/{rel}","templated":true}]}}