{"id":12108,"date":"2016-12-23T14:47:39","date_gmt":"2016-12-23T13:47:39","guid":{"rendered":"https:\/\/www.m-q.ch\/?p=12108"},"modified":"2021-02-15T15:55:50","modified_gmt":"2021-02-15T14:55:50","slug":"die-krux-mit-dem-oekolabel","status":"publish","type":"post","link":"https:\/\/www.m-q.ch\/de\/die-krux-mit-dem-oekolabel\/","title":{"rendered":"Die Krux mit dem \u00d6kolabel"},"content":{"rendered":"<p>Selbstverst\u00e4ndlich sind die grossen Brocken bereits umgesetzt. Dass die Produktion m\u00f6glichst energiearm l\u00e4uft, ist Vorschrift. Dass das Entsorgungskonzept der Nachhaltigkeit unterliegt, ist weder neu, noch freiwillig. Im Alltag aber gibts noch Potenzial. Hier soll der Hebel angesetzt werden. Denn \u00d6kologie geh\u00f6rt nicht nur in die Fabrikationshallen, sondern in den Alltag aller betrieblichen Detailabl\u00e4ufe. Erst dann erreicht man das Bewusstsein der Mitarbeitenden und schliesslich der Kunden.<\/p>\n<p>&nbsp;<\/p>\n<p>Hannes ist etwas ratlos. Er sitzt uninspiriert am Computer, hat ein Word-Dokument ge\u00f6ffnet, Titel gesetzt und Platz f\u00fcr Illustrationen ausgespart. Und nun klemmts. Er steht auf, Bewegung bringt auch das Hirn in die G\u00e4nge. Die besten Ideen springen einen oft dann an, wenn man durch die Korridore schlendert oder vor dem Objekt steht. Das hat Hannes wiederholt erlebt.<\/p>\n<p>&nbsp;<\/p>\n<p>Bereits in seinem B\u00fcro beginnt er mit den ersten Notizen. Dass die Standby-Funktion des PCs etwas fr\u00fcher einsetzen kann, damit hat er sich schon besch\u00e4ftigt. Aber wie w\u00e4re es, wenn die Bildschirmdarstellung etwas unsch\u00e4rfer und kleiner w\u00e4re? Das w\u00fcrde sicher Strom sparen. Er notiert es sich. Dass die Mikrofasert\u00fccher, die f\u00fcr die kleine \u00abReinigung\u00bb zwischendurch an jedem Arbeitsplatz liegen, viel Chemie enthalten, ist so gut wie sicher. Also: \u00abMikrofaser- T\u00fccher durch Woll-Lappen aus einheimischer Produktion ersetzen \u00bb.<\/p>\n<p>&nbsp;<\/p>\n<p>Hannes ist \u00fcberzeugt, dass gerade mit zahlreichen Detaill\u00f6sungen der entscheidende Effekt erreicht wird und die Mitarbeitenden f\u00fcr das Thema sensibilisiert werden. Dass die Abw\u00e4rme des PCs und des Druckers f\u00fcr die Kaffeemaschine genutzt werden kann, ist sinnvoll, \u2013 es muss einfach noch technisch umgesetzt werden. Aber es findet sich sicher jemand, der das in die Hand nimmt. Toiletten sind Herde von Energieverschleiss. Warum muss der Raum so hell beleuchtet sein? Wer ihn nicht auswendig kennt, ist nicht wach genug und hat im anspruchsvollen Gesch\u00e4ftsalltag nichts verloren. Energiesparlampen sind gut \u2013 aber keine Lampe ist noch besser. Zudem hat die Toi lette ein Fenster. Dieses l\u00e4sst gen\u00fcgend Licht herein. In den Wintermonaten ist daran zu denken, das Gesch\u00e4ft vor Einbruch der Dunkelheit nochmals zu erledigen, damit die Blase bis Feierabend \u00abdurchh\u00e4lt\u00bb.<\/p>\n<p>&nbsp;<\/p>\n<p>Die Kaffee-Ecke hat ebenfalls \u00f6kologisches Potenzial. Kaffeemaschinen werden schon l\u00e4nger auf Standby gesetzt. Aber der zeitliche Ablauf kann optimiert werden: Heisser Kaffee ist nur zwischen neun und zehn Uhr erh\u00e4ltlich. Die ausgeworfenen Nespresso-Kapseln werden im Schnellverfahren verbrannt und deren Abw\u00e4rme f\u00fcr die Zeitperiode von elf bis zw\u00f6lf Uhr in Strom gewandelt. \u00abEine innovative und vision\u00e4re Idee\u00bb, ist Hannes \u00fcberzeugt und l\u00e4chelt zufrieden vor sich hin.<\/p>\n<p>&nbsp;<\/p>\n<p>Die Zeitungen in der Betriebskantine haben am Abend ihren Zweck erf\u00fcllt und landen in der Entsorgung. Hier sollte \u00fcberlegt werden, ob und wie diese anfallenden Papierkilos nochmals zu verwenden sind. Zum Beispiel als Saugpapier im Entfeuchtungsapparat im Serverraum. Oder kunstvoll gefaltet als Einweg-Handyh\u00fclle, um auch bei jenen Ger\u00e4ten die Langlebigkeit zu f\u00f6rdern, ohne profan-giftige Kunststoffh\u00fcllen, sondern in \u00f6kologisch hochwertigen Schutzh\u00fcllen.<\/p>\n<p>&nbsp;<\/p>\n<p>Hannes kommt in Fahrt. Es macht ihm Spass, an Details zu feilen und innovative L\u00f6sungen zu finden. Er notiert Stichworte und z\u00e4hlt die Ideen. S\u00e4mtliche Produkte aus der Produktion sollen mit einem gr\u00fcnen Punkt versehen werden, damit die Kunden die Bem\u00fchungen wirklich wahrnehmen. Hannes\u2019 Fantasie befeuert einen weiteren innovativen Vorschlag: Im Eingangsbereich des Unternehmens soll Vogelgezwitscher durch ein Quadrophonie- Lautsprecher-System eingespielt werden. Die Energie daf\u00fcr wird auf dem Dach gewonnen, im hauseigenen Kraftwerk, das mit dem gesammelten Kot der echten V\u00f6gel gespeist wird.<\/p>\n<p>&nbsp;<\/p>\n<p>Potenzial sichtet Hannes auch in der Betriebskantine. Selbstverst\u00e4ndlich sollen alle Speisen aus heimischer Produktion stammen. In einer \u00dcbergangsphase wird \u00abheimisch\u00bb so definiert, dass die Lebensmittel aus einem Land stammen, aus dem mindestens ein Mitarbeiter herkommt. Bei 25 verschiedenen Nationen muss man sich so nicht allzu stark einschr\u00e4nken. Zu guter Letzt soll in der Raucherecke im Innenhof der Rauch als Abluft gesammelt eine Miniturbine antreiben. Diese wiederum wird genutzt, um die gr\u00fcnen Aufkleber f\u00fcr die Produkte zu stanzen. \u00d6kologie setzt voraus, vernetzt und in komplexen Systemen zusammenh\u00e4ngend zu denken und handeln.<\/p>\n<p>&nbsp;<\/p>\n<p>Nun gut \u2013 das papierlose B\u00fcro l\u00e4sst noch auf sich warten. Aber schliesslich muss das Konzept auch ohne Energie an allen Arbeitspl\u00e4tzen lesbar sein. Daf\u00fcr braucht es beim besten Willen bedrucktes Papier.<\/p>\n<p>&nbsp;<\/p>\n","protected":false},"excerpt":{"rendered":"<p>Selbstverst\u00e4ndlich sind die grossen Brocken bereits umgesetzt. Dass die Produktion m\u00f6glichst energiearm l\u00e4uft, ist Vorschrift. Dass das Entsorgungskonzept der Nachhaltigkeit unterliegt, ist weder neu, noch freiwillig. Im Alltag aber gibts noch Potenzial. Hier soll der Hebel angesetzt werden. Denn \u00d6kologie geh\u00f6rt nicht nur in die Fabrikationshallen, sondern in den Alltag aller betrieblichen Detailabl\u00e4ufe. Erst dann [&hellip;]<\/p>\n","protected":false},"author":66,"featured_media":0,"comment_status":"closed","ping_status":"closed","sticky":false,"template":"","format":"standard","meta":{"_acf_changed":false,"footnotes":""},"categories":[4448],"tags":[4793],"class_list":["post-12108","post","type-post","status-publish","format-standard","hentry","category-allgemein","tag-12-2016"],"acf":[],"yoast_head":"<!-- This site is optimized with the Yoast SEO plugin v26.2 - https:\/\/yoast.com\/wordpress\/plugins\/seo\/ -->\n<title>Die Krux mit dem \u00d6kolabel - MQ Management und Qualit\u00e4t<\/title>\n<meta name=\"description\" content=\"\u00abAuch das noch\u00bb, denkt sich Hannes.Wieder mal ist an der Gesch\u00e4ftsleitersitzungihm das Detailkonzeptaufgehalst worden.Das Unternehmen hat sich eineneue Teilstrategie gegeben. Nebenden klassischen Erfolgsfaktorenhat es sich \u00abNachhaltigkeit\u00bbauf die Fahne geschrieben. Dasinternationale \u00d6kolabel soll angestrebtwerden, damit der Kundeweiss, dass hier nicht nur gut,sondern auch nachhaltig undbiologisch gearbeitet wird.\" \/>\n<meta name=\"robots\" content=\"index, follow, max-snippet:-1, max-image-preview:large, max-video-preview:-1\" \/>\n<link rel=\"canonical\" href=\"https:\/\/www.m-q.ch\/de\/die-krux-mit-dem-oekolabel\/\" \/>\n<meta property=\"og:locale\" content=\"de_DE\" \/>\n<meta property=\"og:type\" content=\"article\" \/>\n<meta property=\"og:title\" content=\"Die Krux mit dem \u00d6kolabel - MQ Management und Qualit\u00e4t\" \/>\n<meta property=\"og:description\" content=\"\u00abAuch das noch\u00bb, denkt sich Hannes.Wieder mal ist an der Gesch\u00e4ftsleitersitzungihm das Detailkonzeptaufgehalst worden.Das Unternehmen hat sich eineneue Teilstrategie gegeben. Nebenden klassischen Erfolgsfaktorenhat es sich \u00abNachhaltigkeit\u00bbauf die Fahne geschrieben. Dasinternationale \u00d6kolabel soll angestrebtwerden, damit der Kundeweiss, dass hier nicht nur gut,sondern auch nachhaltig undbiologisch gearbeitet wird.\" \/>\n<meta property=\"og:url\" content=\"https:\/\/www.m-q.ch\/de\/die-krux-mit-dem-oekolabel\/\" \/>\n<meta property=\"og:site_name\" content=\"MQ Management und Qualit\u00e4t\" \/>\n<meta property=\"article:publisher\" content=\"https:\/\/www.facebook.com\/ManagementUndQualitaet\" \/>\n<meta property=\"article:published_time\" content=\"2016-12-23T13:47:39+00:00\" \/>\n<meta property=\"article:modified_time\" content=\"2021-02-15T14:55:50+00:00\" \/>\n<meta name=\"author\" content=\"upwork_1\" \/>\n<meta name=\"twitter:card\" content=\"summary_large_image\" \/>\n<meta name=\"twitter:label1\" content=\"Verfasst von\" \/>\n\t<meta name=\"twitter:data1\" content=\"upwork_1\" \/>\n\t<meta name=\"twitter:label2\" content=\"Gesch\u00e4tzte Lesezeit\" \/>\n\t<meta name=\"twitter:data2\" content=\"4\u00a0Minuten\" \/>\n<script type=\"application\/ld+json\" class=\"yoast-schema-graph\">{\"@context\":\"https:\/\/schema.org\",\"@graph\":[{\"@type\":\"Article\",\"@id\":\"https:\/\/www.m-q.ch\/die-krux-mit-dem-oekolabel\/#article\",\"isPartOf\":{\"@id\":\"https:\/\/www.m-q.ch\/die-krux-mit-dem-oekolabel\/\"},\"author\":{\"name\":\"upwork_1\",\"@id\":\"https:\/\/www.m-q.ch\/fr\/#\/schema\/person\/0bdf39ca27d0b9b779f5b8af54b3f7d7\"},\"headline\":\"Die Krux mit dem \u00d6kolabel\",\"datePublished\":\"2016-12-23T13:47:39+00:00\",\"dateModified\":\"2021-02-15T14:55:50+00:00\",\"mainEntityOfPage\":{\"@id\":\"https:\/\/www.m-q.ch\/die-krux-mit-dem-oekolabel\/\"},\"wordCount\":725,\"publisher\":{\"@id\":\"https:\/\/www.m-q.ch\/fr\/#organization\"},\"keywords\":[\"12\/2016\"],\"inLanguage\":\"de\"},{\"@type\":\"WebPage\",\"@id\":\"https:\/\/www.m-q.ch\/die-krux-mit-dem-oekolabel\/\",\"url\":\"https:\/\/www.m-q.ch\/die-krux-mit-dem-oekolabel\/\",\"name\":\"Die Krux mit dem \u00d6kolabel - MQ Management und Qualit\u00e4t\",\"isPartOf\":{\"@id\":\"https:\/\/www.m-q.ch\/fr\/#website\"},\"datePublished\":\"2016-12-23T13:47:39+00:00\",\"dateModified\":\"2021-02-15T14:55:50+00:00\",\"description\":\"\u00abAuch das noch\u00bb, denkt sich Hannes.Wieder mal ist an der Gesch\u00e4ftsleitersitzungihm das Detailkonzeptaufgehalst worden.Das Unternehmen hat sich eineneue Teilstrategie gegeben. Nebenden klassischen Erfolgsfaktorenhat es sich \u00abNachhaltigkeit\u00bbauf die Fahne geschrieben. Dasinternationale \u00d6kolabel soll angestrebtwerden, damit der Kundeweiss, dass hier nicht nur gut,sondern auch nachhaltig undbiologisch gearbeitet wird.\",\"breadcrumb\":{\"@id\":\"https:\/\/www.m-q.ch\/die-krux-mit-dem-oekolabel\/#breadcrumb\"},\"inLanguage\":\"de\",\"potentialAction\":[{\"@type\":\"ReadAction\",\"target\":[\"https:\/\/www.m-q.ch\/die-krux-mit-dem-oekolabel\/\"]}]},{\"@type\":\"BreadcrumbList\",\"@id\":\"https:\/\/www.m-q.ch\/die-krux-mit-dem-oekolabel\/#breadcrumb\",\"itemListElement\":[{\"@type\":\"ListItem\",\"position\":1,\"name\":\"Allgemein\",\"item\":\"https:\/\/www.m-q.ch\/kategorie\/allgemein\/\"},{\"@type\":\"ListItem\",\"position\":2,\"name\":\"Die Krux mit dem \u00d6kolabel\"}]},{\"@type\":\"WebSite\",\"@id\":\"https:\/\/www.m-q.ch\/fr\/#website\",\"url\":\"https:\/\/www.m-q.ch\/fr\/\",\"name\":\"MQ Management und Qualit\u00e4t\",\"description\":\"Plattform f\u00fcr integrierte Managementsysteme.\",\"publisher\":{\"@id\":\"https:\/\/www.m-q.ch\/fr\/#organization\"},\"potentialAction\":[{\"@type\":\"SearchAction\",\"target\":{\"@type\":\"EntryPoint\",\"urlTemplate\":\"https:\/\/www.m-q.ch\/fr\/?s={search_term_string}\"},\"query-input\":{\"@type\":\"PropertyValueSpecification\",\"valueRequired\":true,\"valueName\":\"search_term_string\"}}],\"inLanguage\":\"de\"},{\"@type\":\"Organization\",\"@id\":\"https:\/\/www.m-q.ch\/fr\/#organization\",\"name\":\"Galledia Fachmedien AG\",\"url\":\"https:\/\/www.m-q.ch\/fr\/\",\"logo\":{\"@type\":\"ImageObject\",\"inLanguage\":\"de\",\"@id\":\"https:\/\/www.m-q.ch\/fr\/#\/schema\/logo\/image\/\",\"url\":\"https:\/\/www.m-q.ch\/wp-content\/uploads\/2020\/12\/cropped-logo_small.png\",\"contentUrl\":\"https:\/\/www.m-q.ch\/wp-content\/uploads\/2020\/12\/cropped-logo_small.png\",\"width\":512,\"height\":512,\"caption\":\"Galledia Fachmedien AG\"},\"image\":{\"@id\":\"https:\/\/www.m-q.ch\/fr\/#\/schema\/logo\/image\/\"},\"sameAs\":[\"https:\/\/www.facebook.com\/ManagementUndQualitaet\",\"https:\/\/www.linkedin.com\/showcase\/17982321\/admin\/\"]},{\"@type\":\"Person\",\"@id\":\"https:\/\/www.m-q.ch\/fr\/#\/schema\/person\/0bdf39ca27d0b9b779f5b8af54b3f7d7\",\"name\":\"upwork_1\",\"image\":{\"@type\":\"ImageObject\",\"inLanguage\":\"de\",\"@id\":\"https:\/\/www.m-q.ch\/fr\/#\/schema\/person\/image\/\",\"url\":\"https:\/\/secure.gravatar.com\/avatar\/04d4d0fdc5886d535809f17d0eace7f6?s=96&d=mm&r=g\",\"contentUrl\":\"https:\/\/secure.gravatar.com\/avatar\/04d4d0fdc5886d535809f17d0eace7f6?s=96&d=mm&r=g\",\"caption\":\"upwork_1\"},\"url\":\"https:\/\/www.m-q.ch\/de\/author\/upwork_1\/\"}]}<\/script>\n<!-- \/ Yoast SEO plugin. -->","yoast_head_json":{"title":"Die Krux mit dem \u00d6kolabel - MQ Management und Qualit\u00e4t","description":"\u00abAuch das noch\u00bb, denkt sich Hannes.Wieder mal ist an der Gesch\u00e4ftsleitersitzungihm das Detailkonzeptaufgehalst worden.Das Unternehmen hat sich eineneue Teilstrategie gegeben. Nebenden klassischen Erfolgsfaktorenhat es sich \u00abNachhaltigkeit\u00bbauf die Fahne geschrieben. Dasinternationale \u00d6kolabel soll angestrebtwerden, damit der Kundeweiss, dass hier nicht nur gut,sondern auch nachhaltig undbiologisch gearbeitet wird.","robots":{"index":"index","follow":"follow","max-snippet":"max-snippet:-1","max-image-preview":"max-image-preview:large","max-video-preview":"max-video-preview:-1"},"canonical":"https:\/\/www.m-q.ch\/de\/die-krux-mit-dem-oekolabel\/","og_locale":"de_DE","og_type":"article","og_title":"Die Krux mit dem \u00d6kolabel - MQ Management und Qualit\u00e4t","og_description":"\u00abAuch das noch\u00bb, denkt sich Hannes.Wieder mal ist an der Gesch\u00e4ftsleitersitzungihm das Detailkonzeptaufgehalst worden.Das Unternehmen hat sich eineneue Teilstrategie gegeben. Nebenden klassischen Erfolgsfaktorenhat es sich \u00abNachhaltigkeit\u00bbauf die Fahne geschrieben. Dasinternationale \u00d6kolabel soll angestrebtwerden, damit der Kundeweiss, dass hier nicht nur gut,sondern auch nachhaltig undbiologisch gearbeitet wird.","og_url":"https:\/\/www.m-q.ch\/de\/die-krux-mit-dem-oekolabel\/","og_site_name":"MQ Management und Qualit\u00e4t","article_publisher":"https:\/\/www.facebook.com\/ManagementUndQualitaet","article_published_time":"2016-12-23T13:47:39+00:00","article_modified_time":"2021-02-15T14:55:50+00:00","author":"upwork_1","twitter_card":"summary_large_image","twitter_misc":{"Verfasst von":"upwork_1","Gesch\u00e4tzte Lesezeit":"4\u00a0Minuten"},"schema":{"@context":"https:\/\/schema.org","@graph":[{"@type":"Article","@id":"https:\/\/www.m-q.ch\/die-krux-mit-dem-oekolabel\/#article","isPartOf":{"@id":"https:\/\/www.m-q.ch\/die-krux-mit-dem-oekolabel\/"},"author":{"name":"upwork_1","@id":"https:\/\/www.m-q.ch\/fr\/#\/schema\/person\/0bdf39ca27d0b9b779f5b8af54b3f7d7"},"headline":"Die Krux mit dem \u00d6kolabel","datePublished":"2016-12-23T13:47:39+00:00","dateModified":"2021-02-15T14:55:50+00:00","mainEntityOfPage":{"@id":"https:\/\/www.m-q.ch\/die-krux-mit-dem-oekolabel\/"},"wordCount":725,"publisher":{"@id":"https:\/\/www.m-q.ch\/fr\/#organization"},"keywords":["12\/2016"],"inLanguage":"de"},{"@type":"WebPage","@id":"https:\/\/www.m-q.ch\/die-krux-mit-dem-oekolabel\/","url":"https:\/\/www.m-q.ch\/die-krux-mit-dem-oekolabel\/","name":"Die Krux mit dem \u00d6kolabel - MQ Management und Qualit\u00e4t","isPartOf":{"@id":"https:\/\/www.m-q.ch\/fr\/#website"},"datePublished":"2016-12-23T13:47:39+00:00","dateModified":"2021-02-15T14:55:50+00:00","description":"\u00abAuch das noch\u00bb, denkt sich Hannes.Wieder mal ist an der Gesch\u00e4ftsleitersitzungihm das Detailkonzeptaufgehalst worden.Das Unternehmen hat sich eineneue Teilstrategie gegeben. Nebenden klassischen Erfolgsfaktorenhat es sich \u00abNachhaltigkeit\u00bbauf die Fahne geschrieben. Dasinternationale \u00d6kolabel soll angestrebtwerden, damit der Kundeweiss, dass hier nicht nur gut,sondern auch nachhaltig undbiologisch gearbeitet wird.","breadcrumb":{"@id":"https:\/\/www.m-q.ch\/die-krux-mit-dem-oekolabel\/#breadcrumb"},"inLanguage":"de","potentialAction":[{"@type":"ReadAction","target":["https:\/\/www.m-q.ch\/die-krux-mit-dem-oekolabel\/"]}]},{"@type":"BreadcrumbList","@id":"https:\/\/www.m-q.ch\/die-krux-mit-dem-oekolabel\/#breadcrumb","itemListElement":[{"@type":"ListItem","position":1,"name":"Allgemein","item":"https:\/\/www.m-q.ch\/kategorie\/allgemein\/"},{"@type":"ListItem","position":2,"name":"Die Krux mit dem \u00d6kolabel"}]},{"@type":"WebSite","@id":"https:\/\/www.m-q.ch\/fr\/#website","url":"https:\/\/www.m-q.ch\/fr\/","name":"MQ Management und Qualit\u00e4t","description":"Plattform f\u00fcr integrierte Managementsysteme.","publisher":{"@id":"https:\/\/www.m-q.ch\/fr\/#organization"},"potentialAction":[{"@type":"SearchAction","target":{"@type":"EntryPoint","urlTemplate":"https:\/\/www.m-q.ch\/fr\/?s={search_term_string}"},"query-input":{"@type":"PropertyValueSpecification","valueRequired":true,"valueName":"search_term_string"}}],"inLanguage":"de"},{"@type":"Organization","@id":"https:\/\/www.m-q.ch\/fr\/#organization","name":"Galledia Fachmedien AG","url":"https:\/\/www.m-q.ch\/fr\/","logo":{"@type":"ImageObject","inLanguage":"de","@id":"https:\/\/www.m-q.ch\/fr\/#\/schema\/logo\/image\/","url":"https:\/\/www.m-q.ch\/wp-content\/uploads\/2020\/12\/cropped-logo_small.png","contentUrl":"https:\/\/www.m-q.ch\/wp-content\/uploads\/2020\/12\/cropped-logo_small.png","width":512,"height":512,"caption":"Galledia Fachmedien AG"},"image":{"@id":"https:\/\/www.m-q.ch\/fr\/#\/schema\/logo\/image\/"},"sameAs":["https:\/\/www.facebook.com\/ManagementUndQualitaet","https:\/\/www.linkedin.com\/showcase\/17982321\/admin\/"]},{"@type":"Person","@id":"https:\/\/www.m-q.ch\/fr\/#\/schema\/person\/0bdf39ca27d0b9b779f5b8af54b3f7d7","name":"upwork_1","image":{"@type":"ImageObject","inLanguage":"de","@id":"https:\/\/www.m-q.ch\/fr\/#\/schema\/person\/image\/","url":"https:\/\/secure.gravatar.com\/avatar\/04d4d0fdc5886d535809f17d0eace7f6?s=96&d=mm&r=g","contentUrl":"https:\/\/secure.gravatar.com\/avatar\/04d4d0fdc5886d535809f17d0eace7f6?s=96&d=mm&r=g","caption":"upwork_1"},"url":"https:\/\/www.m-q.ch\/de\/author\/upwork_1\/"}]}},"_links":{"self":[{"href":"https:\/\/www.m-q.ch\/de\/wp-json\/wp\/v2\/posts\/12108","targetHints":{"allow":["GET"]}}],"collection":[{"href":"https:\/\/www.m-q.ch\/de\/wp-json\/wp\/v2\/posts"}],"about":[{"href":"https:\/\/www.m-q.ch\/de\/wp-json\/wp\/v2\/types\/post"}],"author":[{"embeddable":true,"href":"https:\/\/www.m-q.ch\/de\/wp-json\/wp\/v2\/users\/66"}],"replies":[{"embeddable":true,"href":"https:\/\/www.m-q.ch\/de\/wp-json\/wp\/v2\/comments?post=12108"}],"version-history":[{"count":1,"href":"https:\/\/www.m-q.ch\/de\/wp-json\/wp\/v2\/posts\/12108\/revisions"}],"predecessor-version":[{"id":12166,"href":"https:\/\/www.m-q.ch\/de\/wp-json\/wp\/v2\/posts\/12108\/revisions\/12166"}],"wp:attachment":[{"href":"https:\/\/www.m-q.ch\/de\/wp-json\/wp\/v2\/media?parent=12108"}],"wp:term":[{"taxonomy":"category","embeddable":true,"href":"https:\/\/www.m-q.ch\/de\/wp-json\/wp\/v2\/categories?post=12108"},{"taxonomy":"post_tag","embeddable":true,"href":"https:\/\/www.m-q.ch\/de\/wp-json\/wp\/v2\/tags?post=12108"}],"curies":[{"name":"wp","href":"https:\/\/api.w.org\/{rel}","templated":true}]}}