{"id":12110,"date":"2016-12-03T14:49:10","date_gmt":"2016-12-03T13:49:10","guid":{"rendered":"https:\/\/www.m-q.ch\/?p=12110"},"modified":"2021-02-15T15:03:31","modified_gmt":"2021-02-15T14:03:31","slug":"ueber-den-digitalen-wandel-in-der-arbeitswelt","status":"publish","type":"post","link":"https:\/\/www.m-q.ch\/de\/ueber-den-digitalen-wandel-in-der-arbeitswelt\/","title":{"rendered":"\u00dcber den digitalen Wandel in der Arbeitswelt"},"content":{"rendered":"<p>Als Antwort auf die rasanten Entwicklungen und sich wandelnden Kundenbed\u00fcrfnisse m\u00fcssen Unternehmen und Mitarbeitende heute ein hohes Mass an Digital Business Agility (DBA) zeigen. Diese bezeichnet die Flexibilit\u00e4t, auf digitale Chancen wie auch Gefahren entsprechend reagieren zu k\u00f6nnen. Andernfalls drohen Unternehmen durch neugegr\u00fcndete Firmen, die sich die Digitalisierung zunutze machen, vom Markt verdr\u00e4ngt zu werden.<\/p>\n<p><strong>Unternehmen haben noch viel Arbeit vor sich<\/strong><\/p>\n<p>&nbsp;<\/p>\n<p>Im Rahmen einer Studie \u00fcber die Ver\u00e4nderung der Arbeitskr\u00e4fte im digitalen Zeitalter befragte das Global Center for Digital Business Transformation, eine Initiative von IMD und Cisco, insgesamt 941 F\u00fchrungskr\u00e4fte. Dabei stellte sich heraus, dass weltweit weniger als zehn Prozent der Unternehmen ihr eigenes Personalmanagement in Bezug auf die drei Grundkompetenzen f\u00fcr Digital Business Agility, n\u00e4mlich <em>Hyperawareness, Informed Decision Making sowie Fast Execution<\/em>, als exzellent bewerten w\u00fcrden. W\u00e4hrend Hyperawareness bedeutet, mittels neuer Technologien und M\u00f6glichkeiten einzigartige Mitarbeiter-Insights in neue Gesch\u00e4ftsprozesse integrieren zu k\u00f6nnen, meint Informed Decision Making, dass jeder informierte Mitarbeitende zur Stimme des Unternehmens werden kann. Denn erfolgreiche Innovationen entstehen durch die Einbindung verschiedenster Perspektiven, Skills und Know-how in die Gesch\u00e4ftsprozesse. Fast Execution beschreibt letztlich das Sicherstellen dessen, dass qualifiziertes Personal mit den erforderlichen Skills, Erfahrungen und Perspektiven ausgestattet wird, um Entscheidungen entsprechend schnell umsetzen zu k\u00f6nnen.<\/p>\n<p><strong>Neue Technologien allein reichen nicht aus<\/strong><\/p>\n<p>&nbsp;<\/p>\n<p>Viele Unternehmen passen ihre Gesch\u00e4ftsabl\u00e4ufe zwar zunehmend an die Digitalisierung an, verlassen sich dabei jedoch oftmals ausschliesslich auf die Einf\u00fchrung neuer IT-Technologien, um Innovationsprozesse voranzutreiben. Das Potenzial des eigenen Personals wird bei der Digitalisierung h\u00e4ufig vernachl\u00e4ssigt. Das ist bedenklich. Denn Unternehmen, die \u00fcber die letzten f\u00fcnf Jahre eine h\u00f6here Digital Business Agility im Personal zeigten, konnten eine dreimal bessere finanzielle Entwicklung im Vergleich zu Unternehmen ohne DBA verzeichnen.<\/p>\n<p><strong>\u00abWorkforce Digitization\u00bb als Grundvoraussetzung<\/strong><\/p>\n<p>&nbsp;<\/p>\n<p>Ein wesentlicher Schl\u00fcssel zum Erfolg ist also auch hier einmal mehr das Personal. Mitarbeitende sollten sich heute in einer Arbeitsumgebung wiederfinden, in der sie flexibel mit digitalen Chancen und Gefahren umgehen k\u00f6nnen. Ferner stellt die sich wandelnde Erwartungshaltung von Kunden an Kommunikation, Services und Produktangebot eine wesentliche Herausforderung dar. Um all dem gerecht werden und international mithalten zu k\u00f6nnen, m\u00fcssen Mitarbeitende digitaler werden. Voraussetzung hierf\u00fcr ist eine innovative und moderne Arbeitsumgebung, die Menschen, Gesch\u00e4ftsprozesse und Technologien dank fortschrittlicher Tools miteinander verbindet. \u00abWorkforce Digitization\u00bb sollte unter anderem dazu f\u00fchren, dass Mitarbeitende flexibel und ortsunabh\u00e4ngig arbeiten k\u00f6nnen. Der Zugriff auf alle ben\u00f6tigten IT-Ressourcen, Gesch\u00e4ftsanwendungen, Dokumente und Daten muss jederzeit gew\u00e4hrleistet sein \u2013 ganz gleich, ob sich ein Mitarbeitender im B\u00fcro, vor Ort beim Kunden oder im Home-Office befindet.<\/p>\n<p><strong>Traditionelle B\u00fcrokonzepte l\u00f6sen sich auf<\/strong><\/p>\n<p>&nbsp;<\/p>\n<p>Laut einer Studie des Beratungsunternehmens Deloitte arbeiten bereits 28 Prozent der Schweizer mindestens einen halben Tag pro Woche von zu Hause aus. Tendenz steigend. In Schweizer Unternehmen ist eine moderne Arbeitsplatzgestaltung sowie der Einsatz digitaler Technologien bereits weit verbreitet. Traditionelle B\u00fcrokonzepte l\u00f6sen sich immer mehr auf, shared desks und co-working spaces sind auf dem Vormarsch. Das zeichnet sich hierzulande bereits genauso ab wie die Tatsache, dass \u00abWorkforce Digitization\u00bb wesentlich dazu beitragen kann, Effizienz und Mehrwert von Produkten und Dienstleistungen zu steigern. Und dennoch: Obwohl sich Schweizer Betriebe als innovativ und kompetitiv zeigen, m\u00fcssten sie t\u00fcchtig die \u00c4rmel hochkrempeln, um in Sachen Digitalisierung eine Vorreiterrolle im internationalen Vergleich einzunehmen. Bisher ist kein Unternehmen in der Digital Economy der Schweiz gross geworden. Einer der Gr\u00fcnde daf\u00fcr d\u00fcrfte die sehr sicherheitsaffine Schweizer Kultur sein. Grosse Gesch\u00e4ftsrisiken m\u00f6chte hierzulande niemand eingehen. \u00abGr\u00f6sser\u00bb denken k\u00f6nnte in Hinblick auf die Berufswelt der Zukunft jedoch durchaus Sinn machen.<\/p>\n<p>&nbsp;<\/p>\n","protected":false},"excerpt":{"rendered":"<p>Als Antwort auf die rasanten Entwicklungen und sich wandelnden Kundenbed\u00fcrfnisse m\u00fcssen Unternehmen und Mitarbeitende heute ein hohes Mass an Digital Business Agility (DBA) zeigen. Diese bezeichnet die Flexibilit\u00e4t, auf digitale Chancen wie auch Gefahren entsprechend reagieren zu k\u00f6nnen. Andernfalls drohen Unternehmen durch neugegr\u00fcndete Firmen, die sich die Digitalisierung zunutze machen, vom Markt verdr\u00e4ngt zu werden. [&hellip;]<\/p>\n","protected":false},"author":66,"featured_media":0,"comment_status":"closed","ping_status":"closed","sticky":false,"template":"","format":"standard","meta":{"_acf_changed":false,"footnotes":""},"categories":[5],"tags":[4793],"class_list":["post-12110","post","type-post","status-publish","format-standard","hentry","category-business_excellence","tag-12-2016"],"acf":[],"yoast_head":"<!-- This site is optimized with the Yoast SEO plugin v26.2 - https:\/\/yoast.com\/wordpress\/plugins\/seo\/ -->\n<title>\u00dcber den digitalen Wandel in der Arbeitswelt - MQ Management und Qualit\u00e4t<\/title>\n<meta name=\"description\" content=\"Sie ver\u00e4ndert nicht nur unser Privat-, sondernzunehmend auch unser Berufsleben: die Digitalisierung.Wie digital muss ein Unternehmenheute sein? Was heisst das f\u00fcr Mitarbeitende?\" \/>\n<meta name=\"robots\" content=\"index, follow, max-snippet:-1, max-image-preview:large, max-video-preview:-1\" \/>\n<link rel=\"canonical\" href=\"https:\/\/www.m-q.ch\/de\/ueber-den-digitalen-wandel-in-der-arbeitswelt\/\" \/>\n<meta property=\"og:locale\" content=\"de_DE\" \/>\n<meta property=\"og:type\" content=\"article\" \/>\n<meta property=\"og:title\" content=\"\u00dcber den digitalen Wandel in der Arbeitswelt - MQ Management und Qualit\u00e4t\" \/>\n<meta property=\"og:description\" content=\"Sie ver\u00e4ndert nicht nur unser Privat-, sondernzunehmend auch unser Berufsleben: die Digitalisierung.Wie digital muss ein Unternehmenheute sein? Was heisst das f\u00fcr Mitarbeitende?\" \/>\n<meta property=\"og:url\" content=\"https:\/\/www.m-q.ch\/de\/ueber-den-digitalen-wandel-in-der-arbeitswelt\/\" \/>\n<meta property=\"og:site_name\" content=\"MQ Management und Qualit\u00e4t\" \/>\n<meta property=\"article:publisher\" content=\"https:\/\/www.facebook.com\/ManagementUndQualitaet\" \/>\n<meta property=\"article:published_time\" content=\"2016-12-03T13:49:10+00:00\" \/>\n<meta property=\"article:modified_time\" content=\"2021-02-15T14:03:31+00:00\" \/>\n<meta name=\"author\" content=\"upwork_1\" \/>\n<meta name=\"twitter:card\" content=\"summary_large_image\" \/>\n<meta name=\"twitter:label1\" content=\"Verfasst von\" \/>\n\t<meta name=\"twitter:data1\" content=\"upwork_1\" \/>\n\t<meta name=\"twitter:label2\" content=\"Gesch\u00e4tzte Lesezeit\" \/>\n\t<meta name=\"twitter:data2\" content=\"3\u00a0Minuten\" \/>\n<script type=\"application\/ld+json\" class=\"yoast-schema-graph\">{\"@context\":\"https:\/\/schema.org\",\"@graph\":[{\"@type\":\"Article\",\"@id\":\"https:\/\/www.m-q.ch\/ueber-den-digitalen-wandel-in-der-arbeitswelt\/#article\",\"isPartOf\":{\"@id\":\"https:\/\/www.m-q.ch\/ueber-den-digitalen-wandel-in-der-arbeitswelt\/\"},\"author\":{\"name\":\"upwork_1\",\"@id\":\"https:\/\/www.m-q.ch\/fr\/#\/schema\/person\/0bdf39ca27d0b9b779f5b8af54b3f7d7\"},\"headline\":\"\u00dcber den digitalen Wandel in der Arbeitswelt\",\"datePublished\":\"2016-12-03T13:49:10+00:00\",\"dateModified\":\"2021-02-15T14:03:31+00:00\",\"mainEntityOfPage\":{\"@id\":\"https:\/\/www.m-q.ch\/ueber-den-digitalen-wandel-in-der-arbeitswelt\/\"},\"wordCount\":620,\"publisher\":{\"@id\":\"https:\/\/www.m-q.ch\/fr\/#organization\"},\"keywords\":[\"12\/2016\"],\"articleSection\":[\"Business Excellence\"],\"inLanguage\":\"de\"},{\"@type\":\"WebPage\",\"@id\":\"https:\/\/www.m-q.ch\/ueber-den-digitalen-wandel-in-der-arbeitswelt\/\",\"url\":\"https:\/\/www.m-q.ch\/ueber-den-digitalen-wandel-in-der-arbeitswelt\/\",\"name\":\"\u00dcber den digitalen Wandel in der Arbeitswelt - MQ Management und Qualit\u00e4t\",\"isPartOf\":{\"@id\":\"https:\/\/www.m-q.ch\/fr\/#website\"},\"datePublished\":\"2016-12-03T13:49:10+00:00\",\"dateModified\":\"2021-02-15T14:03:31+00:00\",\"description\":\"Sie ver\u00e4ndert nicht nur unser Privat-, sondernzunehmend auch unser Berufsleben: die Digitalisierung.Wie digital muss ein Unternehmenheute sein? Was heisst das f\u00fcr Mitarbeitende?\",\"breadcrumb\":{\"@id\":\"https:\/\/www.m-q.ch\/ueber-den-digitalen-wandel-in-der-arbeitswelt\/#breadcrumb\"},\"inLanguage\":\"de\",\"potentialAction\":[{\"@type\":\"ReadAction\",\"target\":[\"https:\/\/www.m-q.ch\/ueber-den-digitalen-wandel-in-der-arbeitswelt\/\"]}]},{\"@type\":\"BreadcrumbList\",\"@id\":\"https:\/\/www.m-q.ch\/ueber-den-digitalen-wandel-in-der-arbeitswelt\/#breadcrumb\",\"itemListElement\":[{\"@type\":\"ListItem\",\"position\":1,\"name\":\"Business Excellence\",\"item\":\"https:\/\/www.m-q.ch\/kategorie\/business_excellence\/\"},{\"@type\":\"ListItem\",\"position\":2,\"name\":\"\u00dcber den digitalen Wandel in der Arbeitswelt\"}]},{\"@type\":\"WebSite\",\"@id\":\"https:\/\/www.m-q.ch\/fr\/#website\",\"url\":\"https:\/\/www.m-q.ch\/fr\/\",\"name\":\"MQ Management und Qualit\u00e4t\",\"description\":\"Plattform f\u00fcr integrierte Managementsysteme.\",\"publisher\":{\"@id\":\"https:\/\/www.m-q.ch\/fr\/#organization\"},\"potentialAction\":[{\"@type\":\"SearchAction\",\"target\":{\"@type\":\"EntryPoint\",\"urlTemplate\":\"https:\/\/www.m-q.ch\/fr\/?s={search_term_string}\"},\"query-input\":{\"@type\":\"PropertyValueSpecification\",\"valueRequired\":true,\"valueName\":\"search_term_string\"}}],\"inLanguage\":\"de\"},{\"@type\":\"Organization\",\"@id\":\"https:\/\/www.m-q.ch\/fr\/#organization\",\"name\":\"Galledia Fachmedien AG\",\"url\":\"https:\/\/www.m-q.ch\/fr\/\",\"logo\":{\"@type\":\"ImageObject\",\"inLanguage\":\"de\",\"@id\":\"https:\/\/www.m-q.ch\/fr\/#\/schema\/logo\/image\/\",\"url\":\"https:\/\/www.m-q.ch\/wp-content\/uploads\/2020\/12\/cropped-logo_small.png\",\"contentUrl\":\"https:\/\/www.m-q.ch\/wp-content\/uploads\/2020\/12\/cropped-logo_small.png\",\"width\":512,\"height\":512,\"caption\":\"Galledia Fachmedien AG\"},\"image\":{\"@id\":\"https:\/\/www.m-q.ch\/fr\/#\/schema\/logo\/image\/\"},\"sameAs\":[\"https:\/\/www.facebook.com\/ManagementUndQualitaet\",\"https:\/\/www.linkedin.com\/showcase\/17982321\/admin\/\"]},{\"@type\":\"Person\",\"@id\":\"https:\/\/www.m-q.ch\/fr\/#\/schema\/person\/0bdf39ca27d0b9b779f5b8af54b3f7d7\",\"name\":\"upwork_1\",\"image\":{\"@type\":\"ImageObject\",\"inLanguage\":\"de\",\"@id\":\"https:\/\/www.m-q.ch\/fr\/#\/schema\/person\/image\/\",\"url\":\"https:\/\/secure.gravatar.com\/avatar\/04d4d0fdc5886d535809f17d0eace7f6?s=96&d=mm&r=g\",\"contentUrl\":\"https:\/\/secure.gravatar.com\/avatar\/04d4d0fdc5886d535809f17d0eace7f6?s=96&d=mm&r=g\",\"caption\":\"upwork_1\"},\"url\":\"https:\/\/www.m-q.ch\/de\/author\/upwork_1\/\"}]}<\/script>\n<!-- \/ Yoast SEO plugin. -->","yoast_head_json":{"title":"\u00dcber den digitalen Wandel in der Arbeitswelt - MQ Management und Qualit\u00e4t","description":"Sie ver\u00e4ndert nicht nur unser Privat-, sondernzunehmend auch unser Berufsleben: die Digitalisierung.Wie digital muss ein Unternehmenheute sein? Was heisst das f\u00fcr Mitarbeitende?","robots":{"index":"index","follow":"follow","max-snippet":"max-snippet:-1","max-image-preview":"max-image-preview:large","max-video-preview":"max-video-preview:-1"},"canonical":"https:\/\/www.m-q.ch\/de\/ueber-den-digitalen-wandel-in-der-arbeitswelt\/","og_locale":"de_DE","og_type":"article","og_title":"\u00dcber den digitalen Wandel in der Arbeitswelt - MQ Management und Qualit\u00e4t","og_description":"Sie ver\u00e4ndert nicht nur unser Privat-, sondernzunehmend auch unser Berufsleben: die Digitalisierung.Wie digital muss ein Unternehmenheute sein? Was heisst das f\u00fcr Mitarbeitende?","og_url":"https:\/\/www.m-q.ch\/de\/ueber-den-digitalen-wandel-in-der-arbeitswelt\/","og_site_name":"MQ Management und Qualit\u00e4t","article_publisher":"https:\/\/www.facebook.com\/ManagementUndQualitaet","article_published_time":"2016-12-03T13:49:10+00:00","article_modified_time":"2021-02-15T14:03:31+00:00","author":"upwork_1","twitter_card":"summary_large_image","twitter_misc":{"Verfasst von":"upwork_1","Gesch\u00e4tzte Lesezeit":"3\u00a0Minuten"},"schema":{"@context":"https:\/\/schema.org","@graph":[{"@type":"Article","@id":"https:\/\/www.m-q.ch\/ueber-den-digitalen-wandel-in-der-arbeitswelt\/#article","isPartOf":{"@id":"https:\/\/www.m-q.ch\/ueber-den-digitalen-wandel-in-der-arbeitswelt\/"},"author":{"name":"upwork_1","@id":"https:\/\/www.m-q.ch\/fr\/#\/schema\/person\/0bdf39ca27d0b9b779f5b8af54b3f7d7"},"headline":"\u00dcber den digitalen Wandel in der Arbeitswelt","datePublished":"2016-12-03T13:49:10+00:00","dateModified":"2021-02-15T14:03:31+00:00","mainEntityOfPage":{"@id":"https:\/\/www.m-q.ch\/ueber-den-digitalen-wandel-in-der-arbeitswelt\/"},"wordCount":620,"publisher":{"@id":"https:\/\/www.m-q.ch\/fr\/#organization"},"keywords":["12\/2016"],"articleSection":["Business Excellence"],"inLanguage":"de"},{"@type":"WebPage","@id":"https:\/\/www.m-q.ch\/ueber-den-digitalen-wandel-in-der-arbeitswelt\/","url":"https:\/\/www.m-q.ch\/ueber-den-digitalen-wandel-in-der-arbeitswelt\/","name":"\u00dcber den digitalen Wandel in der Arbeitswelt - MQ Management und Qualit\u00e4t","isPartOf":{"@id":"https:\/\/www.m-q.ch\/fr\/#website"},"datePublished":"2016-12-03T13:49:10+00:00","dateModified":"2021-02-15T14:03:31+00:00","description":"Sie ver\u00e4ndert nicht nur unser Privat-, sondernzunehmend auch unser Berufsleben: die Digitalisierung.Wie digital muss ein Unternehmenheute sein? Was heisst das f\u00fcr Mitarbeitende?","breadcrumb":{"@id":"https:\/\/www.m-q.ch\/ueber-den-digitalen-wandel-in-der-arbeitswelt\/#breadcrumb"},"inLanguage":"de","potentialAction":[{"@type":"ReadAction","target":["https:\/\/www.m-q.ch\/ueber-den-digitalen-wandel-in-der-arbeitswelt\/"]}]},{"@type":"BreadcrumbList","@id":"https:\/\/www.m-q.ch\/ueber-den-digitalen-wandel-in-der-arbeitswelt\/#breadcrumb","itemListElement":[{"@type":"ListItem","position":1,"name":"Business Excellence","item":"https:\/\/www.m-q.ch\/kategorie\/business_excellence\/"},{"@type":"ListItem","position":2,"name":"\u00dcber den digitalen Wandel in der Arbeitswelt"}]},{"@type":"WebSite","@id":"https:\/\/www.m-q.ch\/fr\/#website","url":"https:\/\/www.m-q.ch\/fr\/","name":"MQ Management und Qualit\u00e4t","description":"Plattform f\u00fcr integrierte Managementsysteme.","publisher":{"@id":"https:\/\/www.m-q.ch\/fr\/#organization"},"potentialAction":[{"@type":"SearchAction","target":{"@type":"EntryPoint","urlTemplate":"https:\/\/www.m-q.ch\/fr\/?s={search_term_string}"},"query-input":{"@type":"PropertyValueSpecification","valueRequired":true,"valueName":"search_term_string"}}],"inLanguage":"de"},{"@type":"Organization","@id":"https:\/\/www.m-q.ch\/fr\/#organization","name":"Galledia Fachmedien AG","url":"https:\/\/www.m-q.ch\/fr\/","logo":{"@type":"ImageObject","inLanguage":"de","@id":"https:\/\/www.m-q.ch\/fr\/#\/schema\/logo\/image\/","url":"https:\/\/www.m-q.ch\/wp-content\/uploads\/2020\/12\/cropped-logo_small.png","contentUrl":"https:\/\/www.m-q.ch\/wp-content\/uploads\/2020\/12\/cropped-logo_small.png","width":512,"height":512,"caption":"Galledia Fachmedien AG"},"image":{"@id":"https:\/\/www.m-q.ch\/fr\/#\/schema\/logo\/image\/"},"sameAs":["https:\/\/www.facebook.com\/ManagementUndQualitaet","https:\/\/www.linkedin.com\/showcase\/17982321\/admin\/"]},{"@type":"Person","@id":"https:\/\/www.m-q.ch\/fr\/#\/schema\/person\/0bdf39ca27d0b9b779f5b8af54b3f7d7","name":"upwork_1","image":{"@type":"ImageObject","inLanguage":"de","@id":"https:\/\/www.m-q.ch\/fr\/#\/schema\/person\/image\/","url":"https:\/\/secure.gravatar.com\/avatar\/04d4d0fdc5886d535809f17d0eace7f6?s=96&d=mm&r=g","contentUrl":"https:\/\/secure.gravatar.com\/avatar\/04d4d0fdc5886d535809f17d0eace7f6?s=96&d=mm&r=g","caption":"upwork_1"},"url":"https:\/\/www.m-q.ch\/de\/author\/upwork_1\/"}]}},"_links":{"self":[{"href":"https:\/\/www.m-q.ch\/de\/wp-json\/wp\/v2\/posts\/12110","targetHints":{"allow":["GET"]}}],"collection":[{"href":"https:\/\/www.m-q.ch\/de\/wp-json\/wp\/v2\/posts"}],"about":[{"href":"https:\/\/www.m-q.ch\/de\/wp-json\/wp\/v2\/types\/post"}],"author":[{"embeddable":true,"href":"https:\/\/www.m-q.ch\/de\/wp-json\/wp\/v2\/users\/66"}],"replies":[{"embeddable":true,"href":"https:\/\/www.m-q.ch\/de\/wp-json\/wp\/v2\/comments?post=12110"}],"version-history":[{"count":1,"href":"https:\/\/www.m-q.ch\/de\/wp-json\/wp\/v2\/posts\/12110\/revisions"}],"predecessor-version":[{"id":12127,"href":"https:\/\/www.m-q.ch\/de\/wp-json\/wp\/v2\/posts\/12110\/revisions\/12127"}],"wp:attachment":[{"href":"https:\/\/www.m-q.ch\/de\/wp-json\/wp\/v2\/media?parent=12110"}],"wp:term":[{"taxonomy":"category","embeddable":true,"href":"https:\/\/www.m-q.ch\/de\/wp-json\/wp\/v2\/categories?post=12110"},{"taxonomy":"post_tag","embeddable":true,"href":"https:\/\/www.m-q.ch\/de\/wp-json\/wp\/v2\/tags?post=12110"}],"curies":[{"name":"wp","href":"https:\/\/api.w.org\/{rel}","templated":true}]}}