{"id":12121,"date":"2016-11-11T14:57:19","date_gmt":"2016-11-11T13:57:19","guid":{"rendered":"https:\/\/www.m-q.ch\/?p=12121"},"modified":"2021-02-15T15:07:23","modified_gmt":"2021-02-15T14:07:23","slug":"angewandte-und-vorgelebte-soziale-verantwortung","status":"publish","type":"post","link":"https:\/\/www.m-q.ch\/de\/angewandte-und-vorgelebte-soziale-verantwortung\/","title":{"rendered":"Angewandte und vorgelebte soziale Verantwortung"},"content":{"rendered":"<p><img loading=\"lazy\" decoding=\"async\" class=\"alignnone size-full wp-image-12126\" src=\"https:\/\/www.m-q.ch\/wp-content\/uploads\/2021\/02\/Angewandte-und-vorgelebte-soziale-Verantwortung.jpg\" alt=\"Angewandte und vorgelebte soziale Verantwortung\" width=\"858\" height=\"522\" srcset=\"https:\/\/www.m-q.ch\/wp-content\/uploads\/2021\/02\/Angewandte-und-vorgelebte-soziale-Verantwortung.jpg 858w, https:\/\/www.m-q.ch\/wp-content\/uploads\/2021\/02\/Angewandte-und-vorgelebte-soziale-Verantwortung-768x467.jpg 768w, https:\/\/www.m-q.ch\/wp-content\/uploads\/2021\/02\/Angewandte-und-vorgelebte-soziale-Verantwortung-16x10.jpg 16w, https:\/\/www.m-q.ch\/wp-content\/uploads\/2021\/02\/Angewandte-und-vorgelebte-soziale-Verantwortung-288x175.jpg 288w, https:\/\/www.m-q.ch\/wp-content\/uploads\/2021\/02\/Angewandte-und-vorgelebte-soziale-Verantwortung-575x350.jpg 575w, https:\/\/www.m-q.ch\/wp-content\/uploads\/2021\/02\/Angewandte-und-vorgelebte-soziale-Verantwortung-300x183.jpg 300w\" sizes=\"auto, (max-width: 858px) 100vw, 858px\" \/><\/p>\n<p>&nbsp;<\/p>\n<p>&nbsp;<\/p>\n<p>&nbsp;<\/p>\n<p><em><strong>F<\/strong><\/em>\u00fcr die Querschnittgel\u00e4hmten in der Schweiz wird sehr viel getan: Wenn es die von Dr. Guido A. Z\u00e4ch gegr\u00fcndete Paraplegiker-Stiftung nicht g\u00e4be, m\u00fcsste man sie erfinden. Gleichsam die \u00abkleine Schwester\u00bb der Stiftung ist die Schweizer Paraplegiker-Vereinigung SPV. Der 1980 gegr\u00fcndete Verein ist der nationale Dachverband der Querschnittgel\u00e4hmten. In Nottwil, wo sich auch der Standort des \u00fcber die Landesgrenzen hinaus bekannten Paraplegiker-Zentrums mit seinen umfassenden medizinischen Einrichtungen f\u00fcr die Behandlung und Rehabilitation von Para- und Tetraplegie befindet, unterh\u00e4lt die SPV ihre Gesch\u00e4ftsstelle mit derzeit \u00fcber 60 fest angestellten Mitarbeitenden. Es handelt sich also um ein klassisches KMU. Geleitet wird dieses von Dr. Thomas Troger, seines Zeichens ein Vork\u00e4mpfer f\u00fcr wertsch\u00e4tzende F\u00fchrung.<\/p>\n<p><strong>Herr Dr. Troger, Sie durften mit Ihrer Organisation den ersten Preis des Swiss Arbeitgeber Awards in der Kategorie \u00ab50 \u2013 99 Mitarbeitende\u00bb entgegennehmen. Sicher eine grosse Genugtuung. Wie merken Sie nun selber bei Ihren Mitarbeitenden, dass Sie als Chef vieles richtig machen?<\/strong><\/p>\n<p>&nbsp;<\/p>\n<p>Thomas Troger: Das merke ich sehr einfach, indem meine Mitarbeitenden immer top-motiviert sind und mit Freude zur Arbeit kommen. Sie zeigen sich bereit, neue Aufgaben anzunehmen und sind offen f\u00fcr Ver\u00e4nderungen, auch kurzfristige. Dies alles sind Zeichen, dass ein Betrieb gut funktioniert. Ich selbst bin \u2013 als Walliser \u2013 sehr direkt und spreche alles klar und deutlich an, und dies stetig. Das sch\u00e4tzen die Mitarbeitenden. Denn Ehrlichkeit geh\u00f6rt einfach zu einer Kultur. Man muss Dinge auf den Tisch legen k\u00f6nnen, auch wenn es nicht immer angenehm ist. Wenn es bilateral mit dem direkten Vorgesetzten nicht klappt, muss man den Mut haben, sich auch an die n\u00e4chsth\u00f6here Stufe zu wenden. Denn wir Vorgesetzte sind gefordert, zu L\u00f6sungen zu kommen. Dies setzt eine Kultur des Vertrauens voraus \u2013 und diese fordere ich auch ein. Die Mitarbeitenden merken, dass sie gemeinsam die besseren Leistungen bringen als alleine. Darin besteht ja dann auch der Mehrwert einer Unternehmung, und ich begreife nicht, wie h\u00e4ufig Manager nicht sehen, dass man an den sog. weichen Faktoren arbeiten muss. Es gilt, am Mindset zu arbeiten und die Mitarbeitenden ins Boot zu holen. Es liegt auf der Hand, dass da nicht jeder Mitarbeitende reinpassen kann \u2013 nicht, weil er schlecht arbeitet, sondern weil er sich einfach mit der Unternehmenskultur nicht vertr\u00e4gt.<\/p>\n<p><strong>Worin bestehen f\u00fcr Sie die wichtigsten Eckpfeiler eines guten Arbeitgebers?<\/strong><\/p>\n<p>&nbsp;<\/p>\n<p>Ein guter Arbeitgeber muss \u00fcberlegen, wie er l\u00e4ngerfristig die j\u00fcngere Generation in ein Unternehmen bringt, auch wenn diese nicht \u00fcberall gleich \u00abfunktioniert\u00bb wie wir \u00c4lteren. Denn es gibt je l\u00e4nger je weniger Mitarbeitende auf dem Markt. Deshalb m\u00fcssen wir Wertsch\u00e4tzung und Vertrauen im Betrieb aufbauen, verbunden mit Glaubw\u00fcrdigkeit und Zuverl\u00e4ssigkeit als F\u00fchrungspersonen. Menschen \u2013 vor allem junge \u2013 gehen gerne dort arbeiten, wo es ihnen Freude macht, wo sie sich entwickeln und wo sie das Unternehmen mitgestalten k\u00f6nnen. Denn Mitarbeitende sind immer auch Mitunternehmer.<\/p>\n<p><strong>Und wie sieht das bei Ihnen praktisch aus?<\/strong><\/p>\n<p>&nbsp;<\/p>\n<p>Nur so ein Beispiel: Vollzeit-Mitarbeitende sind bei uns angehalten, pro Jahr 20 Verbesserungsvorschl\u00e4ge schriftlich einzureichen. So kann sich ein Mitarbeiter automatisch einbringen und die Unternehmensentwicklung mitgestalten. Als Unternehmen k\u00f6nnen wir nur funktionieren, wenn wir die weichen Faktoren pushen und Vorbilder schaffen, damit es auch \u00abNachbilder\u00bb gibt.<\/p>\n<p><strong>Wie kommt das \u00abEinfordern\u00bb von Verbesserungsvorschl\u00e4gen bei den Mitarbeitenden an?<\/strong><\/p>\n<p>&nbsp;<\/p>\n<p>Das funktioniert sehr gut. Es brauchte einiges an \u00dcberzeugungsarbeit f\u00fcr die Einf\u00fchrung. Damals erkl\u00e4rte ich den Leuten noch nicht, dass dies mit dem EFQM-Modell zusammenh\u00e4ngt. Es geht mir darum, die Mitarbeitenden zu mehr zu bef\u00e4higen; denn sie k\u00f6nnen in der Regel viel mehr, als man ihnen gemeinhin zutraut. Und diese F\u00e4higkeiten muss man abholen. F\u00fchrung ben\u00f6tigt Anforderungen; man muss Ziele setzen, sonst ficht man im Nebel. Und nicht zuletzt muss ich als Chef Verhaltens\u00e4nderungen, die ich erreichen will, auch selbst vorleben. Verbesserungsvorschl\u00e4ge zu machen und einzufordern, ist dazu ein gutes Instrument. Es ist zwar aufwendig und ben\u00f6tigt ein Commitment von allen. Doch mit der Zeit geht dies in die Kultur des Unternehmens \u00fcber. Indem sie Verbesserungsvorschl\u00e4ge einreichen m\u00fcssen, f\u00fchlen sich Mitarbeitende auch ernst genommen. Ein Schl\u00fcsselerlebnis hatte ich vor bald 30 Jahren als frischgebackene F\u00fchrungskraft: Voller Elan reichte ich aus eigenem Antrieb schriftliche Verbesserungsvorschl\u00e4ge bei meinem Chef ein. Diese wurden aber einfach schubladisiert. Es ist doch himmeltraurig, wenn der Chef bei der Umsetzung der Flaschenhals ist. Ein Chef muss Coach sein und nicht einfach ein besserer Sachbearbeiter.<\/p>\n<p><strong>Sie haben das EFQM-Modell erw\u00e4hnt. Welche Rolle spielt dieses in Ihrem Betrieb tats\u00e4chlich?<\/strong><\/p>\n<p>&nbsp;<\/p>\n<p>Zu viel wird in Unternehmen noch \u00fcber Kontrolle gef\u00fchrt. Klar: Gewisse Kontrollen und \u00dcberpr\u00fcfungen sind wichtig. Diesbez\u00fcglich besteht im Deming-Kreis Plan \u2013 Do \u2013 Check \u2013 Act ein hervorragendes Modell: Auch wir planen, f\u00fchren aus, pr\u00fcfen bzw. checken und agieren. Und im \u00abCheck\u00bb besteht genau dieses notwendige Kontrollinstrument. Da muss ich als Chef nicht noch zus\u00e4tzlich hinter jedem Mitarbeitenden stehen und fragen, ob er nun wirklich alles erledigt hat oder nicht. Aber: Wenn ich Freiraum gebe, dann erwarte ich Verantwortung. Wenn ich Vertrauen gebe, dann erhalte ich aber auch Leistung. Ich muss als Chef einfach etwas mein Ego zur\u00fcckfahren, dann geht das.<\/p>\n<p><strong>Und \u00fcber die eingehenden Verbesserungsvorschl\u00e4ge f\u00fchren Sie ja im gleichen Atemzug eine Qualit\u00e4tskontrolle, auch in Sachen F\u00fchrung.<\/strong><\/p>\n<p>&nbsp;<\/p>\n<p>Im Prinzip ja. Gegenw\u00e4rtig befassen sich viele Verbesserungsvorschl\u00e4ge mit der Digitalisierung und damit, was man alles mit Technologie optimieren kann. Es geht dabei vor allem um die Verbesserung von Prozessen. Denn wir sind verpflichtet, effizienter zu werden.<\/p>\n<p><strong>Die SPV ist eine Non-ProfitOrganisation. Muss man eine solche anders f\u00fchren als ein normales Unternehmen?<\/strong><\/p>\n<p>&nbsp;<\/p>\n<p>Nein, gar nicht. Denn man kann nicht alles auf \u00absoziale\u00bb Art tun. Es ist eine Illusion, einen Betrieb demokratisch f\u00fchren zu wollen. Aber wir haben auch bei 100 Mitarbeitenden eine flache Hierarchie. Die Herausforderung besteht darin, diese mit unserem Gedankengut an Bord zu holen. Gleichwohl muss der Verband auf alle Mitglieder eingehen. Zu diesem Zweck f\u00fchren wir regelm\u00e4ssig grosse Umfragen durch. Mitarbeiter-Umfragen f\u00fchren wir seit 1999 durch, zun\u00e4chst noch j\u00e4hrlich, heute alle zwei Jahre.<\/p>\n<p><strong>In Ihrer Organisation arbeiten Menschen mit und ohne Handicap barrierefrei zusammen. Inwiefern ist Diversity ein Muss f\u00fcr eine gesunde Unternehmenskultur?<\/strong><\/p>\n<p>&nbsp;<\/p>\n<p>Mein Vorg\u00e4nger war selbst Rollstuhlfahrer. Unter meiner F\u00fchrung wurden inzwischen noch mehr Rollstuhlfahrer eingestellt. Unser Anspruch ist es, den gesellschaftlichen Mindset zu ver\u00e4ndern. Deshalb arbeiten wir auch mit vielen Freiwilligen zusammen. Als Unternehmen muss man den Willen haben, Menschen mit Handicap einzustellen. In Sachen Diversity kann ich sagen, dass wir super unterwegs sind. Wir besch\u00e4ftigen viele Teilzeit-Angestellte. Auch M\u00fctter k\u00f6nnen nach einer Babypause problemlos wieder bei uns einsteigen. Ebenso bilden wir Lehrlinge aus; bei der j\u00fcngeren Generation ben\u00f6tigen wir heute zwar einen immer h\u00f6heren Aufwand, um sie l\u00e4ngerfristig einbinden zu k\u00f6nnen. Die Aussage, dass \u00fcber 50-j\u00e4hrige Mitarbeitende mehr kosten, muss man relativieren: Klar sind sie teurer, aber sie ben\u00f6tigen kaum mehr Integrationsaufwand \u2013 auch dank ihrer Lebenserfahrung.<\/p>\n<p><strong>Wenn ich Ihre Aussagen insgesamt zusammenfasse, dann l\u00e4sst sich behaupten: Bei der SPV findet man gelebte Corporate Social Responsibility?<\/strong><\/p>\n<p>&nbsp;<\/p>\n<p>Ja, das ist so. Ein weiteres Beispiel: Wir haben in unserem eigenen Reiseb\u00fcro einen hochgel\u00e4hmten Tetraplegiker eingestellt. Ihm muss man etwa auch beim Trinken helfen. Damit dies funktioniert, ben\u00f6tigt es viel Empathie durch die Arbeitskollegen, und das f\u00f6rdern wir. Wie beurteilen<\/p>\n<p><strong>Sie die aktuelle Situation bei der Wiedereingliederung von Menschen mit Handicap ganz allgemein?<\/strong><\/p>\n<p>&nbsp;<\/p>\n<p>Vieles hierzulande l\u00e4uft diesbez\u00fcglich sehr gut, die Zusammenarbeit z.B. mit IV-Stellen hat sich verbessert. Auch etwa die Suva macht eine sehr gute Arbeit, auch bei der Pr\u00e4vention. Ich beobachte, dass KMU grunds\u00e4tzlich sehr offen sind, Menschen mit Handicap zu \u00fcbernehmen. Die Patrons nehmen so ihre soziale Verantwortung wahr. Grossbetriebe, vor allem internationale Konzerne, haben diesbez\u00fcglich wom\u00f6glich noch Nachholbedarf. Aber unbestritten ist auch, dass Umschulungen aufwendig sind. Nicht alle Behinderten haben die F\u00e4higkeit, etwas ganz anderes machen zu k\u00f6nnen; ein 55-j\u00e4hriger Maurer kann nicht einfach Informatiker werden<\/p>\n","protected":false},"excerpt":{"rendered":"<p>&nbsp; &nbsp; &nbsp; F\u00fcr die Querschnittgel\u00e4hmten in der Schweiz wird sehr viel getan: Wenn es die von Dr. Guido A. Z\u00e4ch gegr\u00fcndete Paraplegiker-Stiftung nicht g\u00e4be, m\u00fcsste man sie erfinden. Gleichsam die \u00abkleine Schwester\u00bb der Stiftung ist die Schweizer Paraplegiker-Vereinigung SPV. Der 1980 gegr\u00fcndete Verein ist der nationale Dachverband der Querschnittgel\u00e4hmten. In Nottwil, wo sich auch [&hellip;]<\/p>\n","protected":false},"author":66,"featured_media":12126,"comment_status":"closed","ping_status":"closed","sticky":false,"template":"","format":"standard","meta":{"_acf_changed":false,"footnotes":""},"categories":[5],"tags":[4791],"class_list":["post-12121","post","type-post","status-publish","format-standard","has-post-thumbnail","hentry","category-business_excellence","tag-11-2016"],"acf":[],"yoast_head":"<!-- This site is optimized with the Yoast SEO plugin v26.2 - https:\/\/yoast.com\/wordpress\/plugins\/seo\/ -->\n<title>Angewandte und vorgelebte soziale Verantwortung - MQ Management und Qualit\u00e4t<\/title>\n<meta name=\"description\" content=\"An der letzten Verleihung des Swiss Arbeitgeber Awards waren die Paraplegiker die grossen Abr\u00e4umer: Nicht nur gewann die Schweizer ParaplegikerVereinigung SPV in ihrer Kategorie den ersten Preis, auch das Paraplegiker-Zentrum in Nottwil, quasi die \u00abSchwesterfirma\u00bb, schnitt mit dem vierten Rang in der Kategorie \u00abGrossunternehmen\u00bb sehr gut ab. Wo liegen die Geheimnisse dieses Erfolgs?\" \/>\n<meta name=\"robots\" content=\"index, follow, max-snippet:-1, max-image-preview:large, max-video-preview:-1\" \/>\n<link rel=\"canonical\" href=\"https:\/\/www.m-q.ch\/de\/angewandte-und-vorgelebte-soziale-verantwortung\/\" \/>\n<meta property=\"og:locale\" content=\"de_DE\" \/>\n<meta property=\"og:type\" content=\"article\" \/>\n<meta property=\"og:title\" content=\"Angewandte und vorgelebte soziale Verantwortung - MQ Management und Qualit\u00e4t\" \/>\n<meta property=\"og:description\" content=\"An der letzten Verleihung des Swiss Arbeitgeber Awards waren die Paraplegiker die grossen Abr\u00e4umer: Nicht nur gewann die Schweizer ParaplegikerVereinigung SPV in ihrer Kategorie den ersten Preis, auch das Paraplegiker-Zentrum in Nottwil, quasi die \u00abSchwesterfirma\u00bb, schnitt mit dem vierten Rang in der Kategorie \u00abGrossunternehmen\u00bb sehr gut ab. Wo liegen die Geheimnisse dieses Erfolgs?\" \/>\n<meta property=\"og:url\" content=\"https:\/\/www.m-q.ch\/de\/angewandte-und-vorgelebte-soziale-verantwortung\/\" \/>\n<meta property=\"og:site_name\" content=\"MQ Management und Qualit\u00e4t\" \/>\n<meta property=\"article:publisher\" content=\"https:\/\/www.facebook.com\/ManagementUndQualitaet\" \/>\n<meta property=\"article:published_time\" content=\"2016-11-11T13:57:19+00:00\" \/>\n<meta property=\"article:modified_time\" content=\"2021-02-15T14:07:23+00:00\" \/>\n<meta property=\"og:image\" content=\"https:\/\/www.m-q.ch\/wp-content\/uploads\/2021\/02\/Angewandte-und-vorgelebte-soziale-Verantwortung.jpg\" \/>\n\t<meta property=\"og:image:width\" content=\"858\" \/>\n\t<meta property=\"og:image:height\" content=\"522\" \/>\n\t<meta property=\"og:image:type\" content=\"image\/jpeg\" \/>\n<meta name=\"author\" content=\"upwork_1\" \/>\n<meta name=\"twitter:card\" content=\"summary_large_image\" \/>\n<meta name=\"twitter:label1\" content=\"Verfasst von\" \/>\n\t<meta name=\"twitter:data1\" content=\"upwork_1\" \/>\n\t<meta name=\"twitter:label2\" content=\"Gesch\u00e4tzte Lesezeit\" \/>\n\t<meta name=\"twitter:data2\" content=\"7\u00a0Minuten\" \/>\n<script type=\"application\/ld+json\" class=\"yoast-schema-graph\">{\"@context\":\"https:\/\/schema.org\",\"@graph\":[{\"@type\":\"Article\",\"@id\":\"https:\/\/www.m-q.ch\/angewandte-und-vorgelebte-soziale-verantwortung\/#article\",\"isPartOf\":{\"@id\":\"https:\/\/www.m-q.ch\/angewandte-und-vorgelebte-soziale-verantwortung\/\"},\"author\":{\"name\":\"upwork_1\",\"@id\":\"https:\/\/www.m-q.ch\/fr\/#\/schema\/person\/0bdf39ca27d0b9b779f5b8af54b3f7d7\"},\"headline\":\"Angewandte und vorgelebte soziale Verantwortung\",\"datePublished\":\"2016-11-11T13:57:19+00:00\",\"dateModified\":\"2021-02-15T14:07:23+00:00\",\"mainEntityOfPage\":{\"@id\":\"https:\/\/www.m-q.ch\/angewandte-und-vorgelebte-soziale-verantwortung\/\"},\"wordCount\":1359,\"publisher\":{\"@id\":\"https:\/\/www.m-q.ch\/fr\/#organization\"},\"image\":{\"@id\":\"https:\/\/www.m-q.ch\/angewandte-und-vorgelebte-soziale-verantwortung\/#primaryimage\"},\"thumbnailUrl\":\"https:\/\/www.m-q.ch\/wp-content\/uploads\/2021\/02\/Angewandte-und-vorgelebte-soziale-Verantwortung.jpg\",\"keywords\":[\"11\/2016\"],\"articleSection\":[\"Business Excellence\"],\"inLanguage\":\"de\"},{\"@type\":\"WebPage\",\"@id\":\"https:\/\/www.m-q.ch\/angewandte-und-vorgelebte-soziale-verantwortung\/\",\"url\":\"https:\/\/www.m-q.ch\/angewandte-und-vorgelebte-soziale-verantwortung\/\",\"name\":\"Angewandte und vorgelebte soziale Verantwortung - MQ Management und Qualit\u00e4t\",\"isPartOf\":{\"@id\":\"https:\/\/www.m-q.ch\/fr\/#website\"},\"primaryImageOfPage\":{\"@id\":\"https:\/\/www.m-q.ch\/angewandte-und-vorgelebte-soziale-verantwortung\/#primaryimage\"},\"image\":{\"@id\":\"https:\/\/www.m-q.ch\/angewandte-und-vorgelebte-soziale-verantwortung\/#primaryimage\"},\"thumbnailUrl\":\"https:\/\/www.m-q.ch\/wp-content\/uploads\/2021\/02\/Angewandte-und-vorgelebte-soziale-Verantwortung.jpg\",\"datePublished\":\"2016-11-11T13:57:19+00:00\",\"dateModified\":\"2021-02-15T14:07:23+00:00\",\"description\":\"An der letzten Verleihung des Swiss Arbeitgeber Awards waren die Paraplegiker die grossen Abr\u00e4umer: Nicht nur gewann die Schweizer ParaplegikerVereinigung SPV in ihrer Kategorie den ersten Preis, auch das Paraplegiker-Zentrum in Nottwil, quasi die \u00abSchwesterfirma\u00bb, schnitt mit dem vierten Rang in der Kategorie \u00abGrossunternehmen\u00bb sehr gut ab. Wo liegen die Geheimnisse dieses Erfolgs?\",\"breadcrumb\":{\"@id\":\"https:\/\/www.m-q.ch\/angewandte-und-vorgelebte-soziale-verantwortung\/#breadcrumb\"},\"inLanguage\":\"de\",\"potentialAction\":[{\"@type\":\"ReadAction\",\"target\":[\"https:\/\/www.m-q.ch\/angewandte-und-vorgelebte-soziale-verantwortung\/\"]}]},{\"@type\":\"ImageObject\",\"inLanguage\":\"de\",\"@id\":\"https:\/\/www.m-q.ch\/angewandte-und-vorgelebte-soziale-verantwortung\/#primaryimage\",\"url\":\"https:\/\/www.m-q.ch\/wp-content\/uploads\/2021\/02\/Angewandte-und-vorgelebte-soziale-Verantwortung.jpg\",\"contentUrl\":\"https:\/\/www.m-q.ch\/wp-content\/uploads\/2021\/02\/Angewandte-und-vorgelebte-soziale-Verantwortung.jpg\",\"width\":858,\"height\":522,\"caption\":\"Angewandte und vorgelebte soziale Verantwortung\"},{\"@type\":\"BreadcrumbList\",\"@id\":\"https:\/\/www.m-q.ch\/angewandte-und-vorgelebte-soziale-verantwortung\/#breadcrumb\",\"itemListElement\":[{\"@type\":\"ListItem\",\"position\":1,\"name\":\"Business Excellence\",\"item\":\"https:\/\/www.m-q.ch\/kategorie\/business_excellence\/\"},{\"@type\":\"ListItem\",\"position\":2,\"name\":\"Angewandte und vorgelebte soziale Verantwortung\"}]},{\"@type\":\"WebSite\",\"@id\":\"https:\/\/www.m-q.ch\/fr\/#website\",\"url\":\"https:\/\/www.m-q.ch\/fr\/\",\"name\":\"MQ Management und Qualit\u00e4t\",\"description\":\"Plattform f\u00fcr integrierte Managementsysteme.\",\"publisher\":{\"@id\":\"https:\/\/www.m-q.ch\/fr\/#organization\"},\"potentialAction\":[{\"@type\":\"SearchAction\",\"target\":{\"@type\":\"EntryPoint\",\"urlTemplate\":\"https:\/\/www.m-q.ch\/fr\/?s={search_term_string}\"},\"query-input\":{\"@type\":\"PropertyValueSpecification\",\"valueRequired\":true,\"valueName\":\"search_term_string\"}}],\"inLanguage\":\"de\"},{\"@type\":\"Organization\",\"@id\":\"https:\/\/www.m-q.ch\/fr\/#organization\",\"name\":\"Galledia Fachmedien AG\",\"url\":\"https:\/\/www.m-q.ch\/fr\/\",\"logo\":{\"@type\":\"ImageObject\",\"inLanguage\":\"de\",\"@id\":\"https:\/\/www.m-q.ch\/fr\/#\/schema\/logo\/image\/\",\"url\":\"https:\/\/www.m-q.ch\/wp-content\/uploads\/2020\/12\/cropped-logo_small.png\",\"contentUrl\":\"https:\/\/www.m-q.ch\/wp-content\/uploads\/2020\/12\/cropped-logo_small.png\",\"width\":512,\"height\":512,\"caption\":\"Galledia Fachmedien AG\"},\"image\":{\"@id\":\"https:\/\/www.m-q.ch\/fr\/#\/schema\/logo\/image\/\"},\"sameAs\":[\"https:\/\/www.facebook.com\/ManagementUndQualitaet\",\"https:\/\/www.linkedin.com\/showcase\/17982321\/admin\/\"]},{\"@type\":\"Person\",\"@id\":\"https:\/\/www.m-q.ch\/fr\/#\/schema\/person\/0bdf39ca27d0b9b779f5b8af54b3f7d7\",\"name\":\"upwork_1\",\"image\":{\"@type\":\"ImageObject\",\"inLanguage\":\"de\",\"@id\":\"https:\/\/www.m-q.ch\/fr\/#\/schema\/person\/image\/\",\"url\":\"https:\/\/secure.gravatar.com\/avatar\/04d4d0fdc5886d535809f17d0eace7f6?s=96&d=mm&r=g\",\"contentUrl\":\"https:\/\/secure.gravatar.com\/avatar\/04d4d0fdc5886d535809f17d0eace7f6?s=96&d=mm&r=g\",\"caption\":\"upwork_1\"},\"url\":\"https:\/\/www.m-q.ch\/de\/author\/upwork_1\/\"}]}<\/script>\n<!-- \/ Yoast SEO plugin. -->","yoast_head_json":{"title":"Angewandte und vorgelebte soziale Verantwortung - MQ Management und Qualit\u00e4t","description":"An der letzten Verleihung des Swiss Arbeitgeber Awards waren die Paraplegiker die grossen Abr\u00e4umer: Nicht nur gewann die Schweizer ParaplegikerVereinigung SPV in ihrer Kategorie den ersten Preis, auch das Paraplegiker-Zentrum in Nottwil, quasi die \u00abSchwesterfirma\u00bb, schnitt mit dem vierten Rang in der Kategorie \u00abGrossunternehmen\u00bb sehr gut ab. Wo liegen die Geheimnisse dieses Erfolgs?","robots":{"index":"index","follow":"follow","max-snippet":"max-snippet:-1","max-image-preview":"max-image-preview:large","max-video-preview":"max-video-preview:-1"},"canonical":"https:\/\/www.m-q.ch\/de\/angewandte-und-vorgelebte-soziale-verantwortung\/","og_locale":"de_DE","og_type":"article","og_title":"Angewandte und vorgelebte soziale Verantwortung - MQ Management und Qualit\u00e4t","og_description":"An der letzten Verleihung des Swiss Arbeitgeber Awards waren die Paraplegiker die grossen Abr\u00e4umer: Nicht nur gewann die Schweizer ParaplegikerVereinigung SPV in ihrer Kategorie den ersten Preis, auch das Paraplegiker-Zentrum in Nottwil, quasi die \u00abSchwesterfirma\u00bb, schnitt mit dem vierten Rang in der Kategorie \u00abGrossunternehmen\u00bb sehr gut ab. Wo liegen die Geheimnisse dieses Erfolgs?","og_url":"https:\/\/www.m-q.ch\/de\/angewandte-und-vorgelebte-soziale-verantwortung\/","og_site_name":"MQ Management und Qualit\u00e4t","article_publisher":"https:\/\/www.facebook.com\/ManagementUndQualitaet","article_published_time":"2016-11-11T13:57:19+00:00","article_modified_time":"2021-02-15T14:07:23+00:00","og_image":[{"width":858,"height":522,"url":"https:\/\/www.m-q.ch\/wp-content\/uploads\/2021\/02\/Angewandte-und-vorgelebte-soziale-Verantwortung.jpg","type":"image\/jpeg"}],"author":"upwork_1","twitter_card":"summary_large_image","twitter_misc":{"Verfasst von":"upwork_1","Gesch\u00e4tzte Lesezeit":"7\u00a0Minuten"},"schema":{"@context":"https:\/\/schema.org","@graph":[{"@type":"Article","@id":"https:\/\/www.m-q.ch\/angewandte-und-vorgelebte-soziale-verantwortung\/#article","isPartOf":{"@id":"https:\/\/www.m-q.ch\/angewandte-und-vorgelebte-soziale-verantwortung\/"},"author":{"name":"upwork_1","@id":"https:\/\/www.m-q.ch\/fr\/#\/schema\/person\/0bdf39ca27d0b9b779f5b8af54b3f7d7"},"headline":"Angewandte und vorgelebte soziale Verantwortung","datePublished":"2016-11-11T13:57:19+00:00","dateModified":"2021-02-15T14:07:23+00:00","mainEntityOfPage":{"@id":"https:\/\/www.m-q.ch\/angewandte-und-vorgelebte-soziale-verantwortung\/"},"wordCount":1359,"publisher":{"@id":"https:\/\/www.m-q.ch\/fr\/#organization"},"image":{"@id":"https:\/\/www.m-q.ch\/angewandte-und-vorgelebte-soziale-verantwortung\/#primaryimage"},"thumbnailUrl":"https:\/\/www.m-q.ch\/wp-content\/uploads\/2021\/02\/Angewandte-und-vorgelebte-soziale-Verantwortung.jpg","keywords":["11\/2016"],"articleSection":["Business Excellence"],"inLanguage":"de"},{"@type":"WebPage","@id":"https:\/\/www.m-q.ch\/angewandte-und-vorgelebte-soziale-verantwortung\/","url":"https:\/\/www.m-q.ch\/angewandte-und-vorgelebte-soziale-verantwortung\/","name":"Angewandte und vorgelebte soziale Verantwortung - MQ Management und Qualit\u00e4t","isPartOf":{"@id":"https:\/\/www.m-q.ch\/fr\/#website"},"primaryImageOfPage":{"@id":"https:\/\/www.m-q.ch\/angewandte-und-vorgelebte-soziale-verantwortung\/#primaryimage"},"image":{"@id":"https:\/\/www.m-q.ch\/angewandte-und-vorgelebte-soziale-verantwortung\/#primaryimage"},"thumbnailUrl":"https:\/\/www.m-q.ch\/wp-content\/uploads\/2021\/02\/Angewandte-und-vorgelebte-soziale-Verantwortung.jpg","datePublished":"2016-11-11T13:57:19+00:00","dateModified":"2021-02-15T14:07:23+00:00","description":"An der letzten Verleihung des Swiss Arbeitgeber Awards waren die Paraplegiker die grossen Abr\u00e4umer: Nicht nur gewann die Schweizer ParaplegikerVereinigung SPV in ihrer Kategorie den ersten Preis, auch das Paraplegiker-Zentrum in Nottwil, quasi die \u00abSchwesterfirma\u00bb, schnitt mit dem vierten Rang in der Kategorie \u00abGrossunternehmen\u00bb sehr gut ab. Wo liegen die Geheimnisse dieses Erfolgs?","breadcrumb":{"@id":"https:\/\/www.m-q.ch\/angewandte-und-vorgelebte-soziale-verantwortung\/#breadcrumb"},"inLanguage":"de","potentialAction":[{"@type":"ReadAction","target":["https:\/\/www.m-q.ch\/angewandte-und-vorgelebte-soziale-verantwortung\/"]}]},{"@type":"ImageObject","inLanguage":"de","@id":"https:\/\/www.m-q.ch\/angewandte-und-vorgelebte-soziale-verantwortung\/#primaryimage","url":"https:\/\/www.m-q.ch\/wp-content\/uploads\/2021\/02\/Angewandte-und-vorgelebte-soziale-Verantwortung.jpg","contentUrl":"https:\/\/www.m-q.ch\/wp-content\/uploads\/2021\/02\/Angewandte-und-vorgelebte-soziale-Verantwortung.jpg","width":858,"height":522,"caption":"Angewandte und vorgelebte soziale Verantwortung"},{"@type":"BreadcrumbList","@id":"https:\/\/www.m-q.ch\/angewandte-und-vorgelebte-soziale-verantwortung\/#breadcrumb","itemListElement":[{"@type":"ListItem","position":1,"name":"Business Excellence","item":"https:\/\/www.m-q.ch\/kategorie\/business_excellence\/"},{"@type":"ListItem","position":2,"name":"Angewandte und vorgelebte soziale Verantwortung"}]},{"@type":"WebSite","@id":"https:\/\/www.m-q.ch\/fr\/#website","url":"https:\/\/www.m-q.ch\/fr\/","name":"MQ Management und Qualit\u00e4t","description":"Plattform f\u00fcr integrierte Managementsysteme.","publisher":{"@id":"https:\/\/www.m-q.ch\/fr\/#organization"},"potentialAction":[{"@type":"SearchAction","target":{"@type":"EntryPoint","urlTemplate":"https:\/\/www.m-q.ch\/fr\/?s={search_term_string}"},"query-input":{"@type":"PropertyValueSpecification","valueRequired":true,"valueName":"search_term_string"}}],"inLanguage":"de"},{"@type":"Organization","@id":"https:\/\/www.m-q.ch\/fr\/#organization","name":"Galledia Fachmedien AG","url":"https:\/\/www.m-q.ch\/fr\/","logo":{"@type":"ImageObject","inLanguage":"de","@id":"https:\/\/www.m-q.ch\/fr\/#\/schema\/logo\/image\/","url":"https:\/\/www.m-q.ch\/wp-content\/uploads\/2020\/12\/cropped-logo_small.png","contentUrl":"https:\/\/www.m-q.ch\/wp-content\/uploads\/2020\/12\/cropped-logo_small.png","width":512,"height":512,"caption":"Galledia Fachmedien AG"},"image":{"@id":"https:\/\/www.m-q.ch\/fr\/#\/schema\/logo\/image\/"},"sameAs":["https:\/\/www.facebook.com\/ManagementUndQualitaet","https:\/\/www.linkedin.com\/showcase\/17982321\/admin\/"]},{"@type":"Person","@id":"https:\/\/www.m-q.ch\/fr\/#\/schema\/person\/0bdf39ca27d0b9b779f5b8af54b3f7d7","name":"upwork_1","image":{"@type":"ImageObject","inLanguage":"de","@id":"https:\/\/www.m-q.ch\/fr\/#\/schema\/person\/image\/","url":"https:\/\/secure.gravatar.com\/avatar\/04d4d0fdc5886d535809f17d0eace7f6?s=96&d=mm&r=g","contentUrl":"https:\/\/secure.gravatar.com\/avatar\/04d4d0fdc5886d535809f17d0eace7f6?s=96&d=mm&r=g","caption":"upwork_1"},"url":"https:\/\/www.m-q.ch\/de\/author\/upwork_1\/"}]}},"_links":{"self":[{"href":"https:\/\/www.m-q.ch\/de\/wp-json\/wp\/v2\/posts\/12121","targetHints":{"allow":["GET"]}}],"collection":[{"href":"https:\/\/www.m-q.ch\/de\/wp-json\/wp\/v2\/posts"}],"about":[{"href":"https:\/\/www.m-q.ch\/de\/wp-json\/wp\/v2\/types\/post"}],"author":[{"embeddable":true,"href":"https:\/\/www.m-q.ch\/de\/wp-json\/wp\/v2\/users\/66"}],"replies":[{"embeddable":true,"href":"https:\/\/www.m-q.ch\/de\/wp-json\/wp\/v2\/comments?post=12121"}],"version-history":[{"count":1,"href":"https:\/\/www.m-q.ch\/de\/wp-json\/wp\/v2\/posts\/12121\/revisions"}],"predecessor-version":[{"id":12131,"href":"https:\/\/www.m-q.ch\/de\/wp-json\/wp\/v2\/posts\/12121\/revisions\/12131"}],"wp:featuredmedia":[{"embeddable":true,"href":"https:\/\/www.m-q.ch\/de\/wp-json\/wp\/v2\/media\/12126"}],"wp:attachment":[{"href":"https:\/\/www.m-q.ch\/de\/wp-json\/wp\/v2\/media?parent=12121"}],"wp:term":[{"taxonomy":"category","embeddable":true,"href":"https:\/\/www.m-q.ch\/de\/wp-json\/wp\/v2\/categories?post=12121"},{"taxonomy":"post_tag","embeddable":true,"href":"https:\/\/www.m-q.ch\/de\/wp-json\/wp\/v2\/tags?post=12121"}],"curies":[{"name":"wp","href":"https:\/\/api.w.org\/{rel}","templated":true}]}}