{"id":1215,"date":"2017-03-06T10:10:14","date_gmt":"2017-03-06T09:10:14","guid":{"rendered":"https:\/\/www.m-q.ch\/?p=1215"},"modified":"2017-03-06T10:48:46","modified_gmt":"2017-03-06T09:48:46","slug":"bundesraetlicher-bericht-zur-aerztequalitaet","status":"publish","type":"post","link":"https:\/\/www.m-q.ch\/de\/bundesraetlicher-bericht-zur-aerztequalitaet\/","title":{"rendered":"Bundesr\u00e4tlicher Bericht zur \u00c4rztequalit\u00e4t"},"content":{"rendered":"<p>&nbsp;<\/p>\n<figure id=\"attachment_1216\" aria-describedby=\"caption-attachment-1216\" style=\"width: 680px\" class=\"wp-caption alignnone\"><img loading=\"lazy\" decoding=\"async\" class=\"size-medium wp-image-1216\" src=\"https:\/\/www.m-q.ch\/wp-content\/uploads\/2017\/03\/Bundesr\u00e4tlicher-Bericht-zur-\u00c4rztequalit\u00e4t-mq-management-u-qualit\u00e4t-680x453.jpg\" alt=\"\" width=\"680\" height=\"453\" srcset=\"https:\/\/www.m-q.ch\/wp-content\/uploads\/2017\/03\/Bundesr\u00e4tlicher-Bericht-zur-\u00c4rztequalit\u00e4t-mq-management-u-qualit\u00e4t-680x453.jpg 680w, https:\/\/www.m-q.ch\/wp-content\/uploads\/2017\/03\/Bundesr\u00e4tlicher-Bericht-zur-\u00c4rztequalit\u00e4t-mq-management-u-qualit\u00e4t-768x512.jpg 768w, https:\/\/www.m-q.ch\/wp-content\/uploads\/2017\/03\/Bundesr\u00e4tlicher-Bericht-zur-\u00c4rztequalit\u00e4t-mq-management-u-qualit\u00e4t-1536x1024.jpg 1536w, https:\/\/www.m-q.ch\/wp-content\/uploads\/2017\/03\/Bundesr\u00e4tlicher-Bericht-zur-\u00c4rztequalit\u00e4t-mq-management-u-qualit\u00e4t-2048x1365.jpg 2048w, https:\/\/www.m-q.ch\/wp-content\/uploads\/2017\/03\/Bundesr\u00e4tlicher-Bericht-zur-\u00c4rztequalit\u00e4t-mq-management-u-qualit\u00e4t-16x12.jpg 16w, https:\/\/www.m-q.ch\/wp-content\/uploads\/2017\/03\/Bundesr\u00e4tlicher-Bericht-zur-\u00c4rztequalit\u00e4t-mq-management-u-qualit\u00e4t-263x175.jpg 263w, https:\/\/www.m-q.ch\/wp-content\/uploads\/2017\/03\/Bundesr\u00e4tlicher-Bericht-zur-\u00c4rztequalit\u00e4t-mq-management-u-qualit\u00e4t-525x350.jpg 525w, https:\/\/www.m-q.ch\/wp-content\/uploads\/2017\/03\/Bundesr\u00e4tlicher-Bericht-zur-\u00c4rztequalit\u00e4t-mq-management-u-qualit\u00e4t-1200x800.jpg 1200w, https:\/\/www.m-q.ch\/wp-content\/uploads\/2017\/03\/Bundesr\u00e4tlicher-Bericht-zur-\u00c4rztequalit\u00e4t-mq-management-u-qualit\u00e4t-920x613.jpg 920w, https:\/\/www.m-q.ch\/wp-content\/uploads\/2017\/03\/Bundesr\u00e4tlicher-Bericht-zur-\u00c4rztequalit\u00e4t-mq-management-u-qualit\u00e4t-1400x933.jpg 1400w, https:\/\/www.m-q.ch\/wp-content\/uploads\/2017\/03\/Bundesr\u00e4tlicher-Bericht-zur-\u00c4rztequalit\u00e4t-mq-management-u-qualit\u00e4t-300x200.jpg 300w, https:\/\/www.m-q.ch\/wp-content\/uploads\/2017\/03\/Bundesr\u00e4tlicher-Bericht-zur-\u00c4rztequalit\u00e4t-mq-management-u-qualit\u00e4t-1024x683.jpg 1024w, https:\/\/www.m-q.ch\/wp-content\/uploads\/2017\/03\/Bundesr\u00e4tlicher-Bericht-zur-\u00c4rztequalit\u00e4t-mq-management-u-qualit\u00e4t-624x416.jpg 624w\" sizes=\"auto, (max-width: 680px) 100vw, 680px\" \/><figcaption id=\"caption-attachment-1216\" class=\"wp-caption-text\">Schweizer \u00c4rzte sollen die Sprache von Schweizer Patienten sprechen k\u00f6nnen, fordert die FMH. (Bild: depositphotos)<\/figcaption><\/figure>\n<p>Beim vorliegenden Bundesr\u00e4tlichen Bericht geht es um qualitative Vorschl\u00e4ge, die per se nicht Preisbestimmungen entsprechen. \u00a0Der Bericht zeigt, dass bei der Einschr\u00e4nkung der freien Arztwahl f\u00fcr Patienten als auch bei der Steuerung \u00fcber unterschiedliche Preise f\u00fcr die gleiche Leistung Nachteile im Schweizer Gesundheitsmarkt entstehen k\u00f6nnen. Daher orientiert sich der Bundesrat an Arbeitsmodellen der Leistungserbringer: Auch \u00c4rztinnen und \u00c4rzte wollen vermehrt Teilzeit arbeiten, deshalb seien Vollzeit\u00e4quivalente zu ber\u00fccksichtigen. Nun gilt es, die Zulassung von \u00c4rzten nach 2019 weiterhin und noch konsequenter auf die Patientensicherheit auszurichten.<\/p>\n<p><strong>Qualit\u00e4tskriterien der FMH<\/strong><\/p>\n<p>Anfangs M\u00e4rz 2017 hat der Bundesrat erstmals \u00fcber die Nachfolgeregelung der \u00c4rzte in der Schweiz informiert. Die aktuelle Praxis hat sich bew\u00e4hrt: Gegenw\u00e4rtig m\u00fcssen \u00c4rztinnen und \u00c4rzte f\u00fcr eine freiberufliche T\u00e4tigkeit mindestens drei Jahre an einer schweizerisch anerkannten Weiterbildungsst\u00e4tte gearbeitet haben.<\/p>\n<p><strong><em>Die FMH fordert, dass f\u00fcr \u00c4rztezulassung die folgenden vier nachweislich wirksamen Qualit\u00e4tskriterien kumulativ erf\u00fcllt werden m\u00fcssen: <\/em><\/strong><\/p>\n<ul>\n<li><em>Sprachkompetenz: \u00c4rzte m\u00fcssen die in ihrer T\u00e4tigkeitsregion erforderliche Sprachkompetenz in einer in der Schweiz abgelegten Sprachpr\u00fcfung nachweisen.<\/em><\/li>\n<li><em>Ausbildungsdauer: Das Studium der Humanmedizin umfasst eine Ausbildungsdauer von sechs Jahren Vollzeitstudium oder mindestens 5&#8217;500 Stunden theoretischen und praktischen Unterrichts.<\/em><\/li>\n<li><em>Weiterbildung: \u00c4rzte sind mindestens drei Jahren klinisch-\u00e4rztlich t\u00e4tig an einer anerkannten Weiterbildungsst\u00e4tte in der f\u00fcr die Zulassung beantragten Fachdisziplin bei einem Arbeitspensum von mindestens 80%. Bei kleinerem Pensum verl\u00e4ngert sich die notwendige klinisch-\u00e4rztliche T\u00e4tigkeit entsprechend.<\/em><\/li>\n<li><em>Fortbildungsnachweis: Nach Erwerb des Weiterbildungstitels (Facharzt) m\u00fcssen sich \u00c4rzte w\u00e4hrend ihres ganzen Berufslebens fortzubilden. Die Fortbildung kann in allen 46 Fachgebieten regelm\u00e4ssig periodisch eingefordert werden und ist somit ein klar belegbares und einfach \u00fcberpr\u00fcfbares Qualit\u00e4tskriterium.<\/em><\/li>\n<\/ul>\n<p>Aus Sicht der FMH ist die Patientensicherheit unbedingt zu gew\u00e4hrleisten. Eine neue Zulassungsregelung hat zu ber\u00fccksichtigen, dass ein grosser Teil der \u00c4rzte, die in der Schweiz eine T\u00e4tigkeit aufnehmen m\u00f6chten, aus dem Ausland stammt. Gleichzeitig m\u00fcssen Zulassungskriterien eine qualitativ hochwertige \u00e4rztliche Versorgung auch durch Schweizer Nachwuchs\u00e4rztinnen und -\u00e4rzte gew\u00e4hrleisten.<\/p>\n<p><a href=\"http:\/\/www.fmh.ch\/\">www.fmh.ch<\/a><\/p>\n","protected":false},"excerpt":{"rendered":"<p>&nbsp; Beim vorliegenden Bundesr\u00e4tlichen Bericht geht es um qualitative Vorschl\u00e4ge, die per se nicht Preisbestimmungen entsprechen. \u00a0Der Bericht zeigt, dass bei der Einschr\u00e4nkung der freien Arztwahl f\u00fcr Patienten als auch bei der Steuerung \u00fcber unterschiedliche Preise f\u00fcr die gleiche Leistung Nachteile im Schweizer Gesundheitsmarkt entstehen k\u00f6nnen. Daher orientiert sich der Bundesrat an Arbeitsmodellen der Leistungserbringer: [&hellip;]<\/p>\n","protected":false},"author":35,"featured_media":1216,"comment_status":"open","ping_status":"open","sticky":false,"template":"","format":"standard","meta":{"_acf_changed":false,"footnotes":""},"categories":[5,1],"tags":[3475],"class_list":["post-1215","post","type-post","status-publish","format-standard","has-post-thumbnail","hentry","category-business_excellence","category-unkategorisiert","tag-schweizer-aerzte-fmh"],"acf":[],"yoast_head":"<!-- This site is optimized with the Yoast SEO plugin v26.2 - https:\/\/yoast.com\/wordpress\/plugins\/seo\/ -->\n<title>Bundesr\u00e4tlicher Bericht zur \u00c4rztequalit\u00e4t - MQ Management und Qualit\u00e4t<\/title>\n<meta name=\"description\" content=\"Der Bundesr\u00e4tliche Bericht zur Zulassung von \u00c4rzten beinhaltet qualitative Punkte zur Nachfolgeregelung von \u00c4rzten, wobei auch Sprachkompetenz gefragt ist.\" \/>\n<meta name=\"robots\" content=\"index, follow, max-snippet:-1, max-image-preview:large, max-video-preview:-1\" \/>\n<link rel=\"canonical\" href=\"https:\/\/www.m-q.ch\/de\/bundesraetlicher-bericht-zur-aerztequalitaet\/\" \/>\n<meta property=\"og:locale\" content=\"de_DE\" \/>\n<meta property=\"og:type\" content=\"article\" \/>\n<meta property=\"og:title\" content=\"Bundesr\u00e4tlicher Bericht zur \u00c4rztequalit\u00e4t - MQ Management und Qualit\u00e4t\" \/>\n<meta property=\"og:description\" content=\"Der Bundesr\u00e4tliche Bericht zur Zulassung von \u00c4rzten beinhaltet qualitative Punkte zur Nachfolgeregelung von \u00c4rzten, wobei auch Sprachkompetenz gefragt ist.\" \/>\n<meta property=\"og:url\" content=\"https:\/\/www.m-q.ch\/de\/bundesraetlicher-bericht-zur-aerztequalitaet\/\" \/>\n<meta property=\"og:site_name\" content=\"MQ Management und Qualit\u00e4t\" \/>\n<meta property=\"article:publisher\" content=\"https:\/\/www.facebook.com\/ManagementUndQualitaet\" \/>\n<meta property=\"article:published_time\" content=\"2017-03-06T09:10:14+00:00\" \/>\n<meta property=\"article:modified_time\" content=\"2017-03-06T09:48:46+00:00\" \/>\n<meta property=\"og:image\" content=\"https:\/\/www.m-q.ch\/wp-content\/uploads\/2017\/03\/Bundesr\u00e4tlicher-Bericht-zur-\u00c4rztequalit\u00e4t-mq-management-u-qualit\u00e4t-scaled.jpg\" \/>\n\t<meta property=\"og:image:width\" content=\"2560\" \/>\n\t<meta property=\"og:image:height\" content=\"1706\" \/>\n\t<meta property=\"og:image:type\" content=\"image\/jpeg\" \/>\n<meta name=\"author\" content=\"Roger Str\u00e4ssle\" \/>\n<meta name=\"twitter:card\" content=\"summary_large_image\" \/>\n<meta name=\"twitter:label1\" content=\"Verfasst von\" \/>\n\t<meta name=\"twitter:data1\" content=\"Roger Str\u00e4ssle\" \/>\n\t<meta name=\"twitter:label2\" content=\"Gesch\u00e4tzte Lesezeit\" \/>\n\t<meta name=\"twitter:data2\" content=\"2\u00a0Minuten\" \/>\n<script type=\"application\/ld+json\" class=\"yoast-schema-graph\">{\"@context\":\"https:\/\/schema.org\",\"@graph\":[{\"@type\":\"Article\",\"@id\":\"https:\/\/www.m-q.ch\/bundesraetlicher-bericht-zur-aerztequalitaet\/#article\",\"isPartOf\":{\"@id\":\"https:\/\/www.m-q.ch\/bundesraetlicher-bericht-zur-aerztequalitaet\/\"},\"author\":{\"name\":\"Roger Str\u00e4ssle\",\"@id\":\"https:\/\/www.m-q.ch\/fr\/#\/schema\/person\/47d540e081acd98ccbeb69b55df653d7\"},\"headline\":\"Bundesr\u00e4tlicher Bericht zur \u00c4rztequalit\u00e4t\",\"datePublished\":\"2017-03-06T09:10:14+00:00\",\"dateModified\":\"2017-03-06T09:48:46+00:00\",\"mainEntityOfPage\":{\"@id\":\"https:\/\/www.m-q.ch\/bundesraetlicher-bericht-zur-aerztequalitaet\/\"},\"wordCount\":372,\"commentCount\":0,\"publisher\":{\"@id\":\"https:\/\/www.m-q.ch\/fr\/#organization\"},\"image\":{\"@id\":\"https:\/\/www.m-q.ch\/bundesraetlicher-bericht-zur-aerztequalitaet\/#primaryimage\"},\"thumbnailUrl\":\"https:\/\/www.m-q.ch\/wp-content\/uploads\/2017\/03\/Bundesr\u00e4tlicher-Bericht-zur-\u00c4rztequalit\u00e4t-mq-management-u-qualit\u00e4t-scaled.jpg\",\"keywords\":[\"Schweizer \u00c4rzte + FMH\"],\"articleSection\":[\"Business Excellence\",\"Unkategorisiert\"],\"inLanguage\":\"de\"},{\"@type\":\"WebPage\",\"@id\":\"https:\/\/www.m-q.ch\/bundesraetlicher-bericht-zur-aerztequalitaet\/\",\"url\":\"https:\/\/www.m-q.ch\/bundesraetlicher-bericht-zur-aerztequalitaet\/\",\"name\":\"Bundesr\u00e4tlicher Bericht zur \u00c4rztequalit\u00e4t - MQ Management und Qualit\u00e4t\",\"isPartOf\":{\"@id\":\"https:\/\/www.m-q.ch\/fr\/#website\"},\"primaryImageOfPage\":{\"@id\":\"https:\/\/www.m-q.ch\/bundesraetlicher-bericht-zur-aerztequalitaet\/#primaryimage\"},\"image\":{\"@id\":\"https:\/\/www.m-q.ch\/bundesraetlicher-bericht-zur-aerztequalitaet\/#primaryimage\"},\"thumbnailUrl\":\"https:\/\/www.m-q.ch\/wp-content\/uploads\/2017\/03\/Bundesr\u00e4tlicher-Bericht-zur-\u00c4rztequalit\u00e4t-mq-management-u-qualit\u00e4t-scaled.jpg\",\"datePublished\":\"2017-03-06T09:10:14+00:00\",\"dateModified\":\"2017-03-06T09:48:46+00:00\",\"description\":\"Der Bundesr\u00e4tliche Bericht zur Zulassung von \u00c4rzten beinhaltet qualitative Punkte zur Nachfolgeregelung von \u00c4rzten, wobei auch Sprachkompetenz gefragt ist.\",\"breadcrumb\":{\"@id\":\"https:\/\/www.m-q.ch\/bundesraetlicher-bericht-zur-aerztequalitaet\/#breadcrumb\"},\"inLanguage\":\"de\",\"potentialAction\":[{\"@type\":\"ReadAction\",\"target\":[\"https:\/\/www.m-q.ch\/bundesraetlicher-bericht-zur-aerztequalitaet\/\"]}]},{\"@type\":\"ImageObject\",\"inLanguage\":\"de\",\"@id\":\"https:\/\/www.m-q.ch\/bundesraetlicher-bericht-zur-aerztequalitaet\/#primaryimage\",\"url\":\"https:\/\/www.m-q.ch\/wp-content\/uploads\/2017\/03\/Bundesr\u00e4tlicher-Bericht-zur-\u00c4rztequalit\u00e4t-mq-management-u-qualit\u00e4t-scaled.jpg\",\"contentUrl\":\"https:\/\/www.m-q.ch\/wp-content\/uploads\/2017\/03\/Bundesr\u00e4tlicher-Bericht-zur-\u00c4rztequalit\u00e4t-mq-management-u-qualit\u00e4t-scaled.jpg\",\"width\":2560,\"height\":1706,\"caption\":\"Schweizer \u00c4rzte sollen die Sprache von Schweizer Patienten sprechen k\u00f6nnen, fordert die FMH. (Bild: depositphotos)\"},{\"@type\":\"BreadcrumbList\",\"@id\":\"https:\/\/www.m-q.ch\/bundesraetlicher-bericht-zur-aerztequalitaet\/#breadcrumb\",\"itemListElement\":[{\"@type\":\"ListItem\",\"position\":1,\"name\":\"Business Excellence\",\"item\":\"https:\/\/www.m-q.ch\/kategorie\/business_excellence\/\"},{\"@type\":\"ListItem\",\"position\":2,\"name\":\"Bundesr\u00e4tlicher Bericht zur \u00c4rztequalit\u00e4t\"}]},{\"@type\":\"WebSite\",\"@id\":\"https:\/\/www.m-q.ch\/fr\/#website\",\"url\":\"https:\/\/www.m-q.ch\/fr\/\",\"name\":\"MQ Management und Qualit\u00e4t\",\"description\":\"Plattform f\u00fcr integrierte Managementsysteme.\",\"publisher\":{\"@id\":\"https:\/\/www.m-q.ch\/fr\/#organization\"},\"potentialAction\":[{\"@type\":\"SearchAction\",\"target\":{\"@type\":\"EntryPoint\",\"urlTemplate\":\"https:\/\/www.m-q.ch\/fr\/?s={search_term_string}\"},\"query-input\":{\"@type\":\"PropertyValueSpecification\",\"valueRequired\":true,\"valueName\":\"search_term_string\"}}],\"inLanguage\":\"de\"},{\"@type\":\"Organization\",\"@id\":\"https:\/\/www.m-q.ch\/fr\/#organization\",\"name\":\"Galledia Fachmedien AG\",\"url\":\"https:\/\/www.m-q.ch\/fr\/\",\"logo\":{\"@type\":\"ImageObject\",\"inLanguage\":\"de\",\"@id\":\"https:\/\/www.m-q.ch\/fr\/#\/schema\/logo\/image\/\",\"url\":\"https:\/\/www.m-q.ch\/wp-content\/uploads\/2020\/12\/cropped-logo_small.png\",\"contentUrl\":\"https:\/\/www.m-q.ch\/wp-content\/uploads\/2020\/12\/cropped-logo_small.png\",\"width\":512,\"height\":512,\"caption\":\"Galledia Fachmedien AG\"},\"image\":{\"@id\":\"https:\/\/www.m-q.ch\/fr\/#\/schema\/logo\/image\/\"},\"sameAs\":[\"https:\/\/www.facebook.com\/ManagementUndQualitaet\",\"https:\/\/www.linkedin.com\/showcase\/17982321\/admin\/\"]},{\"@type\":\"Person\",\"@id\":\"https:\/\/www.m-q.ch\/fr\/#\/schema\/person\/47d540e081acd98ccbeb69b55df653d7\",\"name\":\"Roger Str\u00e4ssle\",\"image\":{\"@type\":\"ImageObject\",\"inLanguage\":\"de\",\"@id\":\"https:\/\/www.m-q.ch\/fr\/#\/schema\/person\/image\/\",\"url\":\"https:\/\/secure.gravatar.com\/avatar\/e4dde3046d8a184d2e2d27651a418883?s=96&d=mm&r=g\",\"contentUrl\":\"https:\/\/secure.gravatar.com\/avatar\/e4dde3046d8a184d2e2d27651a418883?s=96&d=mm&r=g\",\"caption\":\"Roger Str\u00e4ssle\"},\"url\":\"https:\/\/www.m-q.ch\/de\/author\/roger-straessle\/\"}]}<\/script>\n<!-- \/ Yoast SEO plugin. -->","yoast_head_json":{"title":"Bundesr\u00e4tlicher Bericht zur \u00c4rztequalit\u00e4t - MQ Management und Qualit\u00e4t","description":"Der Bundesr\u00e4tliche Bericht zur Zulassung von \u00c4rzten beinhaltet qualitative Punkte zur Nachfolgeregelung von \u00c4rzten, wobei auch Sprachkompetenz gefragt ist.","robots":{"index":"index","follow":"follow","max-snippet":"max-snippet:-1","max-image-preview":"max-image-preview:large","max-video-preview":"max-video-preview:-1"},"canonical":"https:\/\/www.m-q.ch\/de\/bundesraetlicher-bericht-zur-aerztequalitaet\/","og_locale":"de_DE","og_type":"article","og_title":"Bundesr\u00e4tlicher Bericht zur \u00c4rztequalit\u00e4t - MQ Management und Qualit\u00e4t","og_description":"Der Bundesr\u00e4tliche Bericht zur Zulassung von \u00c4rzten beinhaltet qualitative Punkte zur Nachfolgeregelung von \u00c4rzten, wobei auch Sprachkompetenz gefragt ist.","og_url":"https:\/\/www.m-q.ch\/de\/bundesraetlicher-bericht-zur-aerztequalitaet\/","og_site_name":"MQ Management und Qualit\u00e4t","article_publisher":"https:\/\/www.facebook.com\/ManagementUndQualitaet","article_published_time":"2017-03-06T09:10:14+00:00","article_modified_time":"2017-03-06T09:48:46+00:00","og_image":[{"width":2560,"height":1706,"url":"https:\/\/www.m-q.ch\/wp-content\/uploads\/2017\/03\/Bundesr\u00e4tlicher-Bericht-zur-\u00c4rztequalit\u00e4t-mq-management-u-qualit\u00e4t-scaled.jpg","type":"image\/jpeg"}],"author":"Roger Str\u00e4ssle","twitter_card":"summary_large_image","twitter_misc":{"Verfasst von":"Roger Str\u00e4ssle","Gesch\u00e4tzte Lesezeit":"2\u00a0Minuten"},"schema":{"@context":"https:\/\/schema.org","@graph":[{"@type":"Article","@id":"https:\/\/www.m-q.ch\/bundesraetlicher-bericht-zur-aerztequalitaet\/#article","isPartOf":{"@id":"https:\/\/www.m-q.ch\/bundesraetlicher-bericht-zur-aerztequalitaet\/"},"author":{"name":"Roger Str\u00e4ssle","@id":"https:\/\/www.m-q.ch\/fr\/#\/schema\/person\/47d540e081acd98ccbeb69b55df653d7"},"headline":"Bundesr\u00e4tlicher Bericht zur \u00c4rztequalit\u00e4t","datePublished":"2017-03-06T09:10:14+00:00","dateModified":"2017-03-06T09:48:46+00:00","mainEntityOfPage":{"@id":"https:\/\/www.m-q.ch\/bundesraetlicher-bericht-zur-aerztequalitaet\/"},"wordCount":372,"commentCount":0,"publisher":{"@id":"https:\/\/www.m-q.ch\/fr\/#organization"},"image":{"@id":"https:\/\/www.m-q.ch\/bundesraetlicher-bericht-zur-aerztequalitaet\/#primaryimage"},"thumbnailUrl":"https:\/\/www.m-q.ch\/wp-content\/uploads\/2017\/03\/Bundesr\u00e4tlicher-Bericht-zur-\u00c4rztequalit\u00e4t-mq-management-u-qualit\u00e4t-scaled.jpg","keywords":["Schweizer \u00c4rzte + FMH"],"articleSection":["Business Excellence","Unkategorisiert"],"inLanguage":"de"},{"@type":"WebPage","@id":"https:\/\/www.m-q.ch\/bundesraetlicher-bericht-zur-aerztequalitaet\/","url":"https:\/\/www.m-q.ch\/bundesraetlicher-bericht-zur-aerztequalitaet\/","name":"Bundesr\u00e4tlicher Bericht zur \u00c4rztequalit\u00e4t - MQ Management und Qualit\u00e4t","isPartOf":{"@id":"https:\/\/www.m-q.ch\/fr\/#website"},"primaryImageOfPage":{"@id":"https:\/\/www.m-q.ch\/bundesraetlicher-bericht-zur-aerztequalitaet\/#primaryimage"},"image":{"@id":"https:\/\/www.m-q.ch\/bundesraetlicher-bericht-zur-aerztequalitaet\/#primaryimage"},"thumbnailUrl":"https:\/\/www.m-q.ch\/wp-content\/uploads\/2017\/03\/Bundesr\u00e4tlicher-Bericht-zur-\u00c4rztequalit\u00e4t-mq-management-u-qualit\u00e4t-scaled.jpg","datePublished":"2017-03-06T09:10:14+00:00","dateModified":"2017-03-06T09:48:46+00:00","description":"Der Bundesr\u00e4tliche Bericht zur Zulassung von \u00c4rzten beinhaltet qualitative Punkte zur Nachfolgeregelung von \u00c4rzten, wobei auch Sprachkompetenz gefragt ist.","breadcrumb":{"@id":"https:\/\/www.m-q.ch\/bundesraetlicher-bericht-zur-aerztequalitaet\/#breadcrumb"},"inLanguage":"de","potentialAction":[{"@type":"ReadAction","target":["https:\/\/www.m-q.ch\/bundesraetlicher-bericht-zur-aerztequalitaet\/"]}]},{"@type":"ImageObject","inLanguage":"de","@id":"https:\/\/www.m-q.ch\/bundesraetlicher-bericht-zur-aerztequalitaet\/#primaryimage","url":"https:\/\/www.m-q.ch\/wp-content\/uploads\/2017\/03\/Bundesr\u00e4tlicher-Bericht-zur-\u00c4rztequalit\u00e4t-mq-management-u-qualit\u00e4t-scaled.jpg","contentUrl":"https:\/\/www.m-q.ch\/wp-content\/uploads\/2017\/03\/Bundesr\u00e4tlicher-Bericht-zur-\u00c4rztequalit\u00e4t-mq-management-u-qualit\u00e4t-scaled.jpg","width":2560,"height":1706,"caption":"Schweizer \u00c4rzte sollen die Sprache von Schweizer Patienten sprechen k\u00f6nnen, fordert die FMH. (Bild: depositphotos)"},{"@type":"BreadcrumbList","@id":"https:\/\/www.m-q.ch\/bundesraetlicher-bericht-zur-aerztequalitaet\/#breadcrumb","itemListElement":[{"@type":"ListItem","position":1,"name":"Business Excellence","item":"https:\/\/www.m-q.ch\/kategorie\/business_excellence\/"},{"@type":"ListItem","position":2,"name":"Bundesr\u00e4tlicher Bericht zur \u00c4rztequalit\u00e4t"}]},{"@type":"WebSite","@id":"https:\/\/www.m-q.ch\/fr\/#website","url":"https:\/\/www.m-q.ch\/fr\/","name":"MQ Management und Qualit\u00e4t","description":"Plattform f\u00fcr integrierte Managementsysteme.","publisher":{"@id":"https:\/\/www.m-q.ch\/fr\/#organization"},"potentialAction":[{"@type":"SearchAction","target":{"@type":"EntryPoint","urlTemplate":"https:\/\/www.m-q.ch\/fr\/?s={search_term_string}"},"query-input":{"@type":"PropertyValueSpecification","valueRequired":true,"valueName":"search_term_string"}}],"inLanguage":"de"},{"@type":"Organization","@id":"https:\/\/www.m-q.ch\/fr\/#organization","name":"Galledia Fachmedien AG","url":"https:\/\/www.m-q.ch\/fr\/","logo":{"@type":"ImageObject","inLanguage":"de","@id":"https:\/\/www.m-q.ch\/fr\/#\/schema\/logo\/image\/","url":"https:\/\/www.m-q.ch\/wp-content\/uploads\/2020\/12\/cropped-logo_small.png","contentUrl":"https:\/\/www.m-q.ch\/wp-content\/uploads\/2020\/12\/cropped-logo_small.png","width":512,"height":512,"caption":"Galledia Fachmedien AG"},"image":{"@id":"https:\/\/www.m-q.ch\/fr\/#\/schema\/logo\/image\/"},"sameAs":["https:\/\/www.facebook.com\/ManagementUndQualitaet","https:\/\/www.linkedin.com\/showcase\/17982321\/admin\/"]},{"@type":"Person","@id":"https:\/\/www.m-q.ch\/fr\/#\/schema\/person\/47d540e081acd98ccbeb69b55df653d7","name":"Roger Str\u00e4ssle","image":{"@type":"ImageObject","inLanguage":"de","@id":"https:\/\/www.m-q.ch\/fr\/#\/schema\/person\/image\/","url":"https:\/\/secure.gravatar.com\/avatar\/e4dde3046d8a184d2e2d27651a418883?s=96&d=mm&r=g","contentUrl":"https:\/\/secure.gravatar.com\/avatar\/e4dde3046d8a184d2e2d27651a418883?s=96&d=mm&r=g","caption":"Roger Str\u00e4ssle"},"url":"https:\/\/www.m-q.ch\/de\/author\/roger-straessle\/"}]}},"_links":{"self":[{"href":"https:\/\/www.m-q.ch\/de\/wp-json\/wp\/v2\/posts\/1215","targetHints":{"allow":["GET"]}}],"collection":[{"href":"https:\/\/www.m-q.ch\/de\/wp-json\/wp\/v2\/posts"}],"about":[{"href":"https:\/\/www.m-q.ch\/de\/wp-json\/wp\/v2\/types\/post"}],"author":[{"embeddable":true,"href":"https:\/\/www.m-q.ch\/de\/wp-json\/wp\/v2\/users\/35"}],"replies":[{"embeddable":true,"href":"https:\/\/www.m-q.ch\/de\/wp-json\/wp\/v2\/comments?post=1215"}],"version-history":[{"count":1,"href":"https:\/\/www.m-q.ch\/de\/wp-json\/wp\/v2\/posts\/1215\/revisions"}],"predecessor-version":[{"id":1217,"href":"https:\/\/www.m-q.ch\/de\/wp-json\/wp\/v2\/posts\/1215\/revisions\/1217"}],"wp:featuredmedia":[{"embeddable":true,"href":"https:\/\/www.m-q.ch\/de\/wp-json\/wp\/v2\/media\/1216"}],"wp:attachment":[{"href":"https:\/\/www.m-q.ch\/de\/wp-json\/wp\/v2\/media?parent=1215"}],"wp:term":[{"taxonomy":"category","embeddable":true,"href":"https:\/\/www.m-q.ch\/de\/wp-json\/wp\/v2\/categories?post=1215"},{"taxonomy":"post_tag","embeddable":true,"href":"https:\/\/www.m-q.ch\/de\/wp-json\/wp\/v2\/tags?post=1215"}],"curies":[{"name":"wp","href":"https:\/\/api.w.org\/{rel}","templated":true}]}}