{"id":12190,"date":"2015-07-01T08:31:00","date_gmt":"2015-07-01T06:31:00","guid":{"rendered":"https:\/\/www.m-q.ch\/?p=12190"},"modified":"2021-02-16T08:44:13","modified_gmt":"2021-02-16T07:44:13","slug":"wer-keine-visionen-mehr-hat","status":"publish","type":"post","link":"https:\/\/www.m-q.ch\/de\/wer-keine-visionen-mehr-hat\/","title":{"rendered":"\u00abWer keine Visionen mehr hat &#8230;\u00bb"},"content":{"rendered":"<p><img loading=\"lazy\" decoding=\"async\" class=\"alignnone size-full wp-image-12203\" src=\"https:\/\/www.m-q.ch\/wp-content\/uploads\/2021\/02\/Wer-keine-Visionen-mehr-hat-....jpg\" alt=\"\u00abWer keine Visionen mehr hat ...\u00bb\" width=\"878\" height=\"574\" srcset=\"https:\/\/www.m-q.ch\/wp-content\/uploads\/2021\/02\/Wer-keine-Visionen-mehr-hat-....jpg 878w, https:\/\/www.m-q.ch\/wp-content\/uploads\/2021\/02\/Wer-keine-Visionen-mehr-hat-...-768x502.jpg 768w, https:\/\/www.m-q.ch\/wp-content\/uploads\/2021\/02\/Wer-keine-Visionen-mehr-hat-...-16x10.jpg 16w, https:\/\/www.m-q.ch\/wp-content\/uploads\/2021\/02\/Wer-keine-Visionen-mehr-hat-...-268x175.jpg 268w, https:\/\/www.m-q.ch\/wp-content\/uploads\/2021\/02\/Wer-keine-Visionen-mehr-hat-...-535x350.jpg 535w, https:\/\/www.m-q.ch\/wp-content\/uploads\/2021\/02\/Wer-keine-Visionen-mehr-hat-...-300x196.jpg 300w\" sizes=\"auto, (max-width: 878px) 100vw, 878px\" \/><\/p>\n<p>&nbsp;<\/p>\n<p>&nbsp;<\/p>\n<p>Der Tag der Schweizer Qualit\u00e4t stand unter dem Motto \u00abQualit\u00e4t vermarkten\u00bb. Dies war auch der Aufh\u00e4nger f\u00fcr die einleitenden Worte der Moderatorin Andrea Lager, die darin auch einen Bezug zur laufenden FIFA-Aff\u00e4re herstellte \u2013 als fragw\u00fcrdiges Beispiel der Verkn\u00fcpfung von Qualit\u00e4t mit Marketing: Auf der einen Seite sei Fussball zu vermarkten \u00abwie ein Sechser im Lotto, denn es geht um Emotionen \u00bb. Anderseits geh\u00f6re aber auch Compliance seitens eines Sportverbandes dazu und nicht nur ein bisschen davon.<\/p>\n<p><strong>Qualit\u00e4t wird erst erlebt, wenn sie fehlt<\/strong><\/p>\n<p>&nbsp;<\/p>\n<p>Als erster Referent trat Stefan Hagen, Coach und Buchautor, auf. Er stellte gleich zu Beginn eine unternehmerische Gretchenfrage: \u00abWarum kommen Kunden zu uns?\u00bb Die Antwort \u2013 nach l\u00e4ngerer \u00dcberlegung \u2013 heisst dann oft: \u00abWegen der Qualit\u00e4t unserer Produkte.\u00bb Mit anderen Worten: Jedes Unternehmen glaubt, dass es Qualit\u00e4t bietet. Doch was ist denn \u00fcberhaupt \u00abQualit\u00e4t\u00bb? Etwas resignierend scheint die Antwort, welche Stefan Hagen stellvertretend dazu gab: \u00abQualit\u00e4t wird von den Kunden erst dann erlebt, wenn sie nicht mehr da ist.\u00bb Er empfiehlt deshalb, den Begriff noch st\u00e4rker aus Kundensicht zu betrachten und verwies auch darauf, dass die ISO- 9001-Revision dies nun auch st\u00e4rker ber\u00fccksichtigt. In Hinblick auf die Schwierigkeit in vielen Unternehmen, wo die Gesch\u00e4ftsleitung das Qualit\u00e4tsmanagement nur ungen\u00fcgend umsetzt, machte Hagen auch deutlich, wie viel Energie notwendig ist, um Prozess- und Qualit\u00e4tsdenken bei den einzelnen Mitarbeitenden \u00fcberhaupt erst zu verankern. Er riet denn auch zu mehr Mut zur Qualit\u00e4t.<\/p>\n<p><strong>Eine Frage von Profil&#8230;<\/strong><\/p>\n<p>&nbsp;<\/p>\n<p>In zwei parallelen Sessions wurden anschliessend die Themen \u00abQualit\u00e4t braucht Kultur\u00bb und \u00abQualit\u00e4t braucht Profil\u00bb behandelt. Dort zeigte Prof. Dr. Hans Lichtsteiner, Direktor f\u00fcr Weiterbildung an der Universit\u00e4t Fribourg, wie das Profil die Wahrnehmung \u2013 auch hinsichtlich zu erwartender Qualit\u00e4t \u2013 beeinflussen kann. Umso wichtiger sei es f\u00fcr Unternehmen, durch das richtige Zusammenspiel von Corporate Design, Corporate Communication und Corporate Behaviour die eigene Corporate Identity zu gestalten. Denn erst \u00fcber die Identit\u00e4t entsteht ein Profil. Einen Einblick in die Praxis vermittelte Ueli Steiner, Gesch\u00e4ftsf\u00fchrer von bio.inspecta AG, ein Unternehmen, welches u.a. Bio- Bauernbetriebe zertifiziert. Das Bekenntnis zur \u00d6kologie \u2013 und auch dessen \u00f6konomischer Wirkung \u2013 zeigt sich im Profil der Firma: Qualifizierte Aus- und Weiterbildung f\u00fcr die Mitarbeitenden, konsequente Nutzung des \u00d6ffentlichen Verkehrs und Carsharing sind nur einige Elemente, die Ueli Steiner aufz\u00e4hlt. Und: \u00abKunden erwarten in Sachen Reputation mehr, als sie selber bieten. \u00bb<\/p>\n<p><strong>&#8230; oder von Kultur<\/strong><\/p>\n<p>&nbsp;<\/p>\n<p>In der Session II \u00abQualit\u00e4t braucht Kultur\u00bb sprachen gleich zwei Experten bez\u00fcglich Qualit\u00e4tsanforderungen im Personal- und Governance-Bereich. Prof. Dr. J\u00fcrg Meier \u2013 spezialisiert auf die Ausbildung, Beratung, F\u00fchrung von Unternehmen \u2013 sprach nicht nur davon, wie Qualit\u00e4t gemessen und dokumentiert werden m\u00fcsste, sondern auch von typischen \u00abkulturellen Ritualen\u00bb respektive \u00e4usseren Faktoren, die jederzeit auf Unternehmensprozesse einwirken. Meier durchleuchtete die Rahmenbedingungen bei Teamarbeiten, Verh\u00e4ltnisse zwischen Auftraggeber und Mitarbeitenden. Unter anderem lautete eines seiner Credos an F\u00fchrungsspitzen: \u00abTun, was man sagt.\u00bb<\/p>\n<p>&nbsp;<\/p>\n<p>Der darauffolgende Referent, Ruedi Josuran, war lange Moderator und Redaktor beim Schweizer Radio (\u00abFenster zum Sonntag \u00bb auf SRF 2). Heute ist er Kommunikationsverantwortlicher \u2013 Career-, Gesundheits- und Life Balance Coach \u2013 beim BGM Forum Schweiz. Der Experte lieferte im Kursaal weiterf\u00fchrende Punkte f\u00fcr eine gut funktionierende Personal Governance. Er pl\u00e4diert f\u00fcr einen \u00abguten Umgang mit sich selbst\u00bb. Die Voraussetzungen hierf\u00fcr seien so grosse Worte wie Selbstbestimmung, Selbstreflexion und Selbstregulation, \u00abdas Erkennen der eigenen Grenzen und Potenziale\u00bb. Speziell auf Seite der F\u00fchrungsebene sollten \u00abenergetische Tankstellen\u00bb, quasi kleine, pers\u00f6nliche Erholungseinheiten, kein Tabu sein.<\/p>\n<p><strong>Das Hohelied der Bildung<\/strong><\/p>\n<p>&nbsp;<\/p>\n<p>Nach dem \u00abJubil\u00e4umsblock\u00bb (siehe Bericht auf S. 7) standen in vier Kurzreferaten folgende Themen im Vordergrund: Marim\u00e9e Montalbetti vom SBFI sprach \u00fcber \u00abQualit\u00e4t in der Bildung\u00bb und verwies insbesondere auf das Schweizer Duale Bildungssystem, f\u00fcr welches sich immer h\u00e4ufiger auch das Ausland interessiere. Auch Stefan Eisenring, Direktor der ibW H\u00f6here Fachschule S\u00fcdostschweiz, schlug in diese Kerbe, forderte aber, dass die H\u00f6here Berufsbildung weiterhin noch viel an Anerkennung gewinnen m\u00fcsse. Ein vision\u00e4res Projekt stellte darauf Daniel Wiener mit \u00abCargo Souterrain\u00bb vor: Ein unterirdisches Transportsystem soll dereinst Post und andere G\u00fcter entlang der Hauptverkehrsachsen transportieren \u2013 unbemannt und mit 30 km\/h auf Induktionsschienen. Das Projekt \u2013 privat finanziert von Partnern aus Detailhandel, der Post, der SBB und anderen \u2013 durchl\u00e4uft derzeit noch eine Machbarkeitsstudie. Im besten Fall ist eine Inbetriebnahme ab 2028 m\u00f6glich,<\/p>\n<p>&nbsp;<\/p>\n<p><em><strong>Schweizer Qualit\u00e4t hat global an Vorsprung verloren<\/strong><\/em><\/p>\n<p>&nbsp;<\/p>\n<p>die Nachfrage durch den Markt sei in jedem Fall belegt, wie Wiener ausf\u00fchrte. Alexander Jaggy schliesslich lieferte eine Art Checkliste, wie eine Marke der \u00abSwissness\u00bb gen\u00fcgen kann: Ist eine Marke glaubw\u00fcrdig? Ist sie relevant f\u00fcr den Markt und auch f\u00fcr das Produkt? Hat die Swissness einen Informationswert? Differenziert und aktiviert eine Marke? Sind diese Punkte erf\u00fcllt, f\u00e4llt der \u00abVerkauf einer Armbrust\u00bb, dem Symbol f\u00fcr Schweizer Qualit\u00e4t, leichter. In der anschliessenden Podiumsdiskussion wurden die Themen noch etwas weiter ausgef\u00fchrt.<\/p>\n<p><strong>Bundesr\u00e4tin Doris Leuthard: \u00abNicht ins Hintertreffen geraten\u00bb<\/strong><\/p>\n<p>&nbsp;<\/p>\n<p>Den Schlusspunkt setzte Bundesr\u00e4tin Doris Leuthard, Vorsteherin des Departements f\u00fcr Umwelt, Verkehr, Energie und Kommunikation (UVEK). Sie f\u00fchrte an, dass die Schweizer Qualit\u00e4t global an Vorsprung verloren habe. Vor diesem Hintergrund sei es eine Herausforderung f\u00fcr die Politik, die richtige Balance zwischen Protektionismus und mehr Wettbewerb zu finden. Insgesamt verwies die Departementsvorsteherin aber auf die St\u00e4rken unseres Landes: Etwa die hohen Sicherheitsstandards oder auch die Chancengleichheit, die als Grundlage f\u00fcr Qualit\u00e4t dienten. Sie vergass dabei auch nicht zu erw\u00e4hnen, dass das Erfolgsmodell Schweiz nicht zuletzt auch auf Talenten aus dem Ausland basiere \u2013 mit Verweis auf die Firmengr\u00fcnder Nestl\u00e9, Brown, Boveri oder Hayek. Die Chancengleichheit sei es letztlich, die die Grundlage f\u00fcr Qualit\u00e4t liefere. Und dass Qualit\u00e4t ihren Preis habe, war ebenfalls Gegenstand ihrer Ausf\u00fchrungen. Gerade die Ablehnung der 100-Franken-Autobahnvignette lasse die Frage aufkommen, wie viel Konsumenten f\u00fcr Infrastrukturen zu bezahlen bereit seien. Und was ist die gr\u00f6sste Herausforderung f\u00fcr die Verkehrsministerin? Es ist der digitale Wandel. \u00abDie Schweiz muss hier aufpassen, um nicht ins Hintertreffen zu geraten\u00bb, so die Warnung Doris Leuthards. Aber so lange in der Schweiz Visionen wie \u00abCargo Souterrain\u00bb zugelassen sind, sollte ein guter N\u00e4hrboden f\u00fcr die Zukunftsentwicklung eigentlich vorhanden sein.<\/p>\n<p>&nbsp;<\/p>\n<p>&nbsp;<\/p>\n<p>&nbsp;<\/p>\n<p>&nbsp;<\/p>\n","protected":false},"excerpt":{"rendered":"<p>&nbsp; &nbsp; Der Tag der Schweizer Qualit\u00e4t stand unter dem Motto \u00abQualit\u00e4t vermarkten\u00bb. Dies war auch der Aufh\u00e4nger f\u00fcr die einleitenden Worte der Moderatorin Andrea Lager, die darin auch einen Bezug zur laufenden FIFA-Aff\u00e4re herstellte \u2013 als fragw\u00fcrdiges Beispiel der Verkn\u00fcpfung von Qualit\u00e4t mit Marketing: Auf der einen Seite sei Fussball zu vermarkten \u00abwie ein [&hellip;]<\/p>\n","protected":false},"author":62,"featured_media":12203,"comment_status":"closed","ping_status":"closed","sticky":false,"template":"","format":"standard","meta":{"_acf_changed":false,"footnotes":""},"categories":[4448],"tags":[4794],"class_list":["post-12190","post","type-post","status-publish","format-standard","has-post-thumbnail","hentry","category-allgemein","tag-07-08-2015"],"acf":[],"yoast_head":"<!-- This site is optimized with the Yoast SEO plugin v26.2 - https:\/\/yoast.com\/wordpress\/plugins\/seo\/ -->\n<title>\u00abWer keine Visionen mehr hat ...\u00bb - MQ Management und Qualit\u00e4t<\/title>\n<meta name=\"description\" content=\"... kann sich einen Arzt bald nicht mehr leisten.\u00bbDies sagte Referent Stefan Hagen in Anlehnung andas Zitat von Alt-Bundeskanzler Helmut Schmidt:\u00abWer Visionen hat, der sollte zum Arzt gehen.\u00bb Dochnicht nur um Visionen ging es am Tag der SchweizerQualit\u00e4t vom 9. Juni 2015 in Bern, sondern auchum die Frage, was es ganz konkret f\u00fcr die Qualit\u00e4tbraucht.\" \/>\n<meta name=\"robots\" content=\"index, follow, max-snippet:-1, max-image-preview:large, max-video-preview:-1\" \/>\n<link rel=\"canonical\" href=\"https:\/\/www.m-q.ch\/de\/wer-keine-visionen-mehr-hat\/\" \/>\n<meta property=\"og:locale\" content=\"de_DE\" \/>\n<meta property=\"og:type\" content=\"article\" \/>\n<meta property=\"og:title\" content=\"\u00abWer keine Visionen mehr hat ...\u00bb - MQ Management und Qualit\u00e4t\" \/>\n<meta property=\"og:description\" content=\"... kann sich einen Arzt bald nicht mehr leisten.\u00bbDies sagte Referent Stefan Hagen in Anlehnung andas Zitat von Alt-Bundeskanzler Helmut Schmidt:\u00abWer Visionen hat, der sollte zum Arzt gehen.\u00bb Dochnicht nur um Visionen ging es am Tag der SchweizerQualit\u00e4t vom 9. Juni 2015 in Bern, sondern auchum die Frage, was es ganz konkret f\u00fcr die Qualit\u00e4tbraucht.\" \/>\n<meta property=\"og:url\" content=\"https:\/\/www.m-q.ch\/de\/wer-keine-visionen-mehr-hat\/\" \/>\n<meta property=\"og:site_name\" content=\"MQ Management und Qualit\u00e4t\" \/>\n<meta property=\"article:publisher\" content=\"https:\/\/www.facebook.com\/ManagementUndQualitaet\" \/>\n<meta property=\"article:published_time\" content=\"2015-07-01T06:31:00+00:00\" \/>\n<meta property=\"article:modified_time\" content=\"2021-02-16T07:44:13+00:00\" \/>\n<meta property=\"og:image\" content=\"https:\/\/www.m-q.ch\/wp-content\/uploads\/2021\/02\/Wer-keine-Visionen-mehr-hat-....jpg\" \/>\n\t<meta property=\"og:image:width\" content=\"878\" \/>\n\t<meta property=\"og:image:height\" content=\"574\" \/>\n\t<meta property=\"og:image:type\" content=\"image\/jpeg\" \/>\n<meta name=\"author\" content=\"upwork_2\" \/>\n<meta name=\"twitter:card\" content=\"summary_large_image\" \/>\n<meta name=\"twitter:label1\" content=\"Verfasst von\" \/>\n\t<meta name=\"twitter:data1\" content=\"upwork_2\" \/>\n\t<meta name=\"twitter:label2\" content=\"Gesch\u00e4tzte Lesezeit\" \/>\n\t<meta name=\"twitter:data2\" content=\"5\u00a0Minuten\" \/>\n<script type=\"application\/ld+json\" class=\"yoast-schema-graph\">{\"@context\":\"https:\/\/schema.org\",\"@graph\":[{\"@type\":\"Article\",\"@id\":\"https:\/\/www.m-q.ch\/wer-keine-visionen-mehr-hat\/#article\",\"isPartOf\":{\"@id\":\"https:\/\/www.m-q.ch\/wer-keine-visionen-mehr-hat\/\"},\"author\":{\"name\":\"upwork_2\",\"@id\":\"https:\/\/www.m-q.ch\/fr\/#\/schema\/person\/71f647a41e4a3e361e6230f5134f3ba9\"},\"headline\":\"\u00abWer keine Visionen mehr hat &#8230;\u00bb\",\"datePublished\":\"2015-07-01T06:31:00+00:00\",\"dateModified\":\"2021-02-16T07:44:13+00:00\",\"mainEntityOfPage\":{\"@id\":\"https:\/\/www.m-q.ch\/wer-keine-visionen-mehr-hat\/\"},\"wordCount\":1072,\"publisher\":{\"@id\":\"https:\/\/www.m-q.ch\/fr\/#organization\"},\"image\":{\"@id\":\"https:\/\/www.m-q.ch\/wer-keine-visionen-mehr-hat\/#primaryimage\"},\"thumbnailUrl\":\"https:\/\/www.m-q.ch\/wp-content\/uploads\/2021\/02\/Wer-keine-Visionen-mehr-hat-....jpg\",\"keywords\":[\"07\u201308\/2015\"],\"inLanguage\":\"de\"},{\"@type\":\"WebPage\",\"@id\":\"https:\/\/www.m-q.ch\/wer-keine-visionen-mehr-hat\/\",\"url\":\"https:\/\/www.m-q.ch\/wer-keine-visionen-mehr-hat\/\",\"name\":\"\u00abWer keine Visionen mehr hat ...\u00bb - MQ Management und Qualit\u00e4t\",\"isPartOf\":{\"@id\":\"https:\/\/www.m-q.ch\/fr\/#website\"},\"primaryImageOfPage\":{\"@id\":\"https:\/\/www.m-q.ch\/wer-keine-visionen-mehr-hat\/#primaryimage\"},\"image\":{\"@id\":\"https:\/\/www.m-q.ch\/wer-keine-visionen-mehr-hat\/#primaryimage\"},\"thumbnailUrl\":\"https:\/\/www.m-q.ch\/wp-content\/uploads\/2021\/02\/Wer-keine-Visionen-mehr-hat-....jpg\",\"datePublished\":\"2015-07-01T06:31:00+00:00\",\"dateModified\":\"2021-02-16T07:44:13+00:00\",\"description\":\"... kann sich einen Arzt bald nicht mehr leisten.\u00bbDies sagte Referent Stefan Hagen in Anlehnung andas Zitat von Alt-Bundeskanzler Helmut Schmidt:\u00abWer Visionen hat, der sollte zum Arzt gehen.\u00bb Dochnicht nur um Visionen ging es am Tag der SchweizerQualit\u00e4t vom 9. Juni 2015 in Bern, sondern auchum die Frage, was es ganz konkret f\u00fcr die Qualit\u00e4tbraucht.\",\"breadcrumb\":{\"@id\":\"https:\/\/www.m-q.ch\/wer-keine-visionen-mehr-hat\/#breadcrumb\"},\"inLanguage\":\"de\",\"potentialAction\":[{\"@type\":\"ReadAction\",\"target\":[\"https:\/\/www.m-q.ch\/wer-keine-visionen-mehr-hat\/\"]}]},{\"@type\":\"ImageObject\",\"inLanguage\":\"de\",\"@id\":\"https:\/\/www.m-q.ch\/wer-keine-visionen-mehr-hat\/#primaryimage\",\"url\":\"https:\/\/www.m-q.ch\/wp-content\/uploads\/2021\/02\/Wer-keine-Visionen-mehr-hat-....jpg\",\"contentUrl\":\"https:\/\/www.m-q.ch\/wp-content\/uploads\/2021\/02\/Wer-keine-Visionen-mehr-hat-....jpg\",\"width\":878,\"height\":574,\"caption\":\"\u00abWer keine Visionen mehr hat ...\u00bb\"},{\"@type\":\"BreadcrumbList\",\"@id\":\"https:\/\/www.m-q.ch\/wer-keine-visionen-mehr-hat\/#breadcrumb\",\"itemListElement\":[{\"@type\":\"ListItem\",\"position\":1,\"name\":\"Allgemein\",\"item\":\"https:\/\/www.m-q.ch\/kategorie\/allgemein\/\"},{\"@type\":\"ListItem\",\"position\":2,\"name\":\"\u00abWer keine Visionen mehr hat &#8230;\u00bb\"}]},{\"@type\":\"WebSite\",\"@id\":\"https:\/\/www.m-q.ch\/fr\/#website\",\"url\":\"https:\/\/www.m-q.ch\/fr\/\",\"name\":\"MQ Management und Qualit\u00e4t\",\"description\":\"Plattform f\u00fcr integrierte Managementsysteme.\",\"publisher\":{\"@id\":\"https:\/\/www.m-q.ch\/fr\/#organization\"},\"potentialAction\":[{\"@type\":\"SearchAction\",\"target\":{\"@type\":\"EntryPoint\",\"urlTemplate\":\"https:\/\/www.m-q.ch\/fr\/?s={search_term_string}\"},\"query-input\":{\"@type\":\"PropertyValueSpecification\",\"valueRequired\":true,\"valueName\":\"search_term_string\"}}],\"inLanguage\":\"de\"},{\"@type\":\"Organization\",\"@id\":\"https:\/\/www.m-q.ch\/fr\/#organization\",\"name\":\"Galledia Fachmedien AG\",\"url\":\"https:\/\/www.m-q.ch\/fr\/\",\"logo\":{\"@type\":\"ImageObject\",\"inLanguage\":\"de\",\"@id\":\"https:\/\/www.m-q.ch\/fr\/#\/schema\/logo\/image\/\",\"url\":\"https:\/\/www.m-q.ch\/wp-content\/uploads\/2020\/12\/cropped-logo_small.png\",\"contentUrl\":\"https:\/\/www.m-q.ch\/wp-content\/uploads\/2020\/12\/cropped-logo_small.png\",\"width\":512,\"height\":512,\"caption\":\"Galledia Fachmedien AG\"},\"image\":{\"@id\":\"https:\/\/www.m-q.ch\/fr\/#\/schema\/logo\/image\/\"},\"sameAs\":[\"https:\/\/www.facebook.com\/ManagementUndQualitaet\",\"https:\/\/www.linkedin.com\/showcase\/17982321\/admin\/\"]},{\"@type\":\"Person\",\"@id\":\"https:\/\/www.m-q.ch\/fr\/#\/schema\/person\/71f647a41e4a3e361e6230f5134f3ba9\",\"name\":\"upwork_2\",\"image\":{\"@type\":\"ImageObject\",\"inLanguage\":\"de\",\"@id\":\"https:\/\/www.m-q.ch\/fr\/#\/schema\/person\/image\/\",\"url\":\"https:\/\/secure.gravatar.com\/avatar\/777b90ab56092bbf3c85feacda5c1bce?s=96&d=mm&r=g\",\"contentUrl\":\"https:\/\/secure.gravatar.com\/avatar\/777b90ab56092bbf3c85feacda5c1bce?s=96&d=mm&r=g\",\"caption\":\"upwork_2\"},\"url\":\"https:\/\/www.m-q.ch\/de\/author\/upwork_2\/\"}]}<\/script>\n<!-- \/ Yoast SEO plugin. -->","yoast_head_json":{"title":"\u00abWer keine Visionen mehr hat ...\u00bb - MQ Management und Qualit\u00e4t","description":"... kann sich einen Arzt bald nicht mehr leisten.\u00bbDies sagte Referent Stefan Hagen in Anlehnung andas Zitat von Alt-Bundeskanzler Helmut Schmidt:\u00abWer Visionen hat, der sollte zum Arzt gehen.\u00bb Dochnicht nur um Visionen ging es am Tag der SchweizerQualit\u00e4t vom 9. Juni 2015 in Bern, sondern auchum die Frage, was es ganz konkret f\u00fcr die Qualit\u00e4tbraucht.","robots":{"index":"index","follow":"follow","max-snippet":"max-snippet:-1","max-image-preview":"max-image-preview:large","max-video-preview":"max-video-preview:-1"},"canonical":"https:\/\/www.m-q.ch\/de\/wer-keine-visionen-mehr-hat\/","og_locale":"de_DE","og_type":"article","og_title":"\u00abWer keine Visionen mehr hat ...\u00bb - MQ Management und Qualit\u00e4t","og_description":"... kann sich einen Arzt bald nicht mehr leisten.\u00bbDies sagte Referent Stefan Hagen in Anlehnung andas Zitat von Alt-Bundeskanzler Helmut Schmidt:\u00abWer Visionen hat, der sollte zum Arzt gehen.\u00bb Dochnicht nur um Visionen ging es am Tag der SchweizerQualit\u00e4t vom 9. Juni 2015 in Bern, sondern auchum die Frage, was es ganz konkret f\u00fcr die Qualit\u00e4tbraucht.","og_url":"https:\/\/www.m-q.ch\/de\/wer-keine-visionen-mehr-hat\/","og_site_name":"MQ Management und Qualit\u00e4t","article_publisher":"https:\/\/www.facebook.com\/ManagementUndQualitaet","article_published_time":"2015-07-01T06:31:00+00:00","article_modified_time":"2021-02-16T07:44:13+00:00","og_image":[{"width":878,"height":574,"url":"https:\/\/www.m-q.ch\/wp-content\/uploads\/2021\/02\/Wer-keine-Visionen-mehr-hat-....jpg","type":"image\/jpeg"}],"author":"upwork_2","twitter_card":"summary_large_image","twitter_misc":{"Verfasst von":"upwork_2","Gesch\u00e4tzte Lesezeit":"5\u00a0Minuten"},"schema":{"@context":"https:\/\/schema.org","@graph":[{"@type":"Article","@id":"https:\/\/www.m-q.ch\/wer-keine-visionen-mehr-hat\/#article","isPartOf":{"@id":"https:\/\/www.m-q.ch\/wer-keine-visionen-mehr-hat\/"},"author":{"name":"upwork_2","@id":"https:\/\/www.m-q.ch\/fr\/#\/schema\/person\/71f647a41e4a3e361e6230f5134f3ba9"},"headline":"\u00abWer keine Visionen mehr hat &#8230;\u00bb","datePublished":"2015-07-01T06:31:00+00:00","dateModified":"2021-02-16T07:44:13+00:00","mainEntityOfPage":{"@id":"https:\/\/www.m-q.ch\/wer-keine-visionen-mehr-hat\/"},"wordCount":1072,"publisher":{"@id":"https:\/\/www.m-q.ch\/fr\/#organization"},"image":{"@id":"https:\/\/www.m-q.ch\/wer-keine-visionen-mehr-hat\/#primaryimage"},"thumbnailUrl":"https:\/\/www.m-q.ch\/wp-content\/uploads\/2021\/02\/Wer-keine-Visionen-mehr-hat-....jpg","keywords":["07\u201308\/2015"],"inLanguage":"de"},{"@type":"WebPage","@id":"https:\/\/www.m-q.ch\/wer-keine-visionen-mehr-hat\/","url":"https:\/\/www.m-q.ch\/wer-keine-visionen-mehr-hat\/","name":"\u00abWer keine Visionen mehr hat ...\u00bb - MQ Management und Qualit\u00e4t","isPartOf":{"@id":"https:\/\/www.m-q.ch\/fr\/#website"},"primaryImageOfPage":{"@id":"https:\/\/www.m-q.ch\/wer-keine-visionen-mehr-hat\/#primaryimage"},"image":{"@id":"https:\/\/www.m-q.ch\/wer-keine-visionen-mehr-hat\/#primaryimage"},"thumbnailUrl":"https:\/\/www.m-q.ch\/wp-content\/uploads\/2021\/02\/Wer-keine-Visionen-mehr-hat-....jpg","datePublished":"2015-07-01T06:31:00+00:00","dateModified":"2021-02-16T07:44:13+00:00","description":"... kann sich einen Arzt bald nicht mehr leisten.\u00bbDies sagte Referent Stefan Hagen in Anlehnung andas Zitat von Alt-Bundeskanzler Helmut Schmidt:\u00abWer Visionen hat, der sollte zum Arzt gehen.\u00bb Dochnicht nur um Visionen ging es am Tag der SchweizerQualit\u00e4t vom 9. Juni 2015 in Bern, sondern auchum die Frage, was es ganz konkret f\u00fcr die Qualit\u00e4tbraucht.","breadcrumb":{"@id":"https:\/\/www.m-q.ch\/wer-keine-visionen-mehr-hat\/#breadcrumb"},"inLanguage":"de","potentialAction":[{"@type":"ReadAction","target":["https:\/\/www.m-q.ch\/wer-keine-visionen-mehr-hat\/"]}]},{"@type":"ImageObject","inLanguage":"de","@id":"https:\/\/www.m-q.ch\/wer-keine-visionen-mehr-hat\/#primaryimage","url":"https:\/\/www.m-q.ch\/wp-content\/uploads\/2021\/02\/Wer-keine-Visionen-mehr-hat-....jpg","contentUrl":"https:\/\/www.m-q.ch\/wp-content\/uploads\/2021\/02\/Wer-keine-Visionen-mehr-hat-....jpg","width":878,"height":574,"caption":"\u00abWer keine Visionen mehr hat ...\u00bb"},{"@type":"BreadcrumbList","@id":"https:\/\/www.m-q.ch\/wer-keine-visionen-mehr-hat\/#breadcrumb","itemListElement":[{"@type":"ListItem","position":1,"name":"Allgemein","item":"https:\/\/www.m-q.ch\/kategorie\/allgemein\/"},{"@type":"ListItem","position":2,"name":"\u00abWer keine Visionen mehr hat &#8230;\u00bb"}]},{"@type":"WebSite","@id":"https:\/\/www.m-q.ch\/fr\/#website","url":"https:\/\/www.m-q.ch\/fr\/","name":"MQ Management und Qualit\u00e4t","description":"Plattform f\u00fcr integrierte Managementsysteme.","publisher":{"@id":"https:\/\/www.m-q.ch\/fr\/#organization"},"potentialAction":[{"@type":"SearchAction","target":{"@type":"EntryPoint","urlTemplate":"https:\/\/www.m-q.ch\/fr\/?s={search_term_string}"},"query-input":{"@type":"PropertyValueSpecification","valueRequired":true,"valueName":"search_term_string"}}],"inLanguage":"de"},{"@type":"Organization","@id":"https:\/\/www.m-q.ch\/fr\/#organization","name":"Galledia Fachmedien AG","url":"https:\/\/www.m-q.ch\/fr\/","logo":{"@type":"ImageObject","inLanguage":"de","@id":"https:\/\/www.m-q.ch\/fr\/#\/schema\/logo\/image\/","url":"https:\/\/www.m-q.ch\/wp-content\/uploads\/2020\/12\/cropped-logo_small.png","contentUrl":"https:\/\/www.m-q.ch\/wp-content\/uploads\/2020\/12\/cropped-logo_small.png","width":512,"height":512,"caption":"Galledia Fachmedien AG"},"image":{"@id":"https:\/\/www.m-q.ch\/fr\/#\/schema\/logo\/image\/"},"sameAs":["https:\/\/www.facebook.com\/ManagementUndQualitaet","https:\/\/www.linkedin.com\/showcase\/17982321\/admin\/"]},{"@type":"Person","@id":"https:\/\/www.m-q.ch\/fr\/#\/schema\/person\/71f647a41e4a3e361e6230f5134f3ba9","name":"upwork_2","image":{"@type":"ImageObject","inLanguage":"de","@id":"https:\/\/www.m-q.ch\/fr\/#\/schema\/person\/image\/","url":"https:\/\/secure.gravatar.com\/avatar\/777b90ab56092bbf3c85feacda5c1bce?s=96&d=mm&r=g","contentUrl":"https:\/\/secure.gravatar.com\/avatar\/777b90ab56092bbf3c85feacda5c1bce?s=96&d=mm&r=g","caption":"upwork_2"},"url":"https:\/\/www.m-q.ch\/de\/author\/upwork_2\/"}]}},"_links":{"self":[{"href":"https:\/\/www.m-q.ch\/de\/wp-json\/wp\/v2\/posts\/12190","targetHints":{"allow":["GET"]}}],"collection":[{"href":"https:\/\/www.m-q.ch\/de\/wp-json\/wp\/v2\/posts"}],"about":[{"href":"https:\/\/www.m-q.ch\/de\/wp-json\/wp\/v2\/types\/post"}],"author":[{"embeddable":true,"href":"https:\/\/www.m-q.ch\/de\/wp-json\/wp\/v2\/users\/62"}],"replies":[{"embeddable":true,"href":"https:\/\/www.m-q.ch\/de\/wp-json\/wp\/v2\/comments?post=12190"}],"version-history":[{"count":1,"href":"https:\/\/www.m-q.ch\/de\/wp-json\/wp\/v2\/posts\/12190\/revisions"}],"predecessor-version":[{"id":12204,"href":"https:\/\/www.m-q.ch\/de\/wp-json\/wp\/v2\/posts\/12190\/revisions\/12204"}],"wp:featuredmedia":[{"embeddable":true,"href":"https:\/\/www.m-q.ch\/de\/wp-json\/wp\/v2\/media\/12203"}],"wp:attachment":[{"href":"https:\/\/www.m-q.ch\/de\/wp-json\/wp\/v2\/media?parent=12190"}],"wp:term":[{"taxonomy":"category","embeddable":true,"href":"https:\/\/www.m-q.ch\/de\/wp-json\/wp\/v2\/categories?post=12190"},{"taxonomy":"post_tag","embeddable":true,"href":"https:\/\/www.m-q.ch\/de\/wp-json\/wp\/v2\/tags?post=12190"}],"curies":[{"name":"wp","href":"https:\/\/api.w.org\/{rel}","templated":true}]}}