{"id":12193,"date":"2015-07-07T08:31:03","date_gmt":"2015-07-07T06:31:03","guid":{"rendered":"https:\/\/www.m-q.ch\/?p=12193"},"modified":"2021-02-16T09:21:02","modified_gmt":"2021-02-16T08:21:02","slug":"neue-steuerbelastungen-fuer-schweizer-kmu","status":"publish","type":"post","link":"https:\/\/www.m-q.ch\/de\/neue-steuerbelastungen-fuer-schweizer-kmu\/","title":{"rendered":"Neue Steuerbelastungen f\u00fcr Schweizer KMU?"},"content":{"rendered":"<p><img loading=\"lazy\" decoding=\"async\" class=\"alignnone size-full wp-image-12209\" src=\"https:\/\/www.m-q.ch\/wp-content\/uploads\/2021\/02\/Neue-Steuerbelastungen-fuer-Schweizer-KMU.jpg\" alt=\"Neue Steuerbelastungen f\u00fcr Schweizer KMU?\" width=\"870\" height=\"550\" srcset=\"https:\/\/www.m-q.ch\/wp-content\/uploads\/2021\/02\/Neue-Steuerbelastungen-fuer-Schweizer-KMU.jpg 870w, https:\/\/www.m-q.ch\/wp-content\/uploads\/2021\/02\/Neue-Steuerbelastungen-fuer-Schweizer-KMU-768x486.jpg 768w, https:\/\/www.m-q.ch\/wp-content\/uploads\/2021\/02\/Neue-Steuerbelastungen-fuer-Schweizer-KMU-16x10.jpg 16w, https:\/\/www.m-q.ch\/wp-content\/uploads\/2021\/02\/Neue-Steuerbelastungen-fuer-Schweizer-KMU-277x175.jpg 277w, https:\/\/www.m-q.ch\/wp-content\/uploads\/2021\/02\/Neue-Steuerbelastungen-fuer-Schweizer-KMU-554x350.jpg 554w, https:\/\/www.m-q.ch\/wp-content\/uploads\/2021\/02\/Neue-Steuerbelastungen-fuer-Schweizer-KMU-300x190.jpg 300w\" sizes=\"auto, (max-width: 870px) 100vw, 870px\" \/><\/p>\n<p>&nbsp;<\/p>\n<p>&nbsp;<\/p>\n<p>Das hiesige Unternehmenssteuerrecht hat viel zur Standortattraktivit\u00e4t der Schweiz beigetragen und einige, teilweise auch prominente Unternehmen zum Umzug in die Schweiz bewogen. Seit mehreren Jahren steht aber genau dieses Zugpferd des Standortes Schweiz unter enormem internationalem Druck. Insbesondere die EU und die Organisation f\u00fcr wirtschaftliche Zusammenarbeit und Entwicklung (OECD) dr\u00e4ngen die Schweiz dazu, die internationalen Standards zu \u00fcbernehmen.<\/p>\n<p>&nbsp;<\/p>\n<p>Im Mittelpunkt der Diskussionen stehen haupts\u00e4chlich die kantonalen Steuerprivilegien f\u00fcr Holding-, Domizil- und gemischte Gesellschaften, welche teilweise in- und ausl\u00e4ndische Ertr\u00e4ge ungleich behandeln und so attraktive steuerliche Bedingungen f\u00fcr multinationale Unternehmen schaffen. Auf politischer Ebene und bei Wirtschaftsverb\u00e4nden wird seit L\u00e4ngerem \u00fcber m\u00f6gliche und notwendige Anpassungen des Unternehmenssteuerrechts diskutiert, damit die Attraktivit\u00e4t des Steuerstandortes Schweiz erhalten, international akzeptiert und gleichzeitig gest\u00e4rkt wird. Am 5. Juni 2015 hat der Bundesrat die Botschaft zur UStR III verabschiedet, womit die Reform bereit f\u00fcr die parlamentarische Beratung ist.<\/p>\n<p><strong>Inhalt der Unternehmenssteuerreform III<\/strong><\/p>\n<p>&nbsp;<\/p>\n<p>Die UStR III setzt ihren Fokus auf drei Hauptziele: Gew\u00e4hrleistung einer weiterhin kompetitiven Unternehmenssteuerbelastung, Wiederherstellung der internationalen Akzeptanz sowie die Sicherung der finanziellen Ergiebigkeit der Gewinnsteuern f\u00fcr Bund, Kantone und Gemeinden. Um diese Ziele zu erreichen, schl\u00e4gt der Bundesrat verschiedene Massnahmen vor. Einerseits sollen die kantonalen Sonderregelungen f\u00fcr Holding-, Domizil- und gemischte Gesellschaften abgeschafft, und andererseits neue attraktive Regelungen f\u00fcr mobile Ertr\u00e4ge eingef\u00fchrt werden. Zus\u00e4tzlich sind kantonale Gewinnsteuersatzsenkungen sowie verschiedene Massnahmen zur Verbesserung der Systematik des Unternehmenssteuerrechts vorgesehen. Im nachfolgenden werden die drei Elemente der UStR III kurz zusammengefasst und erl\u00e4utert.<\/p>\n<p><strong>Patentbox und F\u00f6rderung von Forschung &amp; Entwicklung (F&amp;E)<\/strong><\/p>\n<p>&nbsp;<\/p>\n<p>F\u00fcr forschungsintensive Unternehmen soll auf kantonaler Ebene eine Patentbox eingef\u00fchrt werden. Zudem soll es den Kantonen erm\u00f6glicht werden, erh\u00f6hte Abz\u00fcge f\u00fcr F&amp;E-Aufwendungen vorzusehen. Das Grundkonzept der Patentbox sieht vor, dass juristische Personen bis zu 90 Prozent ihrer Ergebnisse aus Patenten, welche im Eigentum oder zur<\/p>\n<p>&nbsp;<\/p>\n<p><em><strong>Nicht in die Botschaft zur UStR III geschafft hat es die zinsbereinigte Gewinnsteuer.<\/strong><\/em><\/p>\n<p>&nbsp;<\/p>\n<p>Nutzniessung gehalten werden, auf kantonaler Ebene steuerlich in Abzug bringen k\u00f6nnen. Dadurch kann, je nach Kanton, ein effektiver Gesamtsteuersatz auf solchen Eink\u00fcnften von ca. 10 Prozent erreicht werden. Leider sieht der momentane Gesetzesentwurf eine relativ enge Auslegung des Begriffs \u00abPatente\u00bb vor. Vorgesehen ist, dass lediglich Ertr\u00e4ge aus angemeldeten Patenten qualifizieren. Andere Immaterialg\u00fcter wie zum Beispiel Markenrechte, Handelsnamen oder nicht angemeldete Erfindungen sind von der steuerlichen Privilegierung ausgenommen. Neben der Patentbox soll den Kantonen die M\u00f6glichkeit einger\u00e4umt werden, auf Kantonsebene einen erh\u00f6hten Abzug f\u00fcr F&amp;E-Aufwendungen einzuf\u00fchren. Die Eckwerte eines solchen erweiterten F&amp;E-Abzuges werden den Kantonen \u00fcberlassen, wobei die F\u00f6rderung ausschliesslich auf im Inland betriebene F&amp;E-T\u00e4tigkeiten beschr\u00e4nkt ist.<\/p>\n<p><strong>Gewinnsteuersatzsenkungen<\/strong><\/p>\n<p>&nbsp;<\/p>\n<p>Die kantonalen Gewinnsteuersatzsenkungen sind formell nicht Teil der Reform, da diese in den Kompetenzbereich der Kantone fallen. Das Reformpaket der UStR III sieht jedoch vor, dass der Bund den Kantonen durch vertikale Ausgleichsmassnahmen finanzpolitischen Handlungsspielraum verschaffen soll, damit die Kantone in der Lage sind, die ordentlichen Gewinnsteuers\u00e4tze auf durchschnittlich 16 Prozent zu senken und so den Wegfall der kantonalen Steuerprivilegien auszugleichen.<\/p>\n<p><strong>Verbesserung der Systematik des Unternehmenssteuerrechts<\/strong><\/p>\n<p>&nbsp;<\/p>\n<p>Das dritte Element der Reform dient vor allem der Vereinheitlichung bestehender Regeln und zielt auf eine ausgewogene Steuerbelastung im Bereich der Kapitaleink\u00fcnfte.<\/p>\n<p>&nbsp;<\/p>\n<p><em><strong>\u2013Einf\u00fchrung einer einheitlichen Regelung zur Aufdeckung stiller Reserven<\/strong><\/em>\u00a0<\/p>\n<p><em>Neu soll eine Aufdeckung von stillen Reserven nicht nur bei Wegzug oder Wegfall der Steuerpflicht, sondern auch bei Zu-zug bzw. Beginn der Schweizer Steuerpflicht stattfinden. Damit k\u00f6nnen stille Reserven (inkl. selbst geschaffenem Mehrwert\/ Goodwill) unabh\u00e4ngig von der handelsrechtlichen Aktivierungsf\u00e4higkeit bei Beginn der Steuerpflicht in der Steuerbilanz aufgedeckt werden. Die steuerlich aufgewerteten Aktien sind dabei gem\u00e4ss den \u00fcblichen Abschreibungss\u00e4tzen abzuschreiben, wobei die Abschreibungsdauer bei einem Goodwill nicht l\u00e4nger als zehn Jahre dauern darf.<\/em><\/p>\n<p>&nbsp;<\/p>\n<p><em>Ein Augenmerk ist auf die neue explizite Erw\u00e4hnung zu richten, dass bei Wegfall der Schweizer Steuerpflicht auch ein bestehender Mehrwert (zum Beispiel bei Verlagerung von Verkaufs- oder Dienstleistungsfunktionen ins Ausland) besteuert wird. F\u00fcr Unternehmen, welche vom Wegfall eines kantonalen Steuerprivilegs betroffen sind, werden entsprechende Erleichterungen geschaffen. Die im Zeitpunkt des Wegfalls eines solchen Steuerprivilegs bestehenden stillen Reserven k\u00f6nnen w\u00e4hrend f\u00fcnf Jahren, sofern realisiert, gesondert und reduziert besteuert werden. Die anzuwendenden Steuers\u00e4tze werden dabei durch die Kantone festgelegt.<\/em><\/p>\n<p>&nbsp;<\/p>\n<p><em><strong>\u2013 Abschaffung der Emissionsabgabe auf Eigenkapital<\/strong> <\/em><\/p>\n<p>&nbsp;<\/p>\n<p><em><strong>\u2013 Anpassungen beim Teilbesteuerungsverfahren<\/strong><\/em><\/p>\n<p><em>Die privilegierte Besteuerung von Dividendeneink\u00fcnften soll kantonal vereinheitlicht werden. Einerseits wird die Entlastung nur noch \u00fcber die Bemessungsgrundlage m\u00f6glich sein (Teilbesteuerungsverfahren) und andererseits wird die Entlastung auf einheitlich 30 Prozent beschr\u00e4nkt. Die minimale Beteiligungsh\u00f6he f\u00fcr die Geltendmachung der privilegierten Dividendenbesteuerung wurde bei 10 Prozent belassen, nachdem in der Vernehmlassungsvorlage noch eine Ausweitung auf alle Beteiligungen vorgesehen war.<\/em><\/p>\n<p>&nbsp;<\/p>\n<p><em><strong>\u2013 Anpassungen bei der pauschalen Steueranrechnung (Motion Pelli)<\/strong> <\/em><\/p>\n<p><em>Schweizerische Betriebsst\u00e4tten ausl\u00e4ndischer Unternehmen, welche ordentlich besteuert werden, sollen f\u00fcr mit ausl\u00e4ndischen Steuern belastete Ertr\u00e4gnisse, unter bestimmten Voraussetzungen, die pauschale Steueranrechnung beanspruchen k\u00f6nnen.<\/em><\/p>\n<p>&nbsp;<\/p>\n<p>Im Vorfeld viel diskutiert, aber schliesslich nicht in die Botschaft zur UStR III geschafft haben es die zinsbereinigte Gewinnsteuer, die geplanten Anpassungen bei der Kapitalsteuer sowie die Tonnage Tax, welche die Hochseeschifffahrt steuerlich f\u00f6rdern sollte. Hinsichtlich der Tonnage Tax wurde angemerkt, dass diese nicht verfassungskonform sei, da keine explizite verfassungsrechtliche Grundlage zur F\u00f6rderung der Hochseeschifffahrt bestehe. Weiter blieben die Anpassungen beim Beteiligungsabzug (\u00c4nderung von der indirekten zur direkten Freistellung) sowie bei der Verlustverrechnung unber\u00fccksichtigt. Besonders erfreulich ist, dass die Einf\u00fchrung einer Kapi-<\/p>\n<p>&nbsp;<\/p>\n<p><em><strong>Die Einf\u00fchrung einer Kapitalgewinnsteuer fand im Vernehmlassungsverfahren keinen Anklang.<\/strong><\/em><\/p>\n<p>&nbsp;<\/p>\n<p>talgewinnsteuer im Vernehmlassungsverfahren keinen Anklang fand und ebenfalls ersatzlos gestrichen wurde.<\/p>\n<p><strong>Auswirkungen f\u00fcr Schweizer KMU<\/strong><\/p>\n<p>&nbsp;<\/p>\n<p>Die Abschaffung der kantonalen Steuerprivilegien wird nicht nur multinationale Konzerne, sondern auch zahlreiche Schweizer KMUs mit Schweizer Holdingstrukturen betreffen. Wenn der Holdingstatus erf\u00fcllt ist, dann wird auf kantonaler Ebene der Gewinn nicht besteuert. Damit sind nicht nur die Dividendenertr\u00e4ge, sondern auch Zins- und Lizenzertr\u00e4ge, Entsch\u00e4digungen f\u00fcr Managementfunktionen etc. steuerbefreit. Durch die Abschaffung der Privilegien wird auch die steuerliche Privilegierung auf diesen Nicht-Dividendenertr\u00e4gen aufgehoben. Planungsbedarf besteht somit insbesondere f\u00fcr Holdingstrukturen, welche heute die reduzierte Besteuerung von \u00fcbrigen (Nicht-Dividenden-)Ertr\u00e4gen in Anspruch nehmen k\u00f6nnen. Die reinen Dividendenertr\u00e4ge werden auch k\u00fcnftig durch den Beteiligungsabzug entlastet.<\/p>\n<p>&nbsp;<\/p>\n<p>Alles in allem wird die UStR III f\u00fcr ausschliesslich national t\u00e4tige KMUs keine signifikanten Auswirkungen haben. Die gewichtigsten Effekte werden die Senkung der Gewinnsteuers\u00e4tze sowie die Verschlechterung bei der privilegierten Dividendenbesteuerung mit sich bringen. Nicht zu \u00fcbersehen ist jedenfalls, dass die UStR III mittels Patentbox und erh\u00f6hten F&amp;E-Aufwendungen insbesondere die Investitionst\u00e4tigkeit in der Schweiz f\u00f6rdern will. Wann und in welcher Form die UStR III schlussendlich eingef\u00fchrt wird, ist heute noch ungewiss. Dennoch sollten sich Schweizer KMUs auf die Ver\u00e4nderungen vorbereiten und auf einen Steuerberater vertrauen k\u00f6nnen, welcher sie durch diesen steuerlichen Wandel f\u00fchrt.\u00a0<\/p>\n","protected":false},"excerpt":{"rendered":"<p>&nbsp; &nbsp; Das hiesige Unternehmenssteuerrecht hat viel zur Standortattraktivit\u00e4t der Schweiz beigetragen und einige, teilweise auch prominente Unternehmen zum Umzug in die Schweiz bewogen. Seit mehreren Jahren steht aber genau dieses Zugpferd des Standortes Schweiz unter enormem internationalem Druck. Insbesondere die EU und die Organisation f\u00fcr wirtschaftliche Zusammenarbeit und Entwicklung (OECD) dr\u00e4ngen die Schweiz dazu, [&hellip;]<\/p>\n","protected":false},"author":62,"featured_media":12209,"comment_status":"closed","ping_status":"closed","sticky":false,"template":"","format":"standard","meta":{"_acf_changed":false,"footnotes":""},"categories":[5],"tags":[4794],"class_list":["post-12193","post","type-post","status-publish","format-standard","has-post-thumbnail","hentry","category-business_excellence","tag-07-08-2015"],"acf":[],"yoast_head":"<!-- This site is optimized with the Yoast SEO plugin v26.2 - https:\/\/yoast.com\/wordpress\/plugins\/seo\/ -->\n<title>Neue Steuerbelastungen f\u00fcr Schweizer KMU? - MQ Management und Qualit\u00e4t<\/title>\n<meta name=\"description\" content=\"Die in den Medien viel diskutierte UnternehmenssteuerreformIII (UStR III) nimmt langsam Form an.Als KMU stellt sich die Frage, ob und wann steuerplanerischeMassnahmen anzusetzen sind.\" \/>\n<meta name=\"robots\" content=\"index, follow, max-snippet:-1, max-image-preview:large, max-video-preview:-1\" \/>\n<link rel=\"canonical\" href=\"https:\/\/www.m-q.ch\/de\/neue-steuerbelastungen-fuer-schweizer-kmu\/\" \/>\n<meta property=\"og:locale\" content=\"de_DE\" \/>\n<meta property=\"og:type\" content=\"article\" \/>\n<meta property=\"og:title\" content=\"Neue Steuerbelastungen f\u00fcr Schweizer KMU? - MQ Management und Qualit\u00e4t\" \/>\n<meta property=\"og:description\" content=\"Die in den Medien viel diskutierte UnternehmenssteuerreformIII (UStR III) nimmt langsam Form an.Als KMU stellt sich die Frage, ob und wann steuerplanerischeMassnahmen anzusetzen sind.\" \/>\n<meta property=\"og:url\" content=\"https:\/\/www.m-q.ch\/de\/neue-steuerbelastungen-fuer-schweizer-kmu\/\" \/>\n<meta property=\"og:site_name\" content=\"MQ Management und Qualit\u00e4t\" \/>\n<meta property=\"article:publisher\" content=\"https:\/\/www.facebook.com\/ManagementUndQualitaet\" \/>\n<meta property=\"article:published_time\" content=\"2015-07-07T06:31:03+00:00\" \/>\n<meta property=\"article:modified_time\" content=\"2021-02-16T08:21:02+00:00\" \/>\n<meta property=\"og:image\" content=\"https:\/\/www.m-q.ch\/wp-content\/uploads\/2021\/02\/Neue-Steuerbelastungen-fuer-Schweizer-KMU.jpg\" \/>\n\t<meta property=\"og:image:width\" content=\"870\" \/>\n\t<meta property=\"og:image:height\" content=\"550\" \/>\n\t<meta property=\"og:image:type\" content=\"image\/jpeg\" \/>\n<meta name=\"author\" content=\"upwork_2\" \/>\n<meta name=\"twitter:card\" content=\"summary_large_image\" \/>\n<meta name=\"twitter:label1\" content=\"Verfasst von\" \/>\n\t<meta name=\"twitter:data1\" content=\"upwork_2\" \/>\n\t<meta name=\"twitter:label2\" content=\"Gesch\u00e4tzte Lesezeit\" \/>\n\t<meta name=\"twitter:data2\" content=\"6\u00a0Minuten\" \/>\n<script type=\"application\/ld+json\" class=\"yoast-schema-graph\">{\"@context\":\"https:\/\/schema.org\",\"@graph\":[{\"@type\":\"Article\",\"@id\":\"https:\/\/www.m-q.ch\/neue-steuerbelastungen-fuer-schweizer-kmu\/#article\",\"isPartOf\":{\"@id\":\"https:\/\/www.m-q.ch\/neue-steuerbelastungen-fuer-schweizer-kmu\/\"},\"author\":{\"name\":\"upwork_2\",\"@id\":\"https:\/\/www.m-q.ch\/fr\/#\/schema\/person\/71f647a41e4a3e361e6230f5134f3ba9\"},\"headline\":\"Neue Steuerbelastungen f\u00fcr Schweizer KMU?\",\"datePublished\":\"2015-07-07T06:31:03+00:00\",\"dateModified\":\"2021-02-16T08:21:02+00:00\",\"mainEntityOfPage\":{\"@id\":\"https:\/\/www.m-q.ch\/neue-steuerbelastungen-fuer-schweizer-kmu\/\"},\"wordCount\":1166,\"publisher\":{\"@id\":\"https:\/\/www.m-q.ch\/fr\/#organization\"},\"image\":{\"@id\":\"https:\/\/www.m-q.ch\/neue-steuerbelastungen-fuer-schweizer-kmu\/#primaryimage\"},\"thumbnailUrl\":\"https:\/\/www.m-q.ch\/wp-content\/uploads\/2021\/02\/Neue-Steuerbelastungen-fuer-Schweizer-KMU.jpg\",\"keywords\":[\"07\u201308\/2015\"],\"articleSection\":[\"Business Excellence\"],\"inLanguage\":\"de\"},{\"@type\":\"WebPage\",\"@id\":\"https:\/\/www.m-q.ch\/neue-steuerbelastungen-fuer-schweizer-kmu\/\",\"url\":\"https:\/\/www.m-q.ch\/neue-steuerbelastungen-fuer-schweizer-kmu\/\",\"name\":\"Neue Steuerbelastungen f\u00fcr Schweizer KMU? - MQ Management und Qualit\u00e4t\",\"isPartOf\":{\"@id\":\"https:\/\/www.m-q.ch\/fr\/#website\"},\"primaryImageOfPage\":{\"@id\":\"https:\/\/www.m-q.ch\/neue-steuerbelastungen-fuer-schweizer-kmu\/#primaryimage\"},\"image\":{\"@id\":\"https:\/\/www.m-q.ch\/neue-steuerbelastungen-fuer-schweizer-kmu\/#primaryimage\"},\"thumbnailUrl\":\"https:\/\/www.m-q.ch\/wp-content\/uploads\/2021\/02\/Neue-Steuerbelastungen-fuer-Schweizer-KMU.jpg\",\"datePublished\":\"2015-07-07T06:31:03+00:00\",\"dateModified\":\"2021-02-16T08:21:02+00:00\",\"description\":\"Die in den Medien viel diskutierte UnternehmenssteuerreformIII (UStR III) nimmt langsam Form an.Als KMU stellt sich die Frage, ob und wann steuerplanerischeMassnahmen anzusetzen sind.\",\"breadcrumb\":{\"@id\":\"https:\/\/www.m-q.ch\/neue-steuerbelastungen-fuer-schweizer-kmu\/#breadcrumb\"},\"inLanguage\":\"de\",\"potentialAction\":[{\"@type\":\"ReadAction\",\"target\":[\"https:\/\/www.m-q.ch\/neue-steuerbelastungen-fuer-schweizer-kmu\/\"]}]},{\"@type\":\"ImageObject\",\"inLanguage\":\"de\",\"@id\":\"https:\/\/www.m-q.ch\/neue-steuerbelastungen-fuer-schweizer-kmu\/#primaryimage\",\"url\":\"https:\/\/www.m-q.ch\/wp-content\/uploads\/2021\/02\/Neue-Steuerbelastungen-fuer-Schweizer-KMU.jpg\",\"contentUrl\":\"https:\/\/www.m-q.ch\/wp-content\/uploads\/2021\/02\/Neue-Steuerbelastungen-fuer-Schweizer-KMU.jpg\",\"width\":870,\"height\":550,\"caption\":\"Neue Steuerbelastungen f\u00fcr Schweizer KMU?\"},{\"@type\":\"BreadcrumbList\",\"@id\":\"https:\/\/www.m-q.ch\/neue-steuerbelastungen-fuer-schweizer-kmu\/#breadcrumb\",\"itemListElement\":[{\"@type\":\"ListItem\",\"position\":1,\"name\":\"Business Excellence\",\"item\":\"https:\/\/www.m-q.ch\/kategorie\/business_excellence\/\"},{\"@type\":\"ListItem\",\"position\":2,\"name\":\"Neue Steuerbelastungen f\u00fcr Schweizer KMU?\"}]},{\"@type\":\"WebSite\",\"@id\":\"https:\/\/www.m-q.ch\/fr\/#website\",\"url\":\"https:\/\/www.m-q.ch\/fr\/\",\"name\":\"MQ Management und Qualit\u00e4t\",\"description\":\"Plattform f\u00fcr integrierte Managementsysteme.\",\"publisher\":{\"@id\":\"https:\/\/www.m-q.ch\/fr\/#organization\"},\"potentialAction\":[{\"@type\":\"SearchAction\",\"target\":{\"@type\":\"EntryPoint\",\"urlTemplate\":\"https:\/\/www.m-q.ch\/fr\/?s={search_term_string}\"},\"query-input\":{\"@type\":\"PropertyValueSpecification\",\"valueRequired\":true,\"valueName\":\"search_term_string\"}}],\"inLanguage\":\"de\"},{\"@type\":\"Organization\",\"@id\":\"https:\/\/www.m-q.ch\/fr\/#organization\",\"name\":\"Galledia Fachmedien AG\",\"url\":\"https:\/\/www.m-q.ch\/fr\/\",\"logo\":{\"@type\":\"ImageObject\",\"inLanguage\":\"de\",\"@id\":\"https:\/\/www.m-q.ch\/fr\/#\/schema\/logo\/image\/\",\"url\":\"https:\/\/www.m-q.ch\/wp-content\/uploads\/2020\/12\/cropped-logo_small.png\",\"contentUrl\":\"https:\/\/www.m-q.ch\/wp-content\/uploads\/2020\/12\/cropped-logo_small.png\",\"width\":512,\"height\":512,\"caption\":\"Galledia Fachmedien AG\"},\"image\":{\"@id\":\"https:\/\/www.m-q.ch\/fr\/#\/schema\/logo\/image\/\"},\"sameAs\":[\"https:\/\/www.facebook.com\/ManagementUndQualitaet\",\"https:\/\/www.linkedin.com\/showcase\/17982321\/admin\/\"]},{\"@type\":\"Person\",\"@id\":\"https:\/\/www.m-q.ch\/fr\/#\/schema\/person\/71f647a41e4a3e361e6230f5134f3ba9\",\"name\":\"upwork_2\",\"image\":{\"@type\":\"ImageObject\",\"inLanguage\":\"de\",\"@id\":\"https:\/\/www.m-q.ch\/fr\/#\/schema\/person\/image\/\",\"url\":\"https:\/\/secure.gravatar.com\/avatar\/777b90ab56092bbf3c85feacda5c1bce?s=96&d=mm&r=g\",\"contentUrl\":\"https:\/\/secure.gravatar.com\/avatar\/777b90ab56092bbf3c85feacda5c1bce?s=96&d=mm&r=g\",\"caption\":\"upwork_2\"},\"url\":\"https:\/\/www.m-q.ch\/de\/author\/upwork_2\/\"}]}<\/script>\n<!-- \/ Yoast SEO plugin. -->","yoast_head_json":{"title":"Neue Steuerbelastungen f\u00fcr Schweizer KMU? - MQ Management und Qualit\u00e4t","description":"Die in den Medien viel diskutierte UnternehmenssteuerreformIII (UStR III) nimmt langsam Form an.Als KMU stellt sich die Frage, ob und wann steuerplanerischeMassnahmen anzusetzen sind.","robots":{"index":"index","follow":"follow","max-snippet":"max-snippet:-1","max-image-preview":"max-image-preview:large","max-video-preview":"max-video-preview:-1"},"canonical":"https:\/\/www.m-q.ch\/de\/neue-steuerbelastungen-fuer-schweizer-kmu\/","og_locale":"de_DE","og_type":"article","og_title":"Neue Steuerbelastungen f\u00fcr Schweizer KMU? - MQ Management und Qualit\u00e4t","og_description":"Die in den Medien viel diskutierte UnternehmenssteuerreformIII (UStR III) nimmt langsam Form an.Als KMU stellt sich die Frage, ob und wann steuerplanerischeMassnahmen anzusetzen sind.","og_url":"https:\/\/www.m-q.ch\/de\/neue-steuerbelastungen-fuer-schweizer-kmu\/","og_site_name":"MQ Management und Qualit\u00e4t","article_publisher":"https:\/\/www.facebook.com\/ManagementUndQualitaet","article_published_time":"2015-07-07T06:31:03+00:00","article_modified_time":"2021-02-16T08:21:02+00:00","og_image":[{"width":870,"height":550,"url":"https:\/\/www.m-q.ch\/wp-content\/uploads\/2021\/02\/Neue-Steuerbelastungen-fuer-Schweizer-KMU.jpg","type":"image\/jpeg"}],"author":"upwork_2","twitter_card":"summary_large_image","twitter_misc":{"Verfasst von":"upwork_2","Gesch\u00e4tzte Lesezeit":"6\u00a0Minuten"},"schema":{"@context":"https:\/\/schema.org","@graph":[{"@type":"Article","@id":"https:\/\/www.m-q.ch\/neue-steuerbelastungen-fuer-schweizer-kmu\/#article","isPartOf":{"@id":"https:\/\/www.m-q.ch\/neue-steuerbelastungen-fuer-schweizer-kmu\/"},"author":{"name":"upwork_2","@id":"https:\/\/www.m-q.ch\/fr\/#\/schema\/person\/71f647a41e4a3e361e6230f5134f3ba9"},"headline":"Neue Steuerbelastungen f\u00fcr Schweizer KMU?","datePublished":"2015-07-07T06:31:03+00:00","dateModified":"2021-02-16T08:21:02+00:00","mainEntityOfPage":{"@id":"https:\/\/www.m-q.ch\/neue-steuerbelastungen-fuer-schweizer-kmu\/"},"wordCount":1166,"publisher":{"@id":"https:\/\/www.m-q.ch\/fr\/#organization"},"image":{"@id":"https:\/\/www.m-q.ch\/neue-steuerbelastungen-fuer-schweizer-kmu\/#primaryimage"},"thumbnailUrl":"https:\/\/www.m-q.ch\/wp-content\/uploads\/2021\/02\/Neue-Steuerbelastungen-fuer-Schweizer-KMU.jpg","keywords":["07\u201308\/2015"],"articleSection":["Business Excellence"],"inLanguage":"de"},{"@type":"WebPage","@id":"https:\/\/www.m-q.ch\/neue-steuerbelastungen-fuer-schweizer-kmu\/","url":"https:\/\/www.m-q.ch\/neue-steuerbelastungen-fuer-schweizer-kmu\/","name":"Neue Steuerbelastungen f\u00fcr Schweizer KMU? - MQ Management und Qualit\u00e4t","isPartOf":{"@id":"https:\/\/www.m-q.ch\/fr\/#website"},"primaryImageOfPage":{"@id":"https:\/\/www.m-q.ch\/neue-steuerbelastungen-fuer-schweizer-kmu\/#primaryimage"},"image":{"@id":"https:\/\/www.m-q.ch\/neue-steuerbelastungen-fuer-schweizer-kmu\/#primaryimage"},"thumbnailUrl":"https:\/\/www.m-q.ch\/wp-content\/uploads\/2021\/02\/Neue-Steuerbelastungen-fuer-Schweizer-KMU.jpg","datePublished":"2015-07-07T06:31:03+00:00","dateModified":"2021-02-16T08:21:02+00:00","description":"Die in den Medien viel diskutierte UnternehmenssteuerreformIII (UStR III) nimmt langsam Form an.Als KMU stellt sich die Frage, ob und wann steuerplanerischeMassnahmen anzusetzen sind.","breadcrumb":{"@id":"https:\/\/www.m-q.ch\/neue-steuerbelastungen-fuer-schweizer-kmu\/#breadcrumb"},"inLanguage":"de","potentialAction":[{"@type":"ReadAction","target":["https:\/\/www.m-q.ch\/neue-steuerbelastungen-fuer-schweizer-kmu\/"]}]},{"@type":"ImageObject","inLanguage":"de","@id":"https:\/\/www.m-q.ch\/neue-steuerbelastungen-fuer-schweizer-kmu\/#primaryimage","url":"https:\/\/www.m-q.ch\/wp-content\/uploads\/2021\/02\/Neue-Steuerbelastungen-fuer-Schweizer-KMU.jpg","contentUrl":"https:\/\/www.m-q.ch\/wp-content\/uploads\/2021\/02\/Neue-Steuerbelastungen-fuer-Schweizer-KMU.jpg","width":870,"height":550,"caption":"Neue Steuerbelastungen f\u00fcr Schweizer KMU?"},{"@type":"BreadcrumbList","@id":"https:\/\/www.m-q.ch\/neue-steuerbelastungen-fuer-schweizer-kmu\/#breadcrumb","itemListElement":[{"@type":"ListItem","position":1,"name":"Business Excellence","item":"https:\/\/www.m-q.ch\/kategorie\/business_excellence\/"},{"@type":"ListItem","position":2,"name":"Neue Steuerbelastungen f\u00fcr Schweizer KMU?"}]},{"@type":"WebSite","@id":"https:\/\/www.m-q.ch\/fr\/#website","url":"https:\/\/www.m-q.ch\/fr\/","name":"MQ Management und Qualit\u00e4t","description":"Plattform f\u00fcr integrierte Managementsysteme.","publisher":{"@id":"https:\/\/www.m-q.ch\/fr\/#organization"},"potentialAction":[{"@type":"SearchAction","target":{"@type":"EntryPoint","urlTemplate":"https:\/\/www.m-q.ch\/fr\/?s={search_term_string}"},"query-input":{"@type":"PropertyValueSpecification","valueRequired":true,"valueName":"search_term_string"}}],"inLanguage":"de"},{"@type":"Organization","@id":"https:\/\/www.m-q.ch\/fr\/#organization","name":"Galledia Fachmedien AG","url":"https:\/\/www.m-q.ch\/fr\/","logo":{"@type":"ImageObject","inLanguage":"de","@id":"https:\/\/www.m-q.ch\/fr\/#\/schema\/logo\/image\/","url":"https:\/\/www.m-q.ch\/wp-content\/uploads\/2020\/12\/cropped-logo_small.png","contentUrl":"https:\/\/www.m-q.ch\/wp-content\/uploads\/2020\/12\/cropped-logo_small.png","width":512,"height":512,"caption":"Galledia Fachmedien AG"},"image":{"@id":"https:\/\/www.m-q.ch\/fr\/#\/schema\/logo\/image\/"},"sameAs":["https:\/\/www.facebook.com\/ManagementUndQualitaet","https:\/\/www.linkedin.com\/showcase\/17982321\/admin\/"]},{"@type":"Person","@id":"https:\/\/www.m-q.ch\/fr\/#\/schema\/person\/71f647a41e4a3e361e6230f5134f3ba9","name":"upwork_2","image":{"@type":"ImageObject","inLanguage":"de","@id":"https:\/\/www.m-q.ch\/fr\/#\/schema\/person\/image\/","url":"https:\/\/secure.gravatar.com\/avatar\/777b90ab56092bbf3c85feacda5c1bce?s=96&d=mm&r=g","contentUrl":"https:\/\/secure.gravatar.com\/avatar\/777b90ab56092bbf3c85feacda5c1bce?s=96&d=mm&r=g","caption":"upwork_2"},"url":"https:\/\/www.m-q.ch\/de\/author\/upwork_2\/"}]}},"_links":{"self":[{"href":"https:\/\/www.m-q.ch\/de\/wp-json\/wp\/v2\/posts\/12193","targetHints":{"allow":["GET"]}}],"collection":[{"href":"https:\/\/www.m-q.ch\/de\/wp-json\/wp\/v2\/posts"}],"about":[{"href":"https:\/\/www.m-q.ch\/de\/wp-json\/wp\/v2\/types\/post"}],"author":[{"embeddable":true,"href":"https:\/\/www.m-q.ch\/de\/wp-json\/wp\/v2\/users\/62"}],"replies":[{"embeddable":true,"href":"https:\/\/www.m-q.ch\/de\/wp-json\/wp\/v2\/comments?post=12193"}],"version-history":[{"count":2,"href":"https:\/\/www.m-q.ch\/de\/wp-json\/wp\/v2\/posts\/12193\/revisions"}],"predecessor-version":[{"id":12216,"href":"https:\/\/www.m-q.ch\/de\/wp-json\/wp\/v2\/posts\/12193\/revisions\/12216"}],"wp:featuredmedia":[{"embeddable":true,"href":"https:\/\/www.m-q.ch\/de\/wp-json\/wp\/v2\/media\/12209"}],"wp:attachment":[{"href":"https:\/\/www.m-q.ch\/de\/wp-json\/wp\/v2\/media?parent=12193"}],"wp:term":[{"taxonomy":"category","embeddable":true,"href":"https:\/\/www.m-q.ch\/de\/wp-json\/wp\/v2\/categories?post=12193"},{"taxonomy":"post_tag","embeddable":true,"href":"https:\/\/www.m-q.ch\/de\/wp-json\/wp\/v2\/tags?post=12193"}],"curies":[{"name":"wp","href":"https:\/\/api.w.org\/{rel}","templated":true}]}}