{"id":12234,"date":"2015-09-09T10:14:23","date_gmt":"2015-09-09T08:14:23","guid":{"rendered":"https:\/\/www.m-q.ch\/?p=12234"},"modified":"2021-02-16T11:05:45","modified_gmt":"2021-02-16T10:05:45","slug":"energie-und-umweltmanagement-zahlen-sich-aus","status":"publish","type":"post","link":"https:\/\/www.m-q.ch\/de\/energie-und-umweltmanagement-zahlen-sich-aus\/","title":{"rendered":"Energie- und Umweltmanagement zahlen sich aus"},"content":{"rendered":"<p><img loading=\"lazy\" decoding=\"async\" class=\"alignnone size-full wp-image-12270\" src=\"https:\/\/www.m-q.ch\/wp-content\/uploads\/2021\/02\/Energie-und-Umweltmanagement-zahlen-sich-aus.jpg\" alt=\"Energie- und Umweltmanagement zahlen sich aus\" width=\"856\" height=\"532\" srcset=\"https:\/\/www.m-q.ch\/wp-content\/uploads\/2021\/02\/Energie-und-Umweltmanagement-zahlen-sich-aus.jpg 856w, https:\/\/www.m-q.ch\/wp-content\/uploads\/2021\/02\/Energie-und-Umweltmanagement-zahlen-sich-aus-768x477.jpg 768w, https:\/\/www.m-q.ch\/wp-content\/uploads\/2021\/02\/Energie-und-Umweltmanagement-zahlen-sich-aus-16x10.jpg 16w, https:\/\/www.m-q.ch\/wp-content\/uploads\/2021\/02\/Energie-und-Umweltmanagement-zahlen-sich-aus-282x175.jpg 282w, https:\/\/www.m-q.ch\/wp-content\/uploads\/2021\/02\/Energie-und-Umweltmanagement-zahlen-sich-aus-563x350.jpg 563w, https:\/\/www.m-q.ch\/wp-content\/uploads\/2021\/02\/Energie-und-Umweltmanagement-zahlen-sich-aus-300x186.jpg 300w\" sizes=\"auto, (max-width: 856px) 100vw, 856px\" \/><\/p>\n<p>&nbsp;<\/p>\n<p>&nbsp;<\/p>\n<p>Kurt L\u00fcscher, CEO der Energie 360\u00b0, sieht speziell in zukunftsweisenden Technologien Vorteile: \u00abEs wird Technologien geben, welche es erm\u00f6glichen, immer mehr erneuerbares Gas \u00fcber die heute schon vorhandenen Erdgasnetze zu transportieren. Diese \u00abPower to Gas\u00bb (P2G)-Technologien k\u00f6nnen auch zur Speicherung und zum Transport von \u00fcbersch\u00fcssigem Strom verwendet werden. Damit die-nen diese auch der absehbaren Konvergenz der Energienetze. \u00bb Grosses Entwicklungspotenzial biete auch das Internet, meint Kurt L\u00fcscher: \u00abDie Digitalisierung der Energiebranche wird sowohl die heute bereits bekannten Prozesse und Produkte erfassen, als auch v\u00f6llig neue Themenkreise betreffen. Diese k\u00f6nnen unter dem Begriff Smart Energy Services subsummiert werden: Smart Home, Smart Mobility Smart City, etc.\u00bb<\/p>\n<p><strong>Mehr \u00d6kologie in der Bauaustrocknung<\/strong><\/p>\n<p>&nbsp;<\/p>\n<p>Ein Beispiel im Baubereich zeigt neue Formen der Energiezukunft: die mobile Holzpellet-Bauaustrocknung. Seit 2014 bietet Energie 360\u00ba gemeinsam mit Partnern die \u00f6kologische und effiziente Alternative zur herk\u00f6mmlichen Bauaustrocknung mit Heiz\u00f6l an. Denn die Terminpl\u00e4ne f\u00fcr die Realisierung gr\u00f6sserer Bauprojekte werden immer enger. Schon kleinste Verz\u00f6gerungen f\u00fchren dazu, dass die Bauaustrocknung durch den Einsatz von Warmluft\u00f6fen forciert werden muss. Diese werden immer noch \u00fcberwiegend mit Heiz\u00f6l betrieben. Gleichzeitig steigt die Nachfrage von Investoren und Bauherren nach einer umweltfreundlichen W\u00e4rmeversorgung.<\/p>\n<p>&nbsp;<\/p>\n<p>Mit den mobilen Holzpellet-Heizungen zur Bautrocknung wird ein CO2-neutraler Energietr\u00e4ger aus naturbelassenem Restholz eingesetzt, der erst noch erneuerbar ist. \u00dcberdies wird das Grundwasser durch Holzpellets nicht gef\u00e4hrdet. Das Bewilligungsverfahren f\u00fcr mobile \u00d6ltanks entf\u00e4llt.<\/p>\n<p><strong>Umweltmanagement: Verbrauch und Wachstum entkoppeln<\/strong><\/p>\n<p>&nbsp;<\/p>\n<p>Dass sich nachhaltiges Energiemanagement auch konkret lohnt, beweist die Ernst Schweizer AG Metallbau aus Hedingen. Hans Ruedi Schweizer, VR-Pr\u00e4sident erl\u00e4utert: \u00abWir verfolgten schon fr\u00fch eine konsequent auf Effizienz ausgerichtete Energiestrategie. \u00bb Seit 1978 erfasst die Ernst Schweizer AG vergleichbare Nachhaltigkeitskennzahlen zu den Themen Wirtschaftlichkeit, Soziales und Umwelt.<\/p>\n<p>&nbsp;<\/p>\n<p>2014 brauchte das Metallbauunternehmen weniger Energie als 1978, obwohl Umsatz und Arbeitspl\u00e4tze in dieser Zeit verdoppelt wurden. Hans Ruedi Schweizer rekapituliert: \u00abWir haben die Entkoppelung des Energieverbrauchs vom Unternehmenswachstum mit verschiedenen Energieeffizienz-Massnahmen geschafft. Unter anderem haben wir die Infrastruktur optimiert, die Anlagen auf Energieeffizienz getrimmt und die Benutzerinnen und Benutzer f\u00fcr Energieeffizienz sensibilisiert.<\/p>\n<p>&nbsp;<\/p>\n<p>Die Ernst Schweizer AG ist eine Umweltmanagementpionierin. Bereits 1994 wurde der erste Umweltbericht f\u00fcr die Gesamtfirma erstellt und 1996 die Zertifizierungen f\u00fcr das Umweltmanagement- System ISO 14001 als erstes Metallbauunternehmen erreicht. Mit der Qualicoat-Zertifizierung stellt das Unternehmen zudem die Qualit\u00e4t von Prozessen und Ergebnissen in der Beschichtung sicher. Damit wird ein integrierter, dokumentierter Fertigungsprozess, der von der Beratung, Entwicklung \u00fcber die Produktion, Qualit\u00e4tssicherung bis hin zur Wartung und Pflege alles sichergestellt. Zudem war das Unternehmen 2009 bis 2012 Mitglied der vom WWF initiierten Climate Group. Im Unternehmen selbst hat der Technische Dienst 2013 ein neues Energiemanagement- Tool evaluiert, das 2014 implementiert wurde. Damit k\u00f6nnen interne Verbrauchsdaten interpretiert und zus\u00e4tzliche Massnahmen f\u00fcr ein nachhaltiges Energiemanagement getroffen werden.<\/p>\n<p><strong>Energieeffizient und klimafreundlich<\/strong><\/p>\n<p>&nbsp;<\/p>\n<p>Energie 360\u00ba setzt ebenfalls auf interne Massnahmen und externe Partnerschaften, erl\u00e4utert CEO Kurt L\u00fcscher: \u00abIm Betrieb setzen wir seit Jahren Umweltmassnahmen um. Wir betreiben das Erdgas- Netz und unsere Energieversorgungsanlagen verantwortungsvoll; unser Hauptgeb\u00e4ude ist gem\u00e4ss Minergie-Standard zertifiziert und wird mit 100 Prozent Biogas beheizt; unsere Fahrzeugflotte besteht zu rund 75 Prozent aus Erdgas-Fahrzeugen, die mit 100 Prozent Biogas fahren, so dass unsere Flotte im Schnitt nur 56 Gramm CO2 pro Kilometer ausst\u00f6sst. Die ausschliessliche Nutzung von Recyclingpapier (Briefe, Kopien, Drucksachen), gezielte Umweltschulungen oder Aktionen wie \u00abbike to work\u00bb st\u00e4rken das \u00f6kologische Bewusstsein unserer Mitarbeitenden. Erg\u00e4nzt werden diese Massnahmen mit unserem Sponsoring f\u00fcr Umweltbildung. So engagieren wir uns seit 2012 f\u00fcr die Schweizer Klimaschutzbewegung myblueplanet. Sie zeigt der Schweizer Bev\u00f6lkerung auf, wie der pers\u00f6nliche CO2-Ausstoss verringert werden kann.<\/p>\n<p><strong>Politik muss sich demn\u00e4chst entscheiden<\/strong><\/p>\n<p>&nbsp;<\/p>\n<p>F\u00fcr die meisten Unternehmer ist die Energiestrategie des Bundes f\u00fcr den Werkplatz Schweiz evident: \u00abWir erachten den Umbau von nicht erneuerbaren Energien (fossile und Kernbrennstoffe) hin zu Cleantech und intelligenten L\u00f6sungen als grosse Chance f\u00fcr den Schweizer Werkplatz. Forschung und Wissenschaft belegen auf weiten Strecken, dass der Weg hin zu erneuerbarer Energie und Energieeffizienz-Steigerung richtig sei. Die ETH kommt zum Schluss, dass ein Energiemix mit hohem Anteil erneuerbarer Energie anspruchsvoll, aber machbar sei\u00bb, meint Hans Ruedi Schweizer, VR-Pr\u00e4sident Ernst Schweizer AG. Der Werkplatz Schweiz steht einerseits vor einer technologischen Herausforderung. Teilbereiche wie die Energiespeicherung ben\u00f6tigen neue Technologien. Gleichzeitig stehen in der Schweiz beste Fachhochschulen und Universit\u00e4ten, die auch Investoren und grosse Unternehmen anziehen.<\/p>\n<p><strong>Markante CO2-Reduktion erreicht<\/strong><\/p>\n<p>&nbsp;<\/p>\n<p>\u00abDie Swiss Steel in Emmenbr\u00fccke hat als Stahlhersteller f\u00fcr die internationale Automobil-, Maschinen- und Apparateindustrie in den letzten Jahren im Rahmen einer CO2-Vereinbarung mit dem Bund zahlreiche Energieeffizienzsteigerungs- und CO2-Reduktions- Massnahmen realisiert\u00bb, erl\u00e4utert CEO Carlo Mischler. Dank der eingeleiteten Massnahmen steht die Swiss Steel im internationalen Vergleich bez\u00fcglich CO2- Ausstoss sehr gut da. In den Jahren 2013 und 2014 lag dieser 12 bzw. 7 Prozent unter dem Allokationswert, der durchschnittlich auf den CO2- Emissionswerten der 10 besten EU-Stahlhersteller liegt.\u00bb Eine kritische Haltung nimmt Carlo Mischler von Swiss Steel zur Energiestrategie des Bundes ein. Der CEO abschliessend: \u00abEs wird davon ausgegangen, dass die Industrie einen entscheidenden Beitrag zur Senkung des Energieverbrauches leisten kann, wenn man sie nur dazu zwingt. Diese Annahme finde ich falsch, weil der Energieeinsatz f\u00fcr die Industrie bereits ein essentieller Produktionsfaktor ist; Je intensiver der Energieverbrauch in einem industriellen Prozess ist, desto gr\u00f6sser sind die Anstrengungen, kosteneffizient damit umzugehen. Der Wettbewerbsdruck treibt die Unternehmen schon lange zur Entlastung der Umwelt. Ein Staatsdiktat kann nicht nur keine weiteren nennenswerten Verbesserungen bewirken, sondern mit un\u00fcberlegten Forderungen gef\u00e4hrdet es die Existenz ganzer Industriezweige.\u00bb<\/p>\n<p>&nbsp;<\/p>\n","protected":false},"excerpt":{"rendered":"<p>&nbsp; &nbsp; Kurt L\u00fcscher, CEO der Energie 360\u00b0, sieht speziell in zukunftsweisenden Technologien Vorteile: \u00abEs wird Technologien geben, welche es erm\u00f6glichen, immer mehr erneuerbares Gas \u00fcber die heute schon vorhandenen Erdgasnetze zu transportieren. Diese \u00abPower to Gas\u00bb (P2G)-Technologien k\u00f6nnen auch zur Speicherung und zum Transport von \u00fcbersch\u00fcssigem Strom verwendet werden. Damit die-nen diese auch der [&hellip;]<\/p>\n","protected":false},"author":62,"featured_media":12270,"comment_status":"closed","ping_status":"closed","sticky":false,"template":"","format":"standard","meta":{"_acf_changed":false,"footnotes":""},"categories":[4],"tags":[4796],"class_list":["post-12234","post","type-post","status-publish","format-standard","has-post-thumbnail","hentry","category-risikomanagement","tag-09-2015"],"acf":[],"yoast_head":"<!-- This site is optimized with the Yoast SEO plugin v26.2 - https:\/\/yoast.com\/wordpress\/plugins\/seo\/ -->\n<title>Energie- und Umweltmanagement zahlen sich aus - MQ Management und Qualit\u00e4t<\/title>\n<meta name=\"description\" content=\"Die Schweiz steht vor wegweisenden Energie- Entscheiden. Es geht jedoch nicht nur um die schweizerische Energie-Strategie, f\u00fcr eine langfristige und umweltschonende Versorgungssicherheit m\u00fcssen ebenso globale Aspekte ber\u00fccksichtigt werden. Welchen Beitrag zum nachhaltigeren Ressourcen- Umgang leisten Wirtschaft, Politik und Wissenschaft? Drei Referenten des diesj\u00e4hrigen Europa Forums Luzern 2015 zeigen Wege im Energie- und Umweltmanagement auf.\" \/>\n<meta name=\"robots\" content=\"index, follow, max-snippet:-1, max-image-preview:large, max-video-preview:-1\" \/>\n<link rel=\"canonical\" href=\"https:\/\/www.m-q.ch\/de\/energie-und-umweltmanagement-zahlen-sich-aus\/\" \/>\n<meta property=\"og:locale\" content=\"de_DE\" \/>\n<meta property=\"og:type\" content=\"article\" \/>\n<meta property=\"og:title\" content=\"Energie- und Umweltmanagement zahlen sich aus - MQ Management und Qualit\u00e4t\" \/>\n<meta property=\"og:description\" content=\"Die Schweiz steht vor wegweisenden Energie- Entscheiden. Es geht jedoch nicht nur um die schweizerische Energie-Strategie, f\u00fcr eine langfristige und umweltschonende Versorgungssicherheit m\u00fcssen ebenso globale Aspekte ber\u00fccksichtigt werden. Welchen Beitrag zum nachhaltigeren Ressourcen- Umgang leisten Wirtschaft, Politik und Wissenschaft? Drei Referenten des diesj\u00e4hrigen Europa Forums Luzern 2015 zeigen Wege im Energie- und Umweltmanagement auf.\" \/>\n<meta property=\"og:url\" content=\"https:\/\/www.m-q.ch\/de\/energie-und-umweltmanagement-zahlen-sich-aus\/\" \/>\n<meta property=\"og:site_name\" content=\"MQ Management und Qualit\u00e4t\" \/>\n<meta property=\"article:publisher\" content=\"https:\/\/www.facebook.com\/ManagementUndQualitaet\" \/>\n<meta property=\"article:published_time\" content=\"2015-09-09T08:14:23+00:00\" \/>\n<meta property=\"article:modified_time\" content=\"2021-02-16T10:05:45+00:00\" \/>\n<meta property=\"og:image\" content=\"https:\/\/www.m-q.ch\/wp-content\/uploads\/2021\/02\/Energie-und-Umweltmanagement-zahlen-sich-aus.jpg\" \/>\n\t<meta property=\"og:image:width\" content=\"856\" \/>\n\t<meta property=\"og:image:height\" content=\"532\" \/>\n\t<meta property=\"og:image:type\" content=\"image\/jpeg\" \/>\n<meta name=\"author\" content=\"upwork_2\" \/>\n<meta name=\"twitter:card\" content=\"summary_large_image\" \/>\n<meta name=\"twitter:label1\" content=\"Verfasst von\" \/>\n\t<meta name=\"twitter:data1\" content=\"upwork_2\" \/>\n\t<meta name=\"twitter:label2\" content=\"Gesch\u00e4tzte Lesezeit\" \/>\n\t<meta name=\"twitter:data2\" content=\"5\u00a0Minuten\" \/>\n<script type=\"application\/ld+json\" class=\"yoast-schema-graph\">{\"@context\":\"https:\/\/schema.org\",\"@graph\":[{\"@type\":\"Article\",\"@id\":\"https:\/\/www.m-q.ch\/energie-und-umweltmanagement-zahlen-sich-aus\/#article\",\"isPartOf\":{\"@id\":\"https:\/\/www.m-q.ch\/energie-und-umweltmanagement-zahlen-sich-aus\/\"},\"author\":{\"name\":\"upwork_2\",\"@id\":\"https:\/\/www.m-q.ch\/fr\/#\/schema\/person\/71f647a41e4a3e361e6230f5134f3ba9\"},\"headline\":\"Energie- und Umweltmanagement zahlen sich aus\",\"datePublished\":\"2015-09-09T08:14:23+00:00\",\"dateModified\":\"2021-02-16T10:05:45+00:00\",\"mainEntityOfPage\":{\"@id\":\"https:\/\/www.m-q.ch\/energie-und-umweltmanagement-zahlen-sich-aus\/\"},\"wordCount\":934,\"publisher\":{\"@id\":\"https:\/\/www.m-q.ch\/fr\/#organization\"},\"image\":{\"@id\":\"https:\/\/www.m-q.ch\/energie-und-umweltmanagement-zahlen-sich-aus\/#primaryimage\"},\"thumbnailUrl\":\"https:\/\/www.m-q.ch\/wp-content\/uploads\/2021\/02\/Energie-und-Umweltmanagement-zahlen-sich-aus.jpg\",\"keywords\":[\"09\/2015\"],\"articleSection\":[\"Risikomanagement\"],\"inLanguage\":\"de\"},{\"@type\":\"WebPage\",\"@id\":\"https:\/\/www.m-q.ch\/energie-und-umweltmanagement-zahlen-sich-aus\/\",\"url\":\"https:\/\/www.m-q.ch\/energie-und-umweltmanagement-zahlen-sich-aus\/\",\"name\":\"Energie- und Umweltmanagement zahlen sich aus - MQ Management und Qualit\u00e4t\",\"isPartOf\":{\"@id\":\"https:\/\/www.m-q.ch\/fr\/#website\"},\"primaryImageOfPage\":{\"@id\":\"https:\/\/www.m-q.ch\/energie-und-umweltmanagement-zahlen-sich-aus\/#primaryimage\"},\"image\":{\"@id\":\"https:\/\/www.m-q.ch\/energie-und-umweltmanagement-zahlen-sich-aus\/#primaryimage\"},\"thumbnailUrl\":\"https:\/\/www.m-q.ch\/wp-content\/uploads\/2021\/02\/Energie-und-Umweltmanagement-zahlen-sich-aus.jpg\",\"datePublished\":\"2015-09-09T08:14:23+00:00\",\"dateModified\":\"2021-02-16T10:05:45+00:00\",\"description\":\"Die Schweiz steht vor wegweisenden Energie- Entscheiden. Es geht jedoch nicht nur um die schweizerische Energie-Strategie, f\u00fcr eine langfristige und umweltschonende Versorgungssicherheit m\u00fcssen ebenso globale Aspekte ber\u00fccksichtigt werden. Welchen Beitrag zum nachhaltigeren Ressourcen- Umgang leisten Wirtschaft, Politik und Wissenschaft? Drei Referenten des diesj\u00e4hrigen Europa Forums Luzern 2015 zeigen Wege im Energie- und Umweltmanagement auf.\",\"breadcrumb\":{\"@id\":\"https:\/\/www.m-q.ch\/energie-und-umweltmanagement-zahlen-sich-aus\/#breadcrumb\"},\"inLanguage\":\"de\",\"potentialAction\":[{\"@type\":\"ReadAction\",\"target\":[\"https:\/\/www.m-q.ch\/energie-und-umweltmanagement-zahlen-sich-aus\/\"]}]},{\"@type\":\"ImageObject\",\"inLanguage\":\"de\",\"@id\":\"https:\/\/www.m-q.ch\/energie-und-umweltmanagement-zahlen-sich-aus\/#primaryimage\",\"url\":\"https:\/\/www.m-q.ch\/wp-content\/uploads\/2021\/02\/Energie-und-Umweltmanagement-zahlen-sich-aus.jpg\",\"contentUrl\":\"https:\/\/www.m-q.ch\/wp-content\/uploads\/2021\/02\/Energie-und-Umweltmanagement-zahlen-sich-aus.jpg\",\"width\":856,\"height\":532,\"caption\":\"Energie- und Umweltmanagement zahlen sich aus\"},{\"@type\":\"BreadcrumbList\",\"@id\":\"https:\/\/www.m-q.ch\/energie-und-umweltmanagement-zahlen-sich-aus\/#breadcrumb\",\"itemListElement\":[{\"@type\":\"ListItem\",\"position\":1,\"name\":\"Risikomanagement\",\"item\":\"https:\/\/www.m-q.ch\/kategorie\/risikomanagement\/\"},{\"@type\":\"ListItem\",\"position\":2,\"name\":\"Energie- und Umweltmanagement zahlen sich aus\"}]},{\"@type\":\"WebSite\",\"@id\":\"https:\/\/www.m-q.ch\/fr\/#website\",\"url\":\"https:\/\/www.m-q.ch\/fr\/\",\"name\":\"MQ Management und Qualit\u00e4t\",\"description\":\"Plattform f\u00fcr integrierte Managementsysteme.\",\"publisher\":{\"@id\":\"https:\/\/www.m-q.ch\/fr\/#organization\"},\"potentialAction\":[{\"@type\":\"SearchAction\",\"target\":{\"@type\":\"EntryPoint\",\"urlTemplate\":\"https:\/\/www.m-q.ch\/fr\/?s={search_term_string}\"},\"query-input\":{\"@type\":\"PropertyValueSpecification\",\"valueRequired\":true,\"valueName\":\"search_term_string\"}}],\"inLanguage\":\"de\"},{\"@type\":\"Organization\",\"@id\":\"https:\/\/www.m-q.ch\/fr\/#organization\",\"name\":\"Galledia Fachmedien AG\",\"url\":\"https:\/\/www.m-q.ch\/fr\/\",\"logo\":{\"@type\":\"ImageObject\",\"inLanguage\":\"de\",\"@id\":\"https:\/\/www.m-q.ch\/fr\/#\/schema\/logo\/image\/\",\"url\":\"https:\/\/www.m-q.ch\/wp-content\/uploads\/2020\/12\/cropped-logo_small.png\",\"contentUrl\":\"https:\/\/www.m-q.ch\/wp-content\/uploads\/2020\/12\/cropped-logo_small.png\",\"width\":512,\"height\":512,\"caption\":\"Galledia Fachmedien AG\"},\"image\":{\"@id\":\"https:\/\/www.m-q.ch\/fr\/#\/schema\/logo\/image\/\"},\"sameAs\":[\"https:\/\/www.facebook.com\/ManagementUndQualitaet\",\"https:\/\/www.linkedin.com\/showcase\/17982321\/admin\/\"]},{\"@type\":\"Person\",\"@id\":\"https:\/\/www.m-q.ch\/fr\/#\/schema\/person\/71f647a41e4a3e361e6230f5134f3ba9\",\"name\":\"upwork_2\",\"image\":{\"@type\":\"ImageObject\",\"inLanguage\":\"de\",\"@id\":\"https:\/\/www.m-q.ch\/fr\/#\/schema\/person\/image\/\",\"url\":\"https:\/\/secure.gravatar.com\/avatar\/777b90ab56092bbf3c85feacda5c1bce?s=96&d=mm&r=g\",\"contentUrl\":\"https:\/\/secure.gravatar.com\/avatar\/777b90ab56092bbf3c85feacda5c1bce?s=96&d=mm&r=g\",\"caption\":\"upwork_2\"},\"url\":\"https:\/\/www.m-q.ch\/de\/author\/upwork_2\/\"}]}<\/script>\n<!-- \/ Yoast SEO plugin. -->","yoast_head_json":{"title":"Energie- und Umweltmanagement zahlen sich aus - MQ Management und Qualit\u00e4t","description":"Die Schweiz steht vor wegweisenden Energie- Entscheiden. Es geht jedoch nicht nur um die schweizerische Energie-Strategie, f\u00fcr eine langfristige und umweltschonende Versorgungssicherheit m\u00fcssen ebenso globale Aspekte ber\u00fccksichtigt werden. Welchen Beitrag zum nachhaltigeren Ressourcen- Umgang leisten Wirtschaft, Politik und Wissenschaft? Drei Referenten des diesj\u00e4hrigen Europa Forums Luzern 2015 zeigen Wege im Energie- und Umweltmanagement auf.","robots":{"index":"index","follow":"follow","max-snippet":"max-snippet:-1","max-image-preview":"max-image-preview:large","max-video-preview":"max-video-preview:-1"},"canonical":"https:\/\/www.m-q.ch\/de\/energie-und-umweltmanagement-zahlen-sich-aus\/","og_locale":"de_DE","og_type":"article","og_title":"Energie- und Umweltmanagement zahlen sich aus - MQ Management und Qualit\u00e4t","og_description":"Die Schweiz steht vor wegweisenden Energie- Entscheiden. Es geht jedoch nicht nur um die schweizerische Energie-Strategie, f\u00fcr eine langfristige und umweltschonende Versorgungssicherheit m\u00fcssen ebenso globale Aspekte ber\u00fccksichtigt werden. Welchen Beitrag zum nachhaltigeren Ressourcen- Umgang leisten Wirtschaft, Politik und Wissenschaft? Drei Referenten des diesj\u00e4hrigen Europa Forums Luzern 2015 zeigen Wege im Energie- und Umweltmanagement auf.","og_url":"https:\/\/www.m-q.ch\/de\/energie-und-umweltmanagement-zahlen-sich-aus\/","og_site_name":"MQ Management und Qualit\u00e4t","article_publisher":"https:\/\/www.facebook.com\/ManagementUndQualitaet","article_published_time":"2015-09-09T08:14:23+00:00","article_modified_time":"2021-02-16T10:05:45+00:00","og_image":[{"width":856,"height":532,"url":"https:\/\/www.m-q.ch\/wp-content\/uploads\/2021\/02\/Energie-und-Umweltmanagement-zahlen-sich-aus.jpg","type":"image\/jpeg"}],"author":"upwork_2","twitter_card":"summary_large_image","twitter_misc":{"Verfasst von":"upwork_2","Gesch\u00e4tzte Lesezeit":"5\u00a0Minuten"},"schema":{"@context":"https:\/\/schema.org","@graph":[{"@type":"Article","@id":"https:\/\/www.m-q.ch\/energie-und-umweltmanagement-zahlen-sich-aus\/#article","isPartOf":{"@id":"https:\/\/www.m-q.ch\/energie-und-umweltmanagement-zahlen-sich-aus\/"},"author":{"name":"upwork_2","@id":"https:\/\/www.m-q.ch\/fr\/#\/schema\/person\/71f647a41e4a3e361e6230f5134f3ba9"},"headline":"Energie- und Umweltmanagement zahlen sich aus","datePublished":"2015-09-09T08:14:23+00:00","dateModified":"2021-02-16T10:05:45+00:00","mainEntityOfPage":{"@id":"https:\/\/www.m-q.ch\/energie-und-umweltmanagement-zahlen-sich-aus\/"},"wordCount":934,"publisher":{"@id":"https:\/\/www.m-q.ch\/fr\/#organization"},"image":{"@id":"https:\/\/www.m-q.ch\/energie-und-umweltmanagement-zahlen-sich-aus\/#primaryimage"},"thumbnailUrl":"https:\/\/www.m-q.ch\/wp-content\/uploads\/2021\/02\/Energie-und-Umweltmanagement-zahlen-sich-aus.jpg","keywords":["09\/2015"],"articleSection":["Risikomanagement"],"inLanguage":"de"},{"@type":"WebPage","@id":"https:\/\/www.m-q.ch\/energie-und-umweltmanagement-zahlen-sich-aus\/","url":"https:\/\/www.m-q.ch\/energie-und-umweltmanagement-zahlen-sich-aus\/","name":"Energie- und Umweltmanagement zahlen sich aus - MQ Management und Qualit\u00e4t","isPartOf":{"@id":"https:\/\/www.m-q.ch\/fr\/#website"},"primaryImageOfPage":{"@id":"https:\/\/www.m-q.ch\/energie-und-umweltmanagement-zahlen-sich-aus\/#primaryimage"},"image":{"@id":"https:\/\/www.m-q.ch\/energie-und-umweltmanagement-zahlen-sich-aus\/#primaryimage"},"thumbnailUrl":"https:\/\/www.m-q.ch\/wp-content\/uploads\/2021\/02\/Energie-und-Umweltmanagement-zahlen-sich-aus.jpg","datePublished":"2015-09-09T08:14:23+00:00","dateModified":"2021-02-16T10:05:45+00:00","description":"Die Schweiz steht vor wegweisenden Energie- Entscheiden. Es geht jedoch nicht nur um die schweizerische Energie-Strategie, f\u00fcr eine langfristige und umweltschonende Versorgungssicherheit m\u00fcssen ebenso globale Aspekte ber\u00fccksichtigt werden. Welchen Beitrag zum nachhaltigeren Ressourcen- Umgang leisten Wirtschaft, Politik und Wissenschaft? Drei Referenten des diesj\u00e4hrigen Europa Forums Luzern 2015 zeigen Wege im Energie- und Umweltmanagement auf.","breadcrumb":{"@id":"https:\/\/www.m-q.ch\/energie-und-umweltmanagement-zahlen-sich-aus\/#breadcrumb"},"inLanguage":"de","potentialAction":[{"@type":"ReadAction","target":["https:\/\/www.m-q.ch\/energie-und-umweltmanagement-zahlen-sich-aus\/"]}]},{"@type":"ImageObject","inLanguage":"de","@id":"https:\/\/www.m-q.ch\/energie-und-umweltmanagement-zahlen-sich-aus\/#primaryimage","url":"https:\/\/www.m-q.ch\/wp-content\/uploads\/2021\/02\/Energie-und-Umweltmanagement-zahlen-sich-aus.jpg","contentUrl":"https:\/\/www.m-q.ch\/wp-content\/uploads\/2021\/02\/Energie-und-Umweltmanagement-zahlen-sich-aus.jpg","width":856,"height":532,"caption":"Energie- und Umweltmanagement zahlen sich aus"},{"@type":"BreadcrumbList","@id":"https:\/\/www.m-q.ch\/energie-und-umweltmanagement-zahlen-sich-aus\/#breadcrumb","itemListElement":[{"@type":"ListItem","position":1,"name":"Risikomanagement","item":"https:\/\/www.m-q.ch\/kategorie\/risikomanagement\/"},{"@type":"ListItem","position":2,"name":"Energie- und Umweltmanagement zahlen sich aus"}]},{"@type":"WebSite","@id":"https:\/\/www.m-q.ch\/fr\/#website","url":"https:\/\/www.m-q.ch\/fr\/","name":"MQ Management und Qualit\u00e4t","description":"Plattform f\u00fcr integrierte Managementsysteme.","publisher":{"@id":"https:\/\/www.m-q.ch\/fr\/#organization"},"potentialAction":[{"@type":"SearchAction","target":{"@type":"EntryPoint","urlTemplate":"https:\/\/www.m-q.ch\/fr\/?s={search_term_string}"},"query-input":{"@type":"PropertyValueSpecification","valueRequired":true,"valueName":"search_term_string"}}],"inLanguage":"de"},{"@type":"Organization","@id":"https:\/\/www.m-q.ch\/fr\/#organization","name":"Galledia Fachmedien AG","url":"https:\/\/www.m-q.ch\/fr\/","logo":{"@type":"ImageObject","inLanguage":"de","@id":"https:\/\/www.m-q.ch\/fr\/#\/schema\/logo\/image\/","url":"https:\/\/www.m-q.ch\/wp-content\/uploads\/2020\/12\/cropped-logo_small.png","contentUrl":"https:\/\/www.m-q.ch\/wp-content\/uploads\/2020\/12\/cropped-logo_small.png","width":512,"height":512,"caption":"Galledia Fachmedien AG"},"image":{"@id":"https:\/\/www.m-q.ch\/fr\/#\/schema\/logo\/image\/"},"sameAs":["https:\/\/www.facebook.com\/ManagementUndQualitaet","https:\/\/www.linkedin.com\/showcase\/17982321\/admin\/"]},{"@type":"Person","@id":"https:\/\/www.m-q.ch\/fr\/#\/schema\/person\/71f647a41e4a3e361e6230f5134f3ba9","name":"upwork_2","image":{"@type":"ImageObject","inLanguage":"de","@id":"https:\/\/www.m-q.ch\/fr\/#\/schema\/person\/image\/","url":"https:\/\/secure.gravatar.com\/avatar\/777b90ab56092bbf3c85feacda5c1bce?s=96&d=mm&r=g","contentUrl":"https:\/\/secure.gravatar.com\/avatar\/777b90ab56092bbf3c85feacda5c1bce?s=96&d=mm&r=g","caption":"upwork_2"},"url":"https:\/\/www.m-q.ch\/de\/author\/upwork_2\/"}]}},"_links":{"self":[{"href":"https:\/\/www.m-q.ch\/de\/wp-json\/wp\/v2\/posts\/12234","targetHints":{"allow":["GET"]}}],"collection":[{"href":"https:\/\/www.m-q.ch\/de\/wp-json\/wp\/v2\/posts"}],"about":[{"href":"https:\/\/www.m-q.ch\/de\/wp-json\/wp\/v2\/types\/post"}],"author":[{"embeddable":true,"href":"https:\/\/www.m-q.ch\/de\/wp-json\/wp\/v2\/users\/62"}],"replies":[{"embeddable":true,"href":"https:\/\/www.m-q.ch\/de\/wp-json\/wp\/v2\/comments?post=12234"}],"version-history":[{"count":1,"href":"https:\/\/www.m-q.ch\/de\/wp-json\/wp\/v2\/posts\/12234\/revisions"}],"predecessor-version":[{"id":12271,"href":"https:\/\/www.m-q.ch\/de\/wp-json\/wp\/v2\/posts\/12234\/revisions\/12271"}],"wp:featuredmedia":[{"embeddable":true,"href":"https:\/\/www.m-q.ch\/de\/wp-json\/wp\/v2\/media\/12270"}],"wp:attachment":[{"href":"https:\/\/www.m-q.ch\/de\/wp-json\/wp\/v2\/media?parent=12234"}],"wp:term":[{"taxonomy":"category","embeddable":true,"href":"https:\/\/www.m-q.ch\/de\/wp-json\/wp\/v2\/categories?post=12234"},{"taxonomy":"post_tag","embeddable":true,"href":"https:\/\/www.m-q.ch\/de\/wp-json\/wp\/v2\/tags?post=12234"}],"curies":[{"name":"wp","href":"https:\/\/api.w.org\/{rel}","templated":true}]}}