{"id":12306,"date":"2015-11-03T11:54:50","date_gmt":"2015-11-03T10:54:50","guid":{"rendered":"https:\/\/www.m-q.ch\/?p=12306"},"modified":"2021-02-16T15:13:45","modified_gmt":"2021-02-16T14:13:45","slug":"permanent-im-wandel","status":"publish","type":"post","link":"https:\/\/www.m-q.ch\/de\/permanent-im-wandel\/","title":{"rendered":"Permanent im Wandel"},"content":{"rendered":"<p><img loading=\"lazy\" decoding=\"async\" class=\"alignnone size-full wp-image-12376\" src=\"https:\/\/www.m-q.ch\/wp-content\/uploads\/2021\/02\/Permanent-im-Wandel.jpg\" alt=\"Permanent im Wandel\" width=\"810\" height=\"1204\" srcset=\"https:\/\/www.m-q.ch\/wp-content\/uploads\/2021\/02\/Permanent-im-Wandel.jpg 810w, https:\/\/www.m-q.ch\/wp-content\/uploads\/2021\/02\/Permanent-im-Wandel-768x1142.jpg 768w, https:\/\/www.m-q.ch\/wp-content\/uploads\/2021\/02\/Permanent-im-Wandel-8x12.jpg 8w, https:\/\/www.m-q.ch\/wp-content\/uploads\/2021\/02\/Permanent-im-Wandel-118x175.jpg 118w, https:\/\/www.m-q.ch\/wp-content\/uploads\/2021\/02\/Permanent-im-Wandel-235x350.jpg 235w, https:\/\/www.m-q.ch\/wp-content\/uploads\/2021\/02\/Permanent-im-Wandel-538x800.jpg 538w, https:\/\/www.m-q.ch\/wp-content\/uploads\/2021\/02\/Permanent-im-Wandel-300x446.jpg 300w\" sizes=\"auto, (max-width: 810px) 100vw, 810px\" \/><\/p>\n<p>&nbsp;<\/p>\n<p>&nbsp;<\/p>\n<p><em><strong>Die SAQ-QUALICON AG ist wirtschaftlich gut aufgestellt. Weshalb?<\/strong> <\/em><\/p>\n<p>Beat H\u00e4fliger: Ein Punkt ist entscheidend: Wir konnten uns in der Schweizer Bildungslandschaft etablieren. Wir bieten zusammen mit unseren Ausbildungspartnern eidgen\u00f6ssisch anerkannte Abschl\u00fcsse an. Das hat uns ganz neues Marktpotenzial erschlossen.<\/p>\n<p>&nbsp;<\/p>\n<p><em><strong>Was sind das f\u00fcr Abschl\u00fcsse?<\/strong> <\/em><\/p>\n<p>Begonnen haben wir 2007 mit Nachdiplomen f\u00fcr Qualit\u00e4tsmanager auf der Ebene H\u00f6here Fachschule. Seit 2010 umfasst unser Angebot zus\u00e4tzlich Weiterbildungs- Master (MAS) und Certificate of Advanced Studies (CAS) auf der Ebene Fachhochschule.<\/p>\n<p>&nbsp;<\/p>\n<p><em><strong>Das sorgte f\u00fcr den Durchbruch?<\/strong> <\/em><\/p>\n<p>Ja, das waren wichtige Meilensteine. Ein weiterer war der Umzug 2011 nach Olten. Hier k\u00f6nnen wir uns f\u00fcr unsere Kunden als professionelles Weiterbildungsinstitut pr\u00e4sentieren, das ist unsere St\u00e4rke.<\/p>\n<p>&nbsp;<\/p>\n<p><em><strong>Und die braucht es im Wettbewerb?<\/strong><\/em><\/p>\n<p>Der Weiterbildungsmarkt, der ist brutal. Unsere Hauptkonkurrenten sind in vielen Themenbereichen die Fachhochschulen. Sie sind hochinnovativ, haben Forschungsprojekte, sie wissen immer, was neu kommt. Und vor allem k\u00f6nnen sie ihre Aktivit\u00e4ten mit beneidenswert hohen Marketingbudgets auf dem Markt platzieren.<\/p>\n<p>&nbsp;<\/p>\n<p><em><strong>Schwer, da mitzuhalten?<\/strong> <\/em><\/p>\n<p>Das ist eine Herausforderung. Deshalb ist es f\u00fcr uns wichtig, dass wir uns differenzieren, mit unserer Philosophie und eigenen Themen. Auf der anderen Seite pflegen wir auch die Zusammenarbeit, indem wir als Partner mit den Fachhochschulen Weiterbildungs- Master anbieten.<\/p>\n<p>&nbsp;<\/p>\n<p><em><strong>Wie l\u00e4uft da die Kooperation zwischen einer staatlichen und privaten Organisation?<\/strong> <\/em><\/p>\n<p>Das ist die grosse Kunst. Fachhochschulen haben vom Staat gesetzte Regeln, die sie einhalten m\u00fcssen, und wir m\u00f6chten m\u00f6glichst viel von unseren eigenen Erfahrungen und Kompetenzen einbringen. Das ist dann ein Prozess, den wir aushandeln. Es ist kein Zufall, dass wir heute mit Fachhochschulen kooperieren, die eine private Tr\u00e4gerschaft haben.<\/p>\n<p>&nbsp;<\/p>\n<p><em><strong>Und gibt es da einen Gewinner?<\/strong> <\/em><\/p>\n<p>Master-Studieng\u00e4nge sind eine Kooperation, wo beide Partner idealerweise zu 50 Prozent ihre Leistungen erbringen. Eidgen\u00f6ssische Abschl\u00fcsse kann nur die Hochschule bzw. die H\u00f6here Fachschule erteilen. Wir liefern eigene Pakete, f\u00fcr die wir zust\u00e4ndig sind.<\/p>\n<p>&nbsp;<\/p>\n<p><em><strong>Die Teilnehmer pendeln also zwischen Hochschule und Olten?<\/strong> <\/em><\/p>\n<p>Sie besuchen Module. Die meisten Module mit eidgen\u00f6ssischen Abschl\u00fcssen finden an den Standorten unserer Partner HWZ und SIB in Z\u00fcrich statt. Heute ist alles modular. Jeder kann in seinem Tempo und seiner Intensit\u00e4t seine Ausbildungsziele erreichen.<\/p>\n<p>&nbsp;<\/p>\n<p><em><strong>Das heisst, die Lernformen ver\u00e4ndern sich?<\/strong><\/em><\/p>\n<p>Das Bildungswesen ist sehr stark im Wandel. Und zwar in grossem Tempo, getrieben durch die Technologie, die heute ganz andere M\u00f6glichkeiten bietet.<\/p>\n<p>&nbsp;<\/p>\n<p><em><strong>Wie stellen Sie sich dieser Herausforderung?<\/strong> <\/em><\/p>\n<p>Es gibt neue Lernformen, es gibt E-Learning-Ans\u00e4tze, das kommt auch bei uns. Das heisst, wir m\u00fcssen technologisch ganz anders aufgestellt sein. Da haben wir viel investiert, vor allem in den letzten drei Jahren. Wir haben neue Tools entwickelt und unser Team mit einem IT-Spezialisten verst\u00e4rkt.<\/p>\n<p>&nbsp;<\/p>\n<p><em><strong>Fr\u00fcher stand im Unterricht vorne der Dozent und hat was erz\u00e4hlt &#8230;<\/strong> <\/em><\/p>\n<p>Der Pr\u00e4senzunterricht bleibt immer noch, ist auch wertvoll. Aber der Anteil der Pr\u00e4senzzeit im Lernprozess nimmt ab. Heute kann man zu jeder Zeit auch daheim lernen. Das heisst, wir m\u00fcssen den Kunden Lerneinheiten ins Internet stellen, die sie selber abarbeiten k\u00f6nnen, wo sie lernen k\u00f6nnen, Tests zur Lernkontrolle machen, wo sie Transferaufgaben l\u00f6sen, das l\u00e4uft alles \u00fcber Plattformen. Dabei arbeiten wir auch mit Videos, zum Beispiel aktuell zur Revision der ISO 9001 2015.<\/p>\n<p>&nbsp;<\/p>\n<p><em><strong>Was bringt diese Flexibilit\u00e4t wirtschaftlich?<\/strong> <\/em><\/p>\n<p>Die stetige Umsatzsteigerung der letzten Jahre hat auch mit unserem professionellen Auftritt und dem Marketing zu tun. Trotzdem: Wenn der Pr\u00e4senzunterricht tendenziell abnimmt und man sich gratis jedes Lernmittel im Internet abrufen kann, hat das Auswirkungen auf unser Gesch\u00e4ftsmodell. Wir m\u00fcssen neue Wege gehen, auch das ist eine Herausforderung.<\/p>\n<p>&nbsp;<\/p>\n<p><em><strong>Immerhin: Manche Lehrg\u00e4nge der SAQ-QUALICON sind schon bis Mitte 2016 ausgebucht \u2026<\/strong> <\/em><\/p>\n<p>Ja, aber da steckt viel Arbeit dahinter. Wir m\u00fcssen schnell auf Zusatzbedarf reagieren. Heute<\/p>\n<p>&nbsp;<\/p>\n<p><em><strong>Neue Technologie \u2013 neues Lernen<\/strong><\/em><\/p>\n<p>&nbsp;<\/p>\n<p>agiert der Kunde viel dynamischer. Ein Ausbildungsbedarf besteht, nicht erst n\u00e4chstes Jahr, sondern subito, und dann geht er ins Internet und schaut: Wo gibts was und wann f\u00e4ngt es an?<\/p>\n<p>&nbsp;<\/p>\n<p><em><strong>Das Internet wird f\u00fcr die Kundenwerbung unverzichtbar?<\/strong> <\/em><\/p>\n<p>Mehr denn je! Wir praktizieren so etwas wie ein Such-Marketing. Wir wissen, welche W\u00f6rter bei der Suche gew\u00e4hlt werden, kennen die Bed\u00fcrfnisse. Wir m\u00fcssen \u00fcber das Internet identifizierbar sein. Und unsere Darstellung muss top sein. Die Ausbildung kann noch so gut sein, wenn sie nicht gefunden wird, bleibt der Erfolg aus.<\/p>\n<p>&nbsp;<\/p>\n<p><em><strong>Welchen Vorteil bringt eine Ausbildung bei der SAQQUALICON?<\/strong> <\/em><\/p>\n<p>Das Differenzierungsmerkmal in der Weiterbildung ist klar unser Praxisbezug. Wenn unsere Teilnehmer Projektarbeiten oder Transferaufgaben machen, ist das immer, ich betone immer, Umsetzung in die Praxis, eine konkrete L\u00f6sung in ihren Unternehmen oder im pers\u00f6nlichen beruflichen Umfeld.<\/p>\n<p>&nbsp;<\/p>\n<p><em><strong>Was auch f\u00fcr die Kursentwicklung neue Akzente setzt?<\/strong> <\/em><\/p>\n<p>Ja. Ein weiterer Grund daf\u00fcr, dass wir so gut dastehen, ist die Spezialisierung auf Branchen. Eine Erfolgsgeschichte ist zum Beispiel Medizintechnik, wo wir eng mit dem Medical Cluster und der SAQ-Fachgruppe Medizintechnik zusammenarbeiten und die Lehrg\u00e4nge gemeinsam entwickelt haben.<\/p>\n<p>&nbsp;<\/p>\n<p><em><strong>Eine Ausbildung also mit eindeutigem Fokus \u2026<\/strong> <\/em><\/p>\n<p>Medizintechnik ist ein hochreglementierter Bereich, und da ist es existenzbedrohend, wenn die Firmen die Fachleute f\u00fcr die Zulassung von Produkten in neuen M\u00e4rkten nicht finden. Da herrscht ein enormer Druck.<\/p>\n<p>&nbsp;<\/p>\n<p><em><strong>Wie geht man da vor?<\/strong><\/em><\/p>\n<p>Wir haben aus Experten ein Entwicklungsgremium gebildet und analysiert: Was sind die Bed\u00fcrfnisse, welcher Rucksack wird zuk\u00fcnftig gebraucht? Wir haben Bedarfserhebungen und Online-Befragungen gemacht und einen entsprechenden modularen Lehrgang entwickelt. Der Lehrgang ist ein Erfolg und die Zusammenarbeit\u00a0 mit den Branchenvertretern ist extrem konstruktiv, ein tolles Erlebnis.<\/p>\n<p>&nbsp;<\/p>\n<p><em><strong>Medizintechnik-Themen sind hochspezialisiert \u2026<\/strong> <\/em><\/p>\n<p>Ja, deshalb m\u00fcssen wir die Experten aus den Firmen, aus der Praxis haben. Diese Praktiker sind jetzt bei uns Autoren und Dozenten. Die Zufriedenheit der Teilnehmenden mit Form und Inhalt ist extrem hoch.<\/p>\n<p>&nbsp;<\/p>\n<p><em><strong>Sie stellen denen Ihre Infrastruktur zur Verf\u00fcgung?<\/strong> <\/em><\/p>\n<p>Ja, es l\u00e4uft alles \u00fcber unser Bildungszentrum und wird vom Produktmanager, der die Szene gut kennt, organisiert und weiterentwickelt.<\/p>\n<p>&nbsp;<\/p>\n<p><em><strong>Wollen Sie dieses Erfolgsmodell weiter ausbauen?<\/strong> <\/em><\/p>\n<p>Wir sind dabei. Im Fokus ist das Gesundheitswesen das wollen wir auch branchenspezifisch vertiefen. Wir haben heute schon einen Lehrgang, der spezifisch auf die Bed\u00fcrfnisse in der Branche ausgerichtet ist. Dieses Angebot wollen wir ausbauen. Deshalb arbeitet jetzt eine \u00c4rztin bei uns, die das Thema vorantreiben wird.<\/p>\n<p>&nbsp;<\/p>\n<p><em><strong>Das Gesundheitswesen ist ja gigantisch in der Breite \u2026<\/strong> <\/em><\/p>\n<p>Wenn wir Lehrg\u00e4nge machen, erheben wir immer zuerst die Bed\u00fcrfnisse. In diesem Fall mittels einer Online-Befragung plus zus\u00e4tzlichen Interviews. Und zwar stufengerecht auf allen Hierarchiestufen bis zu den CEOs der Spit\u00e4ler und anderer Institutionen im Gesundheitsbereich. Aus diesen Befragungen hat sich ein klares Thema Nr. 1 ergeben: Effizienz und Kostenoptimierung. Da herrscht ein Riesendruck. Und die Organisationen haben das Problem, dass sie zu wenige Fachleute mit dem relevanten Fach- und Methodenwissen daf\u00fcr haben.<\/p>\n<p>&nbsp;<\/p>\n<p><em><strong>Der Druck wird von politischer Seite aufgebaut \u2026<\/strong> <\/em><\/p>\n<p>Ja, aber es gibt auch immer mehr technologische M\u00f6glichkeiten. Zum Beispiel ver\u00e4ndern sich allein durch die Einf\u00fchrung elektronischer Patientenakten viele Prozesse, aber auch Rollen, T\u00e4tigkeiten, Berufswahrnehmungen. Das muss alles umgesetzt werden. Was zudem spannend ist und was wir beobachten, ist die Renaissance von Kaizen und Lean Management. Da geht jetzt wieder voll die Post ab.<\/p>\n<p>&nbsp;<\/p>\n<p><em><strong>Gibt es so etwas wie einen Klassiker im Weiterbildungsangebot?<\/strong> <\/em><\/p>\n<p>Das ist wahrscheinlich immer noch der Qualit\u00e4ts- und Prozessmanager. Aber, und das ist ein wichtiger Punkt, das Berufsprofil ver\u00e4ndert sich. Fr\u00fcher haben wir Spezialisten f\u00fcr Qualit\u00e4tssysteme ausgebildet, das war der Standard. Heute bilden wir Qualit\u00e4tsund Prozessmanager als Generalisten aus. Der zuk\u00fcnftige Qualit\u00e4ts- und Prozessmanager hat eigentlich nur eine Existenzberechtigung, n\u00e4mlich die, dass die Ergebnisse der Organisation besser werden. Das ist eine v\u00f6llig andere Herausforderung.<\/p>\n<p>&nbsp;<\/p>\n<p><em><strong>Das heisst, die F\u00e4higkeit zur Umsetzung wird entscheidend?<\/strong> <\/em><\/p>\n<p>Fr\u00fcher haben die Leute in solchen Ausbildungen Normen, Methoden und Regulatorien gelernt, ISO 9001 etc., tagelang, das machen wir heute eher nebenbei. Was sie heute zus\u00e4tzlich wissen m\u00fcssen, ist: Wie gehe ich mit Menschen um, mit Machtkonstellationen, mit Vorgesetzten, wie finde ich die richtige Methode zur Prozessverbesserung im richtigen Kontext, wie kann ich mich strategisch positionieren? Kurz: Wie finde ich meine Rolle im Qualit\u00e4tsmanagement!<\/p>\n<p>&nbsp;<\/p>\n<p><em><strong>Wie w\u00fcrden Sie diese Rolle definieren?<\/strong><\/em><\/p>\n<p>Ich sage das immer so: Der Qualit\u00e4tsmanager wird immer mehr \u2013 und da rede ich prim\u00e4r von KMUs \u2013 zum Unternehmensentwickler. Heute sehen wir Qualit\u00e4tsmanager, die Karriere machen und weit hoch kommen. Weil sie nicht nur eine enge Fachverantwortung haben, sondern auch die Kompetenzen, um sich in verschiedenen Funktionen durchzusetzen.<\/p>\n<p>&nbsp;<\/p>\n<p><em><strong>Verwischt sich damit nicht das Berufsprofil?<\/strong> <\/em><\/p>\n<p>Qualit\u00e4tsmanager haben heute viel anspruchsvollere Aufgaben als fr\u00fcher. Das macht es auch f\u00fcr uns spannend. Wir sind uns sicher, es braucht sie immer, diese Fachleute, der Bedarf wird immer da sein, in jeder Firma, in jeder Organisation, die sich \u00fcber Qualit\u00e4t differenziert, aber ein Qualit\u00e4tsmanager braucht heute breite Kompetenzen.<\/p>\n<p>&nbsp;<\/p>\n<p><em><strong>Frage: Ist Business Excellence noch ein Thema?<\/strong> <\/em><\/p>\n<p>Schwierig zu sagen, ich pers\u00f6nlich finde das Modell ausgezeichnet, vor allem f\u00fcr die Unternehmensentwicklung. Gerade im Gesundheitswesen ist die Anwendung des Ansatzes relativ weit verbreitet. In unseren Beratungen greifen wir immer darauf zur\u00fcck, gerade bei der F\u00fchrungsausbildung. Viele Akteure haben das Modell einfach falsch eingesetzt. Quasi als Qualit\u00e4tsmanagementsystem. Aber das ist es nicht. Es ist mehr eine Denkweise, es hilft die relevanten Fragen zu stellen und mittels Best- Practice-Ans\u00e4tzen die eigene Organisation weiterzubringen<\/p>\n<p>&nbsp;<\/p>\n<p><em><strong>Was spielt im Beratungsbusiness noch eine Rolle?<\/strong><\/em><\/p>\n<p>In Unternehmen ist Six Sigma heute viel bedeutender als EFQM. Extern wie inhouse machen wir heute viel mehr Six-Sigma-Ausbildungen. Kaizen ist auch wieder ein Thema. Der Trend zu mehr Regulatorien schl\u00e4gt sich auch in unserer Beratungst\u00e4tigkeit nieder. Im Fokus stehen hier neben Medizintechnik und Gesundheitswesen auch die Themen Security und Safety.<\/p>\n<p>&nbsp;<\/p>\n<p><em><strong>Beratung bleibt eine Kernt\u00e4tigkeit?<\/strong> <\/em><\/p>\n<p>Sie ist Teil unseres Gesch\u00e4ftsmodells, umsatzm\u00e4ssig macht das etwa ein Viertel aus. Hauptbusiness ist die Bildung. Unsere Vision ist klar: Wir sind das f\u00fchrende Kompetenzzentrum f\u00fcr Qualit\u00e4t. Wir bef\u00e4higen und unterst\u00fctzen Personen und Unternehmen. Als Beratungsunternehmen kann man uns ersetzen, es gibt genug andere. Aber als Ausbildungsorganisation sind wir einzigartig. F\u00fcr Qualit\u00e4tssicherung zum Beispiel, die immer noch sehr wichtig ist, gibt es kaum Alternativen in der deutschsprachigen Schweiz.<\/p>\n<p>&nbsp;<\/p>\n<p><em><strong>Sp\u00fcrt SAQ-QUALICON die Wirtschaftsentwicklung?<\/strong> <\/em><\/p>\n<p>Ja nat\u00fcrlich. Es ist immer das gleiche Spiel. Wenn Kosten gespart werden, trifft das zuerst das Ausbildungsbudget. Weil man da noch nichts getan hat, was kurzfristig wehtun k\u00f6nnte. Der Effekt ist schon da: Industriekunden schicken weniger Leute in die Ausbildung. Aber das kompensieren wir mit neuen Zielgruppen und innovativen Angeboten im Dienstleistungsbereich.<\/p>\n<p>&nbsp;<\/p>\n<p><em><strong>Ohne neue Angebote ginge es nicht st\u00e4ndig aufw\u00e4rts?<\/strong> <\/em><\/p>\n<p>Jedes Produkt der SAQ-QUALICON hat einen Lebenszyklus. Neben unseren Klassikern gibt es h\u00e4ufig einen Hype und der verschwindet auch wieder. Deshalb m\u00fcssen wir dauernd neue Bed\u00fcrfnisse fr\u00fchzeitig erkennen. Zurzeit l\u00e4uft es extrem gut, wir sind super aufgestellt und haben sehr gute Mitarbeiterinnen und Mitarbeiter. Ein extrem professionelles Team. Deshalb bin ich sehr zuversichtlich.<\/p>\n<p>&nbsp;<\/p>\n<p><em><strong> Qualit\u00e4t verleiht immer noch Fl\u00fcgel?<\/strong> <\/em><\/p>\n<p>Ja. Wer Qualit\u00e4t liefert, hat im Markt klare Vorteile. Die Frauen und M\u00e4nner, die heute im Qualit\u00e4tsthema t\u00e4tig sind, die haben ein Label in der Berufsbezeichnung, das zeitlos ist. Und: Qualit\u00e4tsfachleute werden auch zuk\u00fcnftig immer gefragt sein. Beat H\u00e4fliger, vielen Dank f\u00fcr das Gespr\u00e4ch.<\/p>\n","protected":false},"excerpt":{"rendered":"<p>&nbsp; &nbsp; Die SAQ-QUALICON AG ist wirtschaftlich gut aufgestellt. Weshalb? Beat H\u00e4fliger: Ein Punkt ist entscheidend: Wir konnten uns in der Schweizer Bildungslandschaft etablieren. Wir bieten zusammen mit unseren Ausbildungspartnern eidgen\u00f6ssisch anerkannte Abschl\u00fcsse an. Das hat uns ganz neues Marktpotenzial erschlossen. &nbsp; Was sind das f\u00fcr Abschl\u00fcsse? Begonnen haben wir 2007 mit Nachdiplomen f\u00fcr Qualit\u00e4tsmanager [&hellip;]<\/p>\n","protected":false},"author":62,"featured_media":12376,"comment_status":"closed","ping_status":"closed","sticky":false,"template":"","format":"standard","meta":{"_acf_changed":false,"footnotes":""},"categories":[4448],"tags":[4799],"class_list":["post-12306","post","type-post","status-publish","format-standard","has-post-thumbnail","hentry","category-allgemein","tag-11-2015"],"acf":[],"yoast_head":"<!-- This site is optimized with the Yoast SEO plugin v26.2 - https:\/\/yoast.com\/wordpress\/plugins\/seo\/ -->\n<title>Permanent im Wandel - MQ Management und Qualit\u00e4t<\/title>\n<meta name=\"description\" content=\"Die SAQ-QUALICON AG hat einen guten Ruf in derSchweiz. Aus- und Weiterbildung im Qualit\u00e4tsbereichsind ihr Markenzeichen. Doch der Markt verlangtst\u00e4ndig Anpassungen und Innovationen. Seit 2007 istBeat H\u00e4fliger ihr Gesch\u00e4ftsf\u00fchrer. Im MQ-Interviewzeigt er auf, wo die Herausforderungen liegen.\" \/>\n<meta name=\"robots\" content=\"index, follow, max-snippet:-1, max-image-preview:large, max-video-preview:-1\" \/>\n<link rel=\"canonical\" href=\"https:\/\/www.m-q.ch\/de\/permanent-im-wandel\/\" \/>\n<meta property=\"og:locale\" content=\"de_DE\" \/>\n<meta property=\"og:type\" content=\"article\" \/>\n<meta property=\"og:title\" content=\"Permanent im Wandel - MQ Management und Qualit\u00e4t\" \/>\n<meta property=\"og:description\" content=\"Die SAQ-QUALICON AG hat einen guten Ruf in derSchweiz. Aus- und Weiterbildung im Qualit\u00e4tsbereichsind ihr Markenzeichen. Doch der Markt verlangtst\u00e4ndig Anpassungen und Innovationen. Seit 2007 istBeat H\u00e4fliger ihr Gesch\u00e4ftsf\u00fchrer. Im MQ-Interviewzeigt er auf, wo die Herausforderungen liegen.\" \/>\n<meta property=\"og:url\" content=\"https:\/\/www.m-q.ch\/de\/permanent-im-wandel\/\" \/>\n<meta property=\"og:site_name\" content=\"MQ Management und Qualit\u00e4t\" \/>\n<meta property=\"article:publisher\" content=\"https:\/\/www.facebook.com\/ManagementUndQualitaet\" \/>\n<meta property=\"article:published_time\" content=\"2015-11-03T10:54:50+00:00\" \/>\n<meta property=\"article:modified_time\" content=\"2021-02-16T14:13:45+00:00\" \/>\n<meta property=\"og:image\" content=\"https:\/\/www.m-q.ch\/wp-content\/uploads\/2021\/02\/Permanent-im-Wandel.jpg\" \/>\n\t<meta property=\"og:image:width\" content=\"810\" \/>\n\t<meta property=\"og:image:height\" content=\"1204\" \/>\n\t<meta property=\"og:image:type\" content=\"image\/jpeg\" \/>\n<meta name=\"author\" content=\"upwork_2\" \/>\n<meta name=\"twitter:card\" content=\"summary_large_image\" \/>\n<meta name=\"twitter:label1\" content=\"Verfasst von\" \/>\n\t<meta name=\"twitter:data1\" content=\"upwork_2\" \/>\n\t<meta name=\"twitter:label2\" content=\"Gesch\u00e4tzte Lesezeit\" \/>\n\t<meta name=\"twitter:data2\" content=\"10\u00a0Minuten\" \/>\n<script type=\"application\/ld+json\" class=\"yoast-schema-graph\">{\"@context\":\"https:\/\/schema.org\",\"@graph\":[{\"@type\":\"Article\",\"@id\":\"https:\/\/www.m-q.ch\/permanent-im-wandel\/#article\",\"isPartOf\":{\"@id\":\"https:\/\/www.m-q.ch\/permanent-im-wandel\/\"},\"author\":{\"name\":\"upwork_2\",\"@id\":\"https:\/\/www.m-q.ch\/fr\/#\/schema\/person\/71f647a41e4a3e361e6230f5134f3ba9\"},\"headline\":\"Permanent im Wandel\",\"datePublished\":\"2015-11-03T10:54:50+00:00\",\"dateModified\":\"2021-02-16T14:13:45+00:00\",\"mainEntityOfPage\":{\"@id\":\"https:\/\/www.m-q.ch\/permanent-im-wandel\/\"},\"wordCount\":1917,\"publisher\":{\"@id\":\"https:\/\/www.m-q.ch\/fr\/#organization\"},\"image\":{\"@id\":\"https:\/\/www.m-q.ch\/permanent-im-wandel\/#primaryimage\"},\"thumbnailUrl\":\"https:\/\/www.m-q.ch\/wp-content\/uploads\/2021\/02\/Permanent-im-Wandel.jpg\",\"keywords\":[\"11\/2015\"],\"inLanguage\":\"de\"},{\"@type\":\"WebPage\",\"@id\":\"https:\/\/www.m-q.ch\/permanent-im-wandel\/\",\"url\":\"https:\/\/www.m-q.ch\/permanent-im-wandel\/\",\"name\":\"Permanent im Wandel - MQ Management und Qualit\u00e4t\",\"isPartOf\":{\"@id\":\"https:\/\/www.m-q.ch\/fr\/#website\"},\"primaryImageOfPage\":{\"@id\":\"https:\/\/www.m-q.ch\/permanent-im-wandel\/#primaryimage\"},\"image\":{\"@id\":\"https:\/\/www.m-q.ch\/permanent-im-wandel\/#primaryimage\"},\"thumbnailUrl\":\"https:\/\/www.m-q.ch\/wp-content\/uploads\/2021\/02\/Permanent-im-Wandel.jpg\",\"datePublished\":\"2015-11-03T10:54:50+00:00\",\"dateModified\":\"2021-02-16T14:13:45+00:00\",\"description\":\"Die SAQ-QUALICON AG hat einen guten Ruf in derSchweiz. Aus- und Weiterbildung im Qualit\u00e4tsbereichsind ihr Markenzeichen. Doch der Markt verlangtst\u00e4ndig Anpassungen und Innovationen. Seit 2007 istBeat H\u00e4fliger ihr Gesch\u00e4ftsf\u00fchrer. Im MQ-Interviewzeigt er auf, wo die Herausforderungen liegen.\",\"breadcrumb\":{\"@id\":\"https:\/\/www.m-q.ch\/permanent-im-wandel\/#breadcrumb\"},\"inLanguage\":\"de\",\"potentialAction\":[{\"@type\":\"ReadAction\",\"target\":[\"https:\/\/www.m-q.ch\/permanent-im-wandel\/\"]}]},{\"@type\":\"ImageObject\",\"inLanguage\":\"de\",\"@id\":\"https:\/\/www.m-q.ch\/permanent-im-wandel\/#primaryimage\",\"url\":\"https:\/\/www.m-q.ch\/wp-content\/uploads\/2021\/02\/Permanent-im-Wandel.jpg\",\"contentUrl\":\"https:\/\/www.m-q.ch\/wp-content\/uploads\/2021\/02\/Permanent-im-Wandel.jpg\",\"width\":810,\"height\":1204,\"caption\":\"Permanent im Wandel\"},{\"@type\":\"BreadcrumbList\",\"@id\":\"https:\/\/www.m-q.ch\/permanent-im-wandel\/#breadcrumb\",\"itemListElement\":[{\"@type\":\"ListItem\",\"position\":1,\"name\":\"Allgemein\",\"item\":\"https:\/\/www.m-q.ch\/kategorie\/allgemein\/\"},{\"@type\":\"ListItem\",\"position\":2,\"name\":\"Permanent im Wandel\"}]},{\"@type\":\"WebSite\",\"@id\":\"https:\/\/www.m-q.ch\/fr\/#website\",\"url\":\"https:\/\/www.m-q.ch\/fr\/\",\"name\":\"MQ Management und Qualit\u00e4t\",\"description\":\"Plattform f\u00fcr integrierte Managementsysteme.\",\"publisher\":{\"@id\":\"https:\/\/www.m-q.ch\/fr\/#organization\"},\"potentialAction\":[{\"@type\":\"SearchAction\",\"target\":{\"@type\":\"EntryPoint\",\"urlTemplate\":\"https:\/\/www.m-q.ch\/fr\/?s={search_term_string}\"},\"query-input\":{\"@type\":\"PropertyValueSpecification\",\"valueRequired\":true,\"valueName\":\"search_term_string\"}}],\"inLanguage\":\"de\"},{\"@type\":\"Organization\",\"@id\":\"https:\/\/www.m-q.ch\/fr\/#organization\",\"name\":\"Galledia Fachmedien AG\",\"url\":\"https:\/\/www.m-q.ch\/fr\/\",\"logo\":{\"@type\":\"ImageObject\",\"inLanguage\":\"de\",\"@id\":\"https:\/\/www.m-q.ch\/fr\/#\/schema\/logo\/image\/\",\"url\":\"https:\/\/www.m-q.ch\/wp-content\/uploads\/2020\/12\/cropped-logo_small.png\",\"contentUrl\":\"https:\/\/www.m-q.ch\/wp-content\/uploads\/2020\/12\/cropped-logo_small.png\",\"width\":512,\"height\":512,\"caption\":\"Galledia Fachmedien AG\"},\"image\":{\"@id\":\"https:\/\/www.m-q.ch\/fr\/#\/schema\/logo\/image\/\"},\"sameAs\":[\"https:\/\/www.facebook.com\/ManagementUndQualitaet\",\"https:\/\/www.linkedin.com\/showcase\/17982321\/admin\/\"]},{\"@type\":\"Person\",\"@id\":\"https:\/\/www.m-q.ch\/fr\/#\/schema\/person\/71f647a41e4a3e361e6230f5134f3ba9\",\"name\":\"upwork_2\",\"image\":{\"@type\":\"ImageObject\",\"inLanguage\":\"de\",\"@id\":\"https:\/\/www.m-q.ch\/fr\/#\/schema\/person\/image\/\",\"url\":\"https:\/\/secure.gravatar.com\/avatar\/777b90ab56092bbf3c85feacda5c1bce?s=96&d=mm&r=g\",\"contentUrl\":\"https:\/\/secure.gravatar.com\/avatar\/777b90ab56092bbf3c85feacda5c1bce?s=96&d=mm&r=g\",\"caption\":\"upwork_2\"},\"url\":\"https:\/\/www.m-q.ch\/de\/author\/upwork_2\/\"}]}<\/script>\n<!-- \/ Yoast SEO plugin. -->","yoast_head_json":{"title":"Permanent im Wandel - MQ Management und Qualit\u00e4t","description":"Die SAQ-QUALICON AG hat einen guten Ruf in derSchweiz. Aus- und Weiterbildung im Qualit\u00e4tsbereichsind ihr Markenzeichen. Doch der Markt verlangtst\u00e4ndig Anpassungen und Innovationen. Seit 2007 istBeat H\u00e4fliger ihr Gesch\u00e4ftsf\u00fchrer. Im MQ-Interviewzeigt er auf, wo die Herausforderungen liegen.","robots":{"index":"index","follow":"follow","max-snippet":"max-snippet:-1","max-image-preview":"max-image-preview:large","max-video-preview":"max-video-preview:-1"},"canonical":"https:\/\/www.m-q.ch\/de\/permanent-im-wandel\/","og_locale":"de_DE","og_type":"article","og_title":"Permanent im Wandel - MQ Management und Qualit\u00e4t","og_description":"Die SAQ-QUALICON AG hat einen guten Ruf in derSchweiz. Aus- und Weiterbildung im Qualit\u00e4tsbereichsind ihr Markenzeichen. Doch der Markt verlangtst\u00e4ndig Anpassungen und Innovationen. Seit 2007 istBeat H\u00e4fliger ihr Gesch\u00e4ftsf\u00fchrer. Im MQ-Interviewzeigt er auf, wo die Herausforderungen liegen.","og_url":"https:\/\/www.m-q.ch\/de\/permanent-im-wandel\/","og_site_name":"MQ Management und Qualit\u00e4t","article_publisher":"https:\/\/www.facebook.com\/ManagementUndQualitaet","article_published_time":"2015-11-03T10:54:50+00:00","article_modified_time":"2021-02-16T14:13:45+00:00","og_image":[{"width":810,"height":1204,"url":"https:\/\/www.m-q.ch\/wp-content\/uploads\/2021\/02\/Permanent-im-Wandel.jpg","type":"image\/jpeg"}],"author":"upwork_2","twitter_card":"summary_large_image","twitter_misc":{"Verfasst von":"upwork_2","Gesch\u00e4tzte Lesezeit":"10\u00a0Minuten"},"schema":{"@context":"https:\/\/schema.org","@graph":[{"@type":"Article","@id":"https:\/\/www.m-q.ch\/permanent-im-wandel\/#article","isPartOf":{"@id":"https:\/\/www.m-q.ch\/permanent-im-wandel\/"},"author":{"name":"upwork_2","@id":"https:\/\/www.m-q.ch\/fr\/#\/schema\/person\/71f647a41e4a3e361e6230f5134f3ba9"},"headline":"Permanent im Wandel","datePublished":"2015-11-03T10:54:50+00:00","dateModified":"2021-02-16T14:13:45+00:00","mainEntityOfPage":{"@id":"https:\/\/www.m-q.ch\/permanent-im-wandel\/"},"wordCount":1917,"publisher":{"@id":"https:\/\/www.m-q.ch\/fr\/#organization"},"image":{"@id":"https:\/\/www.m-q.ch\/permanent-im-wandel\/#primaryimage"},"thumbnailUrl":"https:\/\/www.m-q.ch\/wp-content\/uploads\/2021\/02\/Permanent-im-Wandel.jpg","keywords":["11\/2015"],"inLanguage":"de"},{"@type":"WebPage","@id":"https:\/\/www.m-q.ch\/permanent-im-wandel\/","url":"https:\/\/www.m-q.ch\/permanent-im-wandel\/","name":"Permanent im Wandel - MQ Management und Qualit\u00e4t","isPartOf":{"@id":"https:\/\/www.m-q.ch\/fr\/#website"},"primaryImageOfPage":{"@id":"https:\/\/www.m-q.ch\/permanent-im-wandel\/#primaryimage"},"image":{"@id":"https:\/\/www.m-q.ch\/permanent-im-wandel\/#primaryimage"},"thumbnailUrl":"https:\/\/www.m-q.ch\/wp-content\/uploads\/2021\/02\/Permanent-im-Wandel.jpg","datePublished":"2015-11-03T10:54:50+00:00","dateModified":"2021-02-16T14:13:45+00:00","description":"Die SAQ-QUALICON AG hat einen guten Ruf in derSchweiz. Aus- und Weiterbildung im Qualit\u00e4tsbereichsind ihr Markenzeichen. Doch der Markt verlangtst\u00e4ndig Anpassungen und Innovationen. Seit 2007 istBeat H\u00e4fliger ihr Gesch\u00e4ftsf\u00fchrer. Im MQ-Interviewzeigt er auf, wo die Herausforderungen liegen.","breadcrumb":{"@id":"https:\/\/www.m-q.ch\/permanent-im-wandel\/#breadcrumb"},"inLanguage":"de","potentialAction":[{"@type":"ReadAction","target":["https:\/\/www.m-q.ch\/permanent-im-wandel\/"]}]},{"@type":"ImageObject","inLanguage":"de","@id":"https:\/\/www.m-q.ch\/permanent-im-wandel\/#primaryimage","url":"https:\/\/www.m-q.ch\/wp-content\/uploads\/2021\/02\/Permanent-im-Wandel.jpg","contentUrl":"https:\/\/www.m-q.ch\/wp-content\/uploads\/2021\/02\/Permanent-im-Wandel.jpg","width":810,"height":1204,"caption":"Permanent im Wandel"},{"@type":"BreadcrumbList","@id":"https:\/\/www.m-q.ch\/permanent-im-wandel\/#breadcrumb","itemListElement":[{"@type":"ListItem","position":1,"name":"Allgemein","item":"https:\/\/www.m-q.ch\/kategorie\/allgemein\/"},{"@type":"ListItem","position":2,"name":"Permanent im Wandel"}]},{"@type":"WebSite","@id":"https:\/\/www.m-q.ch\/fr\/#website","url":"https:\/\/www.m-q.ch\/fr\/","name":"MQ Management und Qualit\u00e4t","description":"Plattform f\u00fcr integrierte Managementsysteme.","publisher":{"@id":"https:\/\/www.m-q.ch\/fr\/#organization"},"potentialAction":[{"@type":"SearchAction","target":{"@type":"EntryPoint","urlTemplate":"https:\/\/www.m-q.ch\/fr\/?s={search_term_string}"},"query-input":{"@type":"PropertyValueSpecification","valueRequired":true,"valueName":"search_term_string"}}],"inLanguage":"de"},{"@type":"Organization","@id":"https:\/\/www.m-q.ch\/fr\/#organization","name":"Galledia Fachmedien AG","url":"https:\/\/www.m-q.ch\/fr\/","logo":{"@type":"ImageObject","inLanguage":"de","@id":"https:\/\/www.m-q.ch\/fr\/#\/schema\/logo\/image\/","url":"https:\/\/www.m-q.ch\/wp-content\/uploads\/2020\/12\/cropped-logo_small.png","contentUrl":"https:\/\/www.m-q.ch\/wp-content\/uploads\/2020\/12\/cropped-logo_small.png","width":512,"height":512,"caption":"Galledia Fachmedien AG"},"image":{"@id":"https:\/\/www.m-q.ch\/fr\/#\/schema\/logo\/image\/"},"sameAs":["https:\/\/www.facebook.com\/ManagementUndQualitaet","https:\/\/www.linkedin.com\/showcase\/17982321\/admin\/"]},{"@type":"Person","@id":"https:\/\/www.m-q.ch\/fr\/#\/schema\/person\/71f647a41e4a3e361e6230f5134f3ba9","name":"upwork_2","image":{"@type":"ImageObject","inLanguage":"de","@id":"https:\/\/www.m-q.ch\/fr\/#\/schema\/person\/image\/","url":"https:\/\/secure.gravatar.com\/avatar\/777b90ab56092bbf3c85feacda5c1bce?s=96&d=mm&r=g","contentUrl":"https:\/\/secure.gravatar.com\/avatar\/777b90ab56092bbf3c85feacda5c1bce?s=96&d=mm&r=g","caption":"upwork_2"},"url":"https:\/\/www.m-q.ch\/de\/author\/upwork_2\/"}]}},"_links":{"self":[{"href":"https:\/\/www.m-q.ch\/de\/wp-json\/wp\/v2\/posts\/12306","targetHints":{"allow":["GET"]}}],"collection":[{"href":"https:\/\/www.m-q.ch\/de\/wp-json\/wp\/v2\/posts"}],"about":[{"href":"https:\/\/www.m-q.ch\/de\/wp-json\/wp\/v2\/types\/post"}],"author":[{"embeddable":true,"href":"https:\/\/www.m-q.ch\/de\/wp-json\/wp\/v2\/users\/62"}],"replies":[{"embeddable":true,"href":"https:\/\/www.m-q.ch\/de\/wp-json\/wp\/v2\/comments?post=12306"}],"version-history":[{"count":1,"href":"https:\/\/www.m-q.ch\/de\/wp-json\/wp\/v2\/posts\/12306\/revisions"}],"predecessor-version":[{"id":12382,"href":"https:\/\/www.m-q.ch\/de\/wp-json\/wp\/v2\/posts\/12306\/revisions\/12382"}],"wp:featuredmedia":[{"embeddable":true,"href":"https:\/\/www.m-q.ch\/de\/wp-json\/wp\/v2\/media\/12376"}],"wp:attachment":[{"href":"https:\/\/www.m-q.ch\/de\/wp-json\/wp\/v2\/media?parent=12306"}],"wp:term":[{"taxonomy":"category","embeddable":true,"href":"https:\/\/www.m-q.ch\/de\/wp-json\/wp\/v2\/categories?post=12306"},{"taxonomy":"post_tag","embeddable":true,"href":"https:\/\/www.m-q.ch\/de\/wp-json\/wp\/v2\/tags?post=12306"}],"curies":[{"name":"wp","href":"https:\/\/api.w.org\/{rel}","templated":true}]}}